{"id":24059,"date":"2021-10-27T09:08:16","date_gmt":"2021-10-27T12:08:16","guid":{"rendered":"https:\/\/wpsandbox4.pante.com.br\/?p=24059"},"modified":"2021-10-27T09:08:16","modified_gmt":"2021-10-27T12:08:16","slug":"uso-de-mascara-ao-ar-livre-nao-sera-obrigatorio-no-df-a-partir-de-03-11","status":"publish","type":"post","link":"https:\/\/uvbbrasil.com.br\/uso-de-mascara-ao-ar-livre-nao-sera-obrigatorio-no-df-a-partir-de-03-11\/","title":{"rendered":"Uso de m\u00e1scara ao ar livre n\u00e3o ser\u00e1 obrigat\u00f3rio no DF a partir de 03\/11"},"content":{"rendered":"<p>Novidade foi anunciada em edi\u00e7\u00e3o extra do DODF nesta ter\u00e7a-feira (26\/10)<\/p>\n<p>A popula\u00e7\u00e3o do Distrito Federal n\u00e3o ser\u00e1 mais obrigada a utilizar m\u00e1scaras de prote\u00e7\u00e3o facial ao ar livre a partir do dia 3 de novembro. A nova medida foi anunciada nesta ter\u00e7a-feira (26\/10), em edi\u00e7\u00e3o extra do Di\u00e1rio Oficial do DF (DODF)<\/p>\n<p class=\"texto\">O decreto publicado destaca, por\u00e9m, que o item permanece <a href=\"https:\/\/www.correiobraziliense.com.br\/cidades-df\/2021\/10\/4953763-seguimos-de-mascara-ate-atingir-70-da-populacao-vacinada-diz-ibaneis.html\">necess\u00e1rio em outros\u00a0tipos de ambientes<\/a>, inclusive condom\u00ednios, com\u00e9rcios e no transporte coletivo.<\/p>\n<p class=\"texto\">&#8220;Fica determinada a obrigatoriedade da utiliza\u00e7\u00e3o de m\u00e1scaras de prote\u00e7\u00e3o facial, conforme orienta\u00e7\u00f5es da Secretaria de Estado de Sa\u00fade do Distrito Federal, em todos os espa\u00e7os p\u00fablicos fechados, equipamentos de transporte p\u00fablico coletivo, estabelecimentos comerciais, industriais e de servi\u00e7os e nas \u00e1reas de uso comum dos condom\u00ednios residenciais e comerciais, no \u00e2mbito do Distrito Federal, sem preju\u00edzo das recomenda\u00e7\u00f5es de isolamento social e daquelas expedidas pelas autoridades sanit\u00e1rias&#8221;, detalha o texto.<\/p>\n<p class=\"texto\">O uso de m\u00e1scaras \u00e9 obrigat\u00f3rio no DF desde abril de 2020, como medida para evitar a dissemina\u00e7\u00e3o do novo coronav\u00edrus. Em setembro, Ibaneis chegou a afirmar que s\u00f3 discutiria o n\u00e3o de m\u00e1scaras quando 70% da popula\u00e7\u00e3o de 3 milh\u00f5es do DF estivesse vacinada com duas doses. Atualmente, h\u00e1 51% da popula\u00e7\u00e3o com o ciclo vacinal completo.<\/p>\n<p><a href=\"https:\/\/uvbbrasil.com.br\/?attachment_id=24062\" rel=\"attachment wp-att-24062\"><img fetchpriority=\"high\" decoding=\"async\" class=\"aligncenter size-full wp-image-24062\" src=\"https:\/\/uvbbrasil.com.br\/wp-content\/uploads\/2021\/10\/ibaneis.jpg\" alt=\"\" width=\"696\" height=\"390\" srcset=\"https:\/\/uvbbrasil.com.br\/wp-content\/uploads\/2021\/10\/ibaneis.jpg 696w, https:\/\/uvbbrasil.com.br\/wp-content\/uploads\/2021\/10\/ibaneis-300x168.jpg 300w\" sizes=\"(max-width: 696px) 100vw, 696px\" \/><\/a><\/p>\n","protected":false},"excerpt":{"rendered":"<p>Novidade foi anunciada em edi\u00e7\u00e3o extra do DODF nesta ter\u00e7a-feira (26\/10) A popula\u00e7\u00e3o do Distrito Federal n\u00e3o ser\u00e1 mais obrigada&#8230;<\/p>\n","protected":false},"author":1,"featured_media":24062,"comment_status":"open","ping_status":"open","sticky":false,"template":"","format":"standard","meta":{"footnotes":""},"categories":[3],"tags":[],"class_list":["post-24059","post","type-post","status-publish","format-standard","has-post-thumbnail","hentry","category-noticias"],"yoast_head":"<!-- This site is optimized with the Yoast SEO plugin v26.7 - https:\/\/yoast.com\/wordpress\/plugins\/seo\/ -->\n<title>Uso de m\u00e1scara ao ar livre n\u00e3o ser\u00e1 obrigat\u00f3rio no DF a partir de 03\/11 - UVB Brasil<\/title>\n<meta name=\"robots\" content=\"index, follow, max-snippet:-1, max-image-preview:large, max-video-preview:-1\" \/>\n<link rel=\"canonical\" href=\"https:\/\/uvbbrasil.com.br\/uso-de-mascara-ao-ar-livre-nao-sera-obrigatorio-no-df-a-partir-de-03-11\/\" \/>\n<meta property=\"og:locale\" content=\"pt_BR\" \/>\n<meta property=\"og:type\" content=\"article\" \/>\n<meta property=\"og:title\" content=\"Uso de m\u00e1scara ao ar livre n\u00e3o ser\u00e1 obrigat\u00f3rio no DF a partir de 03\/11 - UVB Brasil\" \/>\n<meta property=\"og:description\" content=\"Novidade foi anunciada em edi\u00e7\u00e3o extra do DODF nesta ter\u00e7a-feira (26\/10) A popula\u00e7\u00e3o do Distrito Federal n\u00e3o ser\u00e1 mais obrigada...\" \/>\n<meta property=\"og:url\" content=\"https:\/\/uvbbrasil.com.br\/uso-de-mascara-ao-ar-livre-nao-sera-obrigatorio-no-df-a-partir-de-03-11\/\" \/>\n<meta property=\"og:site_name\" content=\"UVB Brasil\" \/>\n<meta property=\"article:publisher\" content=\"https:\/\/www.facebook.com\/uvb.vereadoresbrasil\" \/>\n<meta property=\"article:published_time\" content=\"2021-10-27T12:08:16+00:00\" \/>\n<meta property=\"og:image\" content=\"https:\/\/uvbbrasil.com.br\/wp-content\/uploads\/2021\/10\/ibaneis.jpg\" \/>\n\t<meta property=\"og:image:width\" content=\"696\" \/>\n\t<meta property=\"og:image:height\" content=\"390\" \/>\n\t<meta property=\"og:image:type\" content=\"image\/jpeg\" \/>\n<meta name=\"author\" content=\"adminuvb\" \/>\n<meta name=\"twitter:card\" content=\"summary_large_image\" \/>\n<meta name=\"twitter:label1\" content=\"Escrito por\" \/>\n\t<meta name=\"twitter:data1\" content=\"adminuvb\" \/>\n\t<meta name=\"twitter:label2\" content=\"Est. tempo de leitura\" \/>\n\t<meta name=\"twitter:data2\" content=\"2 minutos\" \/>\n<script type=\"application\/ld+json\" class=\"yoast-schema-graph\">{\"@context\":\"https:\/\/schema.org\",\"@graph\":[{\"@type\":\"Article\",\"@id\":\"https:\/\/uvbbrasil.com.br\/uso-de-mascara-ao-ar-livre-nao-sera-obrigatorio-no-df-a-partir-de-03-11\/#article\",\"isPartOf\":{\"@id\":\"https:\/\/uvbbrasil.com.br\/uso-de-mascara-ao-ar-livre-nao-sera-obrigatorio-no-df-a-partir-de-03-11\/\"},\"author\":{\"name\":\"adminuvb\",\"@id\":\"https:\/\/uvbbrasil.com.br\/#\/schema\/person\/17990098446c098f52effddff4f1b272\"},\"headline\":\"Uso de m\u00e1scara ao ar livre n\u00e3o ser\u00e1 obrigat\u00f3rio no DF a partir de 03\/11\",\"datePublished\":\"2021-10-27T12:08:16+00:00\",\"mainEntityOfPage\":{\"@id\":\"https:\/\/uvbbrasil.com.br\/uso-de-mascara-ao-ar-livre-nao-sera-obrigatorio-no-df-a-partir-de-03-11\/\"},\"wordCount\":248,\"commentCount\":0,\"publisher\":{\"@id\":\"https:\/\/uvbbrasil.com.br\/#organization\"},\"image\":{\"@id\":\"https:\/\/uvbbrasil.com.br\/uso-de-mascara-ao-ar-livre-nao-sera-obrigatorio-no-df-a-partir-de-03-11\/#primaryimage\"},\"thumbnailUrl\":\"https:\/\/uvbbrasil.com.br\/wp-content\/uploads\/2021\/10\/ibaneis.jpg\",\"articleSection\":[\"NOT\u00cdCIAS\"],\"inLanguage\":\"pt-BR\",\"potentialAction\":[{\"@type\":\"CommentAction\",\"name\":\"Comment\",\"target\":[\"https:\/\/uvbbrasil.com.br\/uso-de-mascara-ao-ar-livre-nao-sera-obrigatorio-no-df-a-partir-de-03-11\/#respond\"]}]},{\"@type\":\"WebPage\",\"@id\":\"https:\/\/uvbbrasil.com.br\/uso-de-mascara-ao-ar-livre-nao-sera-obrigatorio-no-df-a-partir-de-03-11\/\",\"url\":\"https:\/\/uvbbrasil.com.br\/uso-de-mascara-ao-ar-livre-nao-sera-obrigatorio-no-df-a-partir-de-03-11\/\",\"name\":\"Uso de m\u00e1scara ao ar livre n\u00e3o ser\u00e1 obrigat\u00f3rio no DF a partir de 03\/11 - UVB Brasil\",\"isPartOf\":{\"@id\":\"https:\/\/uvbbrasil.com.br\/#website\"},\"primaryImageOfPage\":{\"@id\":\"https:\/\/uvbbrasil.com.br\/uso-de-mascara-ao-ar-livre-nao-sera-obrigatorio-no-df-a-partir-de-03-11\/#primaryimage\"},\"image\":{\"@id\":\"https:\/\/uvbbrasil.com.br\/uso-de-mascara-ao-ar-livre-nao-sera-obrigatorio-no-df-a-partir-de-03-11\/#primaryimage\"},\"thumbnailUrl\":\"https:\/\/uvbbrasil.com.br\/wp-content\/uploads\/2021\/10\/ibaneis.jpg\",\"datePublished\":\"2021-10-27T12:08:16+00:00\",\"breadcrumb\":{\"@id\":\"https:\/\/uvbbrasil.com.br\/uso-de-mascara-ao-ar-livre-nao-sera-obrigatorio-no-df-a-partir-de-03-11\/#breadcrumb\"},\"inLanguage\":\"pt-BR\",\"potentialAction\":[{\"@type\":\"ReadAction\",\"target\":[\"https:\/\/uvbbrasil.com.br\/uso-de-mascara-ao-ar-livre-nao-sera-obrigatorio-no-df-a-partir-de-03-11\/\"]}]},{\"@type\":\"ImageObject\",\"inLanguage\":\"pt-BR\",\"@id\":\"https:\/\/uvbbrasil.com.br\/uso-de-mascara-ao-ar-livre-nao-sera-obrigatorio-no-df-a-partir-de-03-11\/#primaryimage\",\"url\":\"https:\/\/uvbbrasil.com.br\/wp-content\/uploads\/2021\/10\/ibaneis.jpg\",\"contentUrl\":\"https:\/\/uvbbrasil.com.br\/wp-content\/uploads\/2021\/10\/ibaneis.jpg\",\"width\":696,\"height\":390},{\"@type\":\"BreadcrumbList\",\"@id\":\"https:\/\/uvbbrasil.com.br\/uso-de-mascara-ao-ar-livre-nao-sera-obrigatorio-no-df-a-partir-de-03-11\/#breadcrumb\",\"itemListElement\":[{\"@type\":\"ListItem\",\"position\":1,\"name\":\"In\u00edcio\",\"item\":\"https:\/\/uvbbrasil.com.br\/\"},{\"@type\":\"ListItem\",\"position\":2,\"name\":\"Uso de m\u00e1scara ao ar livre n\u00e3o ser\u00e1 obrigat\u00f3rio no DF a partir de 03\/11\"}]},{\"@type\":\"WebSite\",\"@id\":\"https:\/\/uvbbrasil.com.br\/#website\",\"url\":\"https:\/\/uvbbrasil.com.br\/\",\"name\":\"UVB Brasil\",\"description\":\"Uni\u00e3o dos Vereadores do Brasil\",\"publisher\":{\"@id\":\"https:\/\/uvbbrasil.com.br\/#organization\"},\"potentialAction\":[{\"@type\":\"SearchAction\",\"target\":{\"@type\":\"EntryPoint\",\"urlTemplate\":\"https:\/\/uvbbrasil.com.br\/?s={search_term_string}\"},\"query-input\":{\"@type\":\"PropertyValueSpecification\",\"valueRequired\":true,\"valueName\":\"search_term_string\"}}],\"inLanguage\":\"pt-BR\"},{\"@type\":\"Organization\",\"@id\":\"https:\/\/uvbbrasil.com.br\/#organization\",\"name\":\"UVB Brasil\",\"url\":\"https:\/\/uvbbrasil.com.br\/\",\"logo\":{\"@type\":\"ImageObject\",\"inLanguage\":\"pt-BR\",\"@id\":\"https:\/\/uvbbrasil.com.br\/#\/schema\/logo\/image\/\",\"url\":\"https:\/\/uvbbrasil.com.br\/wp-content\/uploads\/2025\/01\/LOGO-UVB-2024-azul-1.jpg\",\"contentUrl\":\"https:\/\/uvbbrasil.com.br\/wp-content\/uploads\/2025\/01\/LOGO-UVB-2024-azul-1.jpg\",\"width\":600,\"height\":211,\"caption\":\"UVB Brasil\"},\"image\":{\"@id\":\"https:\/\/uvbbrasil.com.br\/#\/schema\/logo\/image\/\"},\"sameAs\":[\"https:\/\/www.facebook.com\/uvb.vereadoresbrasil\",\"https:\/\/www.instagram.com\/uvbbrasil\/\",\"https:\/\/www.youtube.com\/channel\/UCIlPQ8Xzw5GHNzosQIg9S5A\"]},{\"@type\":\"Person\",\"@id\":\"https:\/\/uvbbrasil.com.br\/#\/schema\/person\/17990098446c098f52effddff4f1b272\",\"name\":\"adminuvb\",\"image\":{\"@type\":\"ImageObject\",\"inLanguage\":\"pt-BR\",\"@id\":\"https:\/\/uvbbrasil.com.br\/#\/schema\/person\/image\/\",\"url\":\"https:\/\/secure.gravatar.com\/avatar\/1a494ea6f8e2dd1ae526e55b0e9497efdba542491e0620d704cccf63c6f77c45?s=96&d=mm&r=g\",\"contentUrl\":\"https:\/\/secure.gravatar.com\/avatar\/1a494ea6f8e2dd1ae526e55b0e9497efdba542491e0620d704cccf63c6f77c45?s=96&d=mm&r=g\",\"caption\":\"adminuvb\"},\"sameAs\":[\"https:\/\/uvbbrasil.com.br\"],\"url\":\"https:\/\/uvbbrasil.com.br\/author\/adminuvb\/\"}]}<\/script>\n<!-- \/ Yoast SEO plugin. -->","yoast_head_json":{"title":"Uso de m\u00e1scara ao ar livre n\u00e3o ser\u00e1 obrigat\u00f3rio no DF a partir de 03\/11 - UVB Brasil","robots":{"index":"index","follow":"follow","max-snippet":"max-snippet:-1","max-image-preview":"max-image-preview:large","max-video-preview":"max-video-preview:-1"},"canonical":"https:\/\/uvbbrasil.com.br\/uso-de-mascara-ao-ar-livre-nao-sera-obrigatorio-no-df-a-partir-de-03-11\/","og_locale":"pt_BR","og_type":"article","og_title":"Uso de m\u00e1scara ao ar livre n\u00e3o ser\u00e1 obrigat\u00f3rio no DF a partir de 03\/11 - UVB Brasil","og_description":"Novidade foi anunciada em edi\u00e7\u00e3o extra do DODF nesta ter\u00e7a-feira (26\/10) A popula\u00e7\u00e3o do Distrito Federal n\u00e3o ser\u00e1 mais obrigada...","og_url":"https:\/\/uvbbrasil.com.br\/uso-de-mascara-ao-ar-livre-nao-sera-obrigatorio-no-df-a-partir-de-03-11\/","og_site_name":"UVB Brasil","article_publisher":"https:\/\/www.facebook.com\/uvb.vereadoresbrasil","article_published_time":"2021-10-27T12:08:16+00:00","og_image":[{"width":696,"height":390,"url":"https:\/\/uvbbrasil.com.br\/wp-content\/uploads\/2021\/10\/ibaneis.jpg","type":"image\/jpeg"}],"author":"adminuvb","twitter_card":"summary_large_image","twitter_misc":{"Escrito por":"adminuvb","Est. tempo de leitura":"2 minutos"},"schema":{"@context":"https:\/\/schema.org","@graph":[{"@type":"Article","@id":"https:\/\/uvbbrasil.com.br\/uso-de-mascara-ao-ar-livre-nao-sera-obrigatorio-no-df-a-partir-de-03-11\/#article","isPartOf":{"@id":"https:\/\/uvbbrasil.com.br\/uso-de-mascara-ao-ar-livre-nao-sera-obrigatorio-no-df-a-partir-de-03-11\/"},"author":{"name":"adminuvb","@id":"https:\/\/uvbbrasil.com.br\/#\/schema\/person\/17990098446c098f52effddff4f1b272"},"headline":"Uso de m\u00e1scara ao ar livre n\u00e3o ser\u00e1 obrigat\u00f3rio no DF a partir de 03\/11","datePublished":"2021-10-27T12:08:16+00:00","mainEntityOfPage":{"@id":"https:\/\/uvbbrasil.com.br\/uso-de-mascara-ao-ar-livre-nao-sera-obrigatorio-no-df-a-partir-de-03-11\/"},"wordCount":248,"commentCount":0,"publisher":{"@id":"https:\/\/uvbbrasil.com.br\/#organization"},"image":{"@id":"https:\/\/uvbbrasil.com.br\/uso-de-mascara-ao-ar-livre-nao-sera-obrigatorio-no-df-a-partir-de-03-11\/#primaryimage"},"thumbnailUrl":"https:\/\/uvbbrasil.com.br\/wp-content\/uploads\/2021\/10\/ibaneis.jpg","articleSection":["NOT\u00cdCIAS"],"inLanguage":"pt-BR","potentialAction":[{"@type":"CommentAction","name":"Comment","target":["https:\/\/uvbbrasil.com.br\/uso-de-mascara-ao-ar-livre-nao-sera-obrigatorio-no-df-a-partir-de-03-11\/#respond"]}]},{"@type":"WebPage","@id":"https:\/\/uvbbrasil.com.br\/uso-de-mascara-ao-ar-livre-nao-sera-obrigatorio-no-df-a-partir-de-03-11\/","url":"https:\/\/uvbbrasil.com.br\/uso-de-mascara-ao-ar-livre-nao-sera-obrigatorio-no-df-a-partir-de-03-11\/","name":"Uso de m\u00e1scara ao ar livre n\u00e3o ser\u00e1 obrigat\u00f3rio no DF a partir de 03\/11 - UVB Brasil","isPartOf":{"@id":"https:\/\/uvbbrasil.com.br\/#website"},"primaryImageOfPage":{"@id":"https:\/\/uvbbrasil.com.br\/uso-de-mascara-ao-ar-livre-nao-sera-obrigatorio-no-df-a-partir-de-03-11\/#primaryimage"},"image":{"@id":"https:\/\/uvbbrasil.com.br\/uso-de-mascara-ao-ar-livre-nao-sera-obrigatorio-no-df-a-partir-de-03-11\/#primaryimage"},"thumbnailUrl":"https:\/\/uvbbrasil.com.br\/wp-content\/uploads\/2021\/10\/ibaneis.jpg","datePublished":"2021-10-27T12:08:16+00:00","breadcrumb":{"@id":"https:\/\/uvbbrasil.com.br\/uso-de-mascara-ao-ar-livre-nao-sera-obrigatorio-no-df-a-partir-de-03-11\/#breadcrumb"},"inLanguage":"pt-BR","potentialAction":[{"@type":"ReadAction","target":["https:\/\/uvbbrasil.com.br\/uso-de-mascara-ao-ar-livre-nao-sera-obrigatorio-no-df-a-partir-de-03-11\/"]}]},{"@type":"ImageObject","inLanguage":"pt-BR","@id":"https:\/\/uvbbrasil.com.br\/uso-de-mascara-ao-ar-livre-nao-sera-obrigatorio-no-df-a-partir-de-03-11\/#primaryimage","url":"https:\/\/uvbbrasil.com.br\/wp-content\/uploads\/2021\/10\/ibaneis.jpg","contentUrl":"https:\/\/uvbbrasil.com.br\/wp-content\/uploads\/2021\/10\/ibaneis.jpg","width":696,"height":390},{"@type":"BreadcrumbList","@id":"https:\/\/uvbbrasil.com.br\/uso-de-mascara-ao-ar-livre-nao-sera-obrigatorio-no-df-a-partir-de-03-11\/#breadcrumb","itemListElement":[{"@type":"ListItem","position":1,"name":"In\u00edcio","item":"https:\/\/uvbbrasil.com.br\/"},{"@type":"ListItem","position":2,"name":"Uso de m\u00e1scara ao ar livre n\u00e3o ser\u00e1 obrigat\u00f3rio no DF a partir de 03\/11"}]},{"@type":"WebSite","@id":"https:\/\/uvbbrasil.com.br\/#website","url":"https:\/\/uvbbrasil.com.br\/","name":"UVB Brasil","description":"Uni\u00e3o dos Vereadores do Brasil","publisher":{"@id":"https:\/\/uvbbrasil.com.br\/#organization"},"potentialAction":[{"@type":"SearchAction","target":{"@type":"EntryPoint","urlTemplate":"https:\/\/uvbbrasil.com.br\/?s={search_term_string}"},"query-input":{"@type":"PropertyValueSpecification","valueRequired":true,"valueName":"search_term_string"}}],"inLanguage":"pt-BR"},{"@type":"Organization","@id":"https:\/\/uvbbrasil.com.br\/#organization","name":"UVB Brasil","url":"https:\/\/uvbbrasil.com.br\/","logo":{"@type":"ImageObject","inLanguage":"pt-BR","@id":"https:\/\/uvbbrasil.com.br\/#\/schema\/logo\/image\/","url":"https:\/\/uvbbrasil.com.br\/wp-content\/uploads\/2025\/01\/LOGO-UVB-2024-azul-1.jpg","contentUrl":"https:\/\/uvbbrasil.com.br\/wp-content\/uploads\/2025\/01\/LOGO-UVB-2024-azul-1.jpg","width":600,"height":211,"caption":"UVB Brasil"},"image":{"@id":"https:\/\/uvbbrasil.com.br\/#\/schema\/logo\/image\/"},"sameAs":["https:\/\/www.facebook.com\/uvb.vereadoresbrasil","https:\/\/www.instagram.com\/uvbbrasil\/","https:\/\/www.youtube.com\/channel\/UCIlPQ8Xzw5GHNzosQIg9S5A"]},{"@type":"Person","@id":"https:\/\/uvbbrasil.com.br\/#\/schema\/person\/17990098446c098f52effddff4f1b272","name":"adminuvb","image":{"@type":"ImageObject","inLanguage":"pt-BR","@id":"https:\/\/uvbbrasil.com.br\/#\/schema\/person\/image\/","url":"https:\/\/secure.gravatar.com\/avatar\/1a494ea6f8e2dd1ae526e55b0e9497efdba542491e0620d704cccf63c6f77c45?s=96&d=mm&r=g","contentUrl":"https:\/\/secure.gravatar.com\/avatar\/1a494ea6f8e2dd1ae526e55b0e9497efdba542491e0620d704cccf63c6f77c45?s=96&d=mm&r=g","caption":"adminuvb"},"sameAs":["https:\/\/uvbbrasil.com.br"],"url":"https:\/\/uvbbrasil.com.br\/author\/adminuvb\/"}]}},"_links":{"self":[{"href":"https:\/\/uvbbrasil.com.br\/uvb-json\/wp\/v2\/posts\/24059","targetHints":{"allow":["GET"]}}],"collection":[{"href":"https:\/\/uvbbrasil.com.br\/uvb-json\/wp\/v2\/posts"}],"about":[{"href":"https:\/\/uvbbrasil.com.br\/uvb-json\/wp\/v2\/types\/post"}],"author":[{"embeddable":true,"href":"https:\/\/uvbbrasil.com.br\/uvb-json\/wp\/v2\/users\/1"}],"replies":[{"embeddable":true,"href":"https:\/\/uvbbrasil.com.br\/uvb-json\/wp\/v2\/comments?post=24059"}],"version-history":[{"count":0,"href":"https:\/\/uvbbrasil.com.br\/uvb-json\/wp\/v2\/posts\/24059\/revisions"}],"wp:featuredmedia":[{"embeddable":true,"href":"https:\/\/uvbbrasil.com.br\/uvb-json\/wp\/v2\/media\/24062"}],"wp:attachment":[{"href":"https:\/\/uvbbrasil.com.br\/uvb-json\/wp\/v2\/media?parent=24059"}],"wp:term":[{"taxonomy":"category","embeddable":true,"href":"https:\/\/uvbbrasil.com.br\/uvb-json\/wp\/v2\/categories?post=24059"},{"taxonomy":"post_tag","embeddable":true,"href":"https:\/\/uvbbrasil.com.br\/uvb-json\/wp\/v2\/tags?post=24059"}],"curies":[{"name":"wp","href":"https:\/\/api.w.org\/{rel}","templated":true}]}}