{"id":24006,"date":"2021-10-23T08:27:58","date_gmt":"2021-10-23T11:27:58","guid":{"rendered":"https:\/\/wpsandbox4.pante.com.br\/?p=24006"},"modified":"2021-10-23T08:27:58","modified_gmt":"2021-10-23T11:27:58","slug":"justica-eleitoral-implantara-novo-sistema-de-inspecoes-e-correicoes","status":"publish","type":"post","link":"https:\/\/uvbbrasil.com.br\/justica-eleitoral-implantara-novo-sistema-de-inspecoes-e-correicoes\/","title":{"rendered":"Justi\u00e7a Eleitoral implantar\u00e1 novo sistema de inspe\u00e7\u00f5es e correi\u00e7\u00f5es"},"content":{"rendered":"<p class=\"noticia-subtitulo\">Ferramenta, que traz v\u00e1rias melhorias, ser\u00e1 apresentada aos corregedores eleitorais na pr\u00f3xima segunda (25)<\/p>\n<p>Na pr\u00f3xima segunda-feira (25), os corregedores eleitorais ir\u00e3o se reunir no Tribunal Superior Eleitoral (TSE) e, na oportunidade, conhecer\u00e3o o Sistema de Inspe\u00e7\u00f5es e Correi\u00e7\u00f5es da Justi\u00e7a Eleitoral (SInCo). O encontro acontecer\u00e1 antes do evento de premia\u00e7\u00e3o do Selo de Boa Pr\u00e1tica da Justi\u00e7a Eleitoral (JE).<\/p>\n<p>O SInCo ser\u00e1 utilizado como ferramenta para aux\u00edlio aos trabalhos de inspe\u00e7\u00e3o e correi\u00e7\u00e3o nas unidades dos Tribunais Regionais Eleitorais (TREs) e nas zonas eleitorais, com a finalidade de elevar a qualidade e a regularidade dos servi\u00e7os eleitorais.<\/p>\n<p>A nova ferramenta, que substitui o Sistema de Inspe\u00e7\u00f5es e Correi\u00e7\u00f5es Eleitorais (Sicel), em uso desde 2008, busca atender \u00e0s expectativas das corregedorias eleitorais por uma an\u00e1lise mais racionalizada dos dados apurados nos trabalhos correcionais. Assim, ser\u00e1 feita a apresenta\u00e7\u00e3o de informa\u00e7\u00f5es consolidadas e hist\u00f3ricas dos procedimentos, auxiliando, dessa forma, na resolu\u00e7\u00e3o de inconformidades identificadas em servi\u00e7os prestados pelas unidades dos TREs e pelas zonas eleitorais.<\/p>\n<p>Segundo o juiz auxiliar da Corregedoria-Geral Eleitoral (CGE), Richard Pae Kim, o SInCo permitir\u00e1 a continuidade das atividades desenvolvidas no Sicel, mas trar\u00e1 avan\u00e7os que possibilitar\u00e3o supervisionar as rotinas de trabalho e identificar os ajustes necess\u00e1rios, com mais facilidade, em raz\u00e3o dos novos recursos implementados na ferramenta.<\/p>\n<p class=\"auto-style115\"><b>Melhorias<\/b><\/p>\n<p>Entre as inova\u00e7\u00f5es, o SInCo apresenta uma linguagem homologada pelo TSE (Java) e uma navega\u00e7\u00e3o mais intuitiva, bem como traz o roteiro de inspe\u00e7\u00e3o e correi\u00e7\u00e3o para unidades dos TREs definido pela CGE. Al\u00e9m disso, possibilita o gerenciamento dos servi\u00e7os cartor\u00e1rios e das unidades dos TREs mediante estat\u00edsticas consolidadas, relat\u00f3rios comparativos e utiliza\u00e7\u00e3o de\u00a0<i>Business Intelligence<\/i>\u00a0para subsidiar as decis\u00f5es estrat\u00e9gicas das unidades correcionais relativas \u00e0 conformidade dos servi\u00e7os eleitorais.<\/p>\n<p>O desenvolvimento do sistema contou com a participa\u00e7\u00e3o de autoridades judici\u00e1rias eleitorais e de equipes da CGE e da Secretaria de Tecnologia da Informa\u00e7\u00e3o do TSE, como o corregedor-geral da Justi\u00e7a Eleitoral, ministro Luis Felipe Salom\u00e3o; o juiz auxiliar da CGE, Richard Pae Kim; e a secret\u00e1ria da CGE, M\u00e1rcia Magliano Pontes. Tamb\u00e9m participaram da elabora\u00e7\u00e3o do SInCo servidoras e servidores da Se\u00e7\u00e3o de Inspe\u00e7\u00f5es e Correi\u00e7\u00f5es (Seic), da Coordenadoria de Supervis\u00e3o e Orienta\u00e7\u00e3o (CSORI), da equipe t\u00e9cnica da Se\u00e7\u00e3o de Desenvolvimento de Solu\u00e7\u00f5es Corporativas IV (Sedesc IV\/STI) e da equipe t\u00e9cnica da Se\u00e7\u00e3o de Arquitetura da Informa\u00e7\u00e3o (Seai\/STI), al\u00e9m de servidoras e servidores da \u00e1rea de TI dos TREs do Rio de Janeiro e de S\u00e3o Paulo.<a href=\"https:\/\/uvbbrasil.com.br\/?attachment_id=24007\" rel=\"attachment wp-att-24007\"><img fetchpriority=\"high\" decoding=\"async\" class=\"aligncenter size-full wp-image-24007\" src=\"https:\/\/uvbbrasil.com.br\/wp-content\/uploads\/2021\/10\/c15beb5a-611c-44ac-aa00-476583cba39b.jpeg\" alt=\"\" width=\"543\" height=\"263\" srcset=\"https:\/\/uvbbrasil.com.br\/wp-content\/uploads\/2021\/10\/c15beb5a-611c-44ac-aa00-476583cba39b.jpeg 543w, https:\/\/uvbbrasil.com.br\/wp-content\/uploads\/2021\/10\/c15beb5a-611c-44ac-aa00-476583cba39b-300x145.jpeg 300w\" sizes=\"(max-width: 543px) 100vw, 543px\" \/><\/a><\/p>\n<p><em>fonte<\/em>:<a href=\"https:\/\/www.tse.jus.br\/imprensa\/noticias-tse\/2021\/Outubro\/justica-eleitoral-implantara-novo-sistema-de-inspecoes-e-correicoes\">https:\/\/www.tse.jus.br\/imprensa\/noticias-tse\/2021\/Outubro\/justica-eleitoral-implantara-novo-sistema-de-inspecoes-e-correicoes<\/a><\/p>\n","protected":false},"excerpt":{"rendered":"<p>Ferramenta, que traz v\u00e1rias melhorias, ser\u00e1 apresentada aos corregedores eleitorais na pr\u00f3xima segunda (25) Na pr\u00f3xima segunda-feira (25), os corregedores&#8230;<\/p>\n","protected":false},"author":1,"featured_media":24007,"comment_status":"open","ping_status":"open","sticky":false,"template":"","format":"standard","meta":{"footnotes":""},"categories":[3],"tags":[],"class_list":["post-24006","post","type-post","status-publish","format-standard","has-post-thumbnail","hentry","category-noticias"],"yoast_head":"<!-- This site is optimized with the Yoast SEO plugin v26.7 - https:\/\/yoast.com\/wordpress\/plugins\/seo\/ -->\n<title>Justi\u00e7a Eleitoral implantar\u00e1 novo sistema de inspe\u00e7\u00f5es e correi\u00e7\u00f5es - UVB Brasil<\/title>\n<meta name=\"robots\" content=\"index, follow, max-snippet:-1, max-image-preview:large, max-video-preview:-1\" \/>\n<link rel=\"canonical\" href=\"https:\/\/uvbbrasil.com.br\/justica-eleitoral-implantara-novo-sistema-de-inspecoes-e-correicoes\/\" \/>\n<meta property=\"og:locale\" content=\"pt_BR\" \/>\n<meta property=\"og:type\" content=\"article\" \/>\n<meta property=\"og:title\" content=\"Justi\u00e7a Eleitoral implantar\u00e1 novo sistema de inspe\u00e7\u00f5es e correi\u00e7\u00f5es - UVB Brasil\" \/>\n<meta property=\"og:description\" content=\"Ferramenta, que traz v\u00e1rias melhorias, ser\u00e1 apresentada aos corregedores eleitorais na pr\u00f3xima segunda (25) Na pr\u00f3xima segunda-feira (25), os corregedores...\" \/>\n<meta property=\"og:url\" content=\"https:\/\/uvbbrasil.com.br\/justica-eleitoral-implantara-novo-sistema-de-inspecoes-e-correicoes\/\" \/>\n<meta property=\"og:site_name\" content=\"UVB Brasil\" \/>\n<meta property=\"article:publisher\" content=\"https:\/\/www.facebook.com\/uvb.vereadoresbrasil\" \/>\n<meta property=\"article:published_time\" content=\"2021-10-23T11:27:58+00:00\" \/>\n<meta property=\"og:image\" content=\"https:\/\/uvbbrasil.com.br\/wp-content\/uploads\/2021\/10\/c15beb5a-611c-44ac-aa00-476583cba39b.jpeg\" \/>\n\t<meta property=\"og:image:width\" content=\"543\" \/>\n\t<meta property=\"og:image:height\" content=\"263\" \/>\n\t<meta property=\"og:image:type\" content=\"image\/jpeg\" \/>\n<meta name=\"author\" content=\"adminuvb\" \/>\n<meta name=\"twitter:card\" content=\"summary_large_image\" \/>\n<meta name=\"twitter:label1\" content=\"Escrito por\" \/>\n\t<meta name=\"twitter:data1\" content=\"adminuvb\" \/>\n\t<meta name=\"twitter:label2\" content=\"Est. tempo de leitura\" \/>\n\t<meta name=\"twitter:data2\" content=\"2 minutos\" \/>\n<script type=\"application\/ld+json\" class=\"yoast-schema-graph\">{\"@context\":\"https:\/\/schema.org\",\"@graph\":[{\"@type\":\"Article\",\"@id\":\"https:\/\/uvbbrasil.com.br\/justica-eleitoral-implantara-novo-sistema-de-inspecoes-e-correicoes\/#article\",\"isPartOf\":{\"@id\":\"https:\/\/uvbbrasil.com.br\/justica-eleitoral-implantara-novo-sistema-de-inspecoes-e-correicoes\/\"},\"author\":{\"name\":\"adminuvb\",\"@id\":\"https:\/\/uvbbrasil.com.br\/#\/schema\/person\/17990098446c098f52effddff4f1b272\"},\"headline\":\"Justi\u00e7a Eleitoral implantar\u00e1 novo sistema de inspe\u00e7\u00f5es e correi\u00e7\u00f5es\",\"datePublished\":\"2021-10-23T11:27:58+00:00\",\"mainEntityOfPage\":{\"@id\":\"https:\/\/uvbbrasil.com.br\/justica-eleitoral-implantara-novo-sistema-de-inspecoes-e-correicoes\/\"},\"wordCount\":482,\"commentCount\":0,\"publisher\":{\"@id\":\"https:\/\/uvbbrasil.com.br\/#organization\"},\"image\":{\"@id\":\"https:\/\/uvbbrasil.com.br\/justica-eleitoral-implantara-novo-sistema-de-inspecoes-e-correicoes\/#primaryimage\"},\"thumbnailUrl\":\"https:\/\/uvbbrasil.com.br\/wp-content\/uploads\/2021\/10\/c15beb5a-611c-44ac-aa00-476583cba39b.jpeg\",\"articleSection\":[\"NOT\u00cdCIAS\"],\"inLanguage\":\"pt-BR\",\"potentialAction\":[{\"@type\":\"CommentAction\",\"name\":\"Comment\",\"target\":[\"https:\/\/uvbbrasil.com.br\/justica-eleitoral-implantara-novo-sistema-de-inspecoes-e-correicoes\/#respond\"]}]},{\"@type\":\"WebPage\",\"@id\":\"https:\/\/uvbbrasil.com.br\/justica-eleitoral-implantara-novo-sistema-de-inspecoes-e-correicoes\/\",\"url\":\"https:\/\/uvbbrasil.com.br\/justica-eleitoral-implantara-novo-sistema-de-inspecoes-e-correicoes\/\",\"name\":\"Justi\u00e7a Eleitoral implantar\u00e1 novo sistema de inspe\u00e7\u00f5es e correi\u00e7\u00f5es - UVB Brasil\",\"isPartOf\":{\"@id\":\"https:\/\/uvbbrasil.com.br\/#website\"},\"primaryImageOfPage\":{\"@id\":\"https:\/\/uvbbrasil.com.br\/justica-eleitoral-implantara-novo-sistema-de-inspecoes-e-correicoes\/#primaryimage\"},\"image\":{\"@id\":\"https:\/\/uvbbrasil.com.br\/justica-eleitoral-implantara-novo-sistema-de-inspecoes-e-correicoes\/#primaryimage\"},\"thumbnailUrl\":\"https:\/\/uvbbrasil.com.br\/wp-content\/uploads\/2021\/10\/c15beb5a-611c-44ac-aa00-476583cba39b.jpeg\",\"datePublished\":\"2021-10-23T11:27:58+00:00\",\"breadcrumb\":{\"@id\":\"https:\/\/uvbbrasil.com.br\/justica-eleitoral-implantara-novo-sistema-de-inspecoes-e-correicoes\/#breadcrumb\"},\"inLanguage\":\"pt-BR\",\"potentialAction\":[{\"@type\":\"ReadAction\",\"target\":[\"https:\/\/uvbbrasil.com.br\/justica-eleitoral-implantara-novo-sistema-de-inspecoes-e-correicoes\/\"]}]},{\"@type\":\"ImageObject\",\"inLanguage\":\"pt-BR\",\"@id\":\"https:\/\/uvbbrasil.com.br\/justica-eleitoral-implantara-novo-sistema-de-inspecoes-e-correicoes\/#primaryimage\",\"url\":\"https:\/\/uvbbrasil.com.br\/wp-content\/uploads\/2021\/10\/c15beb5a-611c-44ac-aa00-476583cba39b.jpeg\",\"contentUrl\":\"https:\/\/uvbbrasil.com.br\/wp-content\/uploads\/2021\/10\/c15beb5a-611c-44ac-aa00-476583cba39b.jpeg\",\"width\":543,\"height\":263},{\"@type\":\"BreadcrumbList\",\"@id\":\"https:\/\/uvbbrasil.com.br\/justica-eleitoral-implantara-novo-sistema-de-inspecoes-e-correicoes\/#breadcrumb\",\"itemListElement\":[{\"@type\":\"ListItem\",\"position\":1,\"name\":\"In\u00edcio\",\"item\":\"https:\/\/uvbbrasil.com.br\/\"},{\"@type\":\"ListItem\",\"position\":2,\"name\":\"Justi\u00e7a Eleitoral implantar\u00e1 novo sistema de inspe\u00e7\u00f5es e correi\u00e7\u00f5es\"}]},{\"@type\":\"WebSite\",\"@id\":\"https:\/\/uvbbrasil.com.br\/#website\",\"url\":\"https:\/\/uvbbrasil.com.br\/\",\"name\":\"UVB Brasil\",\"description\":\"Uni\u00e3o dos Vereadores do Brasil\",\"publisher\":{\"@id\":\"https:\/\/uvbbrasil.com.br\/#organization\"},\"potentialAction\":[{\"@type\":\"SearchAction\",\"target\":{\"@type\":\"EntryPoint\",\"urlTemplate\":\"https:\/\/uvbbrasil.com.br\/?s={search_term_string}\"},\"query-input\":{\"@type\":\"PropertyValueSpecification\",\"valueRequired\":true,\"valueName\":\"search_term_string\"}}],\"inLanguage\":\"pt-BR\"},{\"@type\":\"Organization\",\"@id\":\"https:\/\/uvbbrasil.com.br\/#organization\",\"name\":\"UVB Brasil\",\"url\":\"https:\/\/uvbbrasil.com.br\/\",\"logo\":{\"@type\":\"ImageObject\",\"inLanguage\":\"pt-BR\",\"@id\":\"https:\/\/uvbbrasil.com.br\/#\/schema\/logo\/image\/\",\"url\":\"https:\/\/uvbbrasil.com.br\/wp-content\/uploads\/2025\/01\/LOGO-UVB-2024-azul-1.jpg\",\"contentUrl\":\"https:\/\/uvbbrasil.com.br\/wp-content\/uploads\/2025\/01\/LOGO-UVB-2024-azul-1.jpg\",\"width\":600,\"height\":211,\"caption\":\"UVB Brasil\"},\"image\":{\"@id\":\"https:\/\/uvbbrasil.com.br\/#\/schema\/logo\/image\/\"},\"sameAs\":[\"https:\/\/www.facebook.com\/uvb.vereadoresbrasil\",\"https:\/\/www.instagram.com\/uvbbrasil\/\",\"https:\/\/www.youtube.com\/channel\/UCIlPQ8Xzw5GHNzosQIg9S5A\"]},{\"@type\":\"Person\",\"@id\":\"https:\/\/uvbbrasil.com.br\/#\/schema\/person\/17990098446c098f52effddff4f1b272\",\"name\":\"adminuvb\",\"image\":{\"@type\":\"ImageObject\",\"inLanguage\":\"pt-BR\",\"@id\":\"https:\/\/uvbbrasil.com.br\/#\/schema\/person\/image\/\",\"url\":\"https:\/\/secure.gravatar.com\/avatar\/1a494ea6f8e2dd1ae526e55b0e9497efdba542491e0620d704cccf63c6f77c45?s=96&d=mm&r=g\",\"contentUrl\":\"https:\/\/secure.gravatar.com\/avatar\/1a494ea6f8e2dd1ae526e55b0e9497efdba542491e0620d704cccf63c6f77c45?s=96&d=mm&r=g\",\"caption\":\"adminuvb\"},\"sameAs\":[\"https:\/\/uvbbrasil.com.br\"],\"url\":\"https:\/\/uvbbrasil.com.br\/author\/adminuvb\/\"}]}<\/script>\n<!-- \/ Yoast SEO plugin. -->","yoast_head_json":{"title":"Justi\u00e7a Eleitoral implantar\u00e1 novo sistema de inspe\u00e7\u00f5es e correi\u00e7\u00f5es - UVB Brasil","robots":{"index":"index","follow":"follow","max-snippet":"max-snippet:-1","max-image-preview":"max-image-preview:large","max-video-preview":"max-video-preview:-1"},"canonical":"https:\/\/uvbbrasil.com.br\/justica-eleitoral-implantara-novo-sistema-de-inspecoes-e-correicoes\/","og_locale":"pt_BR","og_type":"article","og_title":"Justi\u00e7a Eleitoral implantar\u00e1 novo sistema de inspe\u00e7\u00f5es e correi\u00e7\u00f5es - UVB Brasil","og_description":"Ferramenta, que traz v\u00e1rias melhorias, ser\u00e1 apresentada aos corregedores eleitorais na pr\u00f3xima segunda (25) Na pr\u00f3xima segunda-feira (25), os corregedores...","og_url":"https:\/\/uvbbrasil.com.br\/justica-eleitoral-implantara-novo-sistema-de-inspecoes-e-correicoes\/","og_site_name":"UVB Brasil","article_publisher":"https:\/\/www.facebook.com\/uvb.vereadoresbrasil","article_published_time":"2021-10-23T11:27:58+00:00","og_image":[{"width":543,"height":263,"url":"https:\/\/uvbbrasil.com.br\/wp-content\/uploads\/2021\/10\/c15beb5a-611c-44ac-aa00-476583cba39b.jpeg","type":"image\/jpeg"}],"author":"adminuvb","twitter_card":"summary_large_image","twitter_misc":{"Escrito por":"adminuvb","Est. tempo de leitura":"2 minutos"},"schema":{"@context":"https:\/\/schema.org","@graph":[{"@type":"Article","@id":"https:\/\/uvbbrasil.com.br\/justica-eleitoral-implantara-novo-sistema-de-inspecoes-e-correicoes\/#article","isPartOf":{"@id":"https:\/\/uvbbrasil.com.br\/justica-eleitoral-implantara-novo-sistema-de-inspecoes-e-correicoes\/"},"author":{"name":"adminuvb","@id":"https:\/\/uvbbrasil.com.br\/#\/schema\/person\/17990098446c098f52effddff4f1b272"},"headline":"Justi\u00e7a Eleitoral implantar\u00e1 novo sistema de inspe\u00e7\u00f5es e correi\u00e7\u00f5es","datePublished":"2021-10-23T11:27:58+00:00","mainEntityOfPage":{"@id":"https:\/\/uvbbrasil.com.br\/justica-eleitoral-implantara-novo-sistema-de-inspecoes-e-correicoes\/"},"wordCount":482,"commentCount":0,"publisher":{"@id":"https:\/\/uvbbrasil.com.br\/#organization"},"image":{"@id":"https:\/\/uvbbrasil.com.br\/justica-eleitoral-implantara-novo-sistema-de-inspecoes-e-correicoes\/#primaryimage"},"thumbnailUrl":"https:\/\/uvbbrasil.com.br\/wp-content\/uploads\/2021\/10\/c15beb5a-611c-44ac-aa00-476583cba39b.jpeg","articleSection":["NOT\u00cdCIAS"],"inLanguage":"pt-BR","potentialAction":[{"@type":"CommentAction","name":"Comment","target":["https:\/\/uvbbrasil.com.br\/justica-eleitoral-implantara-novo-sistema-de-inspecoes-e-correicoes\/#respond"]}]},{"@type":"WebPage","@id":"https:\/\/uvbbrasil.com.br\/justica-eleitoral-implantara-novo-sistema-de-inspecoes-e-correicoes\/","url":"https:\/\/uvbbrasil.com.br\/justica-eleitoral-implantara-novo-sistema-de-inspecoes-e-correicoes\/","name":"Justi\u00e7a Eleitoral implantar\u00e1 novo sistema de inspe\u00e7\u00f5es e correi\u00e7\u00f5es - UVB Brasil","isPartOf":{"@id":"https:\/\/uvbbrasil.com.br\/#website"},"primaryImageOfPage":{"@id":"https:\/\/uvbbrasil.com.br\/justica-eleitoral-implantara-novo-sistema-de-inspecoes-e-correicoes\/#primaryimage"},"image":{"@id":"https:\/\/uvbbrasil.com.br\/justica-eleitoral-implantara-novo-sistema-de-inspecoes-e-correicoes\/#primaryimage"},"thumbnailUrl":"https:\/\/uvbbrasil.com.br\/wp-content\/uploads\/2021\/10\/c15beb5a-611c-44ac-aa00-476583cba39b.jpeg","datePublished":"2021-10-23T11:27:58+00:00","breadcrumb":{"@id":"https:\/\/uvbbrasil.com.br\/justica-eleitoral-implantara-novo-sistema-de-inspecoes-e-correicoes\/#breadcrumb"},"inLanguage":"pt-BR","potentialAction":[{"@type":"ReadAction","target":["https:\/\/uvbbrasil.com.br\/justica-eleitoral-implantara-novo-sistema-de-inspecoes-e-correicoes\/"]}]},{"@type":"ImageObject","inLanguage":"pt-BR","@id":"https:\/\/uvbbrasil.com.br\/justica-eleitoral-implantara-novo-sistema-de-inspecoes-e-correicoes\/#primaryimage","url":"https:\/\/uvbbrasil.com.br\/wp-content\/uploads\/2021\/10\/c15beb5a-611c-44ac-aa00-476583cba39b.jpeg","contentUrl":"https:\/\/uvbbrasil.com.br\/wp-content\/uploads\/2021\/10\/c15beb5a-611c-44ac-aa00-476583cba39b.jpeg","width":543,"height":263},{"@type":"BreadcrumbList","@id":"https:\/\/uvbbrasil.com.br\/justica-eleitoral-implantara-novo-sistema-de-inspecoes-e-correicoes\/#breadcrumb","itemListElement":[{"@type":"ListItem","position":1,"name":"In\u00edcio","item":"https:\/\/uvbbrasil.com.br\/"},{"@type":"ListItem","position":2,"name":"Justi\u00e7a Eleitoral implantar\u00e1 novo sistema de inspe\u00e7\u00f5es e correi\u00e7\u00f5es"}]},{"@type":"WebSite","@id":"https:\/\/uvbbrasil.com.br\/#website","url":"https:\/\/uvbbrasil.com.br\/","name":"UVB Brasil","description":"Uni\u00e3o dos Vereadores do Brasil","publisher":{"@id":"https:\/\/uvbbrasil.com.br\/#organization"},"potentialAction":[{"@type":"SearchAction","target":{"@type":"EntryPoint","urlTemplate":"https:\/\/uvbbrasil.com.br\/?s={search_term_string}"},"query-input":{"@type":"PropertyValueSpecification","valueRequired":true,"valueName":"search_term_string"}}],"inLanguage":"pt-BR"},{"@type":"Organization","@id":"https:\/\/uvbbrasil.com.br\/#organization","name":"UVB Brasil","url":"https:\/\/uvbbrasil.com.br\/","logo":{"@type":"ImageObject","inLanguage":"pt-BR","@id":"https:\/\/uvbbrasil.com.br\/#\/schema\/logo\/image\/","url":"https:\/\/uvbbrasil.com.br\/wp-content\/uploads\/2025\/01\/LOGO-UVB-2024-azul-1.jpg","contentUrl":"https:\/\/uvbbrasil.com.br\/wp-content\/uploads\/2025\/01\/LOGO-UVB-2024-azul-1.jpg","width":600,"height":211,"caption":"UVB Brasil"},"image":{"@id":"https:\/\/uvbbrasil.com.br\/#\/schema\/logo\/image\/"},"sameAs":["https:\/\/www.facebook.com\/uvb.vereadoresbrasil","https:\/\/www.instagram.com\/uvbbrasil\/","https:\/\/www.youtube.com\/channel\/UCIlPQ8Xzw5GHNzosQIg9S5A"]},{"@type":"Person","@id":"https:\/\/uvbbrasil.com.br\/#\/schema\/person\/17990098446c098f52effddff4f1b272","name":"adminuvb","image":{"@type":"ImageObject","inLanguage":"pt-BR","@id":"https:\/\/uvbbrasil.com.br\/#\/schema\/person\/image\/","url":"https:\/\/secure.gravatar.com\/avatar\/1a494ea6f8e2dd1ae526e55b0e9497efdba542491e0620d704cccf63c6f77c45?s=96&d=mm&r=g","contentUrl":"https:\/\/secure.gravatar.com\/avatar\/1a494ea6f8e2dd1ae526e55b0e9497efdba542491e0620d704cccf63c6f77c45?s=96&d=mm&r=g","caption":"adminuvb"},"sameAs":["https:\/\/uvbbrasil.com.br"],"url":"https:\/\/uvbbrasil.com.br\/author\/adminuvb\/"}]}},"_links":{"self":[{"href":"https:\/\/uvbbrasil.com.br\/uvb-json\/wp\/v2\/posts\/24006","targetHints":{"allow":["GET"]}}],"collection":[{"href":"https:\/\/uvbbrasil.com.br\/uvb-json\/wp\/v2\/posts"}],"about":[{"href":"https:\/\/uvbbrasil.com.br\/uvb-json\/wp\/v2\/types\/post"}],"author":[{"embeddable":true,"href":"https:\/\/uvbbrasil.com.br\/uvb-json\/wp\/v2\/users\/1"}],"replies":[{"embeddable":true,"href":"https:\/\/uvbbrasil.com.br\/uvb-json\/wp\/v2\/comments?post=24006"}],"version-history":[{"count":0,"href":"https:\/\/uvbbrasil.com.br\/uvb-json\/wp\/v2\/posts\/24006\/revisions"}],"wp:featuredmedia":[{"embeddable":true,"href":"https:\/\/uvbbrasil.com.br\/uvb-json\/wp\/v2\/media\/24007"}],"wp:attachment":[{"href":"https:\/\/uvbbrasil.com.br\/uvb-json\/wp\/v2\/media?parent=24006"}],"wp:term":[{"taxonomy":"category","embeddable":true,"href":"https:\/\/uvbbrasil.com.br\/uvb-json\/wp\/v2\/categories?post=24006"},{"taxonomy":"post_tag","embeddable":true,"href":"https:\/\/uvbbrasil.com.br\/uvb-json\/wp\/v2\/tags?post=24006"}],"curies":[{"name":"wp","href":"https:\/\/api.w.org\/{rel}","templated":true}]}}