{"id":23979,"date":"2021-10-21T10:06:00","date_gmt":"2021-10-21T13:06:00","guid":{"rendered":"https:\/\/wpsandbox4.pante.com.br\/?p=23979"},"modified":"2021-10-21T10:06:00","modified_gmt":"2021-10-21T13:06:00","slug":"uvb-presente-na-capacitacao-da-uniao-dos-vereadores-do-vale-do-araguaia-em-divinopolis","status":"publish","type":"post","link":"https:\/\/uvbbrasil.com.br\/uvb-presente-na-capacitacao-da-uniao-dos-vereadores-do-vale-do-araguaia-em-divinopolis\/","title":{"rendered":"UVVAET promove Capacita\u00e7\u00e3o de Vereadores em Divin\u00f3polis"},"content":{"rendered":"<p style=\"font-weight: 400;\">O presidente da Uni\u00e3o dos Vereadores do Brasil\/UVB, vereador\u00a0 de Ira\u00ed\/RS, Gilson Conzatti \u00e0 convite do vereador Clebinho Cavalcante (PSD), presidente Uni\u00e3o dos Vereadores do Vale do Araguaia prestigiou a\u00a0 \u201c1\u00b0 Capacita\u00e7\u00e3o dos Vereadores do Vale do Araguaia e Regi\u00e3o\u201d. O evento iniciou na manh\u00e3 desta quarta-feira (20), no Centro Cultural Senador Jo\u00e3o Ribeiro, em Divin\u00f3polis do Tocantins.<\/p>\n<p style=\"font-weight: 400;\">Gilson Conzatti,\u00a0 com a miss\u00e3o de fortalecer o poder legislativo Brasileiro, com o foco de\u00a0 estreitar as rela\u00e7\u00f5es da Uni\u00e3o dos Vereadores do Brasil com os vereadores e vereadoras participa da a\u00e7\u00f5es e eventos das entidades estaduais para promover a\u00a0 excel\u00eancia aos mandatos e a uni\u00e3o da classe parlamentar.<\/p>\n<p style=\"font-weight: 400;\">Debateu com os vereadores e vereadoras presentes sobre o tema\u00a0 &#8220;Legislar para Desenvolver&#8221;, na oportunidade convidou aos parlamentares a conhecerem a fundo o calend\u00e1rio dos pr\u00f3ximos eventos da UVB, em especial o\u00a0 Semin\u00e1rio Nacional de Legislativos e Gest\u00f5es Municipais\u00a0 que ser\u00e1 realizado na cidade de Encantado\/RS de 08 a 11 de dezembro, com o tema principal Como Construir Cidades Colaborativas e para a XXI Marcha dos Legislativos de com a data de 26 a 29 de abril de 2022 em Bras\u00edlia\/DF.<\/p>\n<p style=\"font-weight: 400;\"><a href=\"https:\/\/uvbbrasil.com.br\/?attachment_id=23981\" rel=\"attachment wp-att-23981\">Entre os convidados presentes estiveram o presidente da Assembl\u00e9ia Legislativa Ant\u00f4nio Andrade (UB), o presidente do Cons\u00f3rcio Vale do Araguaia e prefeito de Marian\u00f3polis do Tocantins Isa\u00edas Dias Piagem (UB), a presidente da C\u00e2mara de Vereadores da capital Palmas \u2013 TO, Janad Valcari (Podemos), os deputados estaduais Cl\u00e1udia L\u00e9lis (PV) e Nilton Franco (MDB), e prefeitos e vereadores.<img fetchpriority=\"high\" decoding=\"async\" class=\"aligncenter size-full wp-image-23981\" src=\"https:\/\/uvbbrasil.com.br\/wp-content\/uploads\/2021\/10\/247113824_5169657893051637_5908245517520875922_n.jpg\" alt=\"\" width=\"1440\" height=\"1440\" srcset=\"https:\/\/uvbbrasil.com.br\/wp-content\/uploads\/2021\/10\/247113824_5169657893051637_5908245517520875922_n.jpg 1440w, https:\/\/uvbbrasil.com.br\/wp-content\/uploads\/2021\/10\/247113824_5169657893051637_5908245517520875922_n-300x300.jpg 300w, https:\/\/uvbbrasil.com.br\/wp-content\/uploads\/2021\/10\/247113824_5169657893051637_5908245517520875922_n-1024x1024.jpg 1024w, https:\/\/uvbbrasil.com.br\/wp-content\/uploads\/2021\/10\/247113824_5169657893051637_5908245517520875922_n-150x150.jpg 150w, https:\/\/uvbbrasil.com.br\/wp-content\/uploads\/2021\/10\/247113824_5169657893051637_5908245517520875922_n-768x768.jpg 768w\" sizes=\"(max-width: 1440px) 100vw, 1440px\" \/><\/a><\/p>\n<p><a href=\"https:\/\/uvbbrasil.com.br\/?attachment_id=23982\" rel=\"attachment wp-att-23982\"><img decoding=\"async\" class=\"aligncenter size-full wp-image-23982\" src=\"https:\/\/uvbbrasil.com.br\/wp-content\/uploads\/2021\/10\/247098446_5169657913051635_5250625663462646742_n.jpg\" alt=\"\" width=\"1440\" height=\"1440\" srcset=\"https:\/\/uvbbrasil.com.br\/wp-content\/uploads\/2021\/10\/247098446_5169657913051635_5250625663462646742_n.jpg 1440w, https:\/\/uvbbrasil.com.br\/wp-content\/uploads\/2021\/10\/247098446_5169657913051635_5250625663462646742_n-300x300.jpg 300w, https:\/\/uvbbrasil.com.br\/wp-content\/uploads\/2021\/10\/247098446_5169657913051635_5250625663462646742_n-1024x1024.jpg 1024w, https:\/\/uvbbrasil.com.br\/wp-content\/uploads\/2021\/10\/247098446_5169657913051635_5250625663462646742_n-150x150.jpg 150w, https:\/\/uvbbrasil.com.br\/wp-content\/uploads\/2021\/10\/247098446_5169657913051635_5250625663462646742_n-768x768.jpg 768w\" sizes=\"(max-width: 1440px) 100vw, 1440px\" \/><\/a><a href=\"https:\/\/uvbbrasil.com.br\/?attachment_id=23983\" rel=\"attachment wp-att-23983\"><img decoding=\"async\" class=\"aligncenter size-full wp-image-23983\" src=\"https:\/\/uvbbrasil.com.br\/wp-content\/uploads\/2021\/10\/247329792_5169657906384969_8724434651606037890_n.jpg\" alt=\"\" width=\"737\" height=\"737\" srcset=\"https:\/\/uvbbrasil.com.br\/wp-content\/uploads\/2021\/10\/247329792_5169657906384969_8724434651606037890_n.jpg 737w, https:\/\/uvbbrasil.com.br\/wp-content\/uploads\/2021\/10\/247329792_5169657906384969_8724434651606037890_n-300x300.jpg 300w, https:\/\/uvbbrasil.com.br\/wp-content\/uploads\/2021\/10\/247329792_5169657906384969_8724434651606037890_n-150x150.jpg 150w\" sizes=\"(max-width: 737px) 100vw, 737px\" \/><\/a><a href=\"https:\/\/uvbbrasil.com.br\/?attachment_id=23984\" rel=\"attachment wp-att-23984\"><img loading=\"lazy\" decoding=\"async\" class=\"aligncenter size-full wp-image-23984\" src=\"https:\/\/uvbbrasil.com.br\/wp-content\/uploads\/2021\/10\/247623214_5169657899718303_2060646770633321864_n.jpg\" alt=\"\" width=\"590\" height=\"590\" srcset=\"https:\/\/uvbbrasil.com.br\/wp-content\/uploads\/2021\/10\/247623214_5169657899718303_2060646770633321864_n.jpg 590w, https:\/\/uvbbrasil.com.br\/wp-content\/uploads\/2021\/10\/247623214_5169657899718303_2060646770633321864_n-300x300.jpg 300w, https:\/\/uvbbrasil.com.br\/wp-content\/uploads\/2021\/10\/247623214_5169657899718303_2060646770633321864_n-150x150.jpg 150w\" sizes=\"(max-width: 590px) 100vw, 590px\" \/><\/a><a href=\"https:\/\/uvbbrasil.com.br\/?attachment_id=23985\" rel=\"attachment wp-att-23985\"><img loading=\"lazy\" decoding=\"async\" class=\"aligncenter size-full wp-image-23985\" src=\"https:\/\/uvbbrasil.com.br\/wp-content\/uploads\/2021\/10\/246936346_5169657909718302_3091125340399085515_n.jpg\" alt=\"\" width=\"453\" height=\"453\" srcset=\"https:\/\/uvbbrasil.com.br\/wp-content\/uploads\/2021\/10\/246936346_5169657909718302_3091125340399085515_n.jpg 453w, https:\/\/uvbbrasil.com.br\/wp-content\/uploads\/2021\/10\/246936346_5169657909718302_3091125340399085515_n-300x300.jpg 300w, https:\/\/uvbbrasil.com.br\/wp-content\/uploads\/2021\/10\/246936346_5169657909718302_3091125340399085515_n-150x150.jpg 150w\" sizes=\"(max-width: 453px) 100vw, 453px\" \/><\/a><\/p>\n","protected":false},"excerpt":{"rendered":"<p>O presidente da Uni\u00e3o dos Vereadores do Brasil\/UVB, vereador\u00a0 de Ira\u00ed\/RS, Gilson Conzatti \u00e0 convite do vereador Clebinho Cavalcante (PSD),&#8230;<\/p>\n","protected":false},"author":1,"featured_media":23981,"comment_status":"open","ping_status":"open","sticky":false,"template":"","format":"standard","meta":{"footnotes":""},"categories":[3,4],"tags":[],"class_list":["post-23979","post","type-post","status-publish","format-standard","has-post-thumbnail","hentry","category-noticias","category-home"],"yoast_head":"<!-- This site is optimized with the Yoast SEO plugin v26.7 - https:\/\/yoast.com\/wordpress\/plugins\/seo\/ -->\n<title>UVVAET promove Capacita\u00e7\u00e3o de Vereadores em Divin\u00f3polis - UVB Brasil<\/title>\n<meta name=\"robots\" content=\"index, follow, max-snippet:-1, max-image-preview:large, max-video-preview:-1\" \/>\n<link rel=\"canonical\" href=\"https:\/\/uvbbrasil.com.br\/uvb-presente-na-capacitacao-da-uniao-dos-vereadores-do-vale-do-araguaia-em-divinopolis\/\" \/>\n<meta property=\"og:locale\" content=\"pt_BR\" \/>\n<meta property=\"og:type\" content=\"article\" \/>\n<meta property=\"og:title\" content=\"UVVAET promove Capacita\u00e7\u00e3o de Vereadores em Divin\u00f3polis - UVB Brasil\" \/>\n<meta property=\"og:description\" content=\"O presidente da Uni\u00e3o dos Vereadores do Brasil\/UVB, vereador\u00a0 de Ira\u00ed\/RS, Gilson Conzatti \u00e0 convite do vereador Clebinho Cavalcante (PSD),...\" \/>\n<meta property=\"og:url\" content=\"https:\/\/uvbbrasil.com.br\/uvb-presente-na-capacitacao-da-uniao-dos-vereadores-do-vale-do-araguaia-em-divinopolis\/\" \/>\n<meta property=\"og:site_name\" content=\"UVB Brasil\" \/>\n<meta property=\"article:publisher\" content=\"https:\/\/www.facebook.com\/uvb.vereadoresbrasil\" \/>\n<meta property=\"article:published_time\" content=\"2021-10-21T13:06:00+00:00\" \/>\n<meta property=\"og:image\" content=\"https:\/\/uvbbrasil.com.br\/wp-content\/uploads\/2021\/10\/247113824_5169657893051637_5908245517520875922_n.jpg\" \/>\n\t<meta property=\"og:image:width\" content=\"1440\" \/>\n\t<meta property=\"og:image:height\" content=\"1440\" \/>\n\t<meta property=\"og:image:type\" content=\"image\/jpeg\" \/>\n<meta name=\"author\" content=\"adminuvb\" \/>\n<meta name=\"twitter:card\" content=\"summary_large_image\" \/>\n<meta name=\"twitter:label1\" content=\"Escrito por\" \/>\n\t<meta name=\"twitter:data1\" content=\"adminuvb\" \/>\n\t<meta name=\"twitter:label2\" content=\"Est. tempo de leitura\" \/>\n\t<meta name=\"twitter:data2\" content=\"3 minutos\" \/>\n<script type=\"application\/ld+json\" class=\"yoast-schema-graph\">{\"@context\":\"https:\/\/schema.org\",\"@graph\":[{\"@type\":\"Article\",\"@id\":\"https:\/\/uvbbrasil.com.br\/uvb-presente-na-capacitacao-da-uniao-dos-vereadores-do-vale-do-araguaia-em-divinopolis\/#article\",\"isPartOf\":{\"@id\":\"https:\/\/uvbbrasil.com.br\/uvb-presente-na-capacitacao-da-uniao-dos-vereadores-do-vale-do-araguaia-em-divinopolis\/\"},\"author\":{\"name\":\"adminuvb\",\"@id\":\"https:\/\/uvbbrasil.com.br\/#\/schema\/person\/17990098446c098f52effddff4f1b272\"},\"headline\":\"UVVAET promove Capacita\u00e7\u00e3o de Vereadores em Divin\u00f3polis\",\"datePublished\":\"2021-10-21T13:06:00+00:00\",\"mainEntityOfPage\":{\"@id\":\"https:\/\/uvbbrasil.com.br\/uvb-presente-na-capacitacao-da-uniao-dos-vereadores-do-vale-do-araguaia-em-divinopolis\/\"},\"wordCount\":275,\"commentCount\":0,\"publisher\":{\"@id\":\"https:\/\/uvbbrasil.com.br\/#organization\"},\"image\":{\"@id\":\"https:\/\/uvbbrasil.com.br\/uvb-presente-na-capacitacao-da-uniao-dos-vereadores-do-vale-do-araguaia-em-divinopolis\/#primaryimage\"},\"thumbnailUrl\":\"https:\/\/uvbbrasil.com.br\/wp-content\/uploads\/2021\/10\/247113824_5169657893051637_5908245517520875922_n.jpg\",\"articleSection\":[\"NOT\u00cdCIAS\",\"UVB\"],\"inLanguage\":\"pt-BR\",\"potentialAction\":[{\"@type\":\"CommentAction\",\"name\":\"Comment\",\"target\":[\"https:\/\/uvbbrasil.com.br\/uvb-presente-na-capacitacao-da-uniao-dos-vereadores-do-vale-do-araguaia-em-divinopolis\/#respond\"]}]},{\"@type\":\"WebPage\",\"@id\":\"https:\/\/uvbbrasil.com.br\/uvb-presente-na-capacitacao-da-uniao-dos-vereadores-do-vale-do-araguaia-em-divinopolis\/\",\"url\":\"https:\/\/uvbbrasil.com.br\/uvb-presente-na-capacitacao-da-uniao-dos-vereadores-do-vale-do-araguaia-em-divinopolis\/\",\"name\":\"UVVAET promove Capacita\u00e7\u00e3o de Vereadores em Divin\u00f3polis - UVB Brasil\",\"isPartOf\":{\"@id\":\"https:\/\/uvbbrasil.com.br\/#website\"},\"primaryImageOfPage\":{\"@id\":\"https:\/\/uvbbrasil.com.br\/uvb-presente-na-capacitacao-da-uniao-dos-vereadores-do-vale-do-araguaia-em-divinopolis\/#primaryimage\"},\"image\":{\"@id\":\"https:\/\/uvbbrasil.com.br\/uvb-presente-na-capacitacao-da-uniao-dos-vereadores-do-vale-do-araguaia-em-divinopolis\/#primaryimage\"},\"thumbnailUrl\":\"https:\/\/uvbbrasil.com.br\/wp-content\/uploads\/2021\/10\/247113824_5169657893051637_5908245517520875922_n.jpg\",\"datePublished\":\"2021-10-21T13:06:00+00:00\",\"breadcrumb\":{\"@id\":\"https:\/\/uvbbrasil.com.br\/uvb-presente-na-capacitacao-da-uniao-dos-vereadores-do-vale-do-araguaia-em-divinopolis\/#breadcrumb\"},\"inLanguage\":\"pt-BR\",\"potentialAction\":[{\"@type\":\"ReadAction\",\"target\":[\"https:\/\/uvbbrasil.com.br\/uvb-presente-na-capacitacao-da-uniao-dos-vereadores-do-vale-do-araguaia-em-divinopolis\/\"]}]},{\"@type\":\"ImageObject\",\"inLanguage\":\"pt-BR\",\"@id\":\"https:\/\/uvbbrasil.com.br\/uvb-presente-na-capacitacao-da-uniao-dos-vereadores-do-vale-do-araguaia-em-divinopolis\/#primaryimage\",\"url\":\"https:\/\/uvbbrasil.com.br\/wp-content\/uploads\/2021\/10\/247113824_5169657893051637_5908245517520875922_n.jpg\",\"contentUrl\":\"https:\/\/uvbbrasil.com.br\/wp-content\/uploads\/2021\/10\/247113824_5169657893051637_5908245517520875922_n.jpg\",\"width\":1440,\"height\":1440},{\"@type\":\"BreadcrumbList\",\"@id\":\"https:\/\/uvbbrasil.com.br\/uvb-presente-na-capacitacao-da-uniao-dos-vereadores-do-vale-do-araguaia-em-divinopolis\/#breadcrumb\",\"itemListElement\":[{\"@type\":\"ListItem\",\"position\":1,\"name\":\"In\u00edcio\",\"item\":\"https:\/\/uvbbrasil.com.br\/\"},{\"@type\":\"ListItem\",\"position\":2,\"name\":\"UVVAET promove Capacita\u00e7\u00e3o de Vereadores em Divin\u00f3polis\"}]},{\"@type\":\"WebSite\",\"@id\":\"https:\/\/uvbbrasil.com.br\/#website\",\"url\":\"https:\/\/uvbbrasil.com.br\/\",\"name\":\"UVB Brasil\",\"description\":\"Uni\u00e3o dos Vereadores do Brasil\",\"publisher\":{\"@id\":\"https:\/\/uvbbrasil.com.br\/#organization\"},\"potentialAction\":[{\"@type\":\"SearchAction\",\"target\":{\"@type\":\"EntryPoint\",\"urlTemplate\":\"https:\/\/uvbbrasil.com.br\/?s={search_term_string}\"},\"query-input\":{\"@type\":\"PropertyValueSpecification\",\"valueRequired\":true,\"valueName\":\"search_term_string\"}}],\"inLanguage\":\"pt-BR\"},{\"@type\":\"Organization\",\"@id\":\"https:\/\/uvbbrasil.com.br\/#organization\",\"name\":\"UVB Brasil\",\"url\":\"https:\/\/uvbbrasil.com.br\/\",\"logo\":{\"@type\":\"ImageObject\",\"inLanguage\":\"pt-BR\",\"@id\":\"https:\/\/uvbbrasil.com.br\/#\/schema\/logo\/image\/\",\"url\":\"https:\/\/uvbbrasil.com.br\/wp-content\/uploads\/2025\/01\/LOGO-UVB-2024-azul-1.jpg\",\"contentUrl\":\"https:\/\/uvbbrasil.com.br\/wp-content\/uploads\/2025\/01\/LOGO-UVB-2024-azul-1.jpg\",\"width\":600,\"height\":211,\"caption\":\"UVB Brasil\"},\"image\":{\"@id\":\"https:\/\/uvbbrasil.com.br\/#\/schema\/logo\/image\/\"},\"sameAs\":[\"https:\/\/www.facebook.com\/uvb.vereadoresbrasil\",\"https:\/\/www.instagram.com\/uvbbrasil\/\",\"https:\/\/www.youtube.com\/channel\/UCIlPQ8Xzw5GHNzosQIg9S5A\"]},{\"@type\":\"Person\",\"@id\":\"https:\/\/uvbbrasil.com.br\/#\/schema\/person\/17990098446c098f52effddff4f1b272\",\"name\":\"adminuvb\",\"image\":{\"@type\":\"ImageObject\",\"inLanguage\":\"pt-BR\",\"@id\":\"https:\/\/uvbbrasil.com.br\/#\/schema\/person\/image\/\",\"url\":\"https:\/\/secure.gravatar.com\/avatar\/1a494ea6f8e2dd1ae526e55b0e9497efdba542491e0620d704cccf63c6f77c45?s=96&d=mm&r=g\",\"contentUrl\":\"https:\/\/secure.gravatar.com\/avatar\/1a494ea6f8e2dd1ae526e55b0e9497efdba542491e0620d704cccf63c6f77c45?s=96&d=mm&r=g\",\"caption\":\"adminuvb\"},\"sameAs\":[\"https:\/\/uvbbrasil.com.br\"],\"url\":\"https:\/\/uvbbrasil.com.br\/author\/adminuvb\/\"}]}<\/script>\n<!-- \/ Yoast SEO plugin. -->","yoast_head_json":{"title":"UVVAET promove Capacita\u00e7\u00e3o de Vereadores em Divin\u00f3polis - UVB Brasil","robots":{"index":"index","follow":"follow","max-snippet":"max-snippet:-1","max-image-preview":"max-image-preview:large","max-video-preview":"max-video-preview:-1"},"canonical":"https:\/\/uvbbrasil.com.br\/uvb-presente-na-capacitacao-da-uniao-dos-vereadores-do-vale-do-araguaia-em-divinopolis\/","og_locale":"pt_BR","og_type":"article","og_title":"UVVAET promove Capacita\u00e7\u00e3o de Vereadores em Divin\u00f3polis - UVB Brasil","og_description":"O presidente da Uni\u00e3o dos Vereadores do Brasil\/UVB, vereador\u00a0 de Ira\u00ed\/RS, Gilson Conzatti \u00e0 convite do vereador Clebinho Cavalcante (PSD),...","og_url":"https:\/\/uvbbrasil.com.br\/uvb-presente-na-capacitacao-da-uniao-dos-vereadores-do-vale-do-araguaia-em-divinopolis\/","og_site_name":"UVB Brasil","article_publisher":"https:\/\/www.facebook.com\/uvb.vereadoresbrasil","article_published_time":"2021-10-21T13:06:00+00:00","og_image":[{"width":1440,"height":1440,"url":"https:\/\/uvbbrasil.com.br\/wp-content\/uploads\/2021\/10\/247113824_5169657893051637_5908245517520875922_n.jpg","type":"image\/jpeg"}],"author":"adminuvb","twitter_card":"summary_large_image","twitter_misc":{"Escrito por":"adminuvb","Est. tempo de leitura":"3 minutos"},"schema":{"@context":"https:\/\/schema.org","@graph":[{"@type":"Article","@id":"https:\/\/uvbbrasil.com.br\/uvb-presente-na-capacitacao-da-uniao-dos-vereadores-do-vale-do-araguaia-em-divinopolis\/#article","isPartOf":{"@id":"https:\/\/uvbbrasil.com.br\/uvb-presente-na-capacitacao-da-uniao-dos-vereadores-do-vale-do-araguaia-em-divinopolis\/"},"author":{"name":"adminuvb","@id":"https:\/\/uvbbrasil.com.br\/#\/schema\/person\/17990098446c098f52effddff4f1b272"},"headline":"UVVAET promove Capacita\u00e7\u00e3o de Vereadores em Divin\u00f3polis","datePublished":"2021-10-21T13:06:00+00:00","mainEntityOfPage":{"@id":"https:\/\/uvbbrasil.com.br\/uvb-presente-na-capacitacao-da-uniao-dos-vereadores-do-vale-do-araguaia-em-divinopolis\/"},"wordCount":275,"commentCount":0,"publisher":{"@id":"https:\/\/uvbbrasil.com.br\/#organization"},"image":{"@id":"https:\/\/uvbbrasil.com.br\/uvb-presente-na-capacitacao-da-uniao-dos-vereadores-do-vale-do-araguaia-em-divinopolis\/#primaryimage"},"thumbnailUrl":"https:\/\/uvbbrasil.com.br\/wp-content\/uploads\/2021\/10\/247113824_5169657893051637_5908245517520875922_n.jpg","articleSection":["NOT\u00cdCIAS","UVB"],"inLanguage":"pt-BR","potentialAction":[{"@type":"CommentAction","name":"Comment","target":["https:\/\/uvbbrasil.com.br\/uvb-presente-na-capacitacao-da-uniao-dos-vereadores-do-vale-do-araguaia-em-divinopolis\/#respond"]}]},{"@type":"WebPage","@id":"https:\/\/uvbbrasil.com.br\/uvb-presente-na-capacitacao-da-uniao-dos-vereadores-do-vale-do-araguaia-em-divinopolis\/","url":"https:\/\/uvbbrasil.com.br\/uvb-presente-na-capacitacao-da-uniao-dos-vereadores-do-vale-do-araguaia-em-divinopolis\/","name":"UVVAET promove Capacita\u00e7\u00e3o de Vereadores em Divin\u00f3polis - UVB Brasil","isPartOf":{"@id":"https:\/\/uvbbrasil.com.br\/#website"},"primaryImageOfPage":{"@id":"https:\/\/uvbbrasil.com.br\/uvb-presente-na-capacitacao-da-uniao-dos-vereadores-do-vale-do-araguaia-em-divinopolis\/#primaryimage"},"image":{"@id":"https:\/\/uvbbrasil.com.br\/uvb-presente-na-capacitacao-da-uniao-dos-vereadores-do-vale-do-araguaia-em-divinopolis\/#primaryimage"},"thumbnailUrl":"https:\/\/uvbbrasil.com.br\/wp-content\/uploads\/2021\/10\/247113824_5169657893051637_5908245517520875922_n.jpg","datePublished":"2021-10-21T13:06:00+00:00","breadcrumb":{"@id":"https:\/\/uvbbrasil.com.br\/uvb-presente-na-capacitacao-da-uniao-dos-vereadores-do-vale-do-araguaia-em-divinopolis\/#breadcrumb"},"inLanguage":"pt-BR","potentialAction":[{"@type":"ReadAction","target":["https:\/\/uvbbrasil.com.br\/uvb-presente-na-capacitacao-da-uniao-dos-vereadores-do-vale-do-araguaia-em-divinopolis\/"]}]},{"@type":"ImageObject","inLanguage":"pt-BR","@id":"https:\/\/uvbbrasil.com.br\/uvb-presente-na-capacitacao-da-uniao-dos-vereadores-do-vale-do-araguaia-em-divinopolis\/#primaryimage","url":"https:\/\/uvbbrasil.com.br\/wp-content\/uploads\/2021\/10\/247113824_5169657893051637_5908245517520875922_n.jpg","contentUrl":"https:\/\/uvbbrasil.com.br\/wp-content\/uploads\/2021\/10\/247113824_5169657893051637_5908245517520875922_n.jpg","width":1440,"height":1440},{"@type":"BreadcrumbList","@id":"https:\/\/uvbbrasil.com.br\/uvb-presente-na-capacitacao-da-uniao-dos-vereadores-do-vale-do-araguaia-em-divinopolis\/#breadcrumb","itemListElement":[{"@type":"ListItem","position":1,"name":"In\u00edcio","item":"https:\/\/uvbbrasil.com.br\/"},{"@type":"ListItem","position":2,"name":"UVVAET promove Capacita\u00e7\u00e3o de Vereadores em Divin\u00f3polis"}]},{"@type":"WebSite","@id":"https:\/\/uvbbrasil.com.br\/#website","url":"https:\/\/uvbbrasil.com.br\/","name":"UVB Brasil","description":"Uni\u00e3o dos Vereadores do Brasil","publisher":{"@id":"https:\/\/uvbbrasil.com.br\/#organization"},"potentialAction":[{"@type":"SearchAction","target":{"@type":"EntryPoint","urlTemplate":"https:\/\/uvbbrasil.com.br\/?s={search_term_string}"},"query-input":{"@type":"PropertyValueSpecification","valueRequired":true,"valueName":"search_term_string"}}],"inLanguage":"pt-BR"},{"@type":"Organization","@id":"https:\/\/uvbbrasil.com.br\/#organization","name":"UVB Brasil","url":"https:\/\/uvbbrasil.com.br\/","logo":{"@type":"ImageObject","inLanguage":"pt-BR","@id":"https:\/\/uvbbrasil.com.br\/#\/schema\/logo\/image\/","url":"https:\/\/uvbbrasil.com.br\/wp-content\/uploads\/2025\/01\/LOGO-UVB-2024-azul-1.jpg","contentUrl":"https:\/\/uvbbrasil.com.br\/wp-content\/uploads\/2025\/01\/LOGO-UVB-2024-azul-1.jpg","width":600,"height":211,"caption":"UVB Brasil"},"image":{"@id":"https:\/\/uvbbrasil.com.br\/#\/schema\/logo\/image\/"},"sameAs":["https:\/\/www.facebook.com\/uvb.vereadoresbrasil","https:\/\/www.instagram.com\/uvbbrasil\/","https:\/\/www.youtube.com\/channel\/UCIlPQ8Xzw5GHNzosQIg9S5A"]},{"@type":"Person","@id":"https:\/\/uvbbrasil.com.br\/#\/schema\/person\/17990098446c098f52effddff4f1b272","name":"adminuvb","image":{"@type":"ImageObject","inLanguage":"pt-BR","@id":"https:\/\/uvbbrasil.com.br\/#\/schema\/person\/image\/","url":"https:\/\/secure.gravatar.com\/avatar\/1a494ea6f8e2dd1ae526e55b0e9497efdba542491e0620d704cccf63c6f77c45?s=96&d=mm&r=g","contentUrl":"https:\/\/secure.gravatar.com\/avatar\/1a494ea6f8e2dd1ae526e55b0e9497efdba542491e0620d704cccf63c6f77c45?s=96&d=mm&r=g","caption":"adminuvb"},"sameAs":["https:\/\/uvbbrasil.com.br"],"url":"https:\/\/uvbbrasil.com.br\/author\/adminuvb\/"}]}},"_links":{"self":[{"href":"https:\/\/uvbbrasil.com.br\/uvb-json\/wp\/v2\/posts\/23979","targetHints":{"allow":["GET"]}}],"collection":[{"href":"https:\/\/uvbbrasil.com.br\/uvb-json\/wp\/v2\/posts"}],"about":[{"href":"https:\/\/uvbbrasil.com.br\/uvb-json\/wp\/v2\/types\/post"}],"author":[{"embeddable":true,"href":"https:\/\/uvbbrasil.com.br\/uvb-json\/wp\/v2\/users\/1"}],"replies":[{"embeddable":true,"href":"https:\/\/uvbbrasil.com.br\/uvb-json\/wp\/v2\/comments?post=23979"}],"version-history":[{"count":0,"href":"https:\/\/uvbbrasil.com.br\/uvb-json\/wp\/v2\/posts\/23979\/revisions"}],"wp:featuredmedia":[{"embeddable":true,"href":"https:\/\/uvbbrasil.com.br\/uvb-json\/wp\/v2\/media\/23981"}],"wp:attachment":[{"href":"https:\/\/uvbbrasil.com.br\/uvb-json\/wp\/v2\/media?parent=23979"}],"wp:term":[{"taxonomy":"category","embeddable":true,"href":"https:\/\/uvbbrasil.com.br\/uvb-json\/wp\/v2\/categories?post=23979"},{"taxonomy":"post_tag","embeddable":true,"href":"https:\/\/uvbbrasil.com.br\/uvb-json\/wp\/v2\/tags?post=23979"}],"curies":[{"name":"wp","href":"https:\/\/api.w.org\/{rel}","templated":true}]}}