{"id":23971,"date":"2021-10-20T09:15:48","date_gmt":"2021-10-20T12:15:48","guid":{"rendered":"https:\/\/wpsandbox4.pante.com.br\/?p=23971"},"modified":"2021-10-20T09:15:48","modified_gmt":"2021-10-20T12:15:48","slug":"professores-sao-homenageados-com-a-comenda-do-merito-em-educacao-em-irai-rs","status":"publish","type":"post","link":"https:\/\/uvbbrasil.com.br\/professores-sao-homenageados-com-a-comenda-do-merito-em-educacao-em-irai-rs\/","title":{"rendered":"Professores s\u00e3o homenageados com a Comenda do M\u00e9rito em Educa\u00e7\u00e3o  em Ira\u00ed\/RS"},"content":{"rendered":"<p>Em comemora\u00e7\u00e3o ao Dia do Professor, celebrado no dia 15 de outubro, o Poder Legislativo, realizou na \u00faltima sexta-feira, duas sess\u00f5es, sendo uma ordin\u00e1ria para aprova\u00e7\u00e3o de projetos e ap\u00f3s sess\u00e3o solene em homenagem aos professores da rede de ensino de Ira\u00ed.<\/p>\n<p>A solenidade come\u00e7ou com a leitura de uma mensagem pela vereadora e professora, Franciele Diotti. Em seguida, iniciou a entrega das homenagens aos profissionais da educa\u00e7\u00e3o que receberam a Comenda do M\u00e9rito em Educa\u00e7\u00e3o Maria J\u00falia Thereza M\u00fczzel Magnabosco.<\/p>\n<p>Na ocasi\u00e3o, foi entregue a homenagem aos diretores, diretoras e respons\u00e1veis das escolas de Ira\u00ed, em seguida foi a vez das professoras que j\u00e1 contribu\u00edram com a o ensino em nossa comunidade.<\/p>\n<p>A Comenda Municipal do M\u00e9rito em Educa\u00e7\u00e3o \u201cMaria J\u00falia Thereza M\u00fczzel Magnabosco\u201d, foi institu\u00edda atrav\u00e9s do Projeto de Resolu\u00e7\u00e3o N\u00ba 014\/2021, de autoria do presidente da C\u00e2mara, o vereador Paulo Martins, e tem por objetivo homenagear anualmente os professores que contribu\u00edram e ainda contribuem na educa\u00e7\u00e3o do munic\u00edpio. Para o autor do projeto, vereador Paulo Martins, a homenagem \u00e9 importante, pois \u00e9 a forma que o legislativo encontrou de valorizar os profissionais da educa\u00e7\u00e3o, que s\u00e3o respons\u00e1veis pela forma\u00e7\u00e3o e desenvolvimento de toda uma sociedade.<\/p>\n<p>Estiveram presentes no plen\u00e1rio Luiz Baldin, o prefeito Antonio Vilson Bernardi, vice-prefeito Esequiel Tonial, a secret\u00e1ria de Educa\u00e7\u00e3o Marlisa Guerra e familiares dos homenageados. A manifesta\u00e7\u00e3o dos presentes est\u00e1 dispon\u00edvel no v\u00eddeo da Sess\u00e3o realizada na \u00faltima sexta-feira, 15.<\/p>\n<p><strong>Conhe\u00e7a os agraciados com a Comenda do M\u00e9rito em Educa\u00e7\u00e3o Maria J\u00falia Thereza M\u00fczzel Magnabosco<\/strong><\/p>\n<p>&nbsp;<\/p>\n<p><strong>Professoras aposentadas<\/strong><\/p>\n<p>Jeanete Backer Sucolotti, Eda Maria Dalla Nora Ues, Tam\u00e1ra Silveira Martins Hartmann, Lizete Von M\u00fclhen, Maria Negrello Forte, Ana Tereza Grassi Duarte, Zaira Regene Lorenzetti, Laine In\u00eas Balem, Cleci Terezinha Grassi e Marli Fellenberg Mior.<\/p>\n<p><strong>Diretores das Escolas<\/strong><\/p>\n<p><strong>Diretor do Instituto Estadual de Educa\u00e7\u00e3o Visconde de Taunay &#8211;<\/strong>\u00a0Vilmar Luis Leite<\/p>\n<p><strong>Diretora da Escola Municipal de Ensino Fundamental Dr. Gaspar Silveira Martins &#8211;<\/strong>\u00a0Luciana Gisela Pavan Ianzer,<\/p>\n<p><strong>Diretora da Escola Municipal de Ensino Fundamental Dr. Vicente Dutra &#8211;<\/strong>\u00a0Lisete Jardinelo,<\/p>\n<p><strong>Diretora da Escola Municipal de Ensino Fundamental Salgado Filho &#8211;\u00a0<\/strong>Atalita Gonzatti,<\/p>\n<p><strong>Diretora da Diretora da Escola Municipal de Educa\u00e7\u00e3o Infantil Casa da Crian\u00e7a &#8211;<\/strong>\u00a0Marcia Borella do Nascimento,<\/p>\n<p><strong>Respons\u00e1vel pela Escola Municipal de Educa\u00e7\u00e3o Infantil Crian\u00e7a Feliz &#8211;\u00a0<\/strong>Kaliandra Di Bernardo,<\/p>\n<p><strong>Diretora da Escola de Educa\u00e7\u00e3o Especial &#8211;\u00a0<\/strong>Vanderlea Maria da Costa Dahmer,<\/p>\n<p><strong>Diretora da Escola Estadual de Ensino Fundamental Marechal Rondon &#8211;\u00a0<\/strong>Roberta Folle,<\/p>\n<p><strong>Diretora da Escola Estadual de Ensino Fundamental Tancredo Neves &#8211;\u00a0<\/strong>Daniela Severiano,<\/p>\n<p><strong>Diretor da Escola Estadual Ind\u00edgena de Ensino Fundamental e M\u00e9dio Nan Ga &#8211;<\/strong>\u00a0Celso Jacinto,<\/p>\n<p><strong>Diretora da Escola Estadual Ind\u00edgena de Ensino Fundamental Goj Veso &#8211;<\/strong>\u00a0Edimara Babinski Backes,<\/p>\n<p><strong>Respons\u00e1vel pela Escola Municipal Ind\u00edgena de Educa\u00e7\u00e3o Infantil Nan Ga &#8211;<\/strong>\u00a0Maria Soeli Cosman,<\/p>\n<p><strong>Diretora da Escola Estadual de Ensino Fundamental Bento Gon\u00e7alves &#8211;\u00a0<\/strong>Vanderleia Maria Bertin Panno<\/p>\n<p><a href=\"https:\/\/uvbbrasil.com.br\/?attachment_id=23972\" rel=\"attachment wp-att-23972\"><img fetchpriority=\"high\" decoding=\"async\" class=\"aligncenter size-full wp-image-23972\" src=\"https:\/\/uvbbrasil.com.br\/wp-content\/uploads\/2021\/10\/8d022598fad73c886df92a8de1eae559.jpg\" alt=\"\" width=\"650\" height=\"433\" srcset=\"https:\/\/uvbbrasil.com.br\/wp-content\/uploads\/2021\/10\/8d022598fad73c886df92a8de1eae559.jpg 650w, https:\/\/uvbbrasil.com.br\/wp-content\/uploads\/2021\/10\/8d022598fad73c886df92a8de1eae559-300x200.jpg 300w\" sizes=\"(max-width: 650px) 100vw, 650px\" \/><\/a><\/p>\n<p><em>fonte<\/em>:<a href=\"https:\/\/irai.rs.leg.br\/noticias\/553\/professores-sao-homenageados-com-a-comenda-do-merito-em-educacao-maria-julia-thereza-muzzel-magnabosco\">https:\/\/irai.rs.leg.br\/noticias\/553\/professores-sao-homenageados-com-a-comenda-do-merito-em-educacao-maria-julia-thereza-muzzel-magnabosco<\/a><\/p>\n","protected":false},"excerpt":{"rendered":"<p>Em comemora\u00e7\u00e3o ao Dia do Professor, celebrado no dia 15 de outubro, o Poder Legislativo, realizou na \u00faltima sexta-feira, duas&#8230;<\/p>\n","protected":false},"author":1,"featured_media":23972,"comment_status":"open","ping_status":"open","sticky":false,"template":"","format":"standard","meta":{"footnotes":""},"categories":[3],"tags":[],"class_list":["post-23971","post","type-post","status-publish","format-standard","has-post-thumbnail","hentry","category-noticias"],"yoast_head":"<!-- This site is optimized with the Yoast SEO plugin v26.7 - https:\/\/yoast.com\/wordpress\/plugins\/seo\/ -->\n<title>Professores s\u00e3o homenageados com a Comenda do M\u00e9rito em Educa\u00e7\u00e3o em Ira\u00ed\/RS - UVB Brasil<\/title>\n<meta name=\"robots\" content=\"index, follow, max-snippet:-1, max-image-preview:large, max-video-preview:-1\" \/>\n<link rel=\"canonical\" href=\"https:\/\/uvbbrasil.com.br\/professores-sao-homenageados-com-a-comenda-do-merito-em-educacao-em-irai-rs\/\" \/>\n<meta property=\"og:locale\" content=\"pt_BR\" \/>\n<meta property=\"og:type\" content=\"article\" \/>\n<meta property=\"og:title\" content=\"Professores s\u00e3o homenageados com a Comenda do M\u00e9rito em Educa\u00e7\u00e3o em Ira\u00ed\/RS - UVB Brasil\" \/>\n<meta property=\"og:description\" content=\"Em comemora\u00e7\u00e3o ao Dia do Professor, celebrado no dia 15 de outubro, o Poder Legislativo, realizou na \u00faltima sexta-feira, duas...\" \/>\n<meta property=\"og:url\" content=\"https:\/\/uvbbrasil.com.br\/professores-sao-homenageados-com-a-comenda-do-merito-em-educacao-em-irai-rs\/\" \/>\n<meta property=\"og:site_name\" content=\"UVB Brasil\" \/>\n<meta property=\"article:publisher\" content=\"https:\/\/www.facebook.com\/uvb.vereadoresbrasil\" \/>\n<meta property=\"article:published_time\" content=\"2021-10-20T12:15:48+00:00\" \/>\n<meta property=\"og:image\" content=\"https:\/\/uvbbrasil.com.br\/wp-content\/uploads\/2021\/10\/8d022598fad73c886df92a8de1eae559.jpg\" \/>\n\t<meta property=\"og:image:width\" content=\"650\" \/>\n\t<meta property=\"og:image:height\" content=\"433\" \/>\n\t<meta property=\"og:image:type\" content=\"image\/jpeg\" \/>\n<meta name=\"author\" content=\"adminuvb\" \/>\n<meta name=\"twitter:card\" content=\"summary_large_image\" \/>\n<meta name=\"twitter:label1\" content=\"Escrito por\" \/>\n\t<meta name=\"twitter:data1\" content=\"adminuvb\" \/>\n\t<meta name=\"twitter:label2\" content=\"Est. tempo de leitura\" \/>\n\t<meta name=\"twitter:data2\" content=\"3 minutos\" \/>\n<script type=\"application\/ld+json\" class=\"yoast-schema-graph\">{\"@context\":\"https:\/\/schema.org\",\"@graph\":[{\"@type\":\"Article\",\"@id\":\"https:\/\/uvbbrasil.com.br\/professores-sao-homenageados-com-a-comenda-do-merito-em-educacao-em-irai-rs\/#article\",\"isPartOf\":{\"@id\":\"https:\/\/uvbbrasil.com.br\/professores-sao-homenageados-com-a-comenda-do-merito-em-educacao-em-irai-rs\/\"},\"author\":{\"name\":\"adminuvb\",\"@id\":\"https:\/\/uvbbrasil.com.br\/#\/schema\/person\/17990098446c098f52effddff4f1b272\"},\"headline\":\"Professores s\u00e3o homenageados com a Comenda do M\u00e9rito em Educa\u00e7\u00e3o em Ira\u00ed\/RS\",\"datePublished\":\"2021-10-20T12:15:48+00:00\",\"mainEntityOfPage\":{\"@id\":\"https:\/\/uvbbrasil.com.br\/professores-sao-homenageados-com-a-comenda-do-merito-em-educacao-em-irai-rs\/\"},\"wordCount\":548,\"commentCount\":0,\"publisher\":{\"@id\":\"https:\/\/uvbbrasil.com.br\/#organization\"},\"image\":{\"@id\":\"https:\/\/uvbbrasil.com.br\/professores-sao-homenageados-com-a-comenda-do-merito-em-educacao-em-irai-rs\/#primaryimage\"},\"thumbnailUrl\":\"https:\/\/uvbbrasil.com.br\/wp-content\/uploads\/2021\/10\/8d022598fad73c886df92a8de1eae559.jpg\",\"articleSection\":[\"NOT\u00cdCIAS\"],\"inLanguage\":\"pt-BR\",\"potentialAction\":[{\"@type\":\"CommentAction\",\"name\":\"Comment\",\"target\":[\"https:\/\/uvbbrasil.com.br\/professores-sao-homenageados-com-a-comenda-do-merito-em-educacao-em-irai-rs\/#respond\"]}]},{\"@type\":\"WebPage\",\"@id\":\"https:\/\/uvbbrasil.com.br\/professores-sao-homenageados-com-a-comenda-do-merito-em-educacao-em-irai-rs\/\",\"url\":\"https:\/\/uvbbrasil.com.br\/professores-sao-homenageados-com-a-comenda-do-merito-em-educacao-em-irai-rs\/\",\"name\":\"Professores s\u00e3o homenageados com a Comenda do M\u00e9rito em Educa\u00e7\u00e3o em Ira\u00ed\/RS - UVB Brasil\",\"isPartOf\":{\"@id\":\"https:\/\/uvbbrasil.com.br\/#website\"},\"primaryImageOfPage\":{\"@id\":\"https:\/\/uvbbrasil.com.br\/professores-sao-homenageados-com-a-comenda-do-merito-em-educacao-em-irai-rs\/#primaryimage\"},\"image\":{\"@id\":\"https:\/\/uvbbrasil.com.br\/professores-sao-homenageados-com-a-comenda-do-merito-em-educacao-em-irai-rs\/#primaryimage\"},\"thumbnailUrl\":\"https:\/\/uvbbrasil.com.br\/wp-content\/uploads\/2021\/10\/8d022598fad73c886df92a8de1eae559.jpg\",\"datePublished\":\"2021-10-20T12:15:48+00:00\",\"breadcrumb\":{\"@id\":\"https:\/\/uvbbrasil.com.br\/professores-sao-homenageados-com-a-comenda-do-merito-em-educacao-em-irai-rs\/#breadcrumb\"},\"inLanguage\":\"pt-BR\",\"potentialAction\":[{\"@type\":\"ReadAction\",\"target\":[\"https:\/\/uvbbrasil.com.br\/professores-sao-homenageados-com-a-comenda-do-merito-em-educacao-em-irai-rs\/\"]}]},{\"@type\":\"ImageObject\",\"inLanguage\":\"pt-BR\",\"@id\":\"https:\/\/uvbbrasil.com.br\/professores-sao-homenageados-com-a-comenda-do-merito-em-educacao-em-irai-rs\/#primaryimage\",\"url\":\"https:\/\/uvbbrasil.com.br\/wp-content\/uploads\/2021\/10\/8d022598fad73c886df92a8de1eae559.jpg\",\"contentUrl\":\"https:\/\/uvbbrasil.com.br\/wp-content\/uploads\/2021\/10\/8d022598fad73c886df92a8de1eae559.jpg\",\"width\":650,\"height\":433},{\"@type\":\"BreadcrumbList\",\"@id\":\"https:\/\/uvbbrasil.com.br\/professores-sao-homenageados-com-a-comenda-do-merito-em-educacao-em-irai-rs\/#breadcrumb\",\"itemListElement\":[{\"@type\":\"ListItem\",\"position\":1,\"name\":\"In\u00edcio\",\"item\":\"https:\/\/uvbbrasil.com.br\/\"},{\"@type\":\"ListItem\",\"position\":2,\"name\":\"Professores s\u00e3o homenageados com a Comenda do M\u00e9rito em Educa\u00e7\u00e3o em Ira\u00ed\/RS\"}]},{\"@type\":\"WebSite\",\"@id\":\"https:\/\/uvbbrasil.com.br\/#website\",\"url\":\"https:\/\/uvbbrasil.com.br\/\",\"name\":\"UVB Brasil\",\"description\":\"Uni\u00e3o dos Vereadores do Brasil\",\"publisher\":{\"@id\":\"https:\/\/uvbbrasil.com.br\/#organization\"},\"potentialAction\":[{\"@type\":\"SearchAction\",\"target\":{\"@type\":\"EntryPoint\",\"urlTemplate\":\"https:\/\/uvbbrasil.com.br\/?s={search_term_string}\"},\"query-input\":{\"@type\":\"PropertyValueSpecification\",\"valueRequired\":true,\"valueName\":\"search_term_string\"}}],\"inLanguage\":\"pt-BR\"},{\"@type\":\"Organization\",\"@id\":\"https:\/\/uvbbrasil.com.br\/#organization\",\"name\":\"UVB Brasil\",\"url\":\"https:\/\/uvbbrasil.com.br\/\",\"logo\":{\"@type\":\"ImageObject\",\"inLanguage\":\"pt-BR\",\"@id\":\"https:\/\/uvbbrasil.com.br\/#\/schema\/logo\/image\/\",\"url\":\"https:\/\/uvbbrasil.com.br\/wp-content\/uploads\/2025\/01\/LOGO-UVB-2024-azul-1.jpg\",\"contentUrl\":\"https:\/\/uvbbrasil.com.br\/wp-content\/uploads\/2025\/01\/LOGO-UVB-2024-azul-1.jpg\",\"width\":600,\"height\":211,\"caption\":\"UVB Brasil\"},\"image\":{\"@id\":\"https:\/\/uvbbrasil.com.br\/#\/schema\/logo\/image\/\"},\"sameAs\":[\"https:\/\/www.facebook.com\/uvb.vereadoresbrasil\",\"https:\/\/www.instagram.com\/uvbbrasil\/\",\"https:\/\/www.youtube.com\/channel\/UCIlPQ8Xzw5GHNzosQIg9S5A\"]},{\"@type\":\"Person\",\"@id\":\"https:\/\/uvbbrasil.com.br\/#\/schema\/person\/17990098446c098f52effddff4f1b272\",\"name\":\"adminuvb\",\"image\":{\"@type\":\"ImageObject\",\"inLanguage\":\"pt-BR\",\"@id\":\"https:\/\/uvbbrasil.com.br\/#\/schema\/person\/image\/\",\"url\":\"https:\/\/secure.gravatar.com\/avatar\/1a494ea6f8e2dd1ae526e55b0e9497efdba542491e0620d704cccf63c6f77c45?s=96&d=mm&r=g\",\"contentUrl\":\"https:\/\/secure.gravatar.com\/avatar\/1a494ea6f8e2dd1ae526e55b0e9497efdba542491e0620d704cccf63c6f77c45?s=96&d=mm&r=g\",\"caption\":\"adminuvb\"},\"sameAs\":[\"https:\/\/uvbbrasil.com.br\"],\"url\":\"https:\/\/uvbbrasil.com.br\/author\/adminuvb\/\"}]}<\/script>\n<!-- \/ Yoast SEO plugin. -->","yoast_head_json":{"title":"Professores s\u00e3o homenageados com a Comenda do M\u00e9rito em Educa\u00e7\u00e3o em Ira\u00ed\/RS - UVB Brasil","robots":{"index":"index","follow":"follow","max-snippet":"max-snippet:-1","max-image-preview":"max-image-preview:large","max-video-preview":"max-video-preview:-1"},"canonical":"https:\/\/uvbbrasil.com.br\/professores-sao-homenageados-com-a-comenda-do-merito-em-educacao-em-irai-rs\/","og_locale":"pt_BR","og_type":"article","og_title":"Professores s\u00e3o homenageados com a Comenda do M\u00e9rito em Educa\u00e7\u00e3o em Ira\u00ed\/RS - UVB Brasil","og_description":"Em comemora\u00e7\u00e3o ao Dia do Professor, celebrado no dia 15 de outubro, o Poder Legislativo, realizou na \u00faltima sexta-feira, duas...","og_url":"https:\/\/uvbbrasil.com.br\/professores-sao-homenageados-com-a-comenda-do-merito-em-educacao-em-irai-rs\/","og_site_name":"UVB Brasil","article_publisher":"https:\/\/www.facebook.com\/uvb.vereadoresbrasil","article_published_time":"2021-10-20T12:15:48+00:00","og_image":[{"width":650,"height":433,"url":"https:\/\/uvbbrasil.com.br\/wp-content\/uploads\/2021\/10\/8d022598fad73c886df92a8de1eae559.jpg","type":"image\/jpeg"}],"author":"adminuvb","twitter_card":"summary_large_image","twitter_misc":{"Escrito por":"adminuvb","Est. tempo de leitura":"3 minutos"},"schema":{"@context":"https:\/\/schema.org","@graph":[{"@type":"Article","@id":"https:\/\/uvbbrasil.com.br\/professores-sao-homenageados-com-a-comenda-do-merito-em-educacao-em-irai-rs\/#article","isPartOf":{"@id":"https:\/\/uvbbrasil.com.br\/professores-sao-homenageados-com-a-comenda-do-merito-em-educacao-em-irai-rs\/"},"author":{"name":"adminuvb","@id":"https:\/\/uvbbrasil.com.br\/#\/schema\/person\/17990098446c098f52effddff4f1b272"},"headline":"Professores s\u00e3o homenageados com a Comenda do M\u00e9rito em Educa\u00e7\u00e3o em Ira\u00ed\/RS","datePublished":"2021-10-20T12:15:48+00:00","mainEntityOfPage":{"@id":"https:\/\/uvbbrasil.com.br\/professores-sao-homenageados-com-a-comenda-do-merito-em-educacao-em-irai-rs\/"},"wordCount":548,"commentCount":0,"publisher":{"@id":"https:\/\/uvbbrasil.com.br\/#organization"},"image":{"@id":"https:\/\/uvbbrasil.com.br\/professores-sao-homenageados-com-a-comenda-do-merito-em-educacao-em-irai-rs\/#primaryimage"},"thumbnailUrl":"https:\/\/uvbbrasil.com.br\/wp-content\/uploads\/2021\/10\/8d022598fad73c886df92a8de1eae559.jpg","articleSection":["NOT\u00cdCIAS"],"inLanguage":"pt-BR","potentialAction":[{"@type":"CommentAction","name":"Comment","target":["https:\/\/uvbbrasil.com.br\/professores-sao-homenageados-com-a-comenda-do-merito-em-educacao-em-irai-rs\/#respond"]}]},{"@type":"WebPage","@id":"https:\/\/uvbbrasil.com.br\/professores-sao-homenageados-com-a-comenda-do-merito-em-educacao-em-irai-rs\/","url":"https:\/\/uvbbrasil.com.br\/professores-sao-homenageados-com-a-comenda-do-merito-em-educacao-em-irai-rs\/","name":"Professores s\u00e3o homenageados com a Comenda do M\u00e9rito em Educa\u00e7\u00e3o em Ira\u00ed\/RS - UVB Brasil","isPartOf":{"@id":"https:\/\/uvbbrasil.com.br\/#website"},"primaryImageOfPage":{"@id":"https:\/\/uvbbrasil.com.br\/professores-sao-homenageados-com-a-comenda-do-merito-em-educacao-em-irai-rs\/#primaryimage"},"image":{"@id":"https:\/\/uvbbrasil.com.br\/professores-sao-homenageados-com-a-comenda-do-merito-em-educacao-em-irai-rs\/#primaryimage"},"thumbnailUrl":"https:\/\/uvbbrasil.com.br\/wp-content\/uploads\/2021\/10\/8d022598fad73c886df92a8de1eae559.jpg","datePublished":"2021-10-20T12:15:48+00:00","breadcrumb":{"@id":"https:\/\/uvbbrasil.com.br\/professores-sao-homenageados-com-a-comenda-do-merito-em-educacao-em-irai-rs\/#breadcrumb"},"inLanguage":"pt-BR","potentialAction":[{"@type":"ReadAction","target":["https:\/\/uvbbrasil.com.br\/professores-sao-homenageados-com-a-comenda-do-merito-em-educacao-em-irai-rs\/"]}]},{"@type":"ImageObject","inLanguage":"pt-BR","@id":"https:\/\/uvbbrasil.com.br\/professores-sao-homenageados-com-a-comenda-do-merito-em-educacao-em-irai-rs\/#primaryimage","url":"https:\/\/uvbbrasil.com.br\/wp-content\/uploads\/2021\/10\/8d022598fad73c886df92a8de1eae559.jpg","contentUrl":"https:\/\/uvbbrasil.com.br\/wp-content\/uploads\/2021\/10\/8d022598fad73c886df92a8de1eae559.jpg","width":650,"height":433},{"@type":"BreadcrumbList","@id":"https:\/\/uvbbrasil.com.br\/professores-sao-homenageados-com-a-comenda-do-merito-em-educacao-em-irai-rs\/#breadcrumb","itemListElement":[{"@type":"ListItem","position":1,"name":"In\u00edcio","item":"https:\/\/uvbbrasil.com.br\/"},{"@type":"ListItem","position":2,"name":"Professores s\u00e3o homenageados com a Comenda do M\u00e9rito em Educa\u00e7\u00e3o em Ira\u00ed\/RS"}]},{"@type":"WebSite","@id":"https:\/\/uvbbrasil.com.br\/#website","url":"https:\/\/uvbbrasil.com.br\/","name":"UVB Brasil","description":"Uni\u00e3o dos Vereadores do Brasil","publisher":{"@id":"https:\/\/uvbbrasil.com.br\/#organization"},"potentialAction":[{"@type":"SearchAction","target":{"@type":"EntryPoint","urlTemplate":"https:\/\/uvbbrasil.com.br\/?s={search_term_string}"},"query-input":{"@type":"PropertyValueSpecification","valueRequired":true,"valueName":"search_term_string"}}],"inLanguage":"pt-BR"},{"@type":"Organization","@id":"https:\/\/uvbbrasil.com.br\/#organization","name":"UVB Brasil","url":"https:\/\/uvbbrasil.com.br\/","logo":{"@type":"ImageObject","inLanguage":"pt-BR","@id":"https:\/\/uvbbrasil.com.br\/#\/schema\/logo\/image\/","url":"https:\/\/uvbbrasil.com.br\/wp-content\/uploads\/2025\/01\/LOGO-UVB-2024-azul-1.jpg","contentUrl":"https:\/\/uvbbrasil.com.br\/wp-content\/uploads\/2025\/01\/LOGO-UVB-2024-azul-1.jpg","width":600,"height":211,"caption":"UVB Brasil"},"image":{"@id":"https:\/\/uvbbrasil.com.br\/#\/schema\/logo\/image\/"},"sameAs":["https:\/\/www.facebook.com\/uvb.vereadoresbrasil","https:\/\/www.instagram.com\/uvbbrasil\/","https:\/\/www.youtube.com\/channel\/UCIlPQ8Xzw5GHNzosQIg9S5A"]},{"@type":"Person","@id":"https:\/\/uvbbrasil.com.br\/#\/schema\/person\/17990098446c098f52effddff4f1b272","name":"adminuvb","image":{"@type":"ImageObject","inLanguage":"pt-BR","@id":"https:\/\/uvbbrasil.com.br\/#\/schema\/person\/image\/","url":"https:\/\/secure.gravatar.com\/avatar\/1a494ea6f8e2dd1ae526e55b0e9497efdba542491e0620d704cccf63c6f77c45?s=96&d=mm&r=g","contentUrl":"https:\/\/secure.gravatar.com\/avatar\/1a494ea6f8e2dd1ae526e55b0e9497efdba542491e0620d704cccf63c6f77c45?s=96&d=mm&r=g","caption":"adminuvb"},"sameAs":["https:\/\/uvbbrasil.com.br"],"url":"https:\/\/uvbbrasil.com.br\/author\/adminuvb\/"}]}},"_links":{"self":[{"href":"https:\/\/uvbbrasil.com.br\/uvb-json\/wp\/v2\/posts\/23971","targetHints":{"allow":["GET"]}}],"collection":[{"href":"https:\/\/uvbbrasil.com.br\/uvb-json\/wp\/v2\/posts"}],"about":[{"href":"https:\/\/uvbbrasil.com.br\/uvb-json\/wp\/v2\/types\/post"}],"author":[{"embeddable":true,"href":"https:\/\/uvbbrasil.com.br\/uvb-json\/wp\/v2\/users\/1"}],"replies":[{"embeddable":true,"href":"https:\/\/uvbbrasil.com.br\/uvb-json\/wp\/v2\/comments?post=23971"}],"version-history":[{"count":0,"href":"https:\/\/uvbbrasil.com.br\/uvb-json\/wp\/v2\/posts\/23971\/revisions"}],"wp:featuredmedia":[{"embeddable":true,"href":"https:\/\/uvbbrasil.com.br\/uvb-json\/wp\/v2\/media\/23972"}],"wp:attachment":[{"href":"https:\/\/uvbbrasil.com.br\/uvb-json\/wp\/v2\/media?parent=23971"}],"wp:term":[{"taxonomy":"category","embeddable":true,"href":"https:\/\/uvbbrasil.com.br\/uvb-json\/wp\/v2\/categories?post=23971"},{"taxonomy":"post_tag","embeddable":true,"href":"https:\/\/uvbbrasil.com.br\/uvb-json\/wp\/v2\/tags?post=23971"}],"curies":[{"name":"wp","href":"https:\/\/api.w.org\/{rel}","templated":true}]}}