{"id":23954,"date":"2021-10-19T11:24:28","date_gmt":"2021-10-19T14:24:28","guid":{"rendered":"https:\/\/wpsandbox4.pante.com.br\/?p=23954"},"modified":"2021-10-19T11:24:28","modified_gmt":"2021-10-19T14:24:28","slug":"mulheres-discutem-o-impacto-da-violencia-politica-na-representatividade-feminina-nas-casas-legislativas","status":"publish","type":"post","link":"https:\/\/uvbbrasil.com.br\/mulheres-discutem-o-impacto-da-violencia-politica-na-representatividade-feminina-nas-casas-legislativas\/","title":{"rendered":"Mulheres discutem o impacto da viol\u00eancia pol\u00edtica na representatividade feminina nas casas legislativas"},"content":{"rendered":"<p class=\"noticia-subtitulo\">Painel do semin\u00e1rio \u201cMais Mulheres na Pol\u00edtica &#8211; sem viol\u00eancia de g\u00eanero\u201d reuniu magistradas, parlamentares e estudiosas do tema<\/p>\n<p>O segundo painel do semin\u00e1rio \u201cMais Mulheres na Pol\u00edtica &#8211; sem viol\u00eancia de g\u00eanero\u201d, na tarde desta segunda-feira (18), teve como tema \u201cViol\u00eancia pol\u00edtica de g\u00eanero no Brasil \u2013 Verdades e perspectivas\u201d. O debate foi mediado pela ministra do Tribunal Superior Eleitoral (TSE) Maria Cl\u00e1udia Bucchianeri Pinheiro e contou com a participa\u00e7\u00e3o da ministra do Supremo Tribunal Federal (STF) C\u00e1rmen L\u00facia; da representante para o Brasil da ag\u00eancia ONU Mulheres, Anastasia Divinskaya; da deputada federal Celina Le\u00e3o (PP-DF); da presidente da Associa\u00e7\u00e3o dos Magistrados Brasileiros (AMB), Renata Gil; da senadora Simone Tebet (MDB-MS); e da promotora de justi\u00e7a do estado da Bahia L\u00edvia Vaz.<\/p>\n<p>O objetivo do semin\u00e1rio foi reunir especialistas, parlamentares e autoridades para uma reflex\u00e3o ampla e plural sobre as pr\u00e1ticas abusivas enfrentadas ainda hoje. A proposta foi apontar os diferentes tipos de comportamentos relacionados \u00e0 discrimina\u00e7\u00e3o pol\u00edtica de g\u00eanero, a fim de discutir mecanismos de prote\u00e7\u00e3o \u00e0s mulheres que atuam em cargos nas casas legislativas.<\/p>\n<p>Os debates tamb\u00e9m abordaram a necessidade de aten\u00e7\u00e3o \u00e0 situa\u00e7\u00e3o das mulheres negras, ind\u00edgenas, LGBTQIA+ e com defici\u00eancia, que sofrem duplamente por fazerem parte de um grupo mais vulner\u00e1vel socialmente. O evento foi aberto ao p\u00fablico e transmitido ao vivo pelo\u00a0<a href=\"https:\/\/www.youtube.com\/watch?v=zD0ED-Go0V4\" target=\"_self\" rel=\"noopener\">canal do Tribunal no YouTube<\/a>, com tradu\u00e7\u00e3o simult\u00e2nea em L\u00edngua Brasileira de Sinais (Libras).<\/p>\n<p><b>\u201cAbaixo de cachorro\u201d<\/b><\/p>\n<p>Primeira a falar, a ministra C\u00e1rmen L\u00facia fundamentou a luta para a maior participa\u00e7\u00e3o das mulheres na pol\u00edtica no inciso I do Artigo 5\u00ba da Constitui\u00e7\u00e3o Federal, que estabelece que homens e mulheres s\u00e3o iguais em direitos e deveres perante a Lei. A exclus\u00e3o da participa\u00e7\u00e3o feminina na pol\u00edtica, que se faz hist\u00f3rica no Brasil, segundo a ministra, \u201cleva \u00e0 morte c\u00edvica, \u00e0 morte f\u00edsica, \u00e0 morte intelectual de mulheres pelo mundo afora, e de uma forma espec\u00edfica no Brasil\u201d.<\/p>\n<p>A \u201cviol\u00eancia c\u00edvica\u201d, como denominou C\u00e1rmen L\u00facia, tem o seu lugar ao lado de outras formas de viol\u00eancia infligidas \u00e0s mulheres, como a f\u00edsica, a moral, a patrimonial e a psicol\u00f3gica. E fazendo um paralelo com a nova legisla\u00e7\u00e3o que co\u00edbe os maus tratos a c\u00e3es e gatos, a ministra destacou que a pena m\u00ednima para os maus tratos contra os animais dom\u00e9sticos \u00e9 a mesma que a m\u00e1xima para maus tratos psicol\u00f3gicos contra mulheres. \u201cAgora, no Brasil, literal e legalmente, eu, como mulher, estou abaixo de cachorro\u201d, pontuou.<\/p>\n<p><b>Brasil em 133\u00ba lugar<\/b><\/p>\n<p>A representante da ONU Mulheres no Brasil, Anastasia Divinskaya, apresentou uma s\u00e9rie de dados que tra\u00e7am o quadro da presen\u00e7a feminina na pol\u00edtica brasileira, em compara\u00e7\u00e3o com outros pa\u00edses. Segundo ela o Brasil, embora tenha 52% de mulheres eleitoras, est\u00e1 abaixo da m\u00e9dia mundial na representa\u00e7\u00e3o feminina na pol\u00edtica: elas s\u00e3o menos de 15% dos representantes eleitos.<\/p>\n<p>Com apenas 14,35% de eleitas para a C\u00e2mara dos Deputados, o Brasil \u00e9 o 133\u00ba pa\u00eds no\u00a0<i>ranking<\/i>\u00a0da Uni\u00e3o Interparlamentar (UIP) sobre a participa\u00e7\u00e3o de mulheres em c\u00e2maras baixas. \u00a0Em cargos ministeriais, o Brasil ocupa o 144\u00ba lugar no\u00a0<i>ranking<\/i>\u00a0mundial de representatividade feminina e o 142\u00ba no\u00a0<i>ranking<\/i>\u00a0de representa\u00e7\u00e3o parlamentar. Na Am\u00e9rica Latina, fica \u00e0 frente apenas das Bahamas, Belize e Haiti. Nas Elei\u00e7\u00f5es Municipais de 2020, 16 munic\u00edpios brasileiros n\u00e3o elegeram sequer uma mulher vereadora.<\/p>\n<p>Anastasia reconheceu que houve avan\u00e7os no est\u00edmulo \u00e0 presen\u00e7a feminina na pol\u00edtica, mas que ainda h\u00e1 muito a ser feito. A causas dessa sub-representa\u00e7\u00e3o s\u00e3o bem conhecidas, segundo ela: patriarcado, desigualdade estrutural e m\u00faltiplas formas de discrimina\u00e7\u00e3o. \u201cTemos dados que mostram que a viol\u00eancia contra as mulheres que ocupam cargos p\u00fablicos e de decis\u00e3o pol\u00edtica tem um impacto arrepiante na ambi\u00e7\u00e3o pol\u00edtica das mulheres jovens\u201d, revelou a representante da ONU Mulheres. Esse, segundo ela, \u00e9 um efeito desejado por quem realiza essa viol\u00eancia.<\/p>\n<p><b>Dobro de mulheres eleitas<\/b><\/p>\n<p>\u201cEu sou fruto da luta de mulheres que estavam em situa\u00e7\u00e3o de poder\u201d, disse a deputada Celina Le\u00e3o (PP-DF), presidente da Frente Parlamentar de Defesa dos Direitos da Mulher e coordenadora-geral da Secretaria da Mulher na C\u00e2mara dos Deputados. Ela destacou que, nas Elei\u00e7\u00f5es Gerais de 2018 e nas Municipais de 2020, foi poss\u00edvel dobrar o n\u00famero de mulheres eleitas gra\u00e7as \u00e0 cota de g\u00eanero para a distribui\u00e7\u00e3o do Fundo Especial de Financiamento de Campanha (FEFC), conhecido como Fundo Eleitoral, e para o tempo de propaganda no r\u00e1dio e na televis\u00e3o.<\/p>\n<p>A deputada ressaltou que essas conquistas aconteceram na seara do Poder Judici\u00e1rio porque, segundo ela, o ambiente do Poder Legislativo ainda \u00e9 muito machista. Para Celina Le\u00e3o, essa situa\u00e7\u00e3o s\u00f3 ser\u00e1 revertida com a conquista de uma maior representatividade feminina no Parlamento, para que iniciativas que protejam e beneficiem mulheres possam progredir sem enfrentar obst\u00e1culos de g\u00eanero. Hoje, ela destacou, mulheres deputadas presidem sete comiss\u00f5es permanentes e ocupam tr\u00eas cargos na Mesa Diretora da C\u00e2mara dos Deputados.<\/p>\n<p>Ela apontou que o crime de viol\u00eancia pol\u00edtica, com pena de tr\u00eas meses a seis anos de reclus\u00e3o, foi inclu\u00eddo no C\u00f3digo Penal por meio da atua\u00e7\u00e3o da deputada Margarete Coelho (PP-PI), relatora do projeto. E que, na discuss\u00e3o do C\u00f3digo Eleitoral, tamb\u00e9m relatado por Margarete, foram inclu\u00eddos diversos dispositivos que beneficiam candidaturas de mulheres e negros, como a contabiliza\u00e7\u00e3o em dobro dos votos a esses dois grupos para efeitos de c\u00e1lculo dos repasses do Fundo Partid\u00e1rio, entre outros.<\/p>\n<p><b>Profundo processo de mudan\u00e7a<\/b><\/p>\n<p>Ao tomar a palavra, a ju\u00edza Renata Gil, presidente da Associa\u00e7\u00e3o dos Magistrados Brasileiros (AMB), apontou que o Brasil passa, nos \u00faltimos tempos, por um profundo processo de mudan\u00e7a, onde muitas mulheres t\u00eam ocupado espa\u00e7os de poder. \u201cN\u00f3s, que ocupamos esses espa\u00e7os de poder, precisamos no unir e nos posicionar publicamente contra a viol\u00eancia contra a mulher\u201d, conclamou.<\/p>\n<p>O pr\u00f3ximo passo na luta no combate \u00e0 viol\u00eancia de g\u00eanero, segundo Renata Gil, \u00e9 o projeto de lei que torna obrigat\u00f3ria a realiza\u00e7\u00e3o de uma semana de estudo de viol\u00eancia contra a mulher nas escolas e a inclus\u00e3o, na grade curricular dos estudantes, de no\u00e7\u00f5es de combate \u00e0s agress\u00f5es de g\u00eanero. \u201cEssa lei \u00e9 a que vai fazer a virada de p\u00e1gina, que vai quebrar esse paradigma de viol\u00eancia. Tenho certeza de que vamos colher muitos bons frutos daqui para frente\u201d, acredita.<\/p>\n<p><b>Sempre filhas ou esposas de homens p\u00fablicos<\/b><\/p>\n<p>A senadora Simone Tebet apontou que o processo de promo\u00e7\u00e3o da presen\u00e7a feminina na pol\u00edtica tem se desenvolvido com mais rapidez nos \u00faltimos anos. Fazendo um retrospecto da hist\u00f3ria da democracia brasileira, Tebet apontou que levou s\u00e9culos para a mulher poder votar, d\u00e9cadas para poder ser eleita. E hoje j\u00e1 h\u00e1 a conquista de cotas de financiamento e tempo de propaganda para candidaturas femininas.<\/p>\n<p>Isso, ela conta, ajudou a terminar com a concep\u00e7\u00e3o de que mulheres na pol\u00edtica tinham sempre que ser filhas ou esposas de algum homem p\u00fablico. E as cotas de g\u00eanero encerraram a pr\u00e1tica de subfinanciamento das campanhas femininas, que recebiam bem menos recursos quando em compara\u00e7\u00e3o aos candidatos do sexo masculino. Com a inclus\u00e3o da viol\u00eancia pol\u00edtica como tipo do C\u00f3digo Penal, as mulheres tiveram assegurado o direito de voz na pol\u00edtica brasileira.<\/p>\n<p><b>A dor do corpo negro<\/b><\/p>\n<p>\u201c\u00c9 importante nomear nossas dores\u201d, apontou L\u00edvia Vaz, promotora p\u00fablica do estado da Bahia, ao deixar claro o porqu\u00ea da import\u00e2ncia de que mulheres \u2013 em especial, as mulheres negras \u2013 ocupem espa\u00e7os na pol\u00edtica para, assim, poderem trazer para o debate p\u00fablico as dificuldades que enfrentam em seu cotidiano.<\/p>\n<p>A aten\u00e7\u00e3o \u00e0s mulheres negras, segundo ela, se deve ao fato de que essa parcela da popula\u00e7\u00e3o \u00e9 v\u00edtima ao mesmo tempo de duas formas distintas de opress\u00e3o: a opress\u00e3o sexista, por serem mulheres, e a opress\u00e3o racista, por serem negras. E isso, explica L\u00edvia Vaz, as exp\u00f5e a um grau maior de viol\u00eancia, que configura um feminic\u00eddio negro. \u201cQuando eu falo das diferen\u00e7as, n\u00e3o \u00e9 para nos separar. Eu falo das diferen\u00e7as para amplificar o olhar de quem n\u00e3o sofre as dores que o meu corpo negro sofre\u201d, concluiu.<\/p>\n<p><a href=\"https:\/\/uvbbrasil.com.br\/?attachment_id=23955\" rel=\"attachment wp-att-23955\"><img fetchpriority=\"high\" decoding=\"async\" class=\"aligncenter size-full wp-image-23955\" src=\"https:\/\/uvbbrasil.com.br\/wp-content\/uploads\/2021\/10\/215104cc-4d79-46ff-8fdf-f3bd66ef64ee.jpeg\" alt=\"\" width=\"543\" height=\"263\" srcset=\"https:\/\/uvbbrasil.com.br\/wp-content\/uploads\/2021\/10\/215104cc-4d79-46ff-8fdf-f3bd66ef64ee.jpeg 543w, https:\/\/uvbbrasil.com.br\/wp-content\/uploads\/2021\/10\/215104cc-4d79-46ff-8fdf-f3bd66ef64ee-300x145.jpeg 300w\" sizes=\"(max-width: 543px) 100vw, 543px\" \/><\/a><\/p>\n","protected":false},"excerpt":{"rendered":"<p>Painel do semin\u00e1rio \u201cMais Mulheres na Pol\u00edtica &#8211; sem viol\u00eancia de g\u00eanero\u201d reuniu magistradas, parlamentares e estudiosas do tema O&#8230;<\/p>\n","protected":false},"author":1,"featured_media":23955,"comment_status":"open","ping_status":"open","sticky":false,"template":"","format":"standard","meta":{"footnotes":""},"categories":[3],"tags":[],"class_list":["post-23954","post","type-post","status-publish","format-standard","has-post-thumbnail","hentry","category-noticias"],"yoast_head":"<!-- This site is optimized with the Yoast SEO plugin v26.7 - https:\/\/yoast.com\/wordpress\/plugins\/seo\/ -->\n<title>Mulheres discutem o impacto da viol\u00eancia pol\u00edtica na representatividade feminina nas casas legislativas - UVB Brasil<\/title>\n<meta name=\"robots\" content=\"index, follow, max-snippet:-1, max-image-preview:large, max-video-preview:-1\" \/>\n<link rel=\"canonical\" href=\"https:\/\/uvbbrasil.com.br\/mulheres-discutem-o-impacto-da-violencia-politica-na-representatividade-feminina-nas-casas-legislativas\/\" \/>\n<meta property=\"og:locale\" content=\"pt_BR\" \/>\n<meta property=\"og:type\" content=\"article\" \/>\n<meta property=\"og:title\" content=\"Mulheres discutem o impacto da viol\u00eancia pol\u00edtica na representatividade feminina nas casas legislativas - UVB Brasil\" \/>\n<meta property=\"og:description\" content=\"Painel do semin\u00e1rio \u201cMais Mulheres na Pol\u00edtica &#8211; sem viol\u00eancia de g\u00eanero\u201d reuniu magistradas, parlamentares e estudiosas do tema O...\" \/>\n<meta property=\"og:url\" content=\"https:\/\/uvbbrasil.com.br\/mulheres-discutem-o-impacto-da-violencia-politica-na-representatividade-feminina-nas-casas-legislativas\/\" \/>\n<meta property=\"og:site_name\" content=\"UVB Brasil\" \/>\n<meta property=\"article:publisher\" content=\"https:\/\/www.facebook.com\/uvb.vereadoresbrasil\" \/>\n<meta property=\"article:published_time\" content=\"2021-10-19T14:24:28+00:00\" \/>\n<meta property=\"og:image\" content=\"https:\/\/uvbbrasil.com.br\/wp-content\/uploads\/2021\/10\/215104cc-4d79-46ff-8fdf-f3bd66ef64ee.jpeg\" \/>\n\t<meta property=\"og:image:width\" content=\"543\" \/>\n\t<meta property=\"og:image:height\" content=\"263\" \/>\n\t<meta property=\"og:image:type\" content=\"image\/jpeg\" \/>\n<meta name=\"author\" content=\"adminuvb\" \/>\n<meta name=\"twitter:card\" content=\"summary_large_image\" \/>\n<meta name=\"twitter:label1\" content=\"Escrito por\" \/>\n\t<meta name=\"twitter:data1\" content=\"adminuvb\" \/>\n\t<meta name=\"twitter:label2\" content=\"Est. tempo de leitura\" \/>\n\t<meta name=\"twitter:data2\" content=\"6 minutos\" \/>\n<script type=\"application\/ld+json\" class=\"yoast-schema-graph\">{\"@context\":\"https:\/\/schema.org\",\"@graph\":[{\"@type\":\"Article\",\"@id\":\"https:\/\/uvbbrasil.com.br\/mulheres-discutem-o-impacto-da-violencia-politica-na-representatividade-feminina-nas-casas-legislativas\/#article\",\"isPartOf\":{\"@id\":\"https:\/\/uvbbrasil.com.br\/mulheres-discutem-o-impacto-da-violencia-politica-na-representatividade-feminina-nas-casas-legislativas\/\"},\"author\":{\"name\":\"adminuvb\",\"@id\":\"https:\/\/uvbbrasil.com.br\/#\/schema\/person\/17990098446c098f52effddff4f1b272\"},\"headline\":\"Mulheres discutem o impacto da viol\u00eancia pol\u00edtica na representatividade feminina nas casas legislativas\",\"datePublished\":\"2021-10-19T14:24:28+00:00\",\"mainEntityOfPage\":{\"@id\":\"https:\/\/uvbbrasil.com.br\/mulheres-discutem-o-impacto-da-violencia-politica-na-representatividade-feminina-nas-casas-legislativas\/\"},\"wordCount\":1484,\"commentCount\":0,\"publisher\":{\"@id\":\"https:\/\/uvbbrasil.com.br\/#organization\"},\"image\":{\"@id\":\"https:\/\/uvbbrasil.com.br\/mulheres-discutem-o-impacto-da-violencia-politica-na-representatividade-feminina-nas-casas-legislativas\/#primaryimage\"},\"thumbnailUrl\":\"https:\/\/uvbbrasil.com.br\/wp-content\/uploads\/2021\/10\/215104cc-4d79-46ff-8fdf-f3bd66ef64ee.jpeg\",\"articleSection\":[\"NOT\u00cdCIAS\"],\"inLanguage\":\"pt-BR\",\"potentialAction\":[{\"@type\":\"CommentAction\",\"name\":\"Comment\",\"target\":[\"https:\/\/uvbbrasil.com.br\/mulheres-discutem-o-impacto-da-violencia-politica-na-representatividade-feminina-nas-casas-legislativas\/#respond\"]}]},{\"@type\":\"WebPage\",\"@id\":\"https:\/\/uvbbrasil.com.br\/mulheres-discutem-o-impacto-da-violencia-politica-na-representatividade-feminina-nas-casas-legislativas\/\",\"url\":\"https:\/\/uvbbrasil.com.br\/mulheres-discutem-o-impacto-da-violencia-politica-na-representatividade-feminina-nas-casas-legislativas\/\",\"name\":\"Mulheres discutem o impacto da viol\u00eancia pol\u00edtica na representatividade feminina nas casas legislativas - UVB Brasil\",\"isPartOf\":{\"@id\":\"https:\/\/uvbbrasil.com.br\/#website\"},\"primaryImageOfPage\":{\"@id\":\"https:\/\/uvbbrasil.com.br\/mulheres-discutem-o-impacto-da-violencia-politica-na-representatividade-feminina-nas-casas-legislativas\/#primaryimage\"},\"image\":{\"@id\":\"https:\/\/uvbbrasil.com.br\/mulheres-discutem-o-impacto-da-violencia-politica-na-representatividade-feminina-nas-casas-legislativas\/#primaryimage\"},\"thumbnailUrl\":\"https:\/\/uvbbrasil.com.br\/wp-content\/uploads\/2021\/10\/215104cc-4d79-46ff-8fdf-f3bd66ef64ee.jpeg\",\"datePublished\":\"2021-10-19T14:24:28+00:00\",\"breadcrumb\":{\"@id\":\"https:\/\/uvbbrasil.com.br\/mulheres-discutem-o-impacto-da-violencia-politica-na-representatividade-feminina-nas-casas-legislativas\/#breadcrumb\"},\"inLanguage\":\"pt-BR\",\"potentialAction\":[{\"@type\":\"ReadAction\",\"target\":[\"https:\/\/uvbbrasil.com.br\/mulheres-discutem-o-impacto-da-violencia-politica-na-representatividade-feminina-nas-casas-legislativas\/\"]}]},{\"@type\":\"ImageObject\",\"inLanguage\":\"pt-BR\",\"@id\":\"https:\/\/uvbbrasil.com.br\/mulheres-discutem-o-impacto-da-violencia-politica-na-representatividade-feminina-nas-casas-legislativas\/#primaryimage\",\"url\":\"https:\/\/uvbbrasil.com.br\/wp-content\/uploads\/2021\/10\/215104cc-4d79-46ff-8fdf-f3bd66ef64ee.jpeg\",\"contentUrl\":\"https:\/\/uvbbrasil.com.br\/wp-content\/uploads\/2021\/10\/215104cc-4d79-46ff-8fdf-f3bd66ef64ee.jpeg\",\"width\":543,\"height\":263},{\"@type\":\"BreadcrumbList\",\"@id\":\"https:\/\/uvbbrasil.com.br\/mulheres-discutem-o-impacto-da-violencia-politica-na-representatividade-feminina-nas-casas-legislativas\/#breadcrumb\",\"itemListElement\":[{\"@type\":\"ListItem\",\"position\":1,\"name\":\"In\u00edcio\",\"item\":\"https:\/\/uvbbrasil.com.br\/\"},{\"@type\":\"ListItem\",\"position\":2,\"name\":\"Mulheres discutem o impacto da viol\u00eancia pol\u00edtica na representatividade feminina nas casas legislativas\"}]},{\"@type\":\"WebSite\",\"@id\":\"https:\/\/uvbbrasil.com.br\/#website\",\"url\":\"https:\/\/uvbbrasil.com.br\/\",\"name\":\"UVB Brasil\",\"description\":\"Uni\u00e3o dos Vereadores do Brasil\",\"publisher\":{\"@id\":\"https:\/\/uvbbrasil.com.br\/#organization\"},\"potentialAction\":[{\"@type\":\"SearchAction\",\"target\":{\"@type\":\"EntryPoint\",\"urlTemplate\":\"https:\/\/uvbbrasil.com.br\/?s={search_term_string}\"},\"query-input\":{\"@type\":\"PropertyValueSpecification\",\"valueRequired\":true,\"valueName\":\"search_term_string\"}}],\"inLanguage\":\"pt-BR\"},{\"@type\":\"Organization\",\"@id\":\"https:\/\/uvbbrasil.com.br\/#organization\",\"name\":\"UVB Brasil\",\"url\":\"https:\/\/uvbbrasil.com.br\/\",\"logo\":{\"@type\":\"ImageObject\",\"inLanguage\":\"pt-BR\",\"@id\":\"https:\/\/uvbbrasil.com.br\/#\/schema\/logo\/image\/\",\"url\":\"https:\/\/uvbbrasil.com.br\/wp-content\/uploads\/2025\/01\/LOGO-UVB-2024-azul-1.jpg\",\"contentUrl\":\"https:\/\/uvbbrasil.com.br\/wp-content\/uploads\/2025\/01\/LOGO-UVB-2024-azul-1.jpg\",\"width\":600,\"height\":211,\"caption\":\"UVB Brasil\"},\"image\":{\"@id\":\"https:\/\/uvbbrasil.com.br\/#\/schema\/logo\/image\/\"},\"sameAs\":[\"https:\/\/www.facebook.com\/uvb.vereadoresbrasil\",\"https:\/\/www.instagram.com\/uvbbrasil\/\",\"https:\/\/www.youtube.com\/channel\/UCIlPQ8Xzw5GHNzosQIg9S5A\"]},{\"@type\":\"Person\",\"@id\":\"https:\/\/uvbbrasil.com.br\/#\/schema\/person\/17990098446c098f52effddff4f1b272\",\"name\":\"adminuvb\",\"image\":{\"@type\":\"ImageObject\",\"inLanguage\":\"pt-BR\",\"@id\":\"https:\/\/uvbbrasil.com.br\/#\/schema\/person\/image\/\",\"url\":\"https:\/\/secure.gravatar.com\/avatar\/1a494ea6f8e2dd1ae526e55b0e9497efdba542491e0620d704cccf63c6f77c45?s=96&d=mm&r=g\",\"contentUrl\":\"https:\/\/secure.gravatar.com\/avatar\/1a494ea6f8e2dd1ae526e55b0e9497efdba542491e0620d704cccf63c6f77c45?s=96&d=mm&r=g\",\"caption\":\"adminuvb\"},\"sameAs\":[\"https:\/\/uvbbrasil.com.br\"],\"url\":\"https:\/\/uvbbrasil.com.br\/author\/adminuvb\/\"}]}<\/script>\n<!-- \/ Yoast SEO plugin. -->","yoast_head_json":{"title":"Mulheres discutem o impacto da viol\u00eancia pol\u00edtica na representatividade feminina nas casas legislativas - UVB Brasil","robots":{"index":"index","follow":"follow","max-snippet":"max-snippet:-1","max-image-preview":"max-image-preview:large","max-video-preview":"max-video-preview:-1"},"canonical":"https:\/\/uvbbrasil.com.br\/mulheres-discutem-o-impacto-da-violencia-politica-na-representatividade-feminina-nas-casas-legislativas\/","og_locale":"pt_BR","og_type":"article","og_title":"Mulheres discutem o impacto da viol\u00eancia pol\u00edtica na representatividade feminina nas casas legislativas - UVB Brasil","og_description":"Painel do semin\u00e1rio \u201cMais Mulheres na Pol\u00edtica &#8211; sem viol\u00eancia de g\u00eanero\u201d reuniu magistradas, parlamentares e estudiosas do tema O...","og_url":"https:\/\/uvbbrasil.com.br\/mulheres-discutem-o-impacto-da-violencia-politica-na-representatividade-feminina-nas-casas-legislativas\/","og_site_name":"UVB Brasil","article_publisher":"https:\/\/www.facebook.com\/uvb.vereadoresbrasil","article_published_time":"2021-10-19T14:24:28+00:00","og_image":[{"width":543,"height":263,"url":"https:\/\/uvbbrasil.com.br\/wp-content\/uploads\/2021\/10\/215104cc-4d79-46ff-8fdf-f3bd66ef64ee.jpeg","type":"image\/jpeg"}],"author":"adminuvb","twitter_card":"summary_large_image","twitter_misc":{"Escrito por":"adminuvb","Est. tempo de leitura":"6 minutos"},"schema":{"@context":"https:\/\/schema.org","@graph":[{"@type":"Article","@id":"https:\/\/uvbbrasil.com.br\/mulheres-discutem-o-impacto-da-violencia-politica-na-representatividade-feminina-nas-casas-legislativas\/#article","isPartOf":{"@id":"https:\/\/uvbbrasil.com.br\/mulheres-discutem-o-impacto-da-violencia-politica-na-representatividade-feminina-nas-casas-legislativas\/"},"author":{"name":"adminuvb","@id":"https:\/\/uvbbrasil.com.br\/#\/schema\/person\/17990098446c098f52effddff4f1b272"},"headline":"Mulheres discutem o impacto da viol\u00eancia pol\u00edtica na representatividade feminina nas casas legislativas","datePublished":"2021-10-19T14:24:28+00:00","mainEntityOfPage":{"@id":"https:\/\/uvbbrasil.com.br\/mulheres-discutem-o-impacto-da-violencia-politica-na-representatividade-feminina-nas-casas-legislativas\/"},"wordCount":1484,"commentCount":0,"publisher":{"@id":"https:\/\/uvbbrasil.com.br\/#organization"},"image":{"@id":"https:\/\/uvbbrasil.com.br\/mulheres-discutem-o-impacto-da-violencia-politica-na-representatividade-feminina-nas-casas-legislativas\/#primaryimage"},"thumbnailUrl":"https:\/\/uvbbrasil.com.br\/wp-content\/uploads\/2021\/10\/215104cc-4d79-46ff-8fdf-f3bd66ef64ee.jpeg","articleSection":["NOT\u00cdCIAS"],"inLanguage":"pt-BR","potentialAction":[{"@type":"CommentAction","name":"Comment","target":["https:\/\/uvbbrasil.com.br\/mulheres-discutem-o-impacto-da-violencia-politica-na-representatividade-feminina-nas-casas-legislativas\/#respond"]}]},{"@type":"WebPage","@id":"https:\/\/uvbbrasil.com.br\/mulheres-discutem-o-impacto-da-violencia-politica-na-representatividade-feminina-nas-casas-legislativas\/","url":"https:\/\/uvbbrasil.com.br\/mulheres-discutem-o-impacto-da-violencia-politica-na-representatividade-feminina-nas-casas-legislativas\/","name":"Mulheres discutem o impacto da viol\u00eancia pol\u00edtica na representatividade feminina nas casas legislativas - UVB Brasil","isPartOf":{"@id":"https:\/\/uvbbrasil.com.br\/#website"},"primaryImageOfPage":{"@id":"https:\/\/uvbbrasil.com.br\/mulheres-discutem-o-impacto-da-violencia-politica-na-representatividade-feminina-nas-casas-legislativas\/#primaryimage"},"image":{"@id":"https:\/\/uvbbrasil.com.br\/mulheres-discutem-o-impacto-da-violencia-politica-na-representatividade-feminina-nas-casas-legislativas\/#primaryimage"},"thumbnailUrl":"https:\/\/uvbbrasil.com.br\/wp-content\/uploads\/2021\/10\/215104cc-4d79-46ff-8fdf-f3bd66ef64ee.jpeg","datePublished":"2021-10-19T14:24:28+00:00","breadcrumb":{"@id":"https:\/\/uvbbrasil.com.br\/mulheres-discutem-o-impacto-da-violencia-politica-na-representatividade-feminina-nas-casas-legislativas\/#breadcrumb"},"inLanguage":"pt-BR","potentialAction":[{"@type":"ReadAction","target":["https:\/\/uvbbrasil.com.br\/mulheres-discutem-o-impacto-da-violencia-politica-na-representatividade-feminina-nas-casas-legislativas\/"]}]},{"@type":"ImageObject","inLanguage":"pt-BR","@id":"https:\/\/uvbbrasil.com.br\/mulheres-discutem-o-impacto-da-violencia-politica-na-representatividade-feminina-nas-casas-legislativas\/#primaryimage","url":"https:\/\/uvbbrasil.com.br\/wp-content\/uploads\/2021\/10\/215104cc-4d79-46ff-8fdf-f3bd66ef64ee.jpeg","contentUrl":"https:\/\/uvbbrasil.com.br\/wp-content\/uploads\/2021\/10\/215104cc-4d79-46ff-8fdf-f3bd66ef64ee.jpeg","width":543,"height":263},{"@type":"BreadcrumbList","@id":"https:\/\/uvbbrasil.com.br\/mulheres-discutem-o-impacto-da-violencia-politica-na-representatividade-feminina-nas-casas-legislativas\/#breadcrumb","itemListElement":[{"@type":"ListItem","position":1,"name":"In\u00edcio","item":"https:\/\/uvbbrasil.com.br\/"},{"@type":"ListItem","position":2,"name":"Mulheres discutem o impacto da viol\u00eancia pol\u00edtica na representatividade feminina nas casas legislativas"}]},{"@type":"WebSite","@id":"https:\/\/uvbbrasil.com.br\/#website","url":"https:\/\/uvbbrasil.com.br\/","name":"UVB Brasil","description":"Uni\u00e3o dos Vereadores do Brasil","publisher":{"@id":"https:\/\/uvbbrasil.com.br\/#organization"},"potentialAction":[{"@type":"SearchAction","target":{"@type":"EntryPoint","urlTemplate":"https:\/\/uvbbrasil.com.br\/?s={search_term_string}"},"query-input":{"@type":"PropertyValueSpecification","valueRequired":true,"valueName":"search_term_string"}}],"inLanguage":"pt-BR"},{"@type":"Organization","@id":"https:\/\/uvbbrasil.com.br\/#organization","name":"UVB Brasil","url":"https:\/\/uvbbrasil.com.br\/","logo":{"@type":"ImageObject","inLanguage":"pt-BR","@id":"https:\/\/uvbbrasil.com.br\/#\/schema\/logo\/image\/","url":"https:\/\/uvbbrasil.com.br\/wp-content\/uploads\/2025\/01\/LOGO-UVB-2024-azul-1.jpg","contentUrl":"https:\/\/uvbbrasil.com.br\/wp-content\/uploads\/2025\/01\/LOGO-UVB-2024-azul-1.jpg","width":600,"height":211,"caption":"UVB Brasil"},"image":{"@id":"https:\/\/uvbbrasil.com.br\/#\/schema\/logo\/image\/"},"sameAs":["https:\/\/www.facebook.com\/uvb.vereadoresbrasil","https:\/\/www.instagram.com\/uvbbrasil\/","https:\/\/www.youtube.com\/channel\/UCIlPQ8Xzw5GHNzosQIg9S5A"]},{"@type":"Person","@id":"https:\/\/uvbbrasil.com.br\/#\/schema\/person\/17990098446c098f52effddff4f1b272","name":"adminuvb","image":{"@type":"ImageObject","inLanguage":"pt-BR","@id":"https:\/\/uvbbrasil.com.br\/#\/schema\/person\/image\/","url":"https:\/\/secure.gravatar.com\/avatar\/1a494ea6f8e2dd1ae526e55b0e9497efdba542491e0620d704cccf63c6f77c45?s=96&d=mm&r=g","contentUrl":"https:\/\/secure.gravatar.com\/avatar\/1a494ea6f8e2dd1ae526e55b0e9497efdba542491e0620d704cccf63c6f77c45?s=96&d=mm&r=g","caption":"adminuvb"},"sameAs":["https:\/\/uvbbrasil.com.br"],"url":"https:\/\/uvbbrasil.com.br\/author\/adminuvb\/"}]}},"_links":{"self":[{"href":"https:\/\/uvbbrasil.com.br\/uvb-json\/wp\/v2\/posts\/23954","targetHints":{"allow":["GET"]}}],"collection":[{"href":"https:\/\/uvbbrasil.com.br\/uvb-json\/wp\/v2\/posts"}],"about":[{"href":"https:\/\/uvbbrasil.com.br\/uvb-json\/wp\/v2\/types\/post"}],"author":[{"embeddable":true,"href":"https:\/\/uvbbrasil.com.br\/uvb-json\/wp\/v2\/users\/1"}],"replies":[{"embeddable":true,"href":"https:\/\/uvbbrasil.com.br\/uvb-json\/wp\/v2\/comments?post=23954"}],"version-history":[{"count":0,"href":"https:\/\/uvbbrasil.com.br\/uvb-json\/wp\/v2\/posts\/23954\/revisions"}],"wp:featuredmedia":[{"embeddable":true,"href":"https:\/\/uvbbrasil.com.br\/uvb-json\/wp\/v2\/media\/23955"}],"wp:attachment":[{"href":"https:\/\/uvbbrasil.com.br\/uvb-json\/wp\/v2\/media?parent=23954"}],"wp:term":[{"taxonomy":"category","embeddable":true,"href":"https:\/\/uvbbrasil.com.br\/uvb-json\/wp\/v2\/categories?post=23954"},{"taxonomy":"post_tag","embeddable":true,"href":"https:\/\/uvbbrasil.com.br\/uvb-json\/wp\/v2\/tags?post=23954"}],"curies":[{"name":"wp","href":"https:\/\/api.w.org\/{rel}","templated":true}]}}