{"id":23868,"date":"2021-10-10T07:24:41","date_gmt":"2021-10-10T10:24:41","guid":{"rendered":"https:\/\/wpsandbox4.pante.com.br\/?p=23868"},"modified":"2021-10-10T07:24:41","modified_gmt":"2021-10-10T10:24:41","slug":"camara-de-arvorezinha-rs-sedia-premiacao-de-concurso-de-redacao-sobre-agosto-lilas","status":"publish","type":"post","link":"https:\/\/uvbbrasil.com.br\/camara-de-arvorezinha-rs-sedia-premiacao-de-concurso-de-redacao-sobre-agosto-lilas\/","title":{"rendered":"C\u00e2mara de Arvorezinha\/RS sedia premia\u00e7\u00e3o de concurso de reda\u00e7\u00e3o sobre \u201cAgosto Lil\u00e1s\u201d"},"content":{"rendered":"<div class=\"kvgmc6g5 cxmmr5t8 oygrvhab hcukyx3x c1et5uql ii04i59q\">\n<div dir=\"auto\">A C\u00e2mara Municipal sediou nesta segunda, dia 04, a entrega da premia\u00e7\u00e3o do Concurso de Reda\u00e7\u00e3o \u201cAgosto Lil\u00e1s\u201d- movimento que visa ao combate e conscientiza\u00e7\u00e3o \u00e0 viol\u00eancia contra a mulher, o concurso de reda\u00e7\u00e3o foi uma iniciativa do Presidente Cl\u00f3vis Roman em parceria com o Poder Executivo, Secretaria Municipal de Educa\u00e7\u00e3o e C\u00e2mara de Vereadores de Arvorezinha.<\/div>\n<\/div>\n<div class=\"o9v6fnle cxmmr5t8 oygrvhab hcukyx3x c1et5uql ii04i59q\">\n<div dir=\"auto\">As quatro melhores reda\u00e7\u00f5es foram produzidas pelos alunos Ana J\u00falia Mulinari, Ariel Sebben Coradi, Maiky Zat e Renata Missio da Rocha.<\/div>\n<div dir=\"auto\">As crian\u00e7as e adolescentes s\u00e3o os alicerces do futuro e h\u00e1 necessidade de proporcionar condi\u00e7\u00f5es para que tenham um pleno desenvolvimento. Por isso o Legislativo Municipal busca criar oportunidades aos estudantes de hoje, estimulando-os \u00e0 reflex\u00e3o sobre temas relevantes, e inserindo-os no debate para que eles possam ser os protagonistas do mundo que desejam amanh\u00e3, frisou o Vereador Cl\u00f3vis Roman.<\/div>\n<div dir=\"auto\">Na oportunidade a secret\u00e1ria de educa\u00e7\u00e3o Sandra Zatt, se pronunciou para falar sobre o trabalho que foi realizado com os alunos para motiv\u00e1-los a participar do concurso e agradecer a participa\u00e7\u00e3o de todos os alunos, professores e diretores das Escolas Municipais.<\/div>\n<div dir=\"auto\"><\/div>\n<div dir=\"auto\">Os alunos foram agraciados com um diploma e um vale presente.<\/div>\n<div dir=\"auto\"><\/div>\n<\/div>\n<div class=\"o9v6fnle cxmmr5t8 oygrvhab hcukyx3x c1et5uql ii04i59q\">\n<div dir=\"auto\">Assessoria de Imprensa<\/div>\n<div dir=\"auto\">C\u00e2mara Municipal de Vereadores<\/div>\n<div dir=\"auto\">(51) 3772 1045<a href=\"https:\/\/uvbbrasil.com.br\/?attachment_id=23869\" rel=\"attachment wp-att-23869\"><img fetchpriority=\"high\" decoding=\"async\" class=\"aligncenter size-full wp-image-23869\" src=\"https:\/\/uvbbrasil.com.br\/wp-content\/uploads\/2021\/10\/8-1.jpg\" alt=\"\" width=\"684\" height=\"1024\" srcset=\"https:\/\/uvbbrasil.com.br\/wp-content\/uploads\/2021\/10\/8-1.jpg 684w, https:\/\/uvbbrasil.com.br\/wp-content\/uploads\/2021\/10\/8-1-200x300.jpg 200w\" sizes=\"(max-width: 684px) 100vw, 684px\" \/><\/a><a href=\"https:\/\/uvbbrasil.com.br\/?attachment_id=23870\" rel=\"attachment wp-att-23870\"><img decoding=\"async\" class=\"aligncenter size-full wp-image-23870\" src=\"https:\/\/uvbbrasil.com.br\/wp-content\/uploads\/2021\/10\/8-2.jpg\" alt=\"\" width=\"787\" height=\"1024\" srcset=\"https:\/\/uvbbrasil.com.br\/wp-content\/uploads\/2021\/10\/8-2.jpg 787w, https:\/\/uvbbrasil.com.br\/wp-content\/uploads\/2021\/10\/8-2-231x300.jpg 231w, https:\/\/uvbbrasil.com.br\/wp-content\/uploads\/2021\/10\/8-2-768x999.jpg 768w\" sizes=\"(max-width: 787px) 100vw, 787px\" \/><\/a><a href=\"https:\/\/uvbbrasil.com.br\/?attachment_id=23871\" rel=\"attachment wp-att-23871\"><img decoding=\"async\" class=\"aligncenter size-full wp-image-23871\" src=\"https:\/\/uvbbrasil.com.br\/wp-content\/uploads\/2021\/10\/8-3.jpg\" alt=\"\" width=\"735\" height=\"1024\" srcset=\"https:\/\/uvbbrasil.com.br\/wp-content\/uploads\/2021\/10\/8-3.jpg 735w, https:\/\/uvbbrasil.com.br\/wp-content\/uploads\/2021\/10\/8-3-215x300.jpg 215w\" sizes=\"(max-width: 735px) 100vw, 735px\" \/><\/a><a href=\"https:\/\/uvbbrasil.com.br\/?attachment_id=23872\" rel=\"attachment wp-att-23872\"><img loading=\"lazy\" decoding=\"async\" class=\"aligncenter size-full wp-image-23872\" src=\"https:\/\/uvbbrasil.com.br\/wp-content\/uploads\/2021\/10\/8-4.jpg\" alt=\"\" width=\"1024\" height=\"995\" srcset=\"https:\/\/uvbbrasil.com.br\/wp-content\/uploads\/2021\/10\/8-4.jpg 1024w, https:\/\/uvbbrasil.com.br\/wp-content\/uploads\/2021\/10\/8-4-300x292.jpg 300w, https:\/\/uvbbrasil.com.br\/wp-content\/uploads\/2021\/10\/8-4-768x746.jpg 768w\" sizes=\"(max-width: 1024px) 100vw, 1024px\" \/><\/a><a href=\"https:\/\/uvbbrasil.com.br\/?attachment_id=23873\" rel=\"attachment wp-att-23873\"><img loading=\"lazy\" decoding=\"async\" class=\"aligncenter size-full wp-image-23873\" src=\"https:\/\/uvbbrasil.com.br\/wp-content\/uploads\/2021\/10\/8-5.jpg\" alt=\"\" width=\"1024\" height=\"526\" srcset=\"https:\/\/uvbbrasil.com.br\/wp-content\/uploads\/2021\/10\/8-5.jpg 1024w, https:\/\/uvbbrasil.com.br\/wp-content\/uploads\/2021\/10\/8-5-300x154.jpg 300w, https:\/\/uvbbrasil.com.br\/wp-content\/uploads\/2021\/10\/8-5-768x395.jpg 768w\" sizes=\"(max-width: 1024px) 100vw, 1024px\" \/><\/a><\/div>\n<div dir=\"auto\"><\/div>\n<\/div>\n","protected":false},"excerpt":{"rendered":"<p>A C\u00e2mara Municipal sediou nesta segunda, dia 04, a entrega da premia\u00e7\u00e3o do Concurso de Reda\u00e7\u00e3o \u201cAgosto Lil\u00e1s\u201d- movimento que&#8230;<\/p>\n","protected":false},"author":1,"featured_media":23873,"comment_status":"open","ping_status":"open","sticky":false,"template":"","format":"standard","meta":{"footnotes":""},"categories":[3],"tags":[],"class_list":["post-23868","post","type-post","status-publish","format-standard","has-post-thumbnail","hentry","category-noticias"],"yoast_head":"<!-- This site is optimized with the Yoast SEO plugin v26.7 - https:\/\/yoast.com\/wordpress\/plugins\/seo\/ -->\n<title>C\u00e2mara de Arvorezinha\/RS sedia premia\u00e7\u00e3o de concurso de reda\u00e7\u00e3o sobre \u201cAgosto Lil\u00e1s\u201d - UVB Brasil<\/title>\n<meta name=\"robots\" content=\"index, follow, max-snippet:-1, max-image-preview:large, max-video-preview:-1\" \/>\n<link rel=\"canonical\" href=\"https:\/\/uvbbrasil.com.br\/camara-de-arvorezinha-rs-sedia-premiacao-de-concurso-de-redacao-sobre-agosto-lilas\/\" \/>\n<meta property=\"og:locale\" content=\"pt_BR\" \/>\n<meta property=\"og:type\" content=\"article\" \/>\n<meta property=\"og:title\" content=\"C\u00e2mara de Arvorezinha\/RS sedia premia\u00e7\u00e3o de concurso de reda\u00e7\u00e3o sobre \u201cAgosto Lil\u00e1s\u201d - UVB Brasil\" \/>\n<meta property=\"og:description\" content=\"A C\u00e2mara Municipal sediou nesta segunda, dia 04, a entrega da premia\u00e7\u00e3o do Concurso de Reda\u00e7\u00e3o \u201cAgosto Lil\u00e1s\u201d- movimento que...\" \/>\n<meta property=\"og:url\" content=\"https:\/\/uvbbrasil.com.br\/camara-de-arvorezinha-rs-sedia-premiacao-de-concurso-de-redacao-sobre-agosto-lilas\/\" \/>\n<meta property=\"og:site_name\" content=\"UVB Brasil\" \/>\n<meta property=\"article:publisher\" content=\"https:\/\/www.facebook.com\/uvb.vereadoresbrasil\" \/>\n<meta property=\"article:published_time\" content=\"2021-10-10T10:24:41+00:00\" \/>\n<meta property=\"og:image\" content=\"https:\/\/uvbbrasil.com.br\/wp-content\/uploads\/2021\/10\/8-5.jpg\" \/>\n\t<meta property=\"og:image:width\" content=\"1024\" \/>\n\t<meta property=\"og:image:height\" content=\"526\" \/>\n\t<meta property=\"og:image:type\" content=\"image\/jpeg\" \/>\n<meta name=\"author\" content=\"adminuvb\" \/>\n<meta name=\"twitter:card\" content=\"summary_large_image\" \/>\n<meta name=\"twitter:label1\" content=\"Escrito por\" \/>\n\t<meta name=\"twitter:data1\" content=\"adminuvb\" \/>\n\t<meta name=\"twitter:label2\" content=\"Est. tempo de leitura\" \/>\n\t<meta name=\"twitter:data2\" content=\"2 minutos\" \/>\n<script type=\"application\/ld+json\" class=\"yoast-schema-graph\">{\"@context\":\"https:\/\/schema.org\",\"@graph\":[{\"@type\":\"Article\",\"@id\":\"https:\/\/uvbbrasil.com.br\/camara-de-arvorezinha-rs-sedia-premiacao-de-concurso-de-redacao-sobre-agosto-lilas\/#article\",\"isPartOf\":{\"@id\":\"https:\/\/uvbbrasil.com.br\/camara-de-arvorezinha-rs-sedia-premiacao-de-concurso-de-redacao-sobre-agosto-lilas\/\"},\"author\":{\"name\":\"adminuvb\",\"@id\":\"https:\/\/uvbbrasil.com.br\/#\/schema\/person\/17990098446c098f52effddff4f1b272\"},\"headline\":\"C\u00e2mara de Arvorezinha\/RS sedia premia\u00e7\u00e3o de concurso de reda\u00e7\u00e3o sobre \u201cAgosto Lil\u00e1s\u201d\",\"datePublished\":\"2021-10-10T10:24:41+00:00\",\"mainEntityOfPage\":{\"@id\":\"https:\/\/uvbbrasil.com.br\/camara-de-arvorezinha-rs-sedia-premiacao-de-concurso-de-redacao-sobre-agosto-lilas\/\"},\"wordCount\":234,\"commentCount\":0,\"publisher\":{\"@id\":\"https:\/\/uvbbrasil.com.br\/#organization\"},\"image\":{\"@id\":\"https:\/\/uvbbrasil.com.br\/camara-de-arvorezinha-rs-sedia-premiacao-de-concurso-de-redacao-sobre-agosto-lilas\/#primaryimage\"},\"thumbnailUrl\":\"https:\/\/uvbbrasil.com.br\/wp-content\/uploads\/2021\/10\/8-5.jpg\",\"articleSection\":[\"NOT\u00cdCIAS\"],\"inLanguage\":\"pt-BR\",\"potentialAction\":[{\"@type\":\"CommentAction\",\"name\":\"Comment\",\"target\":[\"https:\/\/uvbbrasil.com.br\/camara-de-arvorezinha-rs-sedia-premiacao-de-concurso-de-redacao-sobre-agosto-lilas\/#respond\"]}]},{\"@type\":\"WebPage\",\"@id\":\"https:\/\/uvbbrasil.com.br\/camara-de-arvorezinha-rs-sedia-premiacao-de-concurso-de-redacao-sobre-agosto-lilas\/\",\"url\":\"https:\/\/uvbbrasil.com.br\/camara-de-arvorezinha-rs-sedia-premiacao-de-concurso-de-redacao-sobre-agosto-lilas\/\",\"name\":\"C\u00e2mara de Arvorezinha\/RS sedia premia\u00e7\u00e3o de concurso de reda\u00e7\u00e3o sobre \u201cAgosto Lil\u00e1s\u201d - UVB Brasil\",\"isPartOf\":{\"@id\":\"https:\/\/uvbbrasil.com.br\/#website\"},\"primaryImageOfPage\":{\"@id\":\"https:\/\/uvbbrasil.com.br\/camara-de-arvorezinha-rs-sedia-premiacao-de-concurso-de-redacao-sobre-agosto-lilas\/#primaryimage\"},\"image\":{\"@id\":\"https:\/\/uvbbrasil.com.br\/camara-de-arvorezinha-rs-sedia-premiacao-de-concurso-de-redacao-sobre-agosto-lilas\/#primaryimage\"},\"thumbnailUrl\":\"https:\/\/uvbbrasil.com.br\/wp-content\/uploads\/2021\/10\/8-5.jpg\",\"datePublished\":\"2021-10-10T10:24:41+00:00\",\"breadcrumb\":{\"@id\":\"https:\/\/uvbbrasil.com.br\/camara-de-arvorezinha-rs-sedia-premiacao-de-concurso-de-redacao-sobre-agosto-lilas\/#breadcrumb\"},\"inLanguage\":\"pt-BR\",\"potentialAction\":[{\"@type\":\"ReadAction\",\"target\":[\"https:\/\/uvbbrasil.com.br\/camara-de-arvorezinha-rs-sedia-premiacao-de-concurso-de-redacao-sobre-agosto-lilas\/\"]}]},{\"@type\":\"ImageObject\",\"inLanguage\":\"pt-BR\",\"@id\":\"https:\/\/uvbbrasil.com.br\/camara-de-arvorezinha-rs-sedia-premiacao-de-concurso-de-redacao-sobre-agosto-lilas\/#primaryimage\",\"url\":\"https:\/\/uvbbrasil.com.br\/wp-content\/uploads\/2021\/10\/8-5.jpg\",\"contentUrl\":\"https:\/\/uvbbrasil.com.br\/wp-content\/uploads\/2021\/10\/8-5.jpg\",\"width\":1024,\"height\":526},{\"@type\":\"BreadcrumbList\",\"@id\":\"https:\/\/uvbbrasil.com.br\/camara-de-arvorezinha-rs-sedia-premiacao-de-concurso-de-redacao-sobre-agosto-lilas\/#breadcrumb\",\"itemListElement\":[{\"@type\":\"ListItem\",\"position\":1,\"name\":\"In\u00edcio\",\"item\":\"https:\/\/uvbbrasil.com.br\/\"},{\"@type\":\"ListItem\",\"position\":2,\"name\":\"C\u00e2mara de Arvorezinha\/RS sedia premia\u00e7\u00e3o de concurso de reda\u00e7\u00e3o sobre \u201cAgosto Lil\u00e1s\u201d\"}]},{\"@type\":\"WebSite\",\"@id\":\"https:\/\/uvbbrasil.com.br\/#website\",\"url\":\"https:\/\/uvbbrasil.com.br\/\",\"name\":\"UVB Brasil\",\"description\":\"Uni\u00e3o dos Vereadores do Brasil\",\"publisher\":{\"@id\":\"https:\/\/uvbbrasil.com.br\/#organization\"},\"potentialAction\":[{\"@type\":\"SearchAction\",\"target\":{\"@type\":\"EntryPoint\",\"urlTemplate\":\"https:\/\/uvbbrasil.com.br\/?s={search_term_string}\"},\"query-input\":{\"@type\":\"PropertyValueSpecification\",\"valueRequired\":true,\"valueName\":\"search_term_string\"}}],\"inLanguage\":\"pt-BR\"},{\"@type\":\"Organization\",\"@id\":\"https:\/\/uvbbrasil.com.br\/#organization\",\"name\":\"UVB Brasil\",\"url\":\"https:\/\/uvbbrasil.com.br\/\",\"logo\":{\"@type\":\"ImageObject\",\"inLanguage\":\"pt-BR\",\"@id\":\"https:\/\/uvbbrasil.com.br\/#\/schema\/logo\/image\/\",\"url\":\"https:\/\/uvbbrasil.com.br\/wp-content\/uploads\/2025\/01\/LOGO-UVB-2024-azul-1.jpg\",\"contentUrl\":\"https:\/\/uvbbrasil.com.br\/wp-content\/uploads\/2025\/01\/LOGO-UVB-2024-azul-1.jpg\",\"width\":600,\"height\":211,\"caption\":\"UVB Brasil\"},\"image\":{\"@id\":\"https:\/\/uvbbrasil.com.br\/#\/schema\/logo\/image\/\"},\"sameAs\":[\"https:\/\/www.facebook.com\/uvb.vereadoresbrasil\",\"https:\/\/www.instagram.com\/uvbbrasil\/\",\"https:\/\/www.youtube.com\/channel\/UCIlPQ8Xzw5GHNzosQIg9S5A\"]},{\"@type\":\"Person\",\"@id\":\"https:\/\/uvbbrasil.com.br\/#\/schema\/person\/17990098446c098f52effddff4f1b272\",\"name\":\"adminuvb\",\"image\":{\"@type\":\"ImageObject\",\"inLanguage\":\"pt-BR\",\"@id\":\"https:\/\/uvbbrasil.com.br\/#\/schema\/person\/image\/\",\"url\":\"https:\/\/secure.gravatar.com\/avatar\/1a494ea6f8e2dd1ae526e55b0e9497efdba542491e0620d704cccf63c6f77c45?s=96&d=mm&r=g\",\"contentUrl\":\"https:\/\/secure.gravatar.com\/avatar\/1a494ea6f8e2dd1ae526e55b0e9497efdba542491e0620d704cccf63c6f77c45?s=96&d=mm&r=g\",\"caption\":\"adminuvb\"},\"sameAs\":[\"https:\/\/uvbbrasil.com.br\"],\"url\":\"https:\/\/uvbbrasil.com.br\/author\/adminuvb\/\"}]}<\/script>\n<!-- \/ Yoast SEO plugin. -->","yoast_head_json":{"title":"C\u00e2mara de Arvorezinha\/RS sedia premia\u00e7\u00e3o de concurso de reda\u00e7\u00e3o sobre \u201cAgosto Lil\u00e1s\u201d - UVB Brasil","robots":{"index":"index","follow":"follow","max-snippet":"max-snippet:-1","max-image-preview":"max-image-preview:large","max-video-preview":"max-video-preview:-1"},"canonical":"https:\/\/uvbbrasil.com.br\/camara-de-arvorezinha-rs-sedia-premiacao-de-concurso-de-redacao-sobre-agosto-lilas\/","og_locale":"pt_BR","og_type":"article","og_title":"C\u00e2mara de Arvorezinha\/RS sedia premia\u00e7\u00e3o de concurso de reda\u00e7\u00e3o sobre \u201cAgosto Lil\u00e1s\u201d - UVB Brasil","og_description":"A C\u00e2mara Municipal sediou nesta segunda, dia 04, a entrega da premia\u00e7\u00e3o do Concurso de Reda\u00e7\u00e3o \u201cAgosto Lil\u00e1s\u201d- movimento que...","og_url":"https:\/\/uvbbrasil.com.br\/camara-de-arvorezinha-rs-sedia-premiacao-de-concurso-de-redacao-sobre-agosto-lilas\/","og_site_name":"UVB Brasil","article_publisher":"https:\/\/www.facebook.com\/uvb.vereadoresbrasil","article_published_time":"2021-10-10T10:24:41+00:00","og_image":[{"width":1024,"height":526,"url":"https:\/\/uvbbrasil.com.br\/wp-content\/uploads\/2021\/10\/8-5.jpg","type":"image\/jpeg"}],"author":"adminuvb","twitter_card":"summary_large_image","twitter_misc":{"Escrito por":"adminuvb","Est. tempo de leitura":"2 minutos"},"schema":{"@context":"https:\/\/schema.org","@graph":[{"@type":"Article","@id":"https:\/\/uvbbrasil.com.br\/camara-de-arvorezinha-rs-sedia-premiacao-de-concurso-de-redacao-sobre-agosto-lilas\/#article","isPartOf":{"@id":"https:\/\/uvbbrasil.com.br\/camara-de-arvorezinha-rs-sedia-premiacao-de-concurso-de-redacao-sobre-agosto-lilas\/"},"author":{"name":"adminuvb","@id":"https:\/\/uvbbrasil.com.br\/#\/schema\/person\/17990098446c098f52effddff4f1b272"},"headline":"C\u00e2mara de Arvorezinha\/RS sedia premia\u00e7\u00e3o de concurso de reda\u00e7\u00e3o sobre \u201cAgosto Lil\u00e1s\u201d","datePublished":"2021-10-10T10:24:41+00:00","mainEntityOfPage":{"@id":"https:\/\/uvbbrasil.com.br\/camara-de-arvorezinha-rs-sedia-premiacao-de-concurso-de-redacao-sobre-agosto-lilas\/"},"wordCount":234,"commentCount":0,"publisher":{"@id":"https:\/\/uvbbrasil.com.br\/#organization"},"image":{"@id":"https:\/\/uvbbrasil.com.br\/camara-de-arvorezinha-rs-sedia-premiacao-de-concurso-de-redacao-sobre-agosto-lilas\/#primaryimage"},"thumbnailUrl":"https:\/\/uvbbrasil.com.br\/wp-content\/uploads\/2021\/10\/8-5.jpg","articleSection":["NOT\u00cdCIAS"],"inLanguage":"pt-BR","potentialAction":[{"@type":"CommentAction","name":"Comment","target":["https:\/\/uvbbrasil.com.br\/camara-de-arvorezinha-rs-sedia-premiacao-de-concurso-de-redacao-sobre-agosto-lilas\/#respond"]}]},{"@type":"WebPage","@id":"https:\/\/uvbbrasil.com.br\/camara-de-arvorezinha-rs-sedia-premiacao-de-concurso-de-redacao-sobre-agosto-lilas\/","url":"https:\/\/uvbbrasil.com.br\/camara-de-arvorezinha-rs-sedia-premiacao-de-concurso-de-redacao-sobre-agosto-lilas\/","name":"C\u00e2mara de Arvorezinha\/RS sedia premia\u00e7\u00e3o de concurso de reda\u00e7\u00e3o sobre \u201cAgosto Lil\u00e1s\u201d - UVB Brasil","isPartOf":{"@id":"https:\/\/uvbbrasil.com.br\/#website"},"primaryImageOfPage":{"@id":"https:\/\/uvbbrasil.com.br\/camara-de-arvorezinha-rs-sedia-premiacao-de-concurso-de-redacao-sobre-agosto-lilas\/#primaryimage"},"image":{"@id":"https:\/\/uvbbrasil.com.br\/camara-de-arvorezinha-rs-sedia-premiacao-de-concurso-de-redacao-sobre-agosto-lilas\/#primaryimage"},"thumbnailUrl":"https:\/\/uvbbrasil.com.br\/wp-content\/uploads\/2021\/10\/8-5.jpg","datePublished":"2021-10-10T10:24:41+00:00","breadcrumb":{"@id":"https:\/\/uvbbrasil.com.br\/camara-de-arvorezinha-rs-sedia-premiacao-de-concurso-de-redacao-sobre-agosto-lilas\/#breadcrumb"},"inLanguage":"pt-BR","potentialAction":[{"@type":"ReadAction","target":["https:\/\/uvbbrasil.com.br\/camara-de-arvorezinha-rs-sedia-premiacao-de-concurso-de-redacao-sobre-agosto-lilas\/"]}]},{"@type":"ImageObject","inLanguage":"pt-BR","@id":"https:\/\/uvbbrasil.com.br\/camara-de-arvorezinha-rs-sedia-premiacao-de-concurso-de-redacao-sobre-agosto-lilas\/#primaryimage","url":"https:\/\/uvbbrasil.com.br\/wp-content\/uploads\/2021\/10\/8-5.jpg","contentUrl":"https:\/\/uvbbrasil.com.br\/wp-content\/uploads\/2021\/10\/8-5.jpg","width":1024,"height":526},{"@type":"BreadcrumbList","@id":"https:\/\/uvbbrasil.com.br\/camara-de-arvorezinha-rs-sedia-premiacao-de-concurso-de-redacao-sobre-agosto-lilas\/#breadcrumb","itemListElement":[{"@type":"ListItem","position":1,"name":"In\u00edcio","item":"https:\/\/uvbbrasil.com.br\/"},{"@type":"ListItem","position":2,"name":"C\u00e2mara de Arvorezinha\/RS sedia premia\u00e7\u00e3o de concurso de reda\u00e7\u00e3o sobre \u201cAgosto Lil\u00e1s\u201d"}]},{"@type":"WebSite","@id":"https:\/\/uvbbrasil.com.br\/#website","url":"https:\/\/uvbbrasil.com.br\/","name":"UVB Brasil","description":"Uni\u00e3o dos Vereadores do Brasil","publisher":{"@id":"https:\/\/uvbbrasil.com.br\/#organization"},"potentialAction":[{"@type":"SearchAction","target":{"@type":"EntryPoint","urlTemplate":"https:\/\/uvbbrasil.com.br\/?s={search_term_string}"},"query-input":{"@type":"PropertyValueSpecification","valueRequired":true,"valueName":"search_term_string"}}],"inLanguage":"pt-BR"},{"@type":"Organization","@id":"https:\/\/uvbbrasil.com.br\/#organization","name":"UVB Brasil","url":"https:\/\/uvbbrasil.com.br\/","logo":{"@type":"ImageObject","inLanguage":"pt-BR","@id":"https:\/\/uvbbrasil.com.br\/#\/schema\/logo\/image\/","url":"https:\/\/uvbbrasil.com.br\/wp-content\/uploads\/2025\/01\/LOGO-UVB-2024-azul-1.jpg","contentUrl":"https:\/\/uvbbrasil.com.br\/wp-content\/uploads\/2025\/01\/LOGO-UVB-2024-azul-1.jpg","width":600,"height":211,"caption":"UVB Brasil"},"image":{"@id":"https:\/\/uvbbrasil.com.br\/#\/schema\/logo\/image\/"},"sameAs":["https:\/\/www.facebook.com\/uvb.vereadoresbrasil","https:\/\/www.instagram.com\/uvbbrasil\/","https:\/\/www.youtube.com\/channel\/UCIlPQ8Xzw5GHNzosQIg9S5A"]},{"@type":"Person","@id":"https:\/\/uvbbrasil.com.br\/#\/schema\/person\/17990098446c098f52effddff4f1b272","name":"adminuvb","image":{"@type":"ImageObject","inLanguage":"pt-BR","@id":"https:\/\/uvbbrasil.com.br\/#\/schema\/person\/image\/","url":"https:\/\/secure.gravatar.com\/avatar\/1a494ea6f8e2dd1ae526e55b0e9497efdba542491e0620d704cccf63c6f77c45?s=96&d=mm&r=g","contentUrl":"https:\/\/secure.gravatar.com\/avatar\/1a494ea6f8e2dd1ae526e55b0e9497efdba542491e0620d704cccf63c6f77c45?s=96&d=mm&r=g","caption":"adminuvb"},"sameAs":["https:\/\/uvbbrasil.com.br"],"url":"https:\/\/uvbbrasil.com.br\/author\/adminuvb\/"}]}},"_links":{"self":[{"href":"https:\/\/uvbbrasil.com.br\/uvb-json\/wp\/v2\/posts\/23868","targetHints":{"allow":["GET"]}}],"collection":[{"href":"https:\/\/uvbbrasil.com.br\/uvb-json\/wp\/v2\/posts"}],"about":[{"href":"https:\/\/uvbbrasil.com.br\/uvb-json\/wp\/v2\/types\/post"}],"author":[{"embeddable":true,"href":"https:\/\/uvbbrasil.com.br\/uvb-json\/wp\/v2\/users\/1"}],"replies":[{"embeddable":true,"href":"https:\/\/uvbbrasil.com.br\/uvb-json\/wp\/v2\/comments?post=23868"}],"version-history":[{"count":0,"href":"https:\/\/uvbbrasil.com.br\/uvb-json\/wp\/v2\/posts\/23868\/revisions"}],"wp:featuredmedia":[{"embeddable":true,"href":"https:\/\/uvbbrasil.com.br\/uvb-json\/wp\/v2\/media\/23873"}],"wp:attachment":[{"href":"https:\/\/uvbbrasil.com.br\/uvb-json\/wp\/v2\/media?parent=23868"}],"wp:term":[{"taxonomy":"category","embeddable":true,"href":"https:\/\/uvbbrasil.com.br\/uvb-json\/wp\/v2\/categories?post=23868"},{"taxonomy":"post_tag","embeddable":true,"href":"https:\/\/uvbbrasil.com.br\/uvb-json\/wp\/v2\/tags?post=23868"}],"curies":[{"name":"wp","href":"https:\/\/api.w.org\/{rel}","templated":true}]}}