{"id":23858,"date":"2021-10-08T15:51:22","date_gmt":"2021-10-08T18:51:22","guid":{"rendered":"https:\/\/wpsandbox4.pante.com.br\/?p=23858"},"modified":"2021-10-08T15:51:22","modified_gmt":"2021-10-08T18:51:22","slug":"23858","status":"publish","type":"post","link":"https:\/\/uvbbrasil.com.br\/23858\/","title":{"rendered":"Cidades Colaborativas \u00e9 o tema principal do semin\u00e1rio nacional de prefeitos e vereadores em Encantado"},"content":{"rendered":"\n<p class=\"has-text-align-center\"><strong><span class=\"has-inline-color has-vivid-red-color\">COMO CONSTRUIR CIDADES COLABORATIVAS<\/span><\/strong><\/p>\n\n\n\n<p>O Semin\u00e1rio Nacional de Legislativos e Gest\u00f5es Municipais ser\u00e1 realizado em Encantado\/RS com uma extensa programa\u00e7\u00e3o.<\/p>\n\n\n\n<p>Entre os dias 08 e 11 de dezembro de 2021, a Uni\u00e3o dos Vereadores do Brasil \u2013 UVB,\u00a0 promover\u00e1 na cidade de Encantado, um Semin\u00e1rio Nacional\u00a0 de Legislativos\u00a0 e Gest\u00f5es Municipais, onde vai reunir agentes p\u00fablicos municipais de diversos estados brasileiros, que ter\u00e1 como principais temas: Cidades Colaborativas &#8211; cases de sucesso, Turismo como fonte de desenvolvimento regional, Cultura ga\u00facha na educa\u00e7\u00e3o municipal, Lei de improbidade administrativa, nova lei das licita\u00e7\u00f5es, cooperar para crescer entre outros importantes temas. O evento conta com o apoio da AVAT, AMVAT, C\u00e2mara de Vereadores de Encantado.<\/p>\n\n\n\n<p>O Encontro tem com o objetivo de reunir vereadores (as), assessores, diretores, procuradores e servidores de c\u00e2maras municipais, bem como, prefeitos, vice-prefeitos, assessores, diretores, procuradores e servidores de prefeituras municipais, para debater o fortalecimento do municipalismo e o momento pol\u00edtico\/administrativo no atual cen\u00e1rio nacional.<\/p>\n\n\n\n<p>Veja a programa\u00e7\u00e3o em Eventos neste site<\/p>\n","protected":false},"excerpt":{"rendered":"<p>COMO CONSTRUIR CIDADES COLABORATIVAS O Semin\u00e1rio Nacional de Legislativos e Gest\u00f5es Municipais ser\u00e1 realizado em Encantado\/RS com uma extensa programa\u00e7\u00e3o&#8230;.<\/p>\n","protected":false},"author":1,"featured_media":23988,"comment_status":"open","ping_status":"open","sticky":false,"template":"","format":"standard","meta":{"footnotes":""},"categories":[3,4],"tags":[],"class_list":["post-23858","post","type-post","status-publish","format-standard","has-post-thumbnail","hentry","category-noticias","category-home"],"yoast_head":"<!-- This site is optimized with the Yoast SEO plugin v26.7 - https:\/\/yoast.com\/wordpress\/plugins\/seo\/ -->\n<title>Cidades Colaborativas \u00e9 o tema principal do semin\u00e1rio nacional de prefeitos e vereadores em Encantado - UVB Brasil<\/title>\n<meta name=\"robots\" content=\"index, follow, max-snippet:-1, max-image-preview:large, max-video-preview:-1\" \/>\n<link rel=\"canonical\" href=\"https:\/\/uvbbrasil.com.br\/23858\/\" \/>\n<meta property=\"og:locale\" content=\"pt_BR\" \/>\n<meta property=\"og:type\" content=\"article\" \/>\n<meta property=\"og:title\" content=\"Cidades Colaborativas \u00e9 o tema principal do semin\u00e1rio nacional de prefeitos e vereadores em Encantado - UVB Brasil\" \/>\n<meta property=\"og:description\" content=\"COMO CONSTRUIR CIDADES COLABORATIVAS O Semin\u00e1rio Nacional de Legislativos e Gest\u00f5es Municipais ser\u00e1 realizado em Encantado\/RS com uma extensa programa\u00e7\u00e3o....\" \/>\n<meta property=\"og:url\" content=\"https:\/\/uvbbrasil.com.br\/23858\/\" \/>\n<meta property=\"og:site_name\" content=\"UVB Brasil\" \/>\n<meta property=\"article:publisher\" content=\"https:\/\/www.facebook.com\/uvb.vereadoresbrasil\" \/>\n<meta property=\"article:published_time\" content=\"2021-10-08T18:51:22+00:00\" \/>\n<meta property=\"og:image\" content=\"https:\/\/uvbbrasil.com.br\/wp-content\/uploads\/2021\/10\/WhatsApp-Image-2021-10-20-at-22.08.32.jpeg\" \/>\n\t<meta property=\"og:image:width\" content=\"1280\" \/>\n\t<meta property=\"og:image:height\" content=\"1280\" \/>\n\t<meta property=\"og:image:type\" content=\"image\/jpeg\" \/>\n<meta name=\"author\" content=\"adminuvb\" \/>\n<meta name=\"twitter:card\" content=\"summary_large_image\" \/>\n<meta name=\"twitter:label1\" content=\"Escrito por\" \/>\n\t<meta name=\"twitter:data1\" content=\"adminuvb\" \/>\n\t<meta name=\"twitter:label2\" content=\"Est. tempo de leitura\" \/>\n\t<meta name=\"twitter:data2\" content=\"1 minuto\" \/>\n<script type=\"application\/ld+json\" class=\"yoast-schema-graph\">{\"@context\":\"https:\/\/schema.org\",\"@graph\":[{\"@type\":\"Article\",\"@id\":\"https:\/\/uvbbrasil.com.br\/23858\/#article\",\"isPartOf\":{\"@id\":\"https:\/\/uvbbrasil.com.br\/23858\/\"},\"author\":{\"name\":\"adminuvb\",\"@id\":\"https:\/\/uvbbrasil.com.br\/#\/schema\/person\/17990098446c098f52effddff4f1b272\"},\"headline\":\"Cidades Colaborativas \u00e9 o tema principal do semin\u00e1rio nacional de prefeitos e vereadores em Encantado\",\"datePublished\":\"2021-10-08T18:51:22+00:00\",\"mainEntityOfPage\":{\"@id\":\"https:\/\/uvbbrasil.com.br\/23858\/\"},\"wordCount\":191,\"commentCount\":0,\"publisher\":{\"@id\":\"https:\/\/uvbbrasil.com.br\/#organization\"},\"image\":{\"@id\":\"https:\/\/uvbbrasil.com.br\/23858\/#primaryimage\"},\"thumbnailUrl\":\"https:\/\/uvbbrasil.com.br\/wp-content\/uploads\/2021\/10\/WhatsApp-Image-2021-10-20-at-22.08.32.jpeg\",\"articleSection\":[\"NOT\u00cdCIAS\",\"UVB\"],\"inLanguage\":\"pt-BR\",\"potentialAction\":[{\"@type\":\"CommentAction\",\"name\":\"Comment\",\"target\":[\"https:\/\/uvbbrasil.com.br\/23858\/#respond\"]}]},{\"@type\":\"WebPage\",\"@id\":\"https:\/\/uvbbrasil.com.br\/23858\/\",\"url\":\"https:\/\/uvbbrasil.com.br\/23858\/\",\"name\":\"Cidades Colaborativas \u00e9 o tema principal do semin\u00e1rio nacional de prefeitos e vereadores em Encantado - UVB Brasil\",\"isPartOf\":{\"@id\":\"https:\/\/uvbbrasil.com.br\/#website\"},\"primaryImageOfPage\":{\"@id\":\"https:\/\/uvbbrasil.com.br\/23858\/#primaryimage\"},\"image\":{\"@id\":\"https:\/\/uvbbrasil.com.br\/23858\/#primaryimage\"},\"thumbnailUrl\":\"https:\/\/uvbbrasil.com.br\/wp-content\/uploads\/2021\/10\/WhatsApp-Image-2021-10-20-at-22.08.32.jpeg\",\"datePublished\":\"2021-10-08T18:51:22+00:00\",\"breadcrumb\":{\"@id\":\"https:\/\/uvbbrasil.com.br\/23858\/#breadcrumb\"},\"inLanguage\":\"pt-BR\",\"potentialAction\":[{\"@type\":\"ReadAction\",\"target\":[\"https:\/\/uvbbrasil.com.br\/23858\/\"]}]},{\"@type\":\"ImageObject\",\"inLanguage\":\"pt-BR\",\"@id\":\"https:\/\/uvbbrasil.com.br\/23858\/#primaryimage\",\"url\":\"https:\/\/uvbbrasil.com.br\/wp-content\/uploads\/2021\/10\/WhatsApp-Image-2021-10-20-at-22.08.32.jpeg\",\"contentUrl\":\"https:\/\/uvbbrasil.com.br\/wp-content\/uploads\/2021\/10\/WhatsApp-Image-2021-10-20-at-22.08.32.jpeg\",\"width\":1280,\"height\":1280},{\"@type\":\"BreadcrumbList\",\"@id\":\"https:\/\/uvbbrasil.com.br\/23858\/#breadcrumb\",\"itemListElement\":[{\"@type\":\"ListItem\",\"position\":1,\"name\":\"In\u00edcio\",\"item\":\"https:\/\/uvbbrasil.com.br\/\"},{\"@type\":\"ListItem\",\"position\":2,\"name\":\"Cidades Colaborativas \u00e9 o tema principal do semin\u00e1rio nacional de prefeitos e vereadores em Encantado\"}]},{\"@type\":\"WebSite\",\"@id\":\"https:\/\/uvbbrasil.com.br\/#website\",\"url\":\"https:\/\/uvbbrasil.com.br\/\",\"name\":\"UVB Brasil\",\"description\":\"Uni\u00e3o dos Vereadores do Brasil\",\"publisher\":{\"@id\":\"https:\/\/uvbbrasil.com.br\/#organization\"},\"potentialAction\":[{\"@type\":\"SearchAction\",\"target\":{\"@type\":\"EntryPoint\",\"urlTemplate\":\"https:\/\/uvbbrasil.com.br\/?s={search_term_string}\"},\"query-input\":{\"@type\":\"PropertyValueSpecification\",\"valueRequired\":true,\"valueName\":\"search_term_string\"}}],\"inLanguage\":\"pt-BR\"},{\"@type\":\"Organization\",\"@id\":\"https:\/\/uvbbrasil.com.br\/#organization\",\"name\":\"UVB Brasil\",\"url\":\"https:\/\/uvbbrasil.com.br\/\",\"logo\":{\"@type\":\"ImageObject\",\"inLanguage\":\"pt-BR\",\"@id\":\"https:\/\/uvbbrasil.com.br\/#\/schema\/logo\/image\/\",\"url\":\"https:\/\/uvbbrasil.com.br\/wp-content\/uploads\/2025\/01\/LOGO-UVB-2024-azul-1.jpg\",\"contentUrl\":\"https:\/\/uvbbrasil.com.br\/wp-content\/uploads\/2025\/01\/LOGO-UVB-2024-azul-1.jpg\",\"width\":600,\"height\":211,\"caption\":\"UVB Brasil\"},\"image\":{\"@id\":\"https:\/\/uvbbrasil.com.br\/#\/schema\/logo\/image\/\"},\"sameAs\":[\"https:\/\/www.facebook.com\/uvb.vereadoresbrasil\",\"https:\/\/www.instagram.com\/uvbbrasil\/\",\"https:\/\/www.youtube.com\/channel\/UCIlPQ8Xzw5GHNzosQIg9S5A\"]},{\"@type\":\"Person\",\"@id\":\"https:\/\/uvbbrasil.com.br\/#\/schema\/person\/17990098446c098f52effddff4f1b272\",\"name\":\"adminuvb\",\"image\":{\"@type\":\"ImageObject\",\"inLanguage\":\"pt-BR\",\"@id\":\"https:\/\/uvbbrasil.com.br\/#\/schema\/person\/image\/\",\"url\":\"https:\/\/secure.gravatar.com\/avatar\/1a494ea6f8e2dd1ae526e55b0e9497efdba542491e0620d704cccf63c6f77c45?s=96&d=mm&r=g\",\"contentUrl\":\"https:\/\/secure.gravatar.com\/avatar\/1a494ea6f8e2dd1ae526e55b0e9497efdba542491e0620d704cccf63c6f77c45?s=96&d=mm&r=g\",\"caption\":\"adminuvb\"},\"sameAs\":[\"https:\/\/uvbbrasil.com.br\"],\"url\":\"https:\/\/uvbbrasil.com.br\/author\/adminuvb\/\"}]}<\/script>\n<!-- \/ Yoast SEO plugin. -->","yoast_head_json":{"title":"Cidades Colaborativas \u00e9 o tema principal do semin\u00e1rio nacional de prefeitos e vereadores em Encantado - UVB Brasil","robots":{"index":"index","follow":"follow","max-snippet":"max-snippet:-1","max-image-preview":"max-image-preview:large","max-video-preview":"max-video-preview:-1"},"canonical":"https:\/\/uvbbrasil.com.br\/23858\/","og_locale":"pt_BR","og_type":"article","og_title":"Cidades Colaborativas \u00e9 o tema principal do semin\u00e1rio nacional de prefeitos e vereadores em Encantado - UVB Brasil","og_description":"COMO CONSTRUIR CIDADES COLABORATIVAS O Semin\u00e1rio Nacional de Legislativos e Gest\u00f5es Municipais ser\u00e1 realizado em Encantado\/RS com uma extensa programa\u00e7\u00e3o....","og_url":"https:\/\/uvbbrasil.com.br\/23858\/","og_site_name":"UVB Brasil","article_publisher":"https:\/\/www.facebook.com\/uvb.vereadoresbrasil","article_published_time":"2021-10-08T18:51:22+00:00","og_image":[{"width":1280,"height":1280,"url":"https:\/\/uvbbrasil.com.br\/wp-content\/uploads\/2021\/10\/WhatsApp-Image-2021-10-20-at-22.08.32.jpeg","type":"image\/jpeg"}],"author":"adminuvb","twitter_card":"summary_large_image","twitter_misc":{"Escrito por":"adminuvb","Est. tempo de leitura":"1 minuto"},"schema":{"@context":"https:\/\/schema.org","@graph":[{"@type":"Article","@id":"https:\/\/uvbbrasil.com.br\/23858\/#article","isPartOf":{"@id":"https:\/\/uvbbrasil.com.br\/23858\/"},"author":{"name":"adminuvb","@id":"https:\/\/uvbbrasil.com.br\/#\/schema\/person\/17990098446c098f52effddff4f1b272"},"headline":"Cidades Colaborativas \u00e9 o tema principal do semin\u00e1rio nacional de prefeitos e vereadores em Encantado","datePublished":"2021-10-08T18:51:22+00:00","mainEntityOfPage":{"@id":"https:\/\/uvbbrasil.com.br\/23858\/"},"wordCount":191,"commentCount":0,"publisher":{"@id":"https:\/\/uvbbrasil.com.br\/#organization"},"image":{"@id":"https:\/\/uvbbrasil.com.br\/23858\/#primaryimage"},"thumbnailUrl":"https:\/\/uvbbrasil.com.br\/wp-content\/uploads\/2021\/10\/WhatsApp-Image-2021-10-20-at-22.08.32.jpeg","articleSection":["NOT\u00cdCIAS","UVB"],"inLanguage":"pt-BR","potentialAction":[{"@type":"CommentAction","name":"Comment","target":["https:\/\/uvbbrasil.com.br\/23858\/#respond"]}]},{"@type":"WebPage","@id":"https:\/\/uvbbrasil.com.br\/23858\/","url":"https:\/\/uvbbrasil.com.br\/23858\/","name":"Cidades Colaborativas \u00e9 o tema principal do semin\u00e1rio nacional de prefeitos e vereadores em Encantado - UVB Brasil","isPartOf":{"@id":"https:\/\/uvbbrasil.com.br\/#website"},"primaryImageOfPage":{"@id":"https:\/\/uvbbrasil.com.br\/23858\/#primaryimage"},"image":{"@id":"https:\/\/uvbbrasil.com.br\/23858\/#primaryimage"},"thumbnailUrl":"https:\/\/uvbbrasil.com.br\/wp-content\/uploads\/2021\/10\/WhatsApp-Image-2021-10-20-at-22.08.32.jpeg","datePublished":"2021-10-08T18:51:22+00:00","breadcrumb":{"@id":"https:\/\/uvbbrasil.com.br\/23858\/#breadcrumb"},"inLanguage":"pt-BR","potentialAction":[{"@type":"ReadAction","target":["https:\/\/uvbbrasil.com.br\/23858\/"]}]},{"@type":"ImageObject","inLanguage":"pt-BR","@id":"https:\/\/uvbbrasil.com.br\/23858\/#primaryimage","url":"https:\/\/uvbbrasil.com.br\/wp-content\/uploads\/2021\/10\/WhatsApp-Image-2021-10-20-at-22.08.32.jpeg","contentUrl":"https:\/\/uvbbrasil.com.br\/wp-content\/uploads\/2021\/10\/WhatsApp-Image-2021-10-20-at-22.08.32.jpeg","width":1280,"height":1280},{"@type":"BreadcrumbList","@id":"https:\/\/uvbbrasil.com.br\/23858\/#breadcrumb","itemListElement":[{"@type":"ListItem","position":1,"name":"In\u00edcio","item":"https:\/\/uvbbrasil.com.br\/"},{"@type":"ListItem","position":2,"name":"Cidades Colaborativas \u00e9 o tema principal do semin\u00e1rio nacional de prefeitos e vereadores em Encantado"}]},{"@type":"WebSite","@id":"https:\/\/uvbbrasil.com.br\/#website","url":"https:\/\/uvbbrasil.com.br\/","name":"UVB Brasil","description":"Uni\u00e3o dos Vereadores do Brasil","publisher":{"@id":"https:\/\/uvbbrasil.com.br\/#organization"},"potentialAction":[{"@type":"SearchAction","target":{"@type":"EntryPoint","urlTemplate":"https:\/\/uvbbrasil.com.br\/?s={search_term_string}"},"query-input":{"@type":"PropertyValueSpecification","valueRequired":true,"valueName":"search_term_string"}}],"inLanguage":"pt-BR"},{"@type":"Organization","@id":"https:\/\/uvbbrasil.com.br\/#organization","name":"UVB Brasil","url":"https:\/\/uvbbrasil.com.br\/","logo":{"@type":"ImageObject","inLanguage":"pt-BR","@id":"https:\/\/uvbbrasil.com.br\/#\/schema\/logo\/image\/","url":"https:\/\/uvbbrasil.com.br\/wp-content\/uploads\/2025\/01\/LOGO-UVB-2024-azul-1.jpg","contentUrl":"https:\/\/uvbbrasil.com.br\/wp-content\/uploads\/2025\/01\/LOGO-UVB-2024-azul-1.jpg","width":600,"height":211,"caption":"UVB Brasil"},"image":{"@id":"https:\/\/uvbbrasil.com.br\/#\/schema\/logo\/image\/"},"sameAs":["https:\/\/www.facebook.com\/uvb.vereadoresbrasil","https:\/\/www.instagram.com\/uvbbrasil\/","https:\/\/www.youtube.com\/channel\/UCIlPQ8Xzw5GHNzosQIg9S5A"]},{"@type":"Person","@id":"https:\/\/uvbbrasil.com.br\/#\/schema\/person\/17990098446c098f52effddff4f1b272","name":"adminuvb","image":{"@type":"ImageObject","inLanguage":"pt-BR","@id":"https:\/\/uvbbrasil.com.br\/#\/schema\/person\/image\/","url":"https:\/\/secure.gravatar.com\/avatar\/1a494ea6f8e2dd1ae526e55b0e9497efdba542491e0620d704cccf63c6f77c45?s=96&d=mm&r=g","contentUrl":"https:\/\/secure.gravatar.com\/avatar\/1a494ea6f8e2dd1ae526e55b0e9497efdba542491e0620d704cccf63c6f77c45?s=96&d=mm&r=g","caption":"adminuvb"},"sameAs":["https:\/\/uvbbrasil.com.br"],"url":"https:\/\/uvbbrasil.com.br\/author\/adminuvb\/"}]}},"_links":{"self":[{"href":"https:\/\/uvbbrasil.com.br\/uvb-json\/wp\/v2\/posts\/23858","targetHints":{"allow":["GET"]}}],"collection":[{"href":"https:\/\/uvbbrasil.com.br\/uvb-json\/wp\/v2\/posts"}],"about":[{"href":"https:\/\/uvbbrasil.com.br\/uvb-json\/wp\/v2\/types\/post"}],"author":[{"embeddable":true,"href":"https:\/\/uvbbrasil.com.br\/uvb-json\/wp\/v2\/users\/1"}],"replies":[{"embeddable":true,"href":"https:\/\/uvbbrasil.com.br\/uvb-json\/wp\/v2\/comments?post=23858"}],"version-history":[{"count":0,"href":"https:\/\/uvbbrasil.com.br\/uvb-json\/wp\/v2\/posts\/23858\/revisions"}],"wp:featuredmedia":[{"embeddable":true,"href":"https:\/\/uvbbrasil.com.br\/uvb-json\/wp\/v2\/media\/23988"}],"wp:attachment":[{"href":"https:\/\/uvbbrasil.com.br\/uvb-json\/wp\/v2\/media?parent=23858"}],"wp:term":[{"taxonomy":"category","embeddable":true,"href":"https:\/\/uvbbrasil.com.br\/uvb-json\/wp\/v2\/categories?post=23858"},{"taxonomy":"post_tag","embeddable":true,"href":"https:\/\/uvbbrasil.com.br\/uvb-json\/wp\/v2\/tags?post=23858"}],"curies":[{"name":"wp","href":"https:\/\/api.w.org\/{rel}","templated":true}]}}