{"id":23804,"date":"2021-10-07T15:38:11","date_gmt":"2021-10-07T18:38:11","guid":{"rendered":"https:\/\/wpsandbox4.pante.com.br\/?p=23804"},"modified":"2021-10-07T15:38:11","modified_gmt":"2021-10-07T18:38:11","slug":"municipios-de-irai-rs-e-palmitos-sc-se-unem-em-projeto-ousado","status":"publish","type":"post","link":"https:\/\/uvbbrasil.com.br\/municipios-de-irai-rs-e-palmitos-sc-se-unem-em-projeto-ousado\/","title":{"rendered":"Munic\u00edpios de Ira\u00ed\/RS e Palmitos\/SC se unem em projeto ousado"},"content":{"rendered":"<p>Em uma iniciativa in\u00e9dita os Poderes Legislativo e Executivo dos munic\u00edpios de Ira\u00ed e Palmitos-SC, se uniram para lan\u00e7ar um projeto que beneficiar\u00e1 a Ponte da Integra\u00e7\u00e3o RS\/SC. O objetivo dessa parceria \u00e9 buscar junto ao Governo Federal investimentos para a obra de ilumina\u00e7\u00e3o da Ponte de Integra\u00e7\u00e3o entre os Estados.<\/p>\n<p>A reuni\u00e3o foi realizada na tarde da \u00faltima segunda-feira(04), onde as autoridades de ambos munic\u00edpios se reuniram no audit\u00f3rio da Prefeitura de Palmitos para discutirem assuntos relacionados a estrutura, bem como elaborar e encaminhar a solicita\u00e7\u00e3o de recursos para a ilumina\u00e7\u00e3o da ponte da BR-158, tamb\u00e9m conhecida como BR-386.<\/p>\n<p>Durante o encontro, foi acertado que cada munic\u00edpio ir\u00e1 elaborar um projeto da ponte iluminada, que ser\u00e1 apresentado na pr\u00f3xima reuni\u00e3o e posteriormente encaminhado aos \u00f3rg\u00e3os respons\u00e1veis de cada estado.<\/p>\n<p>Para o presidente da C\u00e2mara de Vereadores de Ira\u00ed, Paulo Martins, a ilumina\u00e7\u00e3o dar\u00e1 visibilidade noturna \u00e0 estrutura constru\u00edda h\u00e1 quatro d\u00e9cadas e que tem pouco mais de um quil\u00f4metro de extens\u00e3o. \u201cA Ponte de Integra\u00e7\u00e3o \u00e9 emoldurada por um dos mais belos rios do Brasil, o Rio Uruguai, que poder\u00e1 ser admirada por diversos turistas \u00e0 noite, e consequentemente a a\u00e7\u00e3o visa dar mais seguran\u00e7a e comodidade aos motoristas que passam por ela diariamente\u201d, destacou Martins.<\/p>\n<p>A comitiva de Ira\u00ed foi formada pelo presidente da C\u00e2mara de Vereadores, Paulo Martins; a vice-presidente da C\u00e2mara, Maristela Panegalli; os vereadores Cl\u00e9rio Larentis, Nelci do Amaral, Gilson Conzatti, pelo prefeito, Antonio Vilson Bernardi; vice-prefeito Esequiel Tonial e pela secret\u00e1ria de Turismo, Marcia Bernardi. As autoridades presentes do munic\u00edpio de Palmitos foram o presidente da C\u00e2mara, Caciano Sartori; pelos vereadores Claudiomar da Silva, Ana Genizini, Moacir Delazere, Adriane Augustin, Astir Bruckmann, Rafal Dacroce, Roselene Ebertz, Vanessa Sgarbi, Diluan Palombit, vice-prefeito, Cristiano Andr\u00e9 Hoppe e o secret\u00e1rio de Administra\u00e7\u00e3o, Finan\u00e7as e Planejamento, Oberdan Francisco Ferrari e o Secret\u00e1rio da Ind\u00fastria e Turismo Rodrigo Tim.<\/p>\n<p>Com a ilumina\u00e7\u00e3o a Ponte de Integra\u00e7\u00e3o RS\/SC ser\u00e1 o novo cart\u00e3o postal do Brasil, valorizando consequentemente toda regi\u00e3o dos dois Estados.<\/p>\n<div class=\"wrapper-dados-noticia\">\n<p>Fonte:\u00a0Ascom\/C\u00e2mara<a href=\"https:\/\/uvbbrasil.com.br\/?attachment_id=23805\" rel=\"attachment wp-att-23805\"><img fetchpriority=\"high\" decoding=\"async\" class=\"aligncenter size-full wp-image-23805\" src=\"https:\/\/uvbbrasil.com.br\/wp-content\/uploads\/2021\/10\/5d0f362c3b6c9466f08082db77f13527.jpg\" alt=\"\" width=\"650\" height=\"433\" srcset=\"https:\/\/uvbbrasil.com.br\/wp-content\/uploads\/2021\/10\/5d0f362c3b6c9466f08082db77f13527.jpg 650w, https:\/\/uvbbrasil.com.br\/wp-content\/uploads\/2021\/10\/5d0f362c3b6c9466f08082db77f13527-300x200.jpg 300w\" sizes=\"(max-width: 650px) 100vw, 650px\" \/>fonte:https:\/\/irai.rs.leg.br\/noticias\/542\/municipios-de-irai-e-palmitos-se-unem-em-projeto-ousado<\/a><\/p>\n<p>&nbsp;<\/p>\n<\/div>\n","protected":false},"excerpt":{"rendered":"<p>Em uma iniciativa in\u00e9dita os Poderes Legislativo e Executivo dos munic\u00edpios de Ira\u00ed e Palmitos-SC, se uniram para lan\u00e7ar um&#8230;<\/p>\n","protected":false},"author":1,"featured_media":23805,"comment_status":"open","ping_status":"open","sticky":false,"template":"","format":"standard","meta":{"footnotes":""},"categories":[3],"tags":[],"class_list":["post-23804","post","type-post","status-publish","format-standard","has-post-thumbnail","hentry","category-noticias"],"yoast_head":"<!-- This site is optimized with the Yoast SEO plugin v26.7 - https:\/\/yoast.com\/wordpress\/plugins\/seo\/ -->\n<title>Munic\u00edpios de Ira\u00ed\/RS e Palmitos\/SC se unem em projeto ousado - UVB Brasil<\/title>\n<meta name=\"robots\" content=\"index, follow, max-snippet:-1, max-image-preview:large, max-video-preview:-1\" \/>\n<link rel=\"canonical\" href=\"https:\/\/uvbbrasil.com.br\/municipios-de-irai-rs-e-palmitos-sc-se-unem-em-projeto-ousado\/\" \/>\n<meta property=\"og:locale\" content=\"pt_BR\" \/>\n<meta property=\"og:type\" content=\"article\" \/>\n<meta property=\"og:title\" content=\"Munic\u00edpios de Ira\u00ed\/RS e Palmitos\/SC se unem em projeto ousado - UVB Brasil\" \/>\n<meta property=\"og:description\" content=\"Em uma iniciativa in\u00e9dita os Poderes Legislativo e Executivo dos munic\u00edpios de Ira\u00ed e Palmitos-SC, se uniram para lan\u00e7ar um...\" \/>\n<meta property=\"og:url\" content=\"https:\/\/uvbbrasil.com.br\/municipios-de-irai-rs-e-palmitos-sc-se-unem-em-projeto-ousado\/\" \/>\n<meta property=\"og:site_name\" content=\"UVB Brasil\" \/>\n<meta property=\"article:publisher\" content=\"https:\/\/www.facebook.com\/uvb.vereadoresbrasil\" \/>\n<meta property=\"article:published_time\" content=\"2021-10-07T18:38:11+00:00\" \/>\n<meta property=\"og:image\" content=\"https:\/\/uvbbrasil.com.br\/wp-content\/uploads\/2021\/10\/5d0f362c3b6c9466f08082db77f13527.jpg\" \/>\n\t<meta property=\"og:image:width\" content=\"650\" \/>\n\t<meta property=\"og:image:height\" content=\"433\" \/>\n\t<meta property=\"og:image:type\" content=\"image\/jpeg\" \/>\n<meta name=\"author\" content=\"adminuvb\" \/>\n<meta name=\"twitter:card\" content=\"summary_large_image\" \/>\n<meta name=\"twitter:label1\" content=\"Escrito por\" \/>\n\t<meta name=\"twitter:data1\" content=\"adminuvb\" \/>\n\t<meta name=\"twitter:label2\" content=\"Est. tempo de leitura\" \/>\n\t<meta name=\"twitter:data2\" content=\"2 minutos\" \/>\n<script type=\"application\/ld+json\" class=\"yoast-schema-graph\">{\"@context\":\"https:\/\/schema.org\",\"@graph\":[{\"@type\":\"Article\",\"@id\":\"https:\/\/uvbbrasil.com.br\/municipios-de-irai-rs-e-palmitos-sc-se-unem-em-projeto-ousado\/#article\",\"isPartOf\":{\"@id\":\"https:\/\/uvbbrasil.com.br\/municipios-de-irai-rs-e-palmitos-sc-se-unem-em-projeto-ousado\/\"},\"author\":{\"name\":\"adminuvb\",\"@id\":\"https:\/\/uvbbrasil.com.br\/#\/schema\/person\/17990098446c098f52effddff4f1b272\"},\"headline\":\"Munic\u00edpios de Ira\u00ed\/RS e Palmitos\/SC se unem em projeto ousado\",\"datePublished\":\"2021-10-07T18:38:11+00:00\",\"mainEntityOfPage\":{\"@id\":\"https:\/\/uvbbrasil.com.br\/municipios-de-irai-rs-e-palmitos-sc-se-unem-em-projeto-ousado\/\"},\"wordCount\":397,\"commentCount\":0,\"publisher\":{\"@id\":\"https:\/\/uvbbrasil.com.br\/#organization\"},\"image\":{\"@id\":\"https:\/\/uvbbrasil.com.br\/municipios-de-irai-rs-e-palmitos-sc-se-unem-em-projeto-ousado\/#primaryimage\"},\"thumbnailUrl\":\"https:\/\/uvbbrasil.com.br\/wp-content\/uploads\/2021\/10\/5d0f362c3b6c9466f08082db77f13527.jpg\",\"articleSection\":[\"NOT\u00cdCIAS\"],\"inLanguage\":\"pt-BR\",\"potentialAction\":[{\"@type\":\"CommentAction\",\"name\":\"Comment\",\"target\":[\"https:\/\/uvbbrasil.com.br\/municipios-de-irai-rs-e-palmitos-sc-se-unem-em-projeto-ousado\/#respond\"]}]},{\"@type\":\"WebPage\",\"@id\":\"https:\/\/uvbbrasil.com.br\/municipios-de-irai-rs-e-palmitos-sc-se-unem-em-projeto-ousado\/\",\"url\":\"https:\/\/uvbbrasil.com.br\/municipios-de-irai-rs-e-palmitos-sc-se-unem-em-projeto-ousado\/\",\"name\":\"Munic\u00edpios de Ira\u00ed\/RS e Palmitos\/SC se unem em projeto ousado - UVB Brasil\",\"isPartOf\":{\"@id\":\"https:\/\/uvbbrasil.com.br\/#website\"},\"primaryImageOfPage\":{\"@id\":\"https:\/\/uvbbrasil.com.br\/municipios-de-irai-rs-e-palmitos-sc-se-unem-em-projeto-ousado\/#primaryimage\"},\"image\":{\"@id\":\"https:\/\/uvbbrasil.com.br\/municipios-de-irai-rs-e-palmitos-sc-se-unem-em-projeto-ousado\/#primaryimage\"},\"thumbnailUrl\":\"https:\/\/uvbbrasil.com.br\/wp-content\/uploads\/2021\/10\/5d0f362c3b6c9466f08082db77f13527.jpg\",\"datePublished\":\"2021-10-07T18:38:11+00:00\",\"breadcrumb\":{\"@id\":\"https:\/\/uvbbrasil.com.br\/municipios-de-irai-rs-e-palmitos-sc-se-unem-em-projeto-ousado\/#breadcrumb\"},\"inLanguage\":\"pt-BR\",\"potentialAction\":[{\"@type\":\"ReadAction\",\"target\":[\"https:\/\/uvbbrasil.com.br\/municipios-de-irai-rs-e-palmitos-sc-se-unem-em-projeto-ousado\/\"]}]},{\"@type\":\"ImageObject\",\"inLanguage\":\"pt-BR\",\"@id\":\"https:\/\/uvbbrasil.com.br\/municipios-de-irai-rs-e-palmitos-sc-se-unem-em-projeto-ousado\/#primaryimage\",\"url\":\"https:\/\/uvbbrasil.com.br\/wp-content\/uploads\/2021\/10\/5d0f362c3b6c9466f08082db77f13527.jpg\",\"contentUrl\":\"https:\/\/uvbbrasil.com.br\/wp-content\/uploads\/2021\/10\/5d0f362c3b6c9466f08082db77f13527.jpg\",\"width\":650,\"height\":433},{\"@type\":\"BreadcrumbList\",\"@id\":\"https:\/\/uvbbrasil.com.br\/municipios-de-irai-rs-e-palmitos-sc-se-unem-em-projeto-ousado\/#breadcrumb\",\"itemListElement\":[{\"@type\":\"ListItem\",\"position\":1,\"name\":\"In\u00edcio\",\"item\":\"https:\/\/uvbbrasil.com.br\/\"},{\"@type\":\"ListItem\",\"position\":2,\"name\":\"Munic\u00edpios de Ira\u00ed\/RS e Palmitos\/SC se unem em projeto ousado\"}]},{\"@type\":\"WebSite\",\"@id\":\"https:\/\/uvbbrasil.com.br\/#website\",\"url\":\"https:\/\/uvbbrasil.com.br\/\",\"name\":\"UVB Brasil\",\"description\":\"Uni\u00e3o dos Vereadores do Brasil\",\"publisher\":{\"@id\":\"https:\/\/uvbbrasil.com.br\/#organization\"},\"potentialAction\":[{\"@type\":\"SearchAction\",\"target\":{\"@type\":\"EntryPoint\",\"urlTemplate\":\"https:\/\/uvbbrasil.com.br\/?s={search_term_string}\"},\"query-input\":{\"@type\":\"PropertyValueSpecification\",\"valueRequired\":true,\"valueName\":\"search_term_string\"}}],\"inLanguage\":\"pt-BR\"},{\"@type\":\"Organization\",\"@id\":\"https:\/\/uvbbrasil.com.br\/#organization\",\"name\":\"UVB Brasil\",\"url\":\"https:\/\/uvbbrasil.com.br\/\",\"logo\":{\"@type\":\"ImageObject\",\"inLanguage\":\"pt-BR\",\"@id\":\"https:\/\/uvbbrasil.com.br\/#\/schema\/logo\/image\/\",\"url\":\"https:\/\/uvbbrasil.com.br\/wp-content\/uploads\/2025\/01\/LOGO-UVB-2024-azul-1.jpg\",\"contentUrl\":\"https:\/\/uvbbrasil.com.br\/wp-content\/uploads\/2025\/01\/LOGO-UVB-2024-azul-1.jpg\",\"width\":600,\"height\":211,\"caption\":\"UVB Brasil\"},\"image\":{\"@id\":\"https:\/\/uvbbrasil.com.br\/#\/schema\/logo\/image\/\"},\"sameAs\":[\"https:\/\/www.facebook.com\/uvb.vereadoresbrasil\",\"https:\/\/www.instagram.com\/uvbbrasil\/\",\"https:\/\/www.youtube.com\/channel\/UCIlPQ8Xzw5GHNzosQIg9S5A\"]},{\"@type\":\"Person\",\"@id\":\"https:\/\/uvbbrasil.com.br\/#\/schema\/person\/17990098446c098f52effddff4f1b272\",\"name\":\"adminuvb\",\"image\":{\"@type\":\"ImageObject\",\"inLanguage\":\"pt-BR\",\"@id\":\"https:\/\/uvbbrasil.com.br\/#\/schema\/person\/image\/\",\"url\":\"https:\/\/secure.gravatar.com\/avatar\/1a494ea6f8e2dd1ae526e55b0e9497efdba542491e0620d704cccf63c6f77c45?s=96&d=mm&r=g\",\"contentUrl\":\"https:\/\/secure.gravatar.com\/avatar\/1a494ea6f8e2dd1ae526e55b0e9497efdba542491e0620d704cccf63c6f77c45?s=96&d=mm&r=g\",\"caption\":\"adminuvb\"},\"sameAs\":[\"https:\/\/uvbbrasil.com.br\"],\"url\":\"https:\/\/uvbbrasil.com.br\/author\/adminuvb\/\"}]}<\/script>\n<!-- \/ Yoast SEO plugin. -->","yoast_head_json":{"title":"Munic\u00edpios de Ira\u00ed\/RS e Palmitos\/SC se unem em projeto ousado - UVB Brasil","robots":{"index":"index","follow":"follow","max-snippet":"max-snippet:-1","max-image-preview":"max-image-preview:large","max-video-preview":"max-video-preview:-1"},"canonical":"https:\/\/uvbbrasil.com.br\/municipios-de-irai-rs-e-palmitos-sc-se-unem-em-projeto-ousado\/","og_locale":"pt_BR","og_type":"article","og_title":"Munic\u00edpios de Ira\u00ed\/RS e Palmitos\/SC se unem em projeto ousado - UVB Brasil","og_description":"Em uma iniciativa in\u00e9dita os Poderes Legislativo e Executivo dos munic\u00edpios de Ira\u00ed e Palmitos-SC, se uniram para lan\u00e7ar um...","og_url":"https:\/\/uvbbrasil.com.br\/municipios-de-irai-rs-e-palmitos-sc-se-unem-em-projeto-ousado\/","og_site_name":"UVB Brasil","article_publisher":"https:\/\/www.facebook.com\/uvb.vereadoresbrasil","article_published_time":"2021-10-07T18:38:11+00:00","og_image":[{"width":650,"height":433,"url":"https:\/\/uvbbrasil.com.br\/wp-content\/uploads\/2021\/10\/5d0f362c3b6c9466f08082db77f13527.jpg","type":"image\/jpeg"}],"author":"adminuvb","twitter_card":"summary_large_image","twitter_misc":{"Escrito por":"adminuvb","Est. tempo de leitura":"2 minutos"},"schema":{"@context":"https:\/\/schema.org","@graph":[{"@type":"Article","@id":"https:\/\/uvbbrasil.com.br\/municipios-de-irai-rs-e-palmitos-sc-se-unem-em-projeto-ousado\/#article","isPartOf":{"@id":"https:\/\/uvbbrasil.com.br\/municipios-de-irai-rs-e-palmitos-sc-se-unem-em-projeto-ousado\/"},"author":{"name":"adminuvb","@id":"https:\/\/uvbbrasil.com.br\/#\/schema\/person\/17990098446c098f52effddff4f1b272"},"headline":"Munic\u00edpios de Ira\u00ed\/RS e Palmitos\/SC se unem em projeto ousado","datePublished":"2021-10-07T18:38:11+00:00","mainEntityOfPage":{"@id":"https:\/\/uvbbrasil.com.br\/municipios-de-irai-rs-e-palmitos-sc-se-unem-em-projeto-ousado\/"},"wordCount":397,"commentCount":0,"publisher":{"@id":"https:\/\/uvbbrasil.com.br\/#organization"},"image":{"@id":"https:\/\/uvbbrasil.com.br\/municipios-de-irai-rs-e-palmitos-sc-se-unem-em-projeto-ousado\/#primaryimage"},"thumbnailUrl":"https:\/\/uvbbrasil.com.br\/wp-content\/uploads\/2021\/10\/5d0f362c3b6c9466f08082db77f13527.jpg","articleSection":["NOT\u00cdCIAS"],"inLanguage":"pt-BR","potentialAction":[{"@type":"CommentAction","name":"Comment","target":["https:\/\/uvbbrasil.com.br\/municipios-de-irai-rs-e-palmitos-sc-se-unem-em-projeto-ousado\/#respond"]}]},{"@type":"WebPage","@id":"https:\/\/uvbbrasil.com.br\/municipios-de-irai-rs-e-palmitos-sc-se-unem-em-projeto-ousado\/","url":"https:\/\/uvbbrasil.com.br\/municipios-de-irai-rs-e-palmitos-sc-se-unem-em-projeto-ousado\/","name":"Munic\u00edpios de Ira\u00ed\/RS e Palmitos\/SC se unem em projeto ousado - UVB Brasil","isPartOf":{"@id":"https:\/\/uvbbrasil.com.br\/#website"},"primaryImageOfPage":{"@id":"https:\/\/uvbbrasil.com.br\/municipios-de-irai-rs-e-palmitos-sc-se-unem-em-projeto-ousado\/#primaryimage"},"image":{"@id":"https:\/\/uvbbrasil.com.br\/municipios-de-irai-rs-e-palmitos-sc-se-unem-em-projeto-ousado\/#primaryimage"},"thumbnailUrl":"https:\/\/uvbbrasil.com.br\/wp-content\/uploads\/2021\/10\/5d0f362c3b6c9466f08082db77f13527.jpg","datePublished":"2021-10-07T18:38:11+00:00","breadcrumb":{"@id":"https:\/\/uvbbrasil.com.br\/municipios-de-irai-rs-e-palmitos-sc-se-unem-em-projeto-ousado\/#breadcrumb"},"inLanguage":"pt-BR","potentialAction":[{"@type":"ReadAction","target":["https:\/\/uvbbrasil.com.br\/municipios-de-irai-rs-e-palmitos-sc-se-unem-em-projeto-ousado\/"]}]},{"@type":"ImageObject","inLanguage":"pt-BR","@id":"https:\/\/uvbbrasil.com.br\/municipios-de-irai-rs-e-palmitos-sc-se-unem-em-projeto-ousado\/#primaryimage","url":"https:\/\/uvbbrasil.com.br\/wp-content\/uploads\/2021\/10\/5d0f362c3b6c9466f08082db77f13527.jpg","contentUrl":"https:\/\/uvbbrasil.com.br\/wp-content\/uploads\/2021\/10\/5d0f362c3b6c9466f08082db77f13527.jpg","width":650,"height":433},{"@type":"BreadcrumbList","@id":"https:\/\/uvbbrasil.com.br\/municipios-de-irai-rs-e-palmitos-sc-se-unem-em-projeto-ousado\/#breadcrumb","itemListElement":[{"@type":"ListItem","position":1,"name":"In\u00edcio","item":"https:\/\/uvbbrasil.com.br\/"},{"@type":"ListItem","position":2,"name":"Munic\u00edpios de Ira\u00ed\/RS e Palmitos\/SC se unem em projeto ousado"}]},{"@type":"WebSite","@id":"https:\/\/uvbbrasil.com.br\/#website","url":"https:\/\/uvbbrasil.com.br\/","name":"UVB Brasil","description":"Uni\u00e3o dos Vereadores do Brasil","publisher":{"@id":"https:\/\/uvbbrasil.com.br\/#organization"},"potentialAction":[{"@type":"SearchAction","target":{"@type":"EntryPoint","urlTemplate":"https:\/\/uvbbrasil.com.br\/?s={search_term_string}"},"query-input":{"@type":"PropertyValueSpecification","valueRequired":true,"valueName":"search_term_string"}}],"inLanguage":"pt-BR"},{"@type":"Organization","@id":"https:\/\/uvbbrasil.com.br\/#organization","name":"UVB Brasil","url":"https:\/\/uvbbrasil.com.br\/","logo":{"@type":"ImageObject","inLanguage":"pt-BR","@id":"https:\/\/uvbbrasil.com.br\/#\/schema\/logo\/image\/","url":"https:\/\/uvbbrasil.com.br\/wp-content\/uploads\/2025\/01\/LOGO-UVB-2024-azul-1.jpg","contentUrl":"https:\/\/uvbbrasil.com.br\/wp-content\/uploads\/2025\/01\/LOGO-UVB-2024-azul-1.jpg","width":600,"height":211,"caption":"UVB Brasil"},"image":{"@id":"https:\/\/uvbbrasil.com.br\/#\/schema\/logo\/image\/"},"sameAs":["https:\/\/www.facebook.com\/uvb.vereadoresbrasil","https:\/\/www.instagram.com\/uvbbrasil\/","https:\/\/www.youtube.com\/channel\/UCIlPQ8Xzw5GHNzosQIg9S5A"]},{"@type":"Person","@id":"https:\/\/uvbbrasil.com.br\/#\/schema\/person\/17990098446c098f52effddff4f1b272","name":"adminuvb","image":{"@type":"ImageObject","inLanguage":"pt-BR","@id":"https:\/\/uvbbrasil.com.br\/#\/schema\/person\/image\/","url":"https:\/\/secure.gravatar.com\/avatar\/1a494ea6f8e2dd1ae526e55b0e9497efdba542491e0620d704cccf63c6f77c45?s=96&d=mm&r=g","contentUrl":"https:\/\/secure.gravatar.com\/avatar\/1a494ea6f8e2dd1ae526e55b0e9497efdba542491e0620d704cccf63c6f77c45?s=96&d=mm&r=g","caption":"adminuvb"},"sameAs":["https:\/\/uvbbrasil.com.br"],"url":"https:\/\/uvbbrasil.com.br\/author\/adminuvb\/"}]}},"_links":{"self":[{"href":"https:\/\/uvbbrasil.com.br\/uvb-json\/wp\/v2\/posts\/23804","targetHints":{"allow":["GET"]}}],"collection":[{"href":"https:\/\/uvbbrasil.com.br\/uvb-json\/wp\/v2\/posts"}],"about":[{"href":"https:\/\/uvbbrasil.com.br\/uvb-json\/wp\/v2\/types\/post"}],"author":[{"embeddable":true,"href":"https:\/\/uvbbrasil.com.br\/uvb-json\/wp\/v2\/users\/1"}],"replies":[{"embeddable":true,"href":"https:\/\/uvbbrasil.com.br\/uvb-json\/wp\/v2\/comments?post=23804"}],"version-history":[{"count":0,"href":"https:\/\/uvbbrasil.com.br\/uvb-json\/wp\/v2\/posts\/23804\/revisions"}],"wp:featuredmedia":[{"embeddable":true,"href":"https:\/\/uvbbrasil.com.br\/uvb-json\/wp\/v2\/media\/23805"}],"wp:attachment":[{"href":"https:\/\/uvbbrasil.com.br\/uvb-json\/wp\/v2\/media?parent=23804"}],"wp:term":[{"taxonomy":"category","embeddable":true,"href":"https:\/\/uvbbrasil.com.br\/uvb-json\/wp\/v2\/categories?post=23804"},{"taxonomy":"post_tag","embeddable":true,"href":"https:\/\/uvbbrasil.com.br\/uvb-json\/wp\/v2\/tags?post=23804"}],"curies":[{"name":"wp","href":"https:\/\/api.w.org\/{rel}","templated":true}]}}