{"id":23786,"date":"2021-10-07T09:54:24","date_gmt":"2021-10-07T12:54:24","guid":{"rendered":"https:\/\/wpsandbox4.pante.com.br\/?p=23786"},"modified":"2021-10-07T09:54:24","modified_gmt":"2021-10-07T12:54:24","slug":"adicional-de-1-do-fpm-em-setembro-e-aprovado-na-camara-em-primeiro-turno","status":"publish","type":"post","link":"https:\/\/uvbbrasil.com.br\/adicional-de-1-do-fpm-em-setembro-e-aprovado-na-camara-em-primeiro-turno\/","title":{"rendered":"Adicional de 1% do FPM em setembro \u00e9 aprovado na C\u00e2mara em primeiro turno"},"content":{"rendered":"<p>Com forte defesa de parlamentares municipalistas, a Proposta de Emenda \u00e0 Constitui\u00e7\u00e3o (PEC) 391\/2017, que adiciona 1% no Fundo de Participa\u00e7\u00e3o dos Munic\u00edpios (FPM) no primeiro dec\u00eandio de setembro, foi aprovada em primeiro turno na C\u00e2mara dos Deputados. No total, 343 deputados votaram a favor e apenas seis foram contr\u00e1rios em sess\u00e3o no dia 17 de dezembro. Para ir \u00e0 san\u00e7\u00e3o, o texto precisa de novo aval da Casa em segundo turno de vota\u00e7\u00e3o.<\/p>\n<p>A discuss\u00e3o da PEC ocorreu logo ap\u00f3s avan\u00e7os nas mudan\u00e7as no Imposto sobre Servi\u00e7os (ISS). O Projeto de Lei Complementar (PLP) 461\/17 muda a arrecada\u00e7\u00e3o do tributo da cidade sede do prestador do servi\u00e7o para o Munic\u00edpio onde ele \u00e9 efetivamente prestado. Aprovado pela C\u00e2mara, o PLP segue para o Senado.<\/p>\n<p>Na abertura da discuss\u00e3o sobre a PEC do 1%, o presidente da C\u00e2mara, Rodrigo Maia, alertou os parlamentares sobre o posicionamento do governo federal, que alega n\u00e3o haver or\u00e7amento para iniciar o pagamento do adicional em 2020. Por isso, sugeriu que a vota\u00e7\u00e3o ocorresse apenas em primeiro turno. Isso porque, de acordo com o texto da proposta, o acr\u00e9scimo ser\u00e1 escalonado: 0,25% no primeiro e no segundo ano, 0,5% no terceiro e 1% a partir do quarto ano.<\/p>\n<p><strong>FPM<\/strong><\/p>\n<p>O repasse adicional, semelhante ao que j\u00e1 ocorre em julho e dezembro, descentraliza recursos da Uni\u00e3o e traz um al\u00edvio aos cofres das prefeituras em um m\u00eas que, tradicionalmente, tem queda na arrecada\u00e7\u00e3o. Quando aprovado o adicional do FPM para setembro, os munic\u00edpios poder\u00e3o receber quase R$ 10 bilh\u00f5es a mais quatro anos seguintes, com o escalonamento.<\/p>\n<p>O FPM \u00e9 composto de 22,5% da arrecada\u00e7\u00e3o do Imposto sobre Produto Industrializado (IPI) e do Imposto de Renda (IR) \u2013 repassados a cada dec\u00eandio e distribu\u00eddos de forma proporcional aos Entes municipais de acordo com tabela de faixas populacionais, os chamados coeficientes.<a href=\"https:\/\/uvbbrasil.com.br\/?attachment_id=23825\" rel=\"attachment wp-att-23825\"><img fetchpriority=\"high\" decoding=\"async\" class=\"aligncenter size-full wp-image-23825\" src=\"https:\/\/uvbbrasil.com.br\/wp-content\/uploads\/2021\/10\/WhatsApp-Image-2021-10-07-at-21.20.02-1.jpeg\" alt=\"\" width=\"1280\" height=\"1280\" srcset=\"https:\/\/uvbbrasil.com.br\/wp-content\/uploads\/2021\/10\/WhatsApp-Image-2021-10-07-at-21.20.02-1.jpeg 1280w, https:\/\/uvbbrasil.com.br\/wp-content\/uploads\/2021\/10\/WhatsApp-Image-2021-10-07-at-21.20.02-1-300x300.jpeg 300w, https:\/\/uvbbrasil.com.br\/wp-content\/uploads\/2021\/10\/WhatsApp-Image-2021-10-07-at-21.20.02-1-1024x1024.jpeg 1024w, https:\/\/uvbbrasil.com.br\/wp-content\/uploads\/2021\/10\/WhatsApp-Image-2021-10-07-at-21.20.02-1-150x150.jpeg 150w, https:\/\/uvbbrasil.com.br\/wp-content\/uploads\/2021\/10\/WhatsApp-Image-2021-10-07-at-21.20.02-1-768x768.jpeg 768w\" sizes=\"(max-width: 1280px) 100vw, 1280px\" \/><\/a><\/p>\n","protected":false},"excerpt":{"rendered":"<p>Com forte defesa de parlamentares municipalistas, a Proposta de Emenda \u00e0 Constitui\u00e7\u00e3o (PEC) 391\/2017, que adiciona 1% no Fundo de&#8230;<\/p>\n","protected":false},"author":1,"featured_media":23825,"comment_status":"open","ping_status":"open","sticky":false,"template":"","format":"standard","meta":{"footnotes":""},"categories":[3,4],"tags":[],"class_list":["post-23786","post","type-post","status-publish","format-standard","has-post-thumbnail","hentry","category-noticias","category-home"],"yoast_head":"<!-- This site is optimized with the Yoast SEO plugin v26.7 - https:\/\/yoast.com\/wordpress\/plugins\/seo\/ -->\n<title>Adicional de 1% do FPM em setembro \u00e9 aprovado na C\u00e2mara em primeiro turno - UVB Brasil<\/title>\n<meta name=\"robots\" content=\"index, follow, max-snippet:-1, max-image-preview:large, max-video-preview:-1\" \/>\n<link rel=\"canonical\" href=\"https:\/\/uvbbrasil.com.br\/adicional-de-1-do-fpm-em-setembro-e-aprovado-na-camara-em-primeiro-turno\/\" \/>\n<meta property=\"og:locale\" content=\"pt_BR\" \/>\n<meta property=\"og:type\" content=\"article\" \/>\n<meta property=\"og:title\" content=\"Adicional de 1% do FPM em setembro \u00e9 aprovado na C\u00e2mara em primeiro turno - UVB Brasil\" \/>\n<meta property=\"og:description\" content=\"Com forte defesa de parlamentares municipalistas, a Proposta de Emenda \u00e0 Constitui\u00e7\u00e3o (PEC) 391\/2017, que adiciona 1% no Fundo de...\" \/>\n<meta property=\"og:url\" content=\"https:\/\/uvbbrasil.com.br\/adicional-de-1-do-fpm-em-setembro-e-aprovado-na-camara-em-primeiro-turno\/\" \/>\n<meta property=\"og:site_name\" content=\"UVB Brasil\" \/>\n<meta property=\"article:publisher\" content=\"https:\/\/www.facebook.com\/uvb.vereadoresbrasil\" \/>\n<meta property=\"article:published_time\" content=\"2021-10-07T12:54:24+00:00\" \/>\n<meta property=\"og:image\" content=\"https:\/\/uvbbrasil.com.br\/wp-content\/uploads\/2021\/10\/WhatsApp-Image-2021-10-07-at-21.20.02-1.jpeg\" \/>\n\t<meta property=\"og:image:width\" content=\"1280\" \/>\n\t<meta property=\"og:image:height\" content=\"1280\" \/>\n\t<meta property=\"og:image:type\" content=\"image\/jpeg\" \/>\n<meta name=\"author\" content=\"adminuvb\" \/>\n<meta name=\"twitter:card\" content=\"summary_large_image\" \/>\n<meta name=\"twitter:label1\" content=\"Escrito por\" \/>\n\t<meta name=\"twitter:data1\" content=\"adminuvb\" \/>\n\t<meta name=\"twitter:label2\" content=\"Est. tempo de leitura\" \/>\n\t<meta name=\"twitter:data2\" content=\"2 minutos\" \/>\n<script type=\"application\/ld+json\" class=\"yoast-schema-graph\">{\"@context\":\"https:\/\/schema.org\",\"@graph\":[{\"@type\":\"Article\",\"@id\":\"https:\/\/uvbbrasil.com.br\/adicional-de-1-do-fpm-em-setembro-e-aprovado-na-camara-em-primeiro-turno\/#article\",\"isPartOf\":{\"@id\":\"https:\/\/uvbbrasil.com.br\/adicional-de-1-do-fpm-em-setembro-e-aprovado-na-camara-em-primeiro-turno\/\"},\"author\":{\"name\":\"adminuvb\",\"@id\":\"https:\/\/uvbbrasil.com.br\/#\/schema\/person\/17990098446c098f52effddff4f1b272\"},\"headline\":\"Adicional de 1% do FPM em setembro \u00e9 aprovado na C\u00e2mara em primeiro turno\",\"datePublished\":\"2021-10-07T12:54:24+00:00\",\"mainEntityOfPage\":{\"@id\":\"https:\/\/uvbbrasil.com.br\/adicional-de-1-do-fpm-em-setembro-e-aprovado-na-camara-em-primeiro-turno\/\"},\"wordCount\":334,\"commentCount\":0,\"publisher\":{\"@id\":\"https:\/\/uvbbrasil.com.br\/#organization\"},\"image\":{\"@id\":\"https:\/\/uvbbrasil.com.br\/adicional-de-1-do-fpm-em-setembro-e-aprovado-na-camara-em-primeiro-turno\/#primaryimage\"},\"thumbnailUrl\":\"https:\/\/uvbbrasil.com.br\/wp-content\/uploads\/2021\/10\/WhatsApp-Image-2021-10-07-at-21.20.02-1.jpeg\",\"articleSection\":[\"NOT\u00cdCIAS\",\"UVB\"],\"inLanguage\":\"pt-BR\",\"potentialAction\":[{\"@type\":\"CommentAction\",\"name\":\"Comment\",\"target\":[\"https:\/\/uvbbrasil.com.br\/adicional-de-1-do-fpm-em-setembro-e-aprovado-na-camara-em-primeiro-turno\/#respond\"]}]},{\"@type\":\"WebPage\",\"@id\":\"https:\/\/uvbbrasil.com.br\/adicional-de-1-do-fpm-em-setembro-e-aprovado-na-camara-em-primeiro-turno\/\",\"url\":\"https:\/\/uvbbrasil.com.br\/adicional-de-1-do-fpm-em-setembro-e-aprovado-na-camara-em-primeiro-turno\/\",\"name\":\"Adicional de 1% do FPM em setembro \u00e9 aprovado na C\u00e2mara em primeiro turno - UVB Brasil\",\"isPartOf\":{\"@id\":\"https:\/\/uvbbrasil.com.br\/#website\"},\"primaryImageOfPage\":{\"@id\":\"https:\/\/uvbbrasil.com.br\/adicional-de-1-do-fpm-em-setembro-e-aprovado-na-camara-em-primeiro-turno\/#primaryimage\"},\"image\":{\"@id\":\"https:\/\/uvbbrasil.com.br\/adicional-de-1-do-fpm-em-setembro-e-aprovado-na-camara-em-primeiro-turno\/#primaryimage\"},\"thumbnailUrl\":\"https:\/\/uvbbrasil.com.br\/wp-content\/uploads\/2021\/10\/WhatsApp-Image-2021-10-07-at-21.20.02-1.jpeg\",\"datePublished\":\"2021-10-07T12:54:24+00:00\",\"breadcrumb\":{\"@id\":\"https:\/\/uvbbrasil.com.br\/adicional-de-1-do-fpm-em-setembro-e-aprovado-na-camara-em-primeiro-turno\/#breadcrumb\"},\"inLanguage\":\"pt-BR\",\"potentialAction\":[{\"@type\":\"ReadAction\",\"target\":[\"https:\/\/uvbbrasil.com.br\/adicional-de-1-do-fpm-em-setembro-e-aprovado-na-camara-em-primeiro-turno\/\"]}]},{\"@type\":\"ImageObject\",\"inLanguage\":\"pt-BR\",\"@id\":\"https:\/\/uvbbrasil.com.br\/adicional-de-1-do-fpm-em-setembro-e-aprovado-na-camara-em-primeiro-turno\/#primaryimage\",\"url\":\"https:\/\/uvbbrasil.com.br\/wp-content\/uploads\/2021\/10\/WhatsApp-Image-2021-10-07-at-21.20.02-1.jpeg\",\"contentUrl\":\"https:\/\/uvbbrasil.com.br\/wp-content\/uploads\/2021\/10\/WhatsApp-Image-2021-10-07-at-21.20.02-1.jpeg\",\"width\":1280,\"height\":1280},{\"@type\":\"BreadcrumbList\",\"@id\":\"https:\/\/uvbbrasil.com.br\/adicional-de-1-do-fpm-em-setembro-e-aprovado-na-camara-em-primeiro-turno\/#breadcrumb\",\"itemListElement\":[{\"@type\":\"ListItem\",\"position\":1,\"name\":\"In\u00edcio\",\"item\":\"https:\/\/uvbbrasil.com.br\/\"},{\"@type\":\"ListItem\",\"position\":2,\"name\":\"Adicional de 1% do FPM em setembro \u00e9 aprovado na C\u00e2mara em primeiro turno\"}]},{\"@type\":\"WebSite\",\"@id\":\"https:\/\/uvbbrasil.com.br\/#website\",\"url\":\"https:\/\/uvbbrasil.com.br\/\",\"name\":\"UVB Brasil\",\"description\":\"Uni\u00e3o dos Vereadores do Brasil\",\"publisher\":{\"@id\":\"https:\/\/uvbbrasil.com.br\/#organization\"},\"potentialAction\":[{\"@type\":\"SearchAction\",\"target\":{\"@type\":\"EntryPoint\",\"urlTemplate\":\"https:\/\/uvbbrasil.com.br\/?s={search_term_string}\"},\"query-input\":{\"@type\":\"PropertyValueSpecification\",\"valueRequired\":true,\"valueName\":\"search_term_string\"}}],\"inLanguage\":\"pt-BR\"},{\"@type\":\"Organization\",\"@id\":\"https:\/\/uvbbrasil.com.br\/#organization\",\"name\":\"UVB Brasil\",\"url\":\"https:\/\/uvbbrasil.com.br\/\",\"logo\":{\"@type\":\"ImageObject\",\"inLanguage\":\"pt-BR\",\"@id\":\"https:\/\/uvbbrasil.com.br\/#\/schema\/logo\/image\/\",\"url\":\"https:\/\/uvbbrasil.com.br\/wp-content\/uploads\/2025\/01\/LOGO-UVB-2024-azul-1.jpg\",\"contentUrl\":\"https:\/\/uvbbrasil.com.br\/wp-content\/uploads\/2025\/01\/LOGO-UVB-2024-azul-1.jpg\",\"width\":600,\"height\":211,\"caption\":\"UVB Brasil\"},\"image\":{\"@id\":\"https:\/\/uvbbrasil.com.br\/#\/schema\/logo\/image\/\"},\"sameAs\":[\"https:\/\/www.facebook.com\/uvb.vereadoresbrasil\",\"https:\/\/www.instagram.com\/uvbbrasil\/\",\"https:\/\/www.youtube.com\/channel\/UCIlPQ8Xzw5GHNzosQIg9S5A\"]},{\"@type\":\"Person\",\"@id\":\"https:\/\/uvbbrasil.com.br\/#\/schema\/person\/17990098446c098f52effddff4f1b272\",\"name\":\"adminuvb\",\"image\":{\"@type\":\"ImageObject\",\"inLanguage\":\"pt-BR\",\"@id\":\"https:\/\/uvbbrasil.com.br\/#\/schema\/person\/image\/\",\"url\":\"https:\/\/secure.gravatar.com\/avatar\/1a494ea6f8e2dd1ae526e55b0e9497efdba542491e0620d704cccf63c6f77c45?s=96&d=mm&r=g\",\"contentUrl\":\"https:\/\/secure.gravatar.com\/avatar\/1a494ea6f8e2dd1ae526e55b0e9497efdba542491e0620d704cccf63c6f77c45?s=96&d=mm&r=g\",\"caption\":\"adminuvb\"},\"sameAs\":[\"https:\/\/uvbbrasil.com.br\"],\"url\":\"https:\/\/uvbbrasil.com.br\/author\/adminuvb\/\"}]}<\/script>\n<!-- \/ Yoast SEO plugin. -->","yoast_head_json":{"title":"Adicional de 1% do FPM em setembro \u00e9 aprovado na C\u00e2mara em primeiro turno - UVB Brasil","robots":{"index":"index","follow":"follow","max-snippet":"max-snippet:-1","max-image-preview":"max-image-preview:large","max-video-preview":"max-video-preview:-1"},"canonical":"https:\/\/uvbbrasil.com.br\/adicional-de-1-do-fpm-em-setembro-e-aprovado-na-camara-em-primeiro-turno\/","og_locale":"pt_BR","og_type":"article","og_title":"Adicional de 1% do FPM em setembro \u00e9 aprovado na C\u00e2mara em primeiro turno - UVB Brasil","og_description":"Com forte defesa de parlamentares municipalistas, a Proposta de Emenda \u00e0 Constitui\u00e7\u00e3o (PEC) 391\/2017, que adiciona 1% no Fundo de...","og_url":"https:\/\/uvbbrasil.com.br\/adicional-de-1-do-fpm-em-setembro-e-aprovado-na-camara-em-primeiro-turno\/","og_site_name":"UVB Brasil","article_publisher":"https:\/\/www.facebook.com\/uvb.vereadoresbrasil","article_published_time":"2021-10-07T12:54:24+00:00","og_image":[{"width":1280,"height":1280,"url":"https:\/\/uvbbrasil.com.br\/wp-content\/uploads\/2021\/10\/WhatsApp-Image-2021-10-07-at-21.20.02-1.jpeg","type":"image\/jpeg"}],"author":"adminuvb","twitter_card":"summary_large_image","twitter_misc":{"Escrito por":"adminuvb","Est. tempo de leitura":"2 minutos"},"schema":{"@context":"https:\/\/schema.org","@graph":[{"@type":"Article","@id":"https:\/\/uvbbrasil.com.br\/adicional-de-1-do-fpm-em-setembro-e-aprovado-na-camara-em-primeiro-turno\/#article","isPartOf":{"@id":"https:\/\/uvbbrasil.com.br\/adicional-de-1-do-fpm-em-setembro-e-aprovado-na-camara-em-primeiro-turno\/"},"author":{"name":"adminuvb","@id":"https:\/\/uvbbrasil.com.br\/#\/schema\/person\/17990098446c098f52effddff4f1b272"},"headline":"Adicional de 1% do FPM em setembro \u00e9 aprovado na C\u00e2mara em primeiro turno","datePublished":"2021-10-07T12:54:24+00:00","mainEntityOfPage":{"@id":"https:\/\/uvbbrasil.com.br\/adicional-de-1-do-fpm-em-setembro-e-aprovado-na-camara-em-primeiro-turno\/"},"wordCount":334,"commentCount":0,"publisher":{"@id":"https:\/\/uvbbrasil.com.br\/#organization"},"image":{"@id":"https:\/\/uvbbrasil.com.br\/adicional-de-1-do-fpm-em-setembro-e-aprovado-na-camara-em-primeiro-turno\/#primaryimage"},"thumbnailUrl":"https:\/\/uvbbrasil.com.br\/wp-content\/uploads\/2021\/10\/WhatsApp-Image-2021-10-07-at-21.20.02-1.jpeg","articleSection":["NOT\u00cdCIAS","UVB"],"inLanguage":"pt-BR","potentialAction":[{"@type":"CommentAction","name":"Comment","target":["https:\/\/uvbbrasil.com.br\/adicional-de-1-do-fpm-em-setembro-e-aprovado-na-camara-em-primeiro-turno\/#respond"]}]},{"@type":"WebPage","@id":"https:\/\/uvbbrasil.com.br\/adicional-de-1-do-fpm-em-setembro-e-aprovado-na-camara-em-primeiro-turno\/","url":"https:\/\/uvbbrasil.com.br\/adicional-de-1-do-fpm-em-setembro-e-aprovado-na-camara-em-primeiro-turno\/","name":"Adicional de 1% do FPM em setembro \u00e9 aprovado na C\u00e2mara em primeiro turno - UVB Brasil","isPartOf":{"@id":"https:\/\/uvbbrasil.com.br\/#website"},"primaryImageOfPage":{"@id":"https:\/\/uvbbrasil.com.br\/adicional-de-1-do-fpm-em-setembro-e-aprovado-na-camara-em-primeiro-turno\/#primaryimage"},"image":{"@id":"https:\/\/uvbbrasil.com.br\/adicional-de-1-do-fpm-em-setembro-e-aprovado-na-camara-em-primeiro-turno\/#primaryimage"},"thumbnailUrl":"https:\/\/uvbbrasil.com.br\/wp-content\/uploads\/2021\/10\/WhatsApp-Image-2021-10-07-at-21.20.02-1.jpeg","datePublished":"2021-10-07T12:54:24+00:00","breadcrumb":{"@id":"https:\/\/uvbbrasil.com.br\/adicional-de-1-do-fpm-em-setembro-e-aprovado-na-camara-em-primeiro-turno\/#breadcrumb"},"inLanguage":"pt-BR","potentialAction":[{"@type":"ReadAction","target":["https:\/\/uvbbrasil.com.br\/adicional-de-1-do-fpm-em-setembro-e-aprovado-na-camara-em-primeiro-turno\/"]}]},{"@type":"ImageObject","inLanguage":"pt-BR","@id":"https:\/\/uvbbrasil.com.br\/adicional-de-1-do-fpm-em-setembro-e-aprovado-na-camara-em-primeiro-turno\/#primaryimage","url":"https:\/\/uvbbrasil.com.br\/wp-content\/uploads\/2021\/10\/WhatsApp-Image-2021-10-07-at-21.20.02-1.jpeg","contentUrl":"https:\/\/uvbbrasil.com.br\/wp-content\/uploads\/2021\/10\/WhatsApp-Image-2021-10-07-at-21.20.02-1.jpeg","width":1280,"height":1280},{"@type":"BreadcrumbList","@id":"https:\/\/uvbbrasil.com.br\/adicional-de-1-do-fpm-em-setembro-e-aprovado-na-camara-em-primeiro-turno\/#breadcrumb","itemListElement":[{"@type":"ListItem","position":1,"name":"In\u00edcio","item":"https:\/\/uvbbrasil.com.br\/"},{"@type":"ListItem","position":2,"name":"Adicional de 1% do FPM em setembro \u00e9 aprovado na C\u00e2mara em primeiro turno"}]},{"@type":"WebSite","@id":"https:\/\/uvbbrasil.com.br\/#website","url":"https:\/\/uvbbrasil.com.br\/","name":"UVB Brasil","description":"Uni\u00e3o dos Vereadores do Brasil","publisher":{"@id":"https:\/\/uvbbrasil.com.br\/#organization"},"potentialAction":[{"@type":"SearchAction","target":{"@type":"EntryPoint","urlTemplate":"https:\/\/uvbbrasil.com.br\/?s={search_term_string}"},"query-input":{"@type":"PropertyValueSpecification","valueRequired":true,"valueName":"search_term_string"}}],"inLanguage":"pt-BR"},{"@type":"Organization","@id":"https:\/\/uvbbrasil.com.br\/#organization","name":"UVB Brasil","url":"https:\/\/uvbbrasil.com.br\/","logo":{"@type":"ImageObject","inLanguage":"pt-BR","@id":"https:\/\/uvbbrasil.com.br\/#\/schema\/logo\/image\/","url":"https:\/\/uvbbrasil.com.br\/wp-content\/uploads\/2025\/01\/LOGO-UVB-2024-azul-1.jpg","contentUrl":"https:\/\/uvbbrasil.com.br\/wp-content\/uploads\/2025\/01\/LOGO-UVB-2024-azul-1.jpg","width":600,"height":211,"caption":"UVB Brasil"},"image":{"@id":"https:\/\/uvbbrasil.com.br\/#\/schema\/logo\/image\/"},"sameAs":["https:\/\/www.facebook.com\/uvb.vereadoresbrasil","https:\/\/www.instagram.com\/uvbbrasil\/","https:\/\/www.youtube.com\/channel\/UCIlPQ8Xzw5GHNzosQIg9S5A"]},{"@type":"Person","@id":"https:\/\/uvbbrasil.com.br\/#\/schema\/person\/17990098446c098f52effddff4f1b272","name":"adminuvb","image":{"@type":"ImageObject","inLanguage":"pt-BR","@id":"https:\/\/uvbbrasil.com.br\/#\/schema\/person\/image\/","url":"https:\/\/secure.gravatar.com\/avatar\/1a494ea6f8e2dd1ae526e55b0e9497efdba542491e0620d704cccf63c6f77c45?s=96&d=mm&r=g","contentUrl":"https:\/\/secure.gravatar.com\/avatar\/1a494ea6f8e2dd1ae526e55b0e9497efdba542491e0620d704cccf63c6f77c45?s=96&d=mm&r=g","caption":"adminuvb"},"sameAs":["https:\/\/uvbbrasil.com.br"],"url":"https:\/\/uvbbrasil.com.br\/author\/adminuvb\/"}]}},"_links":{"self":[{"href":"https:\/\/uvbbrasil.com.br\/uvb-json\/wp\/v2\/posts\/23786","targetHints":{"allow":["GET"]}}],"collection":[{"href":"https:\/\/uvbbrasil.com.br\/uvb-json\/wp\/v2\/posts"}],"about":[{"href":"https:\/\/uvbbrasil.com.br\/uvb-json\/wp\/v2\/types\/post"}],"author":[{"embeddable":true,"href":"https:\/\/uvbbrasil.com.br\/uvb-json\/wp\/v2\/users\/1"}],"replies":[{"embeddable":true,"href":"https:\/\/uvbbrasil.com.br\/uvb-json\/wp\/v2\/comments?post=23786"}],"version-history":[{"count":0,"href":"https:\/\/uvbbrasil.com.br\/uvb-json\/wp\/v2\/posts\/23786\/revisions"}],"wp:featuredmedia":[{"embeddable":true,"href":"https:\/\/uvbbrasil.com.br\/uvb-json\/wp\/v2\/media\/23825"}],"wp:attachment":[{"href":"https:\/\/uvbbrasil.com.br\/uvb-json\/wp\/v2\/media?parent=23786"}],"wp:term":[{"taxonomy":"category","embeddable":true,"href":"https:\/\/uvbbrasil.com.br\/uvb-json\/wp\/v2\/categories?post=23786"},{"taxonomy":"post_tag","embeddable":true,"href":"https:\/\/uvbbrasil.com.br\/uvb-json\/wp\/v2\/tags?post=23786"}],"curies":[{"name":"wp","href":"https:\/\/api.w.org\/{rel}","templated":true}]}}