{"id":23655,"date":"2021-09-24T12:09:42","date_gmt":"2021-09-24T15:09:42","guid":{"rendered":"https:\/\/wpsandbox4.pante.com.br\/?p=23655"},"modified":"2021-09-24T12:09:42","modified_gmt":"2021-09-24T15:09:42","slug":"os-principais-fundamentos-do-marketing-politicos-e-tema-no-encontro-de-legislativos-em-salvador","status":"publish","type":"post","link":"https:\/\/uvbbrasil.com.br\/os-principais-fundamentos-do-marketing-politicos-e-tema-no-encontro-de-legislativos-em-salvador\/","title":{"rendered":"Os principais fundamentos do marketing pol\u00edtico \u00e9 tema no Encontro de Legislativos em Salvador"},"content":{"rendered":"<p>A Uni\u00e3o dos Vereadores do Brasil\/UVB,\u00a0 trouxe a\u00a0 programa\u00e7\u00e3o do Encontro Nacional de Legislativos Municipais em Salvador, tema de grande import\u00e2ncia para o mandato dos vereadores e vereadoras presentes no evento dentre eles\u00a0 o marketing pol\u00edticos\u00a0 debatido por Silvio Tavares, marketeiro pol\u00edtico e apresentador de TV que\u00a0 abordou os principais fundamentos do marketing pol\u00edticos e dicas para vereadores que almejam um posicionamento majorit\u00e1rio .<\/p>\n<p>Marketing pol\u00edtico, que nada mais \u00e9 do que uma \u00e1rea dentro da comunica\u00e7\u00e3o de mercado voltada ao ambiente politico, muito usada para estreitar as rela\u00e7\u00f5es de determinados grupos de pessoas \u00e0s quest\u00f5es que envolvem seu cotidiano, materializando imagens de pol\u00edticos principalmente no per\u00edodo eleitoral.<\/p>\n<p>Quando bem praticado o marketing pol\u00edtico, ajuda o vereador a concentrar seus esfor\u00e7os de maneira eficaz. Tamb\u00e9m auxilia a entender como est\u00e1 sendo percebido pela sua base e como fazer para melhorar essa percep\u00e7\u00e3o. Buscar entender quais s\u00e3o as demandas das comunidades e atende-las e fazer com que todos compreendam os benef\u00edcios e creditem a ele.<\/p>\n<p><a href=\"https:\/\/uvbbrasil.com.br\/?attachment_id=23656\" rel=\"attachment wp-att-23656\"><img fetchpriority=\"high\" decoding=\"async\" class=\"aligncenter size-full wp-image-23656\" src=\"https:\/\/uvbbrasil.com.br\/wp-content\/uploads\/2021\/09\/WhatsApp-Image-2021-09-22-at-16.33.07.jpeg\" alt=\"\" width=\"1600\" height=\"1200\" srcset=\"https:\/\/uvbbrasil.com.br\/wp-content\/uploads\/2021\/09\/WhatsApp-Image-2021-09-22-at-16.33.07.jpeg 1600w, https:\/\/uvbbrasil.com.br\/wp-content\/uploads\/2021\/09\/WhatsApp-Image-2021-09-22-at-16.33.07-300x225.jpeg 300w, https:\/\/uvbbrasil.com.br\/wp-content\/uploads\/2021\/09\/WhatsApp-Image-2021-09-22-at-16.33.07-1024x768.jpeg 1024w, https:\/\/uvbbrasil.com.br\/wp-content\/uploads\/2021\/09\/WhatsApp-Image-2021-09-22-at-16.33.07-768x576.jpeg 768w, https:\/\/uvbbrasil.com.br\/wp-content\/uploads\/2021\/09\/WhatsApp-Image-2021-09-22-at-16.33.07-1536x1152.jpeg 1536w\" sizes=\"(max-width: 1600px) 100vw, 1600px\" \/><\/a><a href=\"https:\/\/uvbbrasil.com.br\/?attachment_id=23657\" rel=\"attachment wp-att-23657\"><img decoding=\"async\" class=\"aligncenter size-full wp-image-23657\" src=\"https:\/\/uvbbrasil.com.br\/wp-content\/uploads\/2021\/09\/WhatsApp-Image-2021-09-22-at-16.33.08.jpeg\" alt=\"\" width=\"1600\" height=\"1200\" srcset=\"https:\/\/uvbbrasil.com.br\/wp-content\/uploads\/2021\/09\/WhatsApp-Image-2021-09-22-at-16.33.08.jpeg 1600w, https:\/\/uvbbrasil.com.br\/wp-content\/uploads\/2021\/09\/WhatsApp-Image-2021-09-22-at-16.33.08-300x225.jpeg 300w, https:\/\/uvbbrasil.com.br\/wp-content\/uploads\/2021\/09\/WhatsApp-Image-2021-09-22-at-16.33.08-1024x768.jpeg 1024w, https:\/\/uvbbrasil.com.br\/wp-content\/uploads\/2021\/09\/WhatsApp-Image-2021-09-22-at-16.33.08-768x576.jpeg 768w, https:\/\/uvbbrasil.com.br\/wp-content\/uploads\/2021\/09\/WhatsApp-Image-2021-09-22-at-16.33.08-1536x1152.jpeg 1536w\" sizes=\"(max-width: 1600px) 100vw, 1600px\" \/><\/a><\/p>\n<p><a href=\"https:\/\/uvbbrasil.com.br\/?attachment_id=23661\" rel=\"attachment wp-att-23661\"><img decoding=\"async\" class=\"aligncenter size-full wp-image-23661\" src=\"https:\/\/uvbbrasil.com.br\/wp-content\/uploads\/2021\/09\/WhatsApp-Image-2021-09-24-at-12.10.42.jpeg\" alt=\"\" width=\"1232\" height=\"816\" srcset=\"https:\/\/uvbbrasil.com.br\/wp-content\/uploads\/2021\/09\/WhatsApp-Image-2021-09-24-at-12.10.42.jpeg 1232w, https:\/\/uvbbrasil.com.br\/wp-content\/uploads\/2021\/09\/WhatsApp-Image-2021-09-24-at-12.10.42-300x199.jpeg 300w, https:\/\/uvbbrasil.com.br\/wp-content\/uploads\/2021\/09\/WhatsApp-Image-2021-09-24-at-12.10.42-1024x678.jpeg 1024w, https:\/\/uvbbrasil.com.br\/wp-content\/uploads\/2021\/09\/WhatsApp-Image-2021-09-24-at-12.10.42-768x509.jpeg 768w\" sizes=\"(max-width: 1232px) 100vw, 1232px\" \/><\/a><\/p>\n","protected":false},"excerpt":{"rendered":"<p>A Uni\u00e3o dos Vereadores do Brasil\/UVB,\u00a0 trouxe a\u00a0 programa\u00e7\u00e3o do Encontro Nacional de Legislativos Municipais em Salvador, tema de grande&#8230;<\/p>\n","protected":false},"author":1,"featured_media":23661,"comment_status":"open","ping_status":"open","sticky":false,"template":"","format":"standard","meta":{"footnotes":""},"categories":[3,4],"tags":[],"class_list":["post-23655","post","type-post","status-publish","format-standard","has-post-thumbnail","hentry","category-noticias","category-home"],"yoast_head":"<!-- This site is optimized with the Yoast SEO plugin v26.7 - https:\/\/yoast.com\/wordpress\/plugins\/seo\/ -->\n<title>Os principais fundamentos do marketing pol\u00edtico \u00e9 tema no Encontro de Legislativos em Salvador - UVB Brasil<\/title>\n<meta name=\"robots\" content=\"index, follow, max-snippet:-1, max-image-preview:large, max-video-preview:-1\" \/>\n<link rel=\"canonical\" href=\"https:\/\/uvbbrasil.com.br\/os-principais-fundamentos-do-marketing-politicos-e-tema-no-encontro-de-legislativos-em-salvador\/\" \/>\n<meta property=\"og:locale\" content=\"pt_BR\" \/>\n<meta property=\"og:type\" content=\"article\" \/>\n<meta property=\"og:title\" content=\"Os principais fundamentos do marketing pol\u00edtico \u00e9 tema no Encontro de Legislativos em Salvador - UVB Brasil\" \/>\n<meta property=\"og:description\" content=\"A Uni\u00e3o dos Vereadores do Brasil\/UVB,\u00a0 trouxe a\u00a0 programa\u00e7\u00e3o do Encontro Nacional de Legislativos Municipais em Salvador, tema de grande...\" \/>\n<meta property=\"og:url\" content=\"https:\/\/uvbbrasil.com.br\/os-principais-fundamentos-do-marketing-politicos-e-tema-no-encontro-de-legislativos-em-salvador\/\" \/>\n<meta property=\"og:site_name\" content=\"UVB Brasil\" \/>\n<meta property=\"article:publisher\" content=\"https:\/\/www.facebook.com\/uvb.vereadoresbrasil\" \/>\n<meta property=\"article:published_time\" content=\"2021-09-24T15:09:42+00:00\" \/>\n<meta property=\"og:image\" content=\"https:\/\/uvbbrasil.com.br\/wp-content\/uploads\/2021\/09\/WhatsApp-Image-2021-09-24-at-12.10.42.jpeg\" \/>\n\t<meta property=\"og:image:width\" content=\"1232\" \/>\n\t<meta property=\"og:image:height\" content=\"816\" \/>\n\t<meta property=\"og:image:type\" content=\"image\/jpeg\" \/>\n<meta name=\"author\" content=\"adminuvb\" \/>\n<meta name=\"twitter:card\" content=\"summary_large_image\" \/>\n<meta name=\"twitter:label1\" content=\"Escrito por\" \/>\n\t<meta name=\"twitter:data1\" content=\"adminuvb\" \/>\n\t<meta name=\"twitter:label2\" content=\"Est. tempo de leitura\" \/>\n\t<meta name=\"twitter:data2\" content=\"2 minutos\" \/>\n<script type=\"application\/ld+json\" class=\"yoast-schema-graph\">{\"@context\":\"https:\/\/schema.org\",\"@graph\":[{\"@type\":\"Article\",\"@id\":\"https:\/\/uvbbrasil.com.br\/os-principais-fundamentos-do-marketing-politicos-e-tema-no-encontro-de-legislativos-em-salvador\/#article\",\"isPartOf\":{\"@id\":\"https:\/\/uvbbrasil.com.br\/os-principais-fundamentos-do-marketing-politicos-e-tema-no-encontro-de-legislativos-em-salvador\/\"},\"author\":{\"name\":\"adminuvb\",\"@id\":\"https:\/\/uvbbrasil.com.br\/#\/schema\/person\/17990098446c098f52effddff4f1b272\"},\"headline\":\"Os principais fundamentos do marketing pol\u00edtico \u00e9 tema no Encontro de Legislativos em Salvador\",\"datePublished\":\"2021-09-24T15:09:42+00:00\",\"mainEntityOfPage\":{\"@id\":\"https:\/\/uvbbrasil.com.br\/os-principais-fundamentos-do-marketing-politicos-e-tema-no-encontro-de-legislativos-em-salvador\/\"},\"wordCount\":196,\"commentCount\":0,\"publisher\":{\"@id\":\"https:\/\/uvbbrasil.com.br\/#organization\"},\"image\":{\"@id\":\"https:\/\/uvbbrasil.com.br\/os-principais-fundamentos-do-marketing-politicos-e-tema-no-encontro-de-legislativos-em-salvador\/#primaryimage\"},\"thumbnailUrl\":\"https:\/\/uvbbrasil.com.br\/wp-content\/uploads\/2021\/09\/WhatsApp-Image-2021-09-24-at-12.10.42.jpeg\",\"articleSection\":[\"NOT\u00cdCIAS\",\"UVB\"],\"inLanguage\":\"pt-BR\",\"potentialAction\":[{\"@type\":\"CommentAction\",\"name\":\"Comment\",\"target\":[\"https:\/\/uvbbrasil.com.br\/os-principais-fundamentos-do-marketing-politicos-e-tema-no-encontro-de-legislativos-em-salvador\/#respond\"]}]},{\"@type\":\"WebPage\",\"@id\":\"https:\/\/uvbbrasil.com.br\/os-principais-fundamentos-do-marketing-politicos-e-tema-no-encontro-de-legislativos-em-salvador\/\",\"url\":\"https:\/\/uvbbrasil.com.br\/os-principais-fundamentos-do-marketing-politicos-e-tema-no-encontro-de-legislativos-em-salvador\/\",\"name\":\"Os principais fundamentos do marketing pol\u00edtico \u00e9 tema no Encontro de Legislativos em Salvador - UVB Brasil\",\"isPartOf\":{\"@id\":\"https:\/\/uvbbrasil.com.br\/#website\"},\"primaryImageOfPage\":{\"@id\":\"https:\/\/uvbbrasil.com.br\/os-principais-fundamentos-do-marketing-politicos-e-tema-no-encontro-de-legislativos-em-salvador\/#primaryimage\"},\"image\":{\"@id\":\"https:\/\/uvbbrasil.com.br\/os-principais-fundamentos-do-marketing-politicos-e-tema-no-encontro-de-legislativos-em-salvador\/#primaryimage\"},\"thumbnailUrl\":\"https:\/\/uvbbrasil.com.br\/wp-content\/uploads\/2021\/09\/WhatsApp-Image-2021-09-24-at-12.10.42.jpeg\",\"datePublished\":\"2021-09-24T15:09:42+00:00\",\"breadcrumb\":{\"@id\":\"https:\/\/uvbbrasil.com.br\/os-principais-fundamentos-do-marketing-politicos-e-tema-no-encontro-de-legislativos-em-salvador\/#breadcrumb\"},\"inLanguage\":\"pt-BR\",\"potentialAction\":[{\"@type\":\"ReadAction\",\"target\":[\"https:\/\/uvbbrasil.com.br\/os-principais-fundamentos-do-marketing-politicos-e-tema-no-encontro-de-legislativos-em-salvador\/\"]}]},{\"@type\":\"ImageObject\",\"inLanguage\":\"pt-BR\",\"@id\":\"https:\/\/uvbbrasil.com.br\/os-principais-fundamentos-do-marketing-politicos-e-tema-no-encontro-de-legislativos-em-salvador\/#primaryimage\",\"url\":\"https:\/\/uvbbrasil.com.br\/wp-content\/uploads\/2021\/09\/WhatsApp-Image-2021-09-24-at-12.10.42.jpeg\",\"contentUrl\":\"https:\/\/uvbbrasil.com.br\/wp-content\/uploads\/2021\/09\/WhatsApp-Image-2021-09-24-at-12.10.42.jpeg\",\"width\":1232,\"height\":816},{\"@type\":\"BreadcrumbList\",\"@id\":\"https:\/\/uvbbrasil.com.br\/os-principais-fundamentos-do-marketing-politicos-e-tema-no-encontro-de-legislativos-em-salvador\/#breadcrumb\",\"itemListElement\":[{\"@type\":\"ListItem\",\"position\":1,\"name\":\"In\u00edcio\",\"item\":\"https:\/\/uvbbrasil.com.br\/\"},{\"@type\":\"ListItem\",\"position\":2,\"name\":\"Os principais fundamentos do marketing pol\u00edtico \u00e9 tema no Encontro de Legislativos em Salvador\"}]},{\"@type\":\"WebSite\",\"@id\":\"https:\/\/uvbbrasil.com.br\/#website\",\"url\":\"https:\/\/uvbbrasil.com.br\/\",\"name\":\"UVB Brasil\",\"description\":\"Uni\u00e3o dos Vereadores do Brasil\",\"publisher\":{\"@id\":\"https:\/\/uvbbrasil.com.br\/#organization\"},\"potentialAction\":[{\"@type\":\"SearchAction\",\"target\":{\"@type\":\"EntryPoint\",\"urlTemplate\":\"https:\/\/uvbbrasil.com.br\/?s={search_term_string}\"},\"query-input\":{\"@type\":\"PropertyValueSpecification\",\"valueRequired\":true,\"valueName\":\"search_term_string\"}}],\"inLanguage\":\"pt-BR\"},{\"@type\":\"Organization\",\"@id\":\"https:\/\/uvbbrasil.com.br\/#organization\",\"name\":\"UVB Brasil\",\"url\":\"https:\/\/uvbbrasil.com.br\/\",\"logo\":{\"@type\":\"ImageObject\",\"inLanguage\":\"pt-BR\",\"@id\":\"https:\/\/uvbbrasil.com.br\/#\/schema\/logo\/image\/\",\"url\":\"https:\/\/uvbbrasil.com.br\/wp-content\/uploads\/2025\/01\/LOGO-UVB-2024-azul-1.jpg\",\"contentUrl\":\"https:\/\/uvbbrasil.com.br\/wp-content\/uploads\/2025\/01\/LOGO-UVB-2024-azul-1.jpg\",\"width\":600,\"height\":211,\"caption\":\"UVB Brasil\"},\"image\":{\"@id\":\"https:\/\/uvbbrasil.com.br\/#\/schema\/logo\/image\/\"},\"sameAs\":[\"https:\/\/www.facebook.com\/uvb.vereadoresbrasil\",\"https:\/\/www.instagram.com\/uvbbrasil\/\",\"https:\/\/www.youtube.com\/channel\/UCIlPQ8Xzw5GHNzosQIg9S5A\"]},{\"@type\":\"Person\",\"@id\":\"https:\/\/uvbbrasil.com.br\/#\/schema\/person\/17990098446c098f52effddff4f1b272\",\"name\":\"adminuvb\",\"image\":{\"@type\":\"ImageObject\",\"inLanguage\":\"pt-BR\",\"@id\":\"https:\/\/uvbbrasil.com.br\/#\/schema\/person\/image\/\",\"url\":\"https:\/\/secure.gravatar.com\/avatar\/1a494ea6f8e2dd1ae526e55b0e9497efdba542491e0620d704cccf63c6f77c45?s=96&d=mm&r=g\",\"contentUrl\":\"https:\/\/secure.gravatar.com\/avatar\/1a494ea6f8e2dd1ae526e55b0e9497efdba542491e0620d704cccf63c6f77c45?s=96&d=mm&r=g\",\"caption\":\"adminuvb\"},\"sameAs\":[\"https:\/\/uvbbrasil.com.br\"],\"url\":\"https:\/\/uvbbrasil.com.br\/author\/adminuvb\/\"}]}<\/script>\n<!-- \/ Yoast SEO plugin. -->","yoast_head_json":{"title":"Os principais fundamentos do marketing pol\u00edtico \u00e9 tema no Encontro de Legislativos em Salvador - UVB Brasil","robots":{"index":"index","follow":"follow","max-snippet":"max-snippet:-1","max-image-preview":"max-image-preview:large","max-video-preview":"max-video-preview:-1"},"canonical":"https:\/\/uvbbrasil.com.br\/os-principais-fundamentos-do-marketing-politicos-e-tema-no-encontro-de-legislativos-em-salvador\/","og_locale":"pt_BR","og_type":"article","og_title":"Os principais fundamentos do marketing pol\u00edtico \u00e9 tema no Encontro de Legislativos em Salvador - UVB Brasil","og_description":"A Uni\u00e3o dos Vereadores do Brasil\/UVB,\u00a0 trouxe a\u00a0 programa\u00e7\u00e3o do Encontro Nacional de Legislativos Municipais em Salvador, tema de grande...","og_url":"https:\/\/uvbbrasil.com.br\/os-principais-fundamentos-do-marketing-politicos-e-tema-no-encontro-de-legislativos-em-salvador\/","og_site_name":"UVB Brasil","article_publisher":"https:\/\/www.facebook.com\/uvb.vereadoresbrasil","article_published_time":"2021-09-24T15:09:42+00:00","og_image":[{"width":1232,"height":816,"url":"https:\/\/uvbbrasil.com.br\/wp-content\/uploads\/2021\/09\/WhatsApp-Image-2021-09-24-at-12.10.42.jpeg","type":"image\/jpeg"}],"author":"adminuvb","twitter_card":"summary_large_image","twitter_misc":{"Escrito por":"adminuvb","Est. tempo de leitura":"2 minutos"},"schema":{"@context":"https:\/\/schema.org","@graph":[{"@type":"Article","@id":"https:\/\/uvbbrasil.com.br\/os-principais-fundamentos-do-marketing-politicos-e-tema-no-encontro-de-legislativos-em-salvador\/#article","isPartOf":{"@id":"https:\/\/uvbbrasil.com.br\/os-principais-fundamentos-do-marketing-politicos-e-tema-no-encontro-de-legislativos-em-salvador\/"},"author":{"name":"adminuvb","@id":"https:\/\/uvbbrasil.com.br\/#\/schema\/person\/17990098446c098f52effddff4f1b272"},"headline":"Os principais fundamentos do marketing pol\u00edtico \u00e9 tema no Encontro de Legislativos em Salvador","datePublished":"2021-09-24T15:09:42+00:00","mainEntityOfPage":{"@id":"https:\/\/uvbbrasil.com.br\/os-principais-fundamentos-do-marketing-politicos-e-tema-no-encontro-de-legislativos-em-salvador\/"},"wordCount":196,"commentCount":0,"publisher":{"@id":"https:\/\/uvbbrasil.com.br\/#organization"},"image":{"@id":"https:\/\/uvbbrasil.com.br\/os-principais-fundamentos-do-marketing-politicos-e-tema-no-encontro-de-legislativos-em-salvador\/#primaryimage"},"thumbnailUrl":"https:\/\/uvbbrasil.com.br\/wp-content\/uploads\/2021\/09\/WhatsApp-Image-2021-09-24-at-12.10.42.jpeg","articleSection":["NOT\u00cdCIAS","UVB"],"inLanguage":"pt-BR","potentialAction":[{"@type":"CommentAction","name":"Comment","target":["https:\/\/uvbbrasil.com.br\/os-principais-fundamentos-do-marketing-politicos-e-tema-no-encontro-de-legislativos-em-salvador\/#respond"]}]},{"@type":"WebPage","@id":"https:\/\/uvbbrasil.com.br\/os-principais-fundamentos-do-marketing-politicos-e-tema-no-encontro-de-legislativos-em-salvador\/","url":"https:\/\/uvbbrasil.com.br\/os-principais-fundamentos-do-marketing-politicos-e-tema-no-encontro-de-legislativos-em-salvador\/","name":"Os principais fundamentos do marketing pol\u00edtico \u00e9 tema no Encontro de Legislativos em Salvador - UVB Brasil","isPartOf":{"@id":"https:\/\/uvbbrasil.com.br\/#website"},"primaryImageOfPage":{"@id":"https:\/\/uvbbrasil.com.br\/os-principais-fundamentos-do-marketing-politicos-e-tema-no-encontro-de-legislativos-em-salvador\/#primaryimage"},"image":{"@id":"https:\/\/uvbbrasil.com.br\/os-principais-fundamentos-do-marketing-politicos-e-tema-no-encontro-de-legislativos-em-salvador\/#primaryimage"},"thumbnailUrl":"https:\/\/uvbbrasil.com.br\/wp-content\/uploads\/2021\/09\/WhatsApp-Image-2021-09-24-at-12.10.42.jpeg","datePublished":"2021-09-24T15:09:42+00:00","breadcrumb":{"@id":"https:\/\/uvbbrasil.com.br\/os-principais-fundamentos-do-marketing-politicos-e-tema-no-encontro-de-legislativos-em-salvador\/#breadcrumb"},"inLanguage":"pt-BR","potentialAction":[{"@type":"ReadAction","target":["https:\/\/uvbbrasil.com.br\/os-principais-fundamentos-do-marketing-politicos-e-tema-no-encontro-de-legislativos-em-salvador\/"]}]},{"@type":"ImageObject","inLanguage":"pt-BR","@id":"https:\/\/uvbbrasil.com.br\/os-principais-fundamentos-do-marketing-politicos-e-tema-no-encontro-de-legislativos-em-salvador\/#primaryimage","url":"https:\/\/uvbbrasil.com.br\/wp-content\/uploads\/2021\/09\/WhatsApp-Image-2021-09-24-at-12.10.42.jpeg","contentUrl":"https:\/\/uvbbrasil.com.br\/wp-content\/uploads\/2021\/09\/WhatsApp-Image-2021-09-24-at-12.10.42.jpeg","width":1232,"height":816},{"@type":"BreadcrumbList","@id":"https:\/\/uvbbrasil.com.br\/os-principais-fundamentos-do-marketing-politicos-e-tema-no-encontro-de-legislativos-em-salvador\/#breadcrumb","itemListElement":[{"@type":"ListItem","position":1,"name":"In\u00edcio","item":"https:\/\/uvbbrasil.com.br\/"},{"@type":"ListItem","position":2,"name":"Os principais fundamentos do marketing pol\u00edtico \u00e9 tema no Encontro de Legislativos em Salvador"}]},{"@type":"WebSite","@id":"https:\/\/uvbbrasil.com.br\/#website","url":"https:\/\/uvbbrasil.com.br\/","name":"UVB Brasil","description":"Uni\u00e3o dos Vereadores do Brasil","publisher":{"@id":"https:\/\/uvbbrasil.com.br\/#organization"},"potentialAction":[{"@type":"SearchAction","target":{"@type":"EntryPoint","urlTemplate":"https:\/\/uvbbrasil.com.br\/?s={search_term_string}"},"query-input":{"@type":"PropertyValueSpecification","valueRequired":true,"valueName":"search_term_string"}}],"inLanguage":"pt-BR"},{"@type":"Organization","@id":"https:\/\/uvbbrasil.com.br\/#organization","name":"UVB Brasil","url":"https:\/\/uvbbrasil.com.br\/","logo":{"@type":"ImageObject","inLanguage":"pt-BR","@id":"https:\/\/uvbbrasil.com.br\/#\/schema\/logo\/image\/","url":"https:\/\/uvbbrasil.com.br\/wp-content\/uploads\/2025\/01\/LOGO-UVB-2024-azul-1.jpg","contentUrl":"https:\/\/uvbbrasil.com.br\/wp-content\/uploads\/2025\/01\/LOGO-UVB-2024-azul-1.jpg","width":600,"height":211,"caption":"UVB Brasil"},"image":{"@id":"https:\/\/uvbbrasil.com.br\/#\/schema\/logo\/image\/"},"sameAs":["https:\/\/www.facebook.com\/uvb.vereadoresbrasil","https:\/\/www.instagram.com\/uvbbrasil\/","https:\/\/www.youtube.com\/channel\/UCIlPQ8Xzw5GHNzosQIg9S5A"]},{"@type":"Person","@id":"https:\/\/uvbbrasil.com.br\/#\/schema\/person\/17990098446c098f52effddff4f1b272","name":"adminuvb","image":{"@type":"ImageObject","inLanguage":"pt-BR","@id":"https:\/\/uvbbrasil.com.br\/#\/schema\/person\/image\/","url":"https:\/\/secure.gravatar.com\/avatar\/1a494ea6f8e2dd1ae526e55b0e9497efdba542491e0620d704cccf63c6f77c45?s=96&d=mm&r=g","contentUrl":"https:\/\/secure.gravatar.com\/avatar\/1a494ea6f8e2dd1ae526e55b0e9497efdba542491e0620d704cccf63c6f77c45?s=96&d=mm&r=g","caption":"adminuvb"},"sameAs":["https:\/\/uvbbrasil.com.br"],"url":"https:\/\/uvbbrasil.com.br\/author\/adminuvb\/"}]}},"_links":{"self":[{"href":"https:\/\/uvbbrasil.com.br\/uvb-json\/wp\/v2\/posts\/23655","targetHints":{"allow":["GET"]}}],"collection":[{"href":"https:\/\/uvbbrasil.com.br\/uvb-json\/wp\/v2\/posts"}],"about":[{"href":"https:\/\/uvbbrasil.com.br\/uvb-json\/wp\/v2\/types\/post"}],"author":[{"embeddable":true,"href":"https:\/\/uvbbrasil.com.br\/uvb-json\/wp\/v2\/users\/1"}],"replies":[{"embeddable":true,"href":"https:\/\/uvbbrasil.com.br\/uvb-json\/wp\/v2\/comments?post=23655"}],"version-history":[{"count":0,"href":"https:\/\/uvbbrasil.com.br\/uvb-json\/wp\/v2\/posts\/23655\/revisions"}],"wp:featuredmedia":[{"embeddable":true,"href":"https:\/\/uvbbrasil.com.br\/uvb-json\/wp\/v2\/media\/23661"}],"wp:attachment":[{"href":"https:\/\/uvbbrasil.com.br\/uvb-json\/wp\/v2\/media?parent=23655"}],"wp:term":[{"taxonomy":"category","embeddable":true,"href":"https:\/\/uvbbrasil.com.br\/uvb-json\/wp\/v2\/categories?post=23655"},{"taxonomy":"post_tag","embeddable":true,"href":"https:\/\/uvbbrasil.com.br\/uvb-json\/wp\/v2\/tags?post=23655"}],"curies":[{"name":"wp","href":"https:\/\/api.w.org\/{rel}","templated":true}]}}