{"id":23621,"date":"2021-09-23T14:38:36","date_gmt":"2021-09-23T17:38:36","guid":{"rendered":"https:\/\/wpsandbox4.pante.com.br\/?p=23621"},"modified":"2021-09-23T14:38:36","modified_gmt":"2021-09-23T17:38:36","slug":"estatuto-do-vereador-brasileiro-por-no-encontro-nacional-de-legislativos-brasileiro","status":"publish","type":"post","link":"https:\/\/uvbbrasil.com.br\/estatuto-do-vereador-brasileiro-por-no-encontro-nacional-de-legislativos-brasileiro\/","title":{"rendered":"Estatuto do Vereador Brasileiro no Encontro Nacional de Legislativos Brasileiro"},"content":{"rendered":"<p>Dr. Isaac Newton\u00a0 Advogado, Doutorando e Mestre pela Universidade Cat\u00f3lica de Salvador e \u00a0autor do livro Manual de Direito Municipal Brasileiro, participou da programa\u00e7\u00e3o do Encontro Nacional de Legislativos Municipais promovido pela Uni\u00e3o dos Vereadores do Brasil\/UVB em Salvador.<\/p>\n<p>Dr. Isaac abordou sobre o estatuto do vereador e os principais direitos, garantia e obriga\u00e7\u00f5es do vereador, o parlamentar eleito para atuar junto aos legislativos de qualquer ordem, tem por miss\u00e3o elaborar o pacto que se solidifica entre a sociedade e os poderes constitu\u00eddos. Sua miss\u00e3o \u00e9 elaborar a lei e fiscalizar a sua execu\u00e7\u00e3o, estas duas a\u00e7\u00f5es, por si s\u00f3, merecem grande import\u00e2ncia \u00a0e relevo, ainda mais diante da perspectiva de que o nosso modelo constitucional opera pelo chamado estado de direito, o qual baseia suas a\u00e7\u00f5es essencialmente no cumprimento da lei.<\/p>\n<p>O Direito da representa\u00e7\u00e3o exercida pelo vereador, o poder entregue ao governo vem da popula\u00e7\u00e3o brasileira e esta\u00a0 popula\u00e7\u00e3o, convertida em eleitores, escolhe os seus representantes, que devem fazer as leis sobre as quais se movimentar\u00e1 o pa\u00eds, portanto o primeiro direito do vereador \u00e9 o de representar. Este direito permite que ele vote no momento das delibera\u00e7\u00f5es sobre projetos de lei que tramitem na c\u00e2mara. O vereador vota conforme sua consci\u00eancia, considerando o pensamento de seus eleitores.<\/p>\n<p>O vereador, no exerc\u00edcio de sua representa\u00e7\u00e3o n\u00e3o pode se abster de votar, ele ocupa o espa\u00e7o pol\u00edtico justamente para apoiar ou reprimir delibera\u00e7\u00f5es \u00a0sobre os assuntos de interesse da sociedade. Portanto, a escusa de pensamento para deixar de votar, u mesmo a condi\u00e7\u00e3o de interessado na \u201c mat\u00e9ria\u201d para justificar o impedimento, como ocorre nas decis\u00f5es judiciais, n\u00e3o tem cabimento no parlamento municipal. Na c\u00e2mara municipal o vereador defende posi\u00e7\u00f5es, e com elas conquistou o voto do eleitor, por essa raz\u00e3o ele n\u00e3o pode declinar ou abster-se de votar. Ainda mais porque o seu voto, no conjunto dos que ali est\u00e3o presentes, n\u00e3o se traduz em certeza de resultados, mas t\u00e3o somente adere a uma ou outra bandeira.<a href=\"https:\/\/uvbbrasil.com.br\/?attachment_id=23625\" rel=\"attachment wp-att-23625\"><img fetchpriority=\"high\" decoding=\"async\" class=\"aligncenter size-full wp-image-23625\" src=\"https:\/\/uvbbrasil.com.br\/wp-content\/uploads\/2021\/09\/b3bbf21e-0f0f-4f85-b4e4-9fc3265a2224.jpg\" alt=\"\" width=\"1600\" height=\"1200\" srcset=\"https:\/\/uvbbrasil.com.br\/wp-content\/uploads\/2021\/09\/b3bbf21e-0f0f-4f85-b4e4-9fc3265a2224.jpg 1600w, https:\/\/uvbbrasil.com.br\/wp-content\/uploads\/2021\/09\/b3bbf21e-0f0f-4f85-b4e4-9fc3265a2224-300x225.jpg 300w, https:\/\/uvbbrasil.com.br\/wp-content\/uploads\/2021\/09\/b3bbf21e-0f0f-4f85-b4e4-9fc3265a2224-1024x768.jpg 1024w, https:\/\/uvbbrasil.com.br\/wp-content\/uploads\/2021\/09\/b3bbf21e-0f0f-4f85-b4e4-9fc3265a2224-768x576.jpg 768w, https:\/\/uvbbrasil.com.br\/wp-content\/uploads\/2021\/09\/b3bbf21e-0f0f-4f85-b4e4-9fc3265a2224-1536x1152.jpg 1536w\" sizes=\"(max-width: 1600px) 100vw, 1600px\" \/><\/a><\/p>\n<p><a href=\"https:\/\/uvbbrasil.com.br\/?attachment_id=23627\" rel=\"attachment wp-att-23627\"><img decoding=\"async\" class=\"aligncenter size-full wp-image-23627\" src=\"https:\/\/uvbbrasil.com.br\/wp-content\/uploads\/2021\/09\/WhatsApp-Image-2021-09-23-at-14.36.56.jpeg\" alt=\"\" width=\"960\" height=\"1280\" srcset=\"https:\/\/uvbbrasil.com.br\/wp-content\/uploads\/2021\/09\/WhatsApp-Image-2021-09-23-at-14.36.56.jpeg 960w, https:\/\/uvbbrasil.com.br\/wp-content\/uploads\/2021\/09\/WhatsApp-Image-2021-09-23-at-14.36.56-225x300.jpeg 225w, https:\/\/uvbbrasil.com.br\/wp-content\/uploads\/2021\/09\/WhatsApp-Image-2021-09-23-at-14.36.56-768x1024.jpeg 768w\" sizes=\"(max-width: 960px) 100vw, 960px\" \/><\/a><a href=\"https:\/\/uvbbrasil.com.br\/?attachment_id=23623\" rel=\"attachment wp-att-23623\"><img decoding=\"async\" class=\"aligncenter size-full wp-image-23623\" src=\"https:\/\/uvbbrasil.com.br\/wp-content\/uploads\/2021\/09\/WhatsApp-Image-2021-09-23-at-14.27.49-1.jpeg\" alt=\"\" width=\"958\" height=\"1280\" srcset=\"https:\/\/uvbbrasil.com.br\/wp-content\/uploads\/2021\/09\/WhatsApp-Image-2021-09-23-at-14.27.49-1.jpeg 958w, https:\/\/uvbbrasil.com.br\/wp-content\/uploads\/2021\/09\/WhatsApp-Image-2021-09-23-at-14.27.49-1-225x300.jpeg 225w, https:\/\/uvbbrasil.com.br\/wp-content\/uploads\/2021\/09\/WhatsApp-Image-2021-09-23-at-14.27.49-1-766x1024.jpeg 766w, https:\/\/uvbbrasil.com.br\/wp-content\/uploads\/2021\/09\/WhatsApp-Image-2021-09-23-at-14.27.49-1-768x1026.jpeg 768w\" sizes=\"(max-width: 958px) 100vw, 958px\" \/><\/a><\/p>\n<p>&nbsp;<\/p>\n<p><a href=\"https:\/\/uvbbrasil.com.br\/?attachment_id=23626\" rel=\"attachment wp-att-23626\"><img loading=\"lazy\" decoding=\"async\" class=\"aligncenter size-full wp-image-23626\" src=\"https:\/\/uvbbrasil.com.br\/wp-content\/uploads\/2021\/09\/WhatsApp-Image-2021-09-22-at-12.48.38.jpeg\" alt=\"\" width=\"534\" height=\"1156\" srcset=\"https:\/\/uvbbrasil.com.br\/wp-content\/uploads\/2021\/09\/WhatsApp-Image-2021-09-22-at-12.48.38.jpeg 534w, https:\/\/uvbbrasil.com.br\/wp-content\/uploads\/2021\/09\/WhatsApp-Image-2021-09-22-at-12.48.38-139x300.jpeg 139w, https:\/\/uvbbrasil.com.br\/wp-content\/uploads\/2021\/09\/WhatsApp-Image-2021-09-22-at-12.48.38-473x1024.jpeg 473w\" sizes=\"(max-width: 534px) 100vw, 534px\" \/><\/a><a href=\"https:\/\/uvbbrasil.com.br\/?attachment_id=23622\" rel=\"attachment wp-att-23622\"><img loading=\"lazy\" decoding=\"async\" class=\"aligncenter size-full wp-image-23622\" src=\"https:\/\/uvbbrasil.com.br\/wp-content\/uploads\/2021\/09\/WhatsApp-Image-2021-09-23-at-14.27.49.jpeg\" alt=\"\" width=\"958\" height=\"1280\" srcset=\"https:\/\/uvbbrasil.com.br\/wp-content\/uploads\/2021\/09\/WhatsApp-Image-2021-09-23-at-14.27.49.jpeg 958w, https:\/\/uvbbrasil.com.br\/wp-content\/uploads\/2021\/09\/WhatsApp-Image-2021-09-23-at-14.27.49-225x300.jpeg 225w, https:\/\/uvbbrasil.com.br\/wp-content\/uploads\/2021\/09\/WhatsApp-Image-2021-09-23-at-14.27.49-766x1024.jpeg 766w, https:\/\/uvbbrasil.com.br\/wp-content\/uploads\/2021\/09\/WhatsApp-Image-2021-09-23-at-14.27.49-768x1026.jpeg 768w\" sizes=\"(max-width: 958px) 100vw, 958px\" \/><\/a><\/p>\n","protected":false},"excerpt":{"rendered":"<p>Dr. Isaac Newton\u00a0 Advogado, Doutorando e Mestre pela Universidade Cat\u00f3lica de Salvador e \u00a0autor do livro Manual de Direito Municipal&#8230;<\/p>\n","protected":false},"author":1,"featured_media":23627,"comment_status":"open","ping_status":"open","sticky":false,"template":"","format":"standard","meta":{"footnotes":""},"categories":[3,4],"tags":[],"class_list":["post-23621","post","type-post","status-publish","format-standard","has-post-thumbnail","hentry","category-noticias","category-home"],"yoast_head":"<!-- This site is optimized with the Yoast SEO plugin v26.7 - https:\/\/yoast.com\/wordpress\/plugins\/seo\/ -->\n<title>Estatuto do Vereador Brasileiro no Encontro Nacional de Legislativos Brasileiro - UVB Brasil<\/title>\n<meta name=\"robots\" content=\"index, follow, max-snippet:-1, max-image-preview:large, max-video-preview:-1\" \/>\n<link rel=\"canonical\" href=\"https:\/\/uvbbrasil.com.br\/estatuto-do-vereador-brasileiro-por-no-encontro-nacional-de-legislativos-brasileiro\/\" \/>\n<meta property=\"og:locale\" content=\"pt_BR\" \/>\n<meta property=\"og:type\" content=\"article\" \/>\n<meta property=\"og:title\" content=\"Estatuto do Vereador Brasileiro no Encontro Nacional de Legislativos Brasileiro - UVB Brasil\" \/>\n<meta property=\"og:description\" content=\"Dr. Isaac Newton\u00a0 Advogado, Doutorando e Mestre pela Universidade Cat\u00f3lica de Salvador e \u00a0autor do livro Manual de Direito Municipal...\" \/>\n<meta property=\"og:url\" content=\"https:\/\/uvbbrasil.com.br\/estatuto-do-vereador-brasileiro-por-no-encontro-nacional-de-legislativos-brasileiro\/\" \/>\n<meta property=\"og:site_name\" content=\"UVB Brasil\" \/>\n<meta property=\"article:publisher\" content=\"https:\/\/www.facebook.com\/uvb.vereadoresbrasil\" \/>\n<meta property=\"article:published_time\" content=\"2021-09-23T17:38:36+00:00\" \/>\n<meta property=\"og:image\" content=\"https:\/\/uvbbrasil.com.br\/wp-content\/uploads\/2021\/09\/WhatsApp-Image-2021-09-23-at-14.36.56.jpeg\" \/>\n\t<meta property=\"og:image:width\" content=\"960\" \/>\n\t<meta property=\"og:image:height\" content=\"1280\" \/>\n\t<meta property=\"og:image:type\" content=\"image\/jpeg\" \/>\n<meta name=\"author\" content=\"adminuvb\" \/>\n<meta name=\"twitter:card\" content=\"summary_large_image\" \/>\n<meta name=\"twitter:label1\" content=\"Escrito por\" \/>\n\t<meta name=\"twitter:data1\" content=\"adminuvb\" \/>\n\t<meta name=\"twitter:label2\" content=\"Est. tempo de leitura\" \/>\n\t<meta name=\"twitter:data2\" content=\"3 minutos\" \/>\n<script type=\"application\/ld+json\" class=\"yoast-schema-graph\">{\"@context\":\"https:\/\/schema.org\",\"@graph\":[{\"@type\":\"Article\",\"@id\":\"https:\/\/uvbbrasil.com.br\/estatuto-do-vereador-brasileiro-por-no-encontro-nacional-de-legislativos-brasileiro\/#article\",\"isPartOf\":{\"@id\":\"https:\/\/uvbbrasil.com.br\/estatuto-do-vereador-brasileiro-por-no-encontro-nacional-de-legislativos-brasileiro\/\"},\"author\":{\"name\":\"adminuvb\",\"@id\":\"https:\/\/uvbbrasil.com.br\/#\/schema\/person\/17990098446c098f52effddff4f1b272\"},\"headline\":\"Estatuto do Vereador Brasileiro no Encontro Nacional de Legislativos Brasileiro\",\"datePublished\":\"2021-09-23T17:38:36+00:00\",\"mainEntityOfPage\":{\"@id\":\"https:\/\/uvbbrasil.com.br\/estatuto-do-vereador-brasileiro-por-no-encontro-nacional-de-legislativos-brasileiro\/\"},\"wordCount\":373,\"commentCount\":0,\"publisher\":{\"@id\":\"https:\/\/uvbbrasil.com.br\/#organization\"},\"image\":{\"@id\":\"https:\/\/uvbbrasil.com.br\/estatuto-do-vereador-brasileiro-por-no-encontro-nacional-de-legislativos-brasileiro\/#primaryimage\"},\"thumbnailUrl\":\"https:\/\/uvbbrasil.com.br\/wp-content\/uploads\/2021\/09\/WhatsApp-Image-2021-09-23-at-14.36.56.jpeg\",\"articleSection\":[\"NOT\u00cdCIAS\",\"UVB\"],\"inLanguage\":\"pt-BR\",\"potentialAction\":[{\"@type\":\"CommentAction\",\"name\":\"Comment\",\"target\":[\"https:\/\/uvbbrasil.com.br\/estatuto-do-vereador-brasileiro-por-no-encontro-nacional-de-legislativos-brasileiro\/#respond\"]}]},{\"@type\":\"WebPage\",\"@id\":\"https:\/\/uvbbrasil.com.br\/estatuto-do-vereador-brasileiro-por-no-encontro-nacional-de-legislativos-brasileiro\/\",\"url\":\"https:\/\/uvbbrasil.com.br\/estatuto-do-vereador-brasileiro-por-no-encontro-nacional-de-legislativos-brasileiro\/\",\"name\":\"Estatuto do Vereador Brasileiro no Encontro Nacional de Legislativos Brasileiro - UVB Brasil\",\"isPartOf\":{\"@id\":\"https:\/\/uvbbrasil.com.br\/#website\"},\"primaryImageOfPage\":{\"@id\":\"https:\/\/uvbbrasil.com.br\/estatuto-do-vereador-brasileiro-por-no-encontro-nacional-de-legislativos-brasileiro\/#primaryimage\"},\"image\":{\"@id\":\"https:\/\/uvbbrasil.com.br\/estatuto-do-vereador-brasileiro-por-no-encontro-nacional-de-legislativos-brasileiro\/#primaryimage\"},\"thumbnailUrl\":\"https:\/\/uvbbrasil.com.br\/wp-content\/uploads\/2021\/09\/WhatsApp-Image-2021-09-23-at-14.36.56.jpeg\",\"datePublished\":\"2021-09-23T17:38:36+00:00\",\"breadcrumb\":{\"@id\":\"https:\/\/uvbbrasil.com.br\/estatuto-do-vereador-brasileiro-por-no-encontro-nacional-de-legislativos-brasileiro\/#breadcrumb\"},\"inLanguage\":\"pt-BR\",\"potentialAction\":[{\"@type\":\"ReadAction\",\"target\":[\"https:\/\/uvbbrasil.com.br\/estatuto-do-vereador-brasileiro-por-no-encontro-nacional-de-legislativos-brasileiro\/\"]}]},{\"@type\":\"ImageObject\",\"inLanguage\":\"pt-BR\",\"@id\":\"https:\/\/uvbbrasil.com.br\/estatuto-do-vereador-brasileiro-por-no-encontro-nacional-de-legislativos-brasileiro\/#primaryimage\",\"url\":\"https:\/\/uvbbrasil.com.br\/wp-content\/uploads\/2021\/09\/WhatsApp-Image-2021-09-23-at-14.36.56.jpeg\",\"contentUrl\":\"https:\/\/uvbbrasil.com.br\/wp-content\/uploads\/2021\/09\/WhatsApp-Image-2021-09-23-at-14.36.56.jpeg\",\"width\":960,\"height\":1280},{\"@type\":\"BreadcrumbList\",\"@id\":\"https:\/\/uvbbrasil.com.br\/estatuto-do-vereador-brasileiro-por-no-encontro-nacional-de-legislativos-brasileiro\/#breadcrumb\",\"itemListElement\":[{\"@type\":\"ListItem\",\"position\":1,\"name\":\"In\u00edcio\",\"item\":\"https:\/\/uvbbrasil.com.br\/\"},{\"@type\":\"ListItem\",\"position\":2,\"name\":\"Estatuto do Vereador Brasileiro no Encontro Nacional de Legislativos Brasileiro\"}]},{\"@type\":\"WebSite\",\"@id\":\"https:\/\/uvbbrasil.com.br\/#website\",\"url\":\"https:\/\/uvbbrasil.com.br\/\",\"name\":\"UVB Brasil\",\"description\":\"Uni\u00e3o dos Vereadores do Brasil\",\"publisher\":{\"@id\":\"https:\/\/uvbbrasil.com.br\/#organization\"},\"potentialAction\":[{\"@type\":\"SearchAction\",\"target\":{\"@type\":\"EntryPoint\",\"urlTemplate\":\"https:\/\/uvbbrasil.com.br\/?s={search_term_string}\"},\"query-input\":{\"@type\":\"PropertyValueSpecification\",\"valueRequired\":true,\"valueName\":\"search_term_string\"}}],\"inLanguage\":\"pt-BR\"},{\"@type\":\"Organization\",\"@id\":\"https:\/\/uvbbrasil.com.br\/#organization\",\"name\":\"UVB Brasil\",\"url\":\"https:\/\/uvbbrasil.com.br\/\",\"logo\":{\"@type\":\"ImageObject\",\"inLanguage\":\"pt-BR\",\"@id\":\"https:\/\/uvbbrasil.com.br\/#\/schema\/logo\/image\/\",\"url\":\"https:\/\/uvbbrasil.com.br\/wp-content\/uploads\/2025\/01\/LOGO-UVB-2024-azul-1.jpg\",\"contentUrl\":\"https:\/\/uvbbrasil.com.br\/wp-content\/uploads\/2025\/01\/LOGO-UVB-2024-azul-1.jpg\",\"width\":600,\"height\":211,\"caption\":\"UVB Brasil\"},\"image\":{\"@id\":\"https:\/\/uvbbrasil.com.br\/#\/schema\/logo\/image\/\"},\"sameAs\":[\"https:\/\/www.facebook.com\/uvb.vereadoresbrasil\",\"https:\/\/www.instagram.com\/uvbbrasil\/\",\"https:\/\/www.youtube.com\/channel\/UCIlPQ8Xzw5GHNzosQIg9S5A\"]},{\"@type\":\"Person\",\"@id\":\"https:\/\/uvbbrasil.com.br\/#\/schema\/person\/17990098446c098f52effddff4f1b272\",\"name\":\"adminuvb\",\"image\":{\"@type\":\"ImageObject\",\"inLanguage\":\"pt-BR\",\"@id\":\"https:\/\/uvbbrasil.com.br\/#\/schema\/person\/image\/\",\"url\":\"https:\/\/secure.gravatar.com\/avatar\/1a494ea6f8e2dd1ae526e55b0e9497efdba542491e0620d704cccf63c6f77c45?s=96&d=mm&r=g\",\"contentUrl\":\"https:\/\/secure.gravatar.com\/avatar\/1a494ea6f8e2dd1ae526e55b0e9497efdba542491e0620d704cccf63c6f77c45?s=96&d=mm&r=g\",\"caption\":\"adminuvb\"},\"sameAs\":[\"https:\/\/uvbbrasil.com.br\"],\"url\":\"https:\/\/uvbbrasil.com.br\/author\/adminuvb\/\"}]}<\/script>\n<!-- \/ Yoast SEO plugin. -->","yoast_head_json":{"title":"Estatuto do Vereador Brasileiro no Encontro Nacional de Legislativos Brasileiro - UVB Brasil","robots":{"index":"index","follow":"follow","max-snippet":"max-snippet:-1","max-image-preview":"max-image-preview:large","max-video-preview":"max-video-preview:-1"},"canonical":"https:\/\/uvbbrasil.com.br\/estatuto-do-vereador-brasileiro-por-no-encontro-nacional-de-legislativos-brasileiro\/","og_locale":"pt_BR","og_type":"article","og_title":"Estatuto do Vereador Brasileiro no Encontro Nacional de Legislativos Brasileiro - UVB Brasil","og_description":"Dr. Isaac Newton\u00a0 Advogado, Doutorando e Mestre pela Universidade Cat\u00f3lica de Salvador e \u00a0autor do livro Manual de Direito Municipal...","og_url":"https:\/\/uvbbrasil.com.br\/estatuto-do-vereador-brasileiro-por-no-encontro-nacional-de-legislativos-brasileiro\/","og_site_name":"UVB Brasil","article_publisher":"https:\/\/www.facebook.com\/uvb.vereadoresbrasil","article_published_time":"2021-09-23T17:38:36+00:00","og_image":[{"width":960,"height":1280,"url":"https:\/\/uvbbrasil.com.br\/wp-content\/uploads\/2021\/09\/WhatsApp-Image-2021-09-23-at-14.36.56.jpeg","type":"image\/jpeg"}],"author":"adminuvb","twitter_card":"summary_large_image","twitter_misc":{"Escrito por":"adminuvb","Est. tempo de leitura":"3 minutos"},"schema":{"@context":"https:\/\/schema.org","@graph":[{"@type":"Article","@id":"https:\/\/uvbbrasil.com.br\/estatuto-do-vereador-brasileiro-por-no-encontro-nacional-de-legislativos-brasileiro\/#article","isPartOf":{"@id":"https:\/\/uvbbrasil.com.br\/estatuto-do-vereador-brasileiro-por-no-encontro-nacional-de-legislativos-brasileiro\/"},"author":{"name":"adminuvb","@id":"https:\/\/uvbbrasil.com.br\/#\/schema\/person\/17990098446c098f52effddff4f1b272"},"headline":"Estatuto do Vereador Brasileiro no Encontro Nacional de Legislativos Brasileiro","datePublished":"2021-09-23T17:38:36+00:00","mainEntityOfPage":{"@id":"https:\/\/uvbbrasil.com.br\/estatuto-do-vereador-brasileiro-por-no-encontro-nacional-de-legislativos-brasileiro\/"},"wordCount":373,"commentCount":0,"publisher":{"@id":"https:\/\/uvbbrasil.com.br\/#organization"},"image":{"@id":"https:\/\/uvbbrasil.com.br\/estatuto-do-vereador-brasileiro-por-no-encontro-nacional-de-legislativos-brasileiro\/#primaryimage"},"thumbnailUrl":"https:\/\/uvbbrasil.com.br\/wp-content\/uploads\/2021\/09\/WhatsApp-Image-2021-09-23-at-14.36.56.jpeg","articleSection":["NOT\u00cdCIAS","UVB"],"inLanguage":"pt-BR","potentialAction":[{"@type":"CommentAction","name":"Comment","target":["https:\/\/uvbbrasil.com.br\/estatuto-do-vereador-brasileiro-por-no-encontro-nacional-de-legislativos-brasileiro\/#respond"]}]},{"@type":"WebPage","@id":"https:\/\/uvbbrasil.com.br\/estatuto-do-vereador-brasileiro-por-no-encontro-nacional-de-legislativos-brasileiro\/","url":"https:\/\/uvbbrasil.com.br\/estatuto-do-vereador-brasileiro-por-no-encontro-nacional-de-legislativos-brasileiro\/","name":"Estatuto do Vereador Brasileiro no Encontro Nacional de Legislativos Brasileiro - UVB Brasil","isPartOf":{"@id":"https:\/\/uvbbrasil.com.br\/#website"},"primaryImageOfPage":{"@id":"https:\/\/uvbbrasil.com.br\/estatuto-do-vereador-brasileiro-por-no-encontro-nacional-de-legislativos-brasileiro\/#primaryimage"},"image":{"@id":"https:\/\/uvbbrasil.com.br\/estatuto-do-vereador-brasileiro-por-no-encontro-nacional-de-legislativos-brasileiro\/#primaryimage"},"thumbnailUrl":"https:\/\/uvbbrasil.com.br\/wp-content\/uploads\/2021\/09\/WhatsApp-Image-2021-09-23-at-14.36.56.jpeg","datePublished":"2021-09-23T17:38:36+00:00","breadcrumb":{"@id":"https:\/\/uvbbrasil.com.br\/estatuto-do-vereador-brasileiro-por-no-encontro-nacional-de-legislativos-brasileiro\/#breadcrumb"},"inLanguage":"pt-BR","potentialAction":[{"@type":"ReadAction","target":["https:\/\/uvbbrasil.com.br\/estatuto-do-vereador-brasileiro-por-no-encontro-nacional-de-legislativos-brasileiro\/"]}]},{"@type":"ImageObject","inLanguage":"pt-BR","@id":"https:\/\/uvbbrasil.com.br\/estatuto-do-vereador-brasileiro-por-no-encontro-nacional-de-legislativos-brasileiro\/#primaryimage","url":"https:\/\/uvbbrasil.com.br\/wp-content\/uploads\/2021\/09\/WhatsApp-Image-2021-09-23-at-14.36.56.jpeg","contentUrl":"https:\/\/uvbbrasil.com.br\/wp-content\/uploads\/2021\/09\/WhatsApp-Image-2021-09-23-at-14.36.56.jpeg","width":960,"height":1280},{"@type":"BreadcrumbList","@id":"https:\/\/uvbbrasil.com.br\/estatuto-do-vereador-brasileiro-por-no-encontro-nacional-de-legislativos-brasileiro\/#breadcrumb","itemListElement":[{"@type":"ListItem","position":1,"name":"In\u00edcio","item":"https:\/\/uvbbrasil.com.br\/"},{"@type":"ListItem","position":2,"name":"Estatuto do Vereador Brasileiro no Encontro Nacional de Legislativos Brasileiro"}]},{"@type":"WebSite","@id":"https:\/\/uvbbrasil.com.br\/#website","url":"https:\/\/uvbbrasil.com.br\/","name":"UVB Brasil","description":"Uni\u00e3o dos Vereadores do Brasil","publisher":{"@id":"https:\/\/uvbbrasil.com.br\/#organization"},"potentialAction":[{"@type":"SearchAction","target":{"@type":"EntryPoint","urlTemplate":"https:\/\/uvbbrasil.com.br\/?s={search_term_string}"},"query-input":{"@type":"PropertyValueSpecification","valueRequired":true,"valueName":"search_term_string"}}],"inLanguage":"pt-BR"},{"@type":"Organization","@id":"https:\/\/uvbbrasil.com.br\/#organization","name":"UVB Brasil","url":"https:\/\/uvbbrasil.com.br\/","logo":{"@type":"ImageObject","inLanguage":"pt-BR","@id":"https:\/\/uvbbrasil.com.br\/#\/schema\/logo\/image\/","url":"https:\/\/uvbbrasil.com.br\/wp-content\/uploads\/2025\/01\/LOGO-UVB-2024-azul-1.jpg","contentUrl":"https:\/\/uvbbrasil.com.br\/wp-content\/uploads\/2025\/01\/LOGO-UVB-2024-azul-1.jpg","width":600,"height":211,"caption":"UVB Brasil"},"image":{"@id":"https:\/\/uvbbrasil.com.br\/#\/schema\/logo\/image\/"},"sameAs":["https:\/\/www.facebook.com\/uvb.vereadoresbrasil","https:\/\/www.instagram.com\/uvbbrasil\/","https:\/\/www.youtube.com\/channel\/UCIlPQ8Xzw5GHNzosQIg9S5A"]},{"@type":"Person","@id":"https:\/\/uvbbrasil.com.br\/#\/schema\/person\/17990098446c098f52effddff4f1b272","name":"adminuvb","image":{"@type":"ImageObject","inLanguage":"pt-BR","@id":"https:\/\/uvbbrasil.com.br\/#\/schema\/person\/image\/","url":"https:\/\/secure.gravatar.com\/avatar\/1a494ea6f8e2dd1ae526e55b0e9497efdba542491e0620d704cccf63c6f77c45?s=96&d=mm&r=g","contentUrl":"https:\/\/secure.gravatar.com\/avatar\/1a494ea6f8e2dd1ae526e55b0e9497efdba542491e0620d704cccf63c6f77c45?s=96&d=mm&r=g","caption":"adminuvb"},"sameAs":["https:\/\/uvbbrasil.com.br"],"url":"https:\/\/uvbbrasil.com.br\/author\/adminuvb\/"}]}},"_links":{"self":[{"href":"https:\/\/uvbbrasil.com.br\/uvb-json\/wp\/v2\/posts\/23621","targetHints":{"allow":["GET"]}}],"collection":[{"href":"https:\/\/uvbbrasil.com.br\/uvb-json\/wp\/v2\/posts"}],"about":[{"href":"https:\/\/uvbbrasil.com.br\/uvb-json\/wp\/v2\/types\/post"}],"author":[{"embeddable":true,"href":"https:\/\/uvbbrasil.com.br\/uvb-json\/wp\/v2\/users\/1"}],"replies":[{"embeddable":true,"href":"https:\/\/uvbbrasil.com.br\/uvb-json\/wp\/v2\/comments?post=23621"}],"version-history":[{"count":0,"href":"https:\/\/uvbbrasil.com.br\/uvb-json\/wp\/v2\/posts\/23621\/revisions"}],"wp:featuredmedia":[{"embeddable":true,"href":"https:\/\/uvbbrasil.com.br\/uvb-json\/wp\/v2\/media\/23627"}],"wp:attachment":[{"href":"https:\/\/uvbbrasil.com.br\/uvb-json\/wp\/v2\/media?parent=23621"}],"wp:term":[{"taxonomy":"category","embeddable":true,"href":"https:\/\/uvbbrasil.com.br\/uvb-json\/wp\/v2\/categories?post=23621"},{"taxonomy":"post_tag","embeddable":true,"href":"https:\/\/uvbbrasil.com.br\/uvb-json\/wp\/v2\/tags?post=23621"}],"curies":[{"name":"wp","href":"https:\/\/api.w.org\/{rel}","templated":true}]}}