{"id":23612,"date":"2021-09-22T17:40:53","date_gmt":"2021-09-22T20:40:53","guid":{"rendered":"https:\/\/wpsandbox4.pante.com.br\/?p=23612"},"modified":"2021-09-22T17:40:53","modified_gmt":"2021-09-22T20:40:53","slug":"os-principios-da-administracao-publica-e-o-mandato-parlamentar-em-salvador","status":"publish","type":"post","link":"https:\/\/uvbbrasil.com.br\/os-principios-da-administracao-publica-e-o-mandato-parlamentar-em-salvador\/","title":{"rendered":"\u00a0Os Princ\u00edpios da Administra\u00e7\u00e3o P\u00fablica e o Mandato Parlamentar em Salvador"},"content":{"rendered":"<p>Os Princ\u00edpios da Administra\u00e7\u00e3o P\u00fablica e o Mandato Parlamentar \u00e9 tema apresentado no Encontro Nacional de Legislativos Municipais em Salvador\/BA, pelo Procurador Chefe da AGU (Advocacia Geral da Uni\u00e3o), Dr. Reinaldo Couto, Mestre em Direito, na manha desta quarta-feira(22)<\/p>\n<p>Que tratou sobre a legitimidade dos regimes autorit\u00e1rios que hoje temos a voz do povo, o poder emana do cidad\u00e3o da sociedade n\u00e3o mais da rela\u00e7\u00f5es de hereditariedade. O vereador representa a sociedade, a popula\u00e7\u00e3o daqueles que elegem e legitima o poder<\/p>\n<p>O princ\u00edpio da legalidade se manifesta tamb\u00e9m na exig\u00eancia de cumprimento do Regimento Interno, que \u00e9 uma resolu\u00e7\u00e3o, esp\u00e9cie normativa prevista no art. 59, VII, da Constitui\u00e7\u00e3o da Rep\u00fablica e nas Leis Org\u00e2nicas dos munic\u00edpios. Na hierarquia das leis, a resolu\u00e7\u00e3o aprovada pelo Poder Legislativo tem a mesma posi\u00e7\u00e3o da lei ordin\u00e1ria\u00a0. O que as distingue \u00e9 que a resolu\u00e7\u00e3o trata de mat\u00e9rias que n\u00e3o dependem da san\u00e7\u00e3o do chefe do Poder Executivo.<a href=\"https:\/\/uvbbrasil.com.br\/?attachment_id=23617\" rel=\"attachment wp-att-23617\"><img fetchpriority=\"high\" decoding=\"async\" class=\"aligncenter size-full wp-image-23617\" src=\"https:\/\/uvbbrasil.com.br\/wp-content\/uploads\/2021\/09\/WhatsApp-Image-2021-09-22-at-17.25.30.jpeg\" alt=\"\" width=\"1200\" height=\"1600\" srcset=\"https:\/\/uvbbrasil.com.br\/wp-content\/uploads\/2021\/09\/WhatsApp-Image-2021-09-22-at-17.25.30.jpeg 1200w, https:\/\/uvbbrasil.com.br\/wp-content\/uploads\/2021\/09\/WhatsApp-Image-2021-09-22-at-17.25.30-225x300.jpeg 225w, https:\/\/uvbbrasil.com.br\/wp-content\/uploads\/2021\/09\/WhatsApp-Image-2021-09-22-at-17.25.30-768x1024.jpeg 768w, https:\/\/uvbbrasil.com.br\/wp-content\/uploads\/2021\/09\/WhatsApp-Image-2021-09-22-at-17.25.30-1152x1536.jpeg 1152w\" sizes=\"(max-width: 1200px) 100vw, 1200px\" \/><\/a><a href=\"https:\/\/uvbbrasil.com.br\/?attachment_id=23615\" rel=\"attachment wp-att-23615\"><img decoding=\"async\" class=\"aligncenter size-full wp-image-23615\" src=\"https:\/\/uvbbrasil.com.br\/wp-content\/uploads\/2021\/09\/WhatsApp-Image-2021-09-22-at-17.26.20.jpeg\" alt=\"\" width=\"1200\" height=\"1600\" srcset=\"https:\/\/uvbbrasil.com.br\/wp-content\/uploads\/2021\/09\/WhatsApp-Image-2021-09-22-at-17.26.20.jpeg 1200w, https:\/\/uvbbrasil.com.br\/wp-content\/uploads\/2021\/09\/WhatsApp-Image-2021-09-22-at-17.26.20-225x300.jpeg 225w, https:\/\/uvbbrasil.com.br\/wp-content\/uploads\/2021\/09\/WhatsApp-Image-2021-09-22-at-17.26.20-768x1024.jpeg 768w, https:\/\/uvbbrasil.com.br\/wp-content\/uploads\/2021\/09\/WhatsApp-Image-2021-09-22-at-17.26.20-1152x1536.jpeg 1152w\" sizes=\"(max-width: 1200px) 100vw, 1200px\" \/><\/a><\/p>\n<p><a href=\"https:\/\/uvbbrasil.com.br\/?attachment_id=23616\" rel=\"attachment wp-att-23616\"><img decoding=\"async\" class=\"aligncenter size-full wp-image-23616\" src=\"https:\/\/uvbbrasil.com.br\/wp-content\/uploads\/2021\/09\/WhatsApp-Image-2021-09-22-at-17.25.31.jpeg\" alt=\"\" width=\"1200\" height=\"1600\" srcset=\"https:\/\/uvbbrasil.com.br\/wp-content\/uploads\/2021\/09\/WhatsApp-Image-2021-09-22-at-17.25.31.jpeg 1200w, https:\/\/uvbbrasil.com.br\/wp-content\/uploads\/2021\/09\/WhatsApp-Image-2021-09-22-at-17.25.31-225x300.jpeg 225w, https:\/\/uvbbrasil.com.br\/wp-content\/uploads\/2021\/09\/WhatsApp-Image-2021-09-22-at-17.25.31-768x1024.jpeg 768w, https:\/\/uvbbrasil.com.br\/wp-content\/uploads\/2021\/09\/WhatsApp-Image-2021-09-22-at-17.25.31-1152x1536.jpeg 1152w\" sizes=\"(max-width: 1200px) 100vw, 1200px\" \/><\/a><\/p>\n","protected":false},"excerpt":{"rendered":"<p>Os Princ\u00edpios da Administra\u00e7\u00e3o P\u00fablica e o Mandato Parlamentar \u00e9 tema apresentado no Encontro Nacional de Legislativos Municipais em Salvador\/BA,&#8230;<\/p>\n","protected":false},"author":1,"featured_media":23616,"comment_status":"open","ping_status":"open","sticky":false,"template":"","format":"standard","meta":{"footnotes":""},"categories":[3,4],"tags":[],"class_list":["post-23612","post","type-post","status-publish","format-standard","has-post-thumbnail","hentry","category-noticias","category-home"],"yoast_head":"<!-- This site is optimized with the Yoast SEO plugin v26.7 - https:\/\/yoast.com\/wordpress\/plugins\/seo\/ -->\n<title>\u00a0Os Princ\u00edpios da Administra\u00e7\u00e3o P\u00fablica e o Mandato Parlamentar em Salvador - UVB Brasil<\/title>\n<meta name=\"robots\" content=\"index, follow, max-snippet:-1, max-image-preview:large, max-video-preview:-1\" \/>\n<link rel=\"canonical\" href=\"https:\/\/uvbbrasil.com.br\/os-principios-da-administracao-publica-e-o-mandato-parlamentar-em-salvador\/\" \/>\n<meta property=\"og:locale\" content=\"pt_BR\" \/>\n<meta property=\"og:type\" content=\"article\" \/>\n<meta property=\"og:title\" content=\"\u00a0Os Princ\u00edpios da Administra\u00e7\u00e3o P\u00fablica e o Mandato Parlamentar em Salvador - UVB Brasil\" \/>\n<meta property=\"og:description\" content=\"Os Princ\u00edpios da Administra\u00e7\u00e3o P\u00fablica e o Mandato Parlamentar \u00e9 tema apresentado no Encontro Nacional de Legislativos Municipais em Salvador\/BA,...\" \/>\n<meta property=\"og:url\" content=\"https:\/\/uvbbrasil.com.br\/os-principios-da-administracao-publica-e-o-mandato-parlamentar-em-salvador\/\" \/>\n<meta property=\"og:site_name\" content=\"UVB Brasil\" \/>\n<meta property=\"article:publisher\" content=\"https:\/\/www.facebook.com\/uvb.vereadoresbrasil\" \/>\n<meta property=\"article:published_time\" content=\"2021-09-22T20:40:53+00:00\" \/>\n<meta property=\"og:image\" content=\"https:\/\/uvbbrasil.com.br\/wp-content\/uploads\/2021\/09\/WhatsApp-Image-2021-09-22-at-17.25.31.jpeg\" \/>\n\t<meta property=\"og:image:width\" content=\"1200\" \/>\n\t<meta property=\"og:image:height\" content=\"1600\" \/>\n\t<meta property=\"og:image:type\" content=\"image\/jpeg\" \/>\n<meta name=\"author\" content=\"adminuvb\" \/>\n<meta name=\"twitter:card\" content=\"summary_large_image\" \/>\n<meta name=\"twitter:label1\" content=\"Escrito por\" \/>\n\t<meta name=\"twitter:data1\" content=\"adminuvb\" \/>\n\t<meta name=\"twitter:label2\" content=\"Est. tempo de leitura\" \/>\n\t<meta name=\"twitter:data2\" content=\"2 minutos\" \/>\n<script type=\"application\/ld+json\" class=\"yoast-schema-graph\">{\"@context\":\"https:\/\/schema.org\",\"@graph\":[{\"@type\":\"Article\",\"@id\":\"https:\/\/uvbbrasil.com.br\/os-principios-da-administracao-publica-e-o-mandato-parlamentar-em-salvador\/#article\",\"isPartOf\":{\"@id\":\"https:\/\/uvbbrasil.com.br\/os-principios-da-administracao-publica-e-o-mandato-parlamentar-em-salvador\/\"},\"author\":{\"name\":\"adminuvb\",\"@id\":\"https:\/\/uvbbrasil.com.br\/#\/schema\/person\/17990098446c098f52effddff4f1b272\"},\"headline\":\"\u00a0Os Princ\u00edpios da Administra\u00e7\u00e3o P\u00fablica e o Mandato Parlamentar em Salvador\",\"datePublished\":\"2021-09-22T20:40:53+00:00\",\"mainEntityOfPage\":{\"@id\":\"https:\/\/uvbbrasil.com.br\/os-principios-da-administracao-publica-e-o-mandato-parlamentar-em-salvador\/\"},\"wordCount\":190,\"commentCount\":0,\"publisher\":{\"@id\":\"https:\/\/uvbbrasil.com.br\/#organization\"},\"image\":{\"@id\":\"https:\/\/uvbbrasil.com.br\/os-principios-da-administracao-publica-e-o-mandato-parlamentar-em-salvador\/#primaryimage\"},\"thumbnailUrl\":\"https:\/\/uvbbrasil.com.br\/wp-content\/uploads\/2021\/09\/WhatsApp-Image-2021-09-22-at-17.25.31.jpeg\",\"articleSection\":[\"NOT\u00cdCIAS\",\"UVB\"],\"inLanguage\":\"pt-BR\",\"potentialAction\":[{\"@type\":\"CommentAction\",\"name\":\"Comment\",\"target\":[\"https:\/\/uvbbrasil.com.br\/os-principios-da-administracao-publica-e-o-mandato-parlamentar-em-salvador\/#respond\"]}]},{\"@type\":\"WebPage\",\"@id\":\"https:\/\/uvbbrasil.com.br\/os-principios-da-administracao-publica-e-o-mandato-parlamentar-em-salvador\/\",\"url\":\"https:\/\/uvbbrasil.com.br\/os-principios-da-administracao-publica-e-o-mandato-parlamentar-em-salvador\/\",\"name\":\"\u00a0Os Princ\u00edpios da Administra\u00e7\u00e3o P\u00fablica e o Mandato Parlamentar em Salvador - UVB Brasil\",\"isPartOf\":{\"@id\":\"https:\/\/uvbbrasil.com.br\/#website\"},\"primaryImageOfPage\":{\"@id\":\"https:\/\/uvbbrasil.com.br\/os-principios-da-administracao-publica-e-o-mandato-parlamentar-em-salvador\/#primaryimage\"},\"image\":{\"@id\":\"https:\/\/uvbbrasil.com.br\/os-principios-da-administracao-publica-e-o-mandato-parlamentar-em-salvador\/#primaryimage\"},\"thumbnailUrl\":\"https:\/\/uvbbrasil.com.br\/wp-content\/uploads\/2021\/09\/WhatsApp-Image-2021-09-22-at-17.25.31.jpeg\",\"datePublished\":\"2021-09-22T20:40:53+00:00\",\"breadcrumb\":{\"@id\":\"https:\/\/uvbbrasil.com.br\/os-principios-da-administracao-publica-e-o-mandato-parlamentar-em-salvador\/#breadcrumb\"},\"inLanguage\":\"pt-BR\",\"potentialAction\":[{\"@type\":\"ReadAction\",\"target\":[\"https:\/\/uvbbrasil.com.br\/os-principios-da-administracao-publica-e-o-mandato-parlamentar-em-salvador\/\"]}]},{\"@type\":\"ImageObject\",\"inLanguage\":\"pt-BR\",\"@id\":\"https:\/\/uvbbrasil.com.br\/os-principios-da-administracao-publica-e-o-mandato-parlamentar-em-salvador\/#primaryimage\",\"url\":\"https:\/\/uvbbrasil.com.br\/wp-content\/uploads\/2021\/09\/WhatsApp-Image-2021-09-22-at-17.25.31.jpeg\",\"contentUrl\":\"https:\/\/uvbbrasil.com.br\/wp-content\/uploads\/2021\/09\/WhatsApp-Image-2021-09-22-at-17.25.31.jpeg\",\"width\":1200,\"height\":1600},{\"@type\":\"BreadcrumbList\",\"@id\":\"https:\/\/uvbbrasil.com.br\/os-principios-da-administracao-publica-e-o-mandato-parlamentar-em-salvador\/#breadcrumb\",\"itemListElement\":[{\"@type\":\"ListItem\",\"position\":1,\"name\":\"In\u00edcio\",\"item\":\"https:\/\/uvbbrasil.com.br\/\"},{\"@type\":\"ListItem\",\"position\":2,\"name\":\"\u00a0Os Princ\u00edpios da Administra\u00e7\u00e3o P\u00fablica e o Mandato Parlamentar em Salvador\"}]},{\"@type\":\"WebSite\",\"@id\":\"https:\/\/uvbbrasil.com.br\/#website\",\"url\":\"https:\/\/uvbbrasil.com.br\/\",\"name\":\"UVB Brasil\",\"description\":\"Uni\u00e3o dos Vereadores do Brasil\",\"publisher\":{\"@id\":\"https:\/\/uvbbrasil.com.br\/#organization\"},\"potentialAction\":[{\"@type\":\"SearchAction\",\"target\":{\"@type\":\"EntryPoint\",\"urlTemplate\":\"https:\/\/uvbbrasil.com.br\/?s={search_term_string}\"},\"query-input\":{\"@type\":\"PropertyValueSpecification\",\"valueRequired\":true,\"valueName\":\"search_term_string\"}}],\"inLanguage\":\"pt-BR\"},{\"@type\":\"Organization\",\"@id\":\"https:\/\/uvbbrasil.com.br\/#organization\",\"name\":\"UVB Brasil\",\"url\":\"https:\/\/uvbbrasil.com.br\/\",\"logo\":{\"@type\":\"ImageObject\",\"inLanguage\":\"pt-BR\",\"@id\":\"https:\/\/uvbbrasil.com.br\/#\/schema\/logo\/image\/\",\"url\":\"https:\/\/uvbbrasil.com.br\/wp-content\/uploads\/2025\/01\/LOGO-UVB-2024-azul-1.jpg\",\"contentUrl\":\"https:\/\/uvbbrasil.com.br\/wp-content\/uploads\/2025\/01\/LOGO-UVB-2024-azul-1.jpg\",\"width\":600,\"height\":211,\"caption\":\"UVB Brasil\"},\"image\":{\"@id\":\"https:\/\/uvbbrasil.com.br\/#\/schema\/logo\/image\/\"},\"sameAs\":[\"https:\/\/www.facebook.com\/uvb.vereadoresbrasil\",\"https:\/\/www.instagram.com\/uvbbrasil\/\",\"https:\/\/www.youtube.com\/channel\/UCIlPQ8Xzw5GHNzosQIg9S5A\"]},{\"@type\":\"Person\",\"@id\":\"https:\/\/uvbbrasil.com.br\/#\/schema\/person\/17990098446c098f52effddff4f1b272\",\"name\":\"adminuvb\",\"image\":{\"@type\":\"ImageObject\",\"inLanguage\":\"pt-BR\",\"@id\":\"https:\/\/uvbbrasil.com.br\/#\/schema\/person\/image\/\",\"url\":\"https:\/\/secure.gravatar.com\/avatar\/1a494ea6f8e2dd1ae526e55b0e9497efdba542491e0620d704cccf63c6f77c45?s=96&d=mm&r=g\",\"contentUrl\":\"https:\/\/secure.gravatar.com\/avatar\/1a494ea6f8e2dd1ae526e55b0e9497efdba542491e0620d704cccf63c6f77c45?s=96&d=mm&r=g\",\"caption\":\"adminuvb\"},\"sameAs\":[\"https:\/\/uvbbrasil.com.br\"],\"url\":\"https:\/\/uvbbrasil.com.br\/author\/adminuvb\/\"}]}<\/script>\n<!-- \/ Yoast SEO plugin. -->","yoast_head_json":{"title":"\u00a0Os Princ\u00edpios da Administra\u00e7\u00e3o P\u00fablica e o Mandato Parlamentar em Salvador - UVB Brasil","robots":{"index":"index","follow":"follow","max-snippet":"max-snippet:-1","max-image-preview":"max-image-preview:large","max-video-preview":"max-video-preview:-1"},"canonical":"https:\/\/uvbbrasil.com.br\/os-principios-da-administracao-publica-e-o-mandato-parlamentar-em-salvador\/","og_locale":"pt_BR","og_type":"article","og_title":"\u00a0Os Princ\u00edpios da Administra\u00e7\u00e3o P\u00fablica e o Mandato Parlamentar em Salvador - UVB Brasil","og_description":"Os Princ\u00edpios da Administra\u00e7\u00e3o P\u00fablica e o Mandato Parlamentar \u00e9 tema apresentado no Encontro Nacional de Legislativos Municipais em Salvador\/BA,...","og_url":"https:\/\/uvbbrasil.com.br\/os-principios-da-administracao-publica-e-o-mandato-parlamentar-em-salvador\/","og_site_name":"UVB Brasil","article_publisher":"https:\/\/www.facebook.com\/uvb.vereadoresbrasil","article_published_time":"2021-09-22T20:40:53+00:00","og_image":[{"width":1200,"height":1600,"url":"https:\/\/uvbbrasil.com.br\/wp-content\/uploads\/2021\/09\/WhatsApp-Image-2021-09-22-at-17.25.31.jpeg","type":"image\/jpeg"}],"author":"adminuvb","twitter_card":"summary_large_image","twitter_misc":{"Escrito por":"adminuvb","Est. tempo de leitura":"2 minutos"},"schema":{"@context":"https:\/\/schema.org","@graph":[{"@type":"Article","@id":"https:\/\/uvbbrasil.com.br\/os-principios-da-administracao-publica-e-o-mandato-parlamentar-em-salvador\/#article","isPartOf":{"@id":"https:\/\/uvbbrasil.com.br\/os-principios-da-administracao-publica-e-o-mandato-parlamentar-em-salvador\/"},"author":{"name":"adminuvb","@id":"https:\/\/uvbbrasil.com.br\/#\/schema\/person\/17990098446c098f52effddff4f1b272"},"headline":"\u00a0Os Princ\u00edpios da Administra\u00e7\u00e3o P\u00fablica e o Mandato Parlamentar em Salvador","datePublished":"2021-09-22T20:40:53+00:00","mainEntityOfPage":{"@id":"https:\/\/uvbbrasil.com.br\/os-principios-da-administracao-publica-e-o-mandato-parlamentar-em-salvador\/"},"wordCount":190,"commentCount":0,"publisher":{"@id":"https:\/\/uvbbrasil.com.br\/#organization"},"image":{"@id":"https:\/\/uvbbrasil.com.br\/os-principios-da-administracao-publica-e-o-mandato-parlamentar-em-salvador\/#primaryimage"},"thumbnailUrl":"https:\/\/uvbbrasil.com.br\/wp-content\/uploads\/2021\/09\/WhatsApp-Image-2021-09-22-at-17.25.31.jpeg","articleSection":["NOT\u00cdCIAS","UVB"],"inLanguage":"pt-BR","potentialAction":[{"@type":"CommentAction","name":"Comment","target":["https:\/\/uvbbrasil.com.br\/os-principios-da-administracao-publica-e-o-mandato-parlamentar-em-salvador\/#respond"]}]},{"@type":"WebPage","@id":"https:\/\/uvbbrasil.com.br\/os-principios-da-administracao-publica-e-o-mandato-parlamentar-em-salvador\/","url":"https:\/\/uvbbrasil.com.br\/os-principios-da-administracao-publica-e-o-mandato-parlamentar-em-salvador\/","name":"\u00a0Os Princ\u00edpios da Administra\u00e7\u00e3o P\u00fablica e o Mandato Parlamentar em Salvador - UVB Brasil","isPartOf":{"@id":"https:\/\/uvbbrasil.com.br\/#website"},"primaryImageOfPage":{"@id":"https:\/\/uvbbrasil.com.br\/os-principios-da-administracao-publica-e-o-mandato-parlamentar-em-salvador\/#primaryimage"},"image":{"@id":"https:\/\/uvbbrasil.com.br\/os-principios-da-administracao-publica-e-o-mandato-parlamentar-em-salvador\/#primaryimage"},"thumbnailUrl":"https:\/\/uvbbrasil.com.br\/wp-content\/uploads\/2021\/09\/WhatsApp-Image-2021-09-22-at-17.25.31.jpeg","datePublished":"2021-09-22T20:40:53+00:00","breadcrumb":{"@id":"https:\/\/uvbbrasil.com.br\/os-principios-da-administracao-publica-e-o-mandato-parlamentar-em-salvador\/#breadcrumb"},"inLanguage":"pt-BR","potentialAction":[{"@type":"ReadAction","target":["https:\/\/uvbbrasil.com.br\/os-principios-da-administracao-publica-e-o-mandato-parlamentar-em-salvador\/"]}]},{"@type":"ImageObject","inLanguage":"pt-BR","@id":"https:\/\/uvbbrasil.com.br\/os-principios-da-administracao-publica-e-o-mandato-parlamentar-em-salvador\/#primaryimage","url":"https:\/\/uvbbrasil.com.br\/wp-content\/uploads\/2021\/09\/WhatsApp-Image-2021-09-22-at-17.25.31.jpeg","contentUrl":"https:\/\/uvbbrasil.com.br\/wp-content\/uploads\/2021\/09\/WhatsApp-Image-2021-09-22-at-17.25.31.jpeg","width":1200,"height":1600},{"@type":"BreadcrumbList","@id":"https:\/\/uvbbrasil.com.br\/os-principios-da-administracao-publica-e-o-mandato-parlamentar-em-salvador\/#breadcrumb","itemListElement":[{"@type":"ListItem","position":1,"name":"In\u00edcio","item":"https:\/\/uvbbrasil.com.br\/"},{"@type":"ListItem","position":2,"name":"\u00a0Os Princ\u00edpios da Administra\u00e7\u00e3o P\u00fablica e o Mandato Parlamentar em Salvador"}]},{"@type":"WebSite","@id":"https:\/\/uvbbrasil.com.br\/#website","url":"https:\/\/uvbbrasil.com.br\/","name":"UVB Brasil","description":"Uni\u00e3o dos Vereadores do Brasil","publisher":{"@id":"https:\/\/uvbbrasil.com.br\/#organization"},"potentialAction":[{"@type":"SearchAction","target":{"@type":"EntryPoint","urlTemplate":"https:\/\/uvbbrasil.com.br\/?s={search_term_string}"},"query-input":{"@type":"PropertyValueSpecification","valueRequired":true,"valueName":"search_term_string"}}],"inLanguage":"pt-BR"},{"@type":"Organization","@id":"https:\/\/uvbbrasil.com.br\/#organization","name":"UVB Brasil","url":"https:\/\/uvbbrasil.com.br\/","logo":{"@type":"ImageObject","inLanguage":"pt-BR","@id":"https:\/\/uvbbrasil.com.br\/#\/schema\/logo\/image\/","url":"https:\/\/uvbbrasil.com.br\/wp-content\/uploads\/2025\/01\/LOGO-UVB-2024-azul-1.jpg","contentUrl":"https:\/\/uvbbrasil.com.br\/wp-content\/uploads\/2025\/01\/LOGO-UVB-2024-azul-1.jpg","width":600,"height":211,"caption":"UVB Brasil"},"image":{"@id":"https:\/\/uvbbrasil.com.br\/#\/schema\/logo\/image\/"},"sameAs":["https:\/\/www.facebook.com\/uvb.vereadoresbrasil","https:\/\/www.instagram.com\/uvbbrasil\/","https:\/\/www.youtube.com\/channel\/UCIlPQ8Xzw5GHNzosQIg9S5A"]},{"@type":"Person","@id":"https:\/\/uvbbrasil.com.br\/#\/schema\/person\/17990098446c098f52effddff4f1b272","name":"adminuvb","image":{"@type":"ImageObject","inLanguage":"pt-BR","@id":"https:\/\/uvbbrasil.com.br\/#\/schema\/person\/image\/","url":"https:\/\/secure.gravatar.com\/avatar\/1a494ea6f8e2dd1ae526e55b0e9497efdba542491e0620d704cccf63c6f77c45?s=96&d=mm&r=g","contentUrl":"https:\/\/secure.gravatar.com\/avatar\/1a494ea6f8e2dd1ae526e55b0e9497efdba542491e0620d704cccf63c6f77c45?s=96&d=mm&r=g","caption":"adminuvb"},"sameAs":["https:\/\/uvbbrasil.com.br"],"url":"https:\/\/uvbbrasil.com.br\/author\/adminuvb\/"}]}},"_links":{"self":[{"href":"https:\/\/uvbbrasil.com.br\/uvb-json\/wp\/v2\/posts\/23612","targetHints":{"allow":["GET"]}}],"collection":[{"href":"https:\/\/uvbbrasil.com.br\/uvb-json\/wp\/v2\/posts"}],"about":[{"href":"https:\/\/uvbbrasil.com.br\/uvb-json\/wp\/v2\/types\/post"}],"author":[{"embeddable":true,"href":"https:\/\/uvbbrasil.com.br\/uvb-json\/wp\/v2\/users\/1"}],"replies":[{"embeddable":true,"href":"https:\/\/uvbbrasil.com.br\/uvb-json\/wp\/v2\/comments?post=23612"}],"version-history":[{"count":0,"href":"https:\/\/uvbbrasil.com.br\/uvb-json\/wp\/v2\/posts\/23612\/revisions"}],"wp:featuredmedia":[{"embeddable":true,"href":"https:\/\/uvbbrasil.com.br\/uvb-json\/wp\/v2\/media\/23616"}],"wp:attachment":[{"href":"https:\/\/uvbbrasil.com.br\/uvb-json\/wp\/v2\/media?parent=23612"}],"wp:term":[{"taxonomy":"category","embeddable":true,"href":"https:\/\/uvbbrasil.com.br\/uvb-json\/wp\/v2\/categories?post=23612"},{"taxonomy":"post_tag","embeddable":true,"href":"https:\/\/uvbbrasil.com.br\/uvb-json\/wp\/v2\/tags?post=23612"}],"curies":[{"name":"wp","href":"https:\/\/api.w.org\/{rel}","templated":true}]}}