{"id":23600,"date":"2021-09-22T11:51:12","date_gmt":"2021-09-22T14:51:12","guid":{"rendered":"https:\/\/wpsandbox4.pante.com.br\/?p=23600"},"modified":"2021-09-22T11:51:12","modified_gmt":"2021-09-22T14:51:12","slug":"abertura-oficial-encontro-nacional-de-legislativo-em-salvador","status":"publish","type":"post","link":"https:\/\/uvbbrasil.com.br\/abertura-oficial-encontro-nacional-de-legislativo-em-salvador\/","title":{"rendered":"Abertura oficial Encontro Nacional de Legislativo em Salvador"},"content":{"rendered":"<p>A Uni\u00e3o dos Vereadores do Brasil\/UVB, obedecendo todos os protocolos sanit\u00e1rios exigidos pela OMS, Encontro Nacional dos\u00a0 \u00a0Legislativos Municipais e F\u00f3rum Nacional da Mulher\u00a0 Parlamentar, nesta quarta-feira (22) em Salvador.<\/p>\n<p>A abertura do encontro foi comandada pelo presidente da Uni\u00e3o dos vereadores do Brasil\/UVB, vereador Gilson Conzatti, que est\u00e1 a frente a entidade pelo segundo mandato e que cumpri a miss\u00e3o de transformar a UVB na maior entidade de representa\u00e7\u00e3o do pa\u00eds, e com respeito, seriedade e \u00e9tica.<\/p>\n<p>Conzatti, em seu pronunciamento saudou a todos os vereadores, vereadoras presentes agradeceu a todos pela participa\u00e7\u00e3o, citou os desafios da entidade em acompanhar os trabalho no Congresso Nacional e ao mesmo tempo capacitar os homens e mulheres que pertencentes aos legislativos municipais e apresentou aos participantes o calend\u00e1rio de eventos da entidade.<\/p>\n<p>A mesa de solenidade foi composta\u00a0 pelo Presidente da Uni\u00e3o dos Vereadores do Maranh\u00e3o\/UVCM, Asaf Sobrinho, Presidente da Uni\u00e3o dos Vereadores da Bahia, Edylene Ferreira,\u00a0 Presidente da Uni\u00e3o dos Vereadores do Estado de Rond\u00f4nia\/UCAVER, Ros\u00e1ria Helena,\u00a0 Dr. Joabs Ribeiro, e a Vereadora de Itapebi\/BA, Norma Queiroz.<\/p>\n<p>O Encontro Nacional de Legislativo esta sendo realizado com vagas limitadas onde est\u00e3o participando vereadores e vereadoras de 20 estados Brasileiro e segue com a programa\u00e7\u00e3o e homenagens ate sexta-feira (24).<a href=\"https:\/\/uvbbrasil.com.br\/?attachment_id=23609\" rel=\"attachment wp-att-23609\"><img fetchpriority=\"high\" decoding=\"async\" class=\"aligncenter size-full wp-image-23609\" src=\"https:\/\/uvbbrasil.com.br\/wp-content\/uploads\/2021\/09\/WhatsApp-Image-2021-09-22-at-09.11.30.jpeg\" alt=\"\" width=\"1600\" height=\"1200\" srcset=\"https:\/\/uvbbrasil.com.br\/wp-content\/uploads\/2021\/09\/WhatsApp-Image-2021-09-22-at-09.11.30.jpeg 1600w, https:\/\/uvbbrasil.com.br\/wp-content\/uploads\/2021\/09\/WhatsApp-Image-2021-09-22-at-09.11.30-300x225.jpeg 300w, https:\/\/uvbbrasil.com.br\/wp-content\/uploads\/2021\/09\/WhatsApp-Image-2021-09-22-at-09.11.30-1024x768.jpeg 1024w, https:\/\/uvbbrasil.com.br\/wp-content\/uploads\/2021\/09\/WhatsApp-Image-2021-09-22-at-09.11.30-768x576.jpeg 768w, https:\/\/uvbbrasil.com.br\/wp-content\/uploads\/2021\/09\/WhatsApp-Image-2021-09-22-at-09.11.30-1536x1152.jpeg 1536w\" sizes=\"(max-width: 1600px) 100vw, 1600px\" \/><\/a><\/p>\n<p><a href=\"https:\/\/uvbbrasil.com.br\/?attachment_id=23601\" rel=\"attachment wp-att-23601\"><img decoding=\"async\" class=\"aligncenter size-full wp-image-23601\" src=\"https:\/\/uvbbrasil.com.br\/wp-content\/uploads\/2021\/09\/WhatsApp-Image-2021-09-22-at-09.11.25.jpeg\" alt=\"\" width=\"1600\" height=\"1200\" srcset=\"https:\/\/uvbbrasil.com.br\/wp-content\/uploads\/2021\/09\/WhatsApp-Image-2021-09-22-at-09.11.25.jpeg 1600w, https:\/\/uvbbrasil.com.br\/wp-content\/uploads\/2021\/09\/WhatsApp-Image-2021-09-22-at-09.11.25-300x225.jpeg 300w, https:\/\/uvbbrasil.com.br\/wp-content\/uploads\/2021\/09\/WhatsApp-Image-2021-09-22-at-09.11.25-1024x768.jpeg 1024w, https:\/\/uvbbrasil.com.br\/wp-content\/uploads\/2021\/09\/WhatsApp-Image-2021-09-22-at-09.11.25-768x576.jpeg 768w, https:\/\/uvbbrasil.com.br\/wp-content\/uploads\/2021\/09\/WhatsApp-Image-2021-09-22-at-09.11.25-1536x1152.jpeg 1536w\" sizes=\"(max-width: 1600px) 100vw, 1600px\" \/><\/a><a href=\"https:\/\/uvbbrasil.com.br\/?attachment_id=23603\" rel=\"attachment wp-att-23603\"><img decoding=\"async\" class=\"aligncenter size-full wp-image-23603\" src=\"https:\/\/uvbbrasil.com.br\/wp-content\/uploads\/2021\/09\/WhatsApp-Image-2021-09-22-at-09.11.32.jpeg\" alt=\"\" width=\"1600\" height=\"1200\" srcset=\"https:\/\/uvbbrasil.com.br\/wp-content\/uploads\/2021\/09\/WhatsApp-Image-2021-09-22-at-09.11.32.jpeg 1600w, https:\/\/uvbbrasil.com.br\/wp-content\/uploads\/2021\/09\/WhatsApp-Image-2021-09-22-at-09.11.32-300x225.jpeg 300w, https:\/\/uvbbrasil.com.br\/wp-content\/uploads\/2021\/09\/WhatsApp-Image-2021-09-22-at-09.11.32-1024x768.jpeg 1024w, https:\/\/uvbbrasil.com.br\/wp-content\/uploads\/2021\/09\/WhatsApp-Image-2021-09-22-at-09.11.32-768x576.jpeg 768w, https:\/\/uvbbrasil.com.br\/wp-content\/uploads\/2021\/09\/WhatsApp-Image-2021-09-22-at-09.11.32-1536x1152.jpeg 1536w\" sizes=\"(max-width: 1600px) 100vw, 1600px\" \/><\/a><a href=\"https:\/\/uvbbrasil.com.br\/?attachment_id=23602\" rel=\"attachment wp-att-23602\"><img loading=\"lazy\" decoding=\"async\" class=\"aligncenter size-full wp-image-23602\" src=\"https:\/\/uvbbrasil.com.br\/wp-content\/uploads\/2021\/09\/WhatsApp-Image-2021-09-22-at-09.11.29.jpeg\" alt=\"\" width=\"1600\" height=\"1200\" srcset=\"https:\/\/uvbbrasil.com.br\/wp-content\/uploads\/2021\/09\/WhatsApp-Image-2021-09-22-at-09.11.29.jpeg 1600w, https:\/\/uvbbrasil.com.br\/wp-content\/uploads\/2021\/09\/WhatsApp-Image-2021-09-22-at-09.11.29-300x225.jpeg 300w, https:\/\/uvbbrasil.com.br\/wp-content\/uploads\/2021\/09\/WhatsApp-Image-2021-09-22-at-09.11.29-1024x768.jpeg 1024w, https:\/\/uvbbrasil.com.br\/wp-content\/uploads\/2021\/09\/WhatsApp-Image-2021-09-22-at-09.11.29-768x576.jpeg 768w, https:\/\/uvbbrasil.com.br\/wp-content\/uploads\/2021\/09\/WhatsApp-Image-2021-09-22-at-09.11.29-1536x1152.jpeg 1536w\" sizes=\"(max-width: 1600px) 100vw, 1600px\" \/><\/a><\/p>\n<p><a href=\"https:\/\/uvbbrasil.com.br\/?attachment_id=23604\" rel=\"attachment wp-att-23604\"><img loading=\"lazy\" decoding=\"async\" class=\"aligncenter size-full wp-image-23604\" src=\"https:\/\/uvbbrasil.com.br\/wp-content\/uploads\/2021\/09\/WhatsApp-Image-2021-09-22-at-09.11.32-1.jpeg\" alt=\"\" width=\"1600\" height=\"1200\" srcset=\"https:\/\/uvbbrasil.com.br\/wp-content\/uploads\/2021\/09\/WhatsApp-Image-2021-09-22-at-09.11.32-1.jpeg 1600w, https:\/\/uvbbrasil.com.br\/wp-content\/uploads\/2021\/09\/WhatsApp-Image-2021-09-22-at-09.11.32-1-300x225.jpeg 300w, https:\/\/uvbbrasil.com.br\/wp-content\/uploads\/2021\/09\/WhatsApp-Image-2021-09-22-at-09.11.32-1-1024x768.jpeg 1024w, https:\/\/uvbbrasil.com.br\/wp-content\/uploads\/2021\/09\/WhatsApp-Image-2021-09-22-at-09.11.32-1-768x576.jpeg 768w, https:\/\/uvbbrasil.com.br\/wp-content\/uploads\/2021\/09\/WhatsApp-Image-2021-09-22-at-09.11.32-1-1536x1152.jpeg 1536w\" sizes=\"(max-width: 1600px) 100vw, 1600px\" \/><\/a><\/p>\n<p>&nbsp;<\/p>\n","protected":false},"excerpt":{"rendered":"<p>A Uni\u00e3o dos Vereadores do Brasil\/UVB, obedecendo todos os protocolos sanit\u00e1rios exigidos pela OMS, Encontro Nacional dos\u00a0 \u00a0Legislativos Municipais e&#8230;<\/p>\n","protected":false},"author":1,"featured_media":23604,"comment_status":"open","ping_status":"open","sticky":false,"template":"","format":"standard","meta":{"footnotes":""},"categories":[3,4],"tags":[],"class_list":["post-23600","post","type-post","status-publish","format-standard","has-post-thumbnail","hentry","category-noticias","category-home"],"yoast_head":"<!-- This site is optimized with the Yoast SEO plugin v26.7 - https:\/\/yoast.com\/wordpress\/plugins\/seo\/ -->\n<title>Abertura oficial Encontro Nacional de Legislativo em Salvador - UVB Brasil<\/title>\n<meta name=\"robots\" content=\"index, follow, max-snippet:-1, max-image-preview:large, max-video-preview:-1\" \/>\n<link rel=\"canonical\" href=\"https:\/\/uvbbrasil.com.br\/abertura-oficial-encontro-nacional-de-legislativo-em-salvador\/\" \/>\n<meta property=\"og:locale\" content=\"pt_BR\" \/>\n<meta property=\"og:type\" content=\"article\" \/>\n<meta property=\"og:title\" content=\"Abertura oficial Encontro Nacional de Legislativo em Salvador - UVB Brasil\" \/>\n<meta property=\"og:description\" content=\"A Uni\u00e3o dos Vereadores do Brasil\/UVB, obedecendo todos os protocolos sanit\u00e1rios exigidos pela OMS, Encontro Nacional dos\u00a0 \u00a0Legislativos Municipais e...\" \/>\n<meta property=\"og:url\" content=\"https:\/\/uvbbrasil.com.br\/abertura-oficial-encontro-nacional-de-legislativo-em-salvador\/\" \/>\n<meta property=\"og:site_name\" content=\"UVB Brasil\" \/>\n<meta property=\"article:publisher\" content=\"https:\/\/www.facebook.com\/uvb.vereadoresbrasil\" \/>\n<meta property=\"article:published_time\" content=\"2021-09-22T14:51:12+00:00\" \/>\n<meta property=\"og:image\" content=\"https:\/\/uvbbrasil.com.br\/wp-content\/uploads\/2021\/09\/WhatsApp-Image-2021-09-22-at-09.11.32-1.jpeg\" \/>\n\t<meta property=\"og:image:width\" content=\"1600\" \/>\n\t<meta property=\"og:image:height\" content=\"1200\" \/>\n\t<meta property=\"og:image:type\" content=\"image\/jpeg\" \/>\n<meta name=\"author\" content=\"adminuvb\" \/>\n<meta name=\"twitter:card\" content=\"summary_large_image\" \/>\n<meta name=\"twitter:label1\" content=\"Escrito por\" \/>\n\t<meta name=\"twitter:data1\" content=\"adminuvb\" \/>\n\t<meta name=\"twitter:label2\" content=\"Est. tempo de leitura\" \/>\n\t<meta name=\"twitter:data2\" content=\"2 minutos\" \/>\n<script type=\"application\/ld+json\" class=\"yoast-schema-graph\">{\"@context\":\"https:\/\/schema.org\",\"@graph\":[{\"@type\":\"Article\",\"@id\":\"https:\/\/uvbbrasil.com.br\/abertura-oficial-encontro-nacional-de-legislativo-em-salvador\/#article\",\"isPartOf\":{\"@id\":\"https:\/\/uvbbrasil.com.br\/abertura-oficial-encontro-nacional-de-legislativo-em-salvador\/\"},\"author\":{\"name\":\"adminuvb\",\"@id\":\"https:\/\/uvbbrasil.com.br\/#\/schema\/person\/17990098446c098f52effddff4f1b272\"},\"headline\":\"Abertura oficial Encontro Nacional de Legislativo em Salvador\",\"datePublished\":\"2021-09-22T14:51:12+00:00\",\"mainEntityOfPage\":{\"@id\":\"https:\/\/uvbbrasil.com.br\/abertura-oficial-encontro-nacional-de-legislativo-em-salvador\/\"},\"wordCount\":235,\"commentCount\":0,\"publisher\":{\"@id\":\"https:\/\/uvbbrasil.com.br\/#organization\"},\"image\":{\"@id\":\"https:\/\/uvbbrasil.com.br\/abertura-oficial-encontro-nacional-de-legislativo-em-salvador\/#primaryimage\"},\"thumbnailUrl\":\"https:\/\/uvbbrasil.com.br\/wp-content\/uploads\/2021\/09\/WhatsApp-Image-2021-09-22-at-09.11.32-1.jpeg\",\"articleSection\":[\"NOT\u00cdCIAS\",\"UVB\"],\"inLanguage\":\"pt-BR\",\"potentialAction\":[{\"@type\":\"CommentAction\",\"name\":\"Comment\",\"target\":[\"https:\/\/uvbbrasil.com.br\/abertura-oficial-encontro-nacional-de-legislativo-em-salvador\/#respond\"]}]},{\"@type\":\"WebPage\",\"@id\":\"https:\/\/uvbbrasil.com.br\/abertura-oficial-encontro-nacional-de-legislativo-em-salvador\/\",\"url\":\"https:\/\/uvbbrasil.com.br\/abertura-oficial-encontro-nacional-de-legislativo-em-salvador\/\",\"name\":\"Abertura oficial Encontro Nacional de Legislativo em Salvador - UVB Brasil\",\"isPartOf\":{\"@id\":\"https:\/\/uvbbrasil.com.br\/#website\"},\"primaryImageOfPage\":{\"@id\":\"https:\/\/uvbbrasil.com.br\/abertura-oficial-encontro-nacional-de-legislativo-em-salvador\/#primaryimage\"},\"image\":{\"@id\":\"https:\/\/uvbbrasil.com.br\/abertura-oficial-encontro-nacional-de-legislativo-em-salvador\/#primaryimage\"},\"thumbnailUrl\":\"https:\/\/uvbbrasil.com.br\/wp-content\/uploads\/2021\/09\/WhatsApp-Image-2021-09-22-at-09.11.32-1.jpeg\",\"datePublished\":\"2021-09-22T14:51:12+00:00\",\"breadcrumb\":{\"@id\":\"https:\/\/uvbbrasil.com.br\/abertura-oficial-encontro-nacional-de-legislativo-em-salvador\/#breadcrumb\"},\"inLanguage\":\"pt-BR\",\"potentialAction\":[{\"@type\":\"ReadAction\",\"target\":[\"https:\/\/uvbbrasil.com.br\/abertura-oficial-encontro-nacional-de-legislativo-em-salvador\/\"]}]},{\"@type\":\"ImageObject\",\"inLanguage\":\"pt-BR\",\"@id\":\"https:\/\/uvbbrasil.com.br\/abertura-oficial-encontro-nacional-de-legislativo-em-salvador\/#primaryimage\",\"url\":\"https:\/\/uvbbrasil.com.br\/wp-content\/uploads\/2021\/09\/WhatsApp-Image-2021-09-22-at-09.11.32-1.jpeg\",\"contentUrl\":\"https:\/\/uvbbrasil.com.br\/wp-content\/uploads\/2021\/09\/WhatsApp-Image-2021-09-22-at-09.11.32-1.jpeg\",\"width\":1600,\"height\":1200},{\"@type\":\"BreadcrumbList\",\"@id\":\"https:\/\/uvbbrasil.com.br\/abertura-oficial-encontro-nacional-de-legislativo-em-salvador\/#breadcrumb\",\"itemListElement\":[{\"@type\":\"ListItem\",\"position\":1,\"name\":\"In\u00edcio\",\"item\":\"https:\/\/uvbbrasil.com.br\/\"},{\"@type\":\"ListItem\",\"position\":2,\"name\":\"Abertura oficial Encontro Nacional de Legislativo em Salvador\"}]},{\"@type\":\"WebSite\",\"@id\":\"https:\/\/uvbbrasil.com.br\/#website\",\"url\":\"https:\/\/uvbbrasil.com.br\/\",\"name\":\"UVB Brasil\",\"description\":\"Uni\u00e3o dos Vereadores do Brasil\",\"publisher\":{\"@id\":\"https:\/\/uvbbrasil.com.br\/#organization\"},\"potentialAction\":[{\"@type\":\"SearchAction\",\"target\":{\"@type\":\"EntryPoint\",\"urlTemplate\":\"https:\/\/uvbbrasil.com.br\/?s={search_term_string}\"},\"query-input\":{\"@type\":\"PropertyValueSpecification\",\"valueRequired\":true,\"valueName\":\"search_term_string\"}}],\"inLanguage\":\"pt-BR\"},{\"@type\":\"Organization\",\"@id\":\"https:\/\/uvbbrasil.com.br\/#organization\",\"name\":\"UVB Brasil\",\"url\":\"https:\/\/uvbbrasil.com.br\/\",\"logo\":{\"@type\":\"ImageObject\",\"inLanguage\":\"pt-BR\",\"@id\":\"https:\/\/uvbbrasil.com.br\/#\/schema\/logo\/image\/\",\"url\":\"https:\/\/uvbbrasil.com.br\/wp-content\/uploads\/2025\/01\/LOGO-UVB-2024-azul-1.jpg\",\"contentUrl\":\"https:\/\/uvbbrasil.com.br\/wp-content\/uploads\/2025\/01\/LOGO-UVB-2024-azul-1.jpg\",\"width\":600,\"height\":211,\"caption\":\"UVB Brasil\"},\"image\":{\"@id\":\"https:\/\/uvbbrasil.com.br\/#\/schema\/logo\/image\/\"},\"sameAs\":[\"https:\/\/www.facebook.com\/uvb.vereadoresbrasil\",\"https:\/\/www.instagram.com\/uvbbrasil\/\",\"https:\/\/www.youtube.com\/channel\/UCIlPQ8Xzw5GHNzosQIg9S5A\"]},{\"@type\":\"Person\",\"@id\":\"https:\/\/uvbbrasil.com.br\/#\/schema\/person\/17990098446c098f52effddff4f1b272\",\"name\":\"adminuvb\",\"image\":{\"@type\":\"ImageObject\",\"inLanguage\":\"pt-BR\",\"@id\":\"https:\/\/uvbbrasil.com.br\/#\/schema\/person\/image\/\",\"url\":\"https:\/\/secure.gravatar.com\/avatar\/1a494ea6f8e2dd1ae526e55b0e9497efdba542491e0620d704cccf63c6f77c45?s=96&d=mm&r=g\",\"contentUrl\":\"https:\/\/secure.gravatar.com\/avatar\/1a494ea6f8e2dd1ae526e55b0e9497efdba542491e0620d704cccf63c6f77c45?s=96&d=mm&r=g\",\"caption\":\"adminuvb\"},\"sameAs\":[\"https:\/\/uvbbrasil.com.br\"],\"url\":\"https:\/\/uvbbrasil.com.br\/author\/adminuvb\/\"}]}<\/script>\n<!-- \/ Yoast SEO plugin. -->","yoast_head_json":{"title":"Abertura oficial Encontro Nacional de Legislativo em Salvador - UVB Brasil","robots":{"index":"index","follow":"follow","max-snippet":"max-snippet:-1","max-image-preview":"max-image-preview:large","max-video-preview":"max-video-preview:-1"},"canonical":"https:\/\/uvbbrasil.com.br\/abertura-oficial-encontro-nacional-de-legislativo-em-salvador\/","og_locale":"pt_BR","og_type":"article","og_title":"Abertura oficial Encontro Nacional de Legislativo em Salvador - UVB Brasil","og_description":"A Uni\u00e3o dos Vereadores do Brasil\/UVB, obedecendo todos os protocolos sanit\u00e1rios exigidos pela OMS, Encontro Nacional dos\u00a0 \u00a0Legislativos Municipais e...","og_url":"https:\/\/uvbbrasil.com.br\/abertura-oficial-encontro-nacional-de-legislativo-em-salvador\/","og_site_name":"UVB Brasil","article_publisher":"https:\/\/www.facebook.com\/uvb.vereadoresbrasil","article_published_time":"2021-09-22T14:51:12+00:00","og_image":[{"width":1600,"height":1200,"url":"https:\/\/uvbbrasil.com.br\/wp-content\/uploads\/2021\/09\/WhatsApp-Image-2021-09-22-at-09.11.32-1.jpeg","type":"image\/jpeg"}],"author":"adminuvb","twitter_card":"summary_large_image","twitter_misc":{"Escrito por":"adminuvb","Est. tempo de leitura":"2 minutos"},"schema":{"@context":"https:\/\/schema.org","@graph":[{"@type":"Article","@id":"https:\/\/uvbbrasil.com.br\/abertura-oficial-encontro-nacional-de-legislativo-em-salvador\/#article","isPartOf":{"@id":"https:\/\/uvbbrasil.com.br\/abertura-oficial-encontro-nacional-de-legislativo-em-salvador\/"},"author":{"name":"adminuvb","@id":"https:\/\/uvbbrasil.com.br\/#\/schema\/person\/17990098446c098f52effddff4f1b272"},"headline":"Abertura oficial Encontro Nacional de Legislativo em Salvador","datePublished":"2021-09-22T14:51:12+00:00","mainEntityOfPage":{"@id":"https:\/\/uvbbrasil.com.br\/abertura-oficial-encontro-nacional-de-legislativo-em-salvador\/"},"wordCount":235,"commentCount":0,"publisher":{"@id":"https:\/\/uvbbrasil.com.br\/#organization"},"image":{"@id":"https:\/\/uvbbrasil.com.br\/abertura-oficial-encontro-nacional-de-legislativo-em-salvador\/#primaryimage"},"thumbnailUrl":"https:\/\/uvbbrasil.com.br\/wp-content\/uploads\/2021\/09\/WhatsApp-Image-2021-09-22-at-09.11.32-1.jpeg","articleSection":["NOT\u00cdCIAS","UVB"],"inLanguage":"pt-BR","potentialAction":[{"@type":"CommentAction","name":"Comment","target":["https:\/\/uvbbrasil.com.br\/abertura-oficial-encontro-nacional-de-legislativo-em-salvador\/#respond"]}]},{"@type":"WebPage","@id":"https:\/\/uvbbrasil.com.br\/abertura-oficial-encontro-nacional-de-legislativo-em-salvador\/","url":"https:\/\/uvbbrasil.com.br\/abertura-oficial-encontro-nacional-de-legislativo-em-salvador\/","name":"Abertura oficial Encontro Nacional de Legislativo em Salvador - UVB Brasil","isPartOf":{"@id":"https:\/\/uvbbrasil.com.br\/#website"},"primaryImageOfPage":{"@id":"https:\/\/uvbbrasil.com.br\/abertura-oficial-encontro-nacional-de-legislativo-em-salvador\/#primaryimage"},"image":{"@id":"https:\/\/uvbbrasil.com.br\/abertura-oficial-encontro-nacional-de-legislativo-em-salvador\/#primaryimage"},"thumbnailUrl":"https:\/\/uvbbrasil.com.br\/wp-content\/uploads\/2021\/09\/WhatsApp-Image-2021-09-22-at-09.11.32-1.jpeg","datePublished":"2021-09-22T14:51:12+00:00","breadcrumb":{"@id":"https:\/\/uvbbrasil.com.br\/abertura-oficial-encontro-nacional-de-legislativo-em-salvador\/#breadcrumb"},"inLanguage":"pt-BR","potentialAction":[{"@type":"ReadAction","target":["https:\/\/uvbbrasil.com.br\/abertura-oficial-encontro-nacional-de-legislativo-em-salvador\/"]}]},{"@type":"ImageObject","inLanguage":"pt-BR","@id":"https:\/\/uvbbrasil.com.br\/abertura-oficial-encontro-nacional-de-legislativo-em-salvador\/#primaryimage","url":"https:\/\/uvbbrasil.com.br\/wp-content\/uploads\/2021\/09\/WhatsApp-Image-2021-09-22-at-09.11.32-1.jpeg","contentUrl":"https:\/\/uvbbrasil.com.br\/wp-content\/uploads\/2021\/09\/WhatsApp-Image-2021-09-22-at-09.11.32-1.jpeg","width":1600,"height":1200},{"@type":"BreadcrumbList","@id":"https:\/\/uvbbrasil.com.br\/abertura-oficial-encontro-nacional-de-legislativo-em-salvador\/#breadcrumb","itemListElement":[{"@type":"ListItem","position":1,"name":"In\u00edcio","item":"https:\/\/uvbbrasil.com.br\/"},{"@type":"ListItem","position":2,"name":"Abertura oficial Encontro Nacional de Legislativo em Salvador"}]},{"@type":"WebSite","@id":"https:\/\/uvbbrasil.com.br\/#website","url":"https:\/\/uvbbrasil.com.br\/","name":"UVB Brasil","description":"Uni\u00e3o dos Vereadores do Brasil","publisher":{"@id":"https:\/\/uvbbrasil.com.br\/#organization"},"potentialAction":[{"@type":"SearchAction","target":{"@type":"EntryPoint","urlTemplate":"https:\/\/uvbbrasil.com.br\/?s={search_term_string}"},"query-input":{"@type":"PropertyValueSpecification","valueRequired":true,"valueName":"search_term_string"}}],"inLanguage":"pt-BR"},{"@type":"Organization","@id":"https:\/\/uvbbrasil.com.br\/#organization","name":"UVB Brasil","url":"https:\/\/uvbbrasil.com.br\/","logo":{"@type":"ImageObject","inLanguage":"pt-BR","@id":"https:\/\/uvbbrasil.com.br\/#\/schema\/logo\/image\/","url":"https:\/\/uvbbrasil.com.br\/wp-content\/uploads\/2025\/01\/LOGO-UVB-2024-azul-1.jpg","contentUrl":"https:\/\/uvbbrasil.com.br\/wp-content\/uploads\/2025\/01\/LOGO-UVB-2024-azul-1.jpg","width":600,"height":211,"caption":"UVB Brasil"},"image":{"@id":"https:\/\/uvbbrasil.com.br\/#\/schema\/logo\/image\/"},"sameAs":["https:\/\/www.facebook.com\/uvb.vereadoresbrasil","https:\/\/www.instagram.com\/uvbbrasil\/","https:\/\/www.youtube.com\/channel\/UCIlPQ8Xzw5GHNzosQIg9S5A"]},{"@type":"Person","@id":"https:\/\/uvbbrasil.com.br\/#\/schema\/person\/17990098446c098f52effddff4f1b272","name":"adminuvb","image":{"@type":"ImageObject","inLanguage":"pt-BR","@id":"https:\/\/uvbbrasil.com.br\/#\/schema\/person\/image\/","url":"https:\/\/secure.gravatar.com\/avatar\/1a494ea6f8e2dd1ae526e55b0e9497efdba542491e0620d704cccf63c6f77c45?s=96&d=mm&r=g","contentUrl":"https:\/\/secure.gravatar.com\/avatar\/1a494ea6f8e2dd1ae526e55b0e9497efdba542491e0620d704cccf63c6f77c45?s=96&d=mm&r=g","caption":"adminuvb"},"sameAs":["https:\/\/uvbbrasil.com.br"],"url":"https:\/\/uvbbrasil.com.br\/author\/adminuvb\/"}]}},"_links":{"self":[{"href":"https:\/\/uvbbrasil.com.br\/uvb-json\/wp\/v2\/posts\/23600","targetHints":{"allow":["GET"]}}],"collection":[{"href":"https:\/\/uvbbrasil.com.br\/uvb-json\/wp\/v2\/posts"}],"about":[{"href":"https:\/\/uvbbrasil.com.br\/uvb-json\/wp\/v2\/types\/post"}],"author":[{"embeddable":true,"href":"https:\/\/uvbbrasil.com.br\/uvb-json\/wp\/v2\/users\/1"}],"replies":[{"embeddable":true,"href":"https:\/\/uvbbrasil.com.br\/uvb-json\/wp\/v2\/comments?post=23600"}],"version-history":[{"count":0,"href":"https:\/\/uvbbrasil.com.br\/uvb-json\/wp\/v2\/posts\/23600\/revisions"}],"wp:featuredmedia":[{"embeddable":true,"href":"https:\/\/uvbbrasil.com.br\/uvb-json\/wp\/v2\/media\/23604"}],"wp:attachment":[{"href":"https:\/\/uvbbrasil.com.br\/uvb-json\/wp\/v2\/media?parent=23600"}],"wp:term":[{"taxonomy":"category","embeddable":true,"href":"https:\/\/uvbbrasil.com.br\/uvb-json\/wp\/v2\/categories?post=23600"},{"taxonomy":"post_tag","embeddable":true,"href":"https:\/\/uvbbrasil.com.br\/uvb-json\/wp\/v2\/tags?post=23600"}],"curies":[{"name":"wp","href":"https:\/\/api.w.org\/{rel}","templated":true}]}}