{"id":23576,"date":"2021-09-20T16:07:52","date_gmt":"2021-09-20T19:07:52","guid":{"rendered":"https:\/\/wpsandbox4.pante.com.br\/?p=23576"},"modified":"2021-09-20T16:07:52","modified_gmt":"2021-09-20T19:07:52","slug":"confira-as-primeiras-vereadoras-selecionadas-a-receberem-a-medalha-mulher-destaque-brasil","status":"publish","type":"post","link":"https:\/\/uvbbrasil.com.br\/confira-as-primeiras-vereadoras-selecionadas-a-receberem-a-medalha-mulher-destaque-brasil\/","title":{"rendered":"Confira as Vereadoras selecionadas a receberem a Medalha Mulher Destaque Brasil"},"content":{"rendered":"<p>A Uni\u00e3o dos Vereadores do Brasil\/UVB, atrav\u00e9s do presidente Gilson Conzatti e a comiss\u00e3o de analise das justificativas enviadas pelas vereadoras, divulgam as primeiras selecionas para receber a Medalha Destaque Brasil. Em sua terceira edi\u00e7\u00e3o a entrega da Medalha Mulher Destaque Brasil este ano ser\u00e1\u00a0 realizada em Salvador\/BA, durante o Encontro Nacional de Legislativos Municipais que acontece de 21 a 24 de setembro de 2021.<\/p>\n<p>Destinada a agraciar mulheres que se destacam em seus mandatos, ou que tenham prestado relevantes servi\u00e7os, no sentido de divulgar ou fortalecer o papel da mulher na pol\u00edtica e nas esferas de decis\u00e3o e de poder. Que tenham honrado sua biografia por seus feitos e condutas positivas da participa\u00e7\u00e3o da Mulher na pol\u00edtica, especialmente vereadoras com destaque na atua\u00e7\u00e3o legislativa em seus munic\u00edpios. Para receber a honraria a vereadora dever\u00e1 esta seguindo todos os protocolos citados no regulamento dentre eles, est\u00e1 devidamente inscrita no evento atrav\u00e9s do site da UVB.<\/p>\n<p><strong>Confira a baixo a rela\u00e7\u00e3o das selecionadas:<\/strong><\/p>\n<p>&nbsp;<\/p>\n<p>-VEREADORA- ZEZILIA MARTINS \/<strong>LUIS EDUARDO MAGALH\u00c3ES\/BA<\/strong><\/p>\n<p>-VEREADORA -JAQUELINE GOMES <strong>&#8211; SOORETAMA\/ES<\/strong><\/p>\n<p>VEREADORA &#8211; CAMILA MOURA TEIXEIRA COSTA- <strong>CRUZ DAS ALMAS\/BA<\/strong><\/p>\n<p>VEREADORA -MAGN\u00d3LIA ARAG\u00c3O- <strong>TIANGU\u00c1\/CE<\/strong><\/p>\n<p>VEREADORA- ELZA MARIA MOURA DA SILVA- <strong>ITANHANG\u00c1 \u2013 MT.<\/strong><\/p>\n<p>VEREADORA-LUCIARA AMIL-<strong> BOM JESUS DO ITABAPOANA-RJ<\/strong><\/p>\n<p>VEREADORA- VIVIANE SANTANA &#8211; <strong>AMARGOSA\/ BA<\/strong><\/p>\n<p>VEREADORA- MARLI BRUNO QUADROS- \u00a0<strong>MONTE NEGRO\/RO<\/strong><\/p>\n<p>VEREADORA- ELANY SANTOS SILVA\/ <strong>GRAJA\u00da-MA<\/strong><\/p>\n<p>VEREADORA- LUANA NEILAND DA SILVA- <strong>TUNAS-RS<\/strong><\/p>\n<p>VEREADORA- ADRIANA NOGUEIRA\u00a0 OLIVEIRA-<strong> SANTO ANT\u00d4NIO DE JESUS\/BA<\/strong><\/p>\n<p>VEREADORA-DJACYAARA MARIA MARTINIANO DE MOURA-<strong>MARI\/PB<\/strong><\/p>\n<p>VEREADORA-CATIA RODRIGUES<strong> \u2013FORMOSA\/GO<\/strong><\/p>\n<p>VEREADORA- ANA MARIA CACALCANTE MOREIRA &#8211;<strong>S\u00c3O SEBASTI\u00c3O DO PASS\u00c9\/BA<\/strong><\/p>\n<p>ELEUSA MARGARIDA SILVA CERQUEIRA MARTINS<strong>&#8211; <\/strong>SALVADOR\/BA(INDICA\u00c7\u00c3O UVB\/BA)<\/p>\n<p>MARCELE GUIMAR\u00c3ES COSTA- PRIMEIRA DAMA DE <strong>SERRINHA\/BA<\/strong>( INDICA\u00c7\u00c3O UVB\/BA)<\/p>\n<p>ANA PAULA MATOS- VICE-PREFEITA <strong>SALVADOR\/BA <\/strong>-(<strong> I<\/strong>NDICA\u00c7\u00c3O UVB\/BA)<\/p>\n<p>VERADORA- MARIA JOS\u00c9 CEDRAZ SILVA\u00a0 DE OLIVEIRA- <strong>CRUZ DAS ALMAS\/BA<\/strong><\/p>\n<p>VEREADORA- VERA L\u00daCIA SANTOS ALVES- <strong>AMARGOSA\/BA<\/strong><\/p>\n<p>VEREADORA \u2013 VERA LEAL- <strong>BANZA\u00ca\/ BA<\/strong><\/p>\n<p>VEREADORA- SANDRA GOMES BARROS &#8211; <strong>TEODORO SAMPAIO\/ BA<\/strong><\/p>\n<p>VEREADORA -LUZIA DE F\u00c1TIMA DA SILVA ABADIAS- <strong>JARU\/RO<\/strong><\/p>\n<p>VEREADORA-JUCIANE TEIXEIRA JORGE NOGUEIRA- <strong>S\u00c3O BENEDITO\/CE<\/strong><\/p>\n<p>VEREADORA-RAQUEL SIQUEIRA<strong>&#8211; CARAVELAS\/BA<\/strong><\/p>\n<p>VEREADORA- VERONICE ROMANA<strong>&#8211; ITAPEBI\/BA<\/strong><\/p>\n<p>VEREADORA- TATIANA CORDEIRO DA SILVA- <strong>S\u00c3O PEDRO DE ALC\u00c2NTARA\/SC<\/strong><\/p>\n<p>VEREADORA-MAGNA FERNANDA ANDRADE ZOTTIS<strong>-BALSAS\/MA<\/strong><\/p>\n<p>ELIOMAR CRUZ DA SILVA- <strong>MOJU\/PA<\/strong><\/p>\n<p>VEREADORA- JULIENA NOBRE SOARES- <strong>BARCARENA\/PA<\/strong><\/p>\n<p>VEREADORA- ISAURA FERREIRA OLIVEIRA<strong>&#8211; BALSAS\/MA<\/strong><\/p>\n<p>VEREADORA- SIRLENE OLIVEIRA DA CUNHA- <strong>RIO BRANCO\/AC<\/strong><\/p>\n<p>VEREADORA \u2013SANDRA REGINA COLPO<strong>&#8211; LU\u00cdS EDUARDO MAGALH\u00c3ES\/BA<\/strong><\/p>\n<p>VEREADORA- RAQUEL RUFINO RODRIGUES DOS SANTOS- <strong>INDAIAL\/SC<\/strong><\/p>\n<p>VEREADORA- ARLINDA MEIRELES- <strong>MARI\/PB<\/strong><\/p>\n<p>VEREADORA- MARIA DAMIANA FEL\u00cdCIO DE SOUZA- <strong>JARU\/RO<\/strong><\/p>\n<p>VEREADORA- \u00c2NGELA MARIA MACHADO STINGHEN<strong>&#8211; ITAPORANGA\/SC<\/strong><\/p>\n<p>VEREADORA- ELISSANDRA QUEIROZ<strong>&#8211; ALTO PARA\u00cdSO\/RO<\/strong><\/p>\n<p>VEREADORA SEBASTIANA SILVA SANTOS<strong> \u2013 BANZA\u00ca\/BA<\/strong><\/p>\n<p>VEREADORA MARTA MARIA DE CARVALHO NASCIMENTO<strong>&#8211; LAGARTO\/SE<\/strong><\/p>\n<p>&nbsp;<\/p>\n<p>A participa\u00e7\u00e3o das parlamentares \u00e9 uma forma de incentivar \u00a0mais mulheres na vida politica e o objetivo \u00e9 renovar os anseios\u00a0 populares por maior justi\u00e7a social, igualdade e oportunidades. Temas de relev\u00e2ncia fazem parte da programa\u00e7\u00e3o.<a href=\"https:\/\/uvbbrasil.com.br\/?attachment_id=23577\" rel=\"attachment wp-att-23577\"><img fetchpriority=\"high\" decoding=\"async\" class=\"aligncenter size-full wp-image-23577\" src=\"https:\/\/uvbbrasil.com.br\/wp-content\/uploads\/2021\/09\/medalha-mulher-scaled-1.jpg\" alt=\"\" width=\"2047\" height=\"2560\" srcset=\"https:\/\/uvbbrasil.com.br\/wp-content\/uploads\/2021\/09\/medalha-mulher-scaled-1.jpg 2047w, https:\/\/uvbbrasil.com.br\/wp-content\/uploads\/2021\/09\/medalha-mulher-scaled-1-240x300.jpg 240w, https:\/\/uvbbrasil.com.br\/wp-content\/uploads\/2021\/09\/medalha-mulher-scaled-1-819x1024.jpg 819w, https:\/\/uvbbrasil.com.br\/wp-content\/uploads\/2021\/09\/medalha-mulher-scaled-1-768x960.jpg 768w, https:\/\/uvbbrasil.com.br\/wp-content\/uploads\/2021\/09\/medalha-mulher-scaled-1-1228x1536.jpg 1228w, https:\/\/uvbbrasil.com.br\/wp-content\/uploads\/2021\/09\/medalha-mulher-scaled-1-1638x2048.jpg 1638w\" sizes=\"(max-width: 2047px) 100vw, 2047px\" \/><\/a><\/p>\n","protected":false},"excerpt":{"rendered":"<p>A Uni\u00e3o dos Vereadores do Brasil\/UVB, atrav\u00e9s do presidente Gilson Conzatti e a comiss\u00e3o de analise das justificativas enviadas pelas&#8230;<\/p>\n","protected":false},"author":1,"featured_media":23577,"comment_status":"open","ping_status":"open","sticky":false,"template":"","format":"standard","meta":{"footnotes":""},"categories":[3,4],"tags":[],"class_list":["post-23576","post","type-post","status-publish","format-standard","has-post-thumbnail","hentry","category-noticias","category-home"],"yoast_head":"<!-- This site is optimized with the Yoast SEO plugin v26.7 - https:\/\/yoast.com\/wordpress\/plugins\/seo\/ -->\n<title>Confira as Vereadoras selecionadas a receberem a Medalha Mulher Destaque Brasil - UVB Brasil<\/title>\n<meta name=\"robots\" content=\"index, follow, max-snippet:-1, max-image-preview:large, max-video-preview:-1\" \/>\n<link rel=\"canonical\" href=\"https:\/\/uvbbrasil.com.br\/confira-as-primeiras-vereadoras-selecionadas-a-receberem-a-medalha-mulher-destaque-brasil\/\" \/>\n<meta property=\"og:locale\" content=\"pt_BR\" \/>\n<meta property=\"og:type\" content=\"article\" \/>\n<meta property=\"og:title\" content=\"Confira as Vereadoras selecionadas a receberem a Medalha Mulher Destaque Brasil - UVB Brasil\" \/>\n<meta property=\"og:description\" content=\"A Uni\u00e3o dos Vereadores do Brasil\/UVB, atrav\u00e9s do presidente Gilson Conzatti e a comiss\u00e3o de analise das justificativas enviadas pelas...\" \/>\n<meta property=\"og:url\" content=\"https:\/\/uvbbrasil.com.br\/confira-as-primeiras-vereadoras-selecionadas-a-receberem-a-medalha-mulher-destaque-brasil\/\" \/>\n<meta property=\"og:site_name\" content=\"UVB Brasil\" \/>\n<meta property=\"article:publisher\" content=\"https:\/\/www.facebook.com\/uvb.vereadoresbrasil\" \/>\n<meta property=\"article:published_time\" content=\"2021-09-20T19:07:52+00:00\" \/>\n<meta property=\"og:image\" content=\"https:\/\/uvbbrasil.com.br\/wp-content\/uploads\/2021\/09\/medalha-mulher-scaled-1.jpg\" \/>\n\t<meta property=\"og:image:width\" content=\"2047\" \/>\n\t<meta property=\"og:image:height\" content=\"2560\" \/>\n\t<meta property=\"og:image:type\" content=\"image\/jpeg\" \/>\n<meta name=\"author\" content=\"adminuvb\" \/>\n<meta name=\"twitter:card\" content=\"summary_large_image\" \/>\n<meta name=\"twitter:label1\" content=\"Escrito por\" \/>\n\t<meta name=\"twitter:data1\" content=\"adminuvb\" \/>\n\t<meta name=\"twitter:label2\" content=\"Est. tempo de leitura\" \/>\n\t<meta name=\"twitter:data2\" content=\"3 minutos\" \/>\n<script type=\"application\/ld+json\" class=\"yoast-schema-graph\">{\"@context\":\"https:\/\/schema.org\",\"@graph\":[{\"@type\":\"Article\",\"@id\":\"https:\/\/uvbbrasil.com.br\/confira-as-primeiras-vereadoras-selecionadas-a-receberem-a-medalha-mulher-destaque-brasil\/#article\",\"isPartOf\":{\"@id\":\"https:\/\/uvbbrasil.com.br\/confira-as-primeiras-vereadoras-selecionadas-a-receberem-a-medalha-mulher-destaque-brasil\/\"},\"author\":{\"name\":\"adminuvb\",\"@id\":\"https:\/\/uvbbrasil.com.br\/#\/schema\/person\/17990098446c098f52effddff4f1b272\"},\"headline\":\"Confira as Vereadoras selecionadas a receberem a Medalha Mulher Destaque Brasil\",\"datePublished\":\"2021-09-20T19:07:52+00:00\",\"mainEntityOfPage\":{\"@id\":\"https:\/\/uvbbrasil.com.br\/confira-as-primeiras-vereadoras-selecionadas-a-receberem-a-medalha-mulher-destaque-brasil\/\"},\"wordCount\":524,\"commentCount\":0,\"publisher\":{\"@id\":\"https:\/\/uvbbrasil.com.br\/#organization\"},\"image\":{\"@id\":\"https:\/\/uvbbrasil.com.br\/confira-as-primeiras-vereadoras-selecionadas-a-receberem-a-medalha-mulher-destaque-brasil\/#primaryimage\"},\"thumbnailUrl\":\"https:\/\/uvbbrasil.com.br\/wp-content\/uploads\/2021\/09\/medalha-mulher-scaled-1.jpg\",\"articleSection\":[\"NOT\u00cdCIAS\",\"UVB\"],\"inLanguage\":\"pt-BR\",\"potentialAction\":[{\"@type\":\"CommentAction\",\"name\":\"Comment\",\"target\":[\"https:\/\/uvbbrasil.com.br\/confira-as-primeiras-vereadoras-selecionadas-a-receberem-a-medalha-mulher-destaque-brasil\/#respond\"]}]},{\"@type\":\"WebPage\",\"@id\":\"https:\/\/uvbbrasil.com.br\/confira-as-primeiras-vereadoras-selecionadas-a-receberem-a-medalha-mulher-destaque-brasil\/\",\"url\":\"https:\/\/uvbbrasil.com.br\/confira-as-primeiras-vereadoras-selecionadas-a-receberem-a-medalha-mulher-destaque-brasil\/\",\"name\":\"Confira as Vereadoras selecionadas a receberem a Medalha Mulher Destaque Brasil - UVB Brasil\",\"isPartOf\":{\"@id\":\"https:\/\/uvbbrasil.com.br\/#website\"},\"primaryImageOfPage\":{\"@id\":\"https:\/\/uvbbrasil.com.br\/confira-as-primeiras-vereadoras-selecionadas-a-receberem-a-medalha-mulher-destaque-brasil\/#primaryimage\"},\"image\":{\"@id\":\"https:\/\/uvbbrasil.com.br\/confira-as-primeiras-vereadoras-selecionadas-a-receberem-a-medalha-mulher-destaque-brasil\/#primaryimage\"},\"thumbnailUrl\":\"https:\/\/uvbbrasil.com.br\/wp-content\/uploads\/2021\/09\/medalha-mulher-scaled-1.jpg\",\"datePublished\":\"2021-09-20T19:07:52+00:00\",\"breadcrumb\":{\"@id\":\"https:\/\/uvbbrasil.com.br\/confira-as-primeiras-vereadoras-selecionadas-a-receberem-a-medalha-mulher-destaque-brasil\/#breadcrumb\"},\"inLanguage\":\"pt-BR\",\"potentialAction\":[{\"@type\":\"ReadAction\",\"target\":[\"https:\/\/uvbbrasil.com.br\/confira-as-primeiras-vereadoras-selecionadas-a-receberem-a-medalha-mulher-destaque-brasil\/\"]}]},{\"@type\":\"ImageObject\",\"inLanguage\":\"pt-BR\",\"@id\":\"https:\/\/uvbbrasil.com.br\/confira-as-primeiras-vereadoras-selecionadas-a-receberem-a-medalha-mulher-destaque-brasil\/#primaryimage\",\"url\":\"https:\/\/uvbbrasil.com.br\/wp-content\/uploads\/2021\/09\/medalha-mulher-scaled-1.jpg\",\"contentUrl\":\"https:\/\/uvbbrasil.com.br\/wp-content\/uploads\/2021\/09\/medalha-mulher-scaled-1.jpg\",\"width\":2047,\"height\":2560},{\"@type\":\"BreadcrumbList\",\"@id\":\"https:\/\/uvbbrasil.com.br\/confira-as-primeiras-vereadoras-selecionadas-a-receberem-a-medalha-mulher-destaque-brasil\/#breadcrumb\",\"itemListElement\":[{\"@type\":\"ListItem\",\"position\":1,\"name\":\"In\u00edcio\",\"item\":\"https:\/\/uvbbrasil.com.br\/\"},{\"@type\":\"ListItem\",\"position\":2,\"name\":\"Confira as Vereadoras selecionadas a receberem a Medalha Mulher Destaque Brasil\"}]},{\"@type\":\"WebSite\",\"@id\":\"https:\/\/uvbbrasil.com.br\/#website\",\"url\":\"https:\/\/uvbbrasil.com.br\/\",\"name\":\"UVB Brasil\",\"description\":\"Uni\u00e3o dos Vereadores do Brasil\",\"publisher\":{\"@id\":\"https:\/\/uvbbrasil.com.br\/#organization\"},\"potentialAction\":[{\"@type\":\"SearchAction\",\"target\":{\"@type\":\"EntryPoint\",\"urlTemplate\":\"https:\/\/uvbbrasil.com.br\/?s={search_term_string}\"},\"query-input\":{\"@type\":\"PropertyValueSpecification\",\"valueRequired\":true,\"valueName\":\"search_term_string\"}}],\"inLanguage\":\"pt-BR\"},{\"@type\":\"Organization\",\"@id\":\"https:\/\/uvbbrasil.com.br\/#organization\",\"name\":\"UVB Brasil\",\"url\":\"https:\/\/uvbbrasil.com.br\/\",\"logo\":{\"@type\":\"ImageObject\",\"inLanguage\":\"pt-BR\",\"@id\":\"https:\/\/uvbbrasil.com.br\/#\/schema\/logo\/image\/\",\"url\":\"https:\/\/uvbbrasil.com.br\/wp-content\/uploads\/2025\/01\/LOGO-UVB-2024-azul-1.jpg\",\"contentUrl\":\"https:\/\/uvbbrasil.com.br\/wp-content\/uploads\/2025\/01\/LOGO-UVB-2024-azul-1.jpg\",\"width\":600,\"height\":211,\"caption\":\"UVB Brasil\"},\"image\":{\"@id\":\"https:\/\/uvbbrasil.com.br\/#\/schema\/logo\/image\/\"},\"sameAs\":[\"https:\/\/www.facebook.com\/uvb.vereadoresbrasil\",\"https:\/\/www.instagram.com\/uvbbrasil\/\",\"https:\/\/www.youtube.com\/channel\/UCIlPQ8Xzw5GHNzosQIg9S5A\"]},{\"@type\":\"Person\",\"@id\":\"https:\/\/uvbbrasil.com.br\/#\/schema\/person\/17990098446c098f52effddff4f1b272\",\"name\":\"adminuvb\",\"image\":{\"@type\":\"ImageObject\",\"inLanguage\":\"pt-BR\",\"@id\":\"https:\/\/uvbbrasil.com.br\/#\/schema\/person\/image\/\",\"url\":\"https:\/\/secure.gravatar.com\/avatar\/1a494ea6f8e2dd1ae526e55b0e9497efdba542491e0620d704cccf63c6f77c45?s=96&d=mm&r=g\",\"contentUrl\":\"https:\/\/secure.gravatar.com\/avatar\/1a494ea6f8e2dd1ae526e55b0e9497efdba542491e0620d704cccf63c6f77c45?s=96&d=mm&r=g\",\"caption\":\"adminuvb\"},\"sameAs\":[\"https:\/\/uvbbrasil.com.br\"],\"url\":\"https:\/\/uvbbrasil.com.br\/author\/adminuvb\/\"}]}<\/script>\n<!-- \/ Yoast SEO plugin. -->","yoast_head_json":{"title":"Confira as Vereadoras selecionadas a receberem a Medalha Mulher Destaque Brasil - UVB Brasil","robots":{"index":"index","follow":"follow","max-snippet":"max-snippet:-1","max-image-preview":"max-image-preview:large","max-video-preview":"max-video-preview:-1"},"canonical":"https:\/\/uvbbrasil.com.br\/confira-as-primeiras-vereadoras-selecionadas-a-receberem-a-medalha-mulher-destaque-brasil\/","og_locale":"pt_BR","og_type":"article","og_title":"Confira as Vereadoras selecionadas a receberem a Medalha Mulher Destaque Brasil - UVB Brasil","og_description":"A Uni\u00e3o dos Vereadores do Brasil\/UVB, atrav\u00e9s do presidente Gilson Conzatti e a comiss\u00e3o de analise das justificativas enviadas pelas...","og_url":"https:\/\/uvbbrasil.com.br\/confira-as-primeiras-vereadoras-selecionadas-a-receberem-a-medalha-mulher-destaque-brasil\/","og_site_name":"UVB Brasil","article_publisher":"https:\/\/www.facebook.com\/uvb.vereadoresbrasil","article_published_time":"2021-09-20T19:07:52+00:00","og_image":[{"width":2047,"height":2560,"url":"https:\/\/uvbbrasil.com.br\/wp-content\/uploads\/2021\/09\/medalha-mulher-scaled-1.jpg","type":"image\/jpeg"}],"author":"adminuvb","twitter_card":"summary_large_image","twitter_misc":{"Escrito por":"adminuvb","Est. tempo de leitura":"3 minutos"},"schema":{"@context":"https:\/\/schema.org","@graph":[{"@type":"Article","@id":"https:\/\/uvbbrasil.com.br\/confira-as-primeiras-vereadoras-selecionadas-a-receberem-a-medalha-mulher-destaque-brasil\/#article","isPartOf":{"@id":"https:\/\/uvbbrasil.com.br\/confira-as-primeiras-vereadoras-selecionadas-a-receberem-a-medalha-mulher-destaque-brasil\/"},"author":{"name":"adminuvb","@id":"https:\/\/uvbbrasil.com.br\/#\/schema\/person\/17990098446c098f52effddff4f1b272"},"headline":"Confira as Vereadoras selecionadas a receberem a Medalha Mulher Destaque Brasil","datePublished":"2021-09-20T19:07:52+00:00","mainEntityOfPage":{"@id":"https:\/\/uvbbrasil.com.br\/confira-as-primeiras-vereadoras-selecionadas-a-receberem-a-medalha-mulher-destaque-brasil\/"},"wordCount":524,"commentCount":0,"publisher":{"@id":"https:\/\/uvbbrasil.com.br\/#organization"},"image":{"@id":"https:\/\/uvbbrasil.com.br\/confira-as-primeiras-vereadoras-selecionadas-a-receberem-a-medalha-mulher-destaque-brasil\/#primaryimage"},"thumbnailUrl":"https:\/\/uvbbrasil.com.br\/wp-content\/uploads\/2021\/09\/medalha-mulher-scaled-1.jpg","articleSection":["NOT\u00cdCIAS","UVB"],"inLanguage":"pt-BR","potentialAction":[{"@type":"CommentAction","name":"Comment","target":["https:\/\/uvbbrasil.com.br\/confira-as-primeiras-vereadoras-selecionadas-a-receberem-a-medalha-mulher-destaque-brasil\/#respond"]}]},{"@type":"WebPage","@id":"https:\/\/uvbbrasil.com.br\/confira-as-primeiras-vereadoras-selecionadas-a-receberem-a-medalha-mulher-destaque-brasil\/","url":"https:\/\/uvbbrasil.com.br\/confira-as-primeiras-vereadoras-selecionadas-a-receberem-a-medalha-mulher-destaque-brasil\/","name":"Confira as Vereadoras selecionadas a receberem a Medalha Mulher Destaque Brasil - UVB Brasil","isPartOf":{"@id":"https:\/\/uvbbrasil.com.br\/#website"},"primaryImageOfPage":{"@id":"https:\/\/uvbbrasil.com.br\/confira-as-primeiras-vereadoras-selecionadas-a-receberem-a-medalha-mulher-destaque-brasil\/#primaryimage"},"image":{"@id":"https:\/\/uvbbrasil.com.br\/confira-as-primeiras-vereadoras-selecionadas-a-receberem-a-medalha-mulher-destaque-brasil\/#primaryimage"},"thumbnailUrl":"https:\/\/uvbbrasil.com.br\/wp-content\/uploads\/2021\/09\/medalha-mulher-scaled-1.jpg","datePublished":"2021-09-20T19:07:52+00:00","breadcrumb":{"@id":"https:\/\/uvbbrasil.com.br\/confira-as-primeiras-vereadoras-selecionadas-a-receberem-a-medalha-mulher-destaque-brasil\/#breadcrumb"},"inLanguage":"pt-BR","potentialAction":[{"@type":"ReadAction","target":["https:\/\/uvbbrasil.com.br\/confira-as-primeiras-vereadoras-selecionadas-a-receberem-a-medalha-mulher-destaque-brasil\/"]}]},{"@type":"ImageObject","inLanguage":"pt-BR","@id":"https:\/\/uvbbrasil.com.br\/confira-as-primeiras-vereadoras-selecionadas-a-receberem-a-medalha-mulher-destaque-brasil\/#primaryimage","url":"https:\/\/uvbbrasil.com.br\/wp-content\/uploads\/2021\/09\/medalha-mulher-scaled-1.jpg","contentUrl":"https:\/\/uvbbrasil.com.br\/wp-content\/uploads\/2021\/09\/medalha-mulher-scaled-1.jpg","width":2047,"height":2560},{"@type":"BreadcrumbList","@id":"https:\/\/uvbbrasil.com.br\/confira-as-primeiras-vereadoras-selecionadas-a-receberem-a-medalha-mulher-destaque-brasil\/#breadcrumb","itemListElement":[{"@type":"ListItem","position":1,"name":"In\u00edcio","item":"https:\/\/uvbbrasil.com.br\/"},{"@type":"ListItem","position":2,"name":"Confira as Vereadoras selecionadas a receberem a Medalha Mulher Destaque Brasil"}]},{"@type":"WebSite","@id":"https:\/\/uvbbrasil.com.br\/#website","url":"https:\/\/uvbbrasil.com.br\/","name":"UVB Brasil","description":"Uni\u00e3o dos Vereadores do Brasil","publisher":{"@id":"https:\/\/uvbbrasil.com.br\/#organization"},"potentialAction":[{"@type":"SearchAction","target":{"@type":"EntryPoint","urlTemplate":"https:\/\/uvbbrasil.com.br\/?s={search_term_string}"},"query-input":{"@type":"PropertyValueSpecification","valueRequired":true,"valueName":"search_term_string"}}],"inLanguage":"pt-BR"},{"@type":"Organization","@id":"https:\/\/uvbbrasil.com.br\/#organization","name":"UVB Brasil","url":"https:\/\/uvbbrasil.com.br\/","logo":{"@type":"ImageObject","inLanguage":"pt-BR","@id":"https:\/\/uvbbrasil.com.br\/#\/schema\/logo\/image\/","url":"https:\/\/uvbbrasil.com.br\/wp-content\/uploads\/2025\/01\/LOGO-UVB-2024-azul-1.jpg","contentUrl":"https:\/\/uvbbrasil.com.br\/wp-content\/uploads\/2025\/01\/LOGO-UVB-2024-azul-1.jpg","width":600,"height":211,"caption":"UVB Brasil"},"image":{"@id":"https:\/\/uvbbrasil.com.br\/#\/schema\/logo\/image\/"},"sameAs":["https:\/\/www.facebook.com\/uvb.vereadoresbrasil","https:\/\/www.instagram.com\/uvbbrasil\/","https:\/\/www.youtube.com\/channel\/UCIlPQ8Xzw5GHNzosQIg9S5A"]},{"@type":"Person","@id":"https:\/\/uvbbrasil.com.br\/#\/schema\/person\/17990098446c098f52effddff4f1b272","name":"adminuvb","image":{"@type":"ImageObject","inLanguage":"pt-BR","@id":"https:\/\/uvbbrasil.com.br\/#\/schema\/person\/image\/","url":"https:\/\/secure.gravatar.com\/avatar\/1a494ea6f8e2dd1ae526e55b0e9497efdba542491e0620d704cccf63c6f77c45?s=96&d=mm&r=g","contentUrl":"https:\/\/secure.gravatar.com\/avatar\/1a494ea6f8e2dd1ae526e55b0e9497efdba542491e0620d704cccf63c6f77c45?s=96&d=mm&r=g","caption":"adminuvb"},"sameAs":["https:\/\/uvbbrasil.com.br"],"url":"https:\/\/uvbbrasil.com.br\/author\/adminuvb\/"}]}},"_links":{"self":[{"href":"https:\/\/uvbbrasil.com.br\/uvb-json\/wp\/v2\/posts\/23576","targetHints":{"allow":["GET"]}}],"collection":[{"href":"https:\/\/uvbbrasil.com.br\/uvb-json\/wp\/v2\/posts"}],"about":[{"href":"https:\/\/uvbbrasil.com.br\/uvb-json\/wp\/v2\/types\/post"}],"author":[{"embeddable":true,"href":"https:\/\/uvbbrasil.com.br\/uvb-json\/wp\/v2\/users\/1"}],"replies":[{"embeddable":true,"href":"https:\/\/uvbbrasil.com.br\/uvb-json\/wp\/v2\/comments?post=23576"}],"version-history":[{"count":0,"href":"https:\/\/uvbbrasil.com.br\/uvb-json\/wp\/v2\/posts\/23576\/revisions"}],"wp:featuredmedia":[{"embeddable":true,"href":"https:\/\/uvbbrasil.com.br\/uvb-json\/wp\/v2\/media\/23577"}],"wp:attachment":[{"href":"https:\/\/uvbbrasil.com.br\/uvb-json\/wp\/v2\/media?parent=23576"}],"wp:term":[{"taxonomy":"category","embeddable":true,"href":"https:\/\/uvbbrasil.com.br\/uvb-json\/wp\/v2\/categories?post=23576"},{"taxonomy":"post_tag","embeddable":true,"href":"https:\/\/uvbbrasil.com.br\/uvb-json\/wp\/v2\/tags?post=23576"}],"curies":[{"name":"wp","href":"https:\/\/api.w.org\/{rel}","templated":true}]}}