{"id":23561,"date":"2021-09-16T09:14:21","date_gmt":"2021-09-16T12:14:21","guid":{"rendered":"https:\/\/wpsandbox4.pante.com.br\/?p=23561"},"modified":"2021-09-16T09:14:21","modified_gmt":"2021-09-16T12:14:21","slug":"encontro-brasileiro-de-vereadores-em-florianopolis-sc-de-26-a-29-de-outubro","status":"publish","type":"post","link":"https:\/\/uvbbrasil.com.br\/encontro-brasileiro-de-vereadores-em-florianopolis-sc-de-26-a-29-de-outubro\/","title":{"rendered":"ENCONTRO BRASILEIRO DE VEREADORES EM FLORIANOPOLIS\/SC"},"content":{"rendered":"<p>Uni\u00e3o dos Vereadores do Brasil\/UVB com o apoio da Uni\u00e3o dos Vereadores do Estado de Santa Catarina\/UVESC, promovem o Encontro Nacional Brasileiro de Vereadores\u00a0 com o objetivo de o\u00a0 de qualificar os parlamentar\u00a0 e visa contribuir com o mandato de homens e mulheres do Poder Legislativo Municipal do pa\u00eds.<\/p>\n<p style=\"text-align: center;\"><strong>Local do evento: Assembleia Legislativa de Santa Catarina\u00a0<\/strong><\/p>\n<p><strong>\u00a0Confira a Programa\u00e7\u00e3o:<\/strong><\/p>\n<p style=\"text-align: center;\"><strong>Dia 26\/10 \u2013 Ter\u00e7a-Feira<\/strong><\/p>\n<p style=\"text-align: center;\">14h \u00e0s 17h \u2013 Credenciamento e entrega de materiais.<\/p>\n<p style=\"text-align: center;\"><strong>Dia 27\/10 \u2013 Quarta-feira<\/strong><\/p>\n<p>09h &#8211; Solenidade de Abertura.<\/p>\n<p>10h &#8211; Momento Institucional: Mesa redonda com presidentes da Associa\u00e7\u00f5es.<\/p>\n<p>11h30 &#8211; Intervalo para almo\u00e7o.<\/p>\n<p>14h30 -A confirmar<\/p>\n<p>15h30 \u2013 Palestra: \u201cRedes Sociais como ferramenta do mandato\u201d com Andr\u00e9a Artigas\u00a0 Artigas &#8211; MBA p\u00f3s em Gest\u00e3o da Comunica\u00e7\u00e3o e M\u00eddias Digitais.<\/p>\n<p>16h30 &#8211; A confirmar<\/p>\n<p>17h30 &#8211; Encerramento<\/p>\n<p style=\"text-align: center;\"><strong>Dia 28\/10 &#8211; Quinta-Feira<\/strong><\/p>\n<p>09h\u2013 Palestra- com, Rodrigo Fachini, coordenador institucional e das c\u00e2maras t\u00e9cnicas da FECAM. (Palestrante UVESC).<\/p>\n<p>10h -A confirmar<\/p>\n<p>11h &#8211; intervalo para almo\u00e7o e visita aos Deputados e \u00f3rg\u00e3os do Governo.<\/p>\n<p>14h30 &#8211;\u00a0 \u201cO que voc\u00ea tem a ver com a corrup\u00e7\u00e3o?\u201d com, Afonso Ghizzo Neto, Promotor de Justi\u00e7a (Palestrante UVESC).<\/p>\n<p>15h30 &#8211; A confirmar<\/p>\n<p>16h30 &#8211; Palestra: \u201cMandato eletivo e fidelidade partid\u00e1ria\u201d com, Dr. Ant\u00f4nio Augusto Mayer dos Santos, Advogado Especialista em direito Eleitoral.<\/p>\n<p>17h30 &#8211; Encerramento<\/p>\n<p style=\"text-align: center;\"><strong>Dia 29\/10 &#8211; Sexta-Feira<\/strong><\/p>\n<p>09h &#8211; Roda de conversa com pol\u00edticos (Deputados e Senadores).<\/p>\n<p>11h\u2013 Solenidade de Encerramento.<\/p>\n<p><em>*<\/em><strong>PROGRAMA\u00c7\u00c3O SUJEITA A ALTERA\u00c7\u00d5ES SEM AVISO PR\u00c9VIO<\/strong><\/p>\n<p><strong>P\u00fablico Alvo:<\/strong><b><br \/>\n<\/b>Vereadores, Vereadoras, Diretores(as), Procuradores(as), Assessores(as) e Servidores(as) de C\u00e2maras Municipais, Prefeitos(as), Vice-Prefeitos(as), secret\u00e1rios(as) municipais, procuradores(as) jur\u00eddicos municipais e assessores(as) de prefeituras municipais, estudantes e demais interessados nas mat\u00e9rias apresentadas.<\/p>\n<p>I<strong>nvestimento: R$ 590,00(\u00a0 N\u00c3O FILIADOS)- R$ 490,00 (FILIADOS UVB\/ UVESC)\u00a0 por inscri\u00e7\u00e3o<\/strong><\/p>\n<p><b>Informa\u00e7\u00f5es: WhatsApp\u00a055 996449022 \u2013 Fernando<\/b><a style=\"font-weight: bold;\" href=\"https:\/\/uvbbrasil.com.br\/?attachment_id=23559\" rel=\"attachment wp-att-23559\"><img fetchpriority=\"high\" decoding=\"async\" class=\"aligncenter size-full wp-image-23559\" src=\"https:\/\/uvbbrasil.com.br\/wp-content\/uploads\/2021\/09\/WhatsApp-Image-2021-09-16-at-11.54.05.jpeg\" alt=\"\" width=\"1280\" height=\"1280\" srcset=\"https:\/\/uvbbrasil.com.br\/wp-content\/uploads\/2021\/09\/WhatsApp-Image-2021-09-16-at-11.54.05.jpeg 1280w, https:\/\/uvbbrasil.com.br\/wp-content\/uploads\/2021\/09\/WhatsApp-Image-2021-09-16-at-11.54.05-300x300.jpeg 300w, https:\/\/uvbbrasil.com.br\/wp-content\/uploads\/2021\/09\/WhatsApp-Image-2021-09-16-at-11.54.05-1024x1024.jpeg 1024w, https:\/\/uvbbrasil.com.br\/wp-content\/uploads\/2021\/09\/WhatsApp-Image-2021-09-16-at-11.54.05-150x150.jpeg 150w, https:\/\/uvbbrasil.com.br\/wp-content\/uploads\/2021\/09\/WhatsApp-Image-2021-09-16-at-11.54.05-768x768.jpeg 768w\" sizes=\"(max-width: 1280px) 100vw, 1280px\" \/><\/a><\/p>\n","protected":false},"excerpt":{"rendered":"<p>Uni\u00e3o dos Vereadores do Brasil\/UVB com o apoio da Uni\u00e3o dos Vereadores do Estado de Santa Catarina\/UVESC, promovem o Encontro&#8230;<\/p>\n","protected":false},"author":1,"featured_media":23559,"comment_status":"open","ping_status":"open","sticky":false,"template":"","format":"standard","meta":{"footnotes":""},"categories":[3,4],"tags":[],"class_list":["post-23561","post","type-post","status-publish","format-standard","has-post-thumbnail","hentry","category-noticias","category-home"],"yoast_head":"<!-- This site is optimized with the Yoast SEO plugin v26.7 - https:\/\/yoast.com\/wordpress\/plugins\/seo\/ -->\n<title>ENCONTRO BRASILEIRO DE VEREADORES EM FLORIANOPOLIS\/SC - UVB Brasil<\/title>\n<meta name=\"robots\" content=\"index, follow, max-snippet:-1, max-image-preview:large, max-video-preview:-1\" \/>\n<link rel=\"canonical\" href=\"https:\/\/uvbbrasil.com.br\/encontro-brasileiro-de-vereadores-em-florianopolis-sc-de-26-a-29-de-outubro\/\" \/>\n<meta property=\"og:locale\" content=\"pt_BR\" \/>\n<meta property=\"og:type\" content=\"article\" \/>\n<meta property=\"og:title\" content=\"ENCONTRO BRASILEIRO DE VEREADORES EM FLORIANOPOLIS\/SC - UVB Brasil\" \/>\n<meta property=\"og:description\" content=\"Uni\u00e3o dos Vereadores do Brasil\/UVB com o apoio da Uni\u00e3o dos Vereadores do Estado de Santa Catarina\/UVESC, promovem o Encontro...\" \/>\n<meta property=\"og:url\" content=\"https:\/\/uvbbrasil.com.br\/encontro-brasileiro-de-vereadores-em-florianopolis-sc-de-26-a-29-de-outubro\/\" \/>\n<meta property=\"og:site_name\" content=\"UVB Brasil\" \/>\n<meta property=\"article:publisher\" content=\"https:\/\/www.facebook.com\/uvb.vereadoresbrasil\" \/>\n<meta property=\"article:published_time\" content=\"2021-09-16T12:14:21+00:00\" \/>\n<meta property=\"og:image\" content=\"https:\/\/uvbbrasil.com.br\/wp-content\/uploads\/2021\/09\/WhatsApp-Image-2021-09-16-at-11.54.05.jpeg\" \/>\n\t<meta property=\"og:image:width\" content=\"1280\" \/>\n\t<meta property=\"og:image:height\" content=\"1280\" \/>\n\t<meta property=\"og:image:type\" content=\"image\/jpeg\" \/>\n<meta name=\"author\" content=\"adminuvb\" \/>\n<meta name=\"twitter:card\" content=\"summary_large_image\" \/>\n<meta name=\"twitter:label1\" content=\"Escrito por\" \/>\n\t<meta name=\"twitter:data1\" content=\"adminuvb\" \/>\n\t<meta name=\"twitter:label2\" content=\"Est. tempo de leitura\" \/>\n\t<meta name=\"twitter:data2\" content=\"2 minutos\" \/>\n<script type=\"application\/ld+json\" class=\"yoast-schema-graph\">{\"@context\":\"https:\/\/schema.org\",\"@graph\":[{\"@type\":\"Article\",\"@id\":\"https:\/\/uvbbrasil.com.br\/encontro-brasileiro-de-vereadores-em-florianopolis-sc-de-26-a-29-de-outubro\/#article\",\"isPartOf\":{\"@id\":\"https:\/\/uvbbrasil.com.br\/encontro-brasileiro-de-vereadores-em-florianopolis-sc-de-26-a-29-de-outubro\/\"},\"author\":{\"name\":\"adminuvb\",\"@id\":\"https:\/\/uvbbrasil.com.br\/#\/schema\/person\/17990098446c098f52effddff4f1b272\"},\"headline\":\"ENCONTRO BRASILEIRO DE VEREADORES EM FLORIANOPOLIS\/SC\",\"datePublished\":\"2021-09-16T12:14:21+00:00\",\"mainEntityOfPage\":{\"@id\":\"https:\/\/uvbbrasil.com.br\/encontro-brasileiro-de-vereadores-em-florianopolis-sc-de-26-a-29-de-outubro\/\"},\"wordCount\":324,\"commentCount\":0,\"publisher\":{\"@id\":\"https:\/\/uvbbrasil.com.br\/#organization\"},\"image\":{\"@id\":\"https:\/\/uvbbrasil.com.br\/encontro-brasileiro-de-vereadores-em-florianopolis-sc-de-26-a-29-de-outubro\/#primaryimage\"},\"thumbnailUrl\":\"https:\/\/uvbbrasil.com.br\/wp-content\/uploads\/2021\/09\/WhatsApp-Image-2021-09-16-at-11.54.05.jpeg\",\"articleSection\":[\"NOT\u00cdCIAS\",\"UVB\"],\"inLanguage\":\"pt-BR\",\"potentialAction\":[{\"@type\":\"CommentAction\",\"name\":\"Comment\",\"target\":[\"https:\/\/uvbbrasil.com.br\/encontro-brasileiro-de-vereadores-em-florianopolis-sc-de-26-a-29-de-outubro\/#respond\"]}]},{\"@type\":\"WebPage\",\"@id\":\"https:\/\/uvbbrasil.com.br\/encontro-brasileiro-de-vereadores-em-florianopolis-sc-de-26-a-29-de-outubro\/\",\"url\":\"https:\/\/uvbbrasil.com.br\/encontro-brasileiro-de-vereadores-em-florianopolis-sc-de-26-a-29-de-outubro\/\",\"name\":\"ENCONTRO BRASILEIRO DE VEREADORES EM FLORIANOPOLIS\/SC - UVB Brasil\",\"isPartOf\":{\"@id\":\"https:\/\/uvbbrasil.com.br\/#website\"},\"primaryImageOfPage\":{\"@id\":\"https:\/\/uvbbrasil.com.br\/encontro-brasileiro-de-vereadores-em-florianopolis-sc-de-26-a-29-de-outubro\/#primaryimage\"},\"image\":{\"@id\":\"https:\/\/uvbbrasil.com.br\/encontro-brasileiro-de-vereadores-em-florianopolis-sc-de-26-a-29-de-outubro\/#primaryimage\"},\"thumbnailUrl\":\"https:\/\/uvbbrasil.com.br\/wp-content\/uploads\/2021\/09\/WhatsApp-Image-2021-09-16-at-11.54.05.jpeg\",\"datePublished\":\"2021-09-16T12:14:21+00:00\",\"breadcrumb\":{\"@id\":\"https:\/\/uvbbrasil.com.br\/encontro-brasileiro-de-vereadores-em-florianopolis-sc-de-26-a-29-de-outubro\/#breadcrumb\"},\"inLanguage\":\"pt-BR\",\"potentialAction\":[{\"@type\":\"ReadAction\",\"target\":[\"https:\/\/uvbbrasil.com.br\/encontro-brasileiro-de-vereadores-em-florianopolis-sc-de-26-a-29-de-outubro\/\"]}]},{\"@type\":\"ImageObject\",\"inLanguage\":\"pt-BR\",\"@id\":\"https:\/\/uvbbrasil.com.br\/encontro-brasileiro-de-vereadores-em-florianopolis-sc-de-26-a-29-de-outubro\/#primaryimage\",\"url\":\"https:\/\/uvbbrasil.com.br\/wp-content\/uploads\/2021\/09\/WhatsApp-Image-2021-09-16-at-11.54.05.jpeg\",\"contentUrl\":\"https:\/\/uvbbrasil.com.br\/wp-content\/uploads\/2021\/09\/WhatsApp-Image-2021-09-16-at-11.54.05.jpeg\",\"width\":1280,\"height\":1280},{\"@type\":\"BreadcrumbList\",\"@id\":\"https:\/\/uvbbrasil.com.br\/encontro-brasileiro-de-vereadores-em-florianopolis-sc-de-26-a-29-de-outubro\/#breadcrumb\",\"itemListElement\":[{\"@type\":\"ListItem\",\"position\":1,\"name\":\"In\u00edcio\",\"item\":\"https:\/\/uvbbrasil.com.br\/\"},{\"@type\":\"ListItem\",\"position\":2,\"name\":\"ENCONTRO BRASILEIRO DE VEREADORES EM FLORIANOPOLIS\/SC\"}]},{\"@type\":\"WebSite\",\"@id\":\"https:\/\/uvbbrasil.com.br\/#website\",\"url\":\"https:\/\/uvbbrasil.com.br\/\",\"name\":\"UVB Brasil\",\"description\":\"Uni\u00e3o dos Vereadores do Brasil\",\"publisher\":{\"@id\":\"https:\/\/uvbbrasil.com.br\/#organization\"},\"potentialAction\":[{\"@type\":\"SearchAction\",\"target\":{\"@type\":\"EntryPoint\",\"urlTemplate\":\"https:\/\/uvbbrasil.com.br\/?s={search_term_string}\"},\"query-input\":{\"@type\":\"PropertyValueSpecification\",\"valueRequired\":true,\"valueName\":\"search_term_string\"}}],\"inLanguage\":\"pt-BR\"},{\"@type\":\"Organization\",\"@id\":\"https:\/\/uvbbrasil.com.br\/#organization\",\"name\":\"UVB Brasil\",\"url\":\"https:\/\/uvbbrasil.com.br\/\",\"logo\":{\"@type\":\"ImageObject\",\"inLanguage\":\"pt-BR\",\"@id\":\"https:\/\/uvbbrasil.com.br\/#\/schema\/logo\/image\/\",\"url\":\"https:\/\/uvbbrasil.com.br\/wp-content\/uploads\/2025\/01\/LOGO-UVB-2024-azul-1.jpg\",\"contentUrl\":\"https:\/\/uvbbrasil.com.br\/wp-content\/uploads\/2025\/01\/LOGO-UVB-2024-azul-1.jpg\",\"width\":600,\"height\":211,\"caption\":\"UVB Brasil\"},\"image\":{\"@id\":\"https:\/\/uvbbrasil.com.br\/#\/schema\/logo\/image\/\"},\"sameAs\":[\"https:\/\/www.facebook.com\/uvb.vereadoresbrasil\",\"https:\/\/www.instagram.com\/uvbbrasil\/\",\"https:\/\/www.youtube.com\/channel\/UCIlPQ8Xzw5GHNzosQIg9S5A\"]},{\"@type\":\"Person\",\"@id\":\"https:\/\/uvbbrasil.com.br\/#\/schema\/person\/17990098446c098f52effddff4f1b272\",\"name\":\"adminuvb\",\"image\":{\"@type\":\"ImageObject\",\"inLanguage\":\"pt-BR\",\"@id\":\"https:\/\/uvbbrasil.com.br\/#\/schema\/person\/image\/\",\"url\":\"https:\/\/secure.gravatar.com\/avatar\/1a494ea6f8e2dd1ae526e55b0e9497efdba542491e0620d704cccf63c6f77c45?s=96&d=mm&r=g\",\"contentUrl\":\"https:\/\/secure.gravatar.com\/avatar\/1a494ea6f8e2dd1ae526e55b0e9497efdba542491e0620d704cccf63c6f77c45?s=96&d=mm&r=g\",\"caption\":\"adminuvb\"},\"sameAs\":[\"https:\/\/uvbbrasil.com.br\"],\"url\":\"https:\/\/uvbbrasil.com.br\/author\/adminuvb\/\"}]}<\/script>\n<!-- \/ Yoast SEO plugin. -->","yoast_head_json":{"title":"ENCONTRO BRASILEIRO DE VEREADORES EM FLORIANOPOLIS\/SC - UVB Brasil","robots":{"index":"index","follow":"follow","max-snippet":"max-snippet:-1","max-image-preview":"max-image-preview:large","max-video-preview":"max-video-preview:-1"},"canonical":"https:\/\/uvbbrasil.com.br\/encontro-brasileiro-de-vereadores-em-florianopolis-sc-de-26-a-29-de-outubro\/","og_locale":"pt_BR","og_type":"article","og_title":"ENCONTRO BRASILEIRO DE VEREADORES EM FLORIANOPOLIS\/SC - UVB Brasil","og_description":"Uni\u00e3o dos Vereadores do Brasil\/UVB com o apoio da Uni\u00e3o dos Vereadores do Estado de Santa Catarina\/UVESC, promovem o Encontro...","og_url":"https:\/\/uvbbrasil.com.br\/encontro-brasileiro-de-vereadores-em-florianopolis-sc-de-26-a-29-de-outubro\/","og_site_name":"UVB Brasil","article_publisher":"https:\/\/www.facebook.com\/uvb.vereadoresbrasil","article_published_time":"2021-09-16T12:14:21+00:00","og_image":[{"width":1280,"height":1280,"url":"https:\/\/uvbbrasil.com.br\/wp-content\/uploads\/2021\/09\/WhatsApp-Image-2021-09-16-at-11.54.05.jpeg","type":"image\/jpeg"}],"author":"adminuvb","twitter_card":"summary_large_image","twitter_misc":{"Escrito por":"adminuvb","Est. tempo de leitura":"2 minutos"},"schema":{"@context":"https:\/\/schema.org","@graph":[{"@type":"Article","@id":"https:\/\/uvbbrasil.com.br\/encontro-brasileiro-de-vereadores-em-florianopolis-sc-de-26-a-29-de-outubro\/#article","isPartOf":{"@id":"https:\/\/uvbbrasil.com.br\/encontro-brasileiro-de-vereadores-em-florianopolis-sc-de-26-a-29-de-outubro\/"},"author":{"name":"adminuvb","@id":"https:\/\/uvbbrasil.com.br\/#\/schema\/person\/17990098446c098f52effddff4f1b272"},"headline":"ENCONTRO BRASILEIRO DE VEREADORES EM FLORIANOPOLIS\/SC","datePublished":"2021-09-16T12:14:21+00:00","mainEntityOfPage":{"@id":"https:\/\/uvbbrasil.com.br\/encontro-brasileiro-de-vereadores-em-florianopolis-sc-de-26-a-29-de-outubro\/"},"wordCount":324,"commentCount":0,"publisher":{"@id":"https:\/\/uvbbrasil.com.br\/#organization"},"image":{"@id":"https:\/\/uvbbrasil.com.br\/encontro-brasileiro-de-vereadores-em-florianopolis-sc-de-26-a-29-de-outubro\/#primaryimage"},"thumbnailUrl":"https:\/\/uvbbrasil.com.br\/wp-content\/uploads\/2021\/09\/WhatsApp-Image-2021-09-16-at-11.54.05.jpeg","articleSection":["NOT\u00cdCIAS","UVB"],"inLanguage":"pt-BR","potentialAction":[{"@type":"CommentAction","name":"Comment","target":["https:\/\/uvbbrasil.com.br\/encontro-brasileiro-de-vereadores-em-florianopolis-sc-de-26-a-29-de-outubro\/#respond"]}]},{"@type":"WebPage","@id":"https:\/\/uvbbrasil.com.br\/encontro-brasileiro-de-vereadores-em-florianopolis-sc-de-26-a-29-de-outubro\/","url":"https:\/\/uvbbrasil.com.br\/encontro-brasileiro-de-vereadores-em-florianopolis-sc-de-26-a-29-de-outubro\/","name":"ENCONTRO BRASILEIRO DE VEREADORES EM FLORIANOPOLIS\/SC - UVB Brasil","isPartOf":{"@id":"https:\/\/uvbbrasil.com.br\/#website"},"primaryImageOfPage":{"@id":"https:\/\/uvbbrasil.com.br\/encontro-brasileiro-de-vereadores-em-florianopolis-sc-de-26-a-29-de-outubro\/#primaryimage"},"image":{"@id":"https:\/\/uvbbrasil.com.br\/encontro-brasileiro-de-vereadores-em-florianopolis-sc-de-26-a-29-de-outubro\/#primaryimage"},"thumbnailUrl":"https:\/\/uvbbrasil.com.br\/wp-content\/uploads\/2021\/09\/WhatsApp-Image-2021-09-16-at-11.54.05.jpeg","datePublished":"2021-09-16T12:14:21+00:00","breadcrumb":{"@id":"https:\/\/uvbbrasil.com.br\/encontro-brasileiro-de-vereadores-em-florianopolis-sc-de-26-a-29-de-outubro\/#breadcrumb"},"inLanguage":"pt-BR","potentialAction":[{"@type":"ReadAction","target":["https:\/\/uvbbrasil.com.br\/encontro-brasileiro-de-vereadores-em-florianopolis-sc-de-26-a-29-de-outubro\/"]}]},{"@type":"ImageObject","inLanguage":"pt-BR","@id":"https:\/\/uvbbrasil.com.br\/encontro-brasileiro-de-vereadores-em-florianopolis-sc-de-26-a-29-de-outubro\/#primaryimage","url":"https:\/\/uvbbrasil.com.br\/wp-content\/uploads\/2021\/09\/WhatsApp-Image-2021-09-16-at-11.54.05.jpeg","contentUrl":"https:\/\/uvbbrasil.com.br\/wp-content\/uploads\/2021\/09\/WhatsApp-Image-2021-09-16-at-11.54.05.jpeg","width":1280,"height":1280},{"@type":"BreadcrumbList","@id":"https:\/\/uvbbrasil.com.br\/encontro-brasileiro-de-vereadores-em-florianopolis-sc-de-26-a-29-de-outubro\/#breadcrumb","itemListElement":[{"@type":"ListItem","position":1,"name":"In\u00edcio","item":"https:\/\/uvbbrasil.com.br\/"},{"@type":"ListItem","position":2,"name":"ENCONTRO BRASILEIRO DE VEREADORES EM FLORIANOPOLIS\/SC"}]},{"@type":"WebSite","@id":"https:\/\/uvbbrasil.com.br\/#website","url":"https:\/\/uvbbrasil.com.br\/","name":"UVB Brasil","description":"Uni\u00e3o dos Vereadores do Brasil","publisher":{"@id":"https:\/\/uvbbrasil.com.br\/#organization"},"potentialAction":[{"@type":"SearchAction","target":{"@type":"EntryPoint","urlTemplate":"https:\/\/uvbbrasil.com.br\/?s={search_term_string}"},"query-input":{"@type":"PropertyValueSpecification","valueRequired":true,"valueName":"search_term_string"}}],"inLanguage":"pt-BR"},{"@type":"Organization","@id":"https:\/\/uvbbrasil.com.br\/#organization","name":"UVB Brasil","url":"https:\/\/uvbbrasil.com.br\/","logo":{"@type":"ImageObject","inLanguage":"pt-BR","@id":"https:\/\/uvbbrasil.com.br\/#\/schema\/logo\/image\/","url":"https:\/\/uvbbrasil.com.br\/wp-content\/uploads\/2025\/01\/LOGO-UVB-2024-azul-1.jpg","contentUrl":"https:\/\/uvbbrasil.com.br\/wp-content\/uploads\/2025\/01\/LOGO-UVB-2024-azul-1.jpg","width":600,"height":211,"caption":"UVB Brasil"},"image":{"@id":"https:\/\/uvbbrasil.com.br\/#\/schema\/logo\/image\/"},"sameAs":["https:\/\/www.facebook.com\/uvb.vereadoresbrasil","https:\/\/www.instagram.com\/uvbbrasil\/","https:\/\/www.youtube.com\/channel\/UCIlPQ8Xzw5GHNzosQIg9S5A"]},{"@type":"Person","@id":"https:\/\/uvbbrasil.com.br\/#\/schema\/person\/17990098446c098f52effddff4f1b272","name":"adminuvb","image":{"@type":"ImageObject","inLanguage":"pt-BR","@id":"https:\/\/uvbbrasil.com.br\/#\/schema\/person\/image\/","url":"https:\/\/secure.gravatar.com\/avatar\/1a494ea6f8e2dd1ae526e55b0e9497efdba542491e0620d704cccf63c6f77c45?s=96&d=mm&r=g","contentUrl":"https:\/\/secure.gravatar.com\/avatar\/1a494ea6f8e2dd1ae526e55b0e9497efdba542491e0620d704cccf63c6f77c45?s=96&d=mm&r=g","caption":"adminuvb"},"sameAs":["https:\/\/uvbbrasil.com.br"],"url":"https:\/\/uvbbrasil.com.br\/author\/adminuvb\/"}]}},"_links":{"self":[{"href":"https:\/\/uvbbrasil.com.br\/uvb-json\/wp\/v2\/posts\/23561","targetHints":{"allow":["GET"]}}],"collection":[{"href":"https:\/\/uvbbrasil.com.br\/uvb-json\/wp\/v2\/posts"}],"about":[{"href":"https:\/\/uvbbrasil.com.br\/uvb-json\/wp\/v2\/types\/post"}],"author":[{"embeddable":true,"href":"https:\/\/uvbbrasil.com.br\/uvb-json\/wp\/v2\/users\/1"}],"replies":[{"embeddable":true,"href":"https:\/\/uvbbrasil.com.br\/uvb-json\/wp\/v2\/comments?post=23561"}],"version-history":[{"count":0,"href":"https:\/\/uvbbrasil.com.br\/uvb-json\/wp\/v2\/posts\/23561\/revisions"}],"wp:featuredmedia":[{"embeddable":true,"href":"https:\/\/uvbbrasil.com.br\/uvb-json\/wp\/v2\/media\/23559"}],"wp:attachment":[{"href":"https:\/\/uvbbrasil.com.br\/uvb-json\/wp\/v2\/media?parent=23561"}],"wp:term":[{"taxonomy":"category","embeddable":true,"href":"https:\/\/uvbbrasil.com.br\/uvb-json\/wp\/v2\/categories?post=23561"},{"taxonomy":"post_tag","embeddable":true,"href":"https:\/\/uvbbrasil.com.br\/uvb-json\/wp\/v2\/tags?post=23561"}],"curies":[{"name":"wp","href":"https:\/\/api.w.org\/{rel}","templated":true}]}}