{"id":23552,"date":"2021-09-16T14:50:19","date_gmt":"2021-09-16T17:50:19","guid":{"rendered":"https:\/\/wpsandbox4.pante.com.br\/?p=23552"},"modified":"2021-09-16T14:50:19","modified_gmt":"2021-09-16T17:50:19","slug":"uvb-promove-capacitacao-legislativa-com-foco-na-comunicacao-na-capital-federal","status":"publish","type":"post","link":"https:\/\/uvbbrasil.com.br\/uvb-promove-capacitacao-legislativa-com-foco-na-comunicacao-na-capital-federal\/","title":{"rendered":"UVB promove capacita\u00e7\u00e3o legislativa com foco na comunica\u00e7\u00e3o na Capital Federal"},"content":{"rendered":"<p>A Uni\u00e3o dos Vereadores do Brasil\/UVB, com a organiza\u00e7\u00e3o e realiza\u00e7\u00e3o da Plen\u00e1ria Assessoria, promove capacita\u00e7\u00e3o legislativa com foco na comunica\u00e7\u00e3o aos vereadores e vereadoras do Brasil. A media\u00e7\u00e3o ser\u00e1 da jornalista e mestranda em Estudos<br \/>\nda M\u00eddia na UFRN, que possui mais de 20 anos de experi\u00eancia em telejornalismo. Renata Passos \u00e9 Palestrante, professora de M\u00eddia Training e Orat\u00f3ria Persuasiva na Escola da Assembleia<br \/>\ndo RN.<br \/>\nTamb\u00e9m vamos contar com Silvia Thaine, advogada radicada em Goi\u00e2nia\/GO, que vai tratar dos aspectos jur\u00eddicos da publicidade como aplica\u00e7\u00e3o a comunica\u00e7\u00e3o para evolu\u00e7\u00e3o jur\u00eddica da sociedade, aspectos legais da comunica\u00e7\u00e3o que d\u00ea resultados positivos para a exerc\u00edcio da cidadania.<br \/>\nJ\u00e1 o professor Lu\u00eds Fernando Pires Machado vai palestrar sobre a lei que ensina fazer leis. Lu\u00eds Fernando \u00e9 coordenador geral do INTERLEGIS\/ILB do Senado Federal.<\/p>\n<p>Valorizar a imagem do seu mandato potencializando a intera\u00e7\u00e3o com o p\u00fablico do munic\u00edpio, ao mesmo tempo em que estudar a legisla\u00e7\u00e3o da comunica\u00e7\u00e3o e cidadania, com conte\u00fado pr\u00e1tico e te\u00f3rico que ir\u00e3o capacitar o mandato de homens e mulheres que buscam o diferencial competitivo,<br \/>\nde forma a transmitir preparo e credibilidade junto \u00e0 opini\u00e3o p\u00fablica, fazendo um mandato de excel\u00eancia na pr\u00e1tica, dentro da lei e com uma comunica\u00e7\u00e3o que transmita aos cidad\u00e3os e cidad\u00e3s o respeito e o trabalho legislativo.<\/p>\n<p>Respeitando todos os protocolos sanit\u00e1rios e decretos do Governo do Distrito federal o curso ser\u00e1 realizado de 09 a 12 de Novembro no hotel Bras\u00edlia Imperial, as inscri\u00e7\u00f5es dever\u00e3o ser realizadas pelo site da UVB.<\/p>\n<p>P\u00fablico Alvo:<br \/>\nVereadores, Vereadoras, Diretores(as), Procuradores(as), Assessores(as) e Servidores(as) de C\u00e2maras Municipais, Prefeitos(as), Vice-Prefeitos(as), secret\u00e1rios(as) municipais, procuradores(as) jur\u00eddicos municipais e assessores(as) de prefeituras municipais, estudantes e demais interessados nas mat\u00e9rias apresentadas.<\/p>\n<p>Investimento: R$ 590,00- por inscri\u00e7\u00e3o<\/p>\n<p>Maiores informa\u00e7\u00f5es pelos Contatos: (55) 99644-9022- Fernando Radaelli e (51) 98033-1642- Thain\u00e1 Leite<\/p>\n<p><a href=\"https:\/\/uvbbrasil.com.br\/?attachment_id=23555\" rel=\"attachment wp-att-23555\"><img fetchpriority=\"high\" decoding=\"async\" class=\"aligncenter size-full wp-image-23555\" src=\"https:\/\/uvbbrasil.com.br\/wp-content\/uploads\/2021\/09\/WhatsApp-Image-2021-09-16-at-13.40.48.jpeg\" alt=\"\" width=\"1280\" height=\"1280\" srcset=\"https:\/\/uvbbrasil.com.br\/wp-content\/uploads\/2021\/09\/WhatsApp-Image-2021-09-16-at-13.40.48.jpeg 1280w, https:\/\/uvbbrasil.com.br\/wp-content\/uploads\/2021\/09\/WhatsApp-Image-2021-09-16-at-13.40.48-300x300.jpeg 300w, https:\/\/uvbbrasil.com.br\/wp-content\/uploads\/2021\/09\/WhatsApp-Image-2021-09-16-at-13.40.48-1024x1024.jpeg 1024w, https:\/\/uvbbrasil.com.br\/wp-content\/uploads\/2021\/09\/WhatsApp-Image-2021-09-16-at-13.40.48-150x150.jpeg 150w, https:\/\/uvbbrasil.com.br\/wp-content\/uploads\/2021\/09\/WhatsApp-Image-2021-09-16-at-13.40.48-768x768.jpeg 768w\" sizes=\"(max-width: 1280px) 100vw, 1280px\" \/><\/a><\/p>\n<p style=\"text-align: center;\">\n","protected":false},"excerpt":{"rendered":"<p>A Uni\u00e3o dos Vereadores do Brasil\/UVB, com a organiza\u00e7\u00e3o e realiza\u00e7\u00e3o da Plen\u00e1ria Assessoria, promove capacita\u00e7\u00e3o legislativa com foco na&#8230;<\/p>\n","protected":false},"author":1,"featured_media":23555,"comment_status":"open","ping_status":"open","sticky":false,"template":"","format":"standard","meta":{"footnotes":""},"categories":[3,4],"tags":[],"class_list":["post-23552","post","type-post","status-publish","format-standard","has-post-thumbnail","hentry","category-noticias","category-home"],"yoast_head":"<!-- This site is optimized with the Yoast SEO plugin v26.7 - https:\/\/yoast.com\/wordpress\/plugins\/seo\/ -->\n<title>UVB promove capacita\u00e7\u00e3o legislativa com foco na comunica\u00e7\u00e3o na Capital Federal - UVB Brasil<\/title>\n<meta name=\"robots\" content=\"index, follow, max-snippet:-1, max-image-preview:large, max-video-preview:-1\" \/>\n<link rel=\"canonical\" href=\"https:\/\/uvbbrasil.com.br\/uvb-promove-capacitacao-legislativa-com-foco-na-comunicacao-na-capital-federal\/\" \/>\n<meta property=\"og:locale\" content=\"pt_BR\" \/>\n<meta property=\"og:type\" content=\"article\" \/>\n<meta property=\"og:title\" content=\"UVB promove capacita\u00e7\u00e3o legislativa com foco na comunica\u00e7\u00e3o na Capital Federal - UVB Brasil\" \/>\n<meta property=\"og:description\" content=\"A Uni\u00e3o dos Vereadores do Brasil\/UVB, com a organiza\u00e7\u00e3o e realiza\u00e7\u00e3o da Plen\u00e1ria Assessoria, promove capacita\u00e7\u00e3o legislativa com foco na...\" \/>\n<meta property=\"og:url\" content=\"https:\/\/uvbbrasil.com.br\/uvb-promove-capacitacao-legislativa-com-foco-na-comunicacao-na-capital-federal\/\" \/>\n<meta property=\"og:site_name\" content=\"UVB Brasil\" \/>\n<meta property=\"article:publisher\" content=\"https:\/\/www.facebook.com\/uvb.vereadoresbrasil\" \/>\n<meta property=\"article:published_time\" content=\"2021-09-16T17:50:19+00:00\" \/>\n<meta property=\"og:image\" content=\"https:\/\/uvbbrasil.com.br\/wp-content\/uploads\/2021\/09\/WhatsApp-Image-2021-09-16-at-13.40.48.jpeg\" \/>\n\t<meta property=\"og:image:width\" content=\"1280\" \/>\n\t<meta property=\"og:image:height\" content=\"1280\" \/>\n\t<meta property=\"og:image:type\" content=\"image\/jpeg\" \/>\n<meta name=\"author\" content=\"adminuvb\" \/>\n<meta name=\"twitter:card\" content=\"summary_large_image\" \/>\n<meta name=\"twitter:label1\" content=\"Escrito por\" \/>\n\t<meta name=\"twitter:data1\" content=\"adminuvb\" \/>\n\t<meta name=\"twitter:label2\" content=\"Est. tempo de leitura\" \/>\n\t<meta name=\"twitter:data2\" content=\"2 minutos\" \/>\n<script type=\"application\/ld+json\" class=\"yoast-schema-graph\">{\"@context\":\"https:\/\/schema.org\",\"@graph\":[{\"@type\":\"Article\",\"@id\":\"https:\/\/uvbbrasil.com.br\/uvb-promove-capacitacao-legislativa-com-foco-na-comunicacao-na-capital-federal\/#article\",\"isPartOf\":{\"@id\":\"https:\/\/uvbbrasil.com.br\/uvb-promove-capacitacao-legislativa-com-foco-na-comunicacao-na-capital-federal\/\"},\"author\":{\"name\":\"adminuvb\",\"@id\":\"https:\/\/uvbbrasil.com.br\/#\/schema\/person\/17990098446c098f52effddff4f1b272\"},\"headline\":\"UVB promove capacita\u00e7\u00e3o legislativa com foco na comunica\u00e7\u00e3o na Capital Federal\",\"datePublished\":\"2021-09-16T17:50:19+00:00\",\"mainEntityOfPage\":{\"@id\":\"https:\/\/uvbbrasil.com.br\/uvb-promove-capacitacao-legislativa-com-foco-na-comunicacao-na-capital-federal\/\"},\"wordCount\":367,\"commentCount\":0,\"publisher\":{\"@id\":\"https:\/\/uvbbrasil.com.br\/#organization\"},\"image\":{\"@id\":\"https:\/\/uvbbrasil.com.br\/uvb-promove-capacitacao-legislativa-com-foco-na-comunicacao-na-capital-federal\/#primaryimage\"},\"thumbnailUrl\":\"https:\/\/uvbbrasil.com.br\/wp-content\/uploads\/2021\/09\/WhatsApp-Image-2021-09-16-at-13.40.48.jpeg\",\"articleSection\":[\"NOT\u00cdCIAS\",\"UVB\"],\"inLanguage\":\"pt-BR\",\"potentialAction\":[{\"@type\":\"CommentAction\",\"name\":\"Comment\",\"target\":[\"https:\/\/uvbbrasil.com.br\/uvb-promove-capacitacao-legislativa-com-foco-na-comunicacao-na-capital-federal\/#respond\"]}]},{\"@type\":\"WebPage\",\"@id\":\"https:\/\/uvbbrasil.com.br\/uvb-promove-capacitacao-legislativa-com-foco-na-comunicacao-na-capital-federal\/\",\"url\":\"https:\/\/uvbbrasil.com.br\/uvb-promove-capacitacao-legislativa-com-foco-na-comunicacao-na-capital-federal\/\",\"name\":\"UVB promove capacita\u00e7\u00e3o legislativa com foco na comunica\u00e7\u00e3o na Capital Federal - UVB Brasil\",\"isPartOf\":{\"@id\":\"https:\/\/uvbbrasil.com.br\/#website\"},\"primaryImageOfPage\":{\"@id\":\"https:\/\/uvbbrasil.com.br\/uvb-promove-capacitacao-legislativa-com-foco-na-comunicacao-na-capital-federal\/#primaryimage\"},\"image\":{\"@id\":\"https:\/\/uvbbrasil.com.br\/uvb-promove-capacitacao-legislativa-com-foco-na-comunicacao-na-capital-federal\/#primaryimage\"},\"thumbnailUrl\":\"https:\/\/uvbbrasil.com.br\/wp-content\/uploads\/2021\/09\/WhatsApp-Image-2021-09-16-at-13.40.48.jpeg\",\"datePublished\":\"2021-09-16T17:50:19+00:00\",\"breadcrumb\":{\"@id\":\"https:\/\/uvbbrasil.com.br\/uvb-promove-capacitacao-legislativa-com-foco-na-comunicacao-na-capital-federal\/#breadcrumb\"},\"inLanguage\":\"pt-BR\",\"potentialAction\":[{\"@type\":\"ReadAction\",\"target\":[\"https:\/\/uvbbrasil.com.br\/uvb-promove-capacitacao-legislativa-com-foco-na-comunicacao-na-capital-federal\/\"]}]},{\"@type\":\"ImageObject\",\"inLanguage\":\"pt-BR\",\"@id\":\"https:\/\/uvbbrasil.com.br\/uvb-promove-capacitacao-legislativa-com-foco-na-comunicacao-na-capital-federal\/#primaryimage\",\"url\":\"https:\/\/uvbbrasil.com.br\/wp-content\/uploads\/2021\/09\/WhatsApp-Image-2021-09-16-at-13.40.48.jpeg\",\"contentUrl\":\"https:\/\/uvbbrasil.com.br\/wp-content\/uploads\/2021\/09\/WhatsApp-Image-2021-09-16-at-13.40.48.jpeg\",\"width\":1280,\"height\":1280},{\"@type\":\"BreadcrumbList\",\"@id\":\"https:\/\/uvbbrasil.com.br\/uvb-promove-capacitacao-legislativa-com-foco-na-comunicacao-na-capital-federal\/#breadcrumb\",\"itemListElement\":[{\"@type\":\"ListItem\",\"position\":1,\"name\":\"In\u00edcio\",\"item\":\"https:\/\/uvbbrasil.com.br\/\"},{\"@type\":\"ListItem\",\"position\":2,\"name\":\"UVB promove capacita\u00e7\u00e3o legislativa com foco na comunica\u00e7\u00e3o na Capital Federal\"}]},{\"@type\":\"WebSite\",\"@id\":\"https:\/\/uvbbrasil.com.br\/#website\",\"url\":\"https:\/\/uvbbrasil.com.br\/\",\"name\":\"UVB Brasil\",\"description\":\"Uni\u00e3o dos Vereadores do Brasil\",\"publisher\":{\"@id\":\"https:\/\/uvbbrasil.com.br\/#organization\"},\"potentialAction\":[{\"@type\":\"SearchAction\",\"target\":{\"@type\":\"EntryPoint\",\"urlTemplate\":\"https:\/\/uvbbrasil.com.br\/?s={search_term_string}\"},\"query-input\":{\"@type\":\"PropertyValueSpecification\",\"valueRequired\":true,\"valueName\":\"search_term_string\"}}],\"inLanguage\":\"pt-BR\"},{\"@type\":\"Organization\",\"@id\":\"https:\/\/uvbbrasil.com.br\/#organization\",\"name\":\"UVB Brasil\",\"url\":\"https:\/\/uvbbrasil.com.br\/\",\"logo\":{\"@type\":\"ImageObject\",\"inLanguage\":\"pt-BR\",\"@id\":\"https:\/\/uvbbrasil.com.br\/#\/schema\/logo\/image\/\",\"url\":\"https:\/\/uvbbrasil.com.br\/wp-content\/uploads\/2025\/01\/LOGO-UVB-2024-azul-1.jpg\",\"contentUrl\":\"https:\/\/uvbbrasil.com.br\/wp-content\/uploads\/2025\/01\/LOGO-UVB-2024-azul-1.jpg\",\"width\":600,\"height\":211,\"caption\":\"UVB Brasil\"},\"image\":{\"@id\":\"https:\/\/uvbbrasil.com.br\/#\/schema\/logo\/image\/\"},\"sameAs\":[\"https:\/\/www.facebook.com\/uvb.vereadoresbrasil\",\"https:\/\/www.instagram.com\/uvbbrasil\/\",\"https:\/\/www.youtube.com\/channel\/UCIlPQ8Xzw5GHNzosQIg9S5A\"]},{\"@type\":\"Person\",\"@id\":\"https:\/\/uvbbrasil.com.br\/#\/schema\/person\/17990098446c098f52effddff4f1b272\",\"name\":\"adminuvb\",\"image\":{\"@type\":\"ImageObject\",\"inLanguage\":\"pt-BR\",\"@id\":\"https:\/\/uvbbrasil.com.br\/#\/schema\/person\/image\/\",\"url\":\"https:\/\/secure.gravatar.com\/avatar\/1a494ea6f8e2dd1ae526e55b0e9497efdba542491e0620d704cccf63c6f77c45?s=96&d=mm&r=g\",\"contentUrl\":\"https:\/\/secure.gravatar.com\/avatar\/1a494ea6f8e2dd1ae526e55b0e9497efdba542491e0620d704cccf63c6f77c45?s=96&d=mm&r=g\",\"caption\":\"adminuvb\"},\"sameAs\":[\"https:\/\/uvbbrasil.com.br\"],\"url\":\"https:\/\/uvbbrasil.com.br\/author\/adminuvb\/\"}]}<\/script>\n<!-- \/ Yoast SEO plugin. -->","yoast_head_json":{"title":"UVB promove capacita\u00e7\u00e3o legislativa com foco na comunica\u00e7\u00e3o na Capital Federal - UVB Brasil","robots":{"index":"index","follow":"follow","max-snippet":"max-snippet:-1","max-image-preview":"max-image-preview:large","max-video-preview":"max-video-preview:-1"},"canonical":"https:\/\/uvbbrasil.com.br\/uvb-promove-capacitacao-legislativa-com-foco-na-comunicacao-na-capital-federal\/","og_locale":"pt_BR","og_type":"article","og_title":"UVB promove capacita\u00e7\u00e3o legislativa com foco na comunica\u00e7\u00e3o na Capital Federal - UVB Brasil","og_description":"A Uni\u00e3o dos Vereadores do Brasil\/UVB, com a organiza\u00e7\u00e3o e realiza\u00e7\u00e3o da Plen\u00e1ria Assessoria, promove capacita\u00e7\u00e3o legislativa com foco na...","og_url":"https:\/\/uvbbrasil.com.br\/uvb-promove-capacitacao-legislativa-com-foco-na-comunicacao-na-capital-federal\/","og_site_name":"UVB Brasil","article_publisher":"https:\/\/www.facebook.com\/uvb.vereadoresbrasil","article_published_time":"2021-09-16T17:50:19+00:00","og_image":[{"width":1280,"height":1280,"url":"https:\/\/uvbbrasil.com.br\/wp-content\/uploads\/2021\/09\/WhatsApp-Image-2021-09-16-at-13.40.48.jpeg","type":"image\/jpeg"}],"author":"adminuvb","twitter_card":"summary_large_image","twitter_misc":{"Escrito por":"adminuvb","Est. tempo de leitura":"2 minutos"},"schema":{"@context":"https:\/\/schema.org","@graph":[{"@type":"Article","@id":"https:\/\/uvbbrasil.com.br\/uvb-promove-capacitacao-legislativa-com-foco-na-comunicacao-na-capital-federal\/#article","isPartOf":{"@id":"https:\/\/uvbbrasil.com.br\/uvb-promove-capacitacao-legislativa-com-foco-na-comunicacao-na-capital-federal\/"},"author":{"name":"adminuvb","@id":"https:\/\/uvbbrasil.com.br\/#\/schema\/person\/17990098446c098f52effddff4f1b272"},"headline":"UVB promove capacita\u00e7\u00e3o legislativa com foco na comunica\u00e7\u00e3o na Capital Federal","datePublished":"2021-09-16T17:50:19+00:00","mainEntityOfPage":{"@id":"https:\/\/uvbbrasil.com.br\/uvb-promove-capacitacao-legislativa-com-foco-na-comunicacao-na-capital-federal\/"},"wordCount":367,"commentCount":0,"publisher":{"@id":"https:\/\/uvbbrasil.com.br\/#organization"},"image":{"@id":"https:\/\/uvbbrasil.com.br\/uvb-promove-capacitacao-legislativa-com-foco-na-comunicacao-na-capital-federal\/#primaryimage"},"thumbnailUrl":"https:\/\/uvbbrasil.com.br\/wp-content\/uploads\/2021\/09\/WhatsApp-Image-2021-09-16-at-13.40.48.jpeg","articleSection":["NOT\u00cdCIAS","UVB"],"inLanguage":"pt-BR","potentialAction":[{"@type":"CommentAction","name":"Comment","target":["https:\/\/uvbbrasil.com.br\/uvb-promove-capacitacao-legislativa-com-foco-na-comunicacao-na-capital-federal\/#respond"]}]},{"@type":"WebPage","@id":"https:\/\/uvbbrasil.com.br\/uvb-promove-capacitacao-legislativa-com-foco-na-comunicacao-na-capital-federal\/","url":"https:\/\/uvbbrasil.com.br\/uvb-promove-capacitacao-legislativa-com-foco-na-comunicacao-na-capital-federal\/","name":"UVB promove capacita\u00e7\u00e3o legislativa com foco na comunica\u00e7\u00e3o na Capital Federal - UVB Brasil","isPartOf":{"@id":"https:\/\/uvbbrasil.com.br\/#website"},"primaryImageOfPage":{"@id":"https:\/\/uvbbrasil.com.br\/uvb-promove-capacitacao-legislativa-com-foco-na-comunicacao-na-capital-federal\/#primaryimage"},"image":{"@id":"https:\/\/uvbbrasil.com.br\/uvb-promove-capacitacao-legislativa-com-foco-na-comunicacao-na-capital-federal\/#primaryimage"},"thumbnailUrl":"https:\/\/uvbbrasil.com.br\/wp-content\/uploads\/2021\/09\/WhatsApp-Image-2021-09-16-at-13.40.48.jpeg","datePublished":"2021-09-16T17:50:19+00:00","breadcrumb":{"@id":"https:\/\/uvbbrasil.com.br\/uvb-promove-capacitacao-legislativa-com-foco-na-comunicacao-na-capital-federal\/#breadcrumb"},"inLanguage":"pt-BR","potentialAction":[{"@type":"ReadAction","target":["https:\/\/uvbbrasil.com.br\/uvb-promove-capacitacao-legislativa-com-foco-na-comunicacao-na-capital-federal\/"]}]},{"@type":"ImageObject","inLanguage":"pt-BR","@id":"https:\/\/uvbbrasil.com.br\/uvb-promove-capacitacao-legislativa-com-foco-na-comunicacao-na-capital-federal\/#primaryimage","url":"https:\/\/uvbbrasil.com.br\/wp-content\/uploads\/2021\/09\/WhatsApp-Image-2021-09-16-at-13.40.48.jpeg","contentUrl":"https:\/\/uvbbrasil.com.br\/wp-content\/uploads\/2021\/09\/WhatsApp-Image-2021-09-16-at-13.40.48.jpeg","width":1280,"height":1280},{"@type":"BreadcrumbList","@id":"https:\/\/uvbbrasil.com.br\/uvb-promove-capacitacao-legislativa-com-foco-na-comunicacao-na-capital-federal\/#breadcrumb","itemListElement":[{"@type":"ListItem","position":1,"name":"In\u00edcio","item":"https:\/\/uvbbrasil.com.br\/"},{"@type":"ListItem","position":2,"name":"UVB promove capacita\u00e7\u00e3o legislativa com foco na comunica\u00e7\u00e3o na Capital Federal"}]},{"@type":"WebSite","@id":"https:\/\/uvbbrasil.com.br\/#website","url":"https:\/\/uvbbrasil.com.br\/","name":"UVB Brasil","description":"Uni\u00e3o dos Vereadores do Brasil","publisher":{"@id":"https:\/\/uvbbrasil.com.br\/#organization"},"potentialAction":[{"@type":"SearchAction","target":{"@type":"EntryPoint","urlTemplate":"https:\/\/uvbbrasil.com.br\/?s={search_term_string}"},"query-input":{"@type":"PropertyValueSpecification","valueRequired":true,"valueName":"search_term_string"}}],"inLanguage":"pt-BR"},{"@type":"Organization","@id":"https:\/\/uvbbrasil.com.br\/#organization","name":"UVB Brasil","url":"https:\/\/uvbbrasil.com.br\/","logo":{"@type":"ImageObject","inLanguage":"pt-BR","@id":"https:\/\/uvbbrasil.com.br\/#\/schema\/logo\/image\/","url":"https:\/\/uvbbrasil.com.br\/wp-content\/uploads\/2025\/01\/LOGO-UVB-2024-azul-1.jpg","contentUrl":"https:\/\/uvbbrasil.com.br\/wp-content\/uploads\/2025\/01\/LOGO-UVB-2024-azul-1.jpg","width":600,"height":211,"caption":"UVB Brasil"},"image":{"@id":"https:\/\/uvbbrasil.com.br\/#\/schema\/logo\/image\/"},"sameAs":["https:\/\/www.facebook.com\/uvb.vereadoresbrasil","https:\/\/www.instagram.com\/uvbbrasil\/","https:\/\/www.youtube.com\/channel\/UCIlPQ8Xzw5GHNzosQIg9S5A"]},{"@type":"Person","@id":"https:\/\/uvbbrasil.com.br\/#\/schema\/person\/17990098446c098f52effddff4f1b272","name":"adminuvb","image":{"@type":"ImageObject","inLanguage":"pt-BR","@id":"https:\/\/uvbbrasil.com.br\/#\/schema\/person\/image\/","url":"https:\/\/secure.gravatar.com\/avatar\/1a494ea6f8e2dd1ae526e55b0e9497efdba542491e0620d704cccf63c6f77c45?s=96&d=mm&r=g","contentUrl":"https:\/\/secure.gravatar.com\/avatar\/1a494ea6f8e2dd1ae526e55b0e9497efdba542491e0620d704cccf63c6f77c45?s=96&d=mm&r=g","caption":"adminuvb"},"sameAs":["https:\/\/uvbbrasil.com.br"],"url":"https:\/\/uvbbrasil.com.br\/author\/adminuvb\/"}]}},"_links":{"self":[{"href":"https:\/\/uvbbrasil.com.br\/uvb-json\/wp\/v2\/posts\/23552","targetHints":{"allow":["GET"]}}],"collection":[{"href":"https:\/\/uvbbrasil.com.br\/uvb-json\/wp\/v2\/posts"}],"about":[{"href":"https:\/\/uvbbrasil.com.br\/uvb-json\/wp\/v2\/types\/post"}],"author":[{"embeddable":true,"href":"https:\/\/uvbbrasil.com.br\/uvb-json\/wp\/v2\/users\/1"}],"replies":[{"embeddable":true,"href":"https:\/\/uvbbrasil.com.br\/uvb-json\/wp\/v2\/comments?post=23552"}],"version-history":[{"count":0,"href":"https:\/\/uvbbrasil.com.br\/uvb-json\/wp\/v2\/posts\/23552\/revisions"}],"wp:featuredmedia":[{"embeddable":true,"href":"https:\/\/uvbbrasil.com.br\/uvb-json\/wp\/v2\/media\/23555"}],"wp:attachment":[{"href":"https:\/\/uvbbrasil.com.br\/uvb-json\/wp\/v2\/media?parent=23552"}],"wp:term":[{"taxonomy":"category","embeddable":true,"href":"https:\/\/uvbbrasil.com.br\/uvb-json\/wp\/v2\/categories?post=23552"},{"taxonomy":"post_tag","embeddable":true,"href":"https:\/\/uvbbrasil.com.br\/uvb-json\/wp\/v2\/tags?post=23552"}],"curies":[{"name":"wp","href":"https:\/\/api.w.org\/{rel}","templated":true}]}}