{"id":23548,"date":"2021-09-16T11:54:12","date_gmt":"2021-09-16T14:54:12","guid":{"rendered":"https:\/\/wpsandbox4.pante.com.br\/?p=23548"},"modified":"2021-09-16T11:54:12","modified_gmt":"2021-09-16T14:54:12","slug":"uvepar-realiza-congresso-para-uniao-e-fortalecimento-da-vereanca-em-curitiba","status":"publish","type":"post","link":"https:\/\/uvbbrasil.com.br\/uvepar-realiza-congresso-para-uniao-e-fortalecimento-da-vereanca-em-curitiba\/","title":{"rendered":"Uvepar realiza Congresso para Uni\u00e3o e Fortalecimento da Verean\u00e7a, em Curitiba."},"content":{"rendered":"<p>Importante e hist\u00f3rico: assim definimos a solenidade de abertura do 9\u00ba Congresso de Uni\u00e3o e Fortalecimento da Verean\u00e7a<\/p>\n<p>O evento contou com diversas figuras representando o governador Ratinho Jr. e o Governo do Estado, como o secret\u00e1rio-chefe da Casa Civil, Guto Silva, o secret\u00e1rio de Estado da Sa\u00fade, Beto Preto, e o secret\u00e1rio de Desenvolvimento Sustent\u00e1vel e do Turismo, Sandro Alex, al\u00e9m do vice-prefeito de Curitiba, Eduardo Pimentel, vereadores, deputados estaduais e federais e, tamb\u00e9m, o presidente da Uni\u00e3o dos Vereadores do Brasil\/UVB, Gilson Conzatti e o Presidente da Uni\u00e3o dos Vereadores do Estado do Paran\u00e1\/Uvepar, vereador do munic\u00edpio de Peabiru, Fred Freitag.<\/p>\n<p>O tom das palavras foi de gratid\u00e3o e satisfa\u00e7\u00e3o com o trabalho dos vereadores ao redor do Paran\u00e1. Segundo Guto Silva, os vereadores t\u00eam um impacto imediato na vida da popula\u00e7\u00e3o ao promover melhorias diretas. J\u00e1 o secret\u00e1rio Sandro Alex refor\u00e7ou a import\u00e2ncia da elabora\u00e7\u00e3o de projetos: &#8220;Onde existe bons projetos, existe boas obras. Portanto, invistam em seus projetos&#8221;, pediu o secret\u00e1rio.<\/p>\n<p>Sobre a sa\u00fade, Eduardo Pimentel e Beto Preto mandaram a mesma mensagem: gra\u00e7as ao trabalho dos vereadores por todo o estado, as campanhas de vacina\u00e7\u00e3o contra a pandemia da Covid-19 est\u00e3o correndo muito bem.<a href=\"https:\/\/uvbbrasil.com.br\/?attachment_id=23549\" rel=\"attachment wp-att-23549\"><img fetchpriority=\"high\" decoding=\"async\" class=\"aligncenter size-full wp-image-23549\" src=\"https:\/\/uvbbrasil.com.br\/wp-content\/uploads\/2021\/09\/242037373_1811370039054251_6567440314471787531_n.png\" alt=\"\" width=\"522\" height=\"522\" srcset=\"https:\/\/uvbbrasil.com.br\/wp-content\/uploads\/2021\/09\/242037373_1811370039054251_6567440314471787531_n.png 522w, https:\/\/uvbbrasil.com.br\/wp-content\/uploads\/2021\/09\/242037373_1811370039054251_6567440314471787531_n-300x300.png 300w, https:\/\/uvbbrasil.com.br\/wp-content\/uploads\/2021\/09\/242037373_1811370039054251_6567440314471787531_n-150x150.png 150w\" sizes=\"(max-width: 522px) 100vw, 522px\" \/><\/a><\/p>\n","protected":false},"excerpt":{"rendered":"<p>Importante e hist\u00f3rico: assim definimos a solenidade de abertura do 9\u00ba Congresso de Uni\u00e3o e Fortalecimento da Verean\u00e7a O evento&#8230;<\/p>\n","protected":false},"author":1,"featured_media":23549,"comment_status":"open","ping_status":"open","sticky":false,"template":"","format":"standard","meta":{"footnotes":""},"categories":[3],"tags":[],"class_list":["post-23548","post","type-post","status-publish","format-standard","has-post-thumbnail","hentry","category-noticias"],"yoast_head":"<!-- This site is optimized with the Yoast SEO plugin v26.7 - https:\/\/yoast.com\/wordpress\/plugins\/seo\/ -->\n<title>Uvepar realiza Congresso para Uni\u00e3o e Fortalecimento da Verean\u00e7a, em Curitiba. - UVB Brasil<\/title>\n<meta name=\"robots\" content=\"index, follow, max-snippet:-1, max-image-preview:large, max-video-preview:-1\" \/>\n<link rel=\"canonical\" href=\"https:\/\/uvbbrasil.com.br\/uvepar-realiza-congresso-para-uniao-e-fortalecimento-da-vereanca-em-curitiba\/\" \/>\n<meta property=\"og:locale\" content=\"pt_BR\" \/>\n<meta property=\"og:type\" content=\"article\" \/>\n<meta property=\"og:title\" content=\"Uvepar realiza Congresso para Uni\u00e3o e Fortalecimento da Verean\u00e7a, em Curitiba. - UVB Brasil\" \/>\n<meta property=\"og:description\" content=\"Importante e hist\u00f3rico: assim definimos a solenidade de abertura do 9\u00ba Congresso de Uni\u00e3o e Fortalecimento da Verean\u00e7a O evento...\" \/>\n<meta property=\"og:url\" content=\"https:\/\/uvbbrasil.com.br\/uvepar-realiza-congresso-para-uniao-e-fortalecimento-da-vereanca-em-curitiba\/\" \/>\n<meta property=\"og:site_name\" content=\"UVB Brasil\" \/>\n<meta property=\"article:publisher\" content=\"https:\/\/www.facebook.com\/uvb.vereadoresbrasil\" \/>\n<meta property=\"article:published_time\" content=\"2021-09-16T14:54:12+00:00\" \/>\n<meta property=\"og:image\" content=\"https:\/\/uvbbrasil.com.br\/wp-content\/uploads\/2021\/09\/242037373_1811370039054251_6567440314471787531_n.png\" \/>\n\t<meta property=\"og:image:width\" content=\"522\" \/>\n\t<meta property=\"og:image:height\" content=\"522\" \/>\n\t<meta property=\"og:image:type\" content=\"image\/png\" \/>\n<meta name=\"author\" content=\"adminuvb\" \/>\n<meta name=\"twitter:card\" content=\"summary_large_image\" \/>\n<meta name=\"twitter:label1\" content=\"Escrito por\" \/>\n\t<meta name=\"twitter:data1\" content=\"adminuvb\" \/>\n\t<meta name=\"twitter:label2\" content=\"Est. tempo de leitura\" \/>\n\t<meta name=\"twitter:data2\" content=\"2 minutos\" \/>\n<script type=\"application\/ld+json\" class=\"yoast-schema-graph\">{\"@context\":\"https:\/\/schema.org\",\"@graph\":[{\"@type\":\"Article\",\"@id\":\"https:\/\/uvbbrasil.com.br\/uvepar-realiza-congresso-para-uniao-e-fortalecimento-da-vereanca-em-curitiba\/#article\",\"isPartOf\":{\"@id\":\"https:\/\/uvbbrasil.com.br\/uvepar-realiza-congresso-para-uniao-e-fortalecimento-da-vereanca-em-curitiba\/\"},\"author\":{\"name\":\"adminuvb\",\"@id\":\"https:\/\/uvbbrasil.com.br\/#\/schema\/person\/17990098446c098f52effddff4f1b272\"},\"headline\":\"Uvepar realiza Congresso para Uni\u00e3o e Fortalecimento da Verean\u00e7a, em Curitiba.\",\"datePublished\":\"2021-09-16T14:54:12+00:00\",\"mainEntityOfPage\":{\"@id\":\"https:\/\/uvbbrasil.com.br\/uvepar-realiza-congresso-para-uniao-e-fortalecimento-da-vereanca-em-curitiba\/\"},\"wordCount\":239,\"commentCount\":0,\"publisher\":{\"@id\":\"https:\/\/uvbbrasil.com.br\/#organization\"},\"image\":{\"@id\":\"https:\/\/uvbbrasil.com.br\/uvepar-realiza-congresso-para-uniao-e-fortalecimento-da-vereanca-em-curitiba\/#primaryimage\"},\"thumbnailUrl\":\"https:\/\/uvbbrasil.com.br\/wp-content\/uploads\/2021\/09\/242037373_1811370039054251_6567440314471787531_n.png\",\"articleSection\":[\"NOT\u00cdCIAS\"],\"inLanguage\":\"pt-BR\",\"potentialAction\":[{\"@type\":\"CommentAction\",\"name\":\"Comment\",\"target\":[\"https:\/\/uvbbrasil.com.br\/uvepar-realiza-congresso-para-uniao-e-fortalecimento-da-vereanca-em-curitiba\/#respond\"]}]},{\"@type\":\"WebPage\",\"@id\":\"https:\/\/uvbbrasil.com.br\/uvepar-realiza-congresso-para-uniao-e-fortalecimento-da-vereanca-em-curitiba\/\",\"url\":\"https:\/\/uvbbrasil.com.br\/uvepar-realiza-congresso-para-uniao-e-fortalecimento-da-vereanca-em-curitiba\/\",\"name\":\"Uvepar realiza Congresso para Uni\u00e3o e Fortalecimento da Verean\u00e7a, em Curitiba. - UVB Brasil\",\"isPartOf\":{\"@id\":\"https:\/\/uvbbrasil.com.br\/#website\"},\"primaryImageOfPage\":{\"@id\":\"https:\/\/uvbbrasil.com.br\/uvepar-realiza-congresso-para-uniao-e-fortalecimento-da-vereanca-em-curitiba\/#primaryimage\"},\"image\":{\"@id\":\"https:\/\/uvbbrasil.com.br\/uvepar-realiza-congresso-para-uniao-e-fortalecimento-da-vereanca-em-curitiba\/#primaryimage\"},\"thumbnailUrl\":\"https:\/\/uvbbrasil.com.br\/wp-content\/uploads\/2021\/09\/242037373_1811370039054251_6567440314471787531_n.png\",\"datePublished\":\"2021-09-16T14:54:12+00:00\",\"breadcrumb\":{\"@id\":\"https:\/\/uvbbrasil.com.br\/uvepar-realiza-congresso-para-uniao-e-fortalecimento-da-vereanca-em-curitiba\/#breadcrumb\"},\"inLanguage\":\"pt-BR\",\"potentialAction\":[{\"@type\":\"ReadAction\",\"target\":[\"https:\/\/uvbbrasil.com.br\/uvepar-realiza-congresso-para-uniao-e-fortalecimento-da-vereanca-em-curitiba\/\"]}]},{\"@type\":\"ImageObject\",\"inLanguage\":\"pt-BR\",\"@id\":\"https:\/\/uvbbrasil.com.br\/uvepar-realiza-congresso-para-uniao-e-fortalecimento-da-vereanca-em-curitiba\/#primaryimage\",\"url\":\"https:\/\/uvbbrasil.com.br\/wp-content\/uploads\/2021\/09\/242037373_1811370039054251_6567440314471787531_n.png\",\"contentUrl\":\"https:\/\/uvbbrasil.com.br\/wp-content\/uploads\/2021\/09\/242037373_1811370039054251_6567440314471787531_n.png\",\"width\":522,\"height\":522},{\"@type\":\"BreadcrumbList\",\"@id\":\"https:\/\/uvbbrasil.com.br\/uvepar-realiza-congresso-para-uniao-e-fortalecimento-da-vereanca-em-curitiba\/#breadcrumb\",\"itemListElement\":[{\"@type\":\"ListItem\",\"position\":1,\"name\":\"In\u00edcio\",\"item\":\"https:\/\/uvbbrasil.com.br\/\"},{\"@type\":\"ListItem\",\"position\":2,\"name\":\"Uvepar realiza Congresso para Uni\u00e3o e Fortalecimento da Verean\u00e7a, em Curitiba.\"}]},{\"@type\":\"WebSite\",\"@id\":\"https:\/\/uvbbrasil.com.br\/#website\",\"url\":\"https:\/\/uvbbrasil.com.br\/\",\"name\":\"UVB Brasil\",\"description\":\"Uni\u00e3o dos Vereadores do Brasil\",\"publisher\":{\"@id\":\"https:\/\/uvbbrasil.com.br\/#organization\"},\"potentialAction\":[{\"@type\":\"SearchAction\",\"target\":{\"@type\":\"EntryPoint\",\"urlTemplate\":\"https:\/\/uvbbrasil.com.br\/?s={search_term_string}\"},\"query-input\":{\"@type\":\"PropertyValueSpecification\",\"valueRequired\":true,\"valueName\":\"search_term_string\"}}],\"inLanguage\":\"pt-BR\"},{\"@type\":\"Organization\",\"@id\":\"https:\/\/uvbbrasil.com.br\/#organization\",\"name\":\"UVB Brasil\",\"url\":\"https:\/\/uvbbrasil.com.br\/\",\"logo\":{\"@type\":\"ImageObject\",\"inLanguage\":\"pt-BR\",\"@id\":\"https:\/\/uvbbrasil.com.br\/#\/schema\/logo\/image\/\",\"url\":\"https:\/\/uvbbrasil.com.br\/wp-content\/uploads\/2025\/01\/LOGO-UVB-2024-azul-1.jpg\",\"contentUrl\":\"https:\/\/uvbbrasil.com.br\/wp-content\/uploads\/2025\/01\/LOGO-UVB-2024-azul-1.jpg\",\"width\":600,\"height\":211,\"caption\":\"UVB Brasil\"},\"image\":{\"@id\":\"https:\/\/uvbbrasil.com.br\/#\/schema\/logo\/image\/\"},\"sameAs\":[\"https:\/\/www.facebook.com\/uvb.vereadoresbrasil\",\"https:\/\/www.instagram.com\/uvbbrasil\/\",\"https:\/\/www.youtube.com\/channel\/UCIlPQ8Xzw5GHNzosQIg9S5A\"]},{\"@type\":\"Person\",\"@id\":\"https:\/\/uvbbrasil.com.br\/#\/schema\/person\/17990098446c098f52effddff4f1b272\",\"name\":\"adminuvb\",\"image\":{\"@type\":\"ImageObject\",\"inLanguage\":\"pt-BR\",\"@id\":\"https:\/\/uvbbrasil.com.br\/#\/schema\/person\/image\/\",\"url\":\"https:\/\/secure.gravatar.com\/avatar\/1a494ea6f8e2dd1ae526e55b0e9497efdba542491e0620d704cccf63c6f77c45?s=96&d=mm&r=g\",\"contentUrl\":\"https:\/\/secure.gravatar.com\/avatar\/1a494ea6f8e2dd1ae526e55b0e9497efdba542491e0620d704cccf63c6f77c45?s=96&d=mm&r=g\",\"caption\":\"adminuvb\"},\"sameAs\":[\"https:\/\/uvbbrasil.com.br\"],\"url\":\"https:\/\/uvbbrasil.com.br\/author\/adminuvb\/\"}]}<\/script>\n<!-- \/ Yoast SEO plugin. -->","yoast_head_json":{"title":"Uvepar realiza Congresso para Uni\u00e3o e Fortalecimento da Verean\u00e7a, em Curitiba. - UVB Brasil","robots":{"index":"index","follow":"follow","max-snippet":"max-snippet:-1","max-image-preview":"max-image-preview:large","max-video-preview":"max-video-preview:-1"},"canonical":"https:\/\/uvbbrasil.com.br\/uvepar-realiza-congresso-para-uniao-e-fortalecimento-da-vereanca-em-curitiba\/","og_locale":"pt_BR","og_type":"article","og_title":"Uvepar realiza Congresso para Uni\u00e3o e Fortalecimento da Verean\u00e7a, em Curitiba. - UVB Brasil","og_description":"Importante e hist\u00f3rico: assim definimos a solenidade de abertura do 9\u00ba Congresso de Uni\u00e3o e Fortalecimento da Verean\u00e7a O evento...","og_url":"https:\/\/uvbbrasil.com.br\/uvepar-realiza-congresso-para-uniao-e-fortalecimento-da-vereanca-em-curitiba\/","og_site_name":"UVB Brasil","article_publisher":"https:\/\/www.facebook.com\/uvb.vereadoresbrasil","article_published_time":"2021-09-16T14:54:12+00:00","og_image":[{"width":522,"height":522,"url":"https:\/\/uvbbrasil.com.br\/wp-content\/uploads\/2021\/09\/242037373_1811370039054251_6567440314471787531_n.png","type":"image\/png"}],"author":"adminuvb","twitter_card":"summary_large_image","twitter_misc":{"Escrito por":"adminuvb","Est. tempo de leitura":"2 minutos"},"schema":{"@context":"https:\/\/schema.org","@graph":[{"@type":"Article","@id":"https:\/\/uvbbrasil.com.br\/uvepar-realiza-congresso-para-uniao-e-fortalecimento-da-vereanca-em-curitiba\/#article","isPartOf":{"@id":"https:\/\/uvbbrasil.com.br\/uvepar-realiza-congresso-para-uniao-e-fortalecimento-da-vereanca-em-curitiba\/"},"author":{"name":"adminuvb","@id":"https:\/\/uvbbrasil.com.br\/#\/schema\/person\/17990098446c098f52effddff4f1b272"},"headline":"Uvepar realiza Congresso para Uni\u00e3o e Fortalecimento da Verean\u00e7a, em Curitiba.","datePublished":"2021-09-16T14:54:12+00:00","mainEntityOfPage":{"@id":"https:\/\/uvbbrasil.com.br\/uvepar-realiza-congresso-para-uniao-e-fortalecimento-da-vereanca-em-curitiba\/"},"wordCount":239,"commentCount":0,"publisher":{"@id":"https:\/\/uvbbrasil.com.br\/#organization"},"image":{"@id":"https:\/\/uvbbrasil.com.br\/uvepar-realiza-congresso-para-uniao-e-fortalecimento-da-vereanca-em-curitiba\/#primaryimage"},"thumbnailUrl":"https:\/\/uvbbrasil.com.br\/wp-content\/uploads\/2021\/09\/242037373_1811370039054251_6567440314471787531_n.png","articleSection":["NOT\u00cdCIAS"],"inLanguage":"pt-BR","potentialAction":[{"@type":"CommentAction","name":"Comment","target":["https:\/\/uvbbrasil.com.br\/uvepar-realiza-congresso-para-uniao-e-fortalecimento-da-vereanca-em-curitiba\/#respond"]}]},{"@type":"WebPage","@id":"https:\/\/uvbbrasil.com.br\/uvepar-realiza-congresso-para-uniao-e-fortalecimento-da-vereanca-em-curitiba\/","url":"https:\/\/uvbbrasil.com.br\/uvepar-realiza-congresso-para-uniao-e-fortalecimento-da-vereanca-em-curitiba\/","name":"Uvepar realiza Congresso para Uni\u00e3o e Fortalecimento da Verean\u00e7a, em Curitiba. - UVB Brasil","isPartOf":{"@id":"https:\/\/uvbbrasil.com.br\/#website"},"primaryImageOfPage":{"@id":"https:\/\/uvbbrasil.com.br\/uvepar-realiza-congresso-para-uniao-e-fortalecimento-da-vereanca-em-curitiba\/#primaryimage"},"image":{"@id":"https:\/\/uvbbrasil.com.br\/uvepar-realiza-congresso-para-uniao-e-fortalecimento-da-vereanca-em-curitiba\/#primaryimage"},"thumbnailUrl":"https:\/\/uvbbrasil.com.br\/wp-content\/uploads\/2021\/09\/242037373_1811370039054251_6567440314471787531_n.png","datePublished":"2021-09-16T14:54:12+00:00","breadcrumb":{"@id":"https:\/\/uvbbrasil.com.br\/uvepar-realiza-congresso-para-uniao-e-fortalecimento-da-vereanca-em-curitiba\/#breadcrumb"},"inLanguage":"pt-BR","potentialAction":[{"@type":"ReadAction","target":["https:\/\/uvbbrasil.com.br\/uvepar-realiza-congresso-para-uniao-e-fortalecimento-da-vereanca-em-curitiba\/"]}]},{"@type":"ImageObject","inLanguage":"pt-BR","@id":"https:\/\/uvbbrasil.com.br\/uvepar-realiza-congresso-para-uniao-e-fortalecimento-da-vereanca-em-curitiba\/#primaryimage","url":"https:\/\/uvbbrasil.com.br\/wp-content\/uploads\/2021\/09\/242037373_1811370039054251_6567440314471787531_n.png","contentUrl":"https:\/\/uvbbrasil.com.br\/wp-content\/uploads\/2021\/09\/242037373_1811370039054251_6567440314471787531_n.png","width":522,"height":522},{"@type":"BreadcrumbList","@id":"https:\/\/uvbbrasil.com.br\/uvepar-realiza-congresso-para-uniao-e-fortalecimento-da-vereanca-em-curitiba\/#breadcrumb","itemListElement":[{"@type":"ListItem","position":1,"name":"In\u00edcio","item":"https:\/\/uvbbrasil.com.br\/"},{"@type":"ListItem","position":2,"name":"Uvepar realiza Congresso para Uni\u00e3o e Fortalecimento da Verean\u00e7a, em Curitiba."}]},{"@type":"WebSite","@id":"https:\/\/uvbbrasil.com.br\/#website","url":"https:\/\/uvbbrasil.com.br\/","name":"UVB Brasil","description":"Uni\u00e3o dos Vereadores do Brasil","publisher":{"@id":"https:\/\/uvbbrasil.com.br\/#organization"},"potentialAction":[{"@type":"SearchAction","target":{"@type":"EntryPoint","urlTemplate":"https:\/\/uvbbrasil.com.br\/?s={search_term_string}"},"query-input":{"@type":"PropertyValueSpecification","valueRequired":true,"valueName":"search_term_string"}}],"inLanguage":"pt-BR"},{"@type":"Organization","@id":"https:\/\/uvbbrasil.com.br\/#organization","name":"UVB Brasil","url":"https:\/\/uvbbrasil.com.br\/","logo":{"@type":"ImageObject","inLanguage":"pt-BR","@id":"https:\/\/uvbbrasil.com.br\/#\/schema\/logo\/image\/","url":"https:\/\/uvbbrasil.com.br\/wp-content\/uploads\/2025\/01\/LOGO-UVB-2024-azul-1.jpg","contentUrl":"https:\/\/uvbbrasil.com.br\/wp-content\/uploads\/2025\/01\/LOGO-UVB-2024-azul-1.jpg","width":600,"height":211,"caption":"UVB Brasil"},"image":{"@id":"https:\/\/uvbbrasil.com.br\/#\/schema\/logo\/image\/"},"sameAs":["https:\/\/www.facebook.com\/uvb.vereadoresbrasil","https:\/\/www.instagram.com\/uvbbrasil\/","https:\/\/www.youtube.com\/channel\/UCIlPQ8Xzw5GHNzosQIg9S5A"]},{"@type":"Person","@id":"https:\/\/uvbbrasil.com.br\/#\/schema\/person\/17990098446c098f52effddff4f1b272","name":"adminuvb","image":{"@type":"ImageObject","inLanguage":"pt-BR","@id":"https:\/\/uvbbrasil.com.br\/#\/schema\/person\/image\/","url":"https:\/\/secure.gravatar.com\/avatar\/1a494ea6f8e2dd1ae526e55b0e9497efdba542491e0620d704cccf63c6f77c45?s=96&d=mm&r=g","contentUrl":"https:\/\/secure.gravatar.com\/avatar\/1a494ea6f8e2dd1ae526e55b0e9497efdba542491e0620d704cccf63c6f77c45?s=96&d=mm&r=g","caption":"adminuvb"},"sameAs":["https:\/\/uvbbrasil.com.br"],"url":"https:\/\/uvbbrasil.com.br\/author\/adminuvb\/"}]}},"_links":{"self":[{"href":"https:\/\/uvbbrasil.com.br\/uvb-json\/wp\/v2\/posts\/23548","targetHints":{"allow":["GET"]}}],"collection":[{"href":"https:\/\/uvbbrasil.com.br\/uvb-json\/wp\/v2\/posts"}],"about":[{"href":"https:\/\/uvbbrasil.com.br\/uvb-json\/wp\/v2\/types\/post"}],"author":[{"embeddable":true,"href":"https:\/\/uvbbrasil.com.br\/uvb-json\/wp\/v2\/users\/1"}],"replies":[{"embeddable":true,"href":"https:\/\/uvbbrasil.com.br\/uvb-json\/wp\/v2\/comments?post=23548"}],"version-history":[{"count":0,"href":"https:\/\/uvbbrasil.com.br\/uvb-json\/wp\/v2\/posts\/23548\/revisions"}],"wp:featuredmedia":[{"embeddable":true,"href":"https:\/\/uvbbrasil.com.br\/uvb-json\/wp\/v2\/media\/23549"}],"wp:attachment":[{"href":"https:\/\/uvbbrasil.com.br\/uvb-json\/wp\/v2\/media?parent=23548"}],"wp:term":[{"taxonomy":"category","embeddable":true,"href":"https:\/\/uvbbrasil.com.br\/uvb-json\/wp\/v2\/categories?post=23548"},{"taxonomy":"post_tag","embeddable":true,"href":"https:\/\/uvbbrasil.com.br\/uvb-json\/wp\/v2\/tags?post=23548"}],"curies":[{"name":"wp","href":"https:\/\/api.w.org\/{rel}","templated":true}]}}