{"id":23507,"date":"2021-09-10T12:36:31","date_gmt":"2021-09-10T15:36:31","guid":{"rendered":"https:\/\/wpsandbox4.pante.com.br\/?p=23507"},"modified":"2021-09-10T12:36:31","modified_gmt":"2021-09-10T15:36:31","slug":"popuri-legislativo-temas-juridicos-de-interesse-do-mandato-dos-vereadores","status":"publish","type":"post","link":"https:\/\/uvbbrasil.com.br\/popuri-legislativo-temas-juridicos-de-interesse-do-mandato-dos-vereadores\/","title":{"rendered":"Popuri Legislativo \u2013 Temas Jur\u00eddicos de Interesse do Mandato dos Vereadores"},"content":{"rendered":"<p>O time de jur\u00eddicos da Uni\u00e3o dos Vereadores do Brasil\/UVB, com grande experi\u00eancia e conhecimento no Legislativo Municipal concedeu um show de informa\u00e7\u00f5es e conhecimentos aos participantes da XX Marcha dos Legislativos Municipais\u00a0 em Bras\u00edlia\/DF.<\/p>\n<p>A entidade que de forma federativa congrega e representa todas as associa\u00e7\u00f5es, federa\u00e7\u00f5es, uni\u00f5es de vereadores estaduais, associa\u00e7\u00f5es regionais e microrregionais e c\u00e2maras de vereadores do territ\u00f3rio nacional e tem a miss\u00e3o de orientar e fortalecer os vereadores e c\u00e2maras, para consolidar a efici\u00eancia na gest\u00e3o p\u00fablica com democracia e participa\u00e7\u00e3o popular,\u00a0 que tem a frente o Presidente, Gilson Conzatti,\u00a0 que com o intuito de transmitir maior apoio e assessoria aos vereadores e vereadoras, apresentou a equipe de jur\u00eddicos da entidade e promoveu o painel UVB Grandes Temas e disponibilizou o stand\u00a0 de consultoria\u00a0 jur\u00eddica personalizada no evento.<\/p>\n<p>Dr. Eduardo Requi\u00e3o,\u00a0 Sub- Procurador Geral UVB Brasil, Professor, Advogado Municipalista, que atua em todos os estados brasileiro, debateu sobre o tema, as Comiss\u00f5es Parlamentares de Inqu\u00e9ritos, Atualmente no estado da Bahia, pelo contato:<a href=\"mailto:er@domingosrequiao.com.br\">er@domingosrequiao.com.br <\/a><a href=\"https:\/\/uvbbrasil.com.br\/?attachment_id=23508\" rel=\"attachment wp-att-23508\"><img fetchpriority=\"high\" decoding=\"async\" class=\"aligncenter size-full wp-image-23508\" src=\"https:\/\/uvbbrasil.com.br\/wp-content\/uploads\/2021\/09\/WhatsApp-Image-2021-09-10-at-12.24.18-1.jpeg\" alt=\"\" width=\"1600\" height=\"1062\" srcset=\"https:\/\/uvbbrasil.com.br\/wp-content\/uploads\/2021\/09\/WhatsApp-Image-2021-09-10-at-12.24.18-1.jpeg 1600w, https:\/\/uvbbrasil.com.br\/wp-content\/uploads\/2021\/09\/WhatsApp-Image-2021-09-10-at-12.24.18-1-300x199.jpeg 300w, https:\/\/uvbbrasil.com.br\/wp-content\/uploads\/2021\/09\/WhatsApp-Image-2021-09-10-at-12.24.18-1-1024x680.jpeg 1024w, https:\/\/uvbbrasil.com.br\/wp-content\/uploads\/2021\/09\/WhatsApp-Image-2021-09-10-at-12.24.18-1-768x510.jpeg 768w, https:\/\/uvbbrasil.com.br\/wp-content\/uploads\/2021\/09\/WhatsApp-Image-2021-09-10-at-12.24.18-1-1536x1020.jpeg 1536w\" sizes=\"(max-width: 1600px) 100vw, 1600px\" \/><\/a><\/p>\n<p>Em seguida a participa\u00e7\u00e3o do Dr. Andr\u00e9 Camillo, que desempenha a fun\u00e7\u00e3o de Consultor Jur\u00eddico da Uni\u00e3o dos Vereadores do Brasil\/ UVB,\u00a0 que a frente do Departamento Jur\u00eddico tem ampliado os horizontes de atua\u00e7\u00e3o da institui\u00e7\u00e3o, que tratou sobre o tema Or\u00e7amentos P\u00fablicos.<\/p>\n<p>contato: <a href=\"mailto:juridico@wpsandbox4.pante.com.br\">juridico@wpsandbox4.pante.com.br<\/a><a href=\"https:\/\/uvbbrasil.com.br\/?attachment_id=23509\" rel=\"attachment wp-att-23509\"><img decoding=\"async\" class=\"aligncenter size-full wp-image-23509\" src=\"https:\/\/uvbbrasil.com.br\/wp-content\/uploads\/2021\/09\/WhatsApp-Image-2021-09-10-at-12.24.18-2.jpeg\" alt=\"\" width=\"1600\" height=\"1062\" srcset=\"https:\/\/uvbbrasil.com.br\/wp-content\/uploads\/2021\/09\/WhatsApp-Image-2021-09-10-at-12.24.18-2.jpeg 1600w, https:\/\/uvbbrasil.com.br\/wp-content\/uploads\/2021\/09\/WhatsApp-Image-2021-09-10-at-12.24.18-2-300x199.jpeg 300w, https:\/\/uvbbrasil.com.br\/wp-content\/uploads\/2021\/09\/WhatsApp-Image-2021-09-10-at-12.24.18-2-1024x680.jpeg 1024w, https:\/\/uvbbrasil.com.br\/wp-content\/uploads\/2021\/09\/WhatsApp-Image-2021-09-10-at-12.24.18-2-768x510.jpeg 768w, https:\/\/uvbbrasil.com.br\/wp-content\/uploads\/2021\/09\/WhatsApp-Image-2021-09-10-at-12.24.18-2-1536x1020.jpeg 1536w\" sizes=\"(max-width: 1600px) 100vw, 1600px\" \/><\/a><\/p>\n<p>Logo ap\u00f3s a Dra. Silvia Thaine, Procuradora da Uni\u00e3o dos Vereadores do Brasil- UVB Goi\u00e1s e Assessora jur\u00eddica de Vereadores e C\u00e2maras Municipais, em uso da palavra apresentou aos parlamentares presentes sobre como Entender a sua Compet\u00eancia para legislar.<\/p>\n<p>Contato:<a href=\"mailto:Thainecunha@gmail.com\"> Thainecunha@gmail.com\u00a0<\/a><\/p>\n<p><a href=\"https:\/\/uvbbrasil.com.br\/?attachment_id=23510\" rel=\"attachment wp-att-23510\"><img decoding=\"async\" class=\"aligncenter size-full wp-image-23510\" src=\"https:\/\/uvbbrasil.com.br\/wp-content\/uploads\/2021\/09\/WhatsApp-Image-2021-09-10-at-12.24.18-3.jpeg\" alt=\"\" width=\"1280\" height=\"850\" srcset=\"https:\/\/uvbbrasil.com.br\/wp-content\/uploads\/2021\/09\/WhatsApp-Image-2021-09-10-at-12.24.18-3.jpeg 1280w, https:\/\/uvbbrasil.com.br\/wp-content\/uploads\/2021\/09\/WhatsApp-Image-2021-09-10-at-12.24.18-3-300x199.jpeg 300w, https:\/\/uvbbrasil.com.br\/wp-content\/uploads\/2021\/09\/WhatsApp-Image-2021-09-10-at-12.24.18-3-1024x680.jpeg 1024w, https:\/\/uvbbrasil.com.br\/wp-content\/uploads\/2021\/09\/WhatsApp-Image-2021-09-10-at-12.24.18-3-768x510.jpeg 768w\" sizes=\"(max-width: 1280px) 100vw, 1280px\" \/><\/a>Fechando o time de jur\u00eddicos Dr. Danilo Falc\u00e3o, Consultor T\u00e9cnico Legislativo da UVB, que abordou sobre tema in\u00e9dito, a import\u00e2ncia do entendimento da legitimidade do presidente da c\u00e2mara municipal votar e se manifestar sobre todas as proposi\u00e7\u00f5es que esteja tramitando na c\u00e2mara municipal, afinal de contas o presidente da c\u00e2mara \u00e9 um vereador tanto quanto\u00a0 os demais, este tema \u00e9 in\u00e9dito e defendido pelo Dr. Danilo com o objetivo de\u00a0 melhorar a qualidade do\u00a0 funcionamento e\u00a0 do procedimento interno nas c\u00e2mara municipais.<\/p>\n<p>Contato: <a href=\"mailto:consultoriadanilofalcao@gmail.com\">consultoriadanilofalcao@gmail.com<\/a><a href=\"https:\/\/uvbbrasil.com.br\/?attachment_id=23511\" rel=\"attachment wp-att-23511\"><img loading=\"lazy\" decoding=\"async\" class=\"aligncenter size-full wp-image-23511\" src=\"https:\/\/uvbbrasil.com.br\/wp-content\/uploads\/2021\/09\/WhatsApp-Image-2021-09-10-at-12.25.17.jpeg\" alt=\"\" width=\"1280\" height=\"850\" srcset=\"https:\/\/uvbbrasil.com.br\/wp-content\/uploads\/2021\/09\/WhatsApp-Image-2021-09-10-at-12.25.17.jpeg 1280w, https:\/\/uvbbrasil.com.br\/wp-content\/uploads\/2021\/09\/WhatsApp-Image-2021-09-10-at-12.25.17-300x199.jpeg 300w, https:\/\/uvbbrasil.com.br\/wp-content\/uploads\/2021\/09\/WhatsApp-Image-2021-09-10-at-12.25.17-1024x680.jpeg 1024w, https:\/\/uvbbrasil.com.br\/wp-content\/uploads\/2021\/09\/WhatsApp-Image-2021-09-10-at-12.25.17-768x510.jpeg 768w\" sizes=\"(max-width: 1280px) 100vw, 1280px\" \/><\/a><a href=\"https:\/\/uvbbrasil.com.br\/?attachment_id=23512\" rel=\"attachment wp-att-23512\"><img loading=\"lazy\" decoding=\"async\" class=\"aligncenter size-full wp-image-23512\" src=\"https:\/\/uvbbrasil.com.br\/wp-content\/uploads\/2021\/09\/WhatsApp-Image-2021-09-10-at-12.25.17-1.jpeg\" alt=\"\" width=\"1280\" height=\"850\" srcset=\"https:\/\/uvbbrasil.com.br\/wp-content\/uploads\/2021\/09\/WhatsApp-Image-2021-09-10-at-12.25.17-1.jpeg 1280w, https:\/\/uvbbrasil.com.br\/wp-content\/uploads\/2021\/09\/WhatsApp-Image-2021-09-10-at-12.25.17-1-300x199.jpeg 300w, https:\/\/uvbbrasil.com.br\/wp-content\/uploads\/2021\/09\/WhatsApp-Image-2021-09-10-at-12.25.17-1-1024x680.jpeg 1024w, https:\/\/uvbbrasil.com.br\/wp-content\/uploads\/2021\/09\/WhatsApp-Image-2021-09-10-at-12.25.17-1-768x510.jpeg 768w\" sizes=\"(max-width: 1280px) 100vw, 1280px\" \/><\/a><\/p>\n","protected":false},"excerpt":{"rendered":"<p>O time de jur\u00eddicos da Uni\u00e3o dos Vereadores do Brasil\/UVB, com grande experi\u00eancia e conhecimento no Legislativo Municipal concedeu um&#8230;<\/p>\n","protected":false},"author":1,"featured_media":23512,"comment_status":"open","ping_status":"open","sticky":false,"template":"","format":"standard","meta":{"footnotes":""},"categories":[3,4],"tags":[],"class_list":["post-23507","post","type-post","status-publish","format-standard","has-post-thumbnail","hentry","category-noticias","category-home"],"yoast_head":"<!-- This site is optimized with the Yoast SEO plugin v26.7 - https:\/\/yoast.com\/wordpress\/plugins\/seo\/ -->\n<title>Popuri Legislativo \u2013 Temas Jur\u00eddicos de Interesse do Mandato dos Vereadores - UVB Brasil<\/title>\n<meta name=\"robots\" content=\"index, follow, max-snippet:-1, max-image-preview:large, max-video-preview:-1\" \/>\n<link rel=\"canonical\" href=\"https:\/\/uvbbrasil.com.br\/popuri-legislativo-temas-juridicos-de-interesse-do-mandato-dos-vereadores\/\" \/>\n<meta property=\"og:locale\" content=\"pt_BR\" \/>\n<meta property=\"og:type\" content=\"article\" \/>\n<meta property=\"og:title\" content=\"Popuri Legislativo \u2013 Temas Jur\u00eddicos de Interesse do Mandato dos Vereadores - UVB Brasil\" \/>\n<meta property=\"og:description\" content=\"O time de jur\u00eddicos da Uni\u00e3o dos Vereadores do Brasil\/UVB, com grande experi\u00eancia e conhecimento no Legislativo Municipal concedeu um...\" \/>\n<meta property=\"og:url\" content=\"https:\/\/uvbbrasil.com.br\/popuri-legislativo-temas-juridicos-de-interesse-do-mandato-dos-vereadores\/\" \/>\n<meta property=\"og:site_name\" content=\"UVB Brasil\" \/>\n<meta property=\"article:publisher\" content=\"https:\/\/www.facebook.com\/uvb.vereadoresbrasil\" \/>\n<meta property=\"article:published_time\" content=\"2021-09-10T15:36:31+00:00\" \/>\n<meta property=\"og:image\" content=\"https:\/\/uvbbrasil.com.br\/wp-content\/uploads\/2021\/09\/WhatsApp-Image-2021-09-10-at-12.25.17-1.jpeg\" \/>\n\t<meta property=\"og:image:width\" content=\"1280\" \/>\n\t<meta property=\"og:image:height\" content=\"850\" \/>\n\t<meta property=\"og:image:type\" content=\"image\/jpeg\" \/>\n<meta name=\"author\" content=\"adminuvb\" \/>\n<meta name=\"twitter:card\" content=\"summary_large_image\" \/>\n<meta name=\"twitter:label1\" content=\"Escrito por\" \/>\n\t<meta name=\"twitter:data1\" content=\"adminuvb\" \/>\n\t<meta name=\"twitter:label2\" content=\"Est. tempo de leitura\" \/>\n\t<meta name=\"twitter:data2\" content=\"3 minutos\" \/>\n<script type=\"application\/ld+json\" class=\"yoast-schema-graph\">{\"@context\":\"https:\/\/schema.org\",\"@graph\":[{\"@type\":\"Article\",\"@id\":\"https:\/\/uvbbrasil.com.br\/popuri-legislativo-temas-juridicos-de-interesse-do-mandato-dos-vereadores\/#article\",\"isPartOf\":{\"@id\":\"https:\/\/uvbbrasil.com.br\/popuri-legislativo-temas-juridicos-de-interesse-do-mandato-dos-vereadores\/\"},\"author\":{\"name\":\"adminuvb\",\"@id\":\"https:\/\/uvbbrasil.com.br\/#\/schema\/person\/17990098446c098f52effddff4f1b272\"},\"headline\":\"Popuri Legislativo \u2013 Temas Jur\u00eddicos de Interesse do Mandato dos Vereadores\",\"datePublished\":\"2021-09-10T15:36:31+00:00\",\"mainEntityOfPage\":{\"@id\":\"https:\/\/uvbbrasil.com.br\/popuri-legislativo-temas-juridicos-de-interesse-do-mandato-dos-vereadores\/\"},\"wordCount\":408,\"commentCount\":0,\"publisher\":{\"@id\":\"https:\/\/uvbbrasil.com.br\/#organization\"},\"image\":{\"@id\":\"https:\/\/uvbbrasil.com.br\/popuri-legislativo-temas-juridicos-de-interesse-do-mandato-dos-vereadores\/#primaryimage\"},\"thumbnailUrl\":\"https:\/\/uvbbrasil.com.br\/wp-content\/uploads\/2021\/09\/WhatsApp-Image-2021-09-10-at-12.25.17-1.jpeg\",\"articleSection\":[\"NOT\u00cdCIAS\",\"UVB\"],\"inLanguage\":\"pt-BR\",\"potentialAction\":[{\"@type\":\"CommentAction\",\"name\":\"Comment\",\"target\":[\"https:\/\/uvbbrasil.com.br\/popuri-legislativo-temas-juridicos-de-interesse-do-mandato-dos-vereadores\/#respond\"]}]},{\"@type\":\"WebPage\",\"@id\":\"https:\/\/uvbbrasil.com.br\/popuri-legislativo-temas-juridicos-de-interesse-do-mandato-dos-vereadores\/\",\"url\":\"https:\/\/uvbbrasil.com.br\/popuri-legislativo-temas-juridicos-de-interesse-do-mandato-dos-vereadores\/\",\"name\":\"Popuri Legislativo \u2013 Temas Jur\u00eddicos de Interesse do Mandato dos Vereadores - UVB Brasil\",\"isPartOf\":{\"@id\":\"https:\/\/uvbbrasil.com.br\/#website\"},\"primaryImageOfPage\":{\"@id\":\"https:\/\/uvbbrasil.com.br\/popuri-legislativo-temas-juridicos-de-interesse-do-mandato-dos-vereadores\/#primaryimage\"},\"image\":{\"@id\":\"https:\/\/uvbbrasil.com.br\/popuri-legislativo-temas-juridicos-de-interesse-do-mandato-dos-vereadores\/#primaryimage\"},\"thumbnailUrl\":\"https:\/\/uvbbrasil.com.br\/wp-content\/uploads\/2021\/09\/WhatsApp-Image-2021-09-10-at-12.25.17-1.jpeg\",\"datePublished\":\"2021-09-10T15:36:31+00:00\",\"breadcrumb\":{\"@id\":\"https:\/\/uvbbrasil.com.br\/popuri-legislativo-temas-juridicos-de-interesse-do-mandato-dos-vereadores\/#breadcrumb\"},\"inLanguage\":\"pt-BR\",\"potentialAction\":[{\"@type\":\"ReadAction\",\"target\":[\"https:\/\/uvbbrasil.com.br\/popuri-legislativo-temas-juridicos-de-interesse-do-mandato-dos-vereadores\/\"]}]},{\"@type\":\"ImageObject\",\"inLanguage\":\"pt-BR\",\"@id\":\"https:\/\/uvbbrasil.com.br\/popuri-legislativo-temas-juridicos-de-interesse-do-mandato-dos-vereadores\/#primaryimage\",\"url\":\"https:\/\/uvbbrasil.com.br\/wp-content\/uploads\/2021\/09\/WhatsApp-Image-2021-09-10-at-12.25.17-1.jpeg\",\"contentUrl\":\"https:\/\/uvbbrasil.com.br\/wp-content\/uploads\/2021\/09\/WhatsApp-Image-2021-09-10-at-12.25.17-1.jpeg\",\"width\":1280,\"height\":850},{\"@type\":\"BreadcrumbList\",\"@id\":\"https:\/\/uvbbrasil.com.br\/popuri-legislativo-temas-juridicos-de-interesse-do-mandato-dos-vereadores\/#breadcrumb\",\"itemListElement\":[{\"@type\":\"ListItem\",\"position\":1,\"name\":\"In\u00edcio\",\"item\":\"https:\/\/uvbbrasil.com.br\/\"},{\"@type\":\"ListItem\",\"position\":2,\"name\":\"Popuri Legislativo \u2013 Temas Jur\u00eddicos de Interesse do Mandato dos Vereadores\"}]},{\"@type\":\"WebSite\",\"@id\":\"https:\/\/uvbbrasil.com.br\/#website\",\"url\":\"https:\/\/uvbbrasil.com.br\/\",\"name\":\"UVB Brasil\",\"description\":\"Uni\u00e3o dos Vereadores do Brasil\",\"publisher\":{\"@id\":\"https:\/\/uvbbrasil.com.br\/#organization\"},\"potentialAction\":[{\"@type\":\"SearchAction\",\"target\":{\"@type\":\"EntryPoint\",\"urlTemplate\":\"https:\/\/uvbbrasil.com.br\/?s={search_term_string}\"},\"query-input\":{\"@type\":\"PropertyValueSpecification\",\"valueRequired\":true,\"valueName\":\"search_term_string\"}}],\"inLanguage\":\"pt-BR\"},{\"@type\":\"Organization\",\"@id\":\"https:\/\/uvbbrasil.com.br\/#organization\",\"name\":\"UVB Brasil\",\"url\":\"https:\/\/uvbbrasil.com.br\/\",\"logo\":{\"@type\":\"ImageObject\",\"inLanguage\":\"pt-BR\",\"@id\":\"https:\/\/uvbbrasil.com.br\/#\/schema\/logo\/image\/\",\"url\":\"https:\/\/uvbbrasil.com.br\/wp-content\/uploads\/2025\/01\/LOGO-UVB-2024-azul-1.jpg\",\"contentUrl\":\"https:\/\/uvbbrasil.com.br\/wp-content\/uploads\/2025\/01\/LOGO-UVB-2024-azul-1.jpg\",\"width\":600,\"height\":211,\"caption\":\"UVB Brasil\"},\"image\":{\"@id\":\"https:\/\/uvbbrasil.com.br\/#\/schema\/logo\/image\/\"},\"sameAs\":[\"https:\/\/www.facebook.com\/uvb.vereadoresbrasil\",\"https:\/\/www.instagram.com\/uvbbrasil\/\",\"https:\/\/www.youtube.com\/channel\/UCIlPQ8Xzw5GHNzosQIg9S5A\"]},{\"@type\":\"Person\",\"@id\":\"https:\/\/uvbbrasil.com.br\/#\/schema\/person\/17990098446c098f52effddff4f1b272\",\"name\":\"adminuvb\",\"image\":{\"@type\":\"ImageObject\",\"inLanguage\":\"pt-BR\",\"@id\":\"https:\/\/uvbbrasil.com.br\/#\/schema\/person\/image\/\",\"url\":\"https:\/\/secure.gravatar.com\/avatar\/1a494ea6f8e2dd1ae526e55b0e9497efdba542491e0620d704cccf63c6f77c45?s=96&d=mm&r=g\",\"contentUrl\":\"https:\/\/secure.gravatar.com\/avatar\/1a494ea6f8e2dd1ae526e55b0e9497efdba542491e0620d704cccf63c6f77c45?s=96&d=mm&r=g\",\"caption\":\"adminuvb\"},\"sameAs\":[\"https:\/\/uvbbrasil.com.br\"],\"url\":\"https:\/\/uvbbrasil.com.br\/author\/adminuvb\/\"}]}<\/script>\n<!-- \/ Yoast SEO plugin. -->","yoast_head_json":{"title":"Popuri Legislativo \u2013 Temas Jur\u00eddicos de Interesse do Mandato dos Vereadores - UVB Brasil","robots":{"index":"index","follow":"follow","max-snippet":"max-snippet:-1","max-image-preview":"max-image-preview:large","max-video-preview":"max-video-preview:-1"},"canonical":"https:\/\/uvbbrasil.com.br\/popuri-legislativo-temas-juridicos-de-interesse-do-mandato-dos-vereadores\/","og_locale":"pt_BR","og_type":"article","og_title":"Popuri Legislativo \u2013 Temas Jur\u00eddicos de Interesse do Mandato dos Vereadores - UVB Brasil","og_description":"O time de jur\u00eddicos da Uni\u00e3o dos Vereadores do Brasil\/UVB, com grande experi\u00eancia e conhecimento no Legislativo Municipal concedeu um...","og_url":"https:\/\/uvbbrasil.com.br\/popuri-legislativo-temas-juridicos-de-interesse-do-mandato-dos-vereadores\/","og_site_name":"UVB Brasil","article_publisher":"https:\/\/www.facebook.com\/uvb.vereadoresbrasil","article_published_time":"2021-09-10T15:36:31+00:00","og_image":[{"width":1280,"height":850,"url":"https:\/\/uvbbrasil.com.br\/wp-content\/uploads\/2021\/09\/WhatsApp-Image-2021-09-10-at-12.25.17-1.jpeg","type":"image\/jpeg"}],"author":"adminuvb","twitter_card":"summary_large_image","twitter_misc":{"Escrito por":"adminuvb","Est. tempo de leitura":"3 minutos"},"schema":{"@context":"https:\/\/schema.org","@graph":[{"@type":"Article","@id":"https:\/\/uvbbrasil.com.br\/popuri-legislativo-temas-juridicos-de-interesse-do-mandato-dos-vereadores\/#article","isPartOf":{"@id":"https:\/\/uvbbrasil.com.br\/popuri-legislativo-temas-juridicos-de-interesse-do-mandato-dos-vereadores\/"},"author":{"name":"adminuvb","@id":"https:\/\/uvbbrasil.com.br\/#\/schema\/person\/17990098446c098f52effddff4f1b272"},"headline":"Popuri Legislativo \u2013 Temas Jur\u00eddicos de Interesse do Mandato dos Vereadores","datePublished":"2021-09-10T15:36:31+00:00","mainEntityOfPage":{"@id":"https:\/\/uvbbrasil.com.br\/popuri-legislativo-temas-juridicos-de-interesse-do-mandato-dos-vereadores\/"},"wordCount":408,"commentCount":0,"publisher":{"@id":"https:\/\/uvbbrasil.com.br\/#organization"},"image":{"@id":"https:\/\/uvbbrasil.com.br\/popuri-legislativo-temas-juridicos-de-interesse-do-mandato-dos-vereadores\/#primaryimage"},"thumbnailUrl":"https:\/\/uvbbrasil.com.br\/wp-content\/uploads\/2021\/09\/WhatsApp-Image-2021-09-10-at-12.25.17-1.jpeg","articleSection":["NOT\u00cdCIAS","UVB"],"inLanguage":"pt-BR","potentialAction":[{"@type":"CommentAction","name":"Comment","target":["https:\/\/uvbbrasil.com.br\/popuri-legislativo-temas-juridicos-de-interesse-do-mandato-dos-vereadores\/#respond"]}]},{"@type":"WebPage","@id":"https:\/\/uvbbrasil.com.br\/popuri-legislativo-temas-juridicos-de-interesse-do-mandato-dos-vereadores\/","url":"https:\/\/uvbbrasil.com.br\/popuri-legislativo-temas-juridicos-de-interesse-do-mandato-dos-vereadores\/","name":"Popuri Legislativo \u2013 Temas Jur\u00eddicos de Interesse do Mandato dos Vereadores - UVB Brasil","isPartOf":{"@id":"https:\/\/uvbbrasil.com.br\/#website"},"primaryImageOfPage":{"@id":"https:\/\/uvbbrasil.com.br\/popuri-legislativo-temas-juridicos-de-interesse-do-mandato-dos-vereadores\/#primaryimage"},"image":{"@id":"https:\/\/uvbbrasil.com.br\/popuri-legislativo-temas-juridicos-de-interesse-do-mandato-dos-vereadores\/#primaryimage"},"thumbnailUrl":"https:\/\/uvbbrasil.com.br\/wp-content\/uploads\/2021\/09\/WhatsApp-Image-2021-09-10-at-12.25.17-1.jpeg","datePublished":"2021-09-10T15:36:31+00:00","breadcrumb":{"@id":"https:\/\/uvbbrasil.com.br\/popuri-legislativo-temas-juridicos-de-interesse-do-mandato-dos-vereadores\/#breadcrumb"},"inLanguage":"pt-BR","potentialAction":[{"@type":"ReadAction","target":["https:\/\/uvbbrasil.com.br\/popuri-legislativo-temas-juridicos-de-interesse-do-mandato-dos-vereadores\/"]}]},{"@type":"ImageObject","inLanguage":"pt-BR","@id":"https:\/\/uvbbrasil.com.br\/popuri-legislativo-temas-juridicos-de-interesse-do-mandato-dos-vereadores\/#primaryimage","url":"https:\/\/uvbbrasil.com.br\/wp-content\/uploads\/2021\/09\/WhatsApp-Image-2021-09-10-at-12.25.17-1.jpeg","contentUrl":"https:\/\/uvbbrasil.com.br\/wp-content\/uploads\/2021\/09\/WhatsApp-Image-2021-09-10-at-12.25.17-1.jpeg","width":1280,"height":850},{"@type":"BreadcrumbList","@id":"https:\/\/uvbbrasil.com.br\/popuri-legislativo-temas-juridicos-de-interesse-do-mandato-dos-vereadores\/#breadcrumb","itemListElement":[{"@type":"ListItem","position":1,"name":"In\u00edcio","item":"https:\/\/uvbbrasil.com.br\/"},{"@type":"ListItem","position":2,"name":"Popuri Legislativo \u2013 Temas Jur\u00eddicos de Interesse do Mandato dos Vereadores"}]},{"@type":"WebSite","@id":"https:\/\/uvbbrasil.com.br\/#website","url":"https:\/\/uvbbrasil.com.br\/","name":"UVB Brasil","description":"Uni\u00e3o dos Vereadores do Brasil","publisher":{"@id":"https:\/\/uvbbrasil.com.br\/#organization"},"potentialAction":[{"@type":"SearchAction","target":{"@type":"EntryPoint","urlTemplate":"https:\/\/uvbbrasil.com.br\/?s={search_term_string}"},"query-input":{"@type":"PropertyValueSpecification","valueRequired":true,"valueName":"search_term_string"}}],"inLanguage":"pt-BR"},{"@type":"Organization","@id":"https:\/\/uvbbrasil.com.br\/#organization","name":"UVB Brasil","url":"https:\/\/uvbbrasil.com.br\/","logo":{"@type":"ImageObject","inLanguage":"pt-BR","@id":"https:\/\/uvbbrasil.com.br\/#\/schema\/logo\/image\/","url":"https:\/\/uvbbrasil.com.br\/wp-content\/uploads\/2025\/01\/LOGO-UVB-2024-azul-1.jpg","contentUrl":"https:\/\/uvbbrasil.com.br\/wp-content\/uploads\/2025\/01\/LOGO-UVB-2024-azul-1.jpg","width":600,"height":211,"caption":"UVB Brasil"},"image":{"@id":"https:\/\/uvbbrasil.com.br\/#\/schema\/logo\/image\/"},"sameAs":["https:\/\/www.facebook.com\/uvb.vereadoresbrasil","https:\/\/www.instagram.com\/uvbbrasil\/","https:\/\/www.youtube.com\/channel\/UCIlPQ8Xzw5GHNzosQIg9S5A"]},{"@type":"Person","@id":"https:\/\/uvbbrasil.com.br\/#\/schema\/person\/17990098446c098f52effddff4f1b272","name":"adminuvb","image":{"@type":"ImageObject","inLanguage":"pt-BR","@id":"https:\/\/uvbbrasil.com.br\/#\/schema\/person\/image\/","url":"https:\/\/secure.gravatar.com\/avatar\/1a494ea6f8e2dd1ae526e55b0e9497efdba542491e0620d704cccf63c6f77c45?s=96&d=mm&r=g","contentUrl":"https:\/\/secure.gravatar.com\/avatar\/1a494ea6f8e2dd1ae526e55b0e9497efdba542491e0620d704cccf63c6f77c45?s=96&d=mm&r=g","caption":"adminuvb"},"sameAs":["https:\/\/uvbbrasil.com.br"],"url":"https:\/\/uvbbrasil.com.br\/author\/adminuvb\/"}]}},"_links":{"self":[{"href":"https:\/\/uvbbrasil.com.br\/uvb-json\/wp\/v2\/posts\/23507","targetHints":{"allow":["GET"]}}],"collection":[{"href":"https:\/\/uvbbrasil.com.br\/uvb-json\/wp\/v2\/posts"}],"about":[{"href":"https:\/\/uvbbrasil.com.br\/uvb-json\/wp\/v2\/types\/post"}],"author":[{"embeddable":true,"href":"https:\/\/uvbbrasil.com.br\/uvb-json\/wp\/v2\/users\/1"}],"replies":[{"embeddable":true,"href":"https:\/\/uvbbrasil.com.br\/uvb-json\/wp\/v2\/comments?post=23507"}],"version-history":[{"count":0,"href":"https:\/\/uvbbrasil.com.br\/uvb-json\/wp\/v2\/posts\/23507\/revisions"}],"wp:featuredmedia":[{"embeddable":true,"href":"https:\/\/uvbbrasil.com.br\/uvb-json\/wp\/v2\/media\/23512"}],"wp:attachment":[{"href":"https:\/\/uvbbrasil.com.br\/uvb-json\/wp\/v2\/media?parent=23507"}],"wp:term":[{"taxonomy":"category","embeddable":true,"href":"https:\/\/uvbbrasil.com.br\/uvb-json\/wp\/v2\/categories?post=23507"},{"taxonomy":"post_tag","embeddable":true,"href":"https:\/\/uvbbrasil.com.br\/uvb-json\/wp\/v2\/tags?post=23507"}],"curies":[{"name":"wp","href":"https:\/\/api.w.org\/{rel}","templated":true}]}}