{"id":23459,"date":"2021-08-31T17:05:08","date_gmt":"2021-08-31T20:05:08","guid":{"rendered":"https:\/\/wpsandbox4.pante.com.br\/?p=23459"},"modified":"2021-08-31T17:05:08","modified_gmt":"2021-08-31T20:05:08","slug":"marcha-dos-legislativos-destaca-cristo-e-homenageia-ex-prefeito-de-encantado-rs","status":"publish","type":"post","link":"https:\/\/uvbbrasil.com.br\/marcha-dos-legislativos-destaca-cristo-e-homenageia-ex-prefeito-de-encantado-rs\/","title":{"rendered":"Marcha dos Legislativos destaca Cristo e homenageia ex-prefeito de Encantado\/RS"},"content":{"rendered":"<p class=\"legenda\">A trajet\u00f3ria de Adroaldo Conzatti e o esfor\u00e7o comunit\u00e1rio para constru\u00e7\u00e3o do monumento no Morro das Antenas foram apresentados no segundo dia da Marcha dos Legislativos Municipais, em Bras\u00edlia<\/p>\n<div class=\"container\">\n<div class=\"row justify-content-center justify-content-xl-start\">\n<div class=\"col-lg-10 col-xl-8\">\n<div class=\"editor material \">\n<div>\n<p>Foi muita emo\u00e7\u00e3o. Chorei sem parar quando relembraram do meu pai\u201d. As palavras do presidente da Uni\u00e3o dos Vereadores do Brasil, Gilson Conzatti, e filho do ex-prefeito Adroaldo, descrevem o momento em que a 20\u00aa edi\u00e7\u00e3o da Marcha dos Legislativos Municipais homenageou a trajet\u00f3ria do l\u00edder pol\u00edtico de Encantado.<\/p>\n<p>O parlamentar foi pego de surpresa. Em meio \u00e0s atividades do evento, logo ap\u00f3s a apresenta\u00e7\u00e3o do projeto do Cristo Protetor. \u201cEu n\u00e3o esperava. N\u00e3o estava no plano. Isso foi coisa do Cris Costa (vereador de Encantado e mestre de cerim\u00f4nias)\u201d.<\/p>\n<p>De fato, os minutos dedicados ao ex-prefeito marcaram o segundo dia da marcha. \u201cA perda ainda d\u00f3i. \u00c9 muito recente\u201d, relembra. \u201cTive a ideia de fazer essa homenagem e n\u00e3o falei para ningu\u00e9m. Depois o Gilson veio me abra\u00e7ar, chorando. Quase matei ele do cora\u00e7\u00e3o\u201d, brinca Cris Costa.<\/p>\n<p>Estavam presentes mais de 1,7 mil vereadores de todo o pa\u00eds. Foi apresentado um v\u00eddeo falando sobre a participa\u00e7\u00e3o de Adroaldo Conzatti no desenvolvimento do projeto de construir o Cristo no Morro das Antenas.<\/p>\n<p>Para Costa, o ex-prefeito foi um l\u00edder pol\u00edtico de Encantado. \u201cMesmo os advers\u00e1rios sempre tiveram muito respeito por ele. O vel\u00f3rio foi marcante. Nunca na hist\u00f3ria da cidade tinha ocorrido algo assim\u201d, relembra o vereador.<\/p>\n<p>Adroaldo Conzatti morreu aos 81 anos, no dia 19 de mar\u00e7o deste ano. Ele estava em tratamento contra a covid-19, internado no hospital Santa Teresinha, de Encantado, quando sofreu uma queda e teve uma hemorragia cerebral.<\/p>\n<p>Outro momento de homenagem foi para o jornalista Adriano Mazzarino. Ele foi palestrante em edi\u00e7\u00f5es anteriores da Marchas dos Vereadores e morreu no dia 16 de fevereiro, devido a uma inflama\u00e7\u00e3o no p\u00e2ncreas.<\/p>\n<h3>Maior Cristo do pa\u00eds<\/h3>\n<p>O Cristo Protetor de Encantado medir\u00e1 43 metros de altura. A envergadura dos bra\u00e7os \u00e9 de 36 metros. O monumento de Encantado est\u00e1 projetado para ser maior do Brasil, superando o monumento do Rio de Janeiro.<\/p>\n<p>Os detalhes do projeto foram apresentados pelo coordenador do projeto Trem dos Vales, Rafael Fontana. No encontro, o integrante da Associa\u00e7\u00e3o dos Munic\u00edpios de Turismo da Regi\u00e3o dos Vales (Amturvales) explicou a organiza\u00e7\u00e3o para potencializar as visitas ao monumento.<\/p>\n<p>Entre os planos est\u00e1 o roteiro Caminhos Peregrinos do Cristo Protetor. A inten\u00e7\u00e3o \u00e9 criar quatro rotas, contemplando todo o Vale do Taquari.<\/p>\n<h3>Sobre a Marcha<\/h3>\n<p>Promovida pela Uni\u00e3o dos Vereadores do Brasil (UVB), a Marcha come\u00e7ou nessa ter\u00e7a e vai at\u00e9 amanh\u00e3. O evento conta com palestras t\u00e9cnicas, apresenta\u00e7\u00f5es de projetos e debates sobre a fun\u00e7\u00e3o dos vereadores no fortalecimento da democracia e do trabalho para atender demandas da sociedade.<\/p>\n<p>\u201cNosso prop\u00f3sito \u00e9 fortalecer o Legislativo. Fazer com que as c\u00e2maras municipais sejam cada vez mais proativas e profissionais\u201d, afirma o presidente da UVB, Gilson Conzatti.<\/p>\n<p>Muito dessa atua\u00e7\u00e3o, ressalta Cris Costa, \u00e9 fazer com que os vereadores ultrapassem amarras paradigmas ideol\u00f3gicos. \u201cOs vereadores n\u00e3o s\u00e3o inimigos. Temos de evitar brigas de oposi\u00e7\u00e3o e situa\u00e7\u00e3o, para desempenhar a fun\u00e7\u00e3o de defender a popula\u00e7\u00e3o e o servi\u00e7o p\u00fablico.\u201d<\/p>\n<p>Para ele, uma das formas de melhorar a atua\u00e7\u00e3o do parlamentar \u00e9 por meio da forma\u00e7\u00e3o, dos cursos e do conhecimento. \u201cO vereador aprende sua fun\u00e7\u00e3o em meio ao mandato. Ningu\u00e9m ensina o que \u00e9 estar em uma c\u00e2mara. Depende do agente p\u00fablico buscar essas informa\u00e7\u00f5es.\u201d<a href=\"https:\/\/uvbbrasil.com.br\/?attachment_id=23460\" rel=\"attachment wp-att-23460\"><img fetchpriority=\"high\" decoding=\"async\" class=\"aligncenter size-full wp-image-23460\" src=\"https:\/\/uvbbrasil.com.br\/wp-content\/uploads\/2021\/08\/cbb4007b-5fd1-4be0-bbeb-a3f5431211bd.jpg\" alt=\"\" width=\"1280\" height=\"850\" srcset=\"https:\/\/uvbbrasil.com.br\/wp-content\/uploads\/2021\/08\/cbb4007b-5fd1-4be0-bbeb-a3f5431211bd.jpg 1280w, https:\/\/uvbbrasil.com.br\/wp-content\/uploads\/2021\/08\/cbb4007b-5fd1-4be0-bbeb-a3f5431211bd-300x199.jpg 300w, https:\/\/uvbbrasil.com.br\/wp-content\/uploads\/2021\/08\/cbb4007b-5fd1-4be0-bbeb-a3f5431211bd-1024x680.jpg 1024w, https:\/\/uvbbrasil.com.br\/wp-content\/uploads\/2021\/08\/cbb4007b-5fd1-4be0-bbeb-a3f5431211bd-768x510.jpg 768w\" sizes=\"(max-width: 1280px) 100vw, 1280px\" \/><\/a><\/p>\n<\/div>\n<\/div>\n<\/div>\n<div class=\"clear\">fonte:<a href=\"https:\/\/grupoahora.net.br\/conteudos\/2021\/08\/26\/encontro-nacional-destaca-cristo-e-homenageia-ex-prefeito\/\">https:\/\/grupoahora.net.br\/conteudos\/2021\/08\/26\/encontro-nacional-destaca-cristo-e-homenageia-ex-prefeito\/<\/a><\/div>\n<\/div>\n<\/div>\n<footer>\n<div class=\"container\">\n<div class=\"row justify-content-center\">\n<div class=\"col-lg-10 col-xl-8\">\n<div class=\"comentarios\"><\/div>\n<div class=\"footer-article justify-content-md-end\">\n<div class=\"footer-article__navegacao\"><\/div>\n<\/div>\n<\/div>\n<\/div>\n<\/div>\n<\/footer>\n","protected":false},"excerpt":{"rendered":"<p>A trajet\u00f3ria de Adroaldo Conzatti e o esfor\u00e7o comunit\u00e1rio para constru\u00e7\u00e3o do monumento no Morro das Antenas foram apresentados no&#8230;<\/p>\n","protected":false},"author":1,"featured_media":23460,"comment_status":"open","ping_status":"open","sticky":false,"template":"","format":"standard","meta":{"footnotes":""},"categories":[3,4],"tags":[],"class_list":["post-23459","post","type-post","status-publish","format-standard","has-post-thumbnail","hentry","category-noticias","category-home"],"yoast_head":"<!-- This site is optimized with the Yoast SEO plugin v26.7 - https:\/\/yoast.com\/wordpress\/plugins\/seo\/ -->\n<title>Marcha dos Legislativos destaca Cristo e homenageia ex-prefeito de Encantado\/RS - UVB Brasil<\/title>\n<meta name=\"robots\" content=\"index, follow, max-snippet:-1, max-image-preview:large, max-video-preview:-1\" \/>\n<link rel=\"canonical\" href=\"https:\/\/uvbbrasil.com.br\/marcha-dos-legislativos-destaca-cristo-e-homenageia-ex-prefeito-de-encantado-rs\/\" \/>\n<meta property=\"og:locale\" content=\"pt_BR\" \/>\n<meta property=\"og:type\" content=\"article\" \/>\n<meta property=\"og:title\" content=\"Marcha dos Legislativos destaca Cristo e homenageia ex-prefeito de Encantado\/RS - UVB Brasil\" \/>\n<meta property=\"og:description\" content=\"A trajet\u00f3ria de Adroaldo Conzatti e o esfor\u00e7o comunit\u00e1rio para constru\u00e7\u00e3o do monumento no Morro das Antenas foram apresentados no...\" \/>\n<meta property=\"og:url\" content=\"https:\/\/uvbbrasil.com.br\/marcha-dos-legislativos-destaca-cristo-e-homenageia-ex-prefeito-de-encantado-rs\/\" \/>\n<meta property=\"og:site_name\" content=\"UVB Brasil\" \/>\n<meta property=\"article:publisher\" content=\"https:\/\/www.facebook.com\/uvb.vereadoresbrasil\" \/>\n<meta property=\"article:published_time\" content=\"2021-08-31T20:05:08+00:00\" \/>\n<meta property=\"og:image\" content=\"https:\/\/uvbbrasil.com.br\/wp-content\/uploads\/2021\/08\/cbb4007b-5fd1-4be0-bbeb-a3f5431211bd.jpg\" \/>\n\t<meta property=\"og:image:width\" content=\"1280\" \/>\n\t<meta property=\"og:image:height\" content=\"850\" \/>\n\t<meta property=\"og:image:type\" content=\"image\/jpeg\" \/>\n<meta name=\"author\" content=\"adminuvb\" \/>\n<meta name=\"twitter:card\" content=\"summary_large_image\" \/>\n<meta name=\"twitter:label1\" content=\"Escrito por\" \/>\n\t<meta name=\"twitter:data1\" content=\"adminuvb\" \/>\n\t<meta name=\"twitter:label2\" content=\"Est. tempo de leitura\" \/>\n\t<meta name=\"twitter:data2\" content=\"3 minutos\" \/>\n<script type=\"application\/ld+json\" class=\"yoast-schema-graph\">{\"@context\":\"https:\/\/schema.org\",\"@graph\":[{\"@type\":\"Article\",\"@id\":\"https:\/\/uvbbrasil.com.br\/marcha-dos-legislativos-destaca-cristo-e-homenageia-ex-prefeito-de-encantado-rs\/#article\",\"isPartOf\":{\"@id\":\"https:\/\/uvbbrasil.com.br\/marcha-dos-legislativos-destaca-cristo-e-homenageia-ex-prefeito-de-encantado-rs\/\"},\"author\":{\"name\":\"adminuvb\",\"@id\":\"https:\/\/uvbbrasil.com.br\/#\/schema\/person\/17990098446c098f52effddff4f1b272\"},\"headline\":\"Marcha dos Legislativos destaca Cristo e homenageia ex-prefeito de Encantado\/RS\",\"datePublished\":\"2021-08-31T20:05:08+00:00\",\"mainEntityOfPage\":{\"@id\":\"https:\/\/uvbbrasil.com.br\/marcha-dos-legislativos-destaca-cristo-e-homenageia-ex-prefeito-de-encantado-rs\/\"},\"wordCount\":637,\"commentCount\":0,\"publisher\":{\"@id\":\"https:\/\/uvbbrasil.com.br\/#organization\"},\"image\":{\"@id\":\"https:\/\/uvbbrasil.com.br\/marcha-dos-legislativos-destaca-cristo-e-homenageia-ex-prefeito-de-encantado-rs\/#primaryimage\"},\"thumbnailUrl\":\"https:\/\/uvbbrasil.com.br\/wp-content\/uploads\/2021\/08\/cbb4007b-5fd1-4be0-bbeb-a3f5431211bd.jpg\",\"articleSection\":[\"NOT\u00cdCIAS\",\"UVB\"],\"inLanguage\":\"pt-BR\",\"potentialAction\":[{\"@type\":\"CommentAction\",\"name\":\"Comment\",\"target\":[\"https:\/\/uvbbrasil.com.br\/marcha-dos-legislativos-destaca-cristo-e-homenageia-ex-prefeito-de-encantado-rs\/#respond\"]}]},{\"@type\":\"WebPage\",\"@id\":\"https:\/\/uvbbrasil.com.br\/marcha-dos-legislativos-destaca-cristo-e-homenageia-ex-prefeito-de-encantado-rs\/\",\"url\":\"https:\/\/uvbbrasil.com.br\/marcha-dos-legislativos-destaca-cristo-e-homenageia-ex-prefeito-de-encantado-rs\/\",\"name\":\"Marcha dos Legislativos destaca Cristo e homenageia ex-prefeito de Encantado\/RS - UVB Brasil\",\"isPartOf\":{\"@id\":\"https:\/\/uvbbrasil.com.br\/#website\"},\"primaryImageOfPage\":{\"@id\":\"https:\/\/uvbbrasil.com.br\/marcha-dos-legislativos-destaca-cristo-e-homenageia-ex-prefeito-de-encantado-rs\/#primaryimage\"},\"image\":{\"@id\":\"https:\/\/uvbbrasil.com.br\/marcha-dos-legislativos-destaca-cristo-e-homenageia-ex-prefeito-de-encantado-rs\/#primaryimage\"},\"thumbnailUrl\":\"https:\/\/uvbbrasil.com.br\/wp-content\/uploads\/2021\/08\/cbb4007b-5fd1-4be0-bbeb-a3f5431211bd.jpg\",\"datePublished\":\"2021-08-31T20:05:08+00:00\",\"breadcrumb\":{\"@id\":\"https:\/\/uvbbrasil.com.br\/marcha-dos-legislativos-destaca-cristo-e-homenageia-ex-prefeito-de-encantado-rs\/#breadcrumb\"},\"inLanguage\":\"pt-BR\",\"potentialAction\":[{\"@type\":\"ReadAction\",\"target\":[\"https:\/\/uvbbrasil.com.br\/marcha-dos-legislativos-destaca-cristo-e-homenageia-ex-prefeito-de-encantado-rs\/\"]}]},{\"@type\":\"ImageObject\",\"inLanguage\":\"pt-BR\",\"@id\":\"https:\/\/uvbbrasil.com.br\/marcha-dos-legislativos-destaca-cristo-e-homenageia-ex-prefeito-de-encantado-rs\/#primaryimage\",\"url\":\"https:\/\/uvbbrasil.com.br\/wp-content\/uploads\/2021\/08\/cbb4007b-5fd1-4be0-bbeb-a3f5431211bd.jpg\",\"contentUrl\":\"https:\/\/uvbbrasil.com.br\/wp-content\/uploads\/2021\/08\/cbb4007b-5fd1-4be0-bbeb-a3f5431211bd.jpg\",\"width\":1280,\"height\":850},{\"@type\":\"BreadcrumbList\",\"@id\":\"https:\/\/uvbbrasil.com.br\/marcha-dos-legislativos-destaca-cristo-e-homenageia-ex-prefeito-de-encantado-rs\/#breadcrumb\",\"itemListElement\":[{\"@type\":\"ListItem\",\"position\":1,\"name\":\"In\u00edcio\",\"item\":\"https:\/\/uvbbrasil.com.br\/\"},{\"@type\":\"ListItem\",\"position\":2,\"name\":\"Marcha dos Legislativos destaca Cristo e homenageia ex-prefeito de Encantado\/RS\"}]},{\"@type\":\"WebSite\",\"@id\":\"https:\/\/uvbbrasil.com.br\/#website\",\"url\":\"https:\/\/uvbbrasil.com.br\/\",\"name\":\"UVB Brasil\",\"description\":\"Uni\u00e3o dos Vereadores do Brasil\",\"publisher\":{\"@id\":\"https:\/\/uvbbrasil.com.br\/#organization\"},\"potentialAction\":[{\"@type\":\"SearchAction\",\"target\":{\"@type\":\"EntryPoint\",\"urlTemplate\":\"https:\/\/uvbbrasil.com.br\/?s={search_term_string}\"},\"query-input\":{\"@type\":\"PropertyValueSpecification\",\"valueRequired\":true,\"valueName\":\"search_term_string\"}}],\"inLanguage\":\"pt-BR\"},{\"@type\":\"Organization\",\"@id\":\"https:\/\/uvbbrasil.com.br\/#organization\",\"name\":\"UVB Brasil\",\"url\":\"https:\/\/uvbbrasil.com.br\/\",\"logo\":{\"@type\":\"ImageObject\",\"inLanguage\":\"pt-BR\",\"@id\":\"https:\/\/uvbbrasil.com.br\/#\/schema\/logo\/image\/\",\"url\":\"https:\/\/uvbbrasil.com.br\/wp-content\/uploads\/2025\/01\/LOGO-UVB-2024-azul-1.jpg\",\"contentUrl\":\"https:\/\/uvbbrasil.com.br\/wp-content\/uploads\/2025\/01\/LOGO-UVB-2024-azul-1.jpg\",\"width\":600,\"height\":211,\"caption\":\"UVB Brasil\"},\"image\":{\"@id\":\"https:\/\/uvbbrasil.com.br\/#\/schema\/logo\/image\/\"},\"sameAs\":[\"https:\/\/www.facebook.com\/uvb.vereadoresbrasil\",\"https:\/\/www.instagram.com\/uvbbrasil\/\",\"https:\/\/www.youtube.com\/channel\/UCIlPQ8Xzw5GHNzosQIg9S5A\"]},{\"@type\":\"Person\",\"@id\":\"https:\/\/uvbbrasil.com.br\/#\/schema\/person\/17990098446c098f52effddff4f1b272\",\"name\":\"adminuvb\",\"image\":{\"@type\":\"ImageObject\",\"inLanguage\":\"pt-BR\",\"@id\":\"https:\/\/uvbbrasil.com.br\/#\/schema\/person\/image\/\",\"url\":\"https:\/\/secure.gravatar.com\/avatar\/1a494ea6f8e2dd1ae526e55b0e9497efdba542491e0620d704cccf63c6f77c45?s=96&d=mm&r=g\",\"contentUrl\":\"https:\/\/secure.gravatar.com\/avatar\/1a494ea6f8e2dd1ae526e55b0e9497efdba542491e0620d704cccf63c6f77c45?s=96&d=mm&r=g\",\"caption\":\"adminuvb\"},\"sameAs\":[\"https:\/\/uvbbrasil.com.br\"],\"url\":\"https:\/\/uvbbrasil.com.br\/author\/adminuvb\/\"}]}<\/script>\n<!-- \/ Yoast SEO plugin. -->","yoast_head_json":{"title":"Marcha dos Legislativos destaca Cristo e homenageia ex-prefeito de Encantado\/RS - UVB Brasil","robots":{"index":"index","follow":"follow","max-snippet":"max-snippet:-1","max-image-preview":"max-image-preview:large","max-video-preview":"max-video-preview:-1"},"canonical":"https:\/\/uvbbrasil.com.br\/marcha-dos-legislativos-destaca-cristo-e-homenageia-ex-prefeito-de-encantado-rs\/","og_locale":"pt_BR","og_type":"article","og_title":"Marcha dos Legislativos destaca Cristo e homenageia ex-prefeito de Encantado\/RS - UVB Brasil","og_description":"A trajet\u00f3ria de Adroaldo Conzatti e o esfor\u00e7o comunit\u00e1rio para constru\u00e7\u00e3o do monumento no Morro das Antenas foram apresentados no...","og_url":"https:\/\/uvbbrasil.com.br\/marcha-dos-legislativos-destaca-cristo-e-homenageia-ex-prefeito-de-encantado-rs\/","og_site_name":"UVB Brasil","article_publisher":"https:\/\/www.facebook.com\/uvb.vereadoresbrasil","article_published_time":"2021-08-31T20:05:08+00:00","og_image":[{"width":1280,"height":850,"url":"https:\/\/uvbbrasil.com.br\/wp-content\/uploads\/2021\/08\/cbb4007b-5fd1-4be0-bbeb-a3f5431211bd.jpg","type":"image\/jpeg"}],"author":"adminuvb","twitter_card":"summary_large_image","twitter_misc":{"Escrito por":"adminuvb","Est. tempo de leitura":"3 minutos"},"schema":{"@context":"https:\/\/schema.org","@graph":[{"@type":"Article","@id":"https:\/\/uvbbrasil.com.br\/marcha-dos-legislativos-destaca-cristo-e-homenageia-ex-prefeito-de-encantado-rs\/#article","isPartOf":{"@id":"https:\/\/uvbbrasil.com.br\/marcha-dos-legislativos-destaca-cristo-e-homenageia-ex-prefeito-de-encantado-rs\/"},"author":{"name":"adminuvb","@id":"https:\/\/uvbbrasil.com.br\/#\/schema\/person\/17990098446c098f52effddff4f1b272"},"headline":"Marcha dos Legislativos destaca Cristo e homenageia ex-prefeito de Encantado\/RS","datePublished":"2021-08-31T20:05:08+00:00","mainEntityOfPage":{"@id":"https:\/\/uvbbrasil.com.br\/marcha-dos-legislativos-destaca-cristo-e-homenageia-ex-prefeito-de-encantado-rs\/"},"wordCount":637,"commentCount":0,"publisher":{"@id":"https:\/\/uvbbrasil.com.br\/#organization"},"image":{"@id":"https:\/\/uvbbrasil.com.br\/marcha-dos-legislativos-destaca-cristo-e-homenageia-ex-prefeito-de-encantado-rs\/#primaryimage"},"thumbnailUrl":"https:\/\/uvbbrasil.com.br\/wp-content\/uploads\/2021\/08\/cbb4007b-5fd1-4be0-bbeb-a3f5431211bd.jpg","articleSection":["NOT\u00cdCIAS","UVB"],"inLanguage":"pt-BR","potentialAction":[{"@type":"CommentAction","name":"Comment","target":["https:\/\/uvbbrasil.com.br\/marcha-dos-legislativos-destaca-cristo-e-homenageia-ex-prefeito-de-encantado-rs\/#respond"]}]},{"@type":"WebPage","@id":"https:\/\/uvbbrasil.com.br\/marcha-dos-legislativos-destaca-cristo-e-homenageia-ex-prefeito-de-encantado-rs\/","url":"https:\/\/uvbbrasil.com.br\/marcha-dos-legislativos-destaca-cristo-e-homenageia-ex-prefeito-de-encantado-rs\/","name":"Marcha dos Legislativos destaca Cristo e homenageia ex-prefeito de Encantado\/RS - UVB Brasil","isPartOf":{"@id":"https:\/\/uvbbrasil.com.br\/#website"},"primaryImageOfPage":{"@id":"https:\/\/uvbbrasil.com.br\/marcha-dos-legislativos-destaca-cristo-e-homenageia-ex-prefeito-de-encantado-rs\/#primaryimage"},"image":{"@id":"https:\/\/uvbbrasil.com.br\/marcha-dos-legislativos-destaca-cristo-e-homenageia-ex-prefeito-de-encantado-rs\/#primaryimage"},"thumbnailUrl":"https:\/\/uvbbrasil.com.br\/wp-content\/uploads\/2021\/08\/cbb4007b-5fd1-4be0-bbeb-a3f5431211bd.jpg","datePublished":"2021-08-31T20:05:08+00:00","breadcrumb":{"@id":"https:\/\/uvbbrasil.com.br\/marcha-dos-legislativos-destaca-cristo-e-homenageia-ex-prefeito-de-encantado-rs\/#breadcrumb"},"inLanguage":"pt-BR","potentialAction":[{"@type":"ReadAction","target":["https:\/\/uvbbrasil.com.br\/marcha-dos-legislativos-destaca-cristo-e-homenageia-ex-prefeito-de-encantado-rs\/"]}]},{"@type":"ImageObject","inLanguage":"pt-BR","@id":"https:\/\/uvbbrasil.com.br\/marcha-dos-legislativos-destaca-cristo-e-homenageia-ex-prefeito-de-encantado-rs\/#primaryimage","url":"https:\/\/uvbbrasil.com.br\/wp-content\/uploads\/2021\/08\/cbb4007b-5fd1-4be0-bbeb-a3f5431211bd.jpg","contentUrl":"https:\/\/uvbbrasil.com.br\/wp-content\/uploads\/2021\/08\/cbb4007b-5fd1-4be0-bbeb-a3f5431211bd.jpg","width":1280,"height":850},{"@type":"BreadcrumbList","@id":"https:\/\/uvbbrasil.com.br\/marcha-dos-legislativos-destaca-cristo-e-homenageia-ex-prefeito-de-encantado-rs\/#breadcrumb","itemListElement":[{"@type":"ListItem","position":1,"name":"In\u00edcio","item":"https:\/\/uvbbrasil.com.br\/"},{"@type":"ListItem","position":2,"name":"Marcha dos Legislativos destaca Cristo e homenageia ex-prefeito de Encantado\/RS"}]},{"@type":"WebSite","@id":"https:\/\/uvbbrasil.com.br\/#website","url":"https:\/\/uvbbrasil.com.br\/","name":"UVB Brasil","description":"Uni\u00e3o dos Vereadores do Brasil","publisher":{"@id":"https:\/\/uvbbrasil.com.br\/#organization"},"potentialAction":[{"@type":"SearchAction","target":{"@type":"EntryPoint","urlTemplate":"https:\/\/uvbbrasil.com.br\/?s={search_term_string}"},"query-input":{"@type":"PropertyValueSpecification","valueRequired":true,"valueName":"search_term_string"}}],"inLanguage":"pt-BR"},{"@type":"Organization","@id":"https:\/\/uvbbrasil.com.br\/#organization","name":"UVB Brasil","url":"https:\/\/uvbbrasil.com.br\/","logo":{"@type":"ImageObject","inLanguage":"pt-BR","@id":"https:\/\/uvbbrasil.com.br\/#\/schema\/logo\/image\/","url":"https:\/\/uvbbrasil.com.br\/wp-content\/uploads\/2025\/01\/LOGO-UVB-2024-azul-1.jpg","contentUrl":"https:\/\/uvbbrasil.com.br\/wp-content\/uploads\/2025\/01\/LOGO-UVB-2024-azul-1.jpg","width":600,"height":211,"caption":"UVB Brasil"},"image":{"@id":"https:\/\/uvbbrasil.com.br\/#\/schema\/logo\/image\/"},"sameAs":["https:\/\/www.facebook.com\/uvb.vereadoresbrasil","https:\/\/www.instagram.com\/uvbbrasil\/","https:\/\/www.youtube.com\/channel\/UCIlPQ8Xzw5GHNzosQIg9S5A"]},{"@type":"Person","@id":"https:\/\/uvbbrasil.com.br\/#\/schema\/person\/17990098446c098f52effddff4f1b272","name":"adminuvb","image":{"@type":"ImageObject","inLanguage":"pt-BR","@id":"https:\/\/uvbbrasil.com.br\/#\/schema\/person\/image\/","url":"https:\/\/secure.gravatar.com\/avatar\/1a494ea6f8e2dd1ae526e55b0e9497efdba542491e0620d704cccf63c6f77c45?s=96&d=mm&r=g","contentUrl":"https:\/\/secure.gravatar.com\/avatar\/1a494ea6f8e2dd1ae526e55b0e9497efdba542491e0620d704cccf63c6f77c45?s=96&d=mm&r=g","caption":"adminuvb"},"sameAs":["https:\/\/uvbbrasil.com.br"],"url":"https:\/\/uvbbrasil.com.br\/author\/adminuvb\/"}]}},"_links":{"self":[{"href":"https:\/\/uvbbrasil.com.br\/uvb-json\/wp\/v2\/posts\/23459","targetHints":{"allow":["GET"]}}],"collection":[{"href":"https:\/\/uvbbrasil.com.br\/uvb-json\/wp\/v2\/posts"}],"about":[{"href":"https:\/\/uvbbrasil.com.br\/uvb-json\/wp\/v2\/types\/post"}],"author":[{"embeddable":true,"href":"https:\/\/uvbbrasil.com.br\/uvb-json\/wp\/v2\/users\/1"}],"replies":[{"embeddable":true,"href":"https:\/\/uvbbrasil.com.br\/uvb-json\/wp\/v2\/comments?post=23459"}],"version-history":[{"count":0,"href":"https:\/\/uvbbrasil.com.br\/uvb-json\/wp\/v2\/posts\/23459\/revisions"}],"wp:featuredmedia":[{"embeddable":true,"href":"https:\/\/uvbbrasil.com.br\/uvb-json\/wp\/v2\/media\/23460"}],"wp:attachment":[{"href":"https:\/\/uvbbrasil.com.br\/uvb-json\/wp\/v2\/media?parent=23459"}],"wp:term":[{"taxonomy":"category","embeddable":true,"href":"https:\/\/uvbbrasil.com.br\/uvb-json\/wp\/v2\/categories?post=23459"},{"taxonomy":"post_tag","embeddable":true,"href":"https:\/\/uvbbrasil.com.br\/uvb-json\/wp\/v2\/tags?post=23459"}],"curies":[{"name":"wp","href":"https:\/\/api.w.org\/{rel}","templated":true}]}}