{"id":23375,"date":"2021-08-25T20:48:54","date_gmt":"2021-08-25T23:48:54","guid":{"rendered":"https:\/\/wpsandbox4.pante.com.br\/?p=23375"},"modified":"2021-08-25T20:48:54","modified_gmt":"2021-08-25T23:48:54","slug":"juiz-herval-sampaio-fala-sobre-as-eleicoes-e-as-mudancas-no-sistema-eleitoral","status":"publish","type":"post","link":"https:\/\/uvbbrasil.com.br\/juiz-herval-sampaio-fala-sobre-as-eleicoes-e-as-mudancas-no-sistema-eleitoral\/","title":{"rendered":"Juiz Herval Sampaio fala sobre as Elei\u00e7\u00f5es e as Mudan\u00e7as no Sistema Eleitoral"},"content":{"rendered":"<p>O Juiz de Direito, Dr.Herval Sampaio diretamente do Rio Grande do Norte, participou da XX Marcha dos Legislativos Municipais da UVB, onde explanou aos vereadores e vereadoras participantes do evento sobre as Elei\u00e7\u00f5es e as Mudan\u00e7as no Sistema Eleitoral.<\/p>\n<p>Dr. Herval, citou a reforma eleitoral aprovada em dois turnos na C\u00e2mara dos Deputados, em sua \u00f3tica um grande desrespeito\u00a0 ao politico mais importante que s\u00e3o os vereadores, que\u00a0 submeteram-se a veda\u00e7\u00e3o de coliga\u00e7\u00e3o proporcional, oque, inclusive \u00e9 bom\u00a0 para o sistema, indiscut\u00edvel pois os partidos pol\u00edticos se estruturam melhor, feito em n\u00edvel municipal nas elei\u00e7\u00f5es dos vereadores e sem motivo algum, com\u00a0 a desculpa &#8221; esfarrapada&#8221; de que a volta das coliga\u00e7\u00f5es proporcional era menos ruim quanto ao distrit\u00e3o, ou seja vamos voltar a uma regra que t\u00e3o somente far\u00e1 com que os Deputados Estaduais e Federais facilitem a sua reelei\u00e7\u00e3o.<\/p>\n<p>Isso demonstra que os vereadores e vereadoras devem se valorizarem para que os demais\u00a0 pol\u00edticos que n\u00e3o s\u00e3o maiores que os vereadores a quest\u00e3o de atribui\u00e7\u00e3o, o vereador \u00e9 o politico que tem mais capilaridade, mais contato com a popula\u00e7\u00e3o, a partir disso, o tapa na cara que os deputados deram nos vereadores, possa talvez fazer com que os vereadores lutem, inclusive no Senado Federal para que essa volta das coliga\u00e7\u00f5es proporcional que \u00e9 ruim para o direito partid\u00e1rio Brasileiro, os vereadores s\u00e3o pe\u00e7a fundamental para fazer a verdadeira press\u00e3o politica agora junto ao Senado federal, essa foi a mensagem principal abordada pelo Juiz de Direito, Dr.Herval Sampaio aos vereadores e vereadoras presentes na XX Marcha dos Legislativos Municipais em Bras\u00edlia\/DF.<a href=\"https:\/\/uvbbrasil.com.br\/?attachment_id=23383\" rel=\"attachment wp-att-23383\"><img fetchpriority=\"high\" decoding=\"async\" class=\"aligncenter size-full wp-image-23383\" src=\"https:\/\/uvbbrasil.com.br\/wp-content\/uploads\/2021\/08\/WhatsApp-Image-2021-08-26-at-10.13.39.jpeg\" alt=\"\" width=\"1280\" height=\"850\" srcset=\"https:\/\/uvbbrasil.com.br\/wp-content\/uploads\/2021\/08\/WhatsApp-Image-2021-08-26-at-10.13.39.jpeg 1280w, https:\/\/uvbbrasil.com.br\/wp-content\/uploads\/2021\/08\/WhatsApp-Image-2021-08-26-at-10.13.39-300x199.jpeg 300w, https:\/\/uvbbrasil.com.br\/wp-content\/uploads\/2021\/08\/WhatsApp-Image-2021-08-26-at-10.13.39-1024x680.jpeg 1024w, https:\/\/uvbbrasil.com.br\/wp-content\/uploads\/2021\/08\/WhatsApp-Image-2021-08-26-at-10.13.39-768x510.jpeg 768w\" sizes=\"(max-width: 1280px) 100vw, 1280px\" \/><\/a><a href=\"https:\/\/uvbbrasil.com.br\/?attachment_id=23385\" rel=\"attachment wp-att-23385\"><img decoding=\"async\" class=\"aligncenter size-full wp-image-23385\" src=\"https:\/\/uvbbrasil.com.br\/wp-content\/uploads\/2021\/08\/WhatsApp-Image-2021-08-26-at-10.15.36.jpeg\" alt=\"\" width=\"1280\" height=\"850\" srcset=\"https:\/\/uvbbrasil.com.br\/wp-content\/uploads\/2021\/08\/WhatsApp-Image-2021-08-26-at-10.15.36.jpeg 1280w, https:\/\/uvbbrasil.com.br\/wp-content\/uploads\/2021\/08\/WhatsApp-Image-2021-08-26-at-10.15.36-300x199.jpeg 300w, https:\/\/uvbbrasil.com.br\/wp-content\/uploads\/2021\/08\/WhatsApp-Image-2021-08-26-at-10.15.36-1024x680.jpeg 1024w, https:\/\/uvbbrasil.com.br\/wp-content\/uploads\/2021\/08\/WhatsApp-Image-2021-08-26-at-10.15.36-768x510.jpeg 768w\" sizes=\"(max-width: 1280px) 100vw, 1280px\" \/><\/a><a href=\"https:\/\/uvbbrasil.com.br\/?attachment_id=23386\" rel=\"attachment wp-att-23386\"><img decoding=\"async\" class=\"aligncenter size-full wp-image-23386\" src=\"https:\/\/uvbbrasil.com.br\/wp-content\/uploads\/2021\/08\/WhatsApp-Image-2021-08-26-at-10.16.54.jpeg\" alt=\"\" width=\"1280\" height=\"850\" srcset=\"https:\/\/uvbbrasil.com.br\/wp-content\/uploads\/2021\/08\/WhatsApp-Image-2021-08-26-at-10.16.54.jpeg 1280w, https:\/\/uvbbrasil.com.br\/wp-content\/uploads\/2021\/08\/WhatsApp-Image-2021-08-26-at-10.16.54-300x199.jpeg 300w, https:\/\/uvbbrasil.com.br\/wp-content\/uploads\/2021\/08\/WhatsApp-Image-2021-08-26-at-10.16.54-1024x680.jpeg 1024w, https:\/\/uvbbrasil.com.br\/wp-content\/uploads\/2021\/08\/WhatsApp-Image-2021-08-26-at-10.16.54-768x510.jpeg 768w\" sizes=\"(max-width: 1280px) 100vw, 1280px\" \/><\/a><a href=\"https:\/\/uvbbrasil.com.br\/?attachment_id=23387\" rel=\"attachment wp-att-23387\"><img loading=\"lazy\" decoding=\"async\" class=\"aligncenter size-full wp-image-23387\" src=\"https:\/\/uvbbrasil.com.br\/wp-content\/uploads\/2021\/08\/WhatsApp-Image-2021-08-26-at-10.17.45.jpeg\" alt=\"\" width=\"1280\" height=\"850\" srcset=\"https:\/\/uvbbrasil.com.br\/wp-content\/uploads\/2021\/08\/WhatsApp-Image-2021-08-26-at-10.17.45.jpeg 1280w, https:\/\/uvbbrasil.com.br\/wp-content\/uploads\/2021\/08\/WhatsApp-Image-2021-08-26-at-10.17.45-300x199.jpeg 300w, https:\/\/uvbbrasil.com.br\/wp-content\/uploads\/2021\/08\/WhatsApp-Image-2021-08-26-at-10.17.45-1024x680.jpeg 1024w, https:\/\/uvbbrasil.com.br\/wp-content\/uploads\/2021\/08\/WhatsApp-Image-2021-08-26-at-10.17.45-768x510.jpeg 768w\" sizes=\"(max-width: 1280px) 100vw, 1280px\" \/><\/a><a href=\"https:\/\/uvbbrasil.com.br\/?attachment_id=23382\" rel=\"attachment wp-att-23382\"><img loading=\"lazy\" decoding=\"async\" class=\"aligncenter size-full wp-image-23382\" src=\"https:\/\/uvbbrasil.com.br\/wp-content\/uploads\/2021\/08\/WhatsApp-Image-2021-08-26-at-10.13.38.jpeg\" alt=\"\" width=\"1280\" height=\"850\" srcset=\"https:\/\/uvbbrasil.com.br\/wp-content\/uploads\/2021\/08\/WhatsApp-Image-2021-08-26-at-10.13.38.jpeg 1280w, https:\/\/uvbbrasil.com.br\/wp-content\/uploads\/2021\/08\/WhatsApp-Image-2021-08-26-at-10.13.38-300x199.jpeg 300w, https:\/\/uvbbrasil.com.br\/wp-content\/uploads\/2021\/08\/WhatsApp-Image-2021-08-26-at-10.13.38-1024x680.jpeg 1024w, https:\/\/uvbbrasil.com.br\/wp-content\/uploads\/2021\/08\/WhatsApp-Image-2021-08-26-at-10.13.38-768x510.jpeg 768w\" sizes=\"(max-width: 1280px) 100vw, 1280px\" \/><\/a><\/p>\n","protected":false},"excerpt":{"rendered":"<p>O Juiz de Direito, Dr.Herval Sampaio diretamente do Rio Grande do Norte, participou da XX Marcha dos Legislativos Municipais da&#8230;<\/p>\n","protected":false},"author":1,"featured_media":23386,"comment_status":"open","ping_status":"open","sticky":false,"template":"","format":"standard","meta":{"footnotes":""},"categories":[3,4],"tags":[],"class_list":["post-23375","post","type-post","status-publish","format-standard","has-post-thumbnail","hentry","category-noticias","category-home"],"yoast_head":"<!-- This site is optimized with the Yoast SEO plugin v26.7 - https:\/\/yoast.com\/wordpress\/plugins\/seo\/ -->\n<title>Juiz Herval Sampaio fala sobre as Elei\u00e7\u00f5es e as Mudan\u00e7as no Sistema Eleitoral - UVB Brasil<\/title>\n<meta name=\"robots\" content=\"index, follow, max-snippet:-1, max-image-preview:large, max-video-preview:-1\" \/>\n<link rel=\"canonical\" href=\"https:\/\/uvbbrasil.com.br\/juiz-herval-sampaio-fala-sobre-as-eleicoes-e-as-mudancas-no-sistema-eleitoral\/\" \/>\n<meta property=\"og:locale\" content=\"pt_BR\" \/>\n<meta property=\"og:type\" content=\"article\" \/>\n<meta property=\"og:title\" content=\"Juiz Herval Sampaio fala sobre as Elei\u00e7\u00f5es e as Mudan\u00e7as no Sistema Eleitoral - UVB Brasil\" \/>\n<meta property=\"og:description\" content=\"O Juiz de Direito, Dr.Herval Sampaio diretamente do Rio Grande do Norte, participou da XX Marcha dos Legislativos Municipais da...\" \/>\n<meta property=\"og:url\" content=\"https:\/\/uvbbrasil.com.br\/juiz-herval-sampaio-fala-sobre-as-eleicoes-e-as-mudancas-no-sistema-eleitoral\/\" \/>\n<meta property=\"og:site_name\" content=\"UVB Brasil\" \/>\n<meta property=\"article:publisher\" content=\"https:\/\/www.facebook.com\/uvb.vereadoresbrasil\" \/>\n<meta property=\"article:published_time\" content=\"2021-08-25T23:48:54+00:00\" \/>\n<meta property=\"og:image\" content=\"https:\/\/uvbbrasil.com.br\/wp-content\/uploads\/2021\/08\/WhatsApp-Image-2021-08-26-at-10.16.54.jpeg\" \/>\n\t<meta property=\"og:image:width\" content=\"1280\" \/>\n\t<meta property=\"og:image:height\" content=\"850\" \/>\n\t<meta property=\"og:image:type\" content=\"image\/jpeg\" \/>\n<meta name=\"author\" content=\"adminuvb\" \/>\n<meta name=\"twitter:card\" content=\"summary_large_image\" \/>\n<meta name=\"twitter:label1\" content=\"Escrito por\" \/>\n\t<meta name=\"twitter:data1\" content=\"adminuvb\" \/>\n\t<meta name=\"twitter:label2\" content=\"Est. tempo de leitura\" \/>\n\t<meta name=\"twitter:data2\" content=\"3 minutos\" \/>\n<script type=\"application\/ld+json\" class=\"yoast-schema-graph\">{\"@context\":\"https:\/\/schema.org\",\"@graph\":[{\"@type\":\"Article\",\"@id\":\"https:\/\/uvbbrasil.com.br\/juiz-herval-sampaio-fala-sobre-as-eleicoes-e-as-mudancas-no-sistema-eleitoral\/#article\",\"isPartOf\":{\"@id\":\"https:\/\/uvbbrasil.com.br\/juiz-herval-sampaio-fala-sobre-as-eleicoes-e-as-mudancas-no-sistema-eleitoral\/\"},\"author\":{\"name\":\"adminuvb\",\"@id\":\"https:\/\/uvbbrasil.com.br\/#\/schema\/person\/17990098446c098f52effddff4f1b272\"},\"headline\":\"Juiz Herval Sampaio fala sobre as Elei\u00e7\u00f5es e as Mudan\u00e7as no Sistema Eleitoral\",\"datePublished\":\"2021-08-25T23:48:54+00:00\",\"mainEntityOfPage\":{\"@id\":\"https:\/\/uvbbrasil.com.br\/juiz-herval-sampaio-fala-sobre-as-eleicoes-e-as-mudancas-no-sistema-eleitoral\/\"},\"wordCount\":302,\"commentCount\":0,\"publisher\":{\"@id\":\"https:\/\/uvbbrasil.com.br\/#organization\"},\"image\":{\"@id\":\"https:\/\/uvbbrasil.com.br\/juiz-herval-sampaio-fala-sobre-as-eleicoes-e-as-mudancas-no-sistema-eleitoral\/#primaryimage\"},\"thumbnailUrl\":\"https:\/\/uvbbrasil.com.br\/wp-content\/uploads\/2021\/08\/WhatsApp-Image-2021-08-26-at-10.16.54.jpeg\",\"articleSection\":[\"NOT\u00cdCIAS\",\"UVB\"],\"inLanguage\":\"pt-BR\",\"potentialAction\":[{\"@type\":\"CommentAction\",\"name\":\"Comment\",\"target\":[\"https:\/\/uvbbrasil.com.br\/juiz-herval-sampaio-fala-sobre-as-eleicoes-e-as-mudancas-no-sistema-eleitoral\/#respond\"]}]},{\"@type\":\"WebPage\",\"@id\":\"https:\/\/uvbbrasil.com.br\/juiz-herval-sampaio-fala-sobre-as-eleicoes-e-as-mudancas-no-sistema-eleitoral\/\",\"url\":\"https:\/\/uvbbrasil.com.br\/juiz-herval-sampaio-fala-sobre-as-eleicoes-e-as-mudancas-no-sistema-eleitoral\/\",\"name\":\"Juiz Herval Sampaio fala sobre as Elei\u00e7\u00f5es e as Mudan\u00e7as no Sistema Eleitoral - UVB Brasil\",\"isPartOf\":{\"@id\":\"https:\/\/uvbbrasil.com.br\/#website\"},\"primaryImageOfPage\":{\"@id\":\"https:\/\/uvbbrasil.com.br\/juiz-herval-sampaio-fala-sobre-as-eleicoes-e-as-mudancas-no-sistema-eleitoral\/#primaryimage\"},\"image\":{\"@id\":\"https:\/\/uvbbrasil.com.br\/juiz-herval-sampaio-fala-sobre-as-eleicoes-e-as-mudancas-no-sistema-eleitoral\/#primaryimage\"},\"thumbnailUrl\":\"https:\/\/uvbbrasil.com.br\/wp-content\/uploads\/2021\/08\/WhatsApp-Image-2021-08-26-at-10.16.54.jpeg\",\"datePublished\":\"2021-08-25T23:48:54+00:00\",\"breadcrumb\":{\"@id\":\"https:\/\/uvbbrasil.com.br\/juiz-herval-sampaio-fala-sobre-as-eleicoes-e-as-mudancas-no-sistema-eleitoral\/#breadcrumb\"},\"inLanguage\":\"pt-BR\",\"potentialAction\":[{\"@type\":\"ReadAction\",\"target\":[\"https:\/\/uvbbrasil.com.br\/juiz-herval-sampaio-fala-sobre-as-eleicoes-e-as-mudancas-no-sistema-eleitoral\/\"]}]},{\"@type\":\"ImageObject\",\"inLanguage\":\"pt-BR\",\"@id\":\"https:\/\/uvbbrasil.com.br\/juiz-herval-sampaio-fala-sobre-as-eleicoes-e-as-mudancas-no-sistema-eleitoral\/#primaryimage\",\"url\":\"https:\/\/uvbbrasil.com.br\/wp-content\/uploads\/2021\/08\/WhatsApp-Image-2021-08-26-at-10.16.54.jpeg\",\"contentUrl\":\"https:\/\/uvbbrasil.com.br\/wp-content\/uploads\/2021\/08\/WhatsApp-Image-2021-08-26-at-10.16.54.jpeg\",\"width\":1280,\"height\":850},{\"@type\":\"BreadcrumbList\",\"@id\":\"https:\/\/uvbbrasil.com.br\/juiz-herval-sampaio-fala-sobre-as-eleicoes-e-as-mudancas-no-sistema-eleitoral\/#breadcrumb\",\"itemListElement\":[{\"@type\":\"ListItem\",\"position\":1,\"name\":\"In\u00edcio\",\"item\":\"https:\/\/uvbbrasil.com.br\/\"},{\"@type\":\"ListItem\",\"position\":2,\"name\":\"Juiz Herval Sampaio fala sobre as Elei\u00e7\u00f5es e as Mudan\u00e7as no Sistema Eleitoral\"}]},{\"@type\":\"WebSite\",\"@id\":\"https:\/\/uvbbrasil.com.br\/#website\",\"url\":\"https:\/\/uvbbrasil.com.br\/\",\"name\":\"UVB Brasil\",\"description\":\"Uni\u00e3o dos Vereadores do Brasil\",\"publisher\":{\"@id\":\"https:\/\/uvbbrasil.com.br\/#organization\"},\"potentialAction\":[{\"@type\":\"SearchAction\",\"target\":{\"@type\":\"EntryPoint\",\"urlTemplate\":\"https:\/\/uvbbrasil.com.br\/?s={search_term_string}\"},\"query-input\":{\"@type\":\"PropertyValueSpecification\",\"valueRequired\":true,\"valueName\":\"search_term_string\"}}],\"inLanguage\":\"pt-BR\"},{\"@type\":\"Organization\",\"@id\":\"https:\/\/uvbbrasil.com.br\/#organization\",\"name\":\"UVB Brasil\",\"url\":\"https:\/\/uvbbrasil.com.br\/\",\"logo\":{\"@type\":\"ImageObject\",\"inLanguage\":\"pt-BR\",\"@id\":\"https:\/\/uvbbrasil.com.br\/#\/schema\/logo\/image\/\",\"url\":\"https:\/\/uvbbrasil.com.br\/wp-content\/uploads\/2025\/01\/LOGO-UVB-2024-azul-1.jpg\",\"contentUrl\":\"https:\/\/uvbbrasil.com.br\/wp-content\/uploads\/2025\/01\/LOGO-UVB-2024-azul-1.jpg\",\"width\":600,\"height\":211,\"caption\":\"UVB Brasil\"},\"image\":{\"@id\":\"https:\/\/uvbbrasil.com.br\/#\/schema\/logo\/image\/\"},\"sameAs\":[\"https:\/\/www.facebook.com\/uvb.vereadoresbrasil\",\"https:\/\/www.instagram.com\/uvbbrasil\/\",\"https:\/\/www.youtube.com\/channel\/UCIlPQ8Xzw5GHNzosQIg9S5A\"]},{\"@type\":\"Person\",\"@id\":\"https:\/\/uvbbrasil.com.br\/#\/schema\/person\/17990098446c098f52effddff4f1b272\",\"name\":\"adminuvb\",\"image\":{\"@type\":\"ImageObject\",\"inLanguage\":\"pt-BR\",\"@id\":\"https:\/\/uvbbrasil.com.br\/#\/schema\/person\/image\/\",\"url\":\"https:\/\/secure.gravatar.com\/avatar\/1a494ea6f8e2dd1ae526e55b0e9497efdba542491e0620d704cccf63c6f77c45?s=96&d=mm&r=g\",\"contentUrl\":\"https:\/\/secure.gravatar.com\/avatar\/1a494ea6f8e2dd1ae526e55b0e9497efdba542491e0620d704cccf63c6f77c45?s=96&d=mm&r=g\",\"caption\":\"adminuvb\"},\"sameAs\":[\"https:\/\/uvbbrasil.com.br\"],\"url\":\"https:\/\/uvbbrasil.com.br\/author\/adminuvb\/\"}]}<\/script>\n<!-- \/ Yoast SEO plugin. -->","yoast_head_json":{"title":"Juiz Herval Sampaio fala sobre as Elei\u00e7\u00f5es e as Mudan\u00e7as no Sistema Eleitoral - UVB Brasil","robots":{"index":"index","follow":"follow","max-snippet":"max-snippet:-1","max-image-preview":"max-image-preview:large","max-video-preview":"max-video-preview:-1"},"canonical":"https:\/\/uvbbrasil.com.br\/juiz-herval-sampaio-fala-sobre-as-eleicoes-e-as-mudancas-no-sistema-eleitoral\/","og_locale":"pt_BR","og_type":"article","og_title":"Juiz Herval Sampaio fala sobre as Elei\u00e7\u00f5es e as Mudan\u00e7as no Sistema Eleitoral - UVB Brasil","og_description":"O Juiz de Direito, Dr.Herval Sampaio diretamente do Rio Grande do Norte, participou da XX Marcha dos Legislativos Municipais da...","og_url":"https:\/\/uvbbrasil.com.br\/juiz-herval-sampaio-fala-sobre-as-eleicoes-e-as-mudancas-no-sistema-eleitoral\/","og_site_name":"UVB Brasil","article_publisher":"https:\/\/www.facebook.com\/uvb.vereadoresbrasil","article_published_time":"2021-08-25T23:48:54+00:00","og_image":[{"width":1280,"height":850,"url":"https:\/\/uvbbrasil.com.br\/wp-content\/uploads\/2021\/08\/WhatsApp-Image-2021-08-26-at-10.16.54.jpeg","type":"image\/jpeg"}],"author":"adminuvb","twitter_card":"summary_large_image","twitter_misc":{"Escrito por":"adminuvb","Est. tempo de leitura":"3 minutos"},"schema":{"@context":"https:\/\/schema.org","@graph":[{"@type":"Article","@id":"https:\/\/uvbbrasil.com.br\/juiz-herval-sampaio-fala-sobre-as-eleicoes-e-as-mudancas-no-sistema-eleitoral\/#article","isPartOf":{"@id":"https:\/\/uvbbrasil.com.br\/juiz-herval-sampaio-fala-sobre-as-eleicoes-e-as-mudancas-no-sistema-eleitoral\/"},"author":{"name":"adminuvb","@id":"https:\/\/uvbbrasil.com.br\/#\/schema\/person\/17990098446c098f52effddff4f1b272"},"headline":"Juiz Herval Sampaio fala sobre as Elei\u00e7\u00f5es e as Mudan\u00e7as no Sistema Eleitoral","datePublished":"2021-08-25T23:48:54+00:00","mainEntityOfPage":{"@id":"https:\/\/uvbbrasil.com.br\/juiz-herval-sampaio-fala-sobre-as-eleicoes-e-as-mudancas-no-sistema-eleitoral\/"},"wordCount":302,"commentCount":0,"publisher":{"@id":"https:\/\/uvbbrasil.com.br\/#organization"},"image":{"@id":"https:\/\/uvbbrasil.com.br\/juiz-herval-sampaio-fala-sobre-as-eleicoes-e-as-mudancas-no-sistema-eleitoral\/#primaryimage"},"thumbnailUrl":"https:\/\/uvbbrasil.com.br\/wp-content\/uploads\/2021\/08\/WhatsApp-Image-2021-08-26-at-10.16.54.jpeg","articleSection":["NOT\u00cdCIAS","UVB"],"inLanguage":"pt-BR","potentialAction":[{"@type":"CommentAction","name":"Comment","target":["https:\/\/uvbbrasil.com.br\/juiz-herval-sampaio-fala-sobre-as-eleicoes-e-as-mudancas-no-sistema-eleitoral\/#respond"]}]},{"@type":"WebPage","@id":"https:\/\/uvbbrasil.com.br\/juiz-herval-sampaio-fala-sobre-as-eleicoes-e-as-mudancas-no-sistema-eleitoral\/","url":"https:\/\/uvbbrasil.com.br\/juiz-herval-sampaio-fala-sobre-as-eleicoes-e-as-mudancas-no-sistema-eleitoral\/","name":"Juiz Herval Sampaio fala sobre as Elei\u00e7\u00f5es e as Mudan\u00e7as no Sistema Eleitoral - UVB Brasil","isPartOf":{"@id":"https:\/\/uvbbrasil.com.br\/#website"},"primaryImageOfPage":{"@id":"https:\/\/uvbbrasil.com.br\/juiz-herval-sampaio-fala-sobre-as-eleicoes-e-as-mudancas-no-sistema-eleitoral\/#primaryimage"},"image":{"@id":"https:\/\/uvbbrasil.com.br\/juiz-herval-sampaio-fala-sobre-as-eleicoes-e-as-mudancas-no-sistema-eleitoral\/#primaryimage"},"thumbnailUrl":"https:\/\/uvbbrasil.com.br\/wp-content\/uploads\/2021\/08\/WhatsApp-Image-2021-08-26-at-10.16.54.jpeg","datePublished":"2021-08-25T23:48:54+00:00","breadcrumb":{"@id":"https:\/\/uvbbrasil.com.br\/juiz-herval-sampaio-fala-sobre-as-eleicoes-e-as-mudancas-no-sistema-eleitoral\/#breadcrumb"},"inLanguage":"pt-BR","potentialAction":[{"@type":"ReadAction","target":["https:\/\/uvbbrasil.com.br\/juiz-herval-sampaio-fala-sobre-as-eleicoes-e-as-mudancas-no-sistema-eleitoral\/"]}]},{"@type":"ImageObject","inLanguage":"pt-BR","@id":"https:\/\/uvbbrasil.com.br\/juiz-herval-sampaio-fala-sobre-as-eleicoes-e-as-mudancas-no-sistema-eleitoral\/#primaryimage","url":"https:\/\/uvbbrasil.com.br\/wp-content\/uploads\/2021\/08\/WhatsApp-Image-2021-08-26-at-10.16.54.jpeg","contentUrl":"https:\/\/uvbbrasil.com.br\/wp-content\/uploads\/2021\/08\/WhatsApp-Image-2021-08-26-at-10.16.54.jpeg","width":1280,"height":850},{"@type":"BreadcrumbList","@id":"https:\/\/uvbbrasil.com.br\/juiz-herval-sampaio-fala-sobre-as-eleicoes-e-as-mudancas-no-sistema-eleitoral\/#breadcrumb","itemListElement":[{"@type":"ListItem","position":1,"name":"In\u00edcio","item":"https:\/\/uvbbrasil.com.br\/"},{"@type":"ListItem","position":2,"name":"Juiz Herval Sampaio fala sobre as Elei\u00e7\u00f5es e as Mudan\u00e7as no Sistema Eleitoral"}]},{"@type":"WebSite","@id":"https:\/\/uvbbrasil.com.br\/#website","url":"https:\/\/uvbbrasil.com.br\/","name":"UVB Brasil","description":"Uni\u00e3o dos Vereadores do Brasil","publisher":{"@id":"https:\/\/uvbbrasil.com.br\/#organization"},"potentialAction":[{"@type":"SearchAction","target":{"@type":"EntryPoint","urlTemplate":"https:\/\/uvbbrasil.com.br\/?s={search_term_string}"},"query-input":{"@type":"PropertyValueSpecification","valueRequired":true,"valueName":"search_term_string"}}],"inLanguage":"pt-BR"},{"@type":"Organization","@id":"https:\/\/uvbbrasil.com.br\/#organization","name":"UVB Brasil","url":"https:\/\/uvbbrasil.com.br\/","logo":{"@type":"ImageObject","inLanguage":"pt-BR","@id":"https:\/\/uvbbrasil.com.br\/#\/schema\/logo\/image\/","url":"https:\/\/uvbbrasil.com.br\/wp-content\/uploads\/2025\/01\/LOGO-UVB-2024-azul-1.jpg","contentUrl":"https:\/\/uvbbrasil.com.br\/wp-content\/uploads\/2025\/01\/LOGO-UVB-2024-azul-1.jpg","width":600,"height":211,"caption":"UVB Brasil"},"image":{"@id":"https:\/\/uvbbrasil.com.br\/#\/schema\/logo\/image\/"},"sameAs":["https:\/\/www.facebook.com\/uvb.vereadoresbrasil","https:\/\/www.instagram.com\/uvbbrasil\/","https:\/\/www.youtube.com\/channel\/UCIlPQ8Xzw5GHNzosQIg9S5A"]},{"@type":"Person","@id":"https:\/\/uvbbrasil.com.br\/#\/schema\/person\/17990098446c098f52effddff4f1b272","name":"adminuvb","image":{"@type":"ImageObject","inLanguage":"pt-BR","@id":"https:\/\/uvbbrasil.com.br\/#\/schema\/person\/image\/","url":"https:\/\/secure.gravatar.com\/avatar\/1a494ea6f8e2dd1ae526e55b0e9497efdba542491e0620d704cccf63c6f77c45?s=96&d=mm&r=g","contentUrl":"https:\/\/secure.gravatar.com\/avatar\/1a494ea6f8e2dd1ae526e55b0e9497efdba542491e0620d704cccf63c6f77c45?s=96&d=mm&r=g","caption":"adminuvb"},"sameAs":["https:\/\/uvbbrasil.com.br"],"url":"https:\/\/uvbbrasil.com.br\/author\/adminuvb\/"}]}},"_links":{"self":[{"href":"https:\/\/uvbbrasil.com.br\/uvb-json\/wp\/v2\/posts\/23375","targetHints":{"allow":["GET"]}}],"collection":[{"href":"https:\/\/uvbbrasil.com.br\/uvb-json\/wp\/v2\/posts"}],"about":[{"href":"https:\/\/uvbbrasil.com.br\/uvb-json\/wp\/v2\/types\/post"}],"author":[{"embeddable":true,"href":"https:\/\/uvbbrasil.com.br\/uvb-json\/wp\/v2\/users\/1"}],"replies":[{"embeddable":true,"href":"https:\/\/uvbbrasil.com.br\/uvb-json\/wp\/v2\/comments?post=23375"}],"version-history":[{"count":0,"href":"https:\/\/uvbbrasil.com.br\/uvb-json\/wp\/v2\/posts\/23375\/revisions"}],"wp:featuredmedia":[{"embeddable":true,"href":"https:\/\/uvbbrasil.com.br\/uvb-json\/wp\/v2\/media\/23386"}],"wp:attachment":[{"href":"https:\/\/uvbbrasil.com.br\/uvb-json\/wp\/v2\/media?parent=23375"}],"wp:term":[{"taxonomy":"category","embeddable":true,"href":"https:\/\/uvbbrasil.com.br\/uvb-json\/wp\/v2\/categories?post=23375"},{"taxonomy":"post_tag","embeddable":true,"href":"https:\/\/uvbbrasil.com.br\/uvb-json\/wp\/v2\/tags?post=23375"}],"curies":[{"name":"wp","href":"https:\/\/api.w.org\/{rel}","templated":true}]}}