{"id":23362,"date":"2021-08-25T16:19:49","date_gmt":"2021-08-25T19:19:49","guid":{"rendered":"https:\/\/wpsandbox4.pante.com.br\/?p=23362"},"modified":"2021-08-25T16:19:49","modified_gmt":"2021-08-25T19:19:49","slug":"abertura-oficial-da-xx-marcha-dos-legislativos-municipais","status":"publish","type":"post","link":"https:\/\/uvbbrasil.com.br\/abertura-oficial-da-xx-marcha-dos-legislativos-municipais\/","title":{"rendered":"Abertura oficial da XX Marcha dos Legislativos Municipais"},"content":{"rendered":"<p>A abertura oficial da XX edi\u00e7\u00e3o da Marcha dos Legislativos Municipais aconteceu na tarde desta ter\u00e7a-feira (24) no opera hall com a participa\u00e7\u00e3o de vereadores e vereadoras de todos os estados da Federa\u00e7\u00e3o Brasileira.<br \/>\nComandada pelo o Presidente da Uni\u00e3o dos Vereadores do Brasil\/UVB, Gilson Conzatti, a cerim\u00f4nia de abertura contou com a presen\u00e7a do Senador da Rep\u00fablica, Fernando Collor, que foi homenageado com a Medalha m\u00e9rito Municipalista na Educa\u00e7\u00e3o, Deputado Federal Afonso Motta(PDT\/RS), Deputado Federal Celson Maldaner( MDB\/SC),representando as entidades estaduais Rio Grande do Sul, Silomar Garcia, Santa Catarina, Anderson Guzzato, Mato Grosso do Sul, Jiovani Vieira, Pernambuco, Edmilson Henauth, Bahia, Edylene Ferreira,Piaiu\u00ed, Jos\u00e9 Cardoso,Minas, Evandro Lott,Tocantins, Terciliano Gomes,Ceara, Toim Braga, Rio Grande do Norte, Larissa Rosado, Amap\u00e1, Alzivan Alves, Goi\u00e1s, Ricardo Oliveira, Maranh\u00e3o, Asaf Sobrinho.<\/p>\n<p>A programa\u00e7\u00e3o da XX Marcha dos Legislativos Municipais segue ate a sexta-feira(27).<\/p>\n<p><a href=\"https:\/\/uvbbrasil.com.br\/?attachment_id=23363\" rel=\"attachment wp-att-23363\"><img fetchpriority=\"high\" decoding=\"async\" class=\"aligncenter size-full wp-image-23363\" src=\"https:\/\/uvbbrasil.com.br\/wp-content\/uploads\/2021\/08\/WhatsApp-Image-2021-08-25-at-10.51.48.jpeg\" alt=\"\" width=\"1280\" height=\"850\" srcset=\"https:\/\/uvbbrasil.com.br\/wp-content\/uploads\/2021\/08\/WhatsApp-Image-2021-08-25-at-10.51.48.jpeg 1280w, https:\/\/uvbbrasil.com.br\/wp-content\/uploads\/2021\/08\/WhatsApp-Image-2021-08-25-at-10.51.48-300x199.jpeg 300w, https:\/\/uvbbrasil.com.br\/wp-content\/uploads\/2021\/08\/WhatsApp-Image-2021-08-25-at-10.51.48-1024x680.jpeg 1024w, https:\/\/uvbbrasil.com.br\/wp-content\/uploads\/2021\/08\/WhatsApp-Image-2021-08-25-at-10.51.48-768x510.jpeg 768w\" sizes=\"(max-width: 1280px) 100vw, 1280px\" \/><\/a><a href=\"https:\/\/uvbbrasil.com.br\/?attachment_id=23364\" rel=\"attachment wp-att-23364\"><img decoding=\"async\" class=\"aligncenter size-full wp-image-23364\" src=\"https:\/\/uvbbrasil.com.br\/wp-content\/uploads\/2021\/08\/WhatsApp-Image-2021-08-25-at-10.51.17.jpeg\" alt=\"\" width=\"1280\" height=\"850\" srcset=\"https:\/\/uvbbrasil.com.br\/wp-content\/uploads\/2021\/08\/WhatsApp-Image-2021-08-25-at-10.51.17.jpeg 1280w, https:\/\/uvbbrasil.com.br\/wp-content\/uploads\/2021\/08\/WhatsApp-Image-2021-08-25-at-10.51.17-300x199.jpeg 300w, https:\/\/uvbbrasil.com.br\/wp-content\/uploads\/2021\/08\/WhatsApp-Image-2021-08-25-at-10.51.17-1024x680.jpeg 1024w, https:\/\/uvbbrasil.com.br\/wp-content\/uploads\/2021\/08\/WhatsApp-Image-2021-08-25-at-10.51.17-768x510.jpeg 768w\" sizes=\"(max-width: 1280px) 100vw, 1280px\" \/><\/a><a href=\"https:\/\/uvbbrasil.com.br\/?attachment_id=23366\" rel=\"attachment wp-att-23366\"><img decoding=\"async\" class=\"aligncenter size-full wp-image-23366\" src=\"https:\/\/uvbbrasil.com.br\/wp-content\/uploads\/2021\/08\/WhatsApp-Image-2021-08-25-at-10.33.59-1.jpeg\" alt=\"\" width=\"1280\" height=\"850\" srcset=\"https:\/\/uvbbrasil.com.br\/wp-content\/uploads\/2021\/08\/WhatsApp-Image-2021-08-25-at-10.33.59-1.jpeg 1280w, https:\/\/uvbbrasil.com.br\/wp-content\/uploads\/2021\/08\/WhatsApp-Image-2021-08-25-at-10.33.59-1-300x199.jpeg 300w, https:\/\/uvbbrasil.com.br\/wp-content\/uploads\/2021\/08\/WhatsApp-Image-2021-08-25-at-10.33.59-1-1024x680.jpeg 1024w, https:\/\/uvbbrasil.com.br\/wp-content\/uploads\/2021\/08\/WhatsApp-Image-2021-08-25-at-10.33.59-1-768x510.jpeg 768w\" sizes=\"(max-width: 1280px) 100vw, 1280px\" \/><\/a><a href=\"https:\/\/uvbbrasil.com.br\/?attachment_id=23367\" rel=\"attachment wp-att-23367\"><img loading=\"lazy\" decoding=\"async\" class=\"aligncenter size-full wp-image-23367\" src=\"https:\/\/uvbbrasil.com.br\/wp-content\/uploads\/2021\/08\/WhatsApp-Image-2021-08-25-at-10.35.46-1.jpeg\" alt=\"\" width=\"1280\" height=\"850\" srcset=\"https:\/\/uvbbrasil.com.br\/wp-content\/uploads\/2021\/08\/WhatsApp-Image-2021-08-25-at-10.35.46-1.jpeg 1280w, https:\/\/uvbbrasil.com.br\/wp-content\/uploads\/2021\/08\/WhatsApp-Image-2021-08-25-at-10.35.46-1-300x199.jpeg 300w, https:\/\/uvbbrasil.com.br\/wp-content\/uploads\/2021\/08\/WhatsApp-Image-2021-08-25-at-10.35.46-1-1024x680.jpeg 1024w, https:\/\/uvbbrasil.com.br\/wp-content\/uploads\/2021\/08\/WhatsApp-Image-2021-08-25-at-10.35.46-1-768x510.jpeg 768w\" sizes=\"(max-width: 1280px) 100vw, 1280px\" \/><\/a><a href=\"https:\/\/uvbbrasil.com.br\/?attachment_id=23368\" rel=\"attachment wp-att-23368\"><img loading=\"lazy\" decoding=\"async\" class=\"aligncenter size-full wp-image-23368\" src=\"https:\/\/uvbbrasil.com.br\/wp-content\/uploads\/2021\/08\/WhatsApp-Image-2021-08-25-at-10.48.45.jpeg\" alt=\"\" width=\"1280\" height=\"850\" srcset=\"https:\/\/uvbbrasil.com.br\/wp-content\/uploads\/2021\/08\/WhatsApp-Image-2021-08-25-at-10.48.45.jpeg 1280w, https:\/\/uvbbrasil.com.br\/wp-content\/uploads\/2021\/08\/WhatsApp-Image-2021-08-25-at-10.48.45-300x199.jpeg 300w, https:\/\/uvbbrasil.com.br\/wp-content\/uploads\/2021\/08\/WhatsApp-Image-2021-08-25-at-10.48.45-1024x680.jpeg 1024w, https:\/\/uvbbrasil.com.br\/wp-content\/uploads\/2021\/08\/WhatsApp-Image-2021-08-25-at-10.48.45-768x510.jpeg 768w\" sizes=\"(max-width: 1280px) 100vw, 1280px\" \/><\/a><\/p>\n","protected":false},"excerpt":{"rendered":"<p>A abertura oficial da XX edi\u00e7\u00e3o da Marcha dos Legislativos Municipais aconteceu na tarde desta ter\u00e7a-feira (24) no opera hall&#8230;<\/p>\n","protected":false},"author":1,"featured_media":23368,"comment_status":"open","ping_status":"open","sticky":false,"template":"","format":"standard","meta":{"footnotes":""},"categories":[3,4],"tags":[],"class_list":["post-23362","post","type-post","status-publish","format-standard","has-post-thumbnail","hentry","category-noticias","category-home"],"yoast_head":"<!-- This site is optimized with the Yoast SEO plugin v26.7 - https:\/\/yoast.com\/wordpress\/plugins\/seo\/ -->\n<title>Abertura oficial da XX Marcha dos Legislativos Municipais - UVB Brasil<\/title>\n<meta name=\"robots\" content=\"index, follow, max-snippet:-1, max-image-preview:large, max-video-preview:-1\" \/>\n<link rel=\"canonical\" href=\"https:\/\/uvbbrasil.com.br\/abertura-oficial-da-xx-marcha-dos-legislativos-municipais\/\" \/>\n<meta property=\"og:locale\" content=\"pt_BR\" \/>\n<meta property=\"og:type\" content=\"article\" \/>\n<meta property=\"og:title\" content=\"Abertura oficial da XX Marcha dos Legislativos Municipais - UVB Brasil\" \/>\n<meta property=\"og:description\" content=\"A abertura oficial da XX edi\u00e7\u00e3o da Marcha dos Legislativos Municipais aconteceu na tarde desta ter\u00e7a-feira (24) no opera hall...\" \/>\n<meta property=\"og:url\" content=\"https:\/\/uvbbrasil.com.br\/abertura-oficial-da-xx-marcha-dos-legislativos-municipais\/\" \/>\n<meta property=\"og:site_name\" content=\"UVB Brasil\" \/>\n<meta property=\"article:publisher\" content=\"https:\/\/www.facebook.com\/uvb.vereadoresbrasil\" \/>\n<meta property=\"article:published_time\" content=\"2021-08-25T19:19:49+00:00\" \/>\n<meta property=\"og:image\" content=\"https:\/\/uvbbrasil.com.br\/wp-content\/uploads\/2021\/08\/WhatsApp-Image-2021-08-25-at-10.48.45.jpeg\" \/>\n\t<meta property=\"og:image:width\" content=\"1280\" \/>\n\t<meta property=\"og:image:height\" content=\"850\" \/>\n\t<meta property=\"og:image:type\" content=\"image\/jpeg\" \/>\n<meta name=\"author\" content=\"adminuvb\" \/>\n<meta name=\"twitter:card\" content=\"summary_large_image\" \/>\n<meta name=\"twitter:label1\" content=\"Escrito por\" \/>\n\t<meta name=\"twitter:data1\" content=\"adminuvb\" \/>\n\t<meta name=\"twitter:label2\" content=\"Est. tempo de leitura\" \/>\n\t<meta name=\"twitter:data2\" content=\"2 minutos\" \/>\n<script type=\"application\/ld+json\" class=\"yoast-schema-graph\">{\"@context\":\"https:\/\/schema.org\",\"@graph\":[{\"@type\":\"Article\",\"@id\":\"https:\/\/uvbbrasil.com.br\/abertura-oficial-da-xx-marcha-dos-legislativos-municipais\/#article\",\"isPartOf\":{\"@id\":\"https:\/\/uvbbrasil.com.br\/abertura-oficial-da-xx-marcha-dos-legislativos-municipais\/\"},\"author\":{\"name\":\"adminuvb\",\"@id\":\"https:\/\/uvbbrasil.com.br\/#\/schema\/person\/17990098446c098f52effddff4f1b272\"},\"headline\":\"Abertura oficial da XX Marcha dos Legislativos Municipais\",\"datePublished\":\"2021-08-25T19:19:49+00:00\",\"mainEntityOfPage\":{\"@id\":\"https:\/\/uvbbrasil.com.br\/abertura-oficial-da-xx-marcha-dos-legislativos-municipais\/\"},\"wordCount\":168,\"commentCount\":0,\"publisher\":{\"@id\":\"https:\/\/uvbbrasil.com.br\/#organization\"},\"image\":{\"@id\":\"https:\/\/uvbbrasil.com.br\/abertura-oficial-da-xx-marcha-dos-legislativos-municipais\/#primaryimage\"},\"thumbnailUrl\":\"https:\/\/uvbbrasil.com.br\/wp-content\/uploads\/2021\/08\/WhatsApp-Image-2021-08-25-at-10.48.45.jpeg\",\"articleSection\":[\"NOT\u00cdCIAS\",\"UVB\"],\"inLanguage\":\"pt-BR\",\"potentialAction\":[{\"@type\":\"CommentAction\",\"name\":\"Comment\",\"target\":[\"https:\/\/uvbbrasil.com.br\/abertura-oficial-da-xx-marcha-dos-legislativos-municipais\/#respond\"]}]},{\"@type\":\"WebPage\",\"@id\":\"https:\/\/uvbbrasil.com.br\/abertura-oficial-da-xx-marcha-dos-legislativos-municipais\/\",\"url\":\"https:\/\/uvbbrasil.com.br\/abertura-oficial-da-xx-marcha-dos-legislativos-municipais\/\",\"name\":\"Abertura oficial da XX Marcha dos Legislativos Municipais - UVB Brasil\",\"isPartOf\":{\"@id\":\"https:\/\/uvbbrasil.com.br\/#website\"},\"primaryImageOfPage\":{\"@id\":\"https:\/\/uvbbrasil.com.br\/abertura-oficial-da-xx-marcha-dos-legislativos-municipais\/#primaryimage\"},\"image\":{\"@id\":\"https:\/\/uvbbrasil.com.br\/abertura-oficial-da-xx-marcha-dos-legislativos-municipais\/#primaryimage\"},\"thumbnailUrl\":\"https:\/\/uvbbrasil.com.br\/wp-content\/uploads\/2021\/08\/WhatsApp-Image-2021-08-25-at-10.48.45.jpeg\",\"datePublished\":\"2021-08-25T19:19:49+00:00\",\"breadcrumb\":{\"@id\":\"https:\/\/uvbbrasil.com.br\/abertura-oficial-da-xx-marcha-dos-legislativos-municipais\/#breadcrumb\"},\"inLanguage\":\"pt-BR\",\"potentialAction\":[{\"@type\":\"ReadAction\",\"target\":[\"https:\/\/uvbbrasil.com.br\/abertura-oficial-da-xx-marcha-dos-legislativos-municipais\/\"]}]},{\"@type\":\"ImageObject\",\"inLanguage\":\"pt-BR\",\"@id\":\"https:\/\/uvbbrasil.com.br\/abertura-oficial-da-xx-marcha-dos-legislativos-municipais\/#primaryimage\",\"url\":\"https:\/\/uvbbrasil.com.br\/wp-content\/uploads\/2021\/08\/WhatsApp-Image-2021-08-25-at-10.48.45.jpeg\",\"contentUrl\":\"https:\/\/uvbbrasil.com.br\/wp-content\/uploads\/2021\/08\/WhatsApp-Image-2021-08-25-at-10.48.45.jpeg\",\"width\":1280,\"height\":850},{\"@type\":\"BreadcrumbList\",\"@id\":\"https:\/\/uvbbrasil.com.br\/abertura-oficial-da-xx-marcha-dos-legislativos-municipais\/#breadcrumb\",\"itemListElement\":[{\"@type\":\"ListItem\",\"position\":1,\"name\":\"In\u00edcio\",\"item\":\"https:\/\/uvbbrasil.com.br\/\"},{\"@type\":\"ListItem\",\"position\":2,\"name\":\"Abertura oficial da XX Marcha dos Legislativos Municipais\"}]},{\"@type\":\"WebSite\",\"@id\":\"https:\/\/uvbbrasil.com.br\/#website\",\"url\":\"https:\/\/uvbbrasil.com.br\/\",\"name\":\"UVB Brasil\",\"description\":\"Uni\u00e3o dos Vereadores do Brasil\",\"publisher\":{\"@id\":\"https:\/\/uvbbrasil.com.br\/#organization\"},\"potentialAction\":[{\"@type\":\"SearchAction\",\"target\":{\"@type\":\"EntryPoint\",\"urlTemplate\":\"https:\/\/uvbbrasil.com.br\/?s={search_term_string}\"},\"query-input\":{\"@type\":\"PropertyValueSpecification\",\"valueRequired\":true,\"valueName\":\"search_term_string\"}}],\"inLanguage\":\"pt-BR\"},{\"@type\":\"Organization\",\"@id\":\"https:\/\/uvbbrasil.com.br\/#organization\",\"name\":\"UVB Brasil\",\"url\":\"https:\/\/uvbbrasil.com.br\/\",\"logo\":{\"@type\":\"ImageObject\",\"inLanguage\":\"pt-BR\",\"@id\":\"https:\/\/uvbbrasil.com.br\/#\/schema\/logo\/image\/\",\"url\":\"https:\/\/uvbbrasil.com.br\/wp-content\/uploads\/2025\/01\/LOGO-UVB-2024-azul-1.jpg\",\"contentUrl\":\"https:\/\/uvbbrasil.com.br\/wp-content\/uploads\/2025\/01\/LOGO-UVB-2024-azul-1.jpg\",\"width\":600,\"height\":211,\"caption\":\"UVB Brasil\"},\"image\":{\"@id\":\"https:\/\/uvbbrasil.com.br\/#\/schema\/logo\/image\/\"},\"sameAs\":[\"https:\/\/www.facebook.com\/uvb.vereadoresbrasil\",\"https:\/\/www.instagram.com\/uvbbrasil\/\",\"https:\/\/www.youtube.com\/channel\/UCIlPQ8Xzw5GHNzosQIg9S5A\"]},{\"@type\":\"Person\",\"@id\":\"https:\/\/uvbbrasil.com.br\/#\/schema\/person\/17990098446c098f52effddff4f1b272\",\"name\":\"adminuvb\",\"image\":{\"@type\":\"ImageObject\",\"inLanguage\":\"pt-BR\",\"@id\":\"https:\/\/uvbbrasil.com.br\/#\/schema\/person\/image\/\",\"url\":\"https:\/\/secure.gravatar.com\/avatar\/1a494ea6f8e2dd1ae526e55b0e9497efdba542491e0620d704cccf63c6f77c45?s=96&d=mm&r=g\",\"contentUrl\":\"https:\/\/secure.gravatar.com\/avatar\/1a494ea6f8e2dd1ae526e55b0e9497efdba542491e0620d704cccf63c6f77c45?s=96&d=mm&r=g\",\"caption\":\"adminuvb\"},\"sameAs\":[\"https:\/\/uvbbrasil.com.br\"],\"url\":\"https:\/\/uvbbrasil.com.br\/author\/adminuvb\/\"}]}<\/script>\n<!-- \/ Yoast SEO plugin. -->","yoast_head_json":{"title":"Abertura oficial da XX Marcha dos Legislativos Municipais - UVB Brasil","robots":{"index":"index","follow":"follow","max-snippet":"max-snippet:-1","max-image-preview":"max-image-preview:large","max-video-preview":"max-video-preview:-1"},"canonical":"https:\/\/uvbbrasil.com.br\/abertura-oficial-da-xx-marcha-dos-legislativos-municipais\/","og_locale":"pt_BR","og_type":"article","og_title":"Abertura oficial da XX Marcha dos Legislativos Municipais - UVB Brasil","og_description":"A abertura oficial da XX edi\u00e7\u00e3o da Marcha dos Legislativos Municipais aconteceu na tarde desta ter\u00e7a-feira (24) no opera hall...","og_url":"https:\/\/uvbbrasil.com.br\/abertura-oficial-da-xx-marcha-dos-legislativos-municipais\/","og_site_name":"UVB Brasil","article_publisher":"https:\/\/www.facebook.com\/uvb.vereadoresbrasil","article_published_time":"2021-08-25T19:19:49+00:00","og_image":[{"width":1280,"height":850,"url":"https:\/\/uvbbrasil.com.br\/wp-content\/uploads\/2021\/08\/WhatsApp-Image-2021-08-25-at-10.48.45.jpeg","type":"image\/jpeg"}],"author":"adminuvb","twitter_card":"summary_large_image","twitter_misc":{"Escrito por":"adminuvb","Est. tempo de leitura":"2 minutos"},"schema":{"@context":"https:\/\/schema.org","@graph":[{"@type":"Article","@id":"https:\/\/uvbbrasil.com.br\/abertura-oficial-da-xx-marcha-dos-legislativos-municipais\/#article","isPartOf":{"@id":"https:\/\/uvbbrasil.com.br\/abertura-oficial-da-xx-marcha-dos-legislativos-municipais\/"},"author":{"name":"adminuvb","@id":"https:\/\/uvbbrasil.com.br\/#\/schema\/person\/17990098446c098f52effddff4f1b272"},"headline":"Abertura oficial da XX Marcha dos Legislativos Municipais","datePublished":"2021-08-25T19:19:49+00:00","mainEntityOfPage":{"@id":"https:\/\/uvbbrasil.com.br\/abertura-oficial-da-xx-marcha-dos-legislativos-municipais\/"},"wordCount":168,"commentCount":0,"publisher":{"@id":"https:\/\/uvbbrasil.com.br\/#organization"},"image":{"@id":"https:\/\/uvbbrasil.com.br\/abertura-oficial-da-xx-marcha-dos-legislativos-municipais\/#primaryimage"},"thumbnailUrl":"https:\/\/uvbbrasil.com.br\/wp-content\/uploads\/2021\/08\/WhatsApp-Image-2021-08-25-at-10.48.45.jpeg","articleSection":["NOT\u00cdCIAS","UVB"],"inLanguage":"pt-BR","potentialAction":[{"@type":"CommentAction","name":"Comment","target":["https:\/\/uvbbrasil.com.br\/abertura-oficial-da-xx-marcha-dos-legislativos-municipais\/#respond"]}]},{"@type":"WebPage","@id":"https:\/\/uvbbrasil.com.br\/abertura-oficial-da-xx-marcha-dos-legislativos-municipais\/","url":"https:\/\/uvbbrasil.com.br\/abertura-oficial-da-xx-marcha-dos-legislativos-municipais\/","name":"Abertura oficial da XX Marcha dos Legislativos Municipais - UVB Brasil","isPartOf":{"@id":"https:\/\/uvbbrasil.com.br\/#website"},"primaryImageOfPage":{"@id":"https:\/\/uvbbrasil.com.br\/abertura-oficial-da-xx-marcha-dos-legislativos-municipais\/#primaryimage"},"image":{"@id":"https:\/\/uvbbrasil.com.br\/abertura-oficial-da-xx-marcha-dos-legislativos-municipais\/#primaryimage"},"thumbnailUrl":"https:\/\/uvbbrasil.com.br\/wp-content\/uploads\/2021\/08\/WhatsApp-Image-2021-08-25-at-10.48.45.jpeg","datePublished":"2021-08-25T19:19:49+00:00","breadcrumb":{"@id":"https:\/\/uvbbrasil.com.br\/abertura-oficial-da-xx-marcha-dos-legislativos-municipais\/#breadcrumb"},"inLanguage":"pt-BR","potentialAction":[{"@type":"ReadAction","target":["https:\/\/uvbbrasil.com.br\/abertura-oficial-da-xx-marcha-dos-legislativos-municipais\/"]}]},{"@type":"ImageObject","inLanguage":"pt-BR","@id":"https:\/\/uvbbrasil.com.br\/abertura-oficial-da-xx-marcha-dos-legislativos-municipais\/#primaryimage","url":"https:\/\/uvbbrasil.com.br\/wp-content\/uploads\/2021\/08\/WhatsApp-Image-2021-08-25-at-10.48.45.jpeg","contentUrl":"https:\/\/uvbbrasil.com.br\/wp-content\/uploads\/2021\/08\/WhatsApp-Image-2021-08-25-at-10.48.45.jpeg","width":1280,"height":850},{"@type":"BreadcrumbList","@id":"https:\/\/uvbbrasil.com.br\/abertura-oficial-da-xx-marcha-dos-legislativos-municipais\/#breadcrumb","itemListElement":[{"@type":"ListItem","position":1,"name":"In\u00edcio","item":"https:\/\/uvbbrasil.com.br\/"},{"@type":"ListItem","position":2,"name":"Abertura oficial da XX Marcha dos Legislativos Municipais"}]},{"@type":"WebSite","@id":"https:\/\/uvbbrasil.com.br\/#website","url":"https:\/\/uvbbrasil.com.br\/","name":"UVB Brasil","description":"Uni\u00e3o dos Vereadores do Brasil","publisher":{"@id":"https:\/\/uvbbrasil.com.br\/#organization"},"potentialAction":[{"@type":"SearchAction","target":{"@type":"EntryPoint","urlTemplate":"https:\/\/uvbbrasil.com.br\/?s={search_term_string}"},"query-input":{"@type":"PropertyValueSpecification","valueRequired":true,"valueName":"search_term_string"}}],"inLanguage":"pt-BR"},{"@type":"Organization","@id":"https:\/\/uvbbrasil.com.br\/#organization","name":"UVB Brasil","url":"https:\/\/uvbbrasil.com.br\/","logo":{"@type":"ImageObject","inLanguage":"pt-BR","@id":"https:\/\/uvbbrasil.com.br\/#\/schema\/logo\/image\/","url":"https:\/\/uvbbrasil.com.br\/wp-content\/uploads\/2025\/01\/LOGO-UVB-2024-azul-1.jpg","contentUrl":"https:\/\/uvbbrasil.com.br\/wp-content\/uploads\/2025\/01\/LOGO-UVB-2024-azul-1.jpg","width":600,"height":211,"caption":"UVB Brasil"},"image":{"@id":"https:\/\/uvbbrasil.com.br\/#\/schema\/logo\/image\/"},"sameAs":["https:\/\/www.facebook.com\/uvb.vereadoresbrasil","https:\/\/www.instagram.com\/uvbbrasil\/","https:\/\/www.youtube.com\/channel\/UCIlPQ8Xzw5GHNzosQIg9S5A"]},{"@type":"Person","@id":"https:\/\/uvbbrasil.com.br\/#\/schema\/person\/17990098446c098f52effddff4f1b272","name":"adminuvb","image":{"@type":"ImageObject","inLanguage":"pt-BR","@id":"https:\/\/uvbbrasil.com.br\/#\/schema\/person\/image\/","url":"https:\/\/secure.gravatar.com\/avatar\/1a494ea6f8e2dd1ae526e55b0e9497efdba542491e0620d704cccf63c6f77c45?s=96&d=mm&r=g","contentUrl":"https:\/\/secure.gravatar.com\/avatar\/1a494ea6f8e2dd1ae526e55b0e9497efdba542491e0620d704cccf63c6f77c45?s=96&d=mm&r=g","caption":"adminuvb"},"sameAs":["https:\/\/uvbbrasil.com.br"],"url":"https:\/\/uvbbrasil.com.br\/author\/adminuvb\/"}]}},"_links":{"self":[{"href":"https:\/\/uvbbrasil.com.br\/uvb-json\/wp\/v2\/posts\/23362","targetHints":{"allow":["GET"]}}],"collection":[{"href":"https:\/\/uvbbrasil.com.br\/uvb-json\/wp\/v2\/posts"}],"about":[{"href":"https:\/\/uvbbrasil.com.br\/uvb-json\/wp\/v2\/types\/post"}],"author":[{"embeddable":true,"href":"https:\/\/uvbbrasil.com.br\/uvb-json\/wp\/v2\/users\/1"}],"replies":[{"embeddable":true,"href":"https:\/\/uvbbrasil.com.br\/uvb-json\/wp\/v2\/comments?post=23362"}],"version-history":[{"count":0,"href":"https:\/\/uvbbrasil.com.br\/uvb-json\/wp\/v2\/posts\/23362\/revisions"}],"wp:featuredmedia":[{"embeddable":true,"href":"https:\/\/uvbbrasil.com.br\/uvb-json\/wp\/v2\/media\/23368"}],"wp:attachment":[{"href":"https:\/\/uvbbrasil.com.br\/uvb-json\/wp\/v2\/media?parent=23362"}],"wp:term":[{"taxonomy":"category","embeddable":true,"href":"https:\/\/uvbbrasil.com.br\/uvb-json\/wp\/v2\/categories?post=23362"},{"taxonomy":"post_tag","embeddable":true,"href":"https:\/\/uvbbrasil.com.br\/uvb-json\/wp\/v2\/tags?post=23362"}],"curies":[{"name":"wp","href":"https:\/\/api.w.org\/{rel}","templated":true}]}}