{"id":23353,"date":"2021-08-24T12:05:57","date_gmt":"2021-08-24T15:05:57","guid":{"rendered":"https:\/\/wpsandbox4.pante.com.br\/?p=23353"},"modified":"2021-08-24T12:05:57","modified_gmt":"2021-08-24T15:05:57","slug":"brasilia-recebe-vereadores-de-todos-os-estados-para-a-xx-marcha-dos-legislativos-da-uvb","status":"publish","type":"post","link":"https:\/\/uvbbrasil.com.br\/brasilia-recebe-vereadores-de-todos-os-estados-para-a-xx-marcha-dos-legislativos-da-uvb\/","title":{"rendered":"Bras\u00edlia recebe vereadores de todos os estados para a XX marcha dos Legislativos da UVB"},"content":{"rendered":"<p style=\"text-align: justify; background: white; margin: 0cm 0cm 12.55pt 0cm;\"><span style=\"font-family: 'Arial','sans-serif'; color: black;\">A Uni\u00e3o dos Vereadores do Brasil\/UVB, entidade de representa\u00e7\u00e3o\u00a0 do Poder Legislativo Municipal, fundada em 16 de novembro de 1964, promove em Bras\u00edlia\/DF, de 24 a 27 de agosto de 2021, a XX edi\u00e7\u00e3o da Marcha dos Legislativos Municipais.<\/span><\/p>\n<p style=\"text-align: justify; background: white; margin: 0cm 0cm 12.55pt 0cm;\"><span style=\"font-family: 'Arial','sans-serif'; color: black;\"> Passamos um ano at\u00edpico, estamos saindo de uma pandemia COVID-19 e a UVB n\u00e3o poderia se furtar de realizar este encontro nacional. O Poder Legislativo Municipal Brasileiro n\u00e3o pode parar, temos que preparar e mobilizar o fortalecimento do Poder Legislativo Municipal, uma vez que em Bras\u00edlia existem projetos de lei tramitando e que continuar\u00e3o em tramita\u00e7\u00e3o a partir do pr\u00f3ximo anos, \u00a0que afetam diretamente os munic\u00edpios e a sociedade. S\u00e3o reformas, que se n\u00e3o mobilizarmos, os munic\u00edpios tendem a perder receitas e for\u00e7a pol\u00edtica local. Ainda temos, propostas como o projeto do PACTO FEDERATIVO, que precisa nosso entendimento e posi\u00e7\u00e3o.<\/span><\/p>\n<p style=\"text-align: justify; background: white; box-sizing: border-box; font-variant-ligatures: normal; font-variant-caps: normal; orphans: 2; widows: 2; -webkit-text-stroke-width: 0px; text-decoration-thickness: initial; text-decoration-style: initial; text-decoration-color: initial; word-spacing: 0px; margin: 0cm 0cm 12.55pt 0cm;\"><span style=\"box-sizing: border-box;\"><span style=\"font-family: 'Arial','sans-serif'; color: black;\">\u00c9 a hora da nossa mobiliza\u00e7\u00e3o e demonstra\u00e7\u00e3o de for\u00e7a.\u00a0\u00a0A Marcha dos Legislativos Municipais representa os interesses do cidad\u00e3o atrav\u00e9s dos vereadores (as) e das C\u00e2maras Municipais. Legislativo defende o Legislativo e o Municipalismo. Precisamos preparar nosso Legislativo para enfrentar 2021-2024.<\/span><\/span><\/p>\n<p>Respeitando todos os protocolos sanit\u00e1rios da OMS e decretos do Governo do Distrito Federal, principalmente com vagas limitas em um amplo espa\u00e7o, a programa\u00e7\u00e3o da XX Marcha dos Legislativos Municipais segue at\u00e9 a sexta-feira 27 de agosto, com a participa\u00e7\u00e3o de varias autoridades e com homenagens aos parlamentares e personalidades p\u00fablica.<\/p>\n<p style=\"text-align: justify; background: white; box-sizing: border-box; font-variant-ligatures: normal; font-variant-caps: normal; orphans: 2; widows: 2; -webkit-text-stroke-width: 0px; text-decoration-thickness: initial; text-decoration-style: initial; text-decoration-color: initial; word-spacing: 0px; margin: 0cm 0cm 12.55pt 0cm;\"><span style=\"box-sizing: border-box;\"><span style=\"font-family: 'Arial','sans-serif'; color: black;\">Participar da Marcha dos Legislativos Municipais \u00e9 um direito de todo o parlamentar no exerc\u00edcio do seu mandato e cumpre todas as prerrogativas legais, n\u00e3o podendo ser contestado ou questionado. \u00a0Toda hora \u00e9 hora, o Municipalismo e a sociedade precisam da nossa voz.<\/span><\/span><\/p>\n<p><strong>Local do evento, Opera Hall ao lado do Hotel Bay Park.<\/strong><\/p>\n<p style=\"text-align: justify; background: white; box-sizing: border-box; font-variant-ligatures: normal; font-variant-caps: normal; orphans: 2; widows: 2; -webkit-text-stroke-width: 0px; text-decoration-thickness: initial; text-decoration-style: initial; text-decoration-color: initial; word-spacing: 0px; margin: 0cm 0cm 12.55pt 0cm;\"><span style=\"box-sizing: border-box;\"><span style=\"font-family: 'Arial','sans-serif'; color: black;\"><a href=\"https:\/\/uvbbrasil.com.br\/?attachment_id=23355\" rel=\"attachment wp-att-23355\"><img fetchpriority=\"high\" decoding=\"async\" class=\"aligncenter size-full wp-image-23355\" src=\"https:\/\/uvbbrasil.com.br\/wp-content\/uploads\/2021\/08\/WhatsApp-Image-2021-08-24-at-11.53.47-1.jpeg\" alt=\"\" width=\"1600\" height=\"1200\" srcset=\"https:\/\/uvbbrasil.com.br\/wp-content\/uploads\/2021\/08\/WhatsApp-Image-2021-08-24-at-11.53.47-1.jpeg 1600w, https:\/\/uvbbrasil.com.br\/wp-content\/uploads\/2021\/08\/WhatsApp-Image-2021-08-24-at-11.53.47-1-300x225.jpeg 300w, https:\/\/uvbbrasil.com.br\/wp-content\/uploads\/2021\/08\/WhatsApp-Image-2021-08-24-at-11.53.47-1-1024x768.jpeg 1024w, https:\/\/uvbbrasil.com.br\/wp-content\/uploads\/2021\/08\/WhatsApp-Image-2021-08-24-at-11.53.47-1-768x576.jpeg 768w, https:\/\/uvbbrasil.com.br\/wp-content\/uploads\/2021\/08\/WhatsApp-Image-2021-08-24-at-11.53.47-1-1536x1152.jpeg 1536w\" sizes=\"(max-width: 1600px) 100vw, 1600px\" \/><\/a><a href=\"https:\/\/uvbbrasil.com.br\/?attachment_id=23354\" rel=\"attachment wp-att-23354\"><img decoding=\"async\" class=\"aligncenter size-full wp-image-23354\" src=\"https:\/\/uvbbrasil.com.br\/wp-content\/uploads\/2021\/08\/WhatsApp-Image-2021-08-24-at-11.54.15.jpeg\" alt=\"\" width=\"1600\" height=\"1200\" srcset=\"https:\/\/uvbbrasil.com.br\/wp-content\/uploads\/2021\/08\/WhatsApp-Image-2021-08-24-at-11.54.15.jpeg 1600w, https:\/\/uvbbrasil.com.br\/wp-content\/uploads\/2021\/08\/WhatsApp-Image-2021-08-24-at-11.54.15-300x225.jpeg 300w, https:\/\/uvbbrasil.com.br\/wp-content\/uploads\/2021\/08\/WhatsApp-Image-2021-08-24-at-11.54.15-1024x768.jpeg 1024w, https:\/\/uvbbrasil.com.br\/wp-content\/uploads\/2021\/08\/WhatsApp-Image-2021-08-24-at-11.54.15-768x576.jpeg 768w, https:\/\/uvbbrasil.com.br\/wp-content\/uploads\/2021\/08\/WhatsApp-Image-2021-08-24-at-11.54.15-1536x1152.jpeg 1536w\" sizes=\"(max-width: 1600px) 100vw, 1600px\" \/><\/a><\/span><\/span><\/p>\n<p>&nbsp;<\/p>\n","protected":false},"excerpt":{"rendered":"<p>A Uni\u00e3o dos Vereadores do Brasil\/UVB, entidade de representa\u00e7\u00e3o\u00a0 do Poder Legislativo Municipal, fundada em 16 de novembro de 1964,&#8230;<\/p>\n","protected":false},"author":1,"featured_media":23358,"comment_status":"open","ping_status":"open","sticky":false,"template":"","format":"standard","meta":{"footnotes":""},"categories":[3,4],"tags":[],"class_list":["post-23353","post","type-post","status-publish","format-standard","has-post-thumbnail","hentry","category-noticias","category-home"],"yoast_head":"<!-- This site is optimized with the Yoast SEO plugin v26.7 - https:\/\/yoast.com\/wordpress\/plugins\/seo\/ -->\n<title>Bras\u00edlia recebe vereadores de todos os estados para a XX marcha dos Legislativos da UVB - UVB Brasil<\/title>\n<meta name=\"robots\" content=\"index, follow, max-snippet:-1, max-image-preview:large, max-video-preview:-1\" \/>\n<link rel=\"canonical\" href=\"https:\/\/uvbbrasil.com.br\/brasilia-recebe-vereadores-de-todos-os-estados-para-a-xx-marcha-dos-legislativos-da-uvb\/\" \/>\n<meta property=\"og:locale\" content=\"pt_BR\" \/>\n<meta property=\"og:type\" content=\"article\" \/>\n<meta property=\"og:title\" content=\"Bras\u00edlia recebe vereadores de todos os estados para a XX marcha dos Legislativos da UVB - UVB Brasil\" \/>\n<meta property=\"og:description\" content=\"A Uni\u00e3o dos Vereadores do Brasil\/UVB, entidade de representa\u00e7\u00e3o\u00a0 do Poder Legislativo Municipal, fundada em 16 de novembro de 1964,...\" \/>\n<meta property=\"og:url\" content=\"https:\/\/uvbbrasil.com.br\/brasilia-recebe-vereadores-de-todos-os-estados-para-a-xx-marcha-dos-legislativos-da-uvb\/\" \/>\n<meta property=\"og:site_name\" content=\"UVB Brasil\" \/>\n<meta property=\"article:publisher\" content=\"https:\/\/www.facebook.com\/uvb.vereadoresbrasil\" \/>\n<meta property=\"article:published_time\" content=\"2021-08-24T15:05:57+00:00\" \/>\n<meta property=\"og:image\" content=\"https:\/\/uvbbrasil.com.br\/wp-content\/uploads\/2021\/08\/istockphoto-497895526-612x612-1.jpg\" \/>\n\t<meta property=\"og:image:width\" content=\"612\" \/>\n\t<meta property=\"og:image:height\" content=\"408\" \/>\n\t<meta property=\"og:image:type\" content=\"image\/jpeg\" \/>\n<meta name=\"author\" content=\"adminuvb\" \/>\n<meta name=\"twitter:card\" content=\"summary_large_image\" \/>\n<meta name=\"twitter:label1\" content=\"Escrito por\" \/>\n\t<meta name=\"twitter:data1\" content=\"adminuvb\" \/>\n\t<meta name=\"twitter:label2\" content=\"Est. tempo de leitura\" \/>\n\t<meta name=\"twitter:data2\" content=\"2 minutos\" \/>\n<script type=\"application\/ld+json\" class=\"yoast-schema-graph\">{\"@context\":\"https:\/\/schema.org\",\"@graph\":[{\"@type\":\"Article\",\"@id\":\"https:\/\/uvbbrasil.com.br\/brasilia-recebe-vereadores-de-todos-os-estados-para-a-xx-marcha-dos-legislativos-da-uvb\/#article\",\"isPartOf\":{\"@id\":\"https:\/\/uvbbrasil.com.br\/brasilia-recebe-vereadores-de-todos-os-estados-para-a-xx-marcha-dos-legislativos-da-uvb\/\"},\"author\":{\"name\":\"adminuvb\",\"@id\":\"https:\/\/uvbbrasil.com.br\/#\/schema\/person\/17990098446c098f52effddff4f1b272\"},\"headline\":\"Bras\u00edlia recebe vereadores de todos os estados para a XX marcha dos Legislativos da UVB\",\"datePublished\":\"2021-08-24T15:05:57+00:00\",\"mainEntityOfPage\":{\"@id\":\"https:\/\/uvbbrasil.com.br\/brasilia-recebe-vereadores-de-todos-os-estados-para-a-xx-marcha-dos-legislativos-da-uvb\/\"},\"wordCount\":327,\"commentCount\":0,\"publisher\":{\"@id\":\"https:\/\/uvbbrasil.com.br\/#organization\"},\"image\":{\"@id\":\"https:\/\/uvbbrasil.com.br\/brasilia-recebe-vereadores-de-todos-os-estados-para-a-xx-marcha-dos-legislativos-da-uvb\/#primaryimage\"},\"thumbnailUrl\":\"https:\/\/uvbbrasil.com.br\/wp-content\/uploads\/2021\/08\/istockphoto-497895526-612x612-1.jpg\",\"articleSection\":[\"NOT\u00cdCIAS\",\"UVB\"],\"inLanguage\":\"pt-BR\",\"potentialAction\":[{\"@type\":\"CommentAction\",\"name\":\"Comment\",\"target\":[\"https:\/\/uvbbrasil.com.br\/brasilia-recebe-vereadores-de-todos-os-estados-para-a-xx-marcha-dos-legislativos-da-uvb\/#respond\"]}]},{\"@type\":\"WebPage\",\"@id\":\"https:\/\/uvbbrasil.com.br\/brasilia-recebe-vereadores-de-todos-os-estados-para-a-xx-marcha-dos-legislativos-da-uvb\/\",\"url\":\"https:\/\/uvbbrasil.com.br\/brasilia-recebe-vereadores-de-todos-os-estados-para-a-xx-marcha-dos-legislativos-da-uvb\/\",\"name\":\"Bras\u00edlia recebe vereadores de todos os estados para a XX marcha dos Legislativos da UVB - UVB Brasil\",\"isPartOf\":{\"@id\":\"https:\/\/uvbbrasil.com.br\/#website\"},\"primaryImageOfPage\":{\"@id\":\"https:\/\/uvbbrasil.com.br\/brasilia-recebe-vereadores-de-todos-os-estados-para-a-xx-marcha-dos-legislativos-da-uvb\/#primaryimage\"},\"image\":{\"@id\":\"https:\/\/uvbbrasil.com.br\/brasilia-recebe-vereadores-de-todos-os-estados-para-a-xx-marcha-dos-legislativos-da-uvb\/#primaryimage\"},\"thumbnailUrl\":\"https:\/\/uvbbrasil.com.br\/wp-content\/uploads\/2021\/08\/istockphoto-497895526-612x612-1.jpg\",\"datePublished\":\"2021-08-24T15:05:57+00:00\",\"breadcrumb\":{\"@id\":\"https:\/\/uvbbrasil.com.br\/brasilia-recebe-vereadores-de-todos-os-estados-para-a-xx-marcha-dos-legislativos-da-uvb\/#breadcrumb\"},\"inLanguage\":\"pt-BR\",\"potentialAction\":[{\"@type\":\"ReadAction\",\"target\":[\"https:\/\/uvbbrasil.com.br\/brasilia-recebe-vereadores-de-todos-os-estados-para-a-xx-marcha-dos-legislativos-da-uvb\/\"]}]},{\"@type\":\"ImageObject\",\"inLanguage\":\"pt-BR\",\"@id\":\"https:\/\/uvbbrasil.com.br\/brasilia-recebe-vereadores-de-todos-os-estados-para-a-xx-marcha-dos-legislativos-da-uvb\/#primaryimage\",\"url\":\"https:\/\/uvbbrasil.com.br\/wp-content\/uploads\/2021\/08\/istockphoto-497895526-612x612-1.jpg\",\"contentUrl\":\"https:\/\/uvbbrasil.com.br\/wp-content\/uploads\/2021\/08\/istockphoto-497895526-612x612-1.jpg\",\"width\":612,\"height\":408,\"caption\":\"Brasilia, Federal District, Brazil - May 27, 2007: Brazil's Bicameral National Congress is part of the city's main monuments and was projected by the brazilian architect Oscar Niemeyer. Since the 1960s, the National Congress has been located in Bras\u00edlia. The semi-sphere on the left represents the Senate, and the semi-sphere on the right is the Chamber of the Deputies.\"},{\"@type\":\"BreadcrumbList\",\"@id\":\"https:\/\/uvbbrasil.com.br\/brasilia-recebe-vereadores-de-todos-os-estados-para-a-xx-marcha-dos-legislativos-da-uvb\/#breadcrumb\",\"itemListElement\":[{\"@type\":\"ListItem\",\"position\":1,\"name\":\"In\u00edcio\",\"item\":\"https:\/\/uvbbrasil.com.br\/\"},{\"@type\":\"ListItem\",\"position\":2,\"name\":\"Bras\u00edlia recebe vereadores de todos os estados para a XX marcha dos Legislativos da UVB\"}]},{\"@type\":\"WebSite\",\"@id\":\"https:\/\/uvbbrasil.com.br\/#website\",\"url\":\"https:\/\/uvbbrasil.com.br\/\",\"name\":\"UVB Brasil\",\"description\":\"Uni\u00e3o dos Vereadores do Brasil\",\"publisher\":{\"@id\":\"https:\/\/uvbbrasil.com.br\/#organization\"},\"potentialAction\":[{\"@type\":\"SearchAction\",\"target\":{\"@type\":\"EntryPoint\",\"urlTemplate\":\"https:\/\/uvbbrasil.com.br\/?s={search_term_string}\"},\"query-input\":{\"@type\":\"PropertyValueSpecification\",\"valueRequired\":true,\"valueName\":\"search_term_string\"}}],\"inLanguage\":\"pt-BR\"},{\"@type\":\"Organization\",\"@id\":\"https:\/\/uvbbrasil.com.br\/#organization\",\"name\":\"UVB Brasil\",\"url\":\"https:\/\/uvbbrasil.com.br\/\",\"logo\":{\"@type\":\"ImageObject\",\"inLanguage\":\"pt-BR\",\"@id\":\"https:\/\/uvbbrasil.com.br\/#\/schema\/logo\/image\/\",\"url\":\"https:\/\/uvbbrasil.com.br\/wp-content\/uploads\/2025\/01\/LOGO-UVB-2024-azul-1.jpg\",\"contentUrl\":\"https:\/\/uvbbrasil.com.br\/wp-content\/uploads\/2025\/01\/LOGO-UVB-2024-azul-1.jpg\",\"width\":600,\"height\":211,\"caption\":\"UVB Brasil\"},\"image\":{\"@id\":\"https:\/\/uvbbrasil.com.br\/#\/schema\/logo\/image\/\"},\"sameAs\":[\"https:\/\/www.facebook.com\/uvb.vereadoresbrasil\",\"https:\/\/www.instagram.com\/uvbbrasil\/\",\"https:\/\/www.youtube.com\/channel\/UCIlPQ8Xzw5GHNzosQIg9S5A\"]},{\"@type\":\"Person\",\"@id\":\"https:\/\/uvbbrasil.com.br\/#\/schema\/person\/17990098446c098f52effddff4f1b272\",\"name\":\"adminuvb\",\"image\":{\"@type\":\"ImageObject\",\"inLanguage\":\"pt-BR\",\"@id\":\"https:\/\/uvbbrasil.com.br\/#\/schema\/person\/image\/\",\"url\":\"https:\/\/secure.gravatar.com\/avatar\/1a494ea6f8e2dd1ae526e55b0e9497efdba542491e0620d704cccf63c6f77c45?s=96&d=mm&r=g\",\"contentUrl\":\"https:\/\/secure.gravatar.com\/avatar\/1a494ea6f8e2dd1ae526e55b0e9497efdba542491e0620d704cccf63c6f77c45?s=96&d=mm&r=g\",\"caption\":\"adminuvb\"},\"sameAs\":[\"https:\/\/uvbbrasil.com.br\"],\"url\":\"https:\/\/uvbbrasil.com.br\/author\/adminuvb\/\"}]}<\/script>\n<!-- \/ Yoast SEO plugin. -->","yoast_head_json":{"title":"Bras\u00edlia recebe vereadores de todos os estados para a XX marcha dos Legislativos da UVB - UVB Brasil","robots":{"index":"index","follow":"follow","max-snippet":"max-snippet:-1","max-image-preview":"max-image-preview:large","max-video-preview":"max-video-preview:-1"},"canonical":"https:\/\/uvbbrasil.com.br\/brasilia-recebe-vereadores-de-todos-os-estados-para-a-xx-marcha-dos-legislativos-da-uvb\/","og_locale":"pt_BR","og_type":"article","og_title":"Bras\u00edlia recebe vereadores de todos os estados para a XX marcha dos Legislativos da UVB - UVB Brasil","og_description":"A Uni\u00e3o dos Vereadores do Brasil\/UVB, entidade de representa\u00e7\u00e3o\u00a0 do Poder Legislativo Municipal, fundada em 16 de novembro de 1964,...","og_url":"https:\/\/uvbbrasil.com.br\/brasilia-recebe-vereadores-de-todos-os-estados-para-a-xx-marcha-dos-legislativos-da-uvb\/","og_site_name":"UVB Brasil","article_publisher":"https:\/\/www.facebook.com\/uvb.vereadoresbrasil","article_published_time":"2021-08-24T15:05:57+00:00","og_image":[{"width":612,"height":408,"url":"https:\/\/uvbbrasil.com.br\/wp-content\/uploads\/2021\/08\/istockphoto-497895526-612x612-1.jpg","type":"image\/jpeg"}],"author":"adminuvb","twitter_card":"summary_large_image","twitter_misc":{"Escrito por":"adminuvb","Est. tempo de leitura":"2 minutos"},"schema":{"@context":"https:\/\/schema.org","@graph":[{"@type":"Article","@id":"https:\/\/uvbbrasil.com.br\/brasilia-recebe-vereadores-de-todos-os-estados-para-a-xx-marcha-dos-legislativos-da-uvb\/#article","isPartOf":{"@id":"https:\/\/uvbbrasil.com.br\/brasilia-recebe-vereadores-de-todos-os-estados-para-a-xx-marcha-dos-legislativos-da-uvb\/"},"author":{"name":"adminuvb","@id":"https:\/\/uvbbrasil.com.br\/#\/schema\/person\/17990098446c098f52effddff4f1b272"},"headline":"Bras\u00edlia recebe vereadores de todos os estados para a XX marcha dos Legislativos da UVB","datePublished":"2021-08-24T15:05:57+00:00","mainEntityOfPage":{"@id":"https:\/\/uvbbrasil.com.br\/brasilia-recebe-vereadores-de-todos-os-estados-para-a-xx-marcha-dos-legislativos-da-uvb\/"},"wordCount":327,"commentCount":0,"publisher":{"@id":"https:\/\/uvbbrasil.com.br\/#organization"},"image":{"@id":"https:\/\/uvbbrasil.com.br\/brasilia-recebe-vereadores-de-todos-os-estados-para-a-xx-marcha-dos-legislativos-da-uvb\/#primaryimage"},"thumbnailUrl":"https:\/\/uvbbrasil.com.br\/wp-content\/uploads\/2021\/08\/istockphoto-497895526-612x612-1.jpg","articleSection":["NOT\u00cdCIAS","UVB"],"inLanguage":"pt-BR","potentialAction":[{"@type":"CommentAction","name":"Comment","target":["https:\/\/uvbbrasil.com.br\/brasilia-recebe-vereadores-de-todos-os-estados-para-a-xx-marcha-dos-legislativos-da-uvb\/#respond"]}]},{"@type":"WebPage","@id":"https:\/\/uvbbrasil.com.br\/brasilia-recebe-vereadores-de-todos-os-estados-para-a-xx-marcha-dos-legislativos-da-uvb\/","url":"https:\/\/uvbbrasil.com.br\/brasilia-recebe-vereadores-de-todos-os-estados-para-a-xx-marcha-dos-legislativos-da-uvb\/","name":"Bras\u00edlia recebe vereadores de todos os estados para a XX marcha dos Legislativos da UVB - UVB Brasil","isPartOf":{"@id":"https:\/\/uvbbrasil.com.br\/#website"},"primaryImageOfPage":{"@id":"https:\/\/uvbbrasil.com.br\/brasilia-recebe-vereadores-de-todos-os-estados-para-a-xx-marcha-dos-legislativos-da-uvb\/#primaryimage"},"image":{"@id":"https:\/\/uvbbrasil.com.br\/brasilia-recebe-vereadores-de-todos-os-estados-para-a-xx-marcha-dos-legislativos-da-uvb\/#primaryimage"},"thumbnailUrl":"https:\/\/uvbbrasil.com.br\/wp-content\/uploads\/2021\/08\/istockphoto-497895526-612x612-1.jpg","datePublished":"2021-08-24T15:05:57+00:00","breadcrumb":{"@id":"https:\/\/uvbbrasil.com.br\/brasilia-recebe-vereadores-de-todos-os-estados-para-a-xx-marcha-dos-legislativos-da-uvb\/#breadcrumb"},"inLanguage":"pt-BR","potentialAction":[{"@type":"ReadAction","target":["https:\/\/uvbbrasil.com.br\/brasilia-recebe-vereadores-de-todos-os-estados-para-a-xx-marcha-dos-legislativos-da-uvb\/"]}]},{"@type":"ImageObject","inLanguage":"pt-BR","@id":"https:\/\/uvbbrasil.com.br\/brasilia-recebe-vereadores-de-todos-os-estados-para-a-xx-marcha-dos-legislativos-da-uvb\/#primaryimage","url":"https:\/\/uvbbrasil.com.br\/wp-content\/uploads\/2021\/08\/istockphoto-497895526-612x612-1.jpg","contentUrl":"https:\/\/uvbbrasil.com.br\/wp-content\/uploads\/2021\/08\/istockphoto-497895526-612x612-1.jpg","width":612,"height":408,"caption":"Brasilia, Federal District, Brazil - May 27, 2007: Brazil's Bicameral National Congress is part of the city's main monuments and was projected by the brazilian architect Oscar Niemeyer. Since the 1960s, the National Congress has been located in Bras\u00edlia. The semi-sphere on the left represents the Senate, and the semi-sphere on the right is the Chamber of the Deputies."},{"@type":"BreadcrumbList","@id":"https:\/\/uvbbrasil.com.br\/brasilia-recebe-vereadores-de-todos-os-estados-para-a-xx-marcha-dos-legislativos-da-uvb\/#breadcrumb","itemListElement":[{"@type":"ListItem","position":1,"name":"In\u00edcio","item":"https:\/\/uvbbrasil.com.br\/"},{"@type":"ListItem","position":2,"name":"Bras\u00edlia recebe vereadores de todos os estados para a XX marcha dos Legislativos da UVB"}]},{"@type":"WebSite","@id":"https:\/\/uvbbrasil.com.br\/#website","url":"https:\/\/uvbbrasil.com.br\/","name":"UVB Brasil","description":"Uni\u00e3o dos Vereadores do Brasil","publisher":{"@id":"https:\/\/uvbbrasil.com.br\/#organization"},"potentialAction":[{"@type":"SearchAction","target":{"@type":"EntryPoint","urlTemplate":"https:\/\/uvbbrasil.com.br\/?s={search_term_string}"},"query-input":{"@type":"PropertyValueSpecification","valueRequired":true,"valueName":"search_term_string"}}],"inLanguage":"pt-BR"},{"@type":"Organization","@id":"https:\/\/uvbbrasil.com.br\/#organization","name":"UVB Brasil","url":"https:\/\/uvbbrasil.com.br\/","logo":{"@type":"ImageObject","inLanguage":"pt-BR","@id":"https:\/\/uvbbrasil.com.br\/#\/schema\/logo\/image\/","url":"https:\/\/uvbbrasil.com.br\/wp-content\/uploads\/2025\/01\/LOGO-UVB-2024-azul-1.jpg","contentUrl":"https:\/\/uvbbrasil.com.br\/wp-content\/uploads\/2025\/01\/LOGO-UVB-2024-azul-1.jpg","width":600,"height":211,"caption":"UVB Brasil"},"image":{"@id":"https:\/\/uvbbrasil.com.br\/#\/schema\/logo\/image\/"},"sameAs":["https:\/\/www.facebook.com\/uvb.vereadoresbrasil","https:\/\/www.instagram.com\/uvbbrasil\/","https:\/\/www.youtube.com\/channel\/UCIlPQ8Xzw5GHNzosQIg9S5A"]},{"@type":"Person","@id":"https:\/\/uvbbrasil.com.br\/#\/schema\/person\/17990098446c098f52effddff4f1b272","name":"adminuvb","image":{"@type":"ImageObject","inLanguage":"pt-BR","@id":"https:\/\/uvbbrasil.com.br\/#\/schema\/person\/image\/","url":"https:\/\/secure.gravatar.com\/avatar\/1a494ea6f8e2dd1ae526e55b0e9497efdba542491e0620d704cccf63c6f77c45?s=96&d=mm&r=g","contentUrl":"https:\/\/secure.gravatar.com\/avatar\/1a494ea6f8e2dd1ae526e55b0e9497efdba542491e0620d704cccf63c6f77c45?s=96&d=mm&r=g","caption":"adminuvb"},"sameAs":["https:\/\/uvbbrasil.com.br"],"url":"https:\/\/uvbbrasil.com.br\/author\/adminuvb\/"}]}},"_links":{"self":[{"href":"https:\/\/uvbbrasil.com.br\/uvb-json\/wp\/v2\/posts\/23353","targetHints":{"allow":["GET"]}}],"collection":[{"href":"https:\/\/uvbbrasil.com.br\/uvb-json\/wp\/v2\/posts"}],"about":[{"href":"https:\/\/uvbbrasil.com.br\/uvb-json\/wp\/v2\/types\/post"}],"author":[{"embeddable":true,"href":"https:\/\/uvbbrasil.com.br\/uvb-json\/wp\/v2\/users\/1"}],"replies":[{"embeddable":true,"href":"https:\/\/uvbbrasil.com.br\/uvb-json\/wp\/v2\/comments?post=23353"}],"version-history":[{"count":0,"href":"https:\/\/uvbbrasil.com.br\/uvb-json\/wp\/v2\/posts\/23353\/revisions"}],"wp:featuredmedia":[{"embeddable":true,"href":"https:\/\/uvbbrasil.com.br\/uvb-json\/wp\/v2\/media\/23358"}],"wp:attachment":[{"href":"https:\/\/uvbbrasil.com.br\/uvb-json\/wp\/v2\/media?parent=23353"}],"wp:term":[{"taxonomy":"category","embeddable":true,"href":"https:\/\/uvbbrasil.com.br\/uvb-json\/wp\/v2\/categories?post=23353"},{"taxonomy":"post_tag","embeddable":true,"href":"https:\/\/uvbbrasil.com.br\/uvb-json\/wp\/v2\/tags?post=23353"}],"curies":[{"name":"wp","href":"https:\/\/api.w.org\/{rel}","templated":true}]}}