{"id":23290,"date":"2021-08-18T14:21:41","date_gmt":"2021-08-18T17:21:41","guid":{"rendered":"https:\/\/wpsandbox4.pante.com.br\/?p=23290"},"modified":"2021-08-18T14:21:41","modified_gmt":"2021-08-18T17:21:41","slug":"edicao-da-sessione-sera-distribuida-durante-a-xx-marcha-dos-legislativos-da-uvb","status":"publish","type":"post","link":"https:\/\/uvbbrasil.com.br\/edicao-da-sessione-sera-distribuida-durante-a-xx-marcha-dos-legislativos-da-uvb\/","title":{"rendered":"Edi\u00e7\u00e3o da Sessione ser\u00e1 distribu\u00edda durante a XX Marcha dos Legislativos da UVB"},"content":{"rendered":"<p>Com a presen\u00e7a de vereadores e vereadoras de todas os Estados Brasileiros inscritos para\u00a0 a XX Marcha dos Legislativos , que ocorrer\u00e1 em Bras\u00edlia, de 24 \u00e1 27 de agosto, a terceira edi\u00e7\u00e3o da revista Sessione estar\u00e1 dispon\u00edvel aos participantes. Na pauta, a presta\u00e7\u00e3o de servi\u00e7os da entidade, a atua\u00e7\u00e3o das associa\u00e7\u00f5es estaduais e regionais, bem como a opini\u00e3o das principais personalidades pol\u00edtico-sociais especialistas na gest\u00e3o parlamentar dos munic\u00edpios. A realiza\u00e7\u00e3o da XX Marcha dos Legislativos obedece todos os protocolos sanit\u00e1rios exigidos pela OMS\u00a0 e principalmente os decretos do Governo do Distrito Federal\/GDF.<\/p>\n<p>As inscri\u00e7\u00f5es s\u00e3o limitadas e encerram-se nesta quinta-feira(19\/08), Bras\u00edlia &#8211; DF.<\/p>\n<p>Confira a programa\u00e7\u00e3o\u00a0 do evento:<\/p>\n<blockquote class=\"wp-embedded-content\" data-secret=\"qxntwWC9K1\"><p><a href=\"https:\/\/wpsandbox4.pante.com.br\/?p=21506\">XX MARCHA DOS LEGISLATIVOS MUNICIPAIS &#8211; 24 A 27 DE AGOSTO<\/a><\/p><\/blockquote>\n<p><iframe class=\"wp-embedded-content\" sandbox=\"allow-scripts\" security=\"restricted\" style=\"position: absolute; clip: rect(1px, 1px, 1px, 1px);\" title=\"&#8220;XX MARCHA DOS LEGISLATIVOS MUNICIPAIS &#8211; 24 A 27 DE AGOSTO&#8221; &#8212; UVB Brasil\" src=\"https:\/\/wpsandbox4.pante.com.br\/?p=21506&#038;embed=true#?secret=qxntwWC9K1\" data-secret=\"qxntwWC9K1\" width=\"600\" height=\"338\" frameborder=\"0\" marginwidth=\"0\" marginheight=\"0\" scrolling=\"no\"><\/iframe><\/p>\n<p><a href=\"https:\/\/uvbbrasil.com.br\/?attachment_id=23292\" rel=\"attachment wp-att-23292\"><img fetchpriority=\"high\" decoding=\"async\" class=\"aligncenter size-full wp-image-23292\" src=\"https:\/\/uvbbrasil.com.br\/wp-content\/uploads\/2021\/08\/WhatsApp-Image-2021-08-18-at-09.57.43-1.jpeg\" alt=\"\" width=\"703\" height=\"914\" srcset=\"https:\/\/uvbbrasil.com.br\/wp-content\/uploads\/2021\/08\/WhatsApp-Image-2021-08-18-at-09.57.43-1.jpeg 703w, https:\/\/uvbbrasil.com.br\/wp-content\/uploads\/2021\/08\/WhatsApp-Image-2021-08-18-at-09.57.43-1-231x300.jpeg 231w\" sizes=\"(max-width: 703px) 100vw, 703px\" \/><\/a><\/p>\n","protected":false},"excerpt":{"rendered":"<p>Com a presen\u00e7a de vereadores e vereadoras de todas os Estados Brasileiros inscritos para\u00a0 a XX Marcha dos Legislativos ,&#8230;<\/p>\n","protected":false},"author":1,"featured_media":23292,"comment_status":"open","ping_status":"open","sticky":false,"template":"","format":"standard","meta":{"footnotes":""},"categories":[3,4],"tags":[],"class_list":["post-23290","post","type-post","status-publish","format-standard","has-post-thumbnail","hentry","category-noticias","category-home"],"yoast_head":"<!-- This site is optimized with the Yoast SEO plugin v26.7 - https:\/\/yoast.com\/wordpress\/plugins\/seo\/ -->\n<title>Edi\u00e7\u00e3o da Sessione ser\u00e1 distribu\u00edda durante a XX Marcha dos Legislativos da UVB - UVB Brasil<\/title>\n<meta name=\"robots\" content=\"index, follow, max-snippet:-1, max-image-preview:large, max-video-preview:-1\" \/>\n<link rel=\"canonical\" href=\"https:\/\/uvbbrasil.com.br\/edicao-da-sessione-sera-distribuida-durante-a-xx-marcha-dos-legislativos-da-uvb\/\" \/>\n<meta property=\"og:locale\" content=\"pt_BR\" \/>\n<meta property=\"og:type\" content=\"article\" \/>\n<meta property=\"og:title\" content=\"Edi\u00e7\u00e3o da Sessione ser\u00e1 distribu\u00edda durante a XX Marcha dos Legislativos da UVB - UVB Brasil\" \/>\n<meta property=\"og:description\" content=\"Com a presen\u00e7a de vereadores e vereadoras de todas os Estados Brasileiros inscritos para\u00a0 a XX Marcha dos Legislativos ,...\" \/>\n<meta property=\"og:url\" content=\"https:\/\/uvbbrasil.com.br\/edicao-da-sessione-sera-distribuida-durante-a-xx-marcha-dos-legislativos-da-uvb\/\" \/>\n<meta property=\"og:site_name\" content=\"UVB Brasil\" \/>\n<meta property=\"article:publisher\" content=\"https:\/\/www.facebook.com\/uvb.vereadoresbrasil\" \/>\n<meta property=\"article:published_time\" content=\"2021-08-18T17:21:41+00:00\" \/>\n<meta property=\"og:image\" content=\"https:\/\/uvbbrasil.com.br\/wp-content\/uploads\/2021\/08\/WhatsApp-Image-2021-08-18-at-09.57.43-1.jpeg\" \/>\n\t<meta property=\"og:image:width\" content=\"703\" \/>\n\t<meta property=\"og:image:height\" content=\"914\" \/>\n\t<meta property=\"og:image:type\" content=\"image\/jpeg\" \/>\n<meta name=\"author\" content=\"adminuvb\" \/>\n<meta name=\"twitter:card\" content=\"summary_large_image\" \/>\n<meta name=\"twitter:label1\" content=\"Escrito por\" \/>\n\t<meta name=\"twitter:data1\" content=\"adminuvb\" \/>\n\t<meta name=\"twitter:label2\" content=\"Est. tempo de leitura\" \/>\n\t<meta name=\"twitter:data2\" content=\"1 minuto\" \/>\n<script type=\"application\/ld+json\" class=\"yoast-schema-graph\">{\"@context\":\"https:\/\/schema.org\",\"@graph\":[{\"@type\":\"Article\",\"@id\":\"https:\/\/uvbbrasil.com.br\/edicao-da-sessione-sera-distribuida-durante-a-xx-marcha-dos-legislativos-da-uvb\/#article\",\"isPartOf\":{\"@id\":\"https:\/\/uvbbrasil.com.br\/edicao-da-sessione-sera-distribuida-durante-a-xx-marcha-dos-legislativos-da-uvb\/\"},\"author\":{\"name\":\"adminuvb\",\"@id\":\"https:\/\/uvbbrasil.com.br\/#\/schema\/person\/17990098446c098f52effddff4f1b272\"},\"headline\":\"Edi\u00e7\u00e3o da Sessione ser\u00e1 distribu\u00edda durante a XX Marcha dos Legislativos da UVB\",\"datePublished\":\"2021-08-18T17:21:41+00:00\",\"mainEntityOfPage\":{\"@id\":\"https:\/\/uvbbrasil.com.br\/edicao-da-sessione-sera-distribuida-durante-a-xx-marcha-dos-legislativos-da-uvb\/\"},\"wordCount\":144,\"commentCount\":0,\"publisher\":{\"@id\":\"https:\/\/uvbbrasil.com.br\/#organization\"},\"image\":{\"@id\":\"https:\/\/uvbbrasil.com.br\/edicao-da-sessione-sera-distribuida-durante-a-xx-marcha-dos-legislativos-da-uvb\/#primaryimage\"},\"thumbnailUrl\":\"https:\/\/uvbbrasil.com.br\/wp-content\/uploads\/2021\/08\/WhatsApp-Image-2021-08-18-at-09.57.43-1.jpeg\",\"articleSection\":[\"NOT\u00cdCIAS\",\"UVB\"],\"inLanguage\":\"pt-BR\",\"potentialAction\":[{\"@type\":\"CommentAction\",\"name\":\"Comment\",\"target\":[\"https:\/\/uvbbrasil.com.br\/edicao-da-sessione-sera-distribuida-durante-a-xx-marcha-dos-legislativos-da-uvb\/#respond\"]}]},{\"@type\":\"WebPage\",\"@id\":\"https:\/\/uvbbrasil.com.br\/edicao-da-sessione-sera-distribuida-durante-a-xx-marcha-dos-legislativos-da-uvb\/\",\"url\":\"https:\/\/uvbbrasil.com.br\/edicao-da-sessione-sera-distribuida-durante-a-xx-marcha-dos-legislativos-da-uvb\/\",\"name\":\"Edi\u00e7\u00e3o da Sessione ser\u00e1 distribu\u00edda durante a XX Marcha dos Legislativos da UVB - UVB Brasil\",\"isPartOf\":{\"@id\":\"https:\/\/uvbbrasil.com.br\/#website\"},\"primaryImageOfPage\":{\"@id\":\"https:\/\/uvbbrasil.com.br\/edicao-da-sessione-sera-distribuida-durante-a-xx-marcha-dos-legislativos-da-uvb\/#primaryimage\"},\"image\":{\"@id\":\"https:\/\/uvbbrasil.com.br\/edicao-da-sessione-sera-distribuida-durante-a-xx-marcha-dos-legislativos-da-uvb\/#primaryimage\"},\"thumbnailUrl\":\"https:\/\/uvbbrasil.com.br\/wp-content\/uploads\/2021\/08\/WhatsApp-Image-2021-08-18-at-09.57.43-1.jpeg\",\"datePublished\":\"2021-08-18T17:21:41+00:00\",\"breadcrumb\":{\"@id\":\"https:\/\/uvbbrasil.com.br\/edicao-da-sessione-sera-distribuida-durante-a-xx-marcha-dos-legislativos-da-uvb\/#breadcrumb\"},\"inLanguage\":\"pt-BR\",\"potentialAction\":[{\"@type\":\"ReadAction\",\"target\":[\"https:\/\/uvbbrasil.com.br\/edicao-da-sessione-sera-distribuida-durante-a-xx-marcha-dos-legislativos-da-uvb\/\"]}]},{\"@type\":\"ImageObject\",\"inLanguage\":\"pt-BR\",\"@id\":\"https:\/\/uvbbrasil.com.br\/edicao-da-sessione-sera-distribuida-durante-a-xx-marcha-dos-legislativos-da-uvb\/#primaryimage\",\"url\":\"https:\/\/uvbbrasil.com.br\/wp-content\/uploads\/2021\/08\/WhatsApp-Image-2021-08-18-at-09.57.43-1.jpeg\",\"contentUrl\":\"https:\/\/uvbbrasil.com.br\/wp-content\/uploads\/2021\/08\/WhatsApp-Image-2021-08-18-at-09.57.43-1.jpeg\",\"width\":703,\"height\":914},{\"@type\":\"BreadcrumbList\",\"@id\":\"https:\/\/uvbbrasil.com.br\/edicao-da-sessione-sera-distribuida-durante-a-xx-marcha-dos-legislativos-da-uvb\/#breadcrumb\",\"itemListElement\":[{\"@type\":\"ListItem\",\"position\":1,\"name\":\"In\u00edcio\",\"item\":\"https:\/\/uvbbrasil.com.br\/\"},{\"@type\":\"ListItem\",\"position\":2,\"name\":\"Edi\u00e7\u00e3o da Sessione ser\u00e1 distribu\u00edda durante a XX Marcha dos Legislativos da UVB\"}]},{\"@type\":\"WebSite\",\"@id\":\"https:\/\/uvbbrasil.com.br\/#website\",\"url\":\"https:\/\/uvbbrasil.com.br\/\",\"name\":\"UVB Brasil\",\"description\":\"Uni\u00e3o dos Vereadores do Brasil\",\"publisher\":{\"@id\":\"https:\/\/uvbbrasil.com.br\/#organization\"},\"potentialAction\":[{\"@type\":\"SearchAction\",\"target\":{\"@type\":\"EntryPoint\",\"urlTemplate\":\"https:\/\/uvbbrasil.com.br\/?s={search_term_string}\"},\"query-input\":{\"@type\":\"PropertyValueSpecification\",\"valueRequired\":true,\"valueName\":\"search_term_string\"}}],\"inLanguage\":\"pt-BR\"},{\"@type\":\"Organization\",\"@id\":\"https:\/\/uvbbrasil.com.br\/#organization\",\"name\":\"UVB Brasil\",\"url\":\"https:\/\/uvbbrasil.com.br\/\",\"logo\":{\"@type\":\"ImageObject\",\"inLanguage\":\"pt-BR\",\"@id\":\"https:\/\/uvbbrasil.com.br\/#\/schema\/logo\/image\/\",\"url\":\"https:\/\/uvbbrasil.com.br\/wp-content\/uploads\/2025\/01\/LOGO-UVB-2024-azul-1.jpg\",\"contentUrl\":\"https:\/\/uvbbrasil.com.br\/wp-content\/uploads\/2025\/01\/LOGO-UVB-2024-azul-1.jpg\",\"width\":600,\"height\":211,\"caption\":\"UVB Brasil\"},\"image\":{\"@id\":\"https:\/\/uvbbrasil.com.br\/#\/schema\/logo\/image\/\"},\"sameAs\":[\"https:\/\/www.facebook.com\/uvb.vereadoresbrasil\",\"https:\/\/www.instagram.com\/uvbbrasil\/\",\"https:\/\/www.youtube.com\/channel\/UCIlPQ8Xzw5GHNzosQIg9S5A\"]},{\"@type\":\"Person\",\"@id\":\"https:\/\/uvbbrasil.com.br\/#\/schema\/person\/17990098446c098f52effddff4f1b272\",\"name\":\"adminuvb\",\"image\":{\"@type\":\"ImageObject\",\"inLanguage\":\"pt-BR\",\"@id\":\"https:\/\/uvbbrasil.com.br\/#\/schema\/person\/image\/\",\"url\":\"https:\/\/secure.gravatar.com\/avatar\/1a494ea6f8e2dd1ae526e55b0e9497efdba542491e0620d704cccf63c6f77c45?s=96&d=mm&r=g\",\"contentUrl\":\"https:\/\/secure.gravatar.com\/avatar\/1a494ea6f8e2dd1ae526e55b0e9497efdba542491e0620d704cccf63c6f77c45?s=96&d=mm&r=g\",\"caption\":\"adminuvb\"},\"sameAs\":[\"https:\/\/uvbbrasil.com.br\"],\"url\":\"https:\/\/uvbbrasil.com.br\/author\/adminuvb\/\"}]}<\/script>\n<!-- \/ Yoast SEO plugin. -->","yoast_head_json":{"title":"Edi\u00e7\u00e3o da Sessione ser\u00e1 distribu\u00edda durante a XX Marcha dos Legislativos da UVB - UVB Brasil","robots":{"index":"index","follow":"follow","max-snippet":"max-snippet:-1","max-image-preview":"max-image-preview:large","max-video-preview":"max-video-preview:-1"},"canonical":"https:\/\/uvbbrasil.com.br\/edicao-da-sessione-sera-distribuida-durante-a-xx-marcha-dos-legislativos-da-uvb\/","og_locale":"pt_BR","og_type":"article","og_title":"Edi\u00e7\u00e3o da Sessione ser\u00e1 distribu\u00edda durante a XX Marcha dos Legislativos da UVB - UVB Brasil","og_description":"Com a presen\u00e7a de vereadores e vereadoras de todas os Estados Brasileiros inscritos para\u00a0 a XX Marcha dos Legislativos ,...","og_url":"https:\/\/uvbbrasil.com.br\/edicao-da-sessione-sera-distribuida-durante-a-xx-marcha-dos-legislativos-da-uvb\/","og_site_name":"UVB Brasil","article_publisher":"https:\/\/www.facebook.com\/uvb.vereadoresbrasil","article_published_time":"2021-08-18T17:21:41+00:00","og_image":[{"width":703,"height":914,"url":"https:\/\/uvbbrasil.com.br\/wp-content\/uploads\/2021\/08\/WhatsApp-Image-2021-08-18-at-09.57.43-1.jpeg","type":"image\/jpeg"}],"author":"adminuvb","twitter_card":"summary_large_image","twitter_misc":{"Escrito por":"adminuvb","Est. tempo de leitura":"1 minuto"},"schema":{"@context":"https:\/\/schema.org","@graph":[{"@type":"Article","@id":"https:\/\/uvbbrasil.com.br\/edicao-da-sessione-sera-distribuida-durante-a-xx-marcha-dos-legislativos-da-uvb\/#article","isPartOf":{"@id":"https:\/\/uvbbrasil.com.br\/edicao-da-sessione-sera-distribuida-durante-a-xx-marcha-dos-legislativos-da-uvb\/"},"author":{"name":"adminuvb","@id":"https:\/\/uvbbrasil.com.br\/#\/schema\/person\/17990098446c098f52effddff4f1b272"},"headline":"Edi\u00e7\u00e3o da Sessione ser\u00e1 distribu\u00edda durante a XX Marcha dos Legislativos da UVB","datePublished":"2021-08-18T17:21:41+00:00","mainEntityOfPage":{"@id":"https:\/\/uvbbrasil.com.br\/edicao-da-sessione-sera-distribuida-durante-a-xx-marcha-dos-legislativos-da-uvb\/"},"wordCount":144,"commentCount":0,"publisher":{"@id":"https:\/\/uvbbrasil.com.br\/#organization"},"image":{"@id":"https:\/\/uvbbrasil.com.br\/edicao-da-sessione-sera-distribuida-durante-a-xx-marcha-dos-legislativos-da-uvb\/#primaryimage"},"thumbnailUrl":"https:\/\/uvbbrasil.com.br\/wp-content\/uploads\/2021\/08\/WhatsApp-Image-2021-08-18-at-09.57.43-1.jpeg","articleSection":["NOT\u00cdCIAS","UVB"],"inLanguage":"pt-BR","potentialAction":[{"@type":"CommentAction","name":"Comment","target":["https:\/\/uvbbrasil.com.br\/edicao-da-sessione-sera-distribuida-durante-a-xx-marcha-dos-legislativos-da-uvb\/#respond"]}]},{"@type":"WebPage","@id":"https:\/\/uvbbrasil.com.br\/edicao-da-sessione-sera-distribuida-durante-a-xx-marcha-dos-legislativos-da-uvb\/","url":"https:\/\/uvbbrasil.com.br\/edicao-da-sessione-sera-distribuida-durante-a-xx-marcha-dos-legislativos-da-uvb\/","name":"Edi\u00e7\u00e3o da Sessione ser\u00e1 distribu\u00edda durante a XX Marcha dos Legislativos da UVB - UVB Brasil","isPartOf":{"@id":"https:\/\/uvbbrasil.com.br\/#website"},"primaryImageOfPage":{"@id":"https:\/\/uvbbrasil.com.br\/edicao-da-sessione-sera-distribuida-durante-a-xx-marcha-dos-legislativos-da-uvb\/#primaryimage"},"image":{"@id":"https:\/\/uvbbrasil.com.br\/edicao-da-sessione-sera-distribuida-durante-a-xx-marcha-dos-legislativos-da-uvb\/#primaryimage"},"thumbnailUrl":"https:\/\/uvbbrasil.com.br\/wp-content\/uploads\/2021\/08\/WhatsApp-Image-2021-08-18-at-09.57.43-1.jpeg","datePublished":"2021-08-18T17:21:41+00:00","breadcrumb":{"@id":"https:\/\/uvbbrasil.com.br\/edicao-da-sessione-sera-distribuida-durante-a-xx-marcha-dos-legislativos-da-uvb\/#breadcrumb"},"inLanguage":"pt-BR","potentialAction":[{"@type":"ReadAction","target":["https:\/\/uvbbrasil.com.br\/edicao-da-sessione-sera-distribuida-durante-a-xx-marcha-dos-legislativos-da-uvb\/"]}]},{"@type":"ImageObject","inLanguage":"pt-BR","@id":"https:\/\/uvbbrasil.com.br\/edicao-da-sessione-sera-distribuida-durante-a-xx-marcha-dos-legislativos-da-uvb\/#primaryimage","url":"https:\/\/uvbbrasil.com.br\/wp-content\/uploads\/2021\/08\/WhatsApp-Image-2021-08-18-at-09.57.43-1.jpeg","contentUrl":"https:\/\/uvbbrasil.com.br\/wp-content\/uploads\/2021\/08\/WhatsApp-Image-2021-08-18-at-09.57.43-1.jpeg","width":703,"height":914},{"@type":"BreadcrumbList","@id":"https:\/\/uvbbrasil.com.br\/edicao-da-sessione-sera-distribuida-durante-a-xx-marcha-dos-legislativos-da-uvb\/#breadcrumb","itemListElement":[{"@type":"ListItem","position":1,"name":"In\u00edcio","item":"https:\/\/uvbbrasil.com.br\/"},{"@type":"ListItem","position":2,"name":"Edi\u00e7\u00e3o da Sessione ser\u00e1 distribu\u00edda durante a XX Marcha dos Legislativos da UVB"}]},{"@type":"WebSite","@id":"https:\/\/uvbbrasil.com.br\/#website","url":"https:\/\/uvbbrasil.com.br\/","name":"UVB Brasil","description":"Uni\u00e3o dos Vereadores do Brasil","publisher":{"@id":"https:\/\/uvbbrasil.com.br\/#organization"},"potentialAction":[{"@type":"SearchAction","target":{"@type":"EntryPoint","urlTemplate":"https:\/\/uvbbrasil.com.br\/?s={search_term_string}"},"query-input":{"@type":"PropertyValueSpecification","valueRequired":true,"valueName":"search_term_string"}}],"inLanguage":"pt-BR"},{"@type":"Organization","@id":"https:\/\/uvbbrasil.com.br\/#organization","name":"UVB Brasil","url":"https:\/\/uvbbrasil.com.br\/","logo":{"@type":"ImageObject","inLanguage":"pt-BR","@id":"https:\/\/uvbbrasil.com.br\/#\/schema\/logo\/image\/","url":"https:\/\/uvbbrasil.com.br\/wp-content\/uploads\/2025\/01\/LOGO-UVB-2024-azul-1.jpg","contentUrl":"https:\/\/uvbbrasil.com.br\/wp-content\/uploads\/2025\/01\/LOGO-UVB-2024-azul-1.jpg","width":600,"height":211,"caption":"UVB Brasil"},"image":{"@id":"https:\/\/uvbbrasil.com.br\/#\/schema\/logo\/image\/"},"sameAs":["https:\/\/www.facebook.com\/uvb.vereadoresbrasil","https:\/\/www.instagram.com\/uvbbrasil\/","https:\/\/www.youtube.com\/channel\/UCIlPQ8Xzw5GHNzosQIg9S5A"]},{"@type":"Person","@id":"https:\/\/uvbbrasil.com.br\/#\/schema\/person\/17990098446c098f52effddff4f1b272","name":"adminuvb","image":{"@type":"ImageObject","inLanguage":"pt-BR","@id":"https:\/\/uvbbrasil.com.br\/#\/schema\/person\/image\/","url":"https:\/\/secure.gravatar.com\/avatar\/1a494ea6f8e2dd1ae526e55b0e9497efdba542491e0620d704cccf63c6f77c45?s=96&d=mm&r=g","contentUrl":"https:\/\/secure.gravatar.com\/avatar\/1a494ea6f8e2dd1ae526e55b0e9497efdba542491e0620d704cccf63c6f77c45?s=96&d=mm&r=g","caption":"adminuvb"},"sameAs":["https:\/\/uvbbrasil.com.br"],"url":"https:\/\/uvbbrasil.com.br\/author\/adminuvb\/"}]}},"_links":{"self":[{"href":"https:\/\/uvbbrasil.com.br\/uvb-json\/wp\/v2\/posts\/23290","targetHints":{"allow":["GET"]}}],"collection":[{"href":"https:\/\/uvbbrasil.com.br\/uvb-json\/wp\/v2\/posts"}],"about":[{"href":"https:\/\/uvbbrasil.com.br\/uvb-json\/wp\/v2\/types\/post"}],"author":[{"embeddable":true,"href":"https:\/\/uvbbrasil.com.br\/uvb-json\/wp\/v2\/users\/1"}],"replies":[{"embeddable":true,"href":"https:\/\/uvbbrasil.com.br\/uvb-json\/wp\/v2\/comments?post=23290"}],"version-history":[{"count":0,"href":"https:\/\/uvbbrasil.com.br\/uvb-json\/wp\/v2\/posts\/23290\/revisions"}],"wp:featuredmedia":[{"embeddable":true,"href":"https:\/\/uvbbrasil.com.br\/uvb-json\/wp\/v2\/media\/23292"}],"wp:attachment":[{"href":"https:\/\/uvbbrasil.com.br\/uvb-json\/wp\/v2\/media?parent=23290"}],"wp:term":[{"taxonomy":"category","embeddable":true,"href":"https:\/\/uvbbrasil.com.br\/uvb-json\/wp\/v2\/categories?post=23290"},{"taxonomy":"post_tag","embeddable":true,"href":"https:\/\/uvbbrasil.com.br\/uvb-json\/wp\/v2\/tags?post=23290"}],"curies":[{"name":"wp","href":"https:\/\/api.w.org\/{rel}","templated":true}]}}