{"id":23219,"date":"2021-08-13T12:39:25","date_gmt":"2021-08-13T15:39:25","guid":{"rendered":"https:\/\/wpsandbox4.pante.com.br\/?p=23219"},"modified":"2021-08-13T12:39:25","modified_gmt":"2021-08-13T15:39:25","slug":"criacao-de-federacoes-partidarias-proposta-pelo-senado-vai-para-sancao","status":"publish","type":"post","link":"https:\/\/uvbbrasil.com.br\/criacao-de-federacoes-partidarias-proposta-pelo-senado-vai-para-sancao\/","title":{"rendered":"Cria\u00e7\u00e3o de federa\u00e7\u00f5es partid\u00e1rias, proposta pelo Senado, vai para san\u00e7\u00e3o"},"content":{"rendered":"<p>A C\u00e2mara dos Deputados aprovou nessa quinta-feira (12) o projeto de lei que\u00a0permite aos partidos pol\u00edticos se unirem em uma federa\u00e7\u00e3o, a fim de atuarem como uma s\u00f3 legenda nas elei\u00e7\u00f5es e na legislatura. A iniciativa surgiu no Senado (<a class=\"external-link\" title=\"\" href=\"http:\/\/www25.senado.leg.br\/web\/atividade\/materias\/-\/materia\/122304\" target=\"_self\" rel=\"noopener\">PLS 477\/2015<\/a>) e foi aprovada pelos deputados sem altera\u00e7\u00f5es. O texto ser\u00e1 enviada \u00e0 san\u00e7\u00e3o.<\/p>\n<p>Os partidos que decidirem formar uma federa\u00e7\u00e3o devem permanecer nela por um m\u00ednimo de quatro anos e, para a federa\u00e7\u00e3o continuar em funcionamento at\u00e9 a elei\u00e7\u00e3o seguinte, devem permanecer nela dois ou mais partidos.\u00a0Valem para a federa\u00e7\u00e3o partid\u00e1ria todas as normas sobre as atividades dos partidos pol\u00edticos nas elei\u00e7\u00f5es, como registro de candidatos, uso de recursos eleitorais, propaganda eleitoral, presta\u00e7\u00e3o de contas e convoca\u00e7\u00e3o de suplentes.\u00a0Tamb\u00e9m ser\u00e3o aplicadas todas as normas quanto ao funcionamento parlamentar e \u00e0 fidelidade partid\u00e1ria, mas ser\u00e3o asseguradas a identidade e a autonomia dos partidos integrantes.<\/p>\n<p>Os partidos ter\u00e3o at\u00e9 o prazo limite de realiza\u00e7\u00e3o das conven\u00e7\u00f5es partid\u00e1rias para formar a federa\u00e7\u00e3o, que dever\u00e1 ser registrada perante o Tribunal Superior Eleitoral (TSE). O documento para isso ser\u00e1 uma resolu\u00e7\u00e3o assinada pela maioria absoluta dos votos dos \u00f3rg\u00e3os de delibera\u00e7\u00e3o nacional de cada um dos partidos integrantes. A federa\u00e7\u00e3o ter\u00e1 que apresentar, ainda, c\u00f3pia de programa e estatuto comuns e ata de elei\u00e7\u00e3o de seu \u00f3rg\u00e3o de dire\u00e7\u00e3o nacional. O estatuto definir\u00e1 as regras para compor a lista da federa\u00e7\u00e3o para as elei\u00e7\u00f5es proporcionais.\u00a0S\u00f3 poder\u00e3o fazer parte de uma federa\u00e7\u00e3o os partidos com registro definitivo no TSE, e ela ter\u00e1 abrang\u00eancia nacional.<\/p>\n<p>Partidos que descumprirem a regra de perman\u00eancia na federa\u00e7\u00e3o pelo prazo m\u00ednimo\u00a0n\u00e3o poder\u00e3o utilizar o fundo partid\u00e1rio at\u00e9 o fim do prazo, al\u00e9m de n\u00e3o poderem participar de coliga\u00e7\u00f5es nas duas elei\u00e7\u00f5es seguintes.<\/p>\n<p>O relator do projeto na C\u00e2mara, deputado Silvio Costa Filho (Republicanos-PE), associou o texto\u00a0<a class=\"external-link\" title=\"\" href=\"http:\/\/www.camara.leg.br\/noticias\/793626-camara-aprova-volta-das-coligacoes-na-eleicao-proporcional-e-rejeita-o-distritao\/\" target=\"_self\" rel=\"noopener\">\u00e0 retomada das coliga\u00e7\u00f5es<\/a>, aprovada pela C\u00e2mara na mesma quinta-feira, afirmando que as federa\u00e7\u00f5es v\u00e3o &#8220;fortalecer&#8221; as alian\u00e7as eleitorais entre os partidos.<\/p>\n<p>\u2014\u00a0Estamos dando a oportunidade para os partidos se unirem com seu conte\u00fado program\u00e1tico e com os recursos do fundo partid\u00e1rio a fim de fortalecer as institui\u00e7\u00f5es partid\u00e1rias \u2014\u00a0explicou.<\/p>\n<p>O projeto surgiu de <a class=\"external-link\" title=\"\" href=\"http:\/\/legis.senado.leg.br\/comissoes\/comissao?codcol=1932\" target=\"_self\" rel=\"noopener\">comiss\u00e3o especial do Senado para discutir uma reforma pol\u00edtica<\/a>, que funcionou em 2015, sob a presid\u00eancia do ex-senador Jorge Viana (AC). <a class=\"external-link\" title=\"\" href=\"http:\/\/www12.senado.leg.br\/noticias\/materias\/2015\/07\/15\/senadores-aprovam-projeto-que-autoriza-partidos-a-se-unirem-em-federacao\" target=\"_self\" rel=\"noopener\">Ele foi aprovado no mesmo ano<\/a>, com relatoria do ex-senador Romero Juc\u00e1 (RR).<\/p>\n<p>&nbsp;<\/p>\n<p><a href=\"https:\/\/uvbbrasil.com.br\/?attachment_id=23220\" rel=\"attachment wp-att-23220\"><img fetchpriority=\"high\" decoding=\"async\" class=\"aligncenter size-full wp-image-23220\" src=\"https:\/\/uvbbrasil.com.br\/wp-content\/uploads\/2021\/08\/imagem_materia-32.jpg\" alt=\"\" width=\"860\" height=\"570\" srcset=\"https:\/\/uvbbrasil.com.br\/wp-content\/uploads\/2021\/08\/imagem_materia-32.jpg 860w, https:\/\/uvbbrasil.com.br\/wp-content\/uploads\/2021\/08\/imagem_materia-32-300x199.jpg 300w, https:\/\/uvbbrasil.com.br\/wp-content\/uploads\/2021\/08\/imagem_materia-32-768x509.jpg 768w\" sizes=\"(max-width: 860px) 100vw, 860px\" \/>https:www12.senado.leg.br\/noticias\/materias\/2021\/08\/13\/criacao-de-federacoes-partidarias-proposta-pelo-senado-vai-para-sancaofonte:<\/a><\/p>\n","protected":false},"excerpt":{"rendered":"<p>A C\u00e2mara dos Deputados aprovou nessa quinta-feira (12) o projeto de lei que\u00a0permite aos partidos pol\u00edticos se unirem em uma&#8230;<\/p>\n","protected":false},"author":1,"featured_media":23220,"comment_status":"open","ping_status":"open","sticky":false,"template":"","format":"standard","meta":{"footnotes":""},"categories":[3],"tags":[],"class_list":["post-23219","post","type-post","status-publish","format-standard","has-post-thumbnail","hentry","category-noticias"],"yoast_head":"<!-- This site is optimized with the Yoast SEO plugin v26.7 - https:\/\/yoast.com\/wordpress\/plugins\/seo\/ -->\n<title>Cria\u00e7\u00e3o de federa\u00e7\u00f5es partid\u00e1rias, proposta pelo Senado, vai para san\u00e7\u00e3o - UVB Brasil<\/title>\n<meta name=\"robots\" content=\"index, follow, max-snippet:-1, max-image-preview:large, max-video-preview:-1\" \/>\n<link rel=\"canonical\" href=\"https:\/\/uvbbrasil.com.br\/criacao-de-federacoes-partidarias-proposta-pelo-senado-vai-para-sancao\/\" \/>\n<meta property=\"og:locale\" content=\"pt_BR\" \/>\n<meta property=\"og:type\" content=\"article\" \/>\n<meta property=\"og:title\" content=\"Cria\u00e7\u00e3o de federa\u00e7\u00f5es partid\u00e1rias, proposta pelo Senado, vai para san\u00e7\u00e3o - UVB Brasil\" \/>\n<meta property=\"og:description\" content=\"A C\u00e2mara dos Deputados aprovou nessa quinta-feira (12) o projeto de lei que\u00a0permite aos partidos pol\u00edticos se unirem em uma...\" \/>\n<meta property=\"og:url\" content=\"https:\/\/uvbbrasil.com.br\/criacao-de-federacoes-partidarias-proposta-pelo-senado-vai-para-sancao\/\" \/>\n<meta property=\"og:site_name\" content=\"UVB Brasil\" \/>\n<meta property=\"article:publisher\" content=\"https:\/\/www.facebook.com\/uvb.vereadoresbrasil\" \/>\n<meta property=\"article:published_time\" content=\"2021-08-13T15:39:25+00:00\" \/>\n<meta property=\"og:image\" content=\"https:\/\/uvbbrasil.com.br\/wp-content\/uploads\/2021\/08\/imagem_materia-32.jpg\" \/>\n\t<meta property=\"og:image:width\" content=\"860\" \/>\n\t<meta property=\"og:image:height\" content=\"570\" \/>\n\t<meta property=\"og:image:type\" content=\"image\/jpeg\" \/>\n<meta name=\"author\" content=\"adminuvb\" \/>\n<meta name=\"twitter:card\" content=\"summary_large_image\" \/>\n<meta name=\"twitter:label1\" content=\"Escrito por\" \/>\n\t<meta name=\"twitter:data1\" content=\"adminuvb\" \/>\n\t<meta name=\"twitter:label2\" content=\"Est. tempo de leitura\" \/>\n\t<meta name=\"twitter:data2\" content=\"2 minutos\" \/>\n<script type=\"application\/ld+json\" class=\"yoast-schema-graph\">{\"@context\":\"https:\/\/schema.org\",\"@graph\":[{\"@type\":\"Article\",\"@id\":\"https:\/\/uvbbrasil.com.br\/criacao-de-federacoes-partidarias-proposta-pelo-senado-vai-para-sancao\/#article\",\"isPartOf\":{\"@id\":\"https:\/\/uvbbrasil.com.br\/criacao-de-federacoes-partidarias-proposta-pelo-senado-vai-para-sancao\/\"},\"author\":{\"name\":\"adminuvb\",\"@id\":\"https:\/\/uvbbrasil.com.br\/#\/schema\/person\/17990098446c098f52effddff4f1b272\"},\"headline\":\"Cria\u00e7\u00e3o de federa\u00e7\u00f5es partid\u00e1rias, proposta pelo Senado, vai para san\u00e7\u00e3o\",\"datePublished\":\"2021-08-13T15:39:25+00:00\",\"mainEntityOfPage\":{\"@id\":\"https:\/\/uvbbrasil.com.br\/criacao-de-federacoes-partidarias-proposta-pelo-senado-vai-para-sancao\/\"},\"wordCount\":468,\"commentCount\":0,\"publisher\":{\"@id\":\"https:\/\/uvbbrasil.com.br\/#organization\"},\"image\":{\"@id\":\"https:\/\/uvbbrasil.com.br\/criacao-de-federacoes-partidarias-proposta-pelo-senado-vai-para-sancao\/#primaryimage\"},\"thumbnailUrl\":\"https:\/\/uvbbrasil.com.br\/wp-content\/uploads\/2021\/08\/imagem_materia-32.jpg\",\"articleSection\":[\"NOT\u00cdCIAS\"],\"inLanguage\":\"pt-BR\",\"potentialAction\":[{\"@type\":\"CommentAction\",\"name\":\"Comment\",\"target\":[\"https:\/\/uvbbrasil.com.br\/criacao-de-federacoes-partidarias-proposta-pelo-senado-vai-para-sancao\/#respond\"]}]},{\"@type\":\"WebPage\",\"@id\":\"https:\/\/uvbbrasil.com.br\/criacao-de-federacoes-partidarias-proposta-pelo-senado-vai-para-sancao\/\",\"url\":\"https:\/\/uvbbrasil.com.br\/criacao-de-federacoes-partidarias-proposta-pelo-senado-vai-para-sancao\/\",\"name\":\"Cria\u00e7\u00e3o de federa\u00e7\u00f5es partid\u00e1rias, proposta pelo Senado, vai para san\u00e7\u00e3o - UVB Brasil\",\"isPartOf\":{\"@id\":\"https:\/\/uvbbrasil.com.br\/#website\"},\"primaryImageOfPage\":{\"@id\":\"https:\/\/uvbbrasil.com.br\/criacao-de-federacoes-partidarias-proposta-pelo-senado-vai-para-sancao\/#primaryimage\"},\"image\":{\"@id\":\"https:\/\/uvbbrasil.com.br\/criacao-de-federacoes-partidarias-proposta-pelo-senado-vai-para-sancao\/#primaryimage\"},\"thumbnailUrl\":\"https:\/\/uvbbrasil.com.br\/wp-content\/uploads\/2021\/08\/imagem_materia-32.jpg\",\"datePublished\":\"2021-08-13T15:39:25+00:00\",\"breadcrumb\":{\"@id\":\"https:\/\/uvbbrasil.com.br\/criacao-de-federacoes-partidarias-proposta-pelo-senado-vai-para-sancao\/#breadcrumb\"},\"inLanguage\":\"pt-BR\",\"potentialAction\":[{\"@type\":\"ReadAction\",\"target\":[\"https:\/\/uvbbrasil.com.br\/criacao-de-federacoes-partidarias-proposta-pelo-senado-vai-para-sancao\/\"]}]},{\"@type\":\"ImageObject\",\"inLanguage\":\"pt-BR\",\"@id\":\"https:\/\/uvbbrasil.com.br\/criacao-de-federacoes-partidarias-proposta-pelo-senado-vai-para-sancao\/#primaryimage\",\"url\":\"https:\/\/uvbbrasil.com.br\/wp-content\/uploads\/2021\/08\/imagem_materia-32.jpg\",\"contentUrl\":\"https:\/\/uvbbrasil.com.br\/wp-content\/uploads\/2021\/08\/imagem_materia-32.jpg\",\"width\":860,\"height\":570},{\"@type\":\"BreadcrumbList\",\"@id\":\"https:\/\/uvbbrasil.com.br\/criacao-de-federacoes-partidarias-proposta-pelo-senado-vai-para-sancao\/#breadcrumb\",\"itemListElement\":[{\"@type\":\"ListItem\",\"position\":1,\"name\":\"In\u00edcio\",\"item\":\"https:\/\/uvbbrasil.com.br\/\"},{\"@type\":\"ListItem\",\"position\":2,\"name\":\"Cria\u00e7\u00e3o de federa\u00e7\u00f5es partid\u00e1rias, proposta pelo Senado, vai para san\u00e7\u00e3o\"}]},{\"@type\":\"WebSite\",\"@id\":\"https:\/\/uvbbrasil.com.br\/#website\",\"url\":\"https:\/\/uvbbrasil.com.br\/\",\"name\":\"UVB Brasil\",\"description\":\"Uni\u00e3o dos Vereadores do Brasil\",\"publisher\":{\"@id\":\"https:\/\/uvbbrasil.com.br\/#organization\"},\"potentialAction\":[{\"@type\":\"SearchAction\",\"target\":{\"@type\":\"EntryPoint\",\"urlTemplate\":\"https:\/\/uvbbrasil.com.br\/?s={search_term_string}\"},\"query-input\":{\"@type\":\"PropertyValueSpecification\",\"valueRequired\":true,\"valueName\":\"search_term_string\"}}],\"inLanguage\":\"pt-BR\"},{\"@type\":\"Organization\",\"@id\":\"https:\/\/uvbbrasil.com.br\/#organization\",\"name\":\"UVB Brasil\",\"url\":\"https:\/\/uvbbrasil.com.br\/\",\"logo\":{\"@type\":\"ImageObject\",\"inLanguage\":\"pt-BR\",\"@id\":\"https:\/\/uvbbrasil.com.br\/#\/schema\/logo\/image\/\",\"url\":\"https:\/\/uvbbrasil.com.br\/wp-content\/uploads\/2025\/01\/LOGO-UVB-2024-azul-1.jpg\",\"contentUrl\":\"https:\/\/uvbbrasil.com.br\/wp-content\/uploads\/2025\/01\/LOGO-UVB-2024-azul-1.jpg\",\"width\":600,\"height\":211,\"caption\":\"UVB Brasil\"},\"image\":{\"@id\":\"https:\/\/uvbbrasil.com.br\/#\/schema\/logo\/image\/\"},\"sameAs\":[\"https:\/\/www.facebook.com\/uvb.vereadoresbrasil\",\"https:\/\/www.instagram.com\/uvbbrasil\/\",\"https:\/\/www.youtube.com\/channel\/UCIlPQ8Xzw5GHNzosQIg9S5A\"]},{\"@type\":\"Person\",\"@id\":\"https:\/\/uvbbrasil.com.br\/#\/schema\/person\/17990098446c098f52effddff4f1b272\",\"name\":\"adminuvb\",\"image\":{\"@type\":\"ImageObject\",\"inLanguage\":\"pt-BR\",\"@id\":\"https:\/\/uvbbrasil.com.br\/#\/schema\/person\/image\/\",\"url\":\"https:\/\/secure.gravatar.com\/avatar\/1a494ea6f8e2dd1ae526e55b0e9497efdba542491e0620d704cccf63c6f77c45?s=96&d=mm&r=g\",\"contentUrl\":\"https:\/\/secure.gravatar.com\/avatar\/1a494ea6f8e2dd1ae526e55b0e9497efdba542491e0620d704cccf63c6f77c45?s=96&d=mm&r=g\",\"caption\":\"adminuvb\"},\"sameAs\":[\"https:\/\/uvbbrasil.com.br\"],\"url\":\"https:\/\/uvbbrasil.com.br\/author\/adminuvb\/\"}]}<\/script>\n<!-- \/ Yoast SEO plugin. -->","yoast_head_json":{"title":"Cria\u00e7\u00e3o de federa\u00e7\u00f5es partid\u00e1rias, proposta pelo Senado, vai para san\u00e7\u00e3o - UVB Brasil","robots":{"index":"index","follow":"follow","max-snippet":"max-snippet:-1","max-image-preview":"max-image-preview:large","max-video-preview":"max-video-preview:-1"},"canonical":"https:\/\/uvbbrasil.com.br\/criacao-de-federacoes-partidarias-proposta-pelo-senado-vai-para-sancao\/","og_locale":"pt_BR","og_type":"article","og_title":"Cria\u00e7\u00e3o de federa\u00e7\u00f5es partid\u00e1rias, proposta pelo Senado, vai para san\u00e7\u00e3o - UVB Brasil","og_description":"A C\u00e2mara dos Deputados aprovou nessa quinta-feira (12) o projeto de lei que\u00a0permite aos partidos pol\u00edticos se unirem em uma...","og_url":"https:\/\/uvbbrasil.com.br\/criacao-de-federacoes-partidarias-proposta-pelo-senado-vai-para-sancao\/","og_site_name":"UVB Brasil","article_publisher":"https:\/\/www.facebook.com\/uvb.vereadoresbrasil","article_published_time":"2021-08-13T15:39:25+00:00","og_image":[{"width":860,"height":570,"url":"https:\/\/uvbbrasil.com.br\/wp-content\/uploads\/2021\/08\/imagem_materia-32.jpg","type":"image\/jpeg"}],"author":"adminuvb","twitter_card":"summary_large_image","twitter_misc":{"Escrito por":"adminuvb","Est. tempo de leitura":"2 minutos"},"schema":{"@context":"https:\/\/schema.org","@graph":[{"@type":"Article","@id":"https:\/\/uvbbrasil.com.br\/criacao-de-federacoes-partidarias-proposta-pelo-senado-vai-para-sancao\/#article","isPartOf":{"@id":"https:\/\/uvbbrasil.com.br\/criacao-de-federacoes-partidarias-proposta-pelo-senado-vai-para-sancao\/"},"author":{"name":"adminuvb","@id":"https:\/\/uvbbrasil.com.br\/#\/schema\/person\/17990098446c098f52effddff4f1b272"},"headline":"Cria\u00e7\u00e3o de federa\u00e7\u00f5es partid\u00e1rias, proposta pelo Senado, vai para san\u00e7\u00e3o","datePublished":"2021-08-13T15:39:25+00:00","mainEntityOfPage":{"@id":"https:\/\/uvbbrasil.com.br\/criacao-de-federacoes-partidarias-proposta-pelo-senado-vai-para-sancao\/"},"wordCount":468,"commentCount":0,"publisher":{"@id":"https:\/\/uvbbrasil.com.br\/#organization"},"image":{"@id":"https:\/\/uvbbrasil.com.br\/criacao-de-federacoes-partidarias-proposta-pelo-senado-vai-para-sancao\/#primaryimage"},"thumbnailUrl":"https:\/\/uvbbrasil.com.br\/wp-content\/uploads\/2021\/08\/imagem_materia-32.jpg","articleSection":["NOT\u00cdCIAS"],"inLanguage":"pt-BR","potentialAction":[{"@type":"CommentAction","name":"Comment","target":["https:\/\/uvbbrasil.com.br\/criacao-de-federacoes-partidarias-proposta-pelo-senado-vai-para-sancao\/#respond"]}]},{"@type":"WebPage","@id":"https:\/\/uvbbrasil.com.br\/criacao-de-federacoes-partidarias-proposta-pelo-senado-vai-para-sancao\/","url":"https:\/\/uvbbrasil.com.br\/criacao-de-federacoes-partidarias-proposta-pelo-senado-vai-para-sancao\/","name":"Cria\u00e7\u00e3o de federa\u00e7\u00f5es partid\u00e1rias, proposta pelo Senado, vai para san\u00e7\u00e3o - UVB Brasil","isPartOf":{"@id":"https:\/\/uvbbrasil.com.br\/#website"},"primaryImageOfPage":{"@id":"https:\/\/uvbbrasil.com.br\/criacao-de-federacoes-partidarias-proposta-pelo-senado-vai-para-sancao\/#primaryimage"},"image":{"@id":"https:\/\/uvbbrasil.com.br\/criacao-de-federacoes-partidarias-proposta-pelo-senado-vai-para-sancao\/#primaryimage"},"thumbnailUrl":"https:\/\/uvbbrasil.com.br\/wp-content\/uploads\/2021\/08\/imagem_materia-32.jpg","datePublished":"2021-08-13T15:39:25+00:00","breadcrumb":{"@id":"https:\/\/uvbbrasil.com.br\/criacao-de-federacoes-partidarias-proposta-pelo-senado-vai-para-sancao\/#breadcrumb"},"inLanguage":"pt-BR","potentialAction":[{"@type":"ReadAction","target":["https:\/\/uvbbrasil.com.br\/criacao-de-federacoes-partidarias-proposta-pelo-senado-vai-para-sancao\/"]}]},{"@type":"ImageObject","inLanguage":"pt-BR","@id":"https:\/\/uvbbrasil.com.br\/criacao-de-federacoes-partidarias-proposta-pelo-senado-vai-para-sancao\/#primaryimage","url":"https:\/\/uvbbrasil.com.br\/wp-content\/uploads\/2021\/08\/imagem_materia-32.jpg","contentUrl":"https:\/\/uvbbrasil.com.br\/wp-content\/uploads\/2021\/08\/imagem_materia-32.jpg","width":860,"height":570},{"@type":"BreadcrumbList","@id":"https:\/\/uvbbrasil.com.br\/criacao-de-federacoes-partidarias-proposta-pelo-senado-vai-para-sancao\/#breadcrumb","itemListElement":[{"@type":"ListItem","position":1,"name":"In\u00edcio","item":"https:\/\/uvbbrasil.com.br\/"},{"@type":"ListItem","position":2,"name":"Cria\u00e7\u00e3o de federa\u00e7\u00f5es partid\u00e1rias, proposta pelo Senado, vai para san\u00e7\u00e3o"}]},{"@type":"WebSite","@id":"https:\/\/uvbbrasil.com.br\/#website","url":"https:\/\/uvbbrasil.com.br\/","name":"UVB Brasil","description":"Uni\u00e3o dos Vereadores do Brasil","publisher":{"@id":"https:\/\/uvbbrasil.com.br\/#organization"},"potentialAction":[{"@type":"SearchAction","target":{"@type":"EntryPoint","urlTemplate":"https:\/\/uvbbrasil.com.br\/?s={search_term_string}"},"query-input":{"@type":"PropertyValueSpecification","valueRequired":true,"valueName":"search_term_string"}}],"inLanguage":"pt-BR"},{"@type":"Organization","@id":"https:\/\/uvbbrasil.com.br\/#organization","name":"UVB Brasil","url":"https:\/\/uvbbrasil.com.br\/","logo":{"@type":"ImageObject","inLanguage":"pt-BR","@id":"https:\/\/uvbbrasil.com.br\/#\/schema\/logo\/image\/","url":"https:\/\/uvbbrasil.com.br\/wp-content\/uploads\/2025\/01\/LOGO-UVB-2024-azul-1.jpg","contentUrl":"https:\/\/uvbbrasil.com.br\/wp-content\/uploads\/2025\/01\/LOGO-UVB-2024-azul-1.jpg","width":600,"height":211,"caption":"UVB Brasil"},"image":{"@id":"https:\/\/uvbbrasil.com.br\/#\/schema\/logo\/image\/"},"sameAs":["https:\/\/www.facebook.com\/uvb.vereadoresbrasil","https:\/\/www.instagram.com\/uvbbrasil\/","https:\/\/www.youtube.com\/channel\/UCIlPQ8Xzw5GHNzosQIg9S5A"]},{"@type":"Person","@id":"https:\/\/uvbbrasil.com.br\/#\/schema\/person\/17990098446c098f52effddff4f1b272","name":"adminuvb","image":{"@type":"ImageObject","inLanguage":"pt-BR","@id":"https:\/\/uvbbrasil.com.br\/#\/schema\/person\/image\/","url":"https:\/\/secure.gravatar.com\/avatar\/1a494ea6f8e2dd1ae526e55b0e9497efdba542491e0620d704cccf63c6f77c45?s=96&d=mm&r=g","contentUrl":"https:\/\/secure.gravatar.com\/avatar\/1a494ea6f8e2dd1ae526e55b0e9497efdba542491e0620d704cccf63c6f77c45?s=96&d=mm&r=g","caption":"adminuvb"},"sameAs":["https:\/\/uvbbrasil.com.br"],"url":"https:\/\/uvbbrasil.com.br\/author\/adminuvb\/"}]}},"_links":{"self":[{"href":"https:\/\/uvbbrasil.com.br\/uvb-json\/wp\/v2\/posts\/23219","targetHints":{"allow":["GET"]}}],"collection":[{"href":"https:\/\/uvbbrasil.com.br\/uvb-json\/wp\/v2\/posts"}],"about":[{"href":"https:\/\/uvbbrasil.com.br\/uvb-json\/wp\/v2\/types\/post"}],"author":[{"embeddable":true,"href":"https:\/\/uvbbrasil.com.br\/uvb-json\/wp\/v2\/users\/1"}],"replies":[{"embeddable":true,"href":"https:\/\/uvbbrasil.com.br\/uvb-json\/wp\/v2\/comments?post=23219"}],"version-history":[{"count":0,"href":"https:\/\/uvbbrasil.com.br\/uvb-json\/wp\/v2\/posts\/23219\/revisions"}],"wp:featuredmedia":[{"embeddable":true,"href":"https:\/\/uvbbrasil.com.br\/uvb-json\/wp\/v2\/media\/23220"}],"wp:attachment":[{"href":"https:\/\/uvbbrasil.com.br\/uvb-json\/wp\/v2\/media?parent=23219"}],"wp:term":[{"taxonomy":"category","embeddable":true,"href":"https:\/\/uvbbrasil.com.br\/uvb-json\/wp\/v2\/categories?post=23219"},{"taxonomy":"post_tag","embeddable":true,"href":"https:\/\/uvbbrasil.com.br\/uvb-json\/wp\/v2\/tags?post=23219"}],"curies":[{"name":"wp","href":"https:\/\/api.w.org\/{rel}","templated":true}]}}