{"id":23213,"date":"2021-08-12T11:22:27","date_gmt":"2021-08-12T14:22:27","guid":{"rendered":"https:\/\/wpsandbox4.pante.com.br\/?p=23213"},"modified":"2021-08-12T11:22:27","modified_gmt":"2021-08-12T14:22:27","slug":"deputados-inauguram-sala-para-associacao-de-vereadores-na-assembleia-legislativa-do-tocantins","status":"publish","type":"post","link":"https:\/\/uvbbrasil.com.br\/deputados-inauguram-sala-para-associacao-de-vereadores-na-assembleia-legislativa-do-tocantins\/","title":{"rendered":"Inaugurada sala para associa\u00e7\u00e3o de vereadores na Assembleia Legislativa do Tocantins"},"content":{"rendered":"<p>Com de deputados estaduais e do governador Mauro Carlesse (PSL), foi inaugurada na manh\u00e3 desta quarta-feira, 11, uma sala na Assembleia Legislativa do Tocantins (Aleto) destinada \u00e0 Associa\u00e7\u00e3o de Vereadores do Vale do Araguaia (UVVAET).<\/p>\n<p>Antes do descerramento da fita inaugural da sala localizada no subsolo da Casa, ocorreu um evento na sala de reuni\u00f5es da Presid\u00eancia da Assembleia.<\/p>\n<p>Na ocasi\u00e3o, o presidente da Casa, deputado Antonio Andrade (sem partido), ressaltou a import\u00e2ncia da parceria com os legislativos municipais. \u201cUm espa\u00e7o aos vereadores dentro da Assembleia amenizar\u00e1 as dificuldades que os legisladores municipais encontram na capital para resolver problemas de seus munic\u00edpios\u201d, avaliou.<\/p>\n<p>Andrade fez quest\u00e3o de afirmar que entrou para a pol\u00edtica por meio do mandato de vereador; por isso, conhece as dificuldades enfrentadas por esses representantes. \u201cA fim de fazer seus requerimentos, suas sugest\u00f5es aos deputados e outras demandas, o vereador com um gabinete e assessoria com estrutura na Assembleia \u00e9 algo importante para o seu trabalho parlamentar\u201d, destacou.<\/p>\n<p>O presidente tamb\u00e9m disse que a sugest\u00e3o dos vereadores que trazem o sentimento de sua cidade pode gerar uma obra importante para cada munic\u00edpio. \u201cSabemos das dificuldades existentes, mas acredito que, com a parceria, diminuiremos muito os problemas. Os vereadores s\u00e3o sempre bem-vindos a esta Casa de Leis\u201d, concluiu.<\/p>\n<p>Parceria<\/p>\n<p>Ao destacar que a parceria dos poderes \u00e9 respons\u00e1vel pela promo\u00e7\u00e3o da boa gest\u00e3o do Estado, o governador disse que o trabalho conjunto vai ajudar muito o desenvolvimento das regi\u00f5es e das comunidades.<\/p>\n<p>O chefe do Executivo parabenizou deputados e vereadores pela parceria. \u201cExiste uma dist\u00e2ncia entre os vereadores e o Pal\u00e1cio, mas, com o espa\u00e7o concedido pela Assembleia, eles ficar\u00e3o praticamente dentro do Pal\u00e1cio Araguaia. E isso ser\u00e1 fundamental, pois todos trabalham pelo mesmo objetivo\u201d, finalizou.<\/p>\n<p>UVVAET<\/p>\n<p>Presidente da UVVAET, o vereador de Caseara Cleber Pinto Cavalcante (DEM) fez um pronunciamento de agradecimento aos parlamentares, nas pessoas do presidente da Assembleia e do deputado da regi\u00e3o do Vale do Araguaia, Nilton Franco (MDB).<\/p>\n<p>Tamb\u00e9m conhecido como Clebinho, ele solicitou tamb\u00e9m ao governador Mauro Carlesse a doa\u00e7\u00e3o de um terreno para a constru\u00e7\u00e3o definitiva da sede da associa\u00e7\u00e3o, pedido que o governante garantiu atender, desde que a medida esteja dentro da legalidade.<\/p>\n<p>Deputados<\/p>\n<p>Com a presen\u00e7a da maioria dos parlamentares, todos os que se expressaram garantiram apoio \u00e0 institui\u00e7\u00e3o municipalista e colocaram seus gabinetes \u00e0 disposi\u00e7\u00e3o.<\/p>\n<p>O deputado Nilton Franco enalteceu a regi\u00e3o do Vale do Araguaia em fun\u00e7\u00e3o do agroneg\u00f3cio e de uma popula\u00e7\u00e3o estimada em mais de 150 mil habitantes e aproximadamente 100 mil eleitores.<\/p>\n<p>Nilton destacou o trabalho da gest\u00e3o estadual naquela regi\u00e3o e pregou a uni\u00e3o de todos os gestores a fim de conseguir a constru\u00e7\u00e3o da ponte sobre o rio Araguaia em Caseara, ligando o Tocantins ao sul do Par\u00e1.<\/p>\n<p>O evento contou com a participa\u00e7\u00e3o de prefeitos, diversos vereadores da regi\u00e3o do Vale do Araguaia e de secret\u00e1rios de Estado.\u00a0 <a href=\"https:\/\/uvbbrasil.com.br\/?attachment_id=23214\" rel=\"attachment wp-att-23214\"><img fetchpriority=\"high\" decoding=\"async\" class=\"aligncenter size-full wp-image-23214\" src=\"https:\/\/uvbbrasil.com.br\/wp-content\/uploads\/2021\/08\/1a62e0afe7eef9b19d63dfa0f99a5265.jpg\" alt=\"\" width=\"1130\" height=\"724\" srcset=\"https:\/\/uvbbrasil.com.br\/wp-content\/uploads\/2021\/08\/1a62e0afe7eef9b19d63dfa0f99a5265.jpg 1130w, https:\/\/uvbbrasil.com.br\/wp-content\/uploads\/2021\/08\/1a62e0afe7eef9b19d63dfa0f99a5265-300x192.jpg 300w, https:\/\/uvbbrasil.com.br\/wp-content\/uploads\/2021\/08\/1a62e0afe7eef9b19d63dfa0f99a5265-1024x656.jpg 1024w, https:\/\/uvbbrasil.com.br\/wp-content\/uploads\/2021\/08\/1a62e0afe7eef9b19d63dfa0f99a5265-768x492.jpg 768w\" sizes=\"(max-width: 1130px) 100vw, 1130px\" \/><\/a><\/p>\n<p><em>fonte<\/em>:<a href=\"https:\/\/www.al.to.leg.br\/noticia\/10288\/deputados-inauguram-sala-para-associacao-de-vereadores-na-assembleia-legislativa\">https:\/\/www.al.to.leg.br\/noticia\/10288\/deputados-inauguram-sala-para-associacao-de-vereadores-na-assembleia-legislativa<\/a><\/p>\n","protected":false},"excerpt":{"rendered":"<p>Com de deputados estaduais e do governador Mauro Carlesse (PSL), foi inaugurada na manh\u00e3 desta quarta-feira, 11, uma sala na&#8230;<\/p>\n","protected":false},"author":1,"featured_media":23214,"comment_status":"open","ping_status":"open","sticky":false,"template":"","format":"standard","meta":{"footnotes":""},"categories":[3],"tags":[],"class_list":["post-23213","post","type-post","status-publish","format-standard","has-post-thumbnail","hentry","category-noticias"],"yoast_head":"<!-- This site is optimized with the Yoast SEO plugin v26.7 - https:\/\/yoast.com\/wordpress\/plugins\/seo\/ -->\n<title>Inaugurada sala para associa\u00e7\u00e3o de vereadores na Assembleia Legislativa do Tocantins - UVB Brasil<\/title>\n<meta name=\"robots\" content=\"index, follow, max-snippet:-1, max-image-preview:large, max-video-preview:-1\" \/>\n<link rel=\"canonical\" href=\"https:\/\/uvbbrasil.com.br\/deputados-inauguram-sala-para-associacao-de-vereadores-na-assembleia-legislativa-do-tocantins\/\" \/>\n<meta property=\"og:locale\" content=\"pt_BR\" \/>\n<meta property=\"og:type\" content=\"article\" \/>\n<meta property=\"og:title\" content=\"Inaugurada sala para associa\u00e7\u00e3o de vereadores na Assembleia Legislativa do Tocantins - UVB Brasil\" \/>\n<meta property=\"og:description\" content=\"Com de deputados estaduais e do governador Mauro Carlesse (PSL), foi inaugurada na manh\u00e3 desta quarta-feira, 11, uma sala na...\" \/>\n<meta property=\"og:url\" content=\"https:\/\/uvbbrasil.com.br\/deputados-inauguram-sala-para-associacao-de-vereadores-na-assembleia-legislativa-do-tocantins\/\" \/>\n<meta property=\"og:site_name\" content=\"UVB Brasil\" \/>\n<meta property=\"article:publisher\" content=\"https:\/\/www.facebook.com\/uvb.vereadoresbrasil\" \/>\n<meta property=\"article:published_time\" content=\"2021-08-12T14:22:27+00:00\" \/>\n<meta property=\"og:image\" content=\"https:\/\/uvbbrasil.com.br\/wp-content\/uploads\/2021\/08\/1a62e0afe7eef9b19d63dfa0f99a5265.jpg\" \/>\n\t<meta property=\"og:image:width\" content=\"1130\" \/>\n\t<meta property=\"og:image:height\" content=\"724\" \/>\n\t<meta property=\"og:image:type\" content=\"image\/jpeg\" \/>\n<meta name=\"author\" content=\"adminuvb\" \/>\n<meta name=\"twitter:card\" content=\"summary_large_image\" \/>\n<meta name=\"twitter:label1\" content=\"Escrito por\" \/>\n\t<meta name=\"twitter:data1\" content=\"adminuvb\" \/>\n\t<meta name=\"twitter:label2\" content=\"Est. tempo de leitura\" \/>\n\t<meta name=\"twitter:data2\" content=\"3 minutos\" \/>\n<script type=\"application\/ld+json\" class=\"yoast-schema-graph\">{\"@context\":\"https:\/\/schema.org\",\"@graph\":[{\"@type\":\"Article\",\"@id\":\"https:\/\/uvbbrasil.com.br\/deputados-inauguram-sala-para-associacao-de-vereadores-na-assembleia-legislativa-do-tocantins\/#article\",\"isPartOf\":{\"@id\":\"https:\/\/uvbbrasil.com.br\/deputados-inauguram-sala-para-associacao-de-vereadores-na-assembleia-legislativa-do-tocantins\/\"},\"author\":{\"name\":\"adminuvb\",\"@id\":\"https:\/\/uvbbrasil.com.br\/#\/schema\/person\/17990098446c098f52effddff4f1b272\"},\"headline\":\"Inaugurada sala para associa\u00e7\u00e3o de vereadores na Assembleia Legislativa do Tocantins\",\"datePublished\":\"2021-08-12T14:22:27+00:00\",\"mainEntityOfPage\":{\"@id\":\"https:\/\/uvbbrasil.com.br\/deputados-inauguram-sala-para-associacao-de-vereadores-na-assembleia-legislativa-do-tocantins\/\"},\"wordCount\":533,\"commentCount\":0,\"publisher\":{\"@id\":\"https:\/\/uvbbrasil.com.br\/#organization\"},\"image\":{\"@id\":\"https:\/\/uvbbrasil.com.br\/deputados-inauguram-sala-para-associacao-de-vereadores-na-assembleia-legislativa-do-tocantins\/#primaryimage\"},\"thumbnailUrl\":\"https:\/\/uvbbrasil.com.br\/wp-content\/uploads\/2021\/08\/1a62e0afe7eef9b19d63dfa0f99a5265.jpg\",\"articleSection\":[\"NOT\u00cdCIAS\"],\"inLanguage\":\"pt-BR\",\"potentialAction\":[{\"@type\":\"CommentAction\",\"name\":\"Comment\",\"target\":[\"https:\/\/uvbbrasil.com.br\/deputados-inauguram-sala-para-associacao-de-vereadores-na-assembleia-legislativa-do-tocantins\/#respond\"]}]},{\"@type\":\"WebPage\",\"@id\":\"https:\/\/uvbbrasil.com.br\/deputados-inauguram-sala-para-associacao-de-vereadores-na-assembleia-legislativa-do-tocantins\/\",\"url\":\"https:\/\/uvbbrasil.com.br\/deputados-inauguram-sala-para-associacao-de-vereadores-na-assembleia-legislativa-do-tocantins\/\",\"name\":\"Inaugurada sala para associa\u00e7\u00e3o de vereadores na Assembleia Legislativa do Tocantins - UVB Brasil\",\"isPartOf\":{\"@id\":\"https:\/\/uvbbrasil.com.br\/#website\"},\"primaryImageOfPage\":{\"@id\":\"https:\/\/uvbbrasil.com.br\/deputados-inauguram-sala-para-associacao-de-vereadores-na-assembleia-legislativa-do-tocantins\/#primaryimage\"},\"image\":{\"@id\":\"https:\/\/uvbbrasil.com.br\/deputados-inauguram-sala-para-associacao-de-vereadores-na-assembleia-legislativa-do-tocantins\/#primaryimage\"},\"thumbnailUrl\":\"https:\/\/uvbbrasil.com.br\/wp-content\/uploads\/2021\/08\/1a62e0afe7eef9b19d63dfa0f99a5265.jpg\",\"datePublished\":\"2021-08-12T14:22:27+00:00\",\"breadcrumb\":{\"@id\":\"https:\/\/uvbbrasil.com.br\/deputados-inauguram-sala-para-associacao-de-vereadores-na-assembleia-legislativa-do-tocantins\/#breadcrumb\"},\"inLanguage\":\"pt-BR\",\"potentialAction\":[{\"@type\":\"ReadAction\",\"target\":[\"https:\/\/uvbbrasil.com.br\/deputados-inauguram-sala-para-associacao-de-vereadores-na-assembleia-legislativa-do-tocantins\/\"]}]},{\"@type\":\"ImageObject\",\"inLanguage\":\"pt-BR\",\"@id\":\"https:\/\/uvbbrasil.com.br\/deputados-inauguram-sala-para-associacao-de-vereadores-na-assembleia-legislativa-do-tocantins\/#primaryimage\",\"url\":\"https:\/\/uvbbrasil.com.br\/wp-content\/uploads\/2021\/08\/1a62e0afe7eef9b19d63dfa0f99a5265.jpg\",\"contentUrl\":\"https:\/\/uvbbrasil.com.br\/wp-content\/uploads\/2021\/08\/1a62e0afe7eef9b19d63dfa0f99a5265.jpg\",\"width\":1130,\"height\":724},{\"@type\":\"BreadcrumbList\",\"@id\":\"https:\/\/uvbbrasil.com.br\/deputados-inauguram-sala-para-associacao-de-vereadores-na-assembleia-legislativa-do-tocantins\/#breadcrumb\",\"itemListElement\":[{\"@type\":\"ListItem\",\"position\":1,\"name\":\"In\u00edcio\",\"item\":\"https:\/\/uvbbrasil.com.br\/\"},{\"@type\":\"ListItem\",\"position\":2,\"name\":\"Inaugurada sala para associa\u00e7\u00e3o de vereadores na Assembleia Legislativa do Tocantins\"}]},{\"@type\":\"WebSite\",\"@id\":\"https:\/\/uvbbrasil.com.br\/#website\",\"url\":\"https:\/\/uvbbrasil.com.br\/\",\"name\":\"UVB Brasil\",\"description\":\"Uni\u00e3o dos Vereadores do Brasil\",\"publisher\":{\"@id\":\"https:\/\/uvbbrasil.com.br\/#organization\"},\"potentialAction\":[{\"@type\":\"SearchAction\",\"target\":{\"@type\":\"EntryPoint\",\"urlTemplate\":\"https:\/\/uvbbrasil.com.br\/?s={search_term_string}\"},\"query-input\":{\"@type\":\"PropertyValueSpecification\",\"valueRequired\":true,\"valueName\":\"search_term_string\"}}],\"inLanguage\":\"pt-BR\"},{\"@type\":\"Organization\",\"@id\":\"https:\/\/uvbbrasil.com.br\/#organization\",\"name\":\"UVB Brasil\",\"url\":\"https:\/\/uvbbrasil.com.br\/\",\"logo\":{\"@type\":\"ImageObject\",\"inLanguage\":\"pt-BR\",\"@id\":\"https:\/\/uvbbrasil.com.br\/#\/schema\/logo\/image\/\",\"url\":\"https:\/\/uvbbrasil.com.br\/wp-content\/uploads\/2025\/01\/LOGO-UVB-2024-azul-1.jpg\",\"contentUrl\":\"https:\/\/uvbbrasil.com.br\/wp-content\/uploads\/2025\/01\/LOGO-UVB-2024-azul-1.jpg\",\"width\":600,\"height\":211,\"caption\":\"UVB Brasil\"},\"image\":{\"@id\":\"https:\/\/uvbbrasil.com.br\/#\/schema\/logo\/image\/\"},\"sameAs\":[\"https:\/\/www.facebook.com\/uvb.vereadoresbrasil\",\"https:\/\/www.instagram.com\/uvbbrasil\/\",\"https:\/\/www.youtube.com\/channel\/UCIlPQ8Xzw5GHNzosQIg9S5A\"]},{\"@type\":\"Person\",\"@id\":\"https:\/\/uvbbrasil.com.br\/#\/schema\/person\/17990098446c098f52effddff4f1b272\",\"name\":\"adminuvb\",\"image\":{\"@type\":\"ImageObject\",\"inLanguage\":\"pt-BR\",\"@id\":\"https:\/\/uvbbrasil.com.br\/#\/schema\/person\/image\/\",\"url\":\"https:\/\/secure.gravatar.com\/avatar\/1a494ea6f8e2dd1ae526e55b0e9497efdba542491e0620d704cccf63c6f77c45?s=96&d=mm&r=g\",\"contentUrl\":\"https:\/\/secure.gravatar.com\/avatar\/1a494ea6f8e2dd1ae526e55b0e9497efdba542491e0620d704cccf63c6f77c45?s=96&d=mm&r=g\",\"caption\":\"adminuvb\"},\"sameAs\":[\"https:\/\/uvbbrasil.com.br\"],\"url\":\"https:\/\/uvbbrasil.com.br\/author\/adminuvb\/\"}]}<\/script>\n<!-- \/ Yoast SEO plugin. -->","yoast_head_json":{"title":"Inaugurada sala para associa\u00e7\u00e3o de vereadores na Assembleia Legislativa do Tocantins - UVB Brasil","robots":{"index":"index","follow":"follow","max-snippet":"max-snippet:-1","max-image-preview":"max-image-preview:large","max-video-preview":"max-video-preview:-1"},"canonical":"https:\/\/uvbbrasil.com.br\/deputados-inauguram-sala-para-associacao-de-vereadores-na-assembleia-legislativa-do-tocantins\/","og_locale":"pt_BR","og_type":"article","og_title":"Inaugurada sala para associa\u00e7\u00e3o de vereadores na Assembleia Legislativa do Tocantins - UVB Brasil","og_description":"Com de deputados estaduais e do governador Mauro Carlesse (PSL), foi inaugurada na manh\u00e3 desta quarta-feira, 11, uma sala na...","og_url":"https:\/\/uvbbrasil.com.br\/deputados-inauguram-sala-para-associacao-de-vereadores-na-assembleia-legislativa-do-tocantins\/","og_site_name":"UVB Brasil","article_publisher":"https:\/\/www.facebook.com\/uvb.vereadoresbrasil","article_published_time":"2021-08-12T14:22:27+00:00","og_image":[{"width":1130,"height":724,"url":"https:\/\/uvbbrasil.com.br\/wp-content\/uploads\/2021\/08\/1a62e0afe7eef9b19d63dfa0f99a5265.jpg","type":"image\/jpeg"}],"author":"adminuvb","twitter_card":"summary_large_image","twitter_misc":{"Escrito por":"adminuvb","Est. tempo de leitura":"3 minutos"},"schema":{"@context":"https:\/\/schema.org","@graph":[{"@type":"Article","@id":"https:\/\/uvbbrasil.com.br\/deputados-inauguram-sala-para-associacao-de-vereadores-na-assembleia-legislativa-do-tocantins\/#article","isPartOf":{"@id":"https:\/\/uvbbrasil.com.br\/deputados-inauguram-sala-para-associacao-de-vereadores-na-assembleia-legislativa-do-tocantins\/"},"author":{"name":"adminuvb","@id":"https:\/\/uvbbrasil.com.br\/#\/schema\/person\/17990098446c098f52effddff4f1b272"},"headline":"Inaugurada sala para associa\u00e7\u00e3o de vereadores na Assembleia Legislativa do Tocantins","datePublished":"2021-08-12T14:22:27+00:00","mainEntityOfPage":{"@id":"https:\/\/uvbbrasil.com.br\/deputados-inauguram-sala-para-associacao-de-vereadores-na-assembleia-legislativa-do-tocantins\/"},"wordCount":533,"commentCount":0,"publisher":{"@id":"https:\/\/uvbbrasil.com.br\/#organization"},"image":{"@id":"https:\/\/uvbbrasil.com.br\/deputados-inauguram-sala-para-associacao-de-vereadores-na-assembleia-legislativa-do-tocantins\/#primaryimage"},"thumbnailUrl":"https:\/\/uvbbrasil.com.br\/wp-content\/uploads\/2021\/08\/1a62e0afe7eef9b19d63dfa0f99a5265.jpg","articleSection":["NOT\u00cdCIAS"],"inLanguage":"pt-BR","potentialAction":[{"@type":"CommentAction","name":"Comment","target":["https:\/\/uvbbrasil.com.br\/deputados-inauguram-sala-para-associacao-de-vereadores-na-assembleia-legislativa-do-tocantins\/#respond"]}]},{"@type":"WebPage","@id":"https:\/\/uvbbrasil.com.br\/deputados-inauguram-sala-para-associacao-de-vereadores-na-assembleia-legislativa-do-tocantins\/","url":"https:\/\/uvbbrasil.com.br\/deputados-inauguram-sala-para-associacao-de-vereadores-na-assembleia-legislativa-do-tocantins\/","name":"Inaugurada sala para associa\u00e7\u00e3o de vereadores na Assembleia Legislativa do Tocantins - UVB Brasil","isPartOf":{"@id":"https:\/\/uvbbrasil.com.br\/#website"},"primaryImageOfPage":{"@id":"https:\/\/uvbbrasil.com.br\/deputados-inauguram-sala-para-associacao-de-vereadores-na-assembleia-legislativa-do-tocantins\/#primaryimage"},"image":{"@id":"https:\/\/uvbbrasil.com.br\/deputados-inauguram-sala-para-associacao-de-vereadores-na-assembleia-legislativa-do-tocantins\/#primaryimage"},"thumbnailUrl":"https:\/\/uvbbrasil.com.br\/wp-content\/uploads\/2021\/08\/1a62e0afe7eef9b19d63dfa0f99a5265.jpg","datePublished":"2021-08-12T14:22:27+00:00","breadcrumb":{"@id":"https:\/\/uvbbrasil.com.br\/deputados-inauguram-sala-para-associacao-de-vereadores-na-assembleia-legislativa-do-tocantins\/#breadcrumb"},"inLanguage":"pt-BR","potentialAction":[{"@type":"ReadAction","target":["https:\/\/uvbbrasil.com.br\/deputados-inauguram-sala-para-associacao-de-vereadores-na-assembleia-legislativa-do-tocantins\/"]}]},{"@type":"ImageObject","inLanguage":"pt-BR","@id":"https:\/\/uvbbrasil.com.br\/deputados-inauguram-sala-para-associacao-de-vereadores-na-assembleia-legislativa-do-tocantins\/#primaryimage","url":"https:\/\/uvbbrasil.com.br\/wp-content\/uploads\/2021\/08\/1a62e0afe7eef9b19d63dfa0f99a5265.jpg","contentUrl":"https:\/\/uvbbrasil.com.br\/wp-content\/uploads\/2021\/08\/1a62e0afe7eef9b19d63dfa0f99a5265.jpg","width":1130,"height":724},{"@type":"BreadcrumbList","@id":"https:\/\/uvbbrasil.com.br\/deputados-inauguram-sala-para-associacao-de-vereadores-na-assembleia-legislativa-do-tocantins\/#breadcrumb","itemListElement":[{"@type":"ListItem","position":1,"name":"In\u00edcio","item":"https:\/\/uvbbrasil.com.br\/"},{"@type":"ListItem","position":2,"name":"Inaugurada sala para associa\u00e7\u00e3o de vereadores na Assembleia Legislativa do Tocantins"}]},{"@type":"WebSite","@id":"https:\/\/uvbbrasil.com.br\/#website","url":"https:\/\/uvbbrasil.com.br\/","name":"UVB Brasil","description":"Uni\u00e3o dos Vereadores do Brasil","publisher":{"@id":"https:\/\/uvbbrasil.com.br\/#organization"},"potentialAction":[{"@type":"SearchAction","target":{"@type":"EntryPoint","urlTemplate":"https:\/\/uvbbrasil.com.br\/?s={search_term_string}"},"query-input":{"@type":"PropertyValueSpecification","valueRequired":true,"valueName":"search_term_string"}}],"inLanguage":"pt-BR"},{"@type":"Organization","@id":"https:\/\/uvbbrasil.com.br\/#organization","name":"UVB Brasil","url":"https:\/\/uvbbrasil.com.br\/","logo":{"@type":"ImageObject","inLanguage":"pt-BR","@id":"https:\/\/uvbbrasil.com.br\/#\/schema\/logo\/image\/","url":"https:\/\/uvbbrasil.com.br\/wp-content\/uploads\/2025\/01\/LOGO-UVB-2024-azul-1.jpg","contentUrl":"https:\/\/uvbbrasil.com.br\/wp-content\/uploads\/2025\/01\/LOGO-UVB-2024-azul-1.jpg","width":600,"height":211,"caption":"UVB Brasil"},"image":{"@id":"https:\/\/uvbbrasil.com.br\/#\/schema\/logo\/image\/"},"sameAs":["https:\/\/www.facebook.com\/uvb.vereadoresbrasil","https:\/\/www.instagram.com\/uvbbrasil\/","https:\/\/www.youtube.com\/channel\/UCIlPQ8Xzw5GHNzosQIg9S5A"]},{"@type":"Person","@id":"https:\/\/uvbbrasil.com.br\/#\/schema\/person\/17990098446c098f52effddff4f1b272","name":"adminuvb","image":{"@type":"ImageObject","inLanguage":"pt-BR","@id":"https:\/\/uvbbrasil.com.br\/#\/schema\/person\/image\/","url":"https:\/\/secure.gravatar.com\/avatar\/1a494ea6f8e2dd1ae526e55b0e9497efdba542491e0620d704cccf63c6f77c45?s=96&d=mm&r=g","contentUrl":"https:\/\/secure.gravatar.com\/avatar\/1a494ea6f8e2dd1ae526e55b0e9497efdba542491e0620d704cccf63c6f77c45?s=96&d=mm&r=g","caption":"adminuvb"},"sameAs":["https:\/\/uvbbrasil.com.br"],"url":"https:\/\/uvbbrasil.com.br\/author\/adminuvb\/"}]}},"_links":{"self":[{"href":"https:\/\/uvbbrasil.com.br\/uvb-json\/wp\/v2\/posts\/23213","targetHints":{"allow":["GET"]}}],"collection":[{"href":"https:\/\/uvbbrasil.com.br\/uvb-json\/wp\/v2\/posts"}],"about":[{"href":"https:\/\/uvbbrasil.com.br\/uvb-json\/wp\/v2\/types\/post"}],"author":[{"embeddable":true,"href":"https:\/\/uvbbrasil.com.br\/uvb-json\/wp\/v2\/users\/1"}],"replies":[{"embeddable":true,"href":"https:\/\/uvbbrasil.com.br\/uvb-json\/wp\/v2\/comments?post=23213"}],"version-history":[{"count":0,"href":"https:\/\/uvbbrasil.com.br\/uvb-json\/wp\/v2\/posts\/23213\/revisions"}],"wp:featuredmedia":[{"embeddable":true,"href":"https:\/\/uvbbrasil.com.br\/uvb-json\/wp\/v2\/media\/23214"}],"wp:attachment":[{"href":"https:\/\/uvbbrasil.com.br\/uvb-json\/wp\/v2\/media?parent=23213"}],"wp:term":[{"taxonomy":"category","embeddable":true,"href":"https:\/\/uvbbrasil.com.br\/uvb-json\/wp\/v2\/categories?post=23213"},{"taxonomy":"post_tag","embeddable":true,"href":"https:\/\/uvbbrasil.com.br\/uvb-json\/wp\/v2\/tags?post=23213"}],"curies":[{"name":"wp","href":"https:\/\/api.w.org\/{rel}","templated":true}]}}