{"id":23210,"date":"2021-08-12T09:41:55","date_gmt":"2021-08-12T12:41:55","guid":{"rendered":"https:\/\/wpsandbox4.pante.com.br\/?p=23210"},"modified":"2021-08-12T09:41:55","modified_gmt":"2021-08-12T12:41:55","slug":"presidente-da-assembleia-da-paraiba-prestigia-encontro-da-uniao-dos-vereadores-do-brasil","status":"publish","type":"post","link":"https:\/\/uvbbrasil.com.br\/presidente-da-assembleia-da-paraiba-prestigia-encontro-da-uniao-dos-vereadores-do-brasil\/","title":{"rendered":"Primeiro Encontro da Uni\u00e3o dos Vereadores do Brasil na Para\u00edba \u00e9 sucesso"},"content":{"rendered":"<p>A UVB &#8211; PB realizou o primeiro Encontro de Vereadores do Estado. O presidente da Assembleia Legislativa da Para\u00edba (ALPB), Adriano Galdino, participou nesta quarta-feira (11), do Encontro da Uni\u00e3o dos Vereadores do Brasil (UVB), que aconteceu no munic\u00edpio de Rio Tinto, Litoral Norte da Para\u00edba. Realizado no Hotel SESI, o evento contou com a presen\u00e7a do presidente nacional da entidade, o vereador da cidade de Ira\u00ed-RS, Gilson Conzatti.<\/p>\n<p>Para o presidente da ALPB, Adriano Galdino, o encontro \u00a0foi de extrema relev\u00e2ncia para o fortalecimento do Poder Legislativo. \u201cFui vereador no munic\u00edpio de Pocinhos e sei da miss\u00e3o, sei o quanto \u00e9 dif\u00edcil ser vereador numa cidade pequena, principalmente. Ouvi e aprendi com os vereadores para que cada um de n\u00f3s possamos juntos contribuir com uma Para\u00edba melhor e mais justa para todos\u201d, afirmou.<\/p>\n<p>Adriano ressalta que \u00e9 fundamental que a ALPB atue como aliado do Poder Legislativo de cada munic\u00edpio para torn\u00e1-los mais fortes e mais eficientes. \u201cO cidad\u00e3o mora no munic\u00edpio e eu sei da import\u00e2ncia do munic\u00edpio no que diz respeito \u00e0s pol\u00edticas p\u00fablicas de educa\u00e7\u00e3o, sa\u00fade, de assist\u00eancia social, emprego e renda. Tudo isso acontece no munic\u00edpio e \u00e9 por isso que \u00e9 t\u00e3o importante fortalecer as pol\u00edticas p\u00fablicas que d\u00e3o for\u00e7a a cada cidade\u201d, argumentou o deputado.<\/p>\n<p>O presidente da UVB, Gilson Conzatti, explicou que a entidade atua como defensora do Legislativo municipal e o evento promovido pela C\u00e2mara Municipal de Rio Tinto \u00e9 um marco de uni\u00e3o de vereadores e vereadoras do estado da Para\u00edba, interessados no fortalecimento do parlamento de cada cidade.<\/p>\n<p>\u201cOs parlamentares abra\u00e7aram a ideia e est\u00e3o fazendo uma grande mobiliza\u00e7\u00e3o. Vamos trabalhar cada vez mais para fortalecer ainda mais os mandatos dos homens e mulheres desse estado. O papel do vereador \u00e9 muito maior que seu espa\u00e7o na C\u00e2mara. Cada parlamentar precisa pensar no futuro, nas pr\u00f3ximas gera\u00e7\u00f5es e essa \u00e9 a principal mensagem que a UVB vem trazer\u201d, declarou Conzatti.<\/p>\n<p>De acordo com o chefe do Poder Legislativo do munic\u00edpio de Rio Tinto, o vereador Raphael Jos\u00e9, mais conhecido como Raphael Tchutchuca, e que tamb\u00e9m atua como secret\u00e1rio geral da UVB, o encontro foi motivado tamb\u00e9m pela cria\u00e7\u00e3o da Uni\u00e3o dos Vereadores do Brasil na Para\u00edba (UVB-PB). \u201cN\u00f3s, como vereadores da Para\u00edba, somos os pol\u00edticos mais pr\u00f3ximos do povo. Desta forma, nosso objetivo maior \u00e9 a uni\u00e3o dos parlamentares municipais e o fortalecimento do Legislativo municipal\u201d, explicou o vereador Raphael Thuthuca.<\/p>\n<p>Promovido pela Uni\u00e3o dos Vereadores da Para\u00edba, sob a presid\u00eancia da vereadora Valeska Magalh\u00e3es da cidade de Mari, que destacou que destacou o objetivo do encontro, segundo Valeska, o evento serviu para apresentar uma entidade que servir\u00e1 para fortalecer, auxiliar, contribuir e ajudar no crescimento pol\u00edtico de todos os vereadores paraibanos.\u00a0\u201cA UVB quer trazer a uni\u00e3o. Fazermos um legislativo fortalecido, trazer para esta entidade, justamente, a colabora\u00e7\u00e3o&#8221;, destacou a presidente.<\/p>\n<p>A prefeita da cidade, Magna Gerbasi tamb\u00e9m prestigiou o encontro contou com o apoio da C\u00e2mara Municipal de Rio Tinto e reuniu mais de 250 vereadores paraibanos, de mais de 100 cidades paraibanas.<\/p>\n<p><a href=\"https:\/\/uvbbrasil.com.br\/?attachment_id=23211\" rel=\"attachment wp-att-23211\"><img fetchpriority=\"high\" decoding=\"async\" class=\"aligncenter size-full wp-image-23211\" src=\"https:\/\/uvbbrasil.com.br\/wp-content\/uploads\/2021\/08\/portal-correio-11082021152708280.jpeg\" alt=\"\" width=\"771\" height=\"420\" srcset=\"https:\/\/uvbbrasil.com.br\/wp-content\/uploads\/2021\/08\/portal-correio-11082021152708280.jpeg 771w, https:\/\/uvbbrasil.com.br\/wp-content\/uploads\/2021\/08\/portal-correio-11082021152708280-300x163.jpeg 300w, https:\/\/uvbbrasil.com.br\/wp-content\/uploads\/2021\/08\/portal-correio-11082021152708280-768x418.jpeg 768w\" sizes=\"(max-width: 771px) 100vw, 771px\" \/><\/a><\/p>\n<p><em>fonte<\/em>:<a href=\"https:\/\/noticias.r7.com\/cidades\/portal-correio\/presidente-da-assembleia-prestigia-encontro-da-uniao-dos-vereadores-do-brasil-11082021\">https:\/\/noticias.r7.com\/cidades\/portal-correio\/presidente-da-assembleia-prestigia-encontro-da-uniao-dos-vereadores-do-brasil-11082021<\/a><\/p>\n","protected":false},"excerpt":{"rendered":"<p>A UVB &#8211; PB realizou o primeiro Encontro de Vereadores do Estado. O presidente da Assembleia Legislativa da Para\u00edba (ALPB),&#8230;<\/p>\n","protected":false},"author":1,"featured_media":23211,"comment_status":"open","ping_status":"open","sticky":false,"template":"","format":"standard","meta":{"footnotes":""},"categories":[3,4],"tags":[],"class_list":["post-23210","post","type-post","status-publish","format-standard","has-post-thumbnail","hentry","category-noticias","category-home"],"yoast_head":"<!-- This site is optimized with the Yoast SEO plugin v26.7 - https:\/\/yoast.com\/wordpress\/plugins\/seo\/ -->\n<title>Primeiro Encontro da Uni\u00e3o dos Vereadores do Brasil na Para\u00edba \u00e9 sucesso - UVB Brasil<\/title>\n<meta name=\"robots\" content=\"index, follow, max-snippet:-1, max-image-preview:large, max-video-preview:-1\" \/>\n<link rel=\"canonical\" href=\"https:\/\/uvbbrasil.com.br\/presidente-da-assembleia-da-paraiba-prestigia-encontro-da-uniao-dos-vereadores-do-brasil\/\" \/>\n<meta property=\"og:locale\" content=\"pt_BR\" \/>\n<meta property=\"og:type\" content=\"article\" \/>\n<meta property=\"og:title\" content=\"Primeiro Encontro da Uni\u00e3o dos Vereadores do Brasil na Para\u00edba \u00e9 sucesso - UVB Brasil\" \/>\n<meta property=\"og:description\" content=\"A UVB &#8211; PB realizou o primeiro Encontro de Vereadores do Estado. O presidente da Assembleia Legislativa da Para\u00edba (ALPB),...\" \/>\n<meta property=\"og:url\" content=\"https:\/\/uvbbrasil.com.br\/presidente-da-assembleia-da-paraiba-prestigia-encontro-da-uniao-dos-vereadores-do-brasil\/\" \/>\n<meta property=\"og:site_name\" content=\"UVB Brasil\" \/>\n<meta property=\"article:publisher\" content=\"https:\/\/www.facebook.com\/uvb.vereadoresbrasil\" \/>\n<meta property=\"article:published_time\" content=\"2021-08-12T12:41:55+00:00\" \/>\n<meta property=\"og:image\" content=\"https:\/\/uvbbrasil.com.br\/wp-content\/uploads\/2021\/08\/portal-correio-11082021152708280.jpeg\" \/>\n\t<meta property=\"og:image:width\" content=\"771\" \/>\n\t<meta property=\"og:image:height\" content=\"420\" \/>\n\t<meta property=\"og:image:type\" content=\"image\/jpeg\" \/>\n<meta name=\"author\" content=\"adminuvb\" \/>\n<meta name=\"twitter:card\" content=\"summary_large_image\" \/>\n<meta name=\"twitter:label1\" content=\"Escrito por\" \/>\n\t<meta name=\"twitter:data1\" content=\"adminuvb\" \/>\n\t<meta name=\"twitter:label2\" content=\"Est. tempo de leitura\" \/>\n\t<meta name=\"twitter:data2\" content=\"3 minutos\" \/>\n<script type=\"application\/ld+json\" class=\"yoast-schema-graph\">{\"@context\":\"https:\/\/schema.org\",\"@graph\":[{\"@type\":\"Article\",\"@id\":\"https:\/\/uvbbrasil.com.br\/presidente-da-assembleia-da-paraiba-prestigia-encontro-da-uniao-dos-vereadores-do-brasil\/#article\",\"isPartOf\":{\"@id\":\"https:\/\/uvbbrasil.com.br\/presidente-da-assembleia-da-paraiba-prestigia-encontro-da-uniao-dos-vereadores-do-brasil\/\"},\"author\":{\"name\":\"adminuvb\",\"@id\":\"https:\/\/uvbbrasil.com.br\/#\/schema\/person\/17990098446c098f52effddff4f1b272\"},\"headline\":\"Primeiro Encontro da Uni\u00e3o dos Vereadores do Brasil na Para\u00edba \u00e9 sucesso\",\"datePublished\":\"2021-08-12T12:41:55+00:00\",\"mainEntityOfPage\":{\"@id\":\"https:\/\/uvbbrasil.com.br\/presidente-da-assembleia-da-paraiba-prestigia-encontro-da-uniao-dos-vereadores-do-brasil\/\"},\"wordCount\":576,\"commentCount\":0,\"publisher\":{\"@id\":\"https:\/\/uvbbrasil.com.br\/#organization\"},\"image\":{\"@id\":\"https:\/\/uvbbrasil.com.br\/presidente-da-assembleia-da-paraiba-prestigia-encontro-da-uniao-dos-vereadores-do-brasil\/#primaryimage\"},\"thumbnailUrl\":\"https:\/\/uvbbrasil.com.br\/wp-content\/uploads\/2021\/08\/portal-correio-11082021152708280.jpeg\",\"articleSection\":[\"NOT\u00cdCIAS\",\"UVB\"],\"inLanguage\":\"pt-BR\",\"potentialAction\":[{\"@type\":\"CommentAction\",\"name\":\"Comment\",\"target\":[\"https:\/\/uvbbrasil.com.br\/presidente-da-assembleia-da-paraiba-prestigia-encontro-da-uniao-dos-vereadores-do-brasil\/#respond\"]}]},{\"@type\":\"WebPage\",\"@id\":\"https:\/\/uvbbrasil.com.br\/presidente-da-assembleia-da-paraiba-prestigia-encontro-da-uniao-dos-vereadores-do-brasil\/\",\"url\":\"https:\/\/uvbbrasil.com.br\/presidente-da-assembleia-da-paraiba-prestigia-encontro-da-uniao-dos-vereadores-do-brasil\/\",\"name\":\"Primeiro Encontro da Uni\u00e3o dos Vereadores do Brasil na Para\u00edba \u00e9 sucesso - UVB Brasil\",\"isPartOf\":{\"@id\":\"https:\/\/uvbbrasil.com.br\/#website\"},\"primaryImageOfPage\":{\"@id\":\"https:\/\/uvbbrasil.com.br\/presidente-da-assembleia-da-paraiba-prestigia-encontro-da-uniao-dos-vereadores-do-brasil\/#primaryimage\"},\"image\":{\"@id\":\"https:\/\/uvbbrasil.com.br\/presidente-da-assembleia-da-paraiba-prestigia-encontro-da-uniao-dos-vereadores-do-brasil\/#primaryimage\"},\"thumbnailUrl\":\"https:\/\/uvbbrasil.com.br\/wp-content\/uploads\/2021\/08\/portal-correio-11082021152708280.jpeg\",\"datePublished\":\"2021-08-12T12:41:55+00:00\",\"breadcrumb\":{\"@id\":\"https:\/\/uvbbrasil.com.br\/presidente-da-assembleia-da-paraiba-prestigia-encontro-da-uniao-dos-vereadores-do-brasil\/#breadcrumb\"},\"inLanguage\":\"pt-BR\",\"potentialAction\":[{\"@type\":\"ReadAction\",\"target\":[\"https:\/\/uvbbrasil.com.br\/presidente-da-assembleia-da-paraiba-prestigia-encontro-da-uniao-dos-vereadores-do-brasil\/\"]}]},{\"@type\":\"ImageObject\",\"inLanguage\":\"pt-BR\",\"@id\":\"https:\/\/uvbbrasil.com.br\/presidente-da-assembleia-da-paraiba-prestigia-encontro-da-uniao-dos-vereadores-do-brasil\/#primaryimage\",\"url\":\"https:\/\/uvbbrasil.com.br\/wp-content\/uploads\/2021\/08\/portal-correio-11082021152708280.jpeg\",\"contentUrl\":\"https:\/\/uvbbrasil.com.br\/wp-content\/uploads\/2021\/08\/portal-correio-11082021152708280.jpeg\",\"width\":771,\"height\":420},{\"@type\":\"BreadcrumbList\",\"@id\":\"https:\/\/uvbbrasil.com.br\/presidente-da-assembleia-da-paraiba-prestigia-encontro-da-uniao-dos-vereadores-do-brasil\/#breadcrumb\",\"itemListElement\":[{\"@type\":\"ListItem\",\"position\":1,\"name\":\"In\u00edcio\",\"item\":\"https:\/\/uvbbrasil.com.br\/\"},{\"@type\":\"ListItem\",\"position\":2,\"name\":\"Primeiro Encontro da Uni\u00e3o dos Vereadores do Brasil na Para\u00edba \u00e9 sucesso\"}]},{\"@type\":\"WebSite\",\"@id\":\"https:\/\/uvbbrasil.com.br\/#website\",\"url\":\"https:\/\/uvbbrasil.com.br\/\",\"name\":\"UVB Brasil\",\"description\":\"Uni\u00e3o dos Vereadores do Brasil\",\"publisher\":{\"@id\":\"https:\/\/uvbbrasil.com.br\/#organization\"},\"potentialAction\":[{\"@type\":\"SearchAction\",\"target\":{\"@type\":\"EntryPoint\",\"urlTemplate\":\"https:\/\/uvbbrasil.com.br\/?s={search_term_string}\"},\"query-input\":{\"@type\":\"PropertyValueSpecification\",\"valueRequired\":true,\"valueName\":\"search_term_string\"}}],\"inLanguage\":\"pt-BR\"},{\"@type\":\"Organization\",\"@id\":\"https:\/\/uvbbrasil.com.br\/#organization\",\"name\":\"UVB Brasil\",\"url\":\"https:\/\/uvbbrasil.com.br\/\",\"logo\":{\"@type\":\"ImageObject\",\"inLanguage\":\"pt-BR\",\"@id\":\"https:\/\/uvbbrasil.com.br\/#\/schema\/logo\/image\/\",\"url\":\"https:\/\/uvbbrasil.com.br\/wp-content\/uploads\/2025\/01\/LOGO-UVB-2024-azul-1.jpg\",\"contentUrl\":\"https:\/\/uvbbrasil.com.br\/wp-content\/uploads\/2025\/01\/LOGO-UVB-2024-azul-1.jpg\",\"width\":600,\"height\":211,\"caption\":\"UVB Brasil\"},\"image\":{\"@id\":\"https:\/\/uvbbrasil.com.br\/#\/schema\/logo\/image\/\"},\"sameAs\":[\"https:\/\/www.facebook.com\/uvb.vereadoresbrasil\",\"https:\/\/www.instagram.com\/uvbbrasil\/\",\"https:\/\/www.youtube.com\/channel\/UCIlPQ8Xzw5GHNzosQIg9S5A\"]},{\"@type\":\"Person\",\"@id\":\"https:\/\/uvbbrasil.com.br\/#\/schema\/person\/17990098446c098f52effddff4f1b272\",\"name\":\"adminuvb\",\"image\":{\"@type\":\"ImageObject\",\"inLanguage\":\"pt-BR\",\"@id\":\"https:\/\/uvbbrasil.com.br\/#\/schema\/person\/image\/\",\"url\":\"https:\/\/secure.gravatar.com\/avatar\/1a494ea6f8e2dd1ae526e55b0e9497efdba542491e0620d704cccf63c6f77c45?s=96&d=mm&r=g\",\"contentUrl\":\"https:\/\/secure.gravatar.com\/avatar\/1a494ea6f8e2dd1ae526e55b0e9497efdba542491e0620d704cccf63c6f77c45?s=96&d=mm&r=g\",\"caption\":\"adminuvb\"},\"sameAs\":[\"https:\/\/uvbbrasil.com.br\"],\"url\":\"https:\/\/uvbbrasil.com.br\/author\/adminuvb\/\"}]}<\/script>\n<!-- \/ Yoast SEO plugin. -->","yoast_head_json":{"title":"Primeiro Encontro da Uni\u00e3o dos Vereadores do Brasil na Para\u00edba \u00e9 sucesso - UVB Brasil","robots":{"index":"index","follow":"follow","max-snippet":"max-snippet:-1","max-image-preview":"max-image-preview:large","max-video-preview":"max-video-preview:-1"},"canonical":"https:\/\/uvbbrasil.com.br\/presidente-da-assembleia-da-paraiba-prestigia-encontro-da-uniao-dos-vereadores-do-brasil\/","og_locale":"pt_BR","og_type":"article","og_title":"Primeiro Encontro da Uni\u00e3o dos Vereadores do Brasil na Para\u00edba \u00e9 sucesso - UVB Brasil","og_description":"A UVB &#8211; PB realizou o primeiro Encontro de Vereadores do Estado. O presidente da Assembleia Legislativa da Para\u00edba (ALPB),...","og_url":"https:\/\/uvbbrasil.com.br\/presidente-da-assembleia-da-paraiba-prestigia-encontro-da-uniao-dos-vereadores-do-brasil\/","og_site_name":"UVB Brasil","article_publisher":"https:\/\/www.facebook.com\/uvb.vereadoresbrasil","article_published_time":"2021-08-12T12:41:55+00:00","og_image":[{"width":771,"height":420,"url":"https:\/\/uvbbrasil.com.br\/wp-content\/uploads\/2021\/08\/portal-correio-11082021152708280.jpeg","type":"image\/jpeg"}],"author":"adminuvb","twitter_card":"summary_large_image","twitter_misc":{"Escrito por":"adminuvb","Est. tempo de leitura":"3 minutos"},"schema":{"@context":"https:\/\/schema.org","@graph":[{"@type":"Article","@id":"https:\/\/uvbbrasil.com.br\/presidente-da-assembleia-da-paraiba-prestigia-encontro-da-uniao-dos-vereadores-do-brasil\/#article","isPartOf":{"@id":"https:\/\/uvbbrasil.com.br\/presidente-da-assembleia-da-paraiba-prestigia-encontro-da-uniao-dos-vereadores-do-brasil\/"},"author":{"name":"adminuvb","@id":"https:\/\/uvbbrasil.com.br\/#\/schema\/person\/17990098446c098f52effddff4f1b272"},"headline":"Primeiro Encontro da Uni\u00e3o dos Vereadores do Brasil na Para\u00edba \u00e9 sucesso","datePublished":"2021-08-12T12:41:55+00:00","mainEntityOfPage":{"@id":"https:\/\/uvbbrasil.com.br\/presidente-da-assembleia-da-paraiba-prestigia-encontro-da-uniao-dos-vereadores-do-brasil\/"},"wordCount":576,"commentCount":0,"publisher":{"@id":"https:\/\/uvbbrasil.com.br\/#organization"},"image":{"@id":"https:\/\/uvbbrasil.com.br\/presidente-da-assembleia-da-paraiba-prestigia-encontro-da-uniao-dos-vereadores-do-brasil\/#primaryimage"},"thumbnailUrl":"https:\/\/uvbbrasil.com.br\/wp-content\/uploads\/2021\/08\/portal-correio-11082021152708280.jpeg","articleSection":["NOT\u00cdCIAS","UVB"],"inLanguage":"pt-BR","potentialAction":[{"@type":"CommentAction","name":"Comment","target":["https:\/\/uvbbrasil.com.br\/presidente-da-assembleia-da-paraiba-prestigia-encontro-da-uniao-dos-vereadores-do-brasil\/#respond"]}]},{"@type":"WebPage","@id":"https:\/\/uvbbrasil.com.br\/presidente-da-assembleia-da-paraiba-prestigia-encontro-da-uniao-dos-vereadores-do-brasil\/","url":"https:\/\/uvbbrasil.com.br\/presidente-da-assembleia-da-paraiba-prestigia-encontro-da-uniao-dos-vereadores-do-brasil\/","name":"Primeiro Encontro da Uni\u00e3o dos Vereadores do Brasil na Para\u00edba \u00e9 sucesso - UVB Brasil","isPartOf":{"@id":"https:\/\/uvbbrasil.com.br\/#website"},"primaryImageOfPage":{"@id":"https:\/\/uvbbrasil.com.br\/presidente-da-assembleia-da-paraiba-prestigia-encontro-da-uniao-dos-vereadores-do-brasil\/#primaryimage"},"image":{"@id":"https:\/\/uvbbrasil.com.br\/presidente-da-assembleia-da-paraiba-prestigia-encontro-da-uniao-dos-vereadores-do-brasil\/#primaryimage"},"thumbnailUrl":"https:\/\/uvbbrasil.com.br\/wp-content\/uploads\/2021\/08\/portal-correio-11082021152708280.jpeg","datePublished":"2021-08-12T12:41:55+00:00","breadcrumb":{"@id":"https:\/\/uvbbrasil.com.br\/presidente-da-assembleia-da-paraiba-prestigia-encontro-da-uniao-dos-vereadores-do-brasil\/#breadcrumb"},"inLanguage":"pt-BR","potentialAction":[{"@type":"ReadAction","target":["https:\/\/uvbbrasil.com.br\/presidente-da-assembleia-da-paraiba-prestigia-encontro-da-uniao-dos-vereadores-do-brasil\/"]}]},{"@type":"ImageObject","inLanguage":"pt-BR","@id":"https:\/\/uvbbrasil.com.br\/presidente-da-assembleia-da-paraiba-prestigia-encontro-da-uniao-dos-vereadores-do-brasil\/#primaryimage","url":"https:\/\/uvbbrasil.com.br\/wp-content\/uploads\/2021\/08\/portal-correio-11082021152708280.jpeg","contentUrl":"https:\/\/uvbbrasil.com.br\/wp-content\/uploads\/2021\/08\/portal-correio-11082021152708280.jpeg","width":771,"height":420},{"@type":"BreadcrumbList","@id":"https:\/\/uvbbrasil.com.br\/presidente-da-assembleia-da-paraiba-prestigia-encontro-da-uniao-dos-vereadores-do-brasil\/#breadcrumb","itemListElement":[{"@type":"ListItem","position":1,"name":"In\u00edcio","item":"https:\/\/uvbbrasil.com.br\/"},{"@type":"ListItem","position":2,"name":"Primeiro Encontro da Uni\u00e3o dos Vereadores do Brasil na Para\u00edba \u00e9 sucesso"}]},{"@type":"WebSite","@id":"https:\/\/uvbbrasil.com.br\/#website","url":"https:\/\/uvbbrasil.com.br\/","name":"UVB Brasil","description":"Uni\u00e3o dos Vereadores do Brasil","publisher":{"@id":"https:\/\/uvbbrasil.com.br\/#organization"},"potentialAction":[{"@type":"SearchAction","target":{"@type":"EntryPoint","urlTemplate":"https:\/\/uvbbrasil.com.br\/?s={search_term_string}"},"query-input":{"@type":"PropertyValueSpecification","valueRequired":true,"valueName":"search_term_string"}}],"inLanguage":"pt-BR"},{"@type":"Organization","@id":"https:\/\/uvbbrasil.com.br\/#organization","name":"UVB Brasil","url":"https:\/\/uvbbrasil.com.br\/","logo":{"@type":"ImageObject","inLanguage":"pt-BR","@id":"https:\/\/uvbbrasil.com.br\/#\/schema\/logo\/image\/","url":"https:\/\/uvbbrasil.com.br\/wp-content\/uploads\/2025\/01\/LOGO-UVB-2024-azul-1.jpg","contentUrl":"https:\/\/uvbbrasil.com.br\/wp-content\/uploads\/2025\/01\/LOGO-UVB-2024-azul-1.jpg","width":600,"height":211,"caption":"UVB Brasil"},"image":{"@id":"https:\/\/uvbbrasil.com.br\/#\/schema\/logo\/image\/"},"sameAs":["https:\/\/www.facebook.com\/uvb.vereadoresbrasil","https:\/\/www.instagram.com\/uvbbrasil\/","https:\/\/www.youtube.com\/channel\/UCIlPQ8Xzw5GHNzosQIg9S5A"]},{"@type":"Person","@id":"https:\/\/uvbbrasil.com.br\/#\/schema\/person\/17990098446c098f52effddff4f1b272","name":"adminuvb","image":{"@type":"ImageObject","inLanguage":"pt-BR","@id":"https:\/\/uvbbrasil.com.br\/#\/schema\/person\/image\/","url":"https:\/\/secure.gravatar.com\/avatar\/1a494ea6f8e2dd1ae526e55b0e9497efdba542491e0620d704cccf63c6f77c45?s=96&d=mm&r=g","contentUrl":"https:\/\/secure.gravatar.com\/avatar\/1a494ea6f8e2dd1ae526e55b0e9497efdba542491e0620d704cccf63c6f77c45?s=96&d=mm&r=g","caption":"adminuvb"},"sameAs":["https:\/\/uvbbrasil.com.br"],"url":"https:\/\/uvbbrasil.com.br\/author\/adminuvb\/"}]}},"_links":{"self":[{"href":"https:\/\/uvbbrasil.com.br\/uvb-json\/wp\/v2\/posts\/23210","targetHints":{"allow":["GET"]}}],"collection":[{"href":"https:\/\/uvbbrasil.com.br\/uvb-json\/wp\/v2\/posts"}],"about":[{"href":"https:\/\/uvbbrasil.com.br\/uvb-json\/wp\/v2\/types\/post"}],"author":[{"embeddable":true,"href":"https:\/\/uvbbrasil.com.br\/uvb-json\/wp\/v2\/users\/1"}],"replies":[{"embeddable":true,"href":"https:\/\/uvbbrasil.com.br\/uvb-json\/wp\/v2\/comments?post=23210"}],"version-history":[{"count":0,"href":"https:\/\/uvbbrasil.com.br\/uvb-json\/wp\/v2\/posts\/23210\/revisions"}],"wp:featuredmedia":[{"embeddable":true,"href":"https:\/\/uvbbrasil.com.br\/uvb-json\/wp\/v2\/media\/23211"}],"wp:attachment":[{"href":"https:\/\/uvbbrasil.com.br\/uvb-json\/wp\/v2\/media?parent=23210"}],"wp:term":[{"taxonomy":"category","embeddable":true,"href":"https:\/\/uvbbrasil.com.br\/uvb-json\/wp\/v2\/categories?post=23210"},{"taxonomy":"post_tag","embeddable":true,"href":"https:\/\/uvbbrasil.com.br\/uvb-json\/wp\/v2\/tags?post=23210"}],"curies":[{"name":"wp","href":"https:\/\/api.w.org\/{rel}","templated":true}]}}