{"id":23170,"date":"2021-08-10T11:01:38","date_gmt":"2021-08-10T14:01:38","guid":{"rendered":"https:\/\/wpsandbox4.pante.com.br\/?p=23170"},"modified":"2021-08-10T11:01:38","modified_gmt":"2021-08-10T14:01:38","slug":"camara-de-igarassu-pe-promove-encontro-com-presidente-da-uniao-dos-vereadores-do-brasil-e-parlamentares-de-pernambuco","status":"publish","type":"post","link":"https:\/\/uvbbrasil.com.br\/camara-de-igarassu-pe-promove-encontro-com-presidente-da-uniao-dos-vereadores-do-brasil-e-parlamentares-de-pernambuco\/","title":{"rendered":"C\u00e2mara de Igarassu\/PE promove encontro com presidente da Uni\u00e3o dos Vereadores do Brasil e parlamentares de Pernambuco"},"content":{"rendered":"<p>Vereadores de\u00a0<strong>12 cidades de Pernambuco<\/strong>\u00a0se reuniram, nesta segunda-feira (9), na\u00a0<strong>C\u00e2mara Municipal de Igarassu<\/strong>, para discutir o papel do legislativo municipal. Entre os dias 24 e 27 de agosto acontece a XX Marcha dos Legislativos Municipais em Bras\u00edlia. A presidente da Casa Duarte Coelho, vereadora Erica Uch\u00f4a, recebeu o\u00a0<strong>presidente da Uni\u00e3o dos Vereadores do Brasil<\/strong>(UVB), Gilson Conzatti, e Edmilson Henauth,<strong>presidente da UVB\/PE<\/strong>. No encontro, tamb\u00e9m estiveram presentes a<strong>\u00a0prefeita<\/strong>\u00a0de Igarassu, Elcione Ramos, o\u00a0<strong>vice-prefeito<\/strong>\u00a0Amaury Henrique e o\u00a0<strong>deputado estadual<\/strong>\u00a0Guilherme Uch\u00f4a J\u00fanior.\u00a0 \u00a0.<\/p>\n<p>A presidente Erica Uch\u00f4a agradeceu a presen\u00e7a de todos e falou da necessidade de mais encontros como esses, com muita troca entre os colegas. \u201cEsse foi um debate muito positivo, aqui discutimos coisas que n\u00f3s, enquanto legisladores, ainda precisamos conquistar para ter voz e lutar pela popula\u00e7\u00e3o (\u2026). Devemos ter um olhar diferenciado, a gente escuta o clamor das ruas e sabe as necessidades da popula\u00e7\u00e3o\u201d, pontuou.<\/p>\n<p>O presidente da UVB, Gilson Conzatti, defendeu a capacita\u00e7\u00e3o dos parlamentares em busca de mandatos de excel\u00eancia e com conhecimento do papel que deve ser desempenhado pelos parlamentares. \u201cO poder legislativo \u00e9 um poder transformador\u201d. Ele defendeu a import\u00e2ncia da uni\u00e3o entre os vereadores. J\u00e1 o presidente da UVB\/PE, Edmilson Henauth, explanou sobre a import\u00e2ncia do di\u00e1logo eficiente com o Poder Executivo em busca de solu\u00e7\u00f5es para os problemas das cidades.<\/p>\n<p>Representante do Poder Executivo, a prefeita Elcione Ramos defendeu a atua\u00e7\u00e3o dos parlamentares e lembrou que os poderes precisam se unir para buscar melhorias para os munic\u00edpios. Ela fez quest\u00e3o de saudar as mulheres presentes no encontro e destacou a dificuldade para ocupar espa\u00e7os na pol\u00edtica. A vereadora Manu Lapa, de Carpina, tamb\u00e9m falou sobre a import\u00e2ncia das mulheres nas cadeiras de poder. Ela defendeu a import\u00e2ncia de se fazer pol\u00edtica de maneira propositiva.<\/p>\n<p><a href=\"https:\/\/uvbbrasil.com.br\/?attachment_id=23171\" rel=\"attachment wp-att-23171\"><img fetchpriority=\"high\" decoding=\"async\" class=\"aligncenter size-full wp-image-23171\" src=\"https:\/\/uvbbrasil.com.br\/wp-content\/uploads\/2021\/08\/img_9904.jpg\" alt=\"\" width=\"1024\" height=\"554\" srcset=\"https:\/\/uvbbrasil.com.br\/wp-content\/uploads\/2021\/08\/img_9904.jpg 1024w, https:\/\/uvbbrasil.com.br\/wp-content\/uploads\/2021\/08\/img_9904-300x162.jpg 300w, https:\/\/uvbbrasil.com.br\/wp-content\/uploads\/2021\/08\/img_9904-768x416.jpg 768w\" sizes=\"(max-width: 1024px) 100vw, 1024px\" \/><\/a><\/p>\n","protected":false},"excerpt":{"rendered":"<p>Vereadores de\u00a012 cidades de Pernambuco\u00a0se reuniram, nesta segunda-feira (9), na\u00a0C\u00e2mara Municipal de Igarassu, para discutir o papel do legislativo municipal&#8230;.<\/p>\n","protected":false},"author":1,"featured_media":23171,"comment_status":"open","ping_status":"open","sticky":false,"template":"","format":"standard","meta":{"footnotes":""},"categories":[3,4],"tags":[],"class_list":["post-23170","post","type-post","status-publish","format-standard","has-post-thumbnail","hentry","category-noticias","category-home"],"yoast_head":"<!-- This site is optimized with the Yoast SEO plugin v26.7 - https:\/\/yoast.com\/wordpress\/plugins\/seo\/ -->\n<title>C\u00e2mara de Igarassu\/PE promove encontro com presidente da Uni\u00e3o dos Vereadores do Brasil e parlamentares de Pernambuco - UVB Brasil<\/title>\n<meta name=\"robots\" content=\"index, follow, max-snippet:-1, max-image-preview:large, max-video-preview:-1\" \/>\n<link rel=\"canonical\" href=\"https:\/\/uvbbrasil.com.br\/camara-de-igarassu-pe-promove-encontro-com-presidente-da-uniao-dos-vereadores-do-brasil-e-parlamentares-de-pernambuco\/\" \/>\n<meta property=\"og:locale\" content=\"pt_BR\" \/>\n<meta property=\"og:type\" content=\"article\" \/>\n<meta property=\"og:title\" content=\"C\u00e2mara de Igarassu\/PE promove encontro com presidente da Uni\u00e3o dos Vereadores do Brasil e parlamentares de Pernambuco - UVB Brasil\" \/>\n<meta property=\"og:description\" content=\"Vereadores de\u00a012 cidades de Pernambuco\u00a0se reuniram, nesta segunda-feira (9), na\u00a0C\u00e2mara Municipal de Igarassu, para discutir o papel do legislativo municipal....\" \/>\n<meta property=\"og:url\" content=\"https:\/\/uvbbrasil.com.br\/camara-de-igarassu-pe-promove-encontro-com-presidente-da-uniao-dos-vereadores-do-brasil-e-parlamentares-de-pernambuco\/\" \/>\n<meta property=\"og:site_name\" content=\"UVB Brasil\" \/>\n<meta property=\"article:publisher\" content=\"https:\/\/www.facebook.com\/uvb.vereadoresbrasil\" \/>\n<meta property=\"article:published_time\" content=\"2021-08-10T14:01:38+00:00\" \/>\n<meta property=\"og:image\" content=\"https:\/\/uvbbrasil.com.br\/wp-content\/uploads\/2021\/08\/img_9904.jpg\" \/>\n\t<meta property=\"og:image:width\" content=\"1024\" \/>\n\t<meta property=\"og:image:height\" content=\"554\" \/>\n\t<meta property=\"og:image:type\" content=\"image\/jpeg\" \/>\n<meta name=\"author\" content=\"adminuvb\" \/>\n<meta name=\"twitter:card\" content=\"summary_large_image\" \/>\n<meta name=\"twitter:label1\" content=\"Escrito por\" \/>\n\t<meta name=\"twitter:data1\" content=\"adminuvb\" \/>\n\t<meta name=\"twitter:label2\" content=\"Est. tempo de leitura\" \/>\n\t<meta name=\"twitter:data2\" content=\"2 minutos\" \/>\n<script type=\"application\/ld+json\" class=\"yoast-schema-graph\">{\"@context\":\"https:\/\/schema.org\",\"@graph\":[{\"@type\":\"Article\",\"@id\":\"https:\/\/uvbbrasil.com.br\/camara-de-igarassu-pe-promove-encontro-com-presidente-da-uniao-dos-vereadores-do-brasil-e-parlamentares-de-pernambuco\/#article\",\"isPartOf\":{\"@id\":\"https:\/\/uvbbrasil.com.br\/camara-de-igarassu-pe-promove-encontro-com-presidente-da-uniao-dos-vereadores-do-brasil-e-parlamentares-de-pernambuco\/\"},\"author\":{\"name\":\"adminuvb\",\"@id\":\"https:\/\/uvbbrasil.com.br\/#\/schema\/person\/17990098446c098f52effddff4f1b272\"},\"headline\":\"C\u00e2mara de Igarassu\/PE promove encontro com presidente da Uni\u00e3o dos Vereadores do Brasil e parlamentares de Pernambuco\",\"datePublished\":\"2021-08-10T14:01:38+00:00\",\"mainEntityOfPage\":{\"@id\":\"https:\/\/uvbbrasil.com.br\/camara-de-igarassu-pe-promove-encontro-com-presidente-da-uniao-dos-vereadores-do-brasil-e-parlamentares-de-pernambuco\/\"},\"wordCount\":345,\"commentCount\":0,\"publisher\":{\"@id\":\"https:\/\/uvbbrasil.com.br\/#organization\"},\"image\":{\"@id\":\"https:\/\/uvbbrasil.com.br\/camara-de-igarassu-pe-promove-encontro-com-presidente-da-uniao-dos-vereadores-do-brasil-e-parlamentares-de-pernambuco\/#primaryimage\"},\"thumbnailUrl\":\"https:\/\/uvbbrasil.com.br\/wp-content\/uploads\/2021\/08\/img_9904.jpg\",\"articleSection\":[\"NOT\u00cdCIAS\",\"UVB\"],\"inLanguage\":\"pt-BR\",\"potentialAction\":[{\"@type\":\"CommentAction\",\"name\":\"Comment\",\"target\":[\"https:\/\/uvbbrasil.com.br\/camara-de-igarassu-pe-promove-encontro-com-presidente-da-uniao-dos-vereadores-do-brasil-e-parlamentares-de-pernambuco\/#respond\"]}]},{\"@type\":\"WebPage\",\"@id\":\"https:\/\/uvbbrasil.com.br\/camara-de-igarassu-pe-promove-encontro-com-presidente-da-uniao-dos-vereadores-do-brasil-e-parlamentares-de-pernambuco\/\",\"url\":\"https:\/\/uvbbrasil.com.br\/camara-de-igarassu-pe-promove-encontro-com-presidente-da-uniao-dos-vereadores-do-brasil-e-parlamentares-de-pernambuco\/\",\"name\":\"C\u00e2mara de Igarassu\/PE promove encontro com presidente da Uni\u00e3o dos Vereadores do Brasil e parlamentares de Pernambuco - UVB Brasil\",\"isPartOf\":{\"@id\":\"https:\/\/uvbbrasil.com.br\/#website\"},\"primaryImageOfPage\":{\"@id\":\"https:\/\/uvbbrasil.com.br\/camara-de-igarassu-pe-promove-encontro-com-presidente-da-uniao-dos-vereadores-do-brasil-e-parlamentares-de-pernambuco\/#primaryimage\"},\"image\":{\"@id\":\"https:\/\/uvbbrasil.com.br\/camara-de-igarassu-pe-promove-encontro-com-presidente-da-uniao-dos-vereadores-do-brasil-e-parlamentares-de-pernambuco\/#primaryimage\"},\"thumbnailUrl\":\"https:\/\/uvbbrasil.com.br\/wp-content\/uploads\/2021\/08\/img_9904.jpg\",\"datePublished\":\"2021-08-10T14:01:38+00:00\",\"breadcrumb\":{\"@id\":\"https:\/\/uvbbrasil.com.br\/camara-de-igarassu-pe-promove-encontro-com-presidente-da-uniao-dos-vereadores-do-brasil-e-parlamentares-de-pernambuco\/#breadcrumb\"},\"inLanguage\":\"pt-BR\",\"potentialAction\":[{\"@type\":\"ReadAction\",\"target\":[\"https:\/\/uvbbrasil.com.br\/camara-de-igarassu-pe-promove-encontro-com-presidente-da-uniao-dos-vereadores-do-brasil-e-parlamentares-de-pernambuco\/\"]}]},{\"@type\":\"ImageObject\",\"inLanguage\":\"pt-BR\",\"@id\":\"https:\/\/uvbbrasil.com.br\/camara-de-igarassu-pe-promove-encontro-com-presidente-da-uniao-dos-vereadores-do-brasil-e-parlamentares-de-pernambuco\/#primaryimage\",\"url\":\"https:\/\/uvbbrasil.com.br\/wp-content\/uploads\/2021\/08\/img_9904.jpg\",\"contentUrl\":\"https:\/\/uvbbrasil.com.br\/wp-content\/uploads\/2021\/08\/img_9904.jpg\",\"width\":1024,\"height\":554},{\"@type\":\"BreadcrumbList\",\"@id\":\"https:\/\/uvbbrasil.com.br\/camara-de-igarassu-pe-promove-encontro-com-presidente-da-uniao-dos-vereadores-do-brasil-e-parlamentares-de-pernambuco\/#breadcrumb\",\"itemListElement\":[{\"@type\":\"ListItem\",\"position\":1,\"name\":\"In\u00edcio\",\"item\":\"https:\/\/uvbbrasil.com.br\/\"},{\"@type\":\"ListItem\",\"position\":2,\"name\":\"C\u00e2mara de Igarassu\/PE promove encontro com presidente da Uni\u00e3o dos Vereadores do Brasil e parlamentares de Pernambuco\"}]},{\"@type\":\"WebSite\",\"@id\":\"https:\/\/uvbbrasil.com.br\/#website\",\"url\":\"https:\/\/uvbbrasil.com.br\/\",\"name\":\"UVB Brasil\",\"description\":\"Uni\u00e3o dos Vereadores do Brasil\",\"publisher\":{\"@id\":\"https:\/\/uvbbrasil.com.br\/#organization\"},\"potentialAction\":[{\"@type\":\"SearchAction\",\"target\":{\"@type\":\"EntryPoint\",\"urlTemplate\":\"https:\/\/uvbbrasil.com.br\/?s={search_term_string}\"},\"query-input\":{\"@type\":\"PropertyValueSpecification\",\"valueRequired\":true,\"valueName\":\"search_term_string\"}}],\"inLanguage\":\"pt-BR\"},{\"@type\":\"Organization\",\"@id\":\"https:\/\/uvbbrasil.com.br\/#organization\",\"name\":\"UVB Brasil\",\"url\":\"https:\/\/uvbbrasil.com.br\/\",\"logo\":{\"@type\":\"ImageObject\",\"inLanguage\":\"pt-BR\",\"@id\":\"https:\/\/uvbbrasil.com.br\/#\/schema\/logo\/image\/\",\"url\":\"https:\/\/uvbbrasil.com.br\/wp-content\/uploads\/2025\/01\/LOGO-UVB-2024-azul-1.jpg\",\"contentUrl\":\"https:\/\/uvbbrasil.com.br\/wp-content\/uploads\/2025\/01\/LOGO-UVB-2024-azul-1.jpg\",\"width\":600,\"height\":211,\"caption\":\"UVB Brasil\"},\"image\":{\"@id\":\"https:\/\/uvbbrasil.com.br\/#\/schema\/logo\/image\/\"},\"sameAs\":[\"https:\/\/www.facebook.com\/uvb.vereadoresbrasil\",\"https:\/\/www.instagram.com\/uvbbrasil\/\",\"https:\/\/www.youtube.com\/channel\/UCIlPQ8Xzw5GHNzosQIg9S5A\"]},{\"@type\":\"Person\",\"@id\":\"https:\/\/uvbbrasil.com.br\/#\/schema\/person\/17990098446c098f52effddff4f1b272\",\"name\":\"adminuvb\",\"image\":{\"@type\":\"ImageObject\",\"inLanguage\":\"pt-BR\",\"@id\":\"https:\/\/uvbbrasil.com.br\/#\/schema\/person\/image\/\",\"url\":\"https:\/\/secure.gravatar.com\/avatar\/1a494ea6f8e2dd1ae526e55b0e9497efdba542491e0620d704cccf63c6f77c45?s=96&d=mm&r=g\",\"contentUrl\":\"https:\/\/secure.gravatar.com\/avatar\/1a494ea6f8e2dd1ae526e55b0e9497efdba542491e0620d704cccf63c6f77c45?s=96&d=mm&r=g\",\"caption\":\"adminuvb\"},\"sameAs\":[\"https:\/\/uvbbrasil.com.br\"],\"url\":\"https:\/\/uvbbrasil.com.br\/author\/adminuvb\/\"}]}<\/script>\n<!-- \/ Yoast SEO plugin. -->","yoast_head_json":{"title":"C\u00e2mara de Igarassu\/PE promove encontro com presidente da Uni\u00e3o dos Vereadores do Brasil e parlamentares de Pernambuco - UVB Brasil","robots":{"index":"index","follow":"follow","max-snippet":"max-snippet:-1","max-image-preview":"max-image-preview:large","max-video-preview":"max-video-preview:-1"},"canonical":"https:\/\/uvbbrasil.com.br\/camara-de-igarassu-pe-promove-encontro-com-presidente-da-uniao-dos-vereadores-do-brasil-e-parlamentares-de-pernambuco\/","og_locale":"pt_BR","og_type":"article","og_title":"C\u00e2mara de Igarassu\/PE promove encontro com presidente da Uni\u00e3o dos Vereadores do Brasil e parlamentares de Pernambuco - UVB Brasil","og_description":"Vereadores de\u00a012 cidades de Pernambuco\u00a0se reuniram, nesta segunda-feira (9), na\u00a0C\u00e2mara Municipal de Igarassu, para discutir o papel do legislativo municipal....","og_url":"https:\/\/uvbbrasil.com.br\/camara-de-igarassu-pe-promove-encontro-com-presidente-da-uniao-dos-vereadores-do-brasil-e-parlamentares-de-pernambuco\/","og_site_name":"UVB Brasil","article_publisher":"https:\/\/www.facebook.com\/uvb.vereadoresbrasil","article_published_time":"2021-08-10T14:01:38+00:00","og_image":[{"width":1024,"height":554,"url":"https:\/\/uvbbrasil.com.br\/wp-content\/uploads\/2021\/08\/img_9904.jpg","type":"image\/jpeg"}],"author":"adminuvb","twitter_card":"summary_large_image","twitter_misc":{"Escrito por":"adminuvb","Est. tempo de leitura":"2 minutos"},"schema":{"@context":"https:\/\/schema.org","@graph":[{"@type":"Article","@id":"https:\/\/uvbbrasil.com.br\/camara-de-igarassu-pe-promove-encontro-com-presidente-da-uniao-dos-vereadores-do-brasil-e-parlamentares-de-pernambuco\/#article","isPartOf":{"@id":"https:\/\/uvbbrasil.com.br\/camara-de-igarassu-pe-promove-encontro-com-presidente-da-uniao-dos-vereadores-do-brasil-e-parlamentares-de-pernambuco\/"},"author":{"name":"adminuvb","@id":"https:\/\/uvbbrasil.com.br\/#\/schema\/person\/17990098446c098f52effddff4f1b272"},"headline":"C\u00e2mara de Igarassu\/PE promove encontro com presidente da Uni\u00e3o dos Vereadores do Brasil e parlamentares de Pernambuco","datePublished":"2021-08-10T14:01:38+00:00","mainEntityOfPage":{"@id":"https:\/\/uvbbrasil.com.br\/camara-de-igarassu-pe-promove-encontro-com-presidente-da-uniao-dos-vereadores-do-brasil-e-parlamentares-de-pernambuco\/"},"wordCount":345,"commentCount":0,"publisher":{"@id":"https:\/\/uvbbrasil.com.br\/#organization"},"image":{"@id":"https:\/\/uvbbrasil.com.br\/camara-de-igarassu-pe-promove-encontro-com-presidente-da-uniao-dos-vereadores-do-brasil-e-parlamentares-de-pernambuco\/#primaryimage"},"thumbnailUrl":"https:\/\/uvbbrasil.com.br\/wp-content\/uploads\/2021\/08\/img_9904.jpg","articleSection":["NOT\u00cdCIAS","UVB"],"inLanguage":"pt-BR","potentialAction":[{"@type":"CommentAction","name":"Comment","target":["https:\/\/uvbbrasil.com.br\/camara-de-igarassu-pe-promove-encontro-com-presidente-da-uniao-dos-vereadores-do-brasil-e-parlamentares-de-pernambuco\/#respond"]}]},{"@type":"WebPage","@id":"https:\/\/uvbbrasil.com.br\/camara-de-igarassu-pe-promove-encontro-com-presidente-da-uniao-dos-vereadores-do-brasil-e-parlamentares-de-pernambuco\/","url":"https:\/\/uvbbrasil.com.br\/camara-de-igarassu-pe-promove-encontro-com-presidente-da-uniao-dos-vereadores-do-brasil-e-parlamentares-de-pernambuco\/","name":"C\u00e2mara de Igarassu\/PE promove encontro com presidente da Uni\u00e3o dos Vereadores do Brasil e parlamentares de Pernambuco - UVB Brasil","isPartOf":{"@id":"https:\/\/uvbbrasil.com.br\/#website"},"primaryImageOfPage":{"@id":"https:\/\/uvbbrasil.com.br\/camara-de-igarassu-pe-promove-encontro-com-presidente-da-uniao-dos-vereadores-do-brasil-e-parlamentares-de-pernambuco\/#primaryimage"},"image":{"@id":"https:\/\/uvbbrasil.com.br\/camara-de-igarassu-pe-promove-encontro-com-presidente-da-uniao-dos-vereadores-do-brasil-e-parlamentares-de-pernambuco\/#primaryimage"},"thumbnailUrl":"https:\/\/uvbbrasil.com.br\/wp-content\/uploads\/2021\/08\/img_9904.jpg","datePublished":"2021-08-10T14:01:38+00:00","breadcrumb":{"@id":"https:\/\/uvbbrasil.com.br\/camara-de-igarassu-pe-promove-encontro-com-presidente-da-uniao-dos-vereadores-do-brasil-e-parlamentares-de-pernambuco\/#breadcrumb"},"inLanguage":"pt-BR","potentialAction":[{"@type":"ReadAction","target":["https:\/\/uvbbrasil.com.br\/camara-de-igarassu-pe-promove-encontro-com-presidente-da-uniao-dos-vereadores-do-brasil-e-parlamentares-de-pernambuco\/"]}]},{"@type":"ImageObject","inLanguage":"pt-BR","@id":"https:\/\/uvbbrasil.com.br\/camara-de-igarassu-pe-promove-encontro-com-presidente-da-uniao-dos-vereadores-do-brasil-e-parlamentares-de-pernambuco\/#primaryimage","url":"https:\/\/uvbbrasil.com.br\/wp-content\/uploads\/2021\/08\/img_9904.jpg","contentUrl":"https:\/\/uvbbrasil.com.br\/wp-content\/uploads\/2021\/08\/img_9904.jpg","width":1024,"height":554},{"@type":"BreadcrumbList","@id":"https:\/\/uvbbrasil.com.br\/camara-de-igarassu-pe-promove-encontro-com-presidente-da-uniao-dos-vereadores-do-brasil-e-parlamentares-de-pernambuco\/#breadcrumb","itemListElement":[{"@type":"ListItem","position":1,"name":"In\u00edcio","item":"https:\/\/uvbbrasil.com.br\/"},{"@type":"ListItem","position":2,"name":"C\u00e2mara de Igarassu\/PE promove encontro com presidente da Uni\u00e3o dos Vereadores do Brasil e parlamentares de Pernambuco"}]},{"@type":"WebSite","@id":"https:\/\/uvbbrasil.com.br\/#website","url":"https:\/\/uvbbrasil.com.br\/","name":"UVB Brasil","description":"Uni\u00e3o dos Vereadores do Brasil","publisher":{"@id":"https:\/\/uvbbrasil.com.br\/#organization"},"potentialAction":[{"@type":"SearchAction","target":{"@type":"EntryPoint","urlTemplate":"https:\/\/uvbbrasil.com.br\/?s={search_term_string}"},"query-input":{"@type":"PropertyValueSpecification","valueRequired":true,"valueName":"search_term_string"}}],"inLanguage":"pt-BR"},{"@type":"Organization","@id":"https:\/\/uvbbrasil.com.br\/#organization","name":"UVB Brasil","url":"https:\/\/uvbbrasil.com.br\/","logo":{"@type":"ImageObject","inLanguage":"pt-BR","@id":"https:\/\/uvbbrasil.com.br\/#\/schema\/logo\/image\/","url":"https:\/\/uvbbrasil.com.br\/wp-content\/uploads\/2025\/01\/LOGO-UVB-2024-azul-1.jpg","contentUrl":"https:\/\/uvbbrasil.com.br\/wp-content\/uploads\/2025\/01\/LOGO-UVB-2024-azul-1.jpg","width":600,"height":211,"caption":"UVB Brasil"},"image":{"@id":"https:\/\/uvbbrasil.com.br\/#\/schema\/logo\/image\/"},"sameAs":["https:\/\/www.facebook.com\/uvb.vereadoresbrasil","https:\/\/www.instagram.com\/uvbbrasil\/","https:\/\/www.youtube.com\/channel\/UCIlPQ8Xzw5GHNzosQIg9S5A"]},{"@type":"Person","@id":"https:\/\/uvbbrasil.com.br\/#\/schema\/person\/17990098446c098f52effddff4f1b272","name":"adminuvb","image":{"@type":"ImageObject","inLanguage":"pt-BR","@id":"https:\/\/uvbbrasil.com.br\/#\/schema\/person\/image\/","url":"https:\/\/secure.gravatar.com\/avatar\/1a494ea6f8e2dd1ae526e55b0e9497efdba542491e0620d704cccf63c6f77c45?s=96&d=mm&r=g","contentUrl":"https:\/\/secure.gravatar.com\/avatar\/1a494ea6f8e2dd1ae526e55b0e9497efdba542491e0620d704cccf63c6f77c45?s=96&d=mm&r=g","caption":"adminuvb"},"sameAs":["https:\/\/uvbbrasil.com.br"],"url":"https:\/\/uvbbrasil.com.br\/author\/adminuvb\/"}]}},"_links":{"self":[{"href":"https:\/\/uvbbrasil.com.br\/uvb-json\/wp\/v2\/posts\/23170","targetHints":{"allow":["GET"]}}],"collection":[{"href":"https:\/\/uvbbrasil.com.br\/uvb-json\/wp\/v2\/posts"}],"about":[{"href":"https:\/\/uvbbrasil.com.br\/uvb-json\/wp\/v2\/types\/post"}],"author":[{"embeddable":true,"href":"https:\/\/uvbbrasil.com.br\/uvb-json\/wp\/v2\/users\/1"}],"replies":[{"embeddable":true,"href":"https:\/\/uvbbrasil.com.br\/uvb-json\/wp\/v2\/comments?post=23170"}],"version-history":[{"count":0,"href":"https:\/\/uvbbrasil.com.br\/uvb-json\/wp\/v2\/posts\/23170\/revisions"}],"wp:featuredmedia":[{"embeddable":true,"href":"https:\/\/uvbbrasil.com.br\/uvb-json\/wp\/v2\/media\/23171"}],"wp:attachment":[{"href":"https:\/\/uvbbrasil.com.br\/uvb-json\/wp\/v2\/media?parent=23170"}],"wp:term":[{"taxonomy":"category","embeddable":true,"href":"https:\/\/uvbbrasil.com.br\/uvb-json\/wp\/v2\/categories?post=23170"},{"taxonomy":"post_tag","embeddable":true,"href":"https:\/\/uvbbrasil.com.br\/uvb-json\/wp\/v2\/tags?post=23170"}],"curies":[{"name":"wp","href":"https:\/\/api.w.org\/{rel}","templated":true}]}}