{"id":23122,"date":"2021-08-04T16:41:30","date_gmt":"2021-08-04T19:41:30","guid":{"rendered":"https:\/\/wpsandbox4.pante.com.br\/?p=23122"},"modified":"2021-08-04T16:41:30","modified_gmt":"2021-08-04T19:41:30","slug":"presidente-da-uvb-visita-varios-municipios-do-extremo-sul-da-bahia","status":"publish","type":"post","link":"https:\/\/uvbbrasil.com.br\/presidente-da-uvb-visita-varios-municipios-do-extremo-sul-da-bahia\/","title":{"rendered":"Presidente da UVB visita  munic\u00edpios do Extremo Sul da Bahia"},"content":{"rendered":"<p>O presidente da Uni\u00e3o dos Vereadores do Brasil\/UVB, Gilson Conzatti, visitou v\u00e1rios munic\u00edpios do extremo sul do Estado da Bahia nesta semana.<\/p>\n<p>Conzatti inicio o ciclo de visitas na c\u00e2mara municipal de Porto Seguro, em seguida Santa Cruz Cabr\u00e1lia, Belmonte, Eun\u00e1polis, ItagimirimI, Itapebi, Guaratinga e finalizou o roteiro na C\u00e2mara Municipal de Itabela, totalizando oito mun\u00edcipios.<\/p>\n<p>O principal objetivo das visitas as casas legislativas e para estreitar a rela\u00e7\u00e3o dos parlamentares com a Uni\u00e3o dos Vereadores do Brasil\/UVB, que representa e congrega\u00a0 a n\u00edvel nacional os 57.900 vereadores e vereadoras do Brasil, e que tem\u00a0 a miss\u00e3o de orientar e fortalecer os vereadores para o exerc\u00edcio de um bom mandato.<\/p>\n<p>O presidente da UVB, com seu amplo conhecimento e experi\u00eancia pol\u00edtica, que procura estar cada vez mais pr\u00f3ximo dos parlamentares para a valoriza\u00e7\u00e3o do mandato e fortalecimento do poder legislativo municipal, em todos o mun\u00edcipios\u00a0 deixou registado a marca e historia da UVB seja com as a\u00e7\u00f5es, encontros e semin\u00e1rios realizados, que visam levar conhecimento, capacita\u00e7\u00e3o e qualifica\u00e7\u00e3o aos membros do legislativo municipal brasileiro, bem como, a integra\u00e7\u00e3o e troca de experi\u00eancias.<\/p>\n<p>Na oportunidade convidou a todos os parlamentares e servidores para a maior mobiliza\u00e7\u00e3o nacional\u00a0 em defesa do municipalismo e pelo fortalecimento do poder legislativo municipal brasileiro a XX Marcha dos Legislativo, realizada pela UVB de 24 a 27 de agosto em Bras\u00edlia\/DF e para o Encontro Nacional\u00a0 que acontece em Salvador de 21 a 25 de Setembro.<\/p>\n<p>Em todas a visitas todos os protocolos sanit\u00e1rios exigidos pelo OMS para a preven\u00e7\u00e3o e combate da COVID-19 e foram respeitados.<\/p>\n<p><a href=\"https:\/\/uvbbrasil.com.br\/?attachment_id=23041\" rel=\"attachment wp-att-23041\"><img fetchpriority=\"high\" decoding=\"async\" class=\"aligncenter size-full wp-image-23041\" src=\"https:\/\/uvbbrasil.com.br\/wp-content\/uploads\/2021\/08\/WhatsApp-Image-2021-08-02-at-11.47.00-1.jpeg\" alt=\"\" width=\"1280\" height=\"605\" srcset=\"https:\/\/uvbbrasil.com.br\/wp-content\/uploads\/2021\/08\/WhatsApp-Image-2021-08-02-at-11.47.00-1.jpeg 1280w, https:\/\/uvbbrasil.com.br\/wp-content\/uploads\/2021\/08\/WhatsApp-Image-2021-08-02-at-11.47.00-1-300x142.jpeg 300w, https:\/\/uvbbrasil.com.br\/wp-content\/uploads\/2021\/08\/WhatsApp-Image-2021-08-02-at-11.47.00-1-1024x484.jpeg 1024w, https:\/\/uvbbrasil.com.br\/wp-content\/uploads\/2021\/08\/WhatsApp-Image-2021-08-02-at-11.47.00-1-768x363.jpeg 768w\" sizes=\"(max-width: 1280px) 100vw, 1280px\" \/><br \/>\n<em>Presidente da C\u00e2mara Municipal de Porto Seguro\/BA, Ariana Fehlberg, Vice Presidente, Robinson Le\u00e3o e o Presidente da UVB, Gilson Conzatti\u00a0<\/em><\/a><\/p>\n<p><a href=\"https:\/\/uvbbrasil.com.br\/?attachment_id=23075\" rel=\"attachment wp-att-23075\"><img decoding=\"async\" class=\"aligncenter size-full wp-image-23075\" src=\"https:\/\/uvbbrasil.com.br\/wp-content\/uploads\/2021\/08\/WhatsApp-Image-2021-08-02-at-14.31.15.jpeg\" alt=\"\" width=\"1600\" height=\"757\" srcset=\"https:\/\/uvbbrasil.com.br\/wp-content\/uploads\/2021\/08\/WhatsApp-Image-2021-08-02-at-14.31.15.jpeg 1600w, https:\/\/uvbbrasil.com.br\/wp-content\/uploads\/2021\/08\/WhatsApp-Image-2021-08-02-at-14.31.15-300x142.jpeg 300w, https:\/\/uvbbrasil.com.br\/wp-content\/uploads\/2021\/08\/WhatsApp-Image-2021-08-02-at-14.31.15-1024x484.jpeg 1024w, https:\/\/uvbbrasil.com.br\/wp-content\/uploads\/2021\/08\/WhatsApp-Image-2021-08-02-at-14.31.15-768x363.jpeg 768w, https:\/\/uvbbrasil.com.br\/wp-content\/uploads\/2021\/08\/WhatsApp-Image-2021-08-02-at-14.31.15-1536x727.jpeg 1536w\" sizes=\"(max-width: 1600px) 100vw, 1600px\" \/><\/a><\/p>\n<p style=\"text-align: center;\"><em>Em Santa Cruz Cabr\u00e1lia, Secretaria Maria Helena e Presidente da UVB, Gilson Conzatti<\/em><\/p>\n<p style=\"text-align: center;\"><a href=\"https:\/\/uvbbrasil.com.br\/?attachment_id=23129\" rel=\"attachment wp-att-23129\"><img decoding=\"async\" class=\"aligncenter size-full wp-image-23129\" src=\"https:\/\/uvbbrasil.com.br\/wp-content\/uploads\/2021\/08\/IMG-20210804-WA0371.jpg\" alt=\"\" width=\"638\" height=\"302\" srcset=\"https:\/\/uvbbrasil.com.br\/wp-content\/uploads\/2021\/08\/IMG-20210804-WA0371.jpg 638w, https:\/\/uvbbrasil.com.br\/wp-content\/uploads\/2021\/08\/IMG-20210804-WA0371-300x142.jpg 300w\" sizes=\"(max-width: 638px) 100vw, 638px\" \/><\/a><a href=\"https:\/\/uvbbrasil.com.br\/?attachment_id=23123\" rel=\"attachment wp-att-23123\"><em>Itapebi,\u00a0 Gilson Conzatti, Vereadora , Norma Queiroz juntamente com os colegas de Casa, Wanderley de Souza e Romildo Silva\u00a0 \u00a0<\/em><img loading=\"lazy\" decoding=\"async\" class=\"aligncenter size-full wp-image-23123\" src=\"https:\/\/uvbbrasil.com.br\/wp-content\/uploads\/2021\/08\/WhatsApp-Image-2021-08-02-at-18.58.45.jpeg\" alt=\"\" width=\"1600\" height=\"757\" srcset=\"https:\/\/uvbbrasil.com.br\/wp-content\/uploads\/2021\/08\/WhatsApp-Image-2021-08-02-at-18.58.45.jpeg 1600w, https:\/\/uvbbrasil.com.br\/wp-content\/uploads\/2021\/08\/WhatsApp-Image-2021-08-02-at-18.58.45-300x142.jpeg 300w, https:\/\/uvbbrasil.com.br\/wp-content\/uploads\/2021\/08\/WhatsApp-Image-2021-08-02-at-18.58.45-1024x484.jpeg 1024w, https:\/\/uvbbrasil.com.br\/wp-content\/uploads\/2021\/08\/WhatsApp-Image-2021-08-02-at-18.58.45-768x363.jpeg 768w, https:\/\/uvbbrasil.com.br\/wp-content\/uploads\/2021\/08\/WhatsApp-Image-2021-08-02-at-18.58.45-1536x727.jpeg 1536w\" sizes=\"(max-width: 1600px) 100vw, 1600px\" \/><\/a><\/p>\n<p style=\"text-align: center;\"><em>Em Belmonte, Presidente do Legislativo, Luciano Andrade- luluca e Gilson Conzatti<a href=\"https:\/\/uvbbrasil.com.br\/?attachment_id=23120\" rel=\"attachment wp-att-23120\"><img loading=\"lazy\" decoding=\"async\" class=\"aligncenter size-full wp-image-23120\" src=\"https:\/\/uvbbrasil.com.br\/wp-content\/uploads\/2021\/08\/Screenshot_20210803-161543_WhatsApp.jpg\" alt=\"\" width=\"678\" height=\"381\" srcset=\"https:\/\/uvbbrasil.com.br\/wp-content\/uploads\/2021\/08\/Screenshot_20210803-161543_WhatsApp.jpg 678w, https:\/\/uvbbrasil.com.br\/wp-content\/uploads\/2021\/08\/Screenshot_20210803-161543_WhatsApp-300x169.jpg 300w\" sizes=\"(max-width: 678px) 100vw, 678px\" \/><\/a><\/em><\/p>\n<p style=\"text-align: center;\">\u00a0<em>Conzatti, Presidente Jorge\u00a0Ma\u00e9cio e demais Vereadores da C\u00e2mara Municipal de Eun\u00e1polis<\/em><\/p>\n<p><a href=\"https:\/\/uvbbrasil.com.br\/?attachment_id=23124\" rel=\"attachment wp-att-23124\"><img loading=\"lazy\" decoding=\"async\" class=\"aligncenter size-full wp-image-23124\" src=\"https:\/\/uvbbrasil.com.br\/wp-content\/uploads\/2021\/08\/WhatsApp-Image-2021-08-03-at-19.13.23.jpeg\" alt=\"\" width=\"1599\" height=\"758\" srcset=\"https:\/\/uvbbrasil.com.br\/wp-content\/uploads\/2021\/08\/WhatsApp-Image-2021-08-03-at-19.13.23.jpeg 1599w, https:\/\/uvbbrasil.com.br\/wp-content\/uploads\/2021\/08\/WhatsApp-Image-2021-08-03-at-19.13.23-300x142.jpeg 300w, https:\/\/uvbbrasil.com.br\/wp-content\/uploads\/2021\/08\/WhatsApp-Image-2021-08-03-at-19.13.23-1024x485.jpeg 1024w, https:\/\/uvbbrasil.com.br\/wp-content\/uploads\/2021\/08\/WhatsApp-Image-2021-08-03-at-19.13.23-768x364.jpeg 768w, https:\/\/uvbbrasil.com.br\/wp-content\/uploads\/2021\/08\/WhatsApp-Image-2021-08-03-at-19.13.23-1536x728.jpeg 1536w\" sizes=\"(max-width: 1599px) 100vw, 1599px\" \/><\/a><\/p>\n<p style=\"text-align: center;\">\u00a0<em>Em Itagimirim, Pres.Valdirinei Nascimento dos Santos,Vice presidente, Marcio Carvalho,1 Secret\u00e1rio, Elias Jos\u00e9 da Silva, Gilson Conzatti e a Vereadora, Marlucia Martins da Silva<\/em><\/p>\n<p><a href=\"https:\/\/uvbbrasil.com.br\/?attachment_id=23125\" rel=\"attachment wp-att-23125\"><img loading=\"lazy\" decoding=\"async\" class=\"aligncenter size-full wp-image-23125\" src=\"https:\/\/uvbbrasil.com.br\/wp-content\/uploads\/2021\/08\/WhatsApp-Image-2021-08-04-at-14.41.11.jpeg\" alt=\"\" width=\"1600\" height=\"757\" srcset=\"https:\/\/uvbbrasil.com.br\/wp-content\/uploads\/2021\/08\/WhatsApp-Image-2021-08-04-at-14.41.11.jpeg 1600w, https:\/\/uvbbrasil.com.br\/wp-content\/uploads\/2021\/08\/WhatsApp-Image-2021-08-04-at-14.41.11-300x142.jpeg 300w, https:\/\/uvbbrasil.com.br\/wp-content\/uploads\/2021\/08\/WhatsApp-Image-2021-08-04-at-14.41.11-1024x484.jpeg 1024w, https:\/\/uvbbrasil.com.br\/wp-content\/uploads\/2021\/08\/WhatsApp-Image-2021-08-04-at-14.41.11-768x363.jpeg 768w, https:\/\/uvbbrasil.com.br\/wp-content\/uploads\/2021\/08\/WhatsApp-Image-2021-08-04-at-14.41.11-1536x727.jpeg 1536w\" sizes=\"(max-width: 1600px) 100vw, 1600px\" \/><\/a><\/p>\n<p><em>Guaratinga, Presidente da C\u00e2mara, Apar\u00edcio Lacerda, Gilson Conzatti e demais Vereadores do munic\u00edpio<\/em> <a href=\"https:\/\/uvbbrasil.com.br\/?attachment_id=23126\" rel=\"attachment wp-att-23126\"><img loading=\"lazy\" decoding=\"async\" class=\"aligncenter size-full wp-image-23126\" src=\"https:\/\/uvbbrasil.com.br\/wp-content\/uploads\/2021\/08\/WhatsApp-Image-2021-08-04-at-14.40.19.jpeg\" alt=\"\" width=\"1600\" height=\"1059\" srcset=\"https:\/\/uvbbrasil.com.br\/wp-content\/uploads\/2021\/08\/WhatsApp-Image-2021-08-04-at-14.40.19.jpeg 1600w, https:\/\/uvbbrasil.com.br\/wp-content\/uploads\/2021\/08\/WhatsApp-Image-2021-08-04-at-14.40.19-300x199.jpeg 300w, https:\/\/uvbbrasil.com.br\/wp-content\/uploads\/2021\/08\/WhatsApp-Image-2021-08-04-at-14.40.19-1024x678.jpeg 1024w, https:\/\/uvbbrasil.com.br\/wp-content\/uploads\/2021\/08\/WhatsApp-Image-2021-08-04-at-14.40.19-768x508.jpeg 768w, https:\/\/uvbbrasil.com.br\/wp-content\/uploads\/2021\/08\/WhatsApp-Image-2021-08-04-at-14.40.19-1536x1017.jpeg 1536w\" sizes=\"(max-width: 1600px) 100vw, 1600px\" \/><\/a><\/p>\n<p style=\"text-align: center;\"><em>Em Itabela Conzatti , Presidente\u00a0Tio Pedro, demais Vereadores\u00a0 e Ouvidor da C\u00e2mara Municipal<\/em><\/p>\n","protected":false},"excerpt":{"rendered":"<p>O presidente da Uni\u00e3o dos Vereadores do Brasil\/UVB, Gilson Conzatti, visitou v\u00e1rios munic\u00edpios do extremo sul do Estado da Bahia&#8230;<\/p>\n","protected":false},"author":1,"featured_media":23125,"comment_status":"open","ping_status":"open","sticky":false,"template":"","format":"standard","meta":{"footnotes":""},"categories":[3,4],"tags":[],"class_list":["post-23122","post","type-post","status-publish","format-standard","has-post-thumbnail","hentry","category-noticias","category-home"],"yoast_head":"<!-- This site is optimized with the Yoast SEO plugin v26.7 - https:\/\/yoast.com\/wordpress\/plugins\/seo\/ -->\n<title>Presidente da UVB visita munic\u00edpios do Extremo Sul da Bahia - UVB Brasil<\/title>\n<meta name=\"robots\" content=\"index, follow, max-snippet:-1, max-image-preview:large, max-video-preview:-1\" \/>\n<link rel=\"canonical\" href=\"https:\/\/uvbbrasil.com.br\/presidente-da-uvb-visita-varios-municipios-do-extremo-sul-da-bahia\/\" \/>\n<meta property=\"og:locale\" content=\"pt_BR\" \/>\n<meta property=\"og:type\" content=\"article\" \/>\n<meta property=\"og:title\" content=\"Presidente da UVB visita munic\u00edpios do Extremo Sul da Bahia - UVB Brasil\" \/>\n<meta property=\"og:description\" content=\"O presidente da Uni\u00e3o dos Vereadores do Brasil\/UVB, Gilson Conzatti, visitou v\u00e1rios munic\u00edpios do extremo sul do Estado da Bahia...\" \/>\n<meta property=\"og:url\" content=\"https:\/\/uvbbrasil.com.br\/presidente-da-uvb-visita-varios-municipios-do-extremo-sul-da-bahia\/\" \/>\n<meta property=\"og:site_name\" content=\"UVB Brasil\" \/>\n<meta property=\"article:publisher\" content=\"https:\/\/www.facebook.com\/uvb.vereadoresbrasil\" \/>\n<meta property=\"article:published_time\" content=\"2021-08-04T19:41:30+00:00\" \/>\n<meta property=\"og:image\" content=\"https:\/\/uvbbrasil.com.br\/wp-content\/uploads\/2021\/08\/WhatsApp-Image-2021-08-04-at-14.41.11.jpeg\" \/>\n\t<meta property=\"og:image:width\" content=\"1600\" \/>\n\t<meta property=\"og:image:height\" content=\"757\" \/>\n\t<meta property=\"og:image:type\" content=\"image\/jpeg\" \/>\n<meta name=\"author\" content=\"adminuvb\" \/>\n<meta name=\"twitter:card\" content=\"summary_large_image\" \/>\n<meta name=\"twitter:label1\" content=\"Escrito por\" \/>\n\t<meta name=\"twitter:data1\" content=\"adminuvb\" \/>\n\t<meta name=\"twitter:label2\" content=\"Est. tempo de leitura\" \/>\n\t<meta name=\"twitter:data2\" content=\"4 minutos\" \/>\n<script type=\"application\/ld+json\" class=\"yoast-schema-graph\">{\"@context\":\"https:\/\/schema.org\",\"@graph\":[{\"@type\":\"Article\",\"@id\":\"https:\/\/uvbbrasil.com.br\/presidente-da-uvb-visita-varios-municipios-do-extremo-sul-da-bahia\/#article\",\"isPartOf\":{\"@id\":\"https:\/\/uvbbrasil.com.br\/presidente-da-uvb-visita-varios-municipios-do-extremo-sul-da-bahia\/\"},\"author\":{\"name\":\"adminuvb\",\"@id\":\"https:\/\/uvbbrasil.com.br\/#\/schema\/person\/17990098446c098f52effddff4f1b272\"},\"headline\":\"Presidente da UVB visita munic\u00edpios do Extremo Sul da Bahia\",\"datePublished\":\"2021-08-04T19:41:30+00:00\",\"mainEntityOfPage\":{\"@id\":\"https:\/\/uvbbrasil.com.br\/presidente-da-uvb-visita-varios-municipios-do-extremo-sul-da-bahia\/\"},\"wordCount\":434,\"commentCount\":0,\"publisher\":{\"@id\":\"https:\/\/uvbbrasil.com.br\/#organization\"},\"image\":{\"@id\":\"https:\/\/uvbbrasil.com.br\/presidente-da-uvb-visita-varios-municipios-do-extremo-sul-da-bahia\/#primaryimage\"},\"thumbnailUrl\":\"https:\/\/uvbbrasil.com.br\/wp-content\/uploads\/2021\/08\/WhatsApp-Image-2021-08-04-at-14.41.11.jpeg\",\"articleSection\":[\"NOT\u00cdCIAS\",\"UVB\"],\"inLanguage\":\"pt-BR\",\"potentialAction\":[{\"@type\":\"CommentAction\",\"name\":\"Comment\",\"target\":[\"https:\/\/uvbbrasil.com.br\/presidente-da-uvb-visita-varios-municipios-do-extremo-sul-da-bahia\/#respond\"]}]},{\"@type\":\"WebPage\",\"@id\":\"https:\/\/uvbbrasil.com.br\/presidente-da-uvb-visita-varios-municipios-do-extremo-sul-da-bahia\/\",\"url\":\"https:\/\/uvbbrasil.com.br\/presidente-da-uvb-visita-varios-municipios-do-extremo-sul-da-bahia\/\",\"name\":\"Presidente da UVB visita munic\u00edpios do Extremo Sul da Bahia - UVB Brasil\",\"isPartOf\":{\"@id\":\"https:\/\/uvbbrasil.com.br\/#website\"},\"primaryImageOfPage\":{\"@id\":\"https:\/\/uvbbrasil.com.br\/presidente-da-uvb-visita-varios-municipios-do-extremo-sul-da-bahia\/#primaryimage\"},\"image\":{\"@id\":\"https:\/\/uvbbrasil.com.br\/presidente-da-uvb-visita-varios-municipios-do-extremo-sul-da-bahia\/#primaryimage\"},\"thumbnailUrl\":\"https:\/\/uvbbrasil.com.br\/wp-content\/uploads\/2021\/08\/WhatsApp-Image-2021-08-04-at-14.41.11.jpeg\",\"datePublished\":\"2021-08-04T19:41:30+00:00\",\"breadcrumb\":{\"@id\":\"https:\/\/uvbbrasil.com.br\/presidente-da-uvb-visita-varios-municipios-do-extremo-sul-da-bahia\/#breadcrumb\"},\"inLanguage\":\"pt-BR\",\"potentialAction\":[{\"@type\":\"ReadAction\",\"target\":[\"https:\/\/uvbbrasil.com.br\/presidente-da-uvb-visita-varios-municipios-do-extremo-sul-da-bahia\/\"]}]},{\"@type\":\"ImageObject\",\"inLanguage\":\"pt-BR\",\"@id\":\"https:\/\/uvbbrasil.com.br\/presidente-da-uvb-visita-varios-municipios-do-extremo-sul-da-bahia\/#primaryimage\",\"url\":\"https:\/\/uvbbrasil.com.br\/wp-content\/uploads\/2021\/08\/WhatsApp-Image-2021-08-04-at-14.41.11.jpeg\",\"contentUrl\":\"https:\/\/uvbbrasil.com.br\/wp-content\/uploads\/2021\/08\/WhatsApp-Image-2021-08-04-at-14.41.11.jpeg\",\"width\":1600,\"height\":757},{\"@type\":\"BreadcrumbList\",\"@id\":\"https:\/\/uvbbrasil.com.br\/presidente-da-uvb-visita-varios-municipios-do-extremo-sul-da-bahia\/#breadcrumb\",\"itemListElement\":[{\"@type\":\"ListItem\",\"position\":1,\"name\":\"In\u00edcio\",\"item\":\"https:\/\/uvbbrasil.com.br\/\"},{\"@type\":\"ListItem\",\"position\":2,\"name\":\"Presidente da UVB visita munic\u00edpios do Extremo Sul da Bahia\"}]},{\"@type\":\"WebSite\",\"@id\":\"https:\/\/uvbbrasil.com.br\/#website\",\"url\":\"https:\/\/uvbbrasil.com.br\/\",\"name\":\"UVB Brasil\",\"description\":\"Uni\u00e3o dos Vereadores do Brasil\",\"publisher\":{\"@id\":\"https:\/\/uvbbrasil.com.br\/#organization\"},\"potentialAction\":[{\"@type\":\"SearchAction\",\"target\":{\"@type\":\"EntryPoint\",\"urlTemplate\":\"https:\/\/uvbbrasil.com.br\/?s={search_term_string}\"},\"query-input\":{\"@type\":\"PropertyValueSpecification\",\"valueRequired\":true,\"valueName\":\"search_term_string\"}}],\"inLanguage\":\"pt-BR\"},{\"@type\":\"Organization\",\"@id\":\"https:\/\/uvbbrasil.com.br\/#organization\",\"name\":\"UVB Brasil\",\"url\":\"https:\/\/uvbbrasil.com.br\/\",\"logo\":{\"@type\":\"ImageObject\",\"inLanguage\":\"pt-BR\",\"@id\":\"https:\/\/uvbbrasil.com.br\/#\/schema\/logo\/image\/\",\"url\":\"https:\/\/uvbbrasil.com.br\/wp-content\/uploads\/2025\/01\/LOGO-UVB-2024-azul-1.jpg\",\"contentUrl\":\"https:\/\/uvbbrasil.com.br\/wp-content\/uploads\/2025\/01\/LOGO-UVB-2024-azul-1.jpg\",\"width\":600,\"height\":211,\"caption\":\"UVB Brasil\"},\"image\":{\"@id\":\"https:\/\/uvbbrasil.com.br\/#\/schema\/logo\/image\/\"},\"sameAs\":[\"https:\/\/www.facebook.com\/uvb.vereadoresbrasil\",\"https:\/\/www.instagram.com\/uvbbrasil\/\",\"https:\/\/www.youtube.com\/channel\/UCIlPQ8Xzw5GHNzosQIg9S5A\"]},{\"@type\":\"Person\",\"@id\":\"https:\/\/uvbbrasil.com.br\/#\/schema\/person\/17990098446c098f52effddff4f1b272\",\"name\":\"adminuvb\",\"image\":{\"@type\":\"ImageObject\",\"inLanguage\":\"pt-BR\",\"@id\":\"https:\/\/uvbbrasil.com.br\/#\/schema\/person\/image\/\",\"url\":\"https:\/\/secure.gravatar.com\/avatar\/1a494ea6f8e2dd1ae526e55b0e9497efdba542491e0620d704cccf63c6f77c45?s=96&d=mm&r=g\",\"contentUrl\":\"https:\/\/secure.gravatar.com\/avatar\/1a494ea6f8e2dd1ae526e55b0e9497efdba542491e0620d704cccf63c6f77c45?s=96&d=mm&r=g\",\"caption\":\"adminuvb\"},\"sameAs\":[\"https:\/\/uvbbrasil.com.br\"],\"url\":\"https:\/\/uvbbrasil.com.br\/author\/adminuvb\/\"}]}<\/script>\n<!-- \/ Yoast SEO plugin. -->","yoast_head_json":{"title":"Presidente da UVB visita munic\u00edpios do Extremo Sul da Bahia - UVB Brasil","robots":{"index":"index","follow":"follow","max-snippet":"max-snippet:-1","max-image-preview":"max-image-preview:large","max-video-preview":"max-video-preview:-1"},"canonical":"https:\/\/uvbbrasil.com.br\/presidente-da-uvb-visita-varios-municipios-do-extremo-sul-da-bahia\/","og_locale":"pt_BR","og_type":"article","og_title":"Presidente da UVB visita munic\u00edpios do Extremo Sul da Bahia - UVB Brasil","og_description":"O presidente da Uni\u00e3o dos Vereadores do Brasil\/UVB, Gilson Conzatti, visitou v\u00e1rios munic\u00edpios do extremo sul do Estado da Bahia...","og_url":"https:\/\/uvbbrasil.com.br\/presidente-da-uvb-visita-varios-municipios-do-extremo-sul-da-bahia\/","og_site_name":"UVB Brasil","article_publisher":"https:\/\/www.facebook.com\/uvb.vereadoresbrasil","article_published_time":"2021-08-04T19:41:30+00:00","og_image":[{"width":1600,"height":757,"url":"https:\/\/uvbbrasil.com.br\/wp-content\/uploads\/2021\/08\/WhatsApp-Image-2021-08-04-at-14.41.11.jpeg","type":"image\/jpeg"}],"author":"adminuvb","twitter_card":"summary_large_image","twitter_misc":{"Escrito por":"adminuvb","Est. tempo de leitura":"4 minutos"},"schema":{"@context":"https:\/\/schema.org","@graph":[{"@type":"Article","@id":"https:\/\/uvbbrasil.com.br\/presidente-da-uvb-visita-varios-municipios-do-extremo-sul-da-bahia\/#article","isPartOf":{"@id":"https:\/\/uvbbrasil.com.br\/presidente-da-uvb-visita-varios-municipios-do-extremo-sul-da-bahia\/"},"author":{"name":"adminuvb","@id":"https:\/\/uvbbrasil.com.br\/#\/schema\/person\/17990098446c098f52effddff4f1b272"},"headline":"Presidente da UVB visita munic\u00edpios do Extremo Sul da Bahia","datePublished":"2021-08-04T19:41:30+00:00","mainEntityOfPage":{"@id":"https:\/\/uvbbrasil.com.br\/presidente-da-uvb-visita-varios-municipios-do-extremo-sul-da-bahia\/"},"wordCount":434,"commentCount":0,"publisher":{"@id":"https:\/\/uvbbrasil.com.br\/#organization"},"image":{"@id":"https:\/\/uvbbrasil.com.br\/presidente-da-uvb-visita-varios-municipios-do-extremo-sul-da-bahia\/#primaryimage"},"thumbnailUrl":"https:\/\/uvbbrasil.com.br\/wp-content\/uploads\/2021\/08\/WhatsApp-Image-2021-08-04-at-14.41.11.jpeg","articleSection":["NOT\u00cdCIAS","UVB"],"inLanguage":"pt-BR","potentialAction":[{"@type":"CommentAction","name":"Comment","target":["https:\/\/uvbbrasil.com.br\/presidente-da-uvb-visita-varios-municipios-do-extremo-sul-da-bahia\/#respond"]}]},{"@type":"WebPage","@id":"https:\/\/uvbbrasil.com.br\/presidente-da-uvb-visita-varios-municipios-do-extremo-sul-da-bahia\/","url":"https:\/\/uvbbrasil.com.br\/presidente-da-uvb-visita-varios-municipios-do-extremo-sul-da-bahia\/","name":"Presidente da UVB visita munic\u00edpios do Extremo Sul da Bahia - UVB Brasil","isPartOf":{"@id":"https:\/\/uvbbrasil.com.br\/#website"},"primaryImageOfPage":{"@id":"https:\/\/uvbbrasil.com.br\/presidente-da-uvb-visita-varios-municipios-do-extremo-sul-da-bahia\/#primaryimage"},"image":{"@id":"https:\/\/uvbbrasil.com.br\/presidente-da-uvb-visita-varios-municipios-do-extremo-sul-da-bahia\/#primaryimage"},"thumbnailUrl":"https:\/\/uvbbrasil.com.br\/wp-content\/uploads\/2021\/08\/WhatsApp-Image-2021-08-04-at-14.41.11.jpeg","datePublished":"2021-08-04T19:41:30+00:00","breadcrumb":{"@id":"https:\/\/uvbbrasil.com.br\/presidente-da-uvb-visita-varios-municipios-do-extremo-sul-da-bahia\/#breadcrumb"},"inLanguage":"pt-BR","potentialAction":[{"@type":"ReadAction","target":["https:\/\/uvbbrasil.com.br\/presidente-da-uvb-visita-varios-municipios-do-extremo-sul-da-bahia\/"]}]},{"@type":"ImageObject","inLanguage":"pt-BR","@id":"https:\/\/uvbbrasil.com.br\/presidente-da-uvb-visita-varios-municipios-do-extremo-sul-da-bahia\/#primaryimage","url":"https:\/\/uvbbrasil.com.br\/wp-content\/uploads\/2021\/08\/WhatsApp-Image-2021-08-04-at-14.41.11.jpeg","contentUrl":"https:\/\/uvbbrasil.com.br\/wp-content\/uploads\/2021\/08\/WhatsApp-Image-2021-08-04-at-14.41.11.jpeg","width":1600,"height":757},{"@type":"BreadcrumbList","@id":"https:\/\/uvbbrasil.com.br\/presidente-da-uvb-visita-varios-municipios-do-extremo-sul-da-bahia\/#breadcrumb","itemListElement":[{"@type":"ListItem","position":1,"name":"In\u00edcio","item":"https:\/\/uvbbrasil.com.br\/"},{"@type":"ListItem","position":2,"name":"Presidente da UVB visita munic\u00edpios do Extremo Sul da Bahia"}]},{"@type":"WebSite","@id":"https:\/\/uvbbrasil.com.br\/#website","url":"https:\/\/uvbbrasil.com.br\/","name":"UVB Brasil","description":"Uni\u00e3o dos Vereadores do Brasil","publisher":{"@id":"https:\/\/uvbbrasil.com.br\/#organization"},"potentialAction":[{"@type":"SearchAction","target":{"@type":"EntryPoint","urlTemplate":"https:\/\/uvbbrasil.com.br\/?s={search_term_string}"},"query-input":{"@type":"PropertyValueSpecification","valueRequired":true,"valueName":"search_term_string"}}],"inLanguage":"pt-BR"},{"@type":"Organization","@id":"https:\/\/uvbbrasil.com.br\/#organization","name":"UVB Brasil","url":"https:\/\/uvbbrasil.com.br\/","logo":{"@type":"ImageObject","inLanguage":"pt-BR","@id":"https:\/\/uvbbrasil.com.br\/#\/schema\/logo\/image\/","url":"https:\/\/uvbbrasil.com.br\/wp-content\/uploads\/2025\/01\/LOGO-UVB-2024-azul-1.jpg","contentUrl":"https:\/\/uvbbrasil.com.br\/wp-content\/uploads\/2025\/01\/LOGO-UVB-2024-azul-1.jpg","width":600,"height":211,"caption":"UVB Brasil"},"image":{"@id":"https:\/\/uvbbrasil.com.br\/#\/schema\/logo\/image\/"},"sameAs":["https:\/\/www.facebook.com\/uvb.vereadoresbrasil","https:\/\/www.instagram.com\/uvbbrasil\/","https:\/\/www.youtube.com\/channel\/UCIlPQ8Xzw5GHNzosQIg9S5A"]},{"@type":"Person","@id":"https:\/\/uvbbrasil.com.br\/#\/schema\/person\/17990098446c098f52effddff4f1b272","name":"adminuvb","image":{"@type":"ImageObject","inLanguage":"pt-BR","@id":"https:\/\/uvbbrasil.com.br\/#\/schema\/person\/image\/","url":"https:\/\/secure.gravatar.com\/avatar\/1a494ea6f8e2dd1ae526e55b0e9497efdba542491e0620d704cccf63c6f77c45?s=96&d=mm&r=g","contentUrl":"https:\/\/secure.gravatar.com\/avatar\/1a494ea6f8e2dd1ae526e55b0e9497efdba542491e0620d704cccf63c6f77c45?s=96&d=mm&r=g","caption":"adminuvb"},"sameAs":["https:\/\/uvbbrasil.com.br"],"url":"https:\/\/uvbbrasil.com.br\/author\/adminuvb\/"}]}},"_links":{"self":[{"href":"https:\/\/uvbbrasil.com.br\/uvb-json\/wp\/v2\/posts\/23122","targetHints":{"allow":["GET"]}}],"collection":[{"href":"https:\/\/uvbbrasil.com.br\/uvb-json\/wp\/v2\/posts"}],"about":[{"href":"https:\/\/uvbbrasil.com.br\/uvb-json\/wp\/v2\/types\/post"}],"author":[{"embeddable":true,"href":"https:\/\/uvbbrasil.com.br\/uvb-json\/wp\/v2\/users\/1"}],"replies":[{"embeddable":true,"href":"https:\/\/uvbbrasil.com.br\/uvb-json\/wp\/v2\/comments?post=23122"}],"version-history":[{"count":0,"href":"https:\/\/uvbbrasil.com.br\/uvb-json\/wp\/v2\/posts\/23122\/revisions"}],"wp:featuredmedia":[{"embeddable":true,"href":"https:\/\/uvbbrasil.com.br\/uvb-json\/wp\/v2\/media\/23125"}],"wp:attachment":[{"href":"https:\/\/uvbbrasil.com.br\/uvb-json\/wp\/v2\/media?parent=23122"}],"wp:term":[{"taxonomy":"category","embeddable":true,"href":"https:\/\/uvbbrasil.com.br\/uvb-json\/wp\/v2\/categories?post=23122"},{"taxonomy":"post_tag","embeddable":true,"href":"https:\/\/uvbbrasil.com.br\/uvb-json\/wp\/v2\/tags?post=23122"}],"curies":[{"name":"wp","href":"https:\/\/api.w.org\/{rel}","templated":true}]}}