{"id":23119,"date":"2021-08-04T10:59:38","date_gmt":"2021-08-04T13:59:38","guid":{"rendered":"https:\/\/wpsandbox4.pante.com.br\/?p=23119"},"modified":"2021-08-04T10:59:38","modified_gmt":"2021-08-04T13:59:38","slug":"camara-de-eunapolis-recebe-visita-do-presidente-da-uvb","status":"publish","type":"post","link":"https:\/\/uvbbrasil.com.br\/camara-de-eunapolis-recebe-visita-do-presidente-da-uvb\/","title":{"rendered":"C\u00e2mara de Eun\u00e1polis recebe visita do presidente da UVB"},"content":{"rendered":"<p>Na manh\u00e3 desta ter\u00e7a-feira (03\/07), o Presidente da C\u00e2mara Municipal de Eun\u00e1polis, Jorge Ma\u00e9cio (PP), recebeu a visita do presidente da Uni\u00e3o dos Vereadores do Brasil -UVB, Gilson Conzatti (MDB). Ele \u00e9 advogado e empres\u00e1rio, tr\u00eas vezes vereador da cidade de Ira\u00ed (RS).<\/p>\n<p>Ap\u00f3s visitar instala\u00e7\u00f5es e depend\u00eancias da Casa Legislativa, e suas acomoda\u00e7\u00f5es, al\u00e9m do plen\u00e1rio Laedson Maia, Gilson Conzatti colocou os trabalhos desempenhados pela entidade.<\/p>\n<p>Conzatti foi recebido na sala da presid\u00eancia pelos vereadores Carmem L\u00facia, Pedro Queiroz, Adriano Cardoso, Renato Bromochenkel, Ueliton de Moraes, Marcos Oliveira, Tiago Souza, Adriano Cardoso, F\u00e1bio Arruda, Valterlan Cardoso e Adeilson Costa, al\u00e9m de assessores.<\/p>\n<p>Durante a visita, Gilson Conzatti convidou os vereadores de Eun\u00e1polis para a XX Marcha dos Legislativos Municipais de 24 a 27 de agosto em Bras\u00edlia. Na conversa, foram abordados temas de interesse municipal e nacional. \u201cEstamos cumprindo a nossa miss\u00e3o de transformar a Uni\u00e3o dos Vereadores do Brasil, na maior entidade de representa\u00e7\u00e3o pol\u00edtica do pa\u00eds. \u00c9 um desafio \u00e1rduo que felizmente temos encontrado respaldo em todos os rinc\u00f5es por onde andamos por este pa\u00eds\u201d. Disse.<\/p>\n<p>\u201cSomos mais de 57 mil homens e mulheres e tenho a convic\u00e7\u00e3o de que unidos e organizados somos fortes e podemos sim melhorar o pa\u00eds, atrav\u00e9s de nossas ideias e dos nossos representantes federais. Buscamos respaldo, pois demandamos pleitos que afetam diretamente nossa popula\u00e7\u00e3o. A vida acontece no munic\u00edpio e os legisladores municipais sabem das dificuldades de cada cidad\u00e3o em cada canto deste pa\u00eds, e ouso dizer que s\u00f3 o vereador (a) sabe onde est\u00e3o as reais dificuldades do cidad\u00e3o e das comunidades\u201d, disse o presidente, Gilson Conzatti.<\/p>\n<p>O presidente da C\u00e2mara, Jorge Ma\u00e9cio, manifestou o interesse em conhecer mais das atividades da UVB e a assessoria jur\u00eddica que entidade pode oferecer. \u201cAgradecemos o presidente Gilson Conzatti por sua aten\u00e7\u00e3o especial com nossos munic\u00edpios. Esse apoio \u00e9 fundamental para o crescimento e destaque nacional da UVB\u201d, disse Jorge M\u00e1ecio.<\/p>\n<p>\u00c0 tarde, o encontro de Gilson Conzatti ser\u00e1 com a C\u00e2mara de Vereadores de Itagimirim.<a href=\"https:\/\/uvbbrasil.com.br\/?attachment_id=23120\" rel=\"attachment wp-att-23120\"><img fetchpriority=\"high\" decoding=\"async\" class=\"aligncenter size-full wp-image-23120\" src=\"https:\/\/uvbbrasil.com.br\/wp-content\/uploads\/2021\/08\/Screenshot_20210803-161543_WhatsApp.jpg\" alt=\"\" width=\"678\" height=\"381\" srcset=\"https:\/\/uvbbrasil.com.br\/wp-content\/uploads\/2021\/08\/Screenshot_20210803-161543_WhatsApp.jpg 678w, https:\/\/uvbbrasil.com.br\/wp-content\/uploads\/2021\/08\/Screenshot_20210803-161543_WhatsApp-300x169.jpg 300w\" sizes=\"(max-width: 678px) 100vw, 678px\" \/><\/a><\/p>\n","protected":false},"excerpt":{"rendered":"<p>Na manh\u00e3 desta ter\u00e7a-feira (03\/07), o Presidente da C\u00e2mara Municipal de Eun\u00e1polis, Jorge Ma\u00e9cio (PP), recebeu a visita do presidente&#8230;<\/p>\n","protected":false},"author":1,"featured_media":23120,"comment_status":"open","ping_status":"open","sticky":false,"template":"","format":"standard","meta":{"footnotes":""},"categories":[3,4],"tags":[],"class_list":["post-23119","post","type-post","status-publish","format-standard","has-post-thumbnail","hentry","category-noticias","category-home"],"yoast_head":"<!-- This site is optimized with the Yoast SEO plugin v26.7 - https:\/\/yoast.com\/wordpress\/plugins\/seo\/ -->\n<title>C\u00e2mara de Eun\u00e1polis recebe visita do presidente da UVB - UVB Brasil<\/title>\n<meta name=\"robots\" content=\"index, follow, max-snippet:-1, max-image-preview:large, max-video-preview:-1\" \/>\n<link rel=\"canonical\" href=\"https:\/\/uvbbrasil.com.br\/camara-de-eunapolis-recebe-visita-do-presidente-da-uvb\/\" \/>\n<meta property=\"og:locale\" content=\"pt_BR\" \/>\n<meta property=\"og:type\" content=\"article\" \/>\n<meta property=\"og:title\" content=\"C\u00e2mara de Eun\u00e1polis recebe visita do presidente da UVB - UVB Brasil\" \/>\n<meta property=\"og:description\" content=\"Na manh\u00e3 desta ter\u00e7a-feira (03\/07), o Presidente da C\u00e2mara Municipal de Eun\u00e1polis, Jorge Ma\u00e9cio (PP), recebeu a visita do presidente...\" \/>\n<meta property=\"og:url\" content=\"https:\/\/uvbbrasil.com.br\/camara-de-eunapolis-recebe-visita-do-presidente-da-uvb\/\" \/>\n<meta property=\"og:site_name\" content=\"UVB Brasil\" \/>\n<meta property=\"article:publisher\" content=\"https:\/\/www.facebook.com\/uvb.vereadoresbrasil\" \/>\n<meta property=\"article:published_time\" content=\"2021-08-04T13:59:38+00:00\" \/>\n<meta property=\"og:image\" content=\"https:\/\/uvbbrasil.com.br\/wp-content\/uploads\/2021\/08\/Screenshot_20210803-161543_WhatsApp.jpg\" \/>\n\t<meta property=\"og:image:width\" content=\"678\" \/>\n\t<meta property=\"og:image:height\" content=\"381\" \/>\n\t<meta property=\"og:image:type\" content=\"image\/jpeg\" \/>\n<meta name=\"author\" content=\"adminuvb\" \/>\n<meta name=\"twitter:card\" content=\"summary_large_image\" \/>\n<meta name=\"twitter:label1\" content=\"Escrito por\" \/>\n\t<meta name=\"twitter:data1\" content=\"adminuvb\" \/>\n\t<meta name=\"twitter:label2\" content=\"Est. tempo de leitura\" \/>\n\t<meta name=\"twitter:data2\" content=\"2 minutos\" \/>\n<script type=\"application\/ld+json\" class=\"yoast-schema-graph\">{\"@context\":\"https:\/\/schema.org\",\"@graph\":[{\"@type\":\"Article\",\"@id\":\"https:\/\/uvbbrasil.com.br\/camara-de-eunapolis-recebe-visita-do-presidente-da-uvb\/#article\",\"isPartOf\":{\"@id\":\"https:\/\/uvbbrasil.com.br\/camara-de-eunapolis-recebe-visita-do-presidente-da-uvb\/\"},\"author\":{\"name\":\"adminuvb\",\"@id\":\"https:\/\/uvbbrasil.com.br\/#\/schema\/person\/17990098446c098f52effddff4f1b272\"},\"headline\":\"C\u00e2mara de Eun\u00e1polis recebe visita do presidente da UVB\",\"datePublished\":\"2021-08-04T13:59:38+00:00\",\"mainEntityOfPage\":{\"@id\":\"https:\/\/uvbbrasil.com.br\/camara-de-eunapolis-recebe-visita-do-presidente-da-uvb\/\"},\"wordCount\":378,\"commentCount\":0,\"publisher\":{\"@id\":\"https:\/\/uvbbrasil.com.br\/#organization\"},\"image\":{\"@id\":\"https:\/\/uvbbrasil.com.br\/camara-de-eunapolis-recebe-visita-do-presidente-da-uvb\/#primaryimage\"},\"thumbnailUrl\":\"https:\/\/uvbbrasil.com.br\/wp-content\/uploads\/2021\/08\/Screenshot_20210803-161543_WhatsApp.jpg\",\"articleSection\":[\"NOT\u00cdCIAS\",\"UVB\"],\"inLanguage\":\"pt-BR\",\"potentialAction\":[{\"@type\":\"CommentAction\",\"name\":\"Comment\",\"target\":[\"https:\/\/uvbbrasil.com.br\/camara-de-eunapolis-recebe-visita-do-presidente-da-uvb\/#respond\"]}]},{\"@type\":\"WebPage\",\"@id\":\"https:\/\/uvbbrasil.com.br\/camara-de-eunapolis-recebe-visita-do-presidente-da-uvb\/\",\"url\":\"https:\/\/uvbbrasil.com.br\/camara-de-eunapolis-recebe-visita-do-presidente-da-uvb\/\",\"name\":\"C\u00e2mara de Eun\u00e1polis recebe visita do presidente da UVB - UVB Brasil\",\"isPartOf\":{\"@id\":\"https:\/\/uvbbrasil.com.br\/#website\"},\"primaryImageOfPage\":{\"@id\":\"https:\/\/uvbbrasil.com.br\/camara-de-eunapolis-recebe-visita-do-presidente-da-uvb\/#primaryimage\"},\"image\":{\"@id\":\"https:\/\/uvbbrasil.com.br\/camara-de-eunapolis-recebe-visita-do-presidente-da-uvb\/#primaryimage\"},\"thumbnailUrl\":\"https:\/\/uvbbrasil.com.br\/wp-content\/uploads\/2021\/08\/Screenshot_20210803-161543_WhatsApp.jpg\",\"datePublished\":\"2021-08-04T13:59:38+00:00\",\"breadcrumb\":{\"@id\":\"https:\/\/uvbbrasil.com.br\/camara-de-eunapolis-recebe-visita-do-presidente-da-uvb\/#breadcrumb\"},\"inLanguage\":\"pt-BR\",\"potentialAction\":[{\"@type\":\"ReadAction\",\"target\":[\"https:\/\/uvbbrasil.com.br\/camara-de-eunapolis-recebe-visita-do-presidente-da-uvb\/\"]}]},{\"@type\":\"ImageObject\",\"inLanguage\":\"pt-BR\",\"@id\":\"https:\/\/uvbbrasil.com.br\/camara-de-eunapolis-recebe-visita-do-presidente-da-uvb\/#primaryimage\",\"url\":\"https:\/\/uvbbrasil.com.br\/wp-content\/uploads\/2021\/08\/Screenshot_20210803-161543_WhatsApp.jpg\",\"contentUrl\":\"https:\/\/uvbbrasil.com.br\/wp-content\/uploads\/2021\/08\/Screenshot_20210803-161543_WhatsApp.jpg\",\"width\":678,\"height\":381},{\"@type\":\"BreadcrumbList\",\"@id\":\"https:\/\/uvbbrasil.com.br\/camara-de-eunapolis-recebe-visita-do-presidente-da-uvb\/#breadcrumb\",\"itemListElement\":[{\"@type\":\"ListItem\",\"position\":1,\"name\":\"In\u00edcio\",\"item\":\"https:\/\/uvbbrasil.com.br\/\"},{\"@type\":\"ListItem\",\"position\":2,\"name\":\"C\u00e2mara de Eun\u00e1polis recebe visita do presidente da UVB\"}]},{\"@type\":\"WebSite\",\"@id\":\"https:\/\/uvbbrasil.com.br\/#website\",\"url\":\"https:\/\/uvbbrasil.com.br\/\",\"name\":\"UVB Brasil\",\"description\":\"Uni\u00e3o dos Vereadores do Brasil\",\"publisher\":{\"@id\":\"https:\/\/uvbbrasil.com.br\/#organization\"},\"potentialAction\":[{\"@type\":\"SearchAction\",\"target\":{\"@type\":\"EntryPoint\",\"urlTemplate\":\"https:\/\/uvbbrasil.com.br\/?s={search_term_string}\"},\"query-input\":{\"@type\":\"PropertyValueSpecification\",\"valueRequired\":true,\"valueName\":\"search_term_string\"}}],\"inLanguage\":\"pt-BR\"},{\"@type\":\"Organization\",\"@id\":\"https:\/\/uvbbrasil.com.br\/#organization\",\"name\":\"UVB Brasil\",\"url\":\"https:\/\/uvbbrasil.com.br\/\",\"logo\":{\"@type\":\"ImageObject\",\"inLanguage\":\"pt-BR\",\"@id\":\"https:\/\/uvbbrasil.com.br\/#\/schema\/logo\/image\/\",\"url\":\"https:\/\/uvbbrasil.com.br\/wp-content\/uploads\/2025\/01\/LOGO-UVB-2024-azul-1.jpg\",\"contentUrl\":\"https:\/\/uvbbrasil.com.br\/wp-content\/uploads\/2025\/01\/LOGO-UVB-2024-azul-1.jpg\",\"width\":600,\"height\":211,\"caption\":\"UVB Brasil\"},\"image\":{\"@id\":\"https:\/\/uvbbrasil.com.br\/#\/schema\/logo\/image\/\"},\"sameAs\":[\"https:\/\/www.facebook.com\/uvb.vereadoresbrasil\",\"https:\/\/www.instagram.com\/uvbbrasil\/\",\"https:\/\/www.youtube.com\/channel\/UCIlPQ8Xzw5GHNzosQIg9S5A\"]},{\"@type\":\"Person\",\"@id\":\"https:\/\/uvbbrasil.com.br\/#\/schema\/person\/17990098446c098f52effddff4f1b272\",\"name\":\"adminuvb\",\"image\":{\"@type\":\"ImageObject\",\"inLanguage\":\"pt-BR\",\"@id\":\"https:\/\/uvbbrasil.com.br\/#\/schema\/person\/image\/\",\"url\":\"https:\/\/secure.gravatar.com\/avatar\/1a494ea6f8e2dd1ae526e55b0e9497efdba542491e0620d704cccf63c6f77c45?s=96&d=mm&r=g\",\"contentUrl\":\"https:\/\/secure.gravatar.com\/avatar\/1a494ea6f8e2dd1ae526e55b0e9497efdba542491e0620d704cccf63c6f77c45?s=96&d=mm&r=g\",\"caption\":\"adminuvb\"},\"sameAs\":[\"https:\/\/uvbbrasil.com.br\"],\"url\":\"https:\/\/uvbbrasil.com.br\/author\/adminuvb\/\"}]}<\/script>\n<!-- \/ Yoast SEO plugin. -->","yoast_head_json":{"title":"C\u00e2mara de Eun\u00e1polis recebe visita do presidente da UVB - UVB Brasil","robots":{"index":"index","follow":"follow","max-snippet":"max-snippet:-1","max-image-preview":"max-image-preview:large","max-video-preview":"max-video-preview:-1"},"canonical":"https:\/\/uvbbrasil.com.br\/camara-de-eunapolis-recebe-visita-do-presidente-da-uvb\/","og_locale":"pt_BR","og_type":"article","og_title":"C\u00e2mara de Eun\u00e1polis recebe visita do presidente da UVB - UVB Brasil","og_description":"Na manh\u00e3 desta ter\u00e7a-feira (03\/07), o Presidente da C\u00e2mara Municipal de Eun\u00e1polis, Jorge Ma\u00e9cio (PP), recebeu a visita do presidente...","og_url":"https:\/\/uvbbrasil.com.br\/camara-de-eunapolis-recebe-visita-do-presidente-da-uvb\/","og_site_name":"UVB Brasil","article_publisher":"https:\/\/www.facebook.com\/uvb.vereadoresbrasil","article_published_time":"2021-08-04T13:59:38+00:00","og_image":[{"width":678,"height":381,"url":"https:\/\/uvbbrasil.com.br\/wp-content\/uploads\/2021\/08\/Screenshot_20210803-161543_WhatsApp.jpg","type":"image\/jpeg"}],"author":"adminuvb","twitter_card":"summary_large_image","twitter_misc":{"Escrito por":"adminuvb","Est. tempo de leitura":"2 minutos"},"schema":{"@context":"https:\/\/schema.org","@graph":[{"@type":"Article","@id":"https:\/\/uvbbrasil.com.br\/camara-de-eunapolis-recebe-visita-do-presidente-da-uvb\/#article","isPartOf":{"@id":"https:\/\/uvbbrasil.com.br\/camara-de-eunapolis-recebe-visita-do-presidente-da-uvb\/"},"author":{"name":"adminuvb","@id":"https:\/\/uvbbrasil.com.br\/#\/schema\/person\/17990098446c098f52effddff4f1b272"},"headline":"C\u00e2mara de Eun\u00e1polis recebe visita do presidente da UVB","datePublished":"2021-08-04T13:59:38+00:00","mainEntityOfPage":{"@id":"https:\/\/uvbbrasil.com.br\/camara-de-eunapolis-recebe-visita-do-presidente-da-uvb\/"},"wordCount":378,"commentCount":0,"publisher":{"@id":"https:\/\/uvbbrasil.com.br\/#organization"},"image":{"@id":"https:\/\/uvbbrasil.com.br\/camara-de-eunapolis-recebe-visita-do-presidente-da-uvb\/#primaryimage"},"thumbnailUrl":"https:\/\/uvbbrasil.com.br\/wp-content\/uploads\/2021\/08\/Screenshot_20210803-161543_WhatsApp.jpg","articleSection":["NOT\u00cdCIAS","UVB"],"inLanguage":"pt-BR","potentialAction":[{"@type":"CommentAction","name":"Comment","target":["https:\/\/uvbbrasil.com.br\/camara-de-eunapolis-recebe-visita-do-presidente-da-uvb\/#respond"]}]},{"@type":"WebPage","@id":"https:\/\/uvbbrasil.com.br\/camara-de-eunapolis-recebe-visita-do-presidente-da-uvb\/","url":"https:\/\/uvbbrasil.com.br\/camara-de-eunapolis-recebe-visita-do-presidente-da-uvb\/","name":"C\u00e2mara de Eun\u00e1polis recebe visita do presidente da UVB - UVB Brasil","isPartOf":{"@id":"https:\/\/uvbbrasil.com.br\/#website"},"primaryImageOfPage":{"@id":"https:\/\/uvbbrasil.com.br\/camara-de-eunapolis-recebe-visita-do-presidente-da-uvb\/#primaryimage"},"image":{"@id":"https:\/\/uvbbrasil.com.br\/camara-de-eunapolis-recebe-visita-do-presidente-da-uvb\/#primaryimage"},"thumbnailUrl":"https:\/\/uvbbrasil.com.br\/wp-content\/uploads\/2021\/08\/Screenshot_20210803-161543_WhatsApp.jpg","datePublished":"2021-08-04T13:59:38+00:00","breadcrumb":{"@id":"https:\/\/uvbbrasil.com.br\/camara-de-eunapolis-recebe-visita-do-presidente-da-uvb\/#breadcrumb"},"inLanguage":"pt-BR","potentialAction":[{"@type":"ReadAction","target":["https:\/\/uvbbrasil.com.br\/camara-de-eunapolis-recebe-visita-do-presidente-da-uvb\/"]}]},{"@type":"ImageObject","inLanguage":"pt-BR","@id":"https:\/\/uvbbrasil.com.br\/camara-de-eunapolis-recebe-visita-do-presidente-da-uvb\/#primaryimage","url":"https:\/\/uvbbrasil.com.br\/wp-content\/uploads\/2021\/08\/Screenshot_20210803-161543_WhatsApp.jpg","contentUrl":"https:\/\/uvbbrasil.com.br\/wp-content\/uploads\/2021\/08\/Screenshot_20210803-161543_WhatsApp.jpg","width":678,"height":381},{"@type":"BreadcrumbList","@id":"https:\/\/uvbbrasil.com.br\/camara-de-eunapolis-recebe-visita-do-presidente-da-uvb\/#breadcrumb","itemListElement":[{"@type":"ListItem","position":1,"name":"In\u00edcio","item":"https:\/\/uvbbrasil.com.br\/"},{"@type":"ListItem","position":2,"name":"C\u00e2mara de Eun\u00e1polis recebe visita do presidente da UVB"}]},{"@type":"WebSite","@id":"https:\/\/uvbbrasil.com.br\/#website","url":"https:\/\/uvbbrasil.com.br\/","name":"UVB Brasil","description":"Uni\u00e3o dos Vereadores do Brasil","publisher":{"@id":"https:\/\/uvbbrasil.com.br\/#organization"},"potentialAction":[{"@type":"SearchAction","target":{"@type":"EntryPoint","urlTemplate":"https:\/\/uvbbrasil.com.br\/?s={search_term_string}"},"query-input":{"@type":"PropertyValueSpecification","valueRequired":true,"valueName":"search_term_string"}}],"inLanguage":"pt-BR"},{"@type":"Organization","@id":"https:\/\/uvbbrasil.com.br\/#organization","name":"UVB Brasil","url":"https:\/\/uvbbrasil.com.br\/","logo":{"@type":"ImageObject","inLanguage":"pt-BR","@id":"https:\/\/uvbbrasil.com.br\/#\/schema\/logo\/image\/","url":"https:\/\/uvbbrasil.com.br\/wp-content\/uploads\/2025\/01\/LOGO-UVB-2024-azul-1.jpg","contentUrl":"https:\/\/uvbbrasil.com.br\/wp-content\/uploads\/2025\/01\/LOGO-UVB-2024-azul-1.jpg","width":600,"height":211,"caption":"UVB Brasil"},"image":{"@id":"https:\/\/uvbbrasil.com.br\/#\/schema\/logo\/image\/"},"sameAs":["https:\/\/www.facebook.com\/uvb.vereadoresbrasil","https:\/\/www.instagram.com\/uvbbrasil\/","https:\/\/www.youtube.com\/channel\/UCIlPQ8Xzw5GHNzosQIg9S5A"]},{"@type":"Person","@id":"https:\/\/uvbbrasil.com.br\/#\/schema\/person\/17990098446c098f52effddff4f1b272","name":"adminuvb","image":{"@type":"ImageObject","inLanguage":"pt-BR","@id":"https:\/\/uvbbrasil.com.br\/#\/schema\/person\/image\/","url":"https:\/\/secure.gravatar.com\/avatar\/1a494ea6f8e2dd1ae526e55b0e9497efdba542491e0620d704cccf63c6f77c45?s=96&d=mm&r=g","contentUrl":"https:\/\/secure.gravatar.com\/avatar\/1a494ea6f8e2dd1ae526e55b0e9497efdba542491e0620d704cccf63c6f77c45?s=96&d=mm&r=g","caption":"adminuvb"},"sameAs":["https:\/\/uvbbrasil.com.br"],"url":"https:\/\/uvbbrasil.com.br\/author\/adminuvb\/"}]}},"_links":{"self":[{"href":"https:\/\/uvbbrasil.com.br\/uvb-json\/wp\/v2\/posts\/23119","targetHints":{"allow":["GET"]}}],"collection":[{"href":"https:\/\/uvbbrasil.com.br\/uvb-json\/wp\/v2\/posts"}],"about":[{"href":"https:\/\/uvbbrasil.com.br\/uvb-json\/wp\/v2\/types\/post"}],"author":[{"embeddable":true,"href":"https:\/\/uvbbrasil.com.br\/uvb-json\/wp\/v2\/users\/1"}],"replies":[{"embeddable":true,"href":"https:\/\/uvbbrasil.com.br\/uvb-json\/wp\/v2\/comments?post=23119"}],"version-history":[{"count":0,"href":"https:\/\/uvbbrasil.com.br\/uvb-json\/wp\/v2\/posts\/23119\/revisions"}],"wp:featuredmedia":[{"embeddable":true,"href":"https:\/\/uvbbrasil.com.br\/uvb-json\/wp\/v2\/media\/23120"}],"wp:attachment":[{"href":"https:\/\/uvbbrasil.com.br\/uvb-json\/wp\/v2\/media?parent=23119"}],"wp:term":[{"taxonomy":"category","embeddable":true,"href":"https:\/\/uvbbrasil.com.br\/uvb-json\/wp\/v2\/categories?post=23119"},{"taxonomy":"post_tag","embeddable":true,"href":"https:\/\/uvbbrasil.com.br\/uvb-json\/wp\/v2\/tags?post=23119"}],"curies":[{"name":"wp","href":"https:\/\/api.w.org\/{rel}","templated":true}]}}