{"id":22960,"date":"2021-07-28T12:48:23","date_gmt":"2021-07-28T15:48:23","guid":{"rendered":"https:\/\/wpsandbox4.pante.com.br\/?p=22960"},"modified":"2021-07-28T12:48:23","modified_gmt":"2021-07-28T15:48:23","slug":"abertura-oficial-do-giro-legislativo-em-goiania","status":"publish","type":"post","link":"https:\/\/uvbbrasil.com.br\/abertura-oficial-do-giro-legislativo-em-goiania\/","title":{"rendered":"Abertura oficial do Giro Legislativo em Goi\u00e2nia"},"content":{"rendered":"\n<p>Respeitando todos os protocolos sanit\u00e1rios da OMS e decretos do Governo do Estado de Goi\u00e1s na manh\u00e3 desta quarta-feira (28) iniciou o Giro Legislativo\/Encontro Nacional de Legislativos Municipais que \u00e9 uma realiza\u00e7\u00e3o da Uni\u00e3o dos Vereadores do Brasil\/UVB em parceria com a Uni\u00e3o dos Vereadores do Estado de Goi\u00e1s\/UVEGO.<\/p>\n\n\n\n<p>A cerim\u00f4nia de abertura contou com a presen\u00e7a do Governador do Estado do Goi\u00e1s, Ronaldo Caiado que anunciou   a inaugura\u00e7\u00e3o de uma sala executiva no Pal\u00e1cio das Esmeraldas para o uso  exclusivo dos vereadores e vereadoras do Estado de Goi\u00e1s. Participaram tamb\u00e9m o Presidente da Assembleia Legislativa de Goi\u00e1s\/ ALEGO, Lissaure Vieira,  o Senador da Rep\u00fablica , Luiz do Carmo,  Presidente da Uni\u00e3o dos Vereadores do Brasil\/UVB, vereador de Ira\u00ed\/RS, Gilson Conzatti, Presidente da UVEGO, Ricardo Oliveira, Defensor P\u00fablico Geral do Estado de Goi\u00e1s,  Domilson Rabelo da Silva, Presidente dos Tribunais de Contas  dos Munic\u00edpios, Joaquim Alves de Castro e o Procurador Geral de Contas do Minist\u00e9rio P\u00fablico, Jos\u00e9 Gustavo Athayde.<\/p>\n\n\n\n<p>O Giro do Legislativo segue com a extensa programa\u00e7\u00e3o ate sexta-feira(30).<\/p>\n\n\n\n<figure class=\"wp-block-image size-large\"><img fetchpriority=\"high\" decoding=\"async\" width=\"1024\" height=\"575\" src=\"https:\/\/uvbbrasil.com.br\/wp-content\/uploads\/2021\/07\/WhatsApp-Image-2021-07-28-at-12.25.01-1024x575.jpeg\" alt=\"\" class=\"wp-image-22961\" srcset=\"https:\/\/uvbbrasil.com.br\/wp-content\/uploads\/2021\/07\/WhatsApp-Image-2021-07-28-at-12.25.01-1024x575.jpeg 1024w, https:\/\/uvbbrasil.com.br\/wp-content\/uploads\/2021\/07\/WhatsApp-Image-2021-07-28-at-12.25.01-300x169.jpeg 300w, https:\/\/uvbbrasil.com.br\/wp-content\/uploads\/2021\/07\/WhatsApp-Image-2021-07-28-at-12.25.01-768x431.jpeg 768w, https:\/\/uvbbrasil.com.br\/wp-content\/uploads\/2021\/07\/WhatsApp-Image-2021-07-28-at-12.25.01.jpeg 1280w\" sizes=\"(max-width: 1024px) 100vw, 1024px\" \/><\/figure>\n\n\n\n<figure class=\"wp-block-image size-large\"><img decoding=\"async\" width=\"1024\" height=\"768\" src=\"https:\/\/uvbbrasil.com.br\/wp-content\/uploads\/2021\/07\/WhatsApp-Image-2021-07-28-at-12.27.48-1.jpeg\" alt=\"\" class=\"wp-image-22962\" srcset=\"https:\/\/uvbbrasil.com.br\/wp-content\/uploads\/2021\/07\/WhatsApp-Image-2021-07-28-at-12.27.48-1.jpeg 1024w, https:\/\/uvbbrasil.com.br\/wp-content\/uploads\/2021\/07\/WhatsApp-Image-2021-07-28-at-12.27.48-1-300x225.jpeg 300w, https:\/\/uvbbrasil.com.br\/wp-content\/uploads\/2021\/07\/WhatsApp-Image-2021-07-28-at-12.27.48-1-768x576.jpeg 768w\" sizes=\"(max-width: 1024px) 100vw, 1024px\" \/><\/figure>\n\n\n\n<figure class=\"wp-block-image size-large\"><img decoding=\"async\" width=\"1024\" height=\"768\" src=\"https:\/\/uvbbrasil.com.br\/wp-content\/uploads\/2021\/07\/WhatsApp-Image-2021-07-28-at-12.31.10-1024x768.jpeg\" alt=\"\" class=\"wp-image-22965\" srcset=\"https:\/\/uvbbrasil.com.br\/wp-content\/uploads\/2021\/07\/WhatsApp-Image-2021-07-28-at-12.31.10-1024x768.jpeg 1024w, https:\/\/uvbbrasil.com.br\/wp-content\/uploads\/2021\/07\/WhatsApp-Image-2021-07-28-at-12.31.10-300x225.jpeg 300w, https:\/\/uvbbrasil.com.br\/wp-content\/uploads\/2021\/07\/WhatsApp-Image-2021-07-28-at-12.31.10-768x576.jpeg 768w, https:\/\/uvbbrasil.com.br\/wp-content\/uploads\/2021\/07\/WhatsApp-Image-2021-07-28-at-12.31.10-1536x1152.jpeg 1536w, https:\/\/uvbbrasil.com.br\/wp-content\/uploads\/2021\/07\/WhatsApp-Image-2021-07-28-at-12.31.10.jpeg 1600w\" sizes=\"(max-width: 1024px) 100vw, 1024px\" \/><\/figure>\n\n\n\n<figure class=\"wp-block-image size-large\"><img loading=\"lazy\" decoding=\"async\" width=\"1024\" height=\"768\" src=\"https:\/\/uvbbrasil.com.br\/wp-content\/uploads\/2021\/07\/WhatsApp-Image-2021-07-28-at-12.31.10-1-1024x768.jpeg\" alt=\"\" class=\"wp-image-22966\" srcset=\"https:\/\/uvbbrasil.com.br\/wp-content\/uploads\/2021\/07\/WhatsApp-Image-2021-07-28-at-12.31.10-1-1024x768.jpeg 1024w, https:\/\/uvbbrasil.com.br\/wp-content\/uploads\/2021\/07\/WhatsApp-Image-2021-07-28-at-12.31.10-1-300x225.jpeg 300w, https:\/\/uvbbrasil.com.br\/wp-content\/uploads\/2021\/07\/WhatsApp-Image-2021-07-28-at-12.31.10-1-768x576.jpeg 768w, https:\/\/uvbbrasil.com.br\/wp-content\/uploads\/2021\/07\/WhatsApp-Image-2021-07-28-at-12.31.10-1-1536x1152.jpeg 1536w, https:\/\/uvbbrasil.com.br\/wp-content\/uploads\/2021\/07\/WhatsApp-Image-2021-07-28-at-12.31.10-1.jpeg 1600w\" sizes=\"(max-width: 1024px) 100vw, 1024px\" \/><\/figure>\n\n\n\n<figure class=\"wp-block-image size-large\"><img loading=\"lazy\" decoding=\"async\" width=\"1024\" height=\"768\" src=\"https:\/\/uvbbrasil.com.br\/wp-content\/uploads\/2021\/07\/WhatsApp-Image-2021-07-28-at-12.31.12-1024x768.jpeg\" alt=\"\" class=\"wp-image-22967\" srcset=\"https:\/\/uvbbrasil.com.br\/wp-content\/uploads\/2021\/07\/WhatsApp-Image-2021-07-28-at-12.31.12-1024x768.jpeg 1024w, https:\/\/uvbbrasil.com.br\/wp-content\/uploads\/2021\/07\/WhatsApp-Image-2021-07-28-at-12.31.12-300x225.jpeg 300w, https:\/\/uvbbrasil.com.br\/wp-content\/uploads\/2021\/07\/WhatsApp-Image-2021-07-28-at-12.31.12-768x576.jpeg 768w, https:\/\/uvbbrasil.com.br\/wp-content\/uploads\/2021\/07\/WhatsApp-Image-2021-07-28-at-12.31.12-1536x1152.jpeg 1536w, https:\/\/uvbbrasil.com.br\/wp-content\/uploads\/2021\/07\/WhatsApp-Image-2021-07-28-at-12.31.12.jpeg 1600w\" sizes=\"(max-width: 1024px) 100vw, 1024px\" \/><\/figure>\n","protected":false},"excerpt":{"rendered":"<p>Respeitando todos os protocolos sanit\u00e1rios da OMS e decretos do Governo do Estado de Goi\u00e1s na manh\u00e3 desta quarta-feira (28)&#8230;<\/p>\n","protected":false},"author":1,"featured_media":22965,"comment_status":"open","ping_status":"open","sticky":false,"template":"","format":"standard","meta":{"footnotes":""},"categories":[3,4],"tags":[],"class_list":["post-22960","post","type-post","status-publish","format-standard","has-post-thumbnail","hentry","category-noticias","category-home"],"yoast_head":"<!-- This site is optimized with the Yoast SEO plugin v26.7 - https:\/\/yoast.com\/wordpress\/plugins\/seo\/ -->\n<title>Abertura oficial do Giro Legislativo em Goi\u00e2nia - UVB Brasil<\/title>\n<meta name=\"robots\" content=\"index, follow, max-snippet:-1, max-image-preview:large, max-video-preview:-1\" \/>\n<link rel=\"canonical\" href=\"https:\/\/uvbbrasil.com.br\/abertura-oficial-do-giro-legislativo-em-goiania\/\" \/>\n<meta property=\"og:locale\" content=\"pt_BR\" \/>\n<meta property=\"og:type\" content=\"article\" \/>\n<meta property=\"og:title\" content=\"Abertura oficial do Giro Legislativo em Goi\u00e2nia - UVB Brasil\" \/>\n<meta property=\"og:description\" content=\"Respeitando todos os protocolos sanit\u00e1rios da OMS e decretos do Governo do Estado de Goi\u00e1s na manh\u00e3 desta quarta-feira (28)...\" \/>\n<meta property=\"og:url\" content=\"https:\/\/uvbbrasil.com.br\/abertura-oficial-do-giro-legislativo-em-goiania\/\" \/>\n<meta property=\"og:site_name\" content=\"UVB Brasil\" \/>\n<meta property=\"article:publisher\" content=\"https:\/\/www.facebook.com\/uvb.vereadoresbrasil\" \/>\n<meta property=\"article:published_time\" content=\"2021-07-28T15:48:23+00:00\" \/>\n<meta property=\"og:image\" content=\"https:\/\/uvbbrasil.com.br\/wp-content\/uploads\/2021\/07\/WhatsApp-Image-2021-07-28-at-12.31.10.jpeg\" \/>\n\t<meta property=\"og:image:width\" content=\"1600\" \/>\n\t<meta property=\"og:image:height\" content=\"1200\" \/>\n\t<meta property=\"og:image:type\" content=\"image\/jpeg\" \/>\n<meta name=\"author\" content=\"adminuvb\" \/>\n<meta name=\"twitter:card\" content=\"summary_large_image\" \/>\n<meta name=\"twitter:label1\" content=\"Escrito por\" \/>\n\t<meta name=\"twitter:data1\" content=\"adminuvb\" \/>\n\t<meta name=\"twitter:label2\" content=\"Est. tempo de leitura\" \/>\n\t<meta name=\"twitter:data2\" content=\"1 minuto\" \/>\n<script type=\"application\/ld+json\" class=\"yoast-schema-graph\">{\"@context\":\"https:\/\/schema.org\",\"@graph\":[{\"@type\":\"Article\",\"@id\":\"https:\/\/uvbbrasil.com.br\/abertura-oficial-do-giro-legislativo-em-goiania\/#article\",\"isPartOf\":{\"@id\":\"https:\/\/uvbbrasil.com.br\/abertura-oficial-do-giro-legislativo-em-goiania\/\"},\"author\":{\"name\":\"adminuvb\",\"@id\":\"https:\/\/uvbbrasil.com.br\/#\/schema\/person\/17990098446c098f52effddff4f1b272\"},\"headline\":\"Abertura oficial do Giro Legislativo em Goi\u00e2nia\",\"datePublished\":\"2021-07-28T15:48:23+00:00\",\"mainEntityOfPage\":{\"@id\":\"https:\/\/uvbbrasil.com.br\/abertura-oficial-do-giro-legislativo-em-goiania\/\"},\"wordCount\":203,\"commentCount\":0,\"publisher\":{\"@id\":\"https:\/\/uvbbrasil.com.br\/#organization\"},\"image\":{\"@id\":\"https:\/\/uvbbrasil.com.br\/abertura-oficial-do-giro-legislativo-em-goiania\/#primaryimage\"},\"thumbnailUrl\":\"https:\/\/uvbbrasil.com.br\/wp-content\/uploads\/2021\/07\/WhatsApp-Image-2021-07-28-at-12.31.10.jpeg\",\"articleSection\":[\"NOT\u00cdCIAS\",\"UVB\"],\"inLanguage\":\"pt-BR\",\"potentialAction\":[{\"@type\":\"CommentAction\",\"name\":\"Comment\",\"target\":[\"https:\/\/uvbbrasil.com.br\/abertura-oficial-do-giro-legislativo-em-goiania\/#respond\"]}]},{\"@type\":\"WebPage\",\"@id\":\"https:\/\/uvbbrasil.com.br\/abertura-oficial-do-giro-legislativo-em-goiania\/\",\"url\":\"https:\/\/uvbbrasil.com.br\/abertura-oficial-do-giro-legislativo-em-goiania\/\",\"name\":\"Abertura oficial do Giro Legislativo em Goi\u00e2nia - UVB Brasil\",\"isPartOf\":{\"@id\":\"https:\/\/uvbbrasil.com.br\/#website\"},\"primaryImageOfPage\":{\"@id\":\"https:\/\/uvbbrasil.com.br\/abertura-oficial-do-giro-legislativo-em-goiania\/#primaryimage\"},\"image\":{\"@id\":\"https:\/\/uvbbrasil.com.br\/abertura-oficial-do-giro-legislativo-em-goiania\/#primaryimage\"},\"thumbnailUrl\":\"https:\/\/uvbbrasil.com.br\/wp-content\/uploads\/2021\/07\/WhatsApp-Image-2021-07-28-at-12.31.10.jpeg\",\"datePublished\":\"2021-07-28T15:48:23+00:00\",\"breadcrumb\":{\"@id\":\"https:\/\/uvbbrasil.com.br\/abertura-oficial-do-giro-legislativo-em-goiania\/#breadcrumb\"},\"inLanguage\":\"pt-BR\",\"potentialAction\":[{\"@type\":\"ReadAction\",\"target\":[\"https:\/\/uvbbrasil.com.br\/abertura-oficial-do-giro-legislativo-em-goiania\/\"]}]},{\"@type\":\"ImageObject\",\"inLanguage\":\"pt-BR\",\"@id\":\"https:\/\/uvbbrasil.com.br\/abertura-oficial-do-giro-legislativo-em-goiania\/#primaryimage\",\"url\":\"https:\/\/uvbbrasil.com.br\/wp-content\/uploads\/2021\/07\/WhatsApp-Image-2021-07-28-at-12.31.10.jpeg\",\"contentUrl\":\"https:\/\/uvbbrasil.com.br\/wp-content\/uploads\/2021\/07\/WhatsApp-Image-2021-07-28-at-12.31.10.jpeg\",\"width\":1600,\"height\":1200},{\"@type\":\"BreadcrumbList\",\"@id\":\"https:\/\/uvbbrasil.com.br\/abertura-oficial-do-giro-legislativo-em-goiania\/#breadcrumb\",\"itemListElement\":[{\"@type\":\"ListItem\",\"position\":1,\"name\":\"In\u00edcio\",\"item\":\"https:\/\/uvbbrasil.com.br\/\"},{\"@type\":\"ListItem\",\"position\":2,\"name\":\"Abertura oficial do Giro Legislativo em Goi\u00e2nia\"}]},{\"@type\":\"WebSite\",\"@id\":\"https:\/\/uvbbrasil.com.br\/#website\",\"url\":\"https:\/\/uvbbrasil.com.br\/\",\"name\":\"UVB Brasil\",\"description\":\"Uni\u00e3o dos Vereadores do Brasil\",\"publisher\":{\"@id\":\"https:\/\/uvbbrasil.com.br\/#organization\"},\"potentialAction\":[{\"@type\":\"SearchAction\",\"target\":{\"@type\":\"EntryPoint\",\"urlTemplate\":\"https:\/\/uvbbrasil.com.br\/?s={search_term_string}\"},\"query-input\":{\"@type\":\"PropertyValueSpecification\",\"valueRequired\":true,\"valueName\":\"search_term_string\"}}],\"inLanguage\":\"pt-BR\"},{\"@type\":\"Organization\",\"@id\":\"https:\/\/uvbbrasil.com.br\/#organization\",\"name\":\"UVB Brasil\",\"url\":\"https:\/\/uvbbrasil.com.br\/\",\"logo\":{\"@type\":\"ImageObject\",\"inLanguage\":\"pt-BR\",\"@id\":\"https:\/\/uvbbrasil.com.br\/#\/schema\/logo\/image\/\",\"url\":\"https:\/\/uvbbrasil.com.br\/wp-content\/uploads\/2025\/01\/LOGO-UVB-2024-azul-1.jpg\",\"contentUrl\":\"https:\/\/uvbbrasil.com.br\/wp-content\/uploads\/2025\/01\/LOGO-UVB-2024-azul-1.jpg\",\"width\":600,\"height\":211,\"caption\":\"UVB Brasil\"},\"image\":{\"@id\":\"https:\/\/uvbbrasil.com.br\/#\/schema\/logo\/image\/\"},\"sameAs\":[\"https:\/\/www.facebook.com\/uvb.vereadoresbrasil\",\"https:\/\/www.instagram.com\/uvbbrasil\/\",\"https:\/\/www.youtube.com\/channel\/UCIlPQ8Xzw5GHNzosQIg9S5A\"]},{\"@type\":\"Person\",\"@id\":\"https:\/\/uvbbrasil.com.br\/#\/schema\/person\/17990098446c098f52effddff4f1b272\",\"name\":\"adminuvb\",\"image\":{\"@type\":\"ImageObject\",\"inLanguage\":\"pt-BR\",\"@id\":\"https:\/\/uvbbrasil.com.br\/#\/schema\/person\/image\/\",\"url\":\"https:\/\/secure.gravatar.com\/avatar\/1a494ea6f8e2dd1ae526e55b0e9497efdba542491e0620d704cccf63c6f77c45?s=96&d=mm&r=g\",\"contentUrl\":\"https:\/\/secure.gravatar.com\/avatar\/1a494ea6f8e2dd1ae526e55b0e9497efdba542491e0620d704cccf63c6f77c45?s=96&d=mm&r=g\",\"caption\":\"adminuvb\"},\"sameAs\":[\"https:\/\/uvbbrasil.com.br\"],\"url\":\"https:\/\/uvbbrasil.com.br\/author\/adminuvb\/\"}]}<\/script>\n<!-- \/ Yoast SEO plugin. -->","yoast_head_json":{"title":"Abertura oficial do Giro Legislativo em Goi\u00e2nia - UVB Brasil","robots":{"index":"index","follow":"follow","max-snippet":"max-snippet:-1","max-image-preview":"max-image-preview:large","max-video-preview":"max-video-preview:-1"},"canonical":"https:\/\/uvbbrasil.com.br\/abertura-oficial-do-giro-legislativo-em-goiania\/","og_locale":"pt_BR","og_type":"article","og_title":"Abertura oficial do Giro Legislativo em Goi\u00e2nia - UVB Brasil","og_description":"Respeitando todos os protocolos sanit\u00e1rios da OMS e decretos do Governo do Estado de Goi\u00e1s na manh\u00e3 desta quarta-feira (28)...","og_url":"https:\/\/uvbbrasil.com.br\/abertura-oficial-do-giro-legislativo-em-goiania\/","og_site_name":"UVB Brasil","article_publisher":"https:\/\/www.facebook.com\/uvb.vereadoresbrasil","article_published_time":"2021-07-28T15:48:23+00:00","og_image":[{"width":1600,"height":1200,"url":"https:\/\/uvbbrasil.com.br\/wp-content\/uploads\/2021\/07\/WhatsApp-Image-2021-07-28-at-12.31.10.jpeg","type":"image\/jpeg"}],"author":"adminuvb","twitter_card":"summary_large_image","twitter_misc":{"Escrito por":"adminuvb","Est. tempo de leitura":"1 minuto"},"schema":{"@context":"https:\/\/schema.org","@graph":[{"@type":"Article","@id":"https:\/\/uvbbrasil.com.br\/abertura-oficial-do-giro-legislativo-em-goiania\/#article","isPartOf":{"@id":"https:\/\/uvbbrasil.com.br\/abertura-oficial-do-giro-legislativo-em-goiania\/"},"author":{"name":"adminuvb","@id":"https:\/\/uvbbrasil.com.br\/#\/schema\/person\/17990098446c098f52effddff4f1b272"},"headline":"Abertura oficial do Giro Legislativo em Goi\u00e2nia","datePublished":"2021-07-28T15:48:23+00:00","mainEntityOfPage":{"@id":"https:\/\/uvbbrasil.com.br\/abertura-oficial-do-giro-legislativo-em-goiania\/"},"wordCount":203,"commentCount":0,"publisher":{"@id":"https:\/\/uvbbrasil.com.br\/#organization"},"image":{"@id":"https:\/\/uvbbrasil.com.br\/abertura-oficial-do-giro-legislativo-em-goiania\/#primaryimage"},"thumbnailUrl":"https:\/\/uvbbrasil.com.br\/wp-content\/uploads\/2021\/07\/WhatsApp-Image-2021-07-28-at-12.31.10.jpeg","articleSection":["NOT\u00cdCIAS","UVB"],"inLanguage":"pt-BR","potentialAction":[{"@type":"CommentAction","name":"Comment","target":["https:\/\/uvbbrasil.com.br\/abertura-oficial-do-giro-legislativo-em-goiania\/#respond"]}]},{"@type":"WebPage","@id":"https:\/\/uvbbrasil.com.br\/abertura-oficial-do-giro-legislativo-em-goiania\/","url":"https:\/\/uvbbrasil.com.br\/abertura-oficial-do-giro-legislativo-em-goiania\/","name":"Abertura oficial do Giro Legislativo em Goi\u00e2nia - UVB Brasil","isPartOf":{"@id":"https:\/\/uvbbrasil.com.br\/#website"},"primaryImageOfPage":{"@id":"https:\/\/uvbbrasil.com.br\/abertura-oficial-do-giro-legislativo-em-goiania\/#primaryimage"},"image":{"@id":"https:\/\/uvbbrasil.com.br\/abertura-oficial-do-giro-legislativo-em-goiania\/#primaryimage"},"thumbnailUrl":"https:\/\/uvbbrasil.com.br\/wp-content\/uploads\/2021\/07\/WhatsApp-Image-2021-07-28-at-12.31.10.jpeg","datePublished":"2021-07-28T15:48:23+00:00","breadcrumb":{"@id":"https:\/\/uvbbrasil.com.br\/abertura-oficial-do-giro-legislativo-em-goiania\/#breadcrumb"},"inLanguage":"pt-BR","potentialAction":[{"@type":"ReadAction","target":["https:\/\/uvbbrasil.com.br\/abertura-oficial-do-giro-legislativo-em-goiania\/"]}]},{"@type":"ImageObject","inLanguage":"pt-BR","@id":"https:\/\/uvbbrasil.com.br\/abertura-oficial-do-giro-legislativo-em-goiania\/#primaryimage","url":"https:\/\/uvbbrasil.com.br\/wp-content\/uploads\/2021\/07\/WhatsApp-Image-2021-07-28-at-12.31.10.jpeg","contentUrl":"https:\/\/uvbbrasil.com.br\/wp-content\/uploads\/2021\/07\/WhatsApp-Image-2021-07-28-at-12.31.10.jpeg","width":1600,"height":1200},{"@type":"BreadcrumbList","@id":"https:\/\/uvbbrasil.com.br\/abertura-oficial-do-giro-legislativo-em-goiania\/#breadcrumb","itemListElement":[{"@type":"ListItem","position":1,"name":"In\u00edcio","item":"https:\/\/uvbbrasil.com.br\/"},{"@type":"ListItem","position":2,"name":"Abertura oficial do Giro Legislativo em Goi\u00e2nia"}]},{"@type":"WebSite","@id":"https:\/\/uvbbrasil.com.br\/#website","url":"https:\/\/uvbbrasil.com.br\/","name":"UVB Brasil","description":"Uni\u00e3o dos Vereadores do Brasil","publisher":{"@id":"https:\/\/uvbbrasil.com.br\/#organization"},"potentialAction":[{"@type":"SearchAction","target":{"@type":"EntryPoint","urlTemplate":"https:\/\/uvbbrasil.com.br\/?s={search_term_string}"},"query-input":{"@type":"PropertyValueSpecification","valueRequired":true,"valueName":"search_term_string"}}],"inLanguage":"pt-BR"},{"@type":"Organization","@id":"https:\/\/uvbbrasil.com.br\/#organization","name":"UVB Brasil","url":"https:\/\/uvbbrasil.com.br\/","logo":{"@type":"ImageObject","inLanguage":"pt-BR","@id":"https:\/\/uvbbrasil.com.br\/#\/schema\/logo\/image\/","url":"https:\/\/uvbbrasil.com.br\/wp-content\/uploads\/2025\/01\/LOGO-UVB-2024-azul-1.jpg","contentUrl":"https:\/\/uvbbrasil.com.br\/wp-content\/uploads\/2025\/01\/LOGO-UVB-2024-azul-1.jpg","width":600,"height":211,"caption":"UVB Brasil"},"image":{"@id":"https:\/\/uvbbrasil.com.br\/#\/schema\/logo\/image\/"},"sameAs":["https:\/\/www.facebook.com\/uvb.vereadoresbrasil","https:\/\/www.instagram.com\/uvbbrasil\/","https:\/\/www.youtube.com\/channel\/UCIlPQ8Xzw5GHNzosQIg9S5A"]},{"@type":"Person","@id":"https:\/\/uvbbrasil.com.br\/#\/schema\/person\/17990098446c098f52effddff4f1b272","name":"adminuvb","image":{"@type":"ImageObject","inLanguage":"pt-BR","@id":"https:\/\/uvbbrasil.com.br\/#\/schema\/person\/image\/","url":"https:\/\/secure.gravatar.com\/avatar\/1a494ea6f8e2dd1ae526e55b0e9497efdba542491e0620d704cccf63c6f77c45?s=96&d=mm&r=g","contentUrl":"https:\/\/secure.gravatar.com\/avatar\/1a494ea6f8e2dd1ae526e55b0e9497efdba542491e0620d704cccf63c6f77c45?s=96&d=mm&r=g","caption":"adminuvb"},"sameAs":["https:\/\/uvbbrasil.com.br"],"url":"https:\/\/uvbbrasil.com.br\/author\/adminuvb\/"}]}},"_links":{"self":[{"href":"https:\/\/uvbbrasil.com.br\/uvb-json\/wp\/v2\/posts\/22960","targetHints":{"allow":["GET"]}}],"collection":[{"href":"https:\/\/uvbbrasil.com.br\/uvb-json\/wp\/v2\/posts"}],"about":[{"href":"https:\/\/uvbbrasil.com.br\/uvb-json\/wp\/v2\/types\/post"}],"author":[{"embeddable":true,"href":"https:\/\/uvbbrasil.com.br\/uvb-json\/wp\/v2\/users\/1"}],"replies":[{"embeddable":true,"href":"https:\/\/uvbbrasil.com.br\/uvb-json\/wp\/v2\/comments?post=22960"}],"version-history":[{"count":0,"href":"https:\/\/uvbbrasil.com.br\/uvb-json\/wp\/v2\/posts\/22960\/revisions"}],"wp:featuredmedia":[{"embeddable":true,"href":"https:\/\/uvbbrasil.com.br\/uvb-json\/wp\/v2\/media\/22965"}],"wp:attachment":[{"href":"https:\/\/uvbbrasil.com.br\/uvb-json\/wp\/v2\/media?parent=22960"}],"wp:term":[{"taxonomy":"category","embeddable":true,"href":"https:\/\/uvbbrasil.com.br\/uvb-json\/wp\/v2\/categories?post=22960"},{"taxonomy":"post_tag","embeddable":true,"href":"https:\/\/uvbbrasil.com.br\/uvb-json\/wp\/v2\/tags?post=22960"}],"curies":[{"name":"wp","href":"https:\/\/api.w.org\/{rel}","templated":true}]}}