{"id":22943,"date":"2021-07-26T08:55:22","date_gmt":"2021-07-26T11:55:22","guid":{"rendered":"https:\/\/wpsandbox4.pante.com.br\/?p=22943"},"modified":"2021-07-26T08:55:22","modified_gmt":"2021-07-26T11:55:22","slug":"goiania-recebe-vereadores-nesta-terca-feira-para-encontro-de-legislativos-municipais","status":"publish","type":"post","link":"https:\/\/uvbbrasil.com.br\/goiania-recebe-vereadores-nesta-terca-feira-para-encontro-de-legislativos-municipais\/","title":{"rendered":"Goi\u00e2nia recebe vereadores nesta ter\u00e7a-feira para Encontro de Legislativos Municipais"},"content":{"rendered":"\n<p><\/p>\n\n\n\n<p>A Uni\u00e3o dos Vereadores do Brasil\/UVB, em parceria com a Uni\u00e3o dos Vereadores do Estado de Goi\u00e1s\/UVEGO, realizaram de 27 a 30 de julho na Capital Goiana, o Giro Legislativo e Encontro Nacional de  Legislativos  Municipais, a realiza\u00e7\u00e3o do evento obedece todos os protocolos sanit\u00e1rios exigidos pela OMS e decretos do Governo do Estado de Goi\u00e1s.<\/p>\n\n\n\n<p>Com uma programa\u00e7\u00e3o repleta de temas de grande import\u00e2ncia para o mandato dos parlamentares, o encontro ser\u00e1 realizado no  Centro de Conven\u00e7\u00f5es de Goi\u00e2nia- endere\u00e7o: (Rua 04, N 1400, Setor Central de Goi\u00e2nia ) .<\/p>\n\n\n\n<p>Confira a baixo a programa\u00e7\u00e3o completa:<\/p>\n\n\n\n<p><strong>Dia 27\/07 \u2013 Ter\u00e7a-Feira<\/strong><\/p>\n\n\n\n<p>Das 15h as 18h \u2013 Credenciamento e entrega de Material<\/p>\n\n\n\n<p><strong>Dia 28\/07\u2013 Quarta-Feira<\/strong><\/p>\n\n\n\n<p>08h30- Solenidade de Abertura oficial<\/p>\n\n\n\n<p>09h30-Controle Externo e o Legislativo <\/p>\n\n\n\n<p>Joaquim Alves de Castro Neto \u2013 Conselheiro Presidente do TCMGO -Tribunal<br>de Contas dos Munic\u00edpios<\/p>\n\n\n\n<p>10h- O Minist\u00e9rio P\u00fablico de Contas e o Legislativo Municipal <\/p>\n\n\n\n<p>Jos\u00e9 Gustavo Athayde -Procurador-Geral do Minist\u00e9rio P\u00fablico de Contas do TCMGO.<\/p>\n\n\n\n<p>10h30- Defensoria P\u00fablica do Estado de Goi\u00e1s \u2013 A pol\u00edtica p\u00fablica de<br>acesso a justi\u00e7a<\/p>\n\n\n\n<p>Domilson Rabelo da Silva J\u00fanior &#8211; Defensor P\u00fablico Geral do Estado <\/p>\n\n\n\n<p>11h30-Intervalo para a almo\u00e7o<\/p>\n\n\n\n<p>13h30- Improbidade Administrativa: Uma An\u00e1lise Preventiva <\/p>\n\n\n\n<p>Tommaso Leonardi, Promotor de Justi\u00e7a, Ex-Delegado de Pol\u00edcia do Estado de Goi\u00e1s; p\u00f3s-graduado em direito anticorrup\u00e7\u00e3o e compliance.<\/p>\n\n\n\n<p>14h15\u2013 Planejamento Or\u00e7ament\u00e1rio e seus instrumentos<br>Rodrigo Zanzoni, Auditor de Controle Externo do TCMGO <\/p>\n\n\n\n<p>15h15\u2013 Processo Legislativo e Verean\u00e7a Digital <br>Lucas Kit\u00e3o \u2013 Vereador de Goi\u00e2nia e Advogado especialista em Direito P\u00fablico.<\/p>\n\n\n\n<p>16h- A Boa Pol\u00edtica e o Parlamento Municipal<\/p>\n\n\n\n<p>Gilson Conzatti, presidente da Uni\u00e3o dos Vereadores do Brasil\/UVB e vereador do munic\u00edpio de Ira\u00ed\/RS<\/p>\n\n\n\n<p>17h- Encerramento<\/p>\n\n\n\n<p><strong>Dia 29\/07 \u2013 Quinta-Feira<\/strong><\/p>\n\n\n\n<p>8h30- Pol\u00edticas P\u00fablicas em Sa\u00fade Mental \u2013 depress\u00e3o, drogas, suic\u00eddio \u2013<br>capacita\u00e7\u00e3o, preven\u00e7\u00e3o, tratamento. <\/p>\n\n\n\n<p>Mediador \u2013 Ricardo Oliveira \u2013 presidente UVEGO<br>Painelistas: Ana Maria Porto \u2013 psicopedagoga, Coordenadora de Promo\u00e7\u00e3o em Sa\u00fade Mental da Ger\u00eancia de Sa\u00fade Mental do Estado de Goi\u00e1s, <\/p>\n\n\n\n<p>Sherydan Luiza de Oliveira \u2013 Graduada em servi\u00e7o social e teologia, p\u00f3s graduada em pol\u00edticas p\u00fablicas sobre drogas e diretora da FEBRACT em Goi\u00e1s. <\/p>\n\n\n\n<p>Sonis Henrique Rezende Batista \u2013 advogado, especialista em terceiro setor e<br>pol\u00edticas p\u00fablicas, mestre em ci\u00eancias ambientais e sa\u00fade. Atualmente<br>Presidente da Associa\u00e7\u00e3o Goiana de Comunidades Terap\u00eauticas e Secret\u00e1rio<br>Geral da Federa\u00e7\u00e3o Brasileira de Comunidades Terap\u00eauticas.<\/p>\n\n\n\n<p>10h- Pandemia, A\u00e7\u00f5es Pol\u00edticas e Controle Social <\/p>\n\n\n\n<p>Dra. Cristina Lopes \u2013 Secret\u00e1ria Municipal de Direitos Humanos e Pol\u00edticas Afirmativas Munic\u00edpio Goi\u00e2nia<\/p>\n\n\n\n<p>10h30- PLID \u2013 Programa de Localiza\u00e7\u00e3o e Identifica\u00e7\u00e3o de Pessoas Desaparecidas<br>CAO Direitos Humanos Minist\u00e9rio P\u00fablico Goi\u00e1s<\/p>\n\n\n\n<p>11h- Como fazer um mandato inteligente e eficiente<br>Silvia Thaine \u2013 Advogada e Assessora Jur\u00eddica da UVEGO<\/p>\n\n\n\n<p>11h30 \u2013 Intervalo para Almo\u00e7o<\/p>\n\n\n\n<p>13h30- Pol\u00edticas P\u00fablicas em Defesa Animal<\/p>\n\n\n\n<p>Th\u00eds Sousa , vereadora de An\u00e1polis, ativista da causa animal e presidente e fundadora da Associa\u00e7\u00e3o protetora e amiga dos animais de An\u00e1polis.<\/p>\n\n\n\n<p>14h15-Ju\u00edza de Direito Patr\u00edcia Carijo \u2013 Presidente Associa\u00e7\u00e3o dos Magistrados do Estado de Goi\u00e1s\/ASMEGO<\/p>\n\n\n\n<p>15h- Subs\u00eddios dos Agentes Pol\u00edticos: sal\u00e1rios, f\u00e9rias, d\u00e9cimo terceiro, di\u00e1rias, verbas indenizat\u00f3rias<\/p>\n\n\n\n<p>Vin\u00edcius Nascimento Santos, Auditor de Controle Externo do TCM\/GO<\/p>\n\n\n\n<p>15h45- Media training , redes sociais e orat\u00f3ria<\/p>\n\n\n\n<p>16h30 Encerramento<\/p>\n\n\n\n<p><strong>Dia 30\/07- Sexta-Feira<\/strong><\/p>\n\n\n\n<p>8h30 \u00e0s 10h30- Reuni\u00e3o Deliberativa para Cria\u00e7\u00e3o das Diretorias Regionais e Comiss\u00f5es Comiss\u00e3o da Mulher,\u00a0 Comiss\u00e3o dos Direitos Humanos, Comiss\u00e3o da Defesa Animal e \u00a0Comiss\u00e3o da Juventude e cria\u00e7\u00e3o das presid\u00eancias regionais do Estado de Goi\u00e1s<\/p>\n\n\n\n<p>10h30- Leitura da Carta do Encontro<\/p>\n\n\n\n<p>11h \u2013 Solenidade de Encerramento<\/p>\n\n\n\n<p>*<strong>Programa\u00e7\u00e3o sujeita a altera\u00e7\u00f5es sem aviso pr\u00e9vio.<\/strong><\/p>\n\n\n\n<p>P\u00daBLICO ALVO: Vereadores (as), Diretores (as), Assessores (as) Servidores (as) de C\u00e2maras Municipais e demais interessados nas mat\u00e9rias apresentadas.<\/p>\n\n\n\n<p>A programa\u00e7\u00e3o atende as normas sanit\u00e1rias e decretos COVID-19.<\/p>\n\n\n\n<figure class=\"wp-block-image size-large\"><img fetchpriority=\"high\" decoding=\"async\" width=\"1024\" height=\"1024\" src=\"https:\/\/uvbbrasil.com.br\/wp-content\/uploads\/2021\/07\/WhatsApp-Image-2021-06-29-at-14.31.46-1-1024x1024-1.jpeg\" alt=\"\" class=\"wp-image-22944\" srcset=\"https:\/\/uvbbrasil.com.br\/wp-content\/uploads\/2021\/07\/WhatsApp-Image-2021-06-29-at-14.31.46-1-1024x1024-1.jpeg 1024w, https:\/\/uvbbrasil.com.br\/wp-content\/uploads\/2021\/07\/WhatsApp-Image-2021-06-29-at-14.31.46-1-1024x1024-1-300x300.jpeg 300w, https:\/\/uvbbrasil.com.br\/wp-content\/uploads\/2021\/07\/WhatsApp-Image-2021-06-29-at-14.31.46-1-1024x1024-1-150x150.jpeg 150w, https:\/\/uvbbrasil.com.br\/wp-content\/uploads\/2021\/07\/WhatsApp-Image-2021-06-29-at-14.31.46-1-1024x1024-1-768x768.jpeg 768w\" sizes=\"(max-width: 1024px) 100vw, 1024px\" \/><\/figure>\n\n\n\n<p><\/p>\n","protected":false},"excerpt":{"rendered":"<p>A Uni\u00e3o dos Vereadores do Brasil\/UVB, em parceria com a Uni\u00e3o dos Vereadores do Estado de Goi\u00e1s\/UVEGO, realizaram de 27&#8230;<\/p>\n","protected":false},"author":1,"featured_media":22944,"comment_status":"open","ping_status":"open","sticky":false,"template":"","format":"standard","meta":{"footnotes":""},"categories":[3,4],"tags":[],"class_list":["post-22943","post","type-post","status-publish","format-standard","has-post-thumbnail","hentry","category-noticias","category-home"],"yoast_head":"<!-- This site is optimized with the Yoast SEO plugin v26.7 - https:\/\/yoast.com\/wordpress\/plugins\/seo\/ -->\n<title>Goi\u00e2nia recebe vereadores nesta ter\u00e7a-feira para Encontro de Legislativos Municipais - UVB Brasil<\/title>\n<meta name=\"robots\" content=\"index, follow, max-snippet:-1, max-image-preview:large, max-video-preview:-1\" \/>\n<link rel=\"canonical\" href=\"https:\/\/uvbbrasil.com.br\/goiania-recebe-vereadores-nesta-terca-feira-para-encontro-de-legislativos-municipais\/\" \/>\n<meta property=\"og:locale\" content=\"pt_BR\" \/>\n<meta property=\"og:type\" content=\"article\" \/>\n<meta property=\"og:title\" content=\"Goi\u00e2nia recebe vereadores nesta ter\u00e7a-feira para Encontro de Legislativos Municipais - UVB Brasil\" \/>\n<meta property=\"og:description\" content=\"A Uni\u00e3o dos Vereadores do Brasil\/UVB, em parceria com a Uni\u00e3o dos Vereadores do Estado de Goi\u00e1s\/UVEGO, realizaram de 27...\" \/>\n<meta property=\"og:url\" content=\"https:\/\/uvbbrasil.com.br\/goiania-recebe-vereadores-nesta-terca-feira-para-encontro-de-legislativos-municipais\/\" \/>\n<meta property=\"og:site_name\" content=\"UVB Brasil\" \/>\n<meta property=\"article:publisher\" content=\"https:\/\/www.facebook.com\/uvb.vereadoresbrasil\" \/>\n<meta property=\"article:published_time\" content=\"2021-07-26T11:55:22+00:00\" \/>\n<meta property=\"og:image\" content=\"https:\/\/uvbbrasil.com.br\/wp-content\/uploads\/2021\/07\/WhatsApp-Image-2021-06-29-at-14.31.46-1-1024x1024-1.jpeg\" \/>\n\t<meta property=\"og:image:width\" content=\"1024\" \/>\n\t<meta property=\"og:image:height\" content=\"1024\" \/>\n\t<meta property=\"og:image:type\" content=\"image\/jpeg\" \/>\n<meta name=\"author\" content=\"adminuvb\" \/>\n<meta name=\"twitter:card\" content=\"summary_large_image\" \/>\n<meta name=\"twitter:label1\" content=\"Escrito por\" \/>\n\t<meta name=\"twitter:data1\" content=\"adminuvb\" \/>\n\t<meta name=\"twitter:label2\" content=\"Est. tempo de leitura\" \/>\n\t<meta name=\"twitter:data2\" content=\"3 minutos\" \/>\n<script type=\"application\/ld+json\" class=\"yoast-schema-graph\">{\"@context\":\"https:\/\/schema.org\",\"@graph\":[{\"@type\":\"Article\",\"@id\":\"https:\/\/uvbbrasil.com.br\/goiania-recebe-vereadores-nesta-terca-feira-para-encontro-de-legislativos-municipais\/#article\",\"isPartOf\":{\"@id\":\"https:\/\/uvbbrasil.com.br\/goiania-recebe-vereadores-nesta-terca-feira-para-encontro-de-legislativos-municipais\/\"},\"author\":{\"name\":\"adminuvb\",\"@id\":\"https:\/\/uvbbrasil.com.br\/#\/schema\/person\/17990098446c098f52effddff4f1b272\"},\"headline\":\"Goi\u00e2nia recebe vereadores nesta ter\u00e7a-feira para Encontro de Legislativos Municipais\",\"datePublished\":\"2021-07-26T11:55:22+00:00\",\"mainEntityOfPage\":{\"@id\":\"https:\/\/uvbbrasil.com.br\/goiania-recebe-vereadores-nesta-terca-feira-para-encontro-de-legislativos-municipais\/\"},\"wordCount\":705,\"commentCount\":0,\"publisher\":{\"@id\":\"https:\/\/uvbbrasil.com.br\/#organization\"},\"image\":{\"@id\":\"https:\/\/uvbbrasil.com.br\/goiania-recebe-vereadores-nesta-terca-feira-para-encontro-de-legislativos-municipais\/#primaryimage\"},\"thumbnailUrl\":\"https:\/\/uvbbrasil.com.br\/wp-content\/uploads\/2021\/07\/WhatsApp-Image-2021-06-29-at-14.31.46-1-1024x1024-1.jpeg\",\"articleSection\":[\"NOT\u00cdCIAS\",\"UVB\"],\"inLanguage\":\"pt-BR\",\"potentialAction\":[{\"@type\":\"CommentAction\",\"name\":\"Comment\",\"target\":[\"https:\/\/uvbbrasil.com.br\/goiania-recebe-vereadores-nesta-terca-feira-para-encontro-de-legislativos-municipais\/#respond\"]}]},{\"@type\":\"WebPage\",\"@id\":\"https:\/\/uvbbrasil.com.br\/goiania-recebe-vereadores-nesta-terca-feira-para-encontro-de-legislativos-municipais\/\",\"url\":\"https:\/\/uvbbrasil.com.br\/goiania-recebe-vereadores-nesta-terca-feira-para-encontro-de-legislativos-municipais\/\",\"name\":\"Goi\u00e2nia recebe vereadores nesta ter\u00e7a-feira para Encontro de Legislativos Municipais - UVB Brasil\",\"isPartOf\":{\"@id\":\"https:\/\/uvbbrasil.com.br\/#website\"},\"primaryImageOfPage\":{\"@id\":\"https:\/\/uvbbrasil.com.br\/goiania-recebe-vereadores-nesta-terca-feira-para-encontro-de-legislativos-municipais\/#primaryimage\"},\"image\":{\"@id\":\"https:\/\/uvbbrasil.com.br\/goiania-recebe-vereadores-nesta-terca-feira-para-encontro-de-legislativos-municipais\/#primaryimage\"},\"thumbnailUrl\":\"https:\/\/uvbbrasil.com.br\/wp-content\/uploads\/2021\/07\/WhatsApp-Image-2021-06-29-at-14.31.46-1-1024x1024-1.jpeg\",\"datePublished\":\"2021-07-26T11:55:22+00:00\",\"breadcrumb\":{\"@id\":\"https:\/\/uvbbrasil.com.br\/goiania-recebe-vereadores-nesta-terca-feira-para-encontro-de-legislativos-municipais\/#breadcrumb\"},\"inLanguage\":\"pt-BR\",\"potentialAction\":[{\"@type\":\"ReadAction\",\"target\":[\"https:\/\/uvbbrasil.com.br\/goiania-recebe-vereadores-nesta-terca-feira-para-encontro-de-legislativos-municipais\/\"]}]},{\"@type\":\"ImageObject\",\"inLanguage\":\"pt-BR\",\"@id\":\"https:\/\/uvbbrasil.com.br\/goiania-recebe-vereadores-nesta-terca-feira-para-encontro-de-legislativos-municipais\/#primaryimage\",\"url\":\"https:\/\/uvbbrasil.com.br\/wp-content\/uploads\/2021\/07\/WhatsApp-Image-2021-06-29-at-14.31.46-1-1024x1024-1.jpeg\",\"contentUrl\":\"https:\/\/uvbbrasil.com.br\/wp-content\/uploads\/2021\/07\/WhatsApp-Image-2021-06-29-at-14.31.46-1-1024x1024-1.jpeg\",\"width\":1024,\"height\":1024},{\"@type\":\"BreadcrumbList\",\"@id\":\"https:\/\/uvbbrasil.com.br\/goiania-recebe-vereadores-nesta-terca-feira-para-encontro-de-legislativos-municipais\/#breadcrumb\",\"itemListElement\":[{\"@type\":\"ListItem\",\"position\":1,\"name\":\"In\u00edcio\",\"item\":\"https:\/\/uvbbrasil.com.br\/\"},{\"@type\":\"ListItem\",\"position\":2,\"name\":\"Goi\u00e2nia recebe vereadores nesta ter\u00e7a-feira para Encontro de Legislativos Municipais\"}]},{\"@type\":\"WebSite\",\"@id\":\"https:\/\/uvbbrasil.com.br\/#website\",\"url\":\"https:\/\/uvbbrasil.com.br\/\",\"name\":\"UVB Brasil\",\"description\":\"Uni\u00e3o dos Vereadores do Brasil\",\"publisher\":{\"@id\":\"https:\/\/uvbbrasil.com.br\/#organization\"},\"potentialAction\":[{\"@type\":\"SearchAction\",\"target\":{\"@type\":\"EntryPoint\",\"urlTemplate\":\"https:\/\/uvbbrasil.com.br\/?s={search_term_string}\"},\"query-input\":{\"@type\":\"PropertyValueSpecification\",\"valueRequired\":true,\"valueName\":\"search_term_string\"}}],\"inLanguage\":\"pt-BR\"},{\"@type\":\"Organization\",\"@id\":\"https:\/\/uvbbrasil.com.br\/#organization\",\"name\":\"UVB Brasil\",\"url\":\"https:\/\/uvbbrasil.com.br\/\",\"logo\":{\"@type\":\"ImageObject\",\"inLanguage\":\"pt-BR\",\"@id\":\"https:\/\/uvbbrasil.com.br\/#\/schema\/logo\/image\/\",\"url\":\"https:\/\/uvbbrasil.com.br\/wp-content\/uploads\/2025\/01\/LOGO-UVB-2024-azul-1.jpg\",\"contentUrl\":\"https:\/\/uvbbrasil.com.br\/wp-content\/uploads\/2025\/01\/LOGO-UVB-2024-azul-1.jpg\",\"width\":600,\"height\":211,\"caption\":\"UVB Brasil\"},\"image\":{\"@id\":\"https:\/\/uvbbrasil.com.br\/#\/schema\/logo\/image\/\"},\"sameAs\":[\"https:\/\/www.facebook.com\/uvb.vereadoresbrasil\",\"https:\/\/www.instagram.com\/uvbbrasil\/\",\"https:\/\/www.youtube.com\/channel\/UCIlPQ8Xzw5GHNzosQIg9S5A\"]},{\"@type\":\"Person\",\"@id\":\"https:\/\/uvbbrasil.com.br\/#\/schema\/person\/17990098446c098f52effddff4f1b272\",\"name\":\"adminuvb\",\"image\":{\"@type\":\"ImageObject\",\"inLanguage\":\"pt-BR\",\"@id\":\"https:\/\/uvbbrasil.com.br\/#\/schema\/person\/image\/\",\"url\":\"https:\/\/secure.gravatar.com\/avatar\/1a494ea6f8e2dd1ae526e55b0e9497efdba542491e0620d704cccf63c6f77c45?s=96&d=mm&r=g\",\"contentUrl\":\"https:\/\/secure.gravatar.com\/avatar\/1a494ea6f8e2dd1ae526e55b0e9497efdba542491e0620d704cccf63c6f77c45?s=96&d=mm&r=g\",\"caption\":\"adminuvb\"},\"sameAs\":[\"https:\/\/uvbbrasil.com.br\"],\"url\":\"https:\/\/uvbbrasil.com.br\/author\/adminuvb\/\"}]}<\/script>\n<!-- \/ Yoast SEO plugin. -->","yoast_head_json":{"title":"Goi\u00e2nia recebe vereadores nesta ter\u00e7a-feira para Encontro de Legislativos Municipais - UVB Brasil","robots":{"index":"index","follow":"follow","max-snippet":"max-snippet:-1","max-image-preview":"max-image-preview:large","max-video-preview":"max-video-preview:-1"},"canonical":"https:\/\/uvbbrasil.com.br\/goiania-recebe-vereadores-nesta-terca-feira-para-encontro-de-legislativos-municipais\/","og_locale":"pt_BR","og_type":"article","og_title":"Goi\u00e2nia recebe vereadores nesta ter\u00e7a-feira para Encontro de Legislativos Municipais - UVB Brasil","og_description":"A Uni\u00e3o dos Vereadores do Brasil\/UVB, em parceria com a Uni\u00e3o dos Vereadores do Estado de Goi\u00e1s\/UVEGO, realizaram de 27...","og_url":"https:\/\/uvbbrasil.com.br\/goiania-recebe-vereadores-nesta-terca-feira-para-encontro-de-legislativos-municipais\/","og_site_name":"UVB Brasil","article_publisher":"https:\/\/www.facebook.com\/uvb.vereadoresbrasil","article_published_time":"2021-07-26T11:55:22+00:00","og_image":[{"width":1024,"height":1024,"url":"https:\/\/uvbbrasil.com.br\/wp-content\/uploads\/2021\/07\/WhatsApp-Image-2021-06-29-at-14.31.46-1-1024x1024-1.jpeg","type":"image\/jpeg"}],"author":"adminuvb","twitter_card":"summary_large_image","twitter_misc":{"Escrito por":"adminuvb","Est. tempo de leitura":"3 minutos"},"schema":{"@context":"https:\/\/schema.org","@graph":[{"@type":"Article","@id":"https:\/\/uvbbrasil.com.br\/goiania-recebe-vereadores-nesta-terca-feira-para-encontro-de-legislativos-municipais\/#article","isPartOf":{"@id":"https:\/\/uvbbrasil.com.br\/goiania-recebe-vereadores-nesta-terca-feira-para-encontro-de-legislativos-municipais\/"},"author":{"name":"adminuvb","@id":"https:\/\/uvbbrasil.com.br\/#\/schema\/person\/17990098446c098f52effddff4f1b272"},"headline":"Goi\u00e2nia recebe vereadores nesta ter\u00e7a-feira para Encontro de Legislativos Municipais","datePublished":"2021-07-26T11:55:22+00:00","mainEntityOfPage":{"@id":"https:\/\/uvbbrasil.com.br\/goiania-recebe-vereadores-nesta-terca-feira-para-encontro-de-legislativos-municipais\/"},"wordCount":705,"commentCount":0,"publisher":{"@id":"https:\/\/uvbbrasil.com.br\/#organization"},"image":{"@id":"https:\/\/uvbbrasil.com.br\/goiania-recebe-vereadores-nesta-terca-feira-para-encontro-de-legislativos-municipais\/#primaryimage"},"thumbnailUrl":"https:\/\/uvbbrasil.com.br\/wp-content\/uploads\/2021\/07\/WhatsApp-Image-2021-06-29-at-14.31.46-1-1024x1024-1.jpeg","articleSection":["NOT\u00cdCIAS","UVB"],"inLanguage":"pt-BR","potentialAction":[{"@type":"CommentAction","name":"Comment","target":["https:\/\/uvbbrasil.com.br\/goiania-recebe-vereadores-nesta-terca-feira-para-encontro-de-legislativos-municipais\/#respond"]}]},{"@type":"WebPage","@id":"https:\/\/uvbbrasil.com.br\/goiania-recebe-vereadores-nesta-terca-feira-para-encontro-de-legislativos-municipais\/","url":"https:\/\/uvbbrasil.com.br\/goiania-recebe-vereadores-nesta-terca-feira-para-encontro-de-legislativos-municipais\/","name":"Goi\u00e2nia recebe vereadores nesta ter\u00e7a-feira para Encontro de Legislativos Municipais - UVB Brasil","isPartOf":{"@id":"https:\/\/uvbbrasil.com.br\/#website"},"primaryImageOfPage":{"@id":"https:\/\/uvbbrasil.com.br\/goiania-recebe-vereadores-nesta-terca-feira-para-encontro-de-legislativos-municipais\/#primaryimage"},"image":{"@id":"https:\/\/uvbbrasil.com.br\/goiania-recebe-vereadores-nesta-terca-feira-para-encontro-de-legislativos-municipais\/#primaryimage"},"thumbnailUrl":"https:\/\/uvbbrasil.com.br\/wp-content\/uploads\/2021\/07\/WhatsApp-Image-2021-06-29-at-14.31.46-1-1024x1024-1.jpeg","datePublished":"2021-07-26T11:55:22+00:00","breadcrumb":{"@id":"https:\/\/uvbbrasil.com.br\/goiania-recebe-vereadores-nesta-terca-feira-para-encontro-de-legislativos-municipais\/#breadcrumb"},"inLanguage":"pt-BR","potentialAction":[{"@type":"ReadAction","target":["https:\/\/uvbbrasil.com.br\/goiania-recebe-vereadores-nesta-terca-feira-para-encontro-de-legislativos-municipais\/"]}]},{"@type":"ImageObject","inLanguage":"pt-BR","@id":"https:\/\/uvbbrasil.com.br\/goiania-recebe-vereadores-nesta-terca-feira-para-encontro-de-legislativos-municipais\/#primaryimage","url":"https:\/\/uvbbrasil.com.br\/wp-content\/uploads\/2021\/07\/WhatsApp-Image-2021-06-29-at-14.31.46-1-1024x1024-1.jpeg","contentUrl":"https:\/\/uvbbrasil.com.br\/wp-content\/uploads\/2021\/07\/WhatsApp-Image-2021-06-29-at-14.31.46-1-1024x1024-1.jpeg","width":1024,"height":1024},{"@type":"BreadcrumbList","@id":"https:\/\/uvbbrasil.com.br\/goiania-recebe-vereadores-nesta-terca-feira-para-encontro-de-legislativos-municipais\/#breadcrumb","itemListElement":[{"@type":"ListItem","position":1,"name":"In\u00edcio","item":"https:\/\/uvbbrasil.com.br\/"},{"@type":"ListItem","position":2,"name":"Goi\u00e2nia recebe vereadores nesta ter\u00e7a-feira para Encontro de Legislativos Municipais"}]},{"@type":"WebSite","@id":"https:\/\/uvbbrasil.com.br\/#website","url":"https:\/\/uvbbrasil.com.br\/","name":"UVB Brasil","description":"Uni\u00e3o dos Vereadores do Brasil","publisher":{"@id":"https:\/\/uvbbrasil.com.br\/#organization"},"potentialAction":[{"@type":"SearchAction","target":{"@type":"EntryPoint","urlTemplate":"https:\/\/uvbbrasil.com.br\/?s={search_term_string}"},"query-input":{"@type":"PropertyValueSpecification","valueRequired":true,"valueName":"search_term_string"}}],"inLanguage":"pt-BR"},{"@type":"Organization","@id":"https:\/\/uvbbrasil.com.br\/#organization","name":"UVB Brasil","url":"https:\/\/uvbbrasil.com.br\/","logo":{"@type":"ImageObject","inLanguage":"pt-BR","@id":"https:\/\/uvbbrasil.com.br\/#\/schema\/logo\/image\/","url":"https:\/\/uvbbrasil.com.br\/wp-content\/uploads\/2025\/01\/LOGO-UVB-2024-azul-1.jpg","contentUrl":"https:\/\/uvbbrasil.com.br\/wp-content\/uploads\/2025\/01\/LOGO-UVB-2024-azul-1.jpg","width":600,"height":211,"caption":"UVB Brasil"},"image":{"@id":"https:\/\/uvbbrasil.com.br\/#\/schema\/logo\/image\/"},"sameAs":["https:\/\/www.facebook.com\/uvb.vereadoresbrasil","https:\/\/www.instagram.com\/uvbbrasil\/","https:\/\/www.youtube.com\/channel\/UCIlPQ8Xzw5GHNzosQIg9S5A"]},{"@type":"Person","@id":"https:\/\/uvbbrasil.com.br\/#\/schema\/person\/17990098446c098f52effddff4f1b272","name":"adminuvb","image":{"@type":"ImageObject","inLanguage":"pt-BR","@id":"https:\/\/uvbbrasil.com.br\/#\/schema\/person\/image\/","url":"https:\/\/secure.gravatar.com\/avatar\/1a494ea6f8e2dd1ae526e55b0e9497efdba542491e0620d704cccf63c6f77c45?s=96&d=mm&r=g","contentUrl":"https:\/\/secure.gravatar.com\/avatar\/1a494ea6f8e2dd1ae526e55b0e9497efdba542491e0620d704cccf63c6f77c45?s=96&d=mm&r=g","caption":"adminuvb"},"sameAs":["https:\/\/uvbbrasil.com.br"],"url":"https:\/\/uvbbrasil.com.br\/author\/adminuvb\/"}]}},"_links":{"self":[{"href":"https:\/\/uvbbrasil.com.br\/uvb-json\/wp\/v2\/posts\/22943","targetHints":{"allow":["GET"]}}],"collection":[{"href":"https:\/\/uvbbrasil.com.br\/uvb-json\/wp\/v2\/posts"}],"about":[{"href":"https:\/\/uvbbrasil.com.br\/uvb-json\/wp\/v2\/types\/post"}],"author":[{"embeddable":true,"href":"https:\/\/uvbbrasil.com.br\/uvb-json\/wp\/v2\/users\/1"}],"replies":[{"embeddable":true,"href":"https:\/\/uvbbrasil.com.br\/uvb-json\/wp\/v2\/comments?post=22943"}],"version-history":[{"count":0,"href":"https:\/\/uvbbrasil.com.br\/uvb-json\/wp\/v2\/posts\/22943\/revisions"}],"wp:featuredmedia":[{"embeddable":true,"href":"https:\/\/uvbbrasil.com.br\/uvb-json\/wp\/v2\/media\/22944"}],"wp:attachment":[{"href":"https:\/\/uvbbrasil.com.br\/uvb-json\/wp\/v2\/media?parent=22943"}],"wp:term":[{"taxonomy":"category","embeddable":true,"href":"https:\/\/uvbbrasil.com.br\/uvb-json\/wp\/v2\/categories?post=22943"},{"taxonomy":"post_tag","embeddable":true,"href":"https:\/\/uvbbrasil.com.br\/uvb-json\/wp\/v2\/tags?post=22943"}],"curies":[{"name":"wp","href":"https:\/\/api.w.org\/{rel}","templated":true}]}}