{"id":22903,"date":"2021-07-21T16:23:35","date_gmt":"2021-07-21T19:23:35","guid":{"rendered":"https:\/\/wpsandbox4.pante.com.br\/?p=22903"},"modified":"2021-07-21T16:23:35","modified_gmt":"2021-07-21T19:23:35","slug":"presidente-da-uvb-confirma-agenda-em-igarassu-e-recife-pe","status":"publish","type":"post","link":"https:\/\/uvbbrasil.com.br\/presidente-da-uvb-confirma-agenda-em-igarassu-e-recife-pe\/","title":{"rendered":"Presidente da UVB confirma agenda em Igarassu e Recife\/PE"},"content":{"rendered":"\n<p>O Presidente da Uni\u00e3o dos Vereadores do Brasil\/UVB, Gilson Conzatti, estar\u00e1 em Igarassu\/PE, no dia 09 de agosto (segunda-feira) com um encontro da UVB, em parceria com a UVB Seccional Pernambuco,\u00a0que ser\u00e1 realizado na c\u00e2mara municipal de vereadores \u00a0de Igarassu\/PE.<\/p>\n\n\n\n<p>O encontro tem como objetivo  a troca de informa\u00e7\u00f5es  e experi\u00eancias em prol do fortalecimento do poder legislativo municipal, debater as quest\u00f5es municipais , estaduais e nacionais, ou seja, a integra\u00e7\u00e3o entre a UVB e os membros dos Legislativos municipais, a parceria entre c\u00e2mara municipal de Igarassu\u00a0se d\u00e1 por meio da presidente \u00c9rica Uch\u00f4a e seu esposo, o advogado Mario Junior, juntamente o presidente da seccional da UVB em Pernambuco, Dr. Edmilson Henauth\u00a0.<\/p>\n\n\n\n<p>\u00a0Gilson Conzatti, em seguimento ao giro pelo nordeste, que ir\u00e1 visitar algumas cidades com o intuito do fortalecimento do poder legislativo municipal e a divulga\u00e7\u00e3o da XX Marcha dos Legislativos Municipais que ser\u00e1 realizada em Bras\u00edlia de 24 a 27 de agosto, evento com vagas limitadas e respeitando os protocolos sanit\u00e1rios exigidos pela OMS e Governo do Distrito Federal\/GDF.<\/p>\n\n\n\n<p>Ap\u00f3s a reuni\u00e3o em Igarassu, Conzatti seguir\u00e1 para a C\u00e2mara Municipal do Recife onde far\u00e1 uma visita ao presidente Romero Jatob\u00e1 Canvanti e demais vereadores daquela casa legislativa.<\/p>\n\n\n\n<figure class=\"wp-block-image size-large\"><img fetchpriority=\"high\" decoding=\"async\" width=\"548\" height=\"548\" src=\"https:\/\/uvbbrasil.com.br\/wp-content\/uploads\/2021\/07\/essa.jpg\" alt=\"\" class=\"wp-image-22904\" srcset=\"https:\/\/uvbbrasil.com.br\/wp-content\/uploads\/2021\/07\/essa.jpg 548w, https:\/\/uvbbrasil.com.br\/wp-content\/uploads\/2021\/07\/essa-300x300.jpg 300w, https:\/\/uvbbrasil.com.br\/wp-content\/uploads\/2021\/07\/essa-150x150.jpg 150w\" sizes=\"(max-width: 548px) 100vw, 548px\" \/><\/figure>\n","protected":false},"excerpt":{"rendered":"<p>O Presidente da Uni\u00e3o dos Vereadores do Brasil\/UVB, Gilson Conzatti, estar\u00e1 em Igarassu\/PE, no dia 09 de agosto (segunda-feira) com&#8230;<\/p>\n","protected":false},"author":1,"featured_media":22904,"comment_status":"open","ping_status":"open","sticky":false,"template":"","format":"standard","meta":{"footnotes":""},"categories":[3,4],"tags":[],"class_list":["post-22903","post","type-post","status-publish","format-standard","has-post-thumbnail","hentry","category-noticias","category-home"],"yoast_head":"<!-- This site is optimized with the Yoast SEO plugin v26.7 - https:\/\/yoast.com\/wordpress\/plugins\/seo\/ -->\n<title>Presidente da UVB confirma agenda em Igarassu e Recife\/PE - UVB Brasil<\/title>\n<meta name=\"robots\" content=\"index, follow, max-snippet:-1, max-image-preview:large, max-video-preview:-1\" \/>\n<link rel=\"canonical\" href=\"https:\/\/uvbbrasil.com.br\/presidente-da-uvb-confirma-agenda-em-igarassu-e-recife-pe\/\" \/>\n<meta property=\"og:locale\" content=\"pt_BR\" \/>\n<meta property=\"og:type\" content=\"article\" \/>\n<meta property=\"og:title\" content=\"Presidente da UVB confirma agenda em Igarassu e Recife\/PE - UVB Brasil\" \/>\n<meta property=\"og:description\" content=\"O Presidente da Uni\u00e3o dos Vereadores do Brasil\/UVB, Gilson Conzatti, estar\u00e1 em Igarassu\/PE, no dia 09 de agosto (segunda-feira) com...\" \/>\n<meta property=\"og:url\" content=\"https:\/\/uvbbrasil.com.br\/presidente-da-uvb-confirma-agenda-em-igarassu-e-recife-pe\/\" \/>\n<meta property=\"og:site_name\" content=\"UVB Brasil\" \/>\n<meta property=\"article:publisher\" content=\"https:\/\/www.facebook.com\/uvb.vereadoresbrasil\" \/>\n<meta property=\"article:published_time\" content=\"2021-07-21T19:23:35+00:00\" \/>\n<meta property=\"og:image\" content=\"https:\/\/uvbbrasil.com.br\/wp-content\/uploads\/2021\/07\/essa.jpg\" \/>\n\t<meta property=\"og:image:width\" content=\"548\" \/>\n\t<meta property=\"og:image:height\" content=\"548\" \/>\n\t<meta property=\"og:image:type\" content=\"image\/jpeg\" \/>\n<meta name=\"author\" content=\"adminuvb\" \/>\n<meta name=\"twitter:card\" content=\"summary_large_image\" \/>\n<meta name=\"twitter:label1\" content=\"Escrito por\" \/>\n\t<meta name=\"twitter:data1\" content=\"adminuvb\" \/>\n\t<meta name=\"twitter:label2\" content=\"Est. tempo de leitura\" \/>\n\t<meta name=\"twitter:data2\" content=\"1 minuto\" \/>\n<script type=\"application\/ld+json\" class=\"yoast-schema-graph\">{\"@context\":\"https:\/\/schema.org\",\"@graph\":[{\"@type\":\"Article\",\"@id\":\"https:\/\/uvbbrasil.com.br\/presidente-da-uvb-confirma-agenda-em-igarassu-e-recife-pe\/#article\",\"isPartOf\":{\"@id\":\"https:\/\/uvbbrasil.com.br\/presidente-da-uvb-confirma-agenda-em-igarassu-e-recife-pe\/\"},\"author\":{\"name\":\"adminuvb\",\"@id\":\"https:\/\/uvbbrasil.com.br\/#\/schema\/person\/17990098446c098f52effddff4f1b272\"},\"headline\":\"Presidente da UVB confirma agenda em Igarassu e Recife\/PE\",\"datePublished\":\"2021-07-21T19:23:35+00:00\",\"mainEntityOfPage\":{\"@id\":\"https:\/\/uvbbrasil.com.br\/presidente-da-uvb-confirma-agenda-em-igarassu-e-recife-pe\/\"},\"wordCount\":226,\"commentCount\":0,\"publisher\":{\"@id\":\"https:\/\/uvbbrasil.com.br\/#organization\"},\"image\":{\"@id\":\"https:\/\/uvbbrasil.com.br\/presidente-da-uvb-confirma-agenda-em-igarassu-e-recife-pe\/#primaryimage\"},\"thumbnailUrl\":\"https:\/\/uvbbrasil.com.br\/wp-content\/uploads\/2021\/07\/essa.jpg\",\"articleSection\":[\"NOT\u00cdCIAS\",\"UVB\"],\"inLanguage\":\"pt-BR\",\"potentialAction\":[{\"@type\":\"CommentAction\",\"name\":\"Comment\",\"target\":[\"https:\/\/uvbbrasil.com.br\/presidente-da-uvb-confirma-agenda-em-igarassu-e-recife-pe\/#respond\"]}]},{\"@type\":\"WebPage\",\"@id\":\"https:\/\/uvbbrasil.com.br\/presidente-da-uvb-confirma-agenda-em-igarassu-e-recife-pe\/\",\"url\":\"https:\/\/uvbbrasil.com.br\/presidente-da-uvb-confirma-agenda-em-igarassu-e-recife-pe\/\",\"name\":\"Presidente da UVB confirma agenda em Igarassu e Recife\/PE - UVB Brasil\",\"isPartOf\":{\"@id\":\"https:\/\/uvbbrasil.com.br\/#website\"},\"primaryImageOfPage\":{\"@id\":\"https:\/\/uvbbrasil.com.br\/presidente-da-uvb-confirma-agenda-em-igarassu-e-recife-pe\/#primaryimage\"},\"image\":{\"@id\":\"https:\/\/uvbbrasil.com.br\/presidente-da-uvb-confirma-agenda-em-igarassu-e-recife-pe\/#primaryimage\"},\"thumbnailUrl\":\"https:\/\/uvbbrasil.com.br\/wp-content\/uploads\/2021\/07\/essa.jpg\",\"datePublished\":\"2021-07-21T19:23:35+00:00\",\"breadcrumb\":{\"@id\":\"https:\/\/uvbbrasil.com.br\/presidente-da-uvb-confirma-agenda-em-igarassu-e-recife-pe\/#breadcrumb\"},\"inLanguage\":\"pt-BR\",\"potentialAction\":[{\"@type\":\"ReadAction\",\"target\":[\"https:\/\/uvbbrasil.com.br\/presidente-da-uvb-confirma-agenda-em-igarassu-e-recife-pe\/\"]}]},{\"@type\":\"ImageObject\",\"inLanguage\":\"pt-BR\",\"@id\":\"https:\/\/uvbbrasil.com.br\/presidente-da-uvb-confirma-agenda-em-igarassu-e-recife-pe\/#primaryimage\",\"url\":\"https:\/\/uvbbrasil.com.br\/wp-content\/uploads\/2021\/07\/essa.jpg\",\"contentUrl\":\"https:\/\/uvbbrasil.com.br\/wp-content\/uploads\/2021\/07\/essa.jpg\",\"width\":548,\"height\":548},{\"@type\":\"BreadcrumbList\",\"@id\":\"https:\/\/uvbbrasil.com.br\/presidente-da-uvb-confirma-agenda-em-igarassu-e-recife-pe\/#breadcrumb\",\"itemListElement\":[{\"@type\":\"ListItem\",\"position\":1,\"name\":\"In\u00edcio\",\"item\":\"https:\/\/uvbbrasil.com.br\/\"},{\"@type\":\"ListItem\",\"position\":2,\"name\":\"Presidente da UVB confirma agenda em Igarassu e Recife\/PE\"}]},{\"@type\":\"WebSite\",\"@id\":\"https:\/\/uvbbrasil.com.br\/#website\",\"url\":\"https:\/\/uvbbrasil.com.br\/\",\"name\":\"UVB Brasil\",\"description\":\"Uni\u00e3o dos Vereadores do Brasil\",\"publisher\":{\"@id\":\"https:\/\/uvbbrasil.com.br\/#organization\"},\"potentialAction\":[{\"@type\":\"SearchAction\",\"target\":{\"@type\":\"EntryPoint\",\"urlTemplate\":\"https:\/\/uvbbrasil.com.br\/?s={search_term_string}\"},\"query-input\":{\"@type\":\"PropertyValueSpecification\",\"valueRequired\":true,\"valueName\":\"search_term_string\"}}],\"inLanguage\":\"pt-BR\"},{\"@type\":\"Organization\",\"@id\":\"https:\/\/uvbbrasil.com.br\/#organization\",\"name\":\"UVB Brasil\",\"url\":\"https:\/\/uvbbrasil.com.br\/\",\"logo\":{\"@type\":\"ImageObject\",\"inLanguage\":\"pt-BR\",\"@id\":\"https:\/\/uvbbrasil.com.br\/#\/schema\/logo\/image\/\",\"url\":\"https:\/\/uvbbrasil.com.br\/wp-content\/uploads\/2025\/01\/LOGO-UVB-2024-azul-1.jpg\",\"contentUrl\":\"https:\/\/uvbbrasil.com.br\/wp-content\/uploads\/2025\/01\/LOGO-UVB-2024-azul-1.jpg\",\"width\":600,\"height\":211,\"caption\":\"UVB Brasil\"},\"image\":{\"@id\":\"https:\/\/uvbbrasil.com.br\/#\/schema\/logo\/image\/\"},\"sameAs\":[\"https:\/\/www.facebook.com\/uvb.vereadoresbrasil\",\"https:\/\/www.instagram.com\/uvbbrasil\/\",\"https:\/\/www.youtube.com\/channel\/UCIlPQ8Xzw5GHNzosQIg9S5A\"]},{\"@type\":\"Person\",\"@id\":\"https:\/\/uvbbrasil.com.br\/#\/schema\/person\/17990098446c098f52effddff4f1b272\",\"name\":\"adminuvb\",\"image\":{\"@type\":\"ImageObject\",\"inLanguage\":\"pt-BR\",\"@id\":\"https:\/\/uvbbrasil.com.br\/#\/schema\/person\/image\/\",\"url\":\"https:\/\/secure.gravatar.com\/avatar\/1a494ea6f8e2dd1ae526e55b0e9497efdba542491e0620d704cccf63c6f77c45?s=96&d=mm&r=g\",\"contentUrl\":\"https:\/\/secure.gravatar.com\/avatar\/1a494ea6f8e2dd1ae526e55b0e9497efdba542491e0620d704cccf63c6f77c45?s=96&d=mm&r=g\",\"caption\":\"adminuvb\"},\"sameAs\":[\"https:\/\/uvbbrasil.com.br\"],\"url\":\"https:\/\/uvbbrasil.com.br\/author\/adminuvb\/\"}]}<\/script>\n<!-- \/ Yoast SEO plugin. -->","yoast_head_json":{"title":"Presidente da UVB confirma agenda em Igarassu e Recife\/PE - UVB Brasil","robots":{"index":"index","follow":"follow","max-snippet":"max-snippet:-1","max-image-preview":"max-image-preview:large","max-video-preview":"max-video-preview:-1"},"canonical":"https:\/\/uvbbrasil.com.br\/presidente-da-uvb-confirma-agenda-em-igarassu-e-recife-pe\/","og_locale":"pt_BR","og_type":"article","og_title":"Presidente da UVB confirma agenda em Igarassu e Recife\/PE - UVB Brasil","og_description":"O Presidente da Uni\u00e3o dos Vereadores do Brasil\/UVB, Gilson Conzatti, estar\u00e1 em Igarassu\/PE, no dia 09 de agosto (segunda-feira) com...","og_url":"https:\/\/uvbbrasil.com.br\/presidente-da-uvb-confirma-agenda-em-igarassu-e-recife-pe\/","og_site_name":"UVB Brasil","article_publisher":"https:\/\/www.facebook.com\/uvb.vereadoresbrasil","article_published_time":"2021-07-21T19:23:35+00:00","og_image":[{"width":548,"height":548,"url":"https:\/\/uvbbrasil.com.br\/wp-content\/uploads\/2021\/07\/essa.jpg","type":"image\/jpeg"}],"author":"adminuvb","twitter_card":"summary_large_image","twitter_misc":{"Escrito por":"adminuvb","Est. tempo de leitura":"1 minuto"},"schema":{"@context":"https:\/\/schema.org","@graph":[{"@type":"Article","@id":"https:\/\/uvbbrasil.com.br\/presidente-da-uvb-confirma-agenda-em-igarassu-e-recife-pe\/#article","isPartOf":{"@id":"https:\/\/uvbbrasil.com.br\/presidente-da-uvb-confirma-agenda-em-igarassu-e-recife-pe\/"},"author":{"name":"adminuvb","@id":"https:\/\/uvbbrasil.com.br\/#\/schema\/person\/17990098446c098f52effddff4f1b272"},"headline":"Presidente da UVB confirma agenda em Igarassu e Recife\/PE","datePublished":"2021-07-21T19:23:35+00:00","mainEntityOfPage":{"@id":"https:\/\/uvbbrasil.com.br\/presidente-da-uvb-confirma-agenda-em-igarassu-e-recife-pe\/"},"wordCount":226,"commentCount":0,"publisher":{"@id":"https:\/\/uvbbrasil.com.br\/#organization"},"image":{"@id":"https:\/\/uvbbrasil.com.br\/presidente-da-uvb-confirma-agenda-em-igarassu-e-recife-pe\/#primaryimage"},"thumbnailUrl":"https:\/\/uvbbrasil.com.br\/wp-content\/uploads\/2021\/07\/essa.jpg","articleSection":["NOT\u00cdCIAS","UVB"],"inLanguage":"pt-BR","potentialAction":[{"@type":"CommentAction","name":"Comment","target":["https:\/\/uvbbrasil.com.br\/presidente-da-uvb-confirma-agenda-em-igarassu-e-recife-pe\/#respond"]}]},{"@type":"WebPage","@id":"https:\/\/uvbbrasil.com.br\/presidente-da-uvb-confirma-agenda-em-igarassu-e-recife-pe\/","url":"https:\/\/uvbbrasil.com.br\/presidente-da-uvb-confirma-agenda-em-igarassu-e-recife-pe\/","name":"Presidente da UVB confirma agenda em Igarassu e Recife\/PE - UVB Brasil","isPartOf":{"@id":"https:\/\/uvbbrasil.com.br\/#website"},"primaryImageOfPage":{"@id":"https:\/\/uvbbrasil.com.br\/presidente-da-uvb-confirma-agenda-em-igarassu-e-recife-pe\/#primaryimage"},"image":{"@id":"https:\/\/uvbbrasil.com.br\/presidente-da-uvb-confirma-agenda-em-igarassu-e-recife-pe\/#primaryimage"},"thumbnailUrl":"https:\/\/uvbbrasil.com.br\/wp-content\/uploads\/2021\/07\/essa.jpg","datePublished":"2021-07-21T19:23:35+00:00","breadcrumb":{"@id":"https:\/\/uvbbrasil.com.br\/presidente-da-uvb-confirma-agenda-em-igarassu-e-recife-pe\/#breadcrumb"},"inLanguage":"pt-BR","potentialAction":[{"@type":"ReadAction","target":["https:\/\/uvbbrasil.com.br\/presidente-da-uvb-confirma-agenda-em-igarassu-e-recife-pe\/"]}]},{"@type":"ImageObject","inLanguage":"pt-BR","@id":"https:\/\/uvbbrasil.com.br\/presidente-da-uvb-confirma-agenda-em-igarassu-e-recife-pe\/#primaryimage","url":"https:\/\/uvbbrasil.com.br\/wp-content\/uploads\/2021\/07\/essa.jpg","contentUrl":"https:\/\/uvbbrasil.com.br\/wp-content\/uploads\/2021\/07\/essa.jpg","width":548,"height":548},{"@type":"BreadcrumbList","@id":"https:\/\/uvbbrasil.com.br\/presidente-da-uvb-confirma-agenda-em-igarassu-e-recife-pe\/#breadcrumb","itemListElement":[{"@type":"ListItem","position":1,"name":"In\u00edcio","item":"https:\/\/uvbbrasil.com.br\/"},{"@type":"ListItem","position":2,"name":"Presidente da UVB confirma agenda em Igarassu e Recife\/PE"}]},{"@type":"WebSite","@id":"https:\/\/uvbbrasil.com.br\/#website","url":"https:\/\/uvbbrasil.com.br\/","name":"UVB Brasil","description":"Uni\u00e3o dos Vereadores do Brasil","publisher":{"@id":"https:\/\/uvbbrasil.com.br\/#organization"},"potentialAction":[{"@type":"SearchAction","target":{"@type":"EntryPoint","urlTemplate":"https:\/\/uvbbrasil.com.br\/?s={search_term_string}"},"query-input":{"@type":"PropertyValueSpecification","valueRequired":true,"valueName":"search_term_string"}}],"inLanguage":"pt-BR"},{"@type":"Organization","@id":"https:\/\/uvbbrasil.com.br\/#organization","name":"UVB Brasil","url":"https:\/\/uvbbrasil.com.br\/","logo":{"@type":"ImageObject","inLanguage":"pt-BR","@id":"https:\/\/uvbbrasil.com.br\/#\/schema\/logo\/image\/","url":"https:\/\/uvbbrasil.com.br\/wp-content\/uploads\/2025\/01\/LOGO-UVB-2024-azul-1.jpg","contentUrl":"https:\/\/uvbbrasil.com.br\/wp-content\/uploads\/2025\/01\/LOGO-UVB-2024-azul-1.jpg","width":600,"height":211,"caption":"UVB Brasil"},"image":{"@id":"https:\/\/uvbbrasil.com.br\/#\/schema\/logo\/image\/"},"sameAs":["https:\/\/www.facebook.com\/uvb.vereadoresbrasil","https:\/\/www.instagram.com\/uvbbrasil\/","https:\/\/www.youtube.com\/channel\/UCIlPQ8Xzw5GHNzosQIg9S5A"]},{"@type":"Person","@id":"https:\/\/uvbbrasil.com.br\/#\/schema\/person\/17990098446c098f52effddff4f1b272","name":"adminuvb","image":{"@type":"ImageObject","inLanguage":"pt-BR","@id":"https:\/\/uvbbrasil.com.br\/#\/schema\/person\/image\/","url":"https:\/\/secure.gravatar.com\/avatar\/1a494ea6f8e2dd1ae526e55b0e9497efdba542491e0620d704cccf63c6f77c45?s=96&d=mm&r=g","contentUrl":"https:\/\/secure.gravatar.com\/avatar\/1a494ea6f8e2dd1ae526e55b0e9497efdba542491e0620d704cccf63c6f77c45?s=96&d=mm&r=g","caption":"adminuvb"},"sameAs":["https:\/\/uvbbrasil.com.br"],"url":"https:\/\/uvbbrasil.com.br\/author\/adminuvb\/"}]}},"_links":{"self":[{"href":"https:\/\/uvbbrasil.com.br\/uvb-json\/wp\/v2\/posts\/22903","targetHints":{"allow":["GET"]}}],"collection":[{"href":"https:\/\/uvbbrasil.com.br\/uvb-json\/wp\/v2\/posts"}],"about":[{"href":"https:\/\/uvbbrasil.com.br\/uvb-json\/wp\/v2\/types\/post"}],"author":[{"embeddable":true,"href":"https:\/\/uvbbrasil.com.br\/uvb-json\/wp\/v2\/users\/1"}],"replies":[{"embeddable":true,"href":"https:\/\/uvbbrasil.com.br\/uvb-json\/wp\/v2\/comments?post=22903"}],"version-history":[{"count":0,"href":"https:\/\/uvbbrasil.com.br\/uvb-json\/wp\/v2\/posts\/22903\/revisions"}],"wp:featuredmedia":[{"embeddable":true,"href":"https:\/\/uvbbrasil.com.br\/uvb-json\/wp\/v2\/media\/22904"}],"wp:attachment":[{"href":"https:\/\/uvbbrasil.com.br\/uvb-json\/wp\/v2\/media?parent=22903"}],"wp:term":[{"taxonomy":"category","embeddable":true,"href":"https:\/\/uvbbrasil.com.br\/uvb-json\/wp\/v2\/categories?post=22903"},{"taxonomy":"post_tag","embeddable":true,"href":"https:\/\/uvbbrasil.com.br\/uvb-json\/wp\/v2\/tags?post=22903"}],"curies":[{"name":"wp","href":"https:\/\/api.w.org\/{rel}","templated":true}]}}