{"id":22872,"date":"2021-07-19T10:50:04","date_gmt":"2021-07-19T13:50:04","guid":{"rendered":"https:\/\/wpsandbox4.pante.com.br\/?p=22872"},"modified":"2021-07-19T10:50:04","modified_gmt":"2021-07-19T13:50:04","slug":"na-assembleia-da-avevi-em-barra-velha-vereadores-recebem-orientacoes-dos-representantes-da-uvb","status":"publish","type":"post","link":"https:\/\/uvbbrasil.com.br\/na-assembleia-da-avevi-em-barra-velha-vereadores-recebem-orientacoes-dos-representantes-da-uvb\/","title":{"rendered":"Na Assembleia da Avevi em Barra Velha vereadores recebem orienta\u00e7\u00f5es dos representantes da UVB"},"content":{"rendered":"\n<p><br>A Associa\u00e7\u00e3o de C\u00e2maras e Vereadores do Vale do Itapocu \u2013 Avevi realizou assembleia com seus associados nesta sexta-feira (16) na C\u00e2mara de Vereadores de Barra Velha. Destaque para a presen\u00e7a do presidente da Uni\u00e3o dos Vereadores do Brasil &#8211; UVESC, Gilson Conzatti, vereador do munic\u00edpio de Ira\u00ed \u2013 RS. Ele fez elogios para a Avevi pelo trabalho que presta para seus associados, disse que \u00e9 uma entidade modelo para o pa\u00eds. Parabenizou as vereadoras da entidade por instituir o colegiado da mulher vereadora. Convidou a todos para participar da Marcha dos Legislativos Municipais que ser\u00e1 realizada de 24 a 27 de agosto. \u201cA marcha \u00e9 uma mobiliza\u00e7\u00e3o nacional promovida pela UVB pela defesa do municipalismo e pelo fortalecimento do Poder Legislativo Municipal brasileiro\u201d.<br>Questionado sobre alguns assuntos relevantes para a categoria, o presidente da UVB disse ser contr\u00e1rio a aprova\u00e7\u00e3o de mais recursos para o Fundo Eleitoral, segundo ele \u00e9 um volume muito alto (cerca de R$ 6 bilh\u00f5es). \u201cOs vereadores precisam lutar por um novo pacto federativo, e estes recursos, mais as emendas parlamentares, deveriam voltar para os munic\u00edpios neste novo pacto\u201d. Sobre a possibilidade de se implementar novas regras na lei eleitoral ele pediu para que os vereadores fiquem atentos e conversem com seus representantes no congresso nacional. Para ele n\u00e3o existe a nova e nem a velha pol\u00edtica, o vereador pratica a boa pol\u00edtica.<br>O Dr. Andr\u00e9 Castro Camillo, Advogado e Consultor Jur\u00eddico da UVB, tamb\u00e9m tirou algumas dividas dos vereadores. Para ele o importante \u00e9 que todos que est\u00e3o nesta nova legislatura se profissionalizem para o exerc\u00edcio do mandado. Ele destacou que \u00e9 preciso agora estarem atentos as pe\u00e7as or\u00e7ament\u00e1rias, a come\u00e7ar pelo PPA &#8211; Plano Plurianual que dever\u00e3o ser avaliados em muitas c\u00e2maras at\u00e9 o m\u00eas de agosto. Disse que o vereador precisa colocar neste plano suas propostas de campanha. Questionado sobre os projetos que s\u00e3o rejeitados pelo executivo porque oneram a prefeitura, disse que os vereadores podem sim apresentar estes projetos, desde que atendam a constitui\u00e7\u00e3o federal.<br>O presidente da Avevi, vereador de Corup\u00e1, Lairton Muller, fez uma avalia\u00e7\u00e3o muito positiva da assembleia. \u201cOs vereadores aproveitaram a presen\u00e7a dos integrantes da UVB, receberam muitas orienta\u00e7\u00f5es que estar\u00e3o colocando em pr\u00e1tica agora nos seus mandatos\u201d. O presidente aproveitou o encontro para entregar um resumo das atividades desenvolvidas pela entidade no primeiro semestre do ano. O presidente fez a entrega das carteirinhas de associados. Nesta carteirinha constam alguns dados pessoais e v\u00e3o servir de identifica\u00e7\u00e3o do parlamentar.<br>O presidente da C\u00e2mara de Barra Velha Claudionir Arbigaus ao receber os representantes da UVB, entregou uma revista que mostra o potencial tur\u00edstico e econ\u00f4mico do munic\u00edpio. Ele provocou tamb\u00e9m um debate entre os vereadores sobre a Emenda Parlamentar Or\u00e7ament\u00e1ria Impositiva. Barra Velha j\u00e1 apresentou a proposta de Emenda \u00e0 Lei Org\u00e2nica Municipal, as demais c\u00e2maras estar\u00e3o avaliando o encaminhamento desta proposta. Ficou feliz em poder ter realizado a assembleia em Barra Velha e poder retornar a Avevi.<\/p>\n\n\n\n<figure class=\"wp-block-image size-large\"><img fetchpriority=\"high\" decoding=\"async\" width=\"1024\" height=\"484\" src=\"https:\/\/uvbbrasil.com.br\/wp-content\/uploads\/2021\/07\/WhatsApp-Image-2021-07-16-at-19.53.22-2-1024x484.jpeg\" alt=\"\" class=\"wp-image-22873\" srcset=\"https:\/\/uvbbrasil.com.br\/wp-content\/uploads\/2021\/07\/WhatsApp-Image-2021-07-16-at-19.53.22-2-1024x484.jpeg 1024w, https:\/\/uvbbrasil.com.br\/wp-content\/uploads\/2021\/07\/WhatsApp-Image-2021-07-16-at-19.53.22-2-300x142.jpeg 300w, https:\/\/uvbbrasil.com.br\/wp-content\/uploads\/2021\/07\/WhatsApp-Image-2021-07-16-at-19.53.22-2-768x363.jpeg 768w, https:\/\/uvbbrasil.com.br\/wp-content\/uploads\/2021\/07\/WhatsApp-Image-2021-07-16-at-19.53.22-2.jpeg 1280w\" sizes=\"(max-width: 1024px) 100vw, 1024px\" \/><\/figure>\n\n\n\n<figure class=\"wp-block-image size-large\"><img decoding=\"async\" width=\"1024\" height=\"472\" src=\"https:\/\/uvbbrasil.com.br\/wp-content\/uploads\/2021\/07\/avevi-1-1024x472.jpeg\" alt=\"\" class=\"wp-image-22876\" srcset=\"https:\/\/uvbbrasil.com.br\/wp-content\/uploads\/2021\/07\/avevi-1-1024x472.jpeg 1024w, https:\/\/uvbbrasil.com.br\/wp-content\/uploads\/2021\/07\/avevi-1-300x138.jpeg 300w, https:\/\/uvbbrasil.com.br\/wp-content\/uploads\/2021\/07\/avevi-1-768x354.jpeg 768w, https:\/\/uvbbrasil.com.br\/wp-content\/uploads\/2021\/07\/avevi-1-1536x708.jpeg 1536w, https:\/\/uvbbrasil.com.br\/wp-content\/uploads\/2021\/07\/avevi-1.jpeg 1600w\" sizes=\"(max-width: 1024px) 100vw, 1024px\" \/><\/figure>\n\n\n\n<figure class=\"wp-block-image size-large\"><img decoding=\"async\" width=\"927\" height=\"927\" src=\"https:\/\/uvbbrasil.com.br\/wp-content\/uploads\/2021\/07\/WhatsApp-Image-2021-07-16-at-19.52.55-2.jpeg\" alt=\"\" class=\"wp-image-22879\" srcset=\"https:\/\/uvbbrasil.com.br\/wp-content\/uploads\/2021\/07\/WhatsApp-Image-2021-07-16-at-19.52.55-2.jpeg 927w, https:\/\/uvbbrasil.com.br\/wp-content\/uploads\/2021\/07\/WhatsApp-Image-2021-07-16-at-19.52.55-2-300x300.jpeg 300w, https:\/\/uvbbrasil.com.br\/wp-content\/uploads\/2021\/07\/WhatsApp-Image-2021-07-16-at-19.52.55-2-150x150.jpeg 150w, https:\/\/uvbbrasil.com.br\/wp-content\/uploads\/2021\/07\/WhatsApp-Image-2021-07-16-at-19.52.55-2-768x768.jpeg 768w\" sizes=\"(max-width: 927px) 100vw, 927px\" \/><\/figure>\n","protected":false},"excerpt":{"rendered":"<p>A Associa\u00e7\u00e3o de C\u00e2maras e Vereadores do Vale do Itapocu \u2013 Avevi realizou assembleia com seus associados nesta sexta-feira (16)&#8230;<\/p>\n","protected":false},"author":1,"featured_media":22878,"comment_status":"open","ping_status":"open","sticky":false,"template":"","format":"standard","meta":{"footnotes":""},"categories":[3,4],"tags":[],"class_list":["post-22872","post","type-post","status-publish","format-standard","has-post-thumbnail","hentry","category-noticias","category-home"],"yoast_head":"<!-- This site is optimized with the Yoast SEO plugin v26.7 - https:\/\/yoast.com\/wordpress\/plugins\/seo\/ -->\n<title>Na Assembleia da Avevi em Barra Velha vereadores recebem orienta\u00e7\u00f5es dos representantes da UVB - UVB Brasil<\/title>\n<meta name=\"robots\" content=\"index, follow, max-snippet:-1, max-image-preview:large, max-video-preview:-1\" \/>\n<link rel=\"canonical\" href=\"https:\/\/uvbbrasil.com.br\/na-assembleia-da-avevi-em-barra-velha-vereadores-recebem-orientacoes-dos-representantes-da-uvb\/\" \/>\n<meta property=\"og:locale\" content=\"pt_BR\" \/>\n<meta property=\"og:type\" content=\"article\" \/>\n<meta property=\"og:title\" content=\"Na Assembleia da Avevi em Barra Velha vereadores recebem orienta\u00e7\u00f5es dos representantes da UVB - UVB Brasil\" \/>\n<meta property=\"og:description\" content=\"A Associa\u00e7\u00e3o de C\u00e2maras e Vereadores do Vale do Itapocu \u2013 Avevi realizou assembleia com seus associados nesta sexta-feira (16)...\" \/>\n<meta property=\"og:url\" content=\"https:\/\/uvbbrasil.com.br\/na-assembleia-da-avevi-em-barra-velha-vereadores-recebem-orientacoes-dos-representantes-da-uvb\/\" \/>\n<meta property=\"og:site_name\" content=\"UVB Brasil\" \/>\n<meta property=\"article:publisher\" content=\"https:\/\/www.facebook.com\/uvb.vereadoresbrasil\" \/>\n<meta property=\"article:published_time\" content=\"2021-07-19T13:50:04+00:00\" \/>\n<meta property=\"og:image\" content=\"https:\/\/uvbbrasil.com.br\/wp-content\/uploads\/2021\/07\/WhatsApp-Image-2021-07-16-at-19.52.47-3.jpeg\" \/>\n\t<meta property=\"og:image:width\" content=\"1600\" \/>\n\t<meta property=\"og:image:height\" content=\"737\" \/>\n\t<meta property=\"og:image:type\" content=\"image\/jpeg\" \/>\n<meta name=\"author\" content=\"adminuvb\" \/>\n<meta name=\"twitter:card\" content=\"summary_large_image\" \/>\n<meta name=\"twitter:label1\" content=\"Escrito por\" \/>\n\t<meta name=\"twitter:data1\" content=\"adminuvb\" \/>\n\t<meta name=\"twitter:label2\" content=\"Est. tempo de leitura\" \/>\n\t<meta name=\"twitter:data2\" content=\"3 minutos\" \/>\n<script type=\"application\/ld+json\" class=\"yoast-schema-graph\">{\"@context\":\"https:\/\/schema.org\",\"@graph\":[{\"@type\":\"Article\",\"@id\":\"https:\/\/uvbbrasil.com.br\/na-assembleia-da-avevi-em-barra-velha-vereadores-recebem-orientacoes-dos-representantes-da-uvb\/#article\",\"isPartOf\":{\"@id\":\"https:\/\/uvbbrasil.com.br\/na-assembleia-da-avevi-em-barra-velha-vereadores-recebem-orientacoes-dos-representantes-da-uvb\/\"},\"author\":{\"name\":\"adminuvb\",\"@id\":\"https:\/\/uvbbrasil.com.br\/#\/schema\/person\/17990098446c098f52effddff4f1b272\"},\"headline\":\"Na Assembleia da Avevi em Barra Velha vereadores recebem orienta\u00e7\u00f5es dos representantes da UVB\",\"datePublished\":\"2021-07-19T13:50:04+00:00\",\"mainEntityOfPage\":{\"@id\":\"https:\/\/uvbbrasil.com.br\/na-assembleia-da-avevi-em-barra-velha-vereadores-recebem-orientacoes-dos-representantes-da-uvb\/\"},\"wordCount\":538,\"commentCount\":0,\"publisher\":{\"@id\":\"https:\/\/uvbbrasil.com.br\/#organization\"},\"image\":{\"@id\":\"https:\/\/uvbbrasil.com.br\/na-assembleia-da-avevi-em-barra-velha-vereadores-recebem-orientacoes-dos-representantes-da-uvb\/#primaryimage\"},\"thumbnailUrl\":\"https:\/\/uvbbrasil.com.br\/wp-content\/uploads\/2021\/07\/WhatsApp-Image-2021-07-16-at-19.52.47-3.jpeg\",\"articleSection\":[\"NOT\u00cdCIAS\",\"UVB\"],\"inLanguage\":\"pt-BR\",\"potentialAction\":[{\"@type\":\"CommentAction\",\"name\":\"Comment\",\"target\":[\"https:\/\/uvbbrasil.com.br\/na-assembleia-da-avevi-em-barra-velha-vereadores-recebem-orientacoes-dos-representantes-da-uvb\/#respond\"]}]},{\"@type\":\"WebPage\",\"@id\":\"https:\/\/uvbbrasil.com.br\/na-assembleia-da-avevi-em-barra-velha-vereadores-recebem-orientacoes-dos-representantes-da-uvb\/\",\"url\":\"https:\/\/uvbbrasil.com.br\/na-assembleia-da-avevi-em-barra-velha-vereadores-recebem-orientacoes-dos-representantes-da-uvb\/\",\"name\":\"Na Assembleia da Avevi em Barra Velha vereadores recebem orienta\u00e7\u00f5es dos representantes da UVB - UVB Brasil\",\"isPartOf\":{\"@id\":\"https:\/\/uvbbrasil.com.br\/#website\"},\"primaryImageOfPage\":{\"@id\":\"https:\/\/uvbbrasil.com.br\/na-assembleia-da-avevi-em-barra-velha-vereadores-recebem-orientacoes-dos-representantes-da-uvb\/#primaryimage\"},\"image\":{\"@id\":\"https:\/\/uvbbrasil.com.br\/na-assembleia-da-avevi-em-barra-velha-vereadores-recebem-orientacoes-dos-representantes-da-uvb\/#primaryimage\"},\"thumbnailUrl\":\"https:\/\/uvbbrasil.com.br\/wp-content\/uploads\/2021\/07\/WhatsApp-Image-2021-07-16-at-19.52.47-3.jpeg\",\"datePublished\":\"2021-07-19T13:50:04+00:00\",\"breadcrumb\":{\"@id\":\"https:\/\/uvbbrasil.com.br\/na-assembleia-da-avevi-em-barra-velha-vereadores-recebem-orientacoes-dos-representantes-da-uvb\/#breadcrumb\"},\"inLanguage\":\"pt-BR\",\"potentialAction\":[{\"@type\":\"ReadAction\",\"target\":[\"https:\/\/uvbbrasil.com.br\/na-assembleia-da-avevi-em-barra-velha-vereadores-recebem-orientacoes-dos-representantes-da-uvb\/\"]}]},{\"@type\":\"ImageObject\",\"inLanguage\":\"pt-BR\",\"@id\":\"https:\/\/uvbbrasil.com.br\/na-assembleia-da-avevi-em-barra-velha-vereadores-recebem-orientacoes-dos-representantes-da-uvb\/#primaryimage\",\"url\":\"https:\/\/uvbbrasil.com.br\/wp-content\/uploads\/2021\/07\/WhatsApp-Image-2021-07-16-at-19.52.47-3.jpeg\",\"contentUrl\":\"https:\/\/uvbbrasil.com.br\/wp-content\/uploads\/2021\/07\/WhatsApp-Image-2021-07-16-at-19.52.47-3.jpeg\",\"width\":1600,\"height\":737},{\"@type\":\"BreadcrumbList\",\"@id\":\"https:\/\/uvbbrasil.com.br\/na-assembleia-da-avevi-em-barra-velha-vereadores-recebem-orientacoes-dos-representantes-da-uvb\/#breadcrumb\",\"itemListElement\":[{\"@type\":\"ListItem\",\"position\":1,\"name\":\"In\u00edcio\",\"item\":\"https:\/\/uvbbrasil.com.br\/\"},{\"@type\":\"ListItem\",\"position\":2,\"name\":\"Na Assembleia da Avevi em Barra Velha vereadores recebem orienta\u00e7\u00f5es dos representantes da UVB\"}]},{\"@type\":\"WebSite\",\"@id\":\"https:\/\/uvbbrasil.com.br\/#website\",\"url\":\"https:\/\/uvbbrasil.com.br\/\",\"name\":\"UVB Brasil\",\"description\":\"Uni\u00e3o dos Vereadores do Brasil\",\"publisher\":{\"@id\":\"https:\/\/uvbbrasil.com.br\/#organization\"},\"potentialAction\":[{\"@type\":\"SearchAction\",\"target\":{\"@type\":\"EntryPoint\",\"urlTemplate\":\"https:\/\/uvbbrasil.com.br\/?s={search_term_string}\"},\"query-input\":{\"@type\":\"PropertyValueSpecification\",\"valueRequired\":true,\"valueName\":\"search_term_string\"}}],\"inLanguage\":\"pt-BR\"},{\"@type\":\"Organization\",\"@id\":\"https:\/\/uvbbrasil.com.br\/#organization\",\"name\":\"UVB Brasil\",\"url\":\"https:\/\/uvbbrasil.com.br\/\",\"logo\":{\"@type\":\"ImageObject\",\"inLanguage\":\"pt-BR\",\"@id\":\"https:\/\/uvbbrasil.com.br\/#\/schema\/logo\/image\/\",\"url\":\"https:\/\/uvbbrasil.com.br\/wp-content\/uploads\/2025\/01\/LOGO-UVB-2024-azul-1.jpg\",\"contentUrl\":\"https:\/\/uvbbrasil.com.br\/wp-content\/uploads\/2025\/01\/LOGO-UVB-2024-azul-1.jpg\",\"width\":600,\"height\":211,\"caption\":\"UVB Brasil\"},\"image\":{\"@id\":\"https:\/\/uvbbrasil.com.br\/#\/schema\/logo\/image\/\"},\"sameAs\":[\"https:\/\/www.facebook.com\/uvb.vereadoresbrasil\",\"https:\/\/www.instagram.com\/uvbbrasil\/\",\"https:\/\/www.youtube.com\/channel\/UCIlPQ8Xzw5GHNzosQIg9S5A\"]},{\"@type\":\"Person\",\"@id\":\"https:\/\/uvbbrasil.com.br\/#\/schema\/person\/17990098446c098f52effddff4f1b272\",\"name\":\"adminuvb\",\"image\":{\"@type\":\"ImageObject\",\"inLanguage\":\"pt-BR\",\"@id\":\"https:\/\/uvbbrasil.com.br\/#\/schema\/person\/image\/\",\"url\":\"https:\/\/secure.gravatar.com\/avatar\/1a494ea6f8e2dd1ae526e55b0e9497efdba542491e0620d704cccf63c6f77c45?s=96&d=mm&r=g\",\"contentUrl\":\"https:\/\/secure.gravatar.com\/avatar\/1a494ea6f8e2dd1ae526e55b0e9497efdba542491e0620d704cccf63c6f77c45?s=96&d=mm&r=g\",\"caption\":\"adminuvb\"},\"sameAs\":[\"https:\/\/uvbbrasil.com.br\"],\"url\":\"https:\/\/uvbbrasil.com.br\/author\/adminuvb\/\"}]}<\/script>\n<!-- \/ Yoast SEO plugin. -->","yoast_head_json":{"title":"Na Assembleia da Avevi em Barra Velha vereadores recebem orienta\u00e7\u00f5es dos representantes da UVB - UVB Brasil","robots":{"index":"index","follow":"follow","max-snippet":"max-snippet:-1","max-image-preview":"max-image-preview:large","max-video-preview":"max-video-preview:-1"},"canonical":"https:\/\/uvbbrasil.com.br\/na-assembleia-da-avevi-em-barra-velha-vereadores-recebem-orientacoes-dos-representantes-da-uvb\/","og_locale":"pt_BR","og_type":"article","og_title":"Na Assembleia da Avevi em Barra Velha vereadores recebem orienta\u00e7\u00f5es dos representantes da UVB - UVB Brasil","og_description":"A Associa\u00e7\u00e3o de C\u00e2maras e Vereadores do Vale do Itapocu \u2013 Avevi realizou assembleia com seus associados nesta sexta-feira (16)...","og_url":"https:\/\/uvbbrasil.com.br\/na-assembleia-da-avevi-em-barra-velha-vereadores-recebem-orientacoes-dos-representantes-da-uvb\/","og_site_name":"UVB Brasil","article_publisher":"https:\/\/www.facebook.com\/uvb.vereadoresbrasil","article_published_time":"2021-07-19T13:50:04+00:00","og_image":[{"width":1600,"height":737,"url":"https:\/\/uvbbrasil.com.br\/wp-content\/uploads\/2021\/07\/WhatsApp-Image-2021-07-16-at-19.52.47-3.jpeg","type":"image\/jpeg"}],"author":"adminuvb","twitter_card":"summary_large_image","twitter_misc":{"Escrito por":"adminuvb","Est. tempo de leitura":"3 minutos"},"schema":{"@context":"https:\/\/schema.org","@graph":[{"@type":"Article","@id":"https:\/\/uvbbrasil.com.br\/na-assembleia-da-avevi-em-barra-velha-vereadores-recebem-orientacoes-dos-representantes-da-uvb\/#article","isPartOf":{"@id":"https:\/\/uvbbrasil.com.br\/na-assembleia-da-avevi-em-barra-velha-vereadores-recebem-orientacoes-dos-representantes-da-uvb\/"},"author":{"name":"adminuvb","@id":"https:\/\/uvbbrasil.com.br\/#\/schema\/person\/17990098446c098f52effddff4f1b272"},"headline":"Na Assembleia da Avevi em Barra Velha vereadores recebem orienta\u00e7\u00f5es dos representantes da UVB","datePublished":"2021-07-19T13:50:04+00:00","mainEntityOfPage":{"@id":"https:\/\/uvbbrasil.com.br\/na-assembleia-da-avevi-em-barra-velha-vereadores-recebem-orientacoes-dos-representantes-da-uvb\/"},"wordCount":538,"commentCount":0,"publisher":{"@id":"https:\/\/uvbbrasil.com.br\/#organization"},"image":{"@id":"https:\/\/uvbbrasil.com.br\/na-assembleia-da-avevi-em-barra-velha-vereadores-recebem-orientacoes-dos-representantes-da-uvb\/#primaryimage"},"thumbnailUrl":"https:\/\/uvbbrasil.com.br\/wp-content\/uploads\/2021\/07\/WhatsApp-Image-2021-07-16-at-19.52.47-3.jpeg","articleSection":["NOT\u00cdCIAS","UVB"],"inLanguage":"pt-BR","potentialAction":[{"@type":"CommentAction","name":"Comment","target":["https:\/\/uvbbrasil.com.br\/na-assembleia-da-avevi-em-barra-velha-vereadores-recebem-orientacoes-dos-representantes-da-uvb\/#respond"]}]},{"@type":"WebPage","@id":"https:\/\/uvbbrasil.com.br\/na-assembleia-da-avevi-em-barra-velha-vereadores-recebem-orientacoes-dos-representantes-da-uvb\/","url":"https:\/\/uvbbrasil.com.br\/na-assembleia-da-avevi-em-barra-velha-vereadores-recebem-orientacoes-dos-representantes-da-uvb\/","name":"Na Assembleia da Avevi em Barra Velha vereadores recebem orienta\u00e7\u00f5es dos representantes da UVB - UVB Brasil","isPartOf":{"@id":"https:\/\/uvbbrasil.com.br\/#website"},"primaryImageOfPage":{"@id":"https:\/\/uvbbrasil.com.br\/na-assembleia-da-avevi-em-barra-velha-vereadores-recebem-orientacoes-dos-representantes-da-uvb\/#primaryimage"},"image":{"@id":"https:\/\/uvbbrasil.com.br\/na-assembleia-da-avevi-em-barra-velha-vereadores-recebem-orientacoes-dos-representantes-da-uvb\/#primaryimage"},"thumbnailUrl":"https:\/\/uvbbrasil.com.br\/wp-content\/uploads\/2021\/07\/WhatsApp-Image-2021-07-16-at-19.52.47-3.jpeg","datePublished":"2021-07-19T13:50:04+00:00","breadcrumb":{"@id":"https:\/\/uvbbrasil.com.br\/na-assembleia-da-avevi-em-barra-velha-vereadores-recebem-orientacoes-dos-representantes-da-uvb\/#breadcrumb"},"inLanguage":"pt-BR","potentialAction":[{"@type":"ReadAction","target":["https:\/\/uvbbrasil.com.br\/na-assembleia-da-avevi-em-barra-velha-vereadores-recebem-orientacoes-dos-representantes-da-uvb\/"]}]},{"@type":"ImageObject","inLanguage":"pt-BR","@id":"https:\/\/uvbbrasil.com.br\/na-assembleia-da-avevi-em-barra-velha-vereadores-recebem-orientacoes-dos-representantes-da-uvb\/#primaryimage","url":"https:\/\/uvbbrasil.com.br\/wp-content\/uploads\/2021\/07\/WhatsApp-Image-2021-07-16-at-19.52.47-3.jpeg","contentUrl":"https:\/\/uvbbrasil.com.br\/wp-content\/uploads\/2021\/07\/WhatsApp-Image-2021-07-16-at-19.52.47-3.jpeg","width":1600,"height":737},{"@type":"BreadcrumbList","@id":"https:\/\/uvbbrasil.com.br\/na-assembleia-da-avevi-em-barra-velha-vereadores-recebem-orientacoes-dos-representantes-da-uvb\/#breadcrumb","itemListElement":[{"@type":"ListItem","position":1,"name":"In\u00edcio","item":"https:\/\/uvbbrasil.com.br\/"},{"@type":"ListItem","position":2,"name":"Na Assembleia da Avevi em Barra Velha vereadores recebem orienta\u00e7\u00f5es dos representantes da UVB"}]},{"@type":"WebSite","@id":"https:\/\/uvbbrasil.com.br\/#website","url":"https:\/\/uvbbrasil.com.br\/","name":"UVB Brasil","description":"Uni\u00e3o dos Vereadores do Brasil","publisher":{"@id":"https:\/\/uvbbrasil.com.br\/#organization"},"potentialAction":[{"@type":"SearchAction","target":{"@type":"EntryPoint","urlTemplate":"https:\/\/uvbbrasil.com.br\/?s={search_term_string}"},"query-input":{"@type":"PropertyValueSpecification","valueRequired":true,"valueName":"search_term_string"}}],"inLanguage":"pt-BR"},{"@type":"Organization","@id":"https:\/\/uvbbrasil.com.br\/#organization","name":"UVB Brasil","url":"https:\/\/uvbbrasil.com.br\/","logo":{"@type":"ImageObject","inLanguage":"pt-BR","@id":"https:\/\/uvbbrasil.com.br\/#\/schema\/logo\/image\/","url":"https:\/\/uvbbrasil.com.br\/wp-content\/uploads\/2025\/01\/LOGO-UVB-2024-azul-1.jpg","contentUrl":"https:\/\/uvbbrasil.com.br\/wp-content\/uploads\/2025\/01\/LOGO-UVB-2024-azul-1.jpg","width":600,"height":211,"caption":"UVB Brasil"},"image":{"@id":"https:\/\/uvbbrasil.com.br\/#\/schema\/logo\/image\/"},"sameAs":["https:\/\/www.facebook.com\/uvb.vereadoresbrasil","https:\/\/www.instagram.com\/uvbbrasil\/","https:\/\/www.youtube.com\/channel\/UCIlPQ8Xzw5GHNzosQIg9S5A"]},{"@type":"Person","@id":"https:\/\/uvbbrasil.com.br\/#\/schema\/person\/17990098446c098f52effddff4f1b272","name":"adminuvb","image":{"@type":"ImageObject","inLanguage":"pt-BR","@id":"https:\/\/uvbbrasil.com.br\/#\/schema\/person\/image\/","url":"https:\/\/secure.gravatar.com\/avatar\/1a494ea6f8e2dd1ae526e55b0e9497efdba542491e0620d704cccf63c6f77c45?s=96&d=mm&r=g","contentUrl":"https:\/\/secure.gravatar.com\/avatar\/1a494ea6f8e2dd1ae526e55b0e9497efdba542491e0620d704cccf63c6f77c45?s=96&d=mm&r=g","caption":"adminuvb"},"sameAs":["https:\/\/uvbbrasil.com.br"],"url":"https:\/\/uvbbrasil.com.br\/author\/adminuvb\/"}]}},"_links":{"self":[{"href":"https:\/\/uvbbrasil.com.br\/uvb-json\/wp\/v2\/posts\/22872","targetHints":{"allow":["GET"]}}],"collection":[{"href":"https:\/\/uvbbrasil.com.br\/uvb-json\/wp\/v2\/posts"}],"about":[{"href":"https:\/\/uvbbrasil.com.br\/uvb-json\/wp\/v2\/types\/post"}],"author":[{"embeddable":true,"href":"https:\/\/uvbbrasil.com.br\/uvb-json\/wp\/v2\/users\/1"}],"replies":[{"embeddable":true,"href":"https:\/\/uvbbrasil.com.br\/uvb-json\/wp\/v2\/comments?post=22872"}],"version-history":[{"count":0,"href":"https:\/\/uvbbrasil.com.br\/uvb-json\/wp\/v2\/posts\/22872\/revisions"}],"wp:featuredmedia":[{"embeddable":true,"href":"https:\/\/uvbbrasil.com.br\/uvb-json\/wp\/v2\/media\/22878"}],"wp:attachment":[{"href":"https:\/\/uvbbrasil.com.br\/uvb-json\/wp\/v2\/media?parent=22872"}],"wp:term":[{"taxonomy":"category","embeddable":true,"href":"https:\/\/uvbbrasil.com.br\/uvb-json\/wp\/v2\/categories?post=22872"},{"taxonomy":"post_tag","embeddable":true,"href":"https:\/\/uvbbrasil.com.br\/uvb-json\/wp\/v2\/tags?post=22872"}],"curies":[{"name":"wp","href":"https:\/\/api.w.org\/{rel}","templated":true}]}}