{"id":22830,"date":"2021-07-16T10:01:17","date_gmt":"2021-07-16T13:01:17","guid":{"rendered":"https:\/\/wpsandbox4.pante.com.br\/?p=22830"},"modified":"2021-07-16T10:01:17","modified_gmt":"2021-07-16T13:01:17","slug":"legisladores-da-grande-florianopolis-recebem-capacitacao","status":"publish","type":"post","link":"https:\/\/uvbbrasil.com.br\/legisladores-da-grande-florianopolis-recebem-capacitacao\/","title":{"rendered":"Legisladores da Grande Florian\u00f3polis recebem capacita\u00e7\u00e3o"},"content":{"rendered":"\n<p>Vereadores e Vereadoras dos 22 munic\u00edpios associados \u00e0 GRANFPOLIS \u2013 Associa\u00e7\u00e3o dos Munic\u00edpios da Regi\u00e3o da Grande Florian\u00f3polis, participaram na tarde desta quinta-feira (15), de Capacita\u00e7\u00e3o Legislativa promovida em parceria com a Uni\u00e3o dos Vereadores do Brasil\/UVB.<\/p>\n\n\n\n<p>A presidente da GRANFPOLIS, Cleci Veronezi, prefeita de Rancho Queimado, falou da parceria estabelecida com a UVB em recente miss\u00e3o a Bras\u00edlia. Cleci anunciou que em sua gest\u00e3o a Associa\u00e7\u00e3o que j\u00e1 contava com a participa\u00e7\u00e3o efetiva dos presidentes de C\u00e2maras, agora est\u00e1 aberta aos vereadores e vereadoras da regi\u00e3o. \u201cExecutivo e Legislativo precisam andar juntos para o crescimento dos munic\u00edpios e o consequente &nbsp;desenvolvimento regional\u201d, afirmou.<\/p>\n\n\n\n<p>Gilson Conzatti, presidente da Uni\u00e3o dos Vereadores do Brasil (UVB), parabenizou a Associa\u00e7\u00e3o dos Munic\u00edpios pela iniciativa e a promo\u00e7\u00e3o da integra\u00e7\u00e3o de gestores e legisladores. \u201cCapacita\u00e7\u00f5es como esta s\u00e3o importantes para a vida dos munic\u00edpios. Os vereadores que buscam capacita\u00e7\u00e3o s\u00e3o melhores legisladores e, desta forma, ganha a sociedade. N\u00e3o importa ser situa\u00e7\u00e3o ou oposi\u00e7\u00e3o. O importante \u00e9 o esp\u00edrito p\u00fablico para o benef\u00edcio de todos. Unir para crescer \u00e9 o lema da UVB\u201d, destacou Conzatti.<\/p>\n\n\n\n<p>A Uni\u00e3o dos Vereadores de Santa Catarina tamb\u00e9m esteve representada no evento por meio de seu presidente Anderson Guzzatto. Na oportunidade o presidente da UVESC lembrou que a renova\u00e7\u00e3o nos legislativos municipais nas \u00faltimas elei\u00e7\u00f5es chegou a 74% em Santa Catarina. Principalmente os novos vereadores precisam destas capacita\u00e7\u00f5es sobre o trabalho legislativo, refor\u00e7ou.<\/p>\n\n\n\n<p>A vereadora M\u00e9ri Hang, presidente da C\u00e2mara de S\u00e3o Jos\u00e9, e o vereador Sal\u00e9sio Effting, membro do Conselho Fiscal da GRANFPOLIS, representaram os legislativos municipais na abertura do evento.<\/p>\n\n\n\n<p>A Capacita\u00e7\u00e3o Legislativa esteve a cargo do Dr. Andr\u00e9 Camilo, da Assessoria Jur\u00eddica da UVB, que tratou sobre os Processos Legislativos; Fun\u00e7\u00f5es do Vereador; Plano Plurianual (PPA); Lei de Diretrizes Or\u00e7ament\u00e1rias (LDO); Lei Or\u00e7ament\u00e1ria Anual (LOA), entre outros.<\/p>\n\n\n\n<figure class=\"wp-block-image size-large\"><img fetchpriority=\"high\" decoding=\"async\" width=\"1024\" height=\"768\" src=\"https:\/\/uvbbrasil.com.br\/wp-content\/uploads\/2021\/07\/GIL-1024x768.jpeg\" alt=\"\" class=\"wp-image-22836\" srcset=\"https:\/\/uvbbrasil.com.br\/wp-content\/uploads\/2021\/07\/GIL-1024x768.jpeg 1024w, https:\/\/uvbbrasil.com.br\/wp-content\/uploads\/2021\/07\/GIL-300x225.jpeg 300w, https:\/\/uvbbrasil.com.br\/wp-content\/uploads\/2021\/07\/GIL-768x576.jpeg 768w, https:\/\/uvbbrasil.com.br\/wp-content\/uploads\/2021\/07\/GIL.jpeg 1500w\" sizes=\"(max-width: 1024px) 100vw, 1024px\" \/><\/figure>\n\n\n\n<figure class=\"wp-block-image size-large\"><img decoding=\"async\" width=\"1024\" height=\"768\" src=\"https:\/\/uvbbrasil.com.br\/wp-content\/uploads\/2021\/07\/3113056_resize_1500_1500-1024x768.jpeg\" alt=\"\" class=\"wp-image-22831\" srcset=\"https:\/\/uvbbrasil.com.br\/wp-content\/uploads\/2021\/07\/3113056_resize_1500_1500-1024x768.jpeg 1024w, https:\/\/uvbbrasil.com.br\/wp-content\/uploads\/2021\/07\/3113056_resize_1500_1500-300x225.jpeg 300w, https:\/\/uvbbrasil.com.br\/wp-content\/uploads\/2021\/07\/3113056_resize_1500_1500-768x576.jpeg 768w, https:\/\/uvbbrasil.com.br\/wp-content\/uploads\/2021\/07\/3113056_resize_1500_1500.jpeg 1500w\" sizes=\"(max-width: 1024px) 100vw, 1024px\" \/><\/figure>\n\n\n\n<figure class=\"wp-block-image size-large\"><img decoding=\"async\" width=\"1024\" height=\"768\" src=\"https:\/\/uvbbrasil.com.br\/wp-content\/uploads\/2021\/07\/3113058_resize_1500_1500-1024x768.jpeg\" alt=\"\" class=\"wp-image-22832\" srcset=\"https:\/\/uvbbrasil.com.br\/wp-content\/uploads\/2021\/07\/3113058_resize_1500_1500-1024x768.jpeg 1024w, https:\/\/uvbbrasil.com.br\/wp-content\/uploads\/2021\/07\/3113058_resize_1500_1500-300x225.jpeg 300w, https:\/\/uvbbrasil.com.br\/wp-content\/uploads\/2021\/07\/3113058_resize_1500_1500-768x576.jpeg 768w, https:\/\/uvbbrasil.com.br\/wp-content\/uploads\/2021\/07\/3113058_resize_1500_1500.jpeg 1440w\" sizes=\"(max-width: 1024px) 100vw, 1024px\" \/><\/figure>\n\n\n\n<figure class=\"wp-block-image size-large\"><img loading=\"lazy\" decoding=\"async\" width=\"1024\" height=\"768\" src=\"https:\/\/uvbbrasil.com.br\/wp-content\/uploads\/2021\/07\/G-1024x768.jpeg\" alt=\"\" class=\"wp-image-22837\" srcset=\"https:\/\/uvbbrasil.com.br\/wp-content\/uploads\/2021\/07\/G-1024x768.jpeg 1024w, https:\/\/uvbbrasil.com.br\/wp-content\/uploads\/2021\/07\/G-300x225.jpeg 300w, https:\/\/uvbbrasil.com.br\/wp-content\/uploads\/2021\/07\/G-768x576.jpeg 768w, https:\/\/uvbbrasil.com.br\/wp-content\/uploads\/2021\/07\/G.jpeg 1500w\" sizes=\"(max-width: 1024px) 100vw, 1024px\" \/><\/figure>\n\n\n\n<figure class=\"wp-block-image size-large\"><img loading=\"lazy\" decoding=\"async\" width=\"1024\" height=\"768\" src=\"https:\/\/uvbbrasil.com.br\/wp-content\/uploads\/2021\/07\/ANDRE-1024x768.jpeg\" alt=\"\" class=\"wp-image-22838\" srcset=\"https:\/\/uvbbrasil.com.br\/wp-content\/uploads\/2021\/07\/ANDRE-1024x768.jpeg 1024w, https:\/\/uvbbrasil.com.br\/wp-content\/uploads\/2021\/07\/ANDRE-300x225.jpeg 300w, https:\/\/uvbbrasil.com.br\/wp-content\/uploads\/2021\/07\/ANDRE-768x576.jpeg 768w, https:\/\/uvbbrasil.com.br\/wp-content\/uploads\/2021\/07\/ANDRE.jpeg 1500w\" sizes=\"(max-width: 1024px) 100vw, 1024px\" \/><\/figure>\n\n\n\n<figure class=\"wp-block-image size-large\"><img loading=\"lazy\" decoding=\"async\" width=\"1024\" height=\"768\" src=\"https:\/\/uvbbrasil.com.br\/wp-content\/uploads\/2021\/07\/3113060_resize_1500_1500-1024x768.jpeg\" alt=\"\" class=\"wp-image-22833\" srcset=\"https:\/\/uvbbrasil.com.br\/wp-content\/uploads\/2021\/07\/3113060_resize_1500_1500-1024x768.jpeg 1024w, https:\/\/uvbbrasil.com.br\/wp-content\/uploads\/2021\/07\/3113060_resize_1500_1500-300x225.jpeg 300w, https:\/\/uvbbrasil.com.br\/wp-content\/uploads\/2021\/07\/3113060_resize_1500_1500-768x576.jpeg 768w, https:\/\/uvbbrasil.com.br\/wp-content\/uploads\/2021\/07\/3113060_resize_1500_1500.jpeg 1500w\" sizes=\"(max-width: 1024px) 100vw, 1024px\" \/><\/figure>\n\n\n\n<p><\/p>\n\n\n\n<figure class=\"wp-block-image size-large\"><img loading=\"lazy\" decoding=\"async\" width=\"1024\" height=\"768\" src=\"https:\/\/uvbbrasil.com.br\/wp-content\/uploads\/2021\/07\/DESTAQUE-1024x768.jpeg\" alt=\"\" class=\"wp-image-22839\" srcset=\"https:\/\/uvbbrasil.com.br\/wp-content\/uploads\/2021\/07\/DESTAQUE-1024x768.jpeg 1024w, https:\/\/uvbbrasil.com.br\/wp-content\/uploads\/2021\/07\/DESTAQUE-300x225.jpeg 300w, https:\/\/uvbbrasil.com.br\/wp-content\/uploads\/2021\/07\/DESTAQUE-768x576.jpeg 768w, https:\/\/uvbbrasil.com.br\/wp-content\/uploads\/2021\/07\/DESTAQUE.jpeg 1500w\" sizes=\"(max-width: 1024px) 100vw, 1024px\" \/><\/figure>\n","protected":false},"excerpt":{"rendered":"<p>Vereadores e Vereadoras dos 22 munic\u00edpios associados \u00e0 GRANFPOLIS \u2013 Associa\u00e7\u00e3o dos Munic\u00edpios da Regi\u00e3o da Grande Florian\u00f3polis, participaram na&#8230;<\/p>\n","protected":false},"author":1,"featured_media":22839,"comment_status":"open","ping_status":"open","sticky":false,"template":"","format":"standard","meta":{"footnotes":""},"categories":[3,4],"tags":[],"class_list":["post-22830","post","type-post","status-publish","format-standard","has-post-thumbnail","hentry","category-noticias","category-home"],"yoast_head":"<!-- This site is optimized with the Yoast SEO plugin v26.7 - https:\/\/yoast.com\/wordpress\/plugins\/seo\/ -->\n<title>Legisladores da Grande Florian\u00f3polis recebem capacita\u00e7\u00e3o - UVB Brasil<\/title>\n<meta name=\"robots\" content=\"index, follow, max-snippet:-1, max-image-preview:large, max-video-preview:-1\" \/>\n<link rel=\"canonical\" href=\"https:\/\/uvbbrasil.com.br\/legisladores-da-grande-florianopolis-recebem-capacitacao\/\" \/>\n<meta property=\"og:locale\" content=\"pt_BR\" \/>\n<meta property=\"og:type\" content=\"article\" \/>\n<meta property=\"og:title\" content=\"Legisladores da Grande Florian\u00f3polis recebem capacita\u00e7\u00e3o - UVB Brasil\" \/>\n<meta property=\"og:description\" content=\"Vereadores e Vereadoras dos 22 munic\u00edpios associados \u00e0 GRANFPOLIS \u2013 Associa\u00e7\u00e3o dos Munic\u00edpios da Regi\u00e3o da Grande Florian\u00f3polis, participaram na...\" \/>\n<meta property=\"og:url\" content=\"https:\/\/uvbbrasil.com.br\/legisladores-da-grande-florianopolis-recebem-capacitacao\/\" \/>\n<meta property=\"og:site_name\" content=\"UVB Brasil\" \/>\n<meta property=\"article:publisher\" content=\"https:\/\/www.facebook.com\/uvb.vereadoresbrasil\" \/>\n<meta property=\"article:published_time\" content=\"2021-07-16T13:01:17+00:00\" \/>\n<meta property=\"og:image\" content=\"https:\/\/uvbbrasil.com.br\/wp-content\/uploads\/2021\/07\/DESTAQUE.jpeg\" \/>\n\t<meta property=\"og:image:width\" content=\"1500\" \/>\n\t<meta property=\"og:image:height\" content=\"1125\" \/>\n\t<meta property=\"og:image:type\" content=\"image\/jpeg\" \/>\n<meta name=\"author\" content=\"adminuvb\" \/>\n<meta name=\"twitter:card\" content=\"summary_large_image\" \/>\n<meta name=\"twitter:label1\" content=\"Escrito por\" \/>\n\t<meta name=\"twitter:data1\" content=\"adminuvb\" \/>\n\t<meta name=\"twitter:label2\" content=\"Est. tempo de leitura\" \/>\n\t<meta name=\"twitter:data2\" content=\"2 minutos\" \/>\n<script type=\"application\/ld+json\" class=\"yoast-schema-graph\">{\"@context\":\"https:\/\/schema.org\",\"@graph\":[{\"@type\":\"Article\",\"@id\":\"https:\/\/uvbbrasil.com.br\/legisladores-da-grande-florianopolis-recebem-capacitacao\/#article\",\"isPartOf\":{\"@id\":\"https:\/\/uvbbrasil.com.br\/legisladores-da-grande-florianopolis-recebem-capacitacao\/\"},\"author\":{\"name\":\"adminuvb\",\"@id\":\"https:\/\/uvbbrasil.com.br\/#\/schema\/person\/17990098446c098f52effddff4f1b272\"},\"headline\":\"Legisladores da Grande Florian\u00f3polis recebem capacita\u00e7\u00e3o\",\"datePublished\":\"2021-07-16T13:01:17+00:00\",\"mainEntityOfPage\":{\"@id\":\"https:\/\/uvbbrasil.com.br\/legisladores-da-grande-florianopolis-recebem-capacitacao\/\"},\"wordCount\":352,\"commentCount\":0,\"publisher\":{\"@id\":\"https:\/\/uvbbrasil.com.br\/#organization\"},\"image\":{\"@id\":\"https:\/\/uvbbrasil.com.br\/legisladores-da-grande-florianopolis-recebem-capacitacao\/#primaryimage\"},\"thumbnailUrl\":\"https:\/\/uvbbrasil.com.br\/wp-content\/uploads\/2021\/07\/DESTAQUE.jpeg\",\"articleSection\":[\"NOT\u00cdCIAS\",\"UVB\"],\"inLanguage\":\"pt-BR\",\"potentialAction\":[{\"@type\":\"CommentAction\",\"name\":\"Comment\",\"target\":[\"https:\/\/uvbbrasil.com.br\/legisladores-da-grande-florianopolis-recebem-capacitacao\/#respond\"]}]},{\"@type\":\"WebPage\",\"@id\":\"https:\/\/uvbbrasil.com.br\/legisladores-da-grande-florianopolis-recebem-capacitacao\/\",\"url\":\"https:\/\/uvbbrasil.com.br\/legisladores-da-grande-florianopolis-recebem-capacitacao\/\",\"name\":\"Legisladores da Grande Florian\u00f3polis recebem capacita\u00e7\u00e3o - UVB Brasil\",\"isPartOf\":{\"@id\":\"https:\/\/uvbbrasil.com.br\/#website\"},\"primaryImageOfPage\":{\"@id\":\"https:\/\/uvbbrasil.com.br\/legisladores-da-grande-florianopolis-recebem-capacitacao\/#primaryimage\"},\"image\":{\"@id\":\"https:\/\/uvbbrasil.com.br\/legisladores-da-grande-florianopolis-recebem-capacitacao\/#primaryimage\"},\"thumbnailUrl\":\"https:\/\/uvbbrasil.com.br\/wp-content\/uploads\/2021\/07\/DESTAQUE.jpeg\",\"datePublished\":\"2021-07-16T13:01:17+00:00\",\"breadcrumb\":{\"@id\":\"https:\/\/uvbbrasil.com.br\/legisladores-da-grande-florianopolis-recebem-capacitacao\/#breadcrumb\"},\"inLanguage\":\"pt-BR\",\"potentialAction\":[{\"@type\":\"ReadAction\",\"target\":[\"https:\/\/uvbbrasil.com.br\/legisladores-da-grande-florianopolis-recebem-capacitacao\/\"]}]},{\"@type\":\"ImageObject\",\"inLanguage\":\"pt-BR\",\"@id\":\"https:\/\/uvbbrasil.com.br\/legisladores-da-grande-florianopolis-recebem-capacitacao\/#primaryimage\",\"url\":\"https:\/\/uvbbrasil.com.br\/wp-content\/uploads\/2021\/07\/DESTAQUE.jpeg\",\"contentUrl\":\"https:\/\/uvbbrasil.com.br\/wp-content\/uploads\/2021\/07\/DESTAQUE.jpeg\",\"width\":1500,\"height\":1125},{\"@type\":\"BreadcrumbList\",\"@id\":\"https:\/\/uvbbrasil.com.br\/legisladores-da-grande-florianopolis-recebem-capacitacao\/#breadcrumb\",\"itemListElement\":[{\"@type\":\"ListItem\",\"position\":1,\"name\":\"In\u00edcio\",\"item\":\"https:\/\/uvbbrasil.com.br\/\"},{\"@type\":\"ListItem\",\"position\":2,\"name\":\"Legisladores da Grande Florian\u00f3polis recebem capacita\u00e7\u00e3o\"}]},{\"@type\":\"WebSite\",\"@id\":\"https:\/\/uvbbrasil.com.br\/#website\",\"url\":\"https:\/\/uvbbrasil.com.br\/\",\"name\":\"UVB Brasil\",\"description\":\"Uni\u00e3o dos Vereadores do Brasil\",\"publisher\":{\"@id\":\"https:\/\/uvbbrasil.com.br\/#organization\"},\"potentialAction\":[{\"@type\":\"SearchAction\",\"target\":{\"@type\":\"EntryPoint\",\"urlTemplate\":\"https:\/\/uvbbrasil.com.br\/?s={search_term_string}\"},\"query-input\":{\"@type\":\"PropertyValueSpecification\",\"valueRequired\":true,\"valueName\":\"search_term_string\"}}],\"inLanguage\":\"pt-BR\"},{\"@type\":\"Organization\",\"@id\":\"https:\/\/uvbbrasil.com.br\/#organization\",\"name\":\"UVB Brasil\",\"url\":\"https:\/\/uvbbrasil.com.br\/\",\"logo\":{\"@type\":\"ImageObject\",\"inLanguage\":\"pt-BR\",\"@id\":\"https:\/\/uvbbrasil.com.br\/#\/schema\/logo\/image\/\",\"url\":\"https:\/\/uvbbrasil.com.br\/wp-content\/uploads\/2025\/01\/LOGO-UVB-2024-azul-1.jpg\",\"contentUrl\":\"https:\/\/uvbbrasil.com.br\/wp-content\/uploads\/2025\/01\/LOGO-UVB-2024-azul-1.jpg\",\"width\":600,\"height\":211,\"caption\":\"UVB Brasil\"},\"image\":{\"@id\":\"https:\/\/uvbbrasil.com.br\/#\/schema\/logo\/image\/\"},\"sameAs\":[\"https:\/\/www.facebook.com\/uvb.vereadoresbrasil\",\"https:\/\/www.instagram.com\/uvbbrasil\/\",\"https:\/\/www.youtube.com\/channel\/UCIlPQ8Xzw5GHNzosQIg9S5A\"]},{\"@type\":\"Person\",\"@id\":\"https:\/\/uvbbrasil.com.br\/#\/schema\/person\/17990098446c098f52effddff4f1b272\",\"name\":\"adminuvb\",\"image\":{\"@type\":\"ImageObject\",\"inLanguage\":\"pt-BR\",\"@id\":\"https:\/\/uvbbrasil.com.br\/#\/schema\/person\/image\/\",\"url\":\"https:\/\/secure.gravatar.com\/avatar\/1a494ea6f8e2dd1ae526e55b0e9497efdba542491e0620d704cccf63c6f77c45?s=96&d=mm&r=g\",\"contentUrl\":\"https:\/\/secure.gravatar.com\/avatar\/1a494ea6f8e2dd1ae526e55b0e9497efdba542491e0620d704cccf63c6f77c45?s=96&d=mm&r=g\",\"caption\":\"adminuvb\"},\"sameAs\":[\"https:\/\/uvbbrasil.com.br\"],\"url\":\"https:\/\/uvbbrasil.com.br\/author\/adminuvb\/\"}]}<\/script>\n<!-- \/ Yoast SEO plugin. -->","yoast_head_json":{"title":"Legisladores da Grande Florian\u00f3polis recebem capacita\u00e7\u00e3o - UVB Brasil","robots":{"index":"index","follow":"follow","max-snippet":"max-snippet:-1","max-image-preview":"max-image-preview:large","max-video-preview":"max-video-preview:-1"},"canonical":"https:\/\/uvbbrasil.com.br\/legisladores-da-grande-florianopolis-recebem-capacitacao\/","og_locale":"pt_BR","og_type":"article","og_title":"Legisladores da Grande Florian\u00f3polis recebem capacita\u00e7\u00e3o - UVB Brasil","og_description":"Vereadores e Vereadoras dos 22 munic\u00edpios associados \u00e0 GRANFPOLIS \u2013 Associa\u00e7\u00e3o dos Munic\u00edpios da Regi\u00e3o da Grande Florian\u00f3polis, participaram na...","og_url":"https:\/\/uvbbrasil.com.br\/legisladores-da-grande-florianopolis-recebem-capacitacao\/","og_site_name":"UVB Brasil","article_publisher":"https:\/\/www.facebook.com\/uvb.vereadoresbrasil","article_published_time":"2021-07-16T13:01:17+00:00","og_image":[{"width":1500,"height":1125,"url":"https:\/\/uvbbrasil.com.br\/wp-content\/uploads\/2021\/07\/DESTAQUE.jpeg","type":"image\/jpeg"}],"author":"adminuvb","twitter_card":"summary_large_image","twitter_misc":{"Escrito por":"adminuvb","Est. tempo de leitura":"2 minutos"},"schema":{"@context":"https:\/\/schema.org","@graph":[{"@type":"Article","@id":"https:\/\/uvbbrasil.com.br\/legisladores-da-grande-florianopolis-recebem-capacitacao\/#article","isPartOf":{"@id":"https:\/\/uvbbrasil.com.br\/legisladores-da-grande-florianopolis-recebem-capacitacao\/"},"author":{"name":"adminuvb","@id":"https:\/\/uvbbrasil.com.br\/#\/schema\/person\/17990098446c098f52effddff4f1b272"},"headline":"Legisladores da Grande Florian\u00f3polis recebem capacita\u00e7\u00e3o","datePublished":"2021-07-16T13:01:17+00:00","mainEntityOfPage":{"@id":"https:\/\/uvbbrasil.com.br\/legisladores-da-grande-florianopolis-recebem-capacitacao\/"},"wordCount":352,"commentCount":0,"publisher":{"@id":"https:\/\/uvbbrasil.com.br\/#organization"},"image":{"@id":"https:\/\/uvbbrasil.com.br\/legisladores-da-grande-florianopolis-recebem-capacitacao\/#primaryimage"},"thumbnailUrl":"https:\/\/uvbbrasil.com.br\/wp-content\/uploads\/2021\/07\/DESTAQUE.jpeg","articleSection":["NOT\u00cdCIAS","UVB"],"inLanguage":"pt-BR","potentialAction":[{"@type":"CommentAction","name":"Comment","target":["https:\/\/uvbbrasil.com.br\/legisladores-da-grande-florianopolis-recebem-capacitacao\/#respond"]}]},{"@type":"WebPage","@id":"https:\/\/uvbbrasil.com.br\/legisladores-da-grande-florianopolis-recebem-capacitacao\/","url":"https:\/\/uvbbrasil.com.br\/legisladores-da-grande-florianopolis-recebem-capacitacao\/","name":"Legisladores da Grande Florian\u00f3polis recebem capacita\u00e7\u00e3o - UVB Brasil","isPartOf":{"@id":"https:\/\/uvbbrasil.com.br\/#website"},"primaryImageOfPage":{"@id":"https:\/\/uvbbrasil.com.br\/legisladores-da-grande-florianopolis-recebem-capacitacao\/#primaryimage"},"image":{"@id":"https:\/\/uvbbrasil.com.br\/legisladores-da-grande-florianopolis-recebem-capacitacao\/#primaryimage"},"thumbnailUrl":"https:\/\/uvbbrasil.com.br\/wp-content\/uploads\/2021\/07\/DESTAQUE.jpeg","datePublished":"2021-07-16T13:01:17+00:00","breadcrumb":{"@id":"https:\/\/uvbbrasil.com.br\/legisladores-da-grande-florianopolis-recebem-capacitacao\/#breadcrumb"},"inLanguage":"pt-BR","potentialAction":[{"@type":"ReadAction","target":["https:\/\/uvbbrasil.com.br\/legisladores-da-grande-florianopolis-recebem-capacitacao\/"]}]},{"@type":"ImageObject","inLanguage":"pt-BR","@id":"https:\/\/uvbbrasil.com.br\/legisladores-da-grande-florianopolis-recebem-capacitacao\/#primaryimage","url":"https:\/\/uvbbrasil.com.br\/wp-content\/uploads\/2021\/07\/DESTAQUE.jpeg","contentUrl":"https:\/\/uvbbrasil.com.br\/wp-content\/uploads\/2021\/07\/DESTAQUE.jpeg","width":1500,"height":1125},{"@type":"BreadcrumbList","@id":"https:\/\/uvbbrasil.com.br\/legisladores-da-grande-florianopolis-recebem-capacitacao\/#breadcrumb","itemListElement":[{"@type":"ListItem","position":1,"name":"In\u00edcio","item":"https:\/\/uvbbrasil.com.br\/"},{"@type":"ListItem","position":2,"name":"Legisladores da Grande Florian\u00f3polis recebem capacita\u00e7\u00e3o"}]},{"@type":"WebSite","@id":"https:\/\/uvbbrasil.com.br\/#website","url":"https:\/\/uvbbrasil.com.br\/","name":"UVB Brasil","description":"Uni\u00e3o dos Vereadores do Brasil","publisher":{"@id":"https:\/\/uvbbrasil.com.br\/#organization"},"potentialAction":[{"@type":"SearchAction","target":{"@type":"EntryPoint","urlTemplate":"https:\/\/uvbbrasil.com.br\/?s={search_term_string}"},"query-input":{"@type":"PropertyValueSpecification","valueRequired":true,"valueName":"search_term_string"}}],"inLanguage":"pt-BR"},{"@type":"Organization","@id":"https:\/\/uvbbrasil.com.br\/#organization","name":"UVB Brasil","url":"https:\/\/uvbbrasil.com.br\/","logo":{"@type":"ImageObject","inLanguage":"pt-BR","@id":"https:\/\/uvbbrasil.com.br\/#\/schema\/logo\/image\/","url":"https:\/\/uvbbrasil.com.br\/wp-content\/uploads\/2025\/01\/LOGO-UVB-2024-azul-1.jpg","contentUrl":"https:\/\/uvbbrasil.com.br\/wp-content\/uploads\/2025\/01\/LOGO-UVB-2024-azul-1.jpg","width":600,"height":211,"caption":"UVB Brasil"},"image":{"@id":"https:\/\/uvbbrasil.com.br\/#\/schema\/logo\/image\/"},"sameAs":["https:\/\/www.facebook.com\/uvb.vereadoresbrasil","https:\/\/www.instagram.com\/uvbbrasil\/","https:\/\/www.youtube.com\/channel\/UCIlPQ8Xzw5GHNzosQIg9S5A"]},{"@type":"Person","@id":"https:\/\/uvbbrasil.com.br\/#\/schema\/person\/17990098446c098f52effddff4f1b272","name":"adminuvb","image":{"@type":"ImageObject","inLanguage":"pt-BR","@id":"https:\/\/uvbbrasil.com.br\/#\/schema\/person\/image\/","url":"https:\/\/secure.gravatar.com\/avatar\/1a494ea6f8e2dd1ae526e55b0e9497efdba542491e0620d704cccf63c6f77c45?s=96&d=mm&r=g","contentUrl":"https:\/\/secure.gravatar.com\/avatar\/1a494ea6f8e2dd1ae526e55b0e9497efdba542491e0620d704cccf63c6f77c45?s=96&d=mm&r=g","caption":"adminuvb"},"sameAs":["https:\/\/uvbbrasil.com.br"],"url":"https:\/\/uvbbrasil.com.br\/author\/adminuvb\/"}]}},"_links":{"self":[{"href":"https:\/\/uvbbrasil.com.br\/uvb-json\/wp\/v2\/posts\/22830","targetHints":{"allow":["GET"]}}],"collection":[{"href":"https:\/\/uvbbrasil.com.br\/uvb-json\/wp\/v2\/posts"}],"about":[{"href":"https:\/\/uvbbrasil.com.br\/uvb-json\/wp\/v2\/types\/post"}],"author":[{"embeddable":true,"href":"https:\/\/uvbbrasil.com.br\/uvb-json\/wp\/v2\/users\/1"}],"replies":[{"embeddable":true,"href":"https:\/\/uvbbrasil.com.br\/uvb-json\/wp\/v2\/comments?post=22830"}],"version-history":[{"count":0,"href":"https:\/\/uvbbrasil.com.br\/uvb-json\/wp\/v2\/posts\/22830\/revisions"}],"wp:featuredmedia":[{"embeddable":true,"href":"https:\/\/uvbbrasil.com.br\/uvb-json\/wp\/v2\/media\/22839"}],"wp:attachment":[{"href":"https:\/\/uvbbrasil.com.br\/uvb-json\/wp\/v2\/media?parent=22830"}],"wp:term":[{"taxonomy":"category","embeddable":true,"href":"https:\/\/uvbbrasil.com.br\/uvb-json\/wp\/v2\/categories?post=22830"},{"taxonomy":"post_tag","embeddable":true,"href":"https:\/\/uvbbrasil.com.br\/uvb-json\/wp\/v2\/tags?post=22830"}],"curies":[{"name":"wp","href":"https:\/\/api.w.org\/{rel}","templated":true}]}}