{"id":22816,"date":"2021-07-14T09:34:36","date_gmt":"2021-07-14T12:34:36","guid":{"rendered":"https:\/\/wpsandbox4.pante.com.br\/?p=22816"},"modified":"2021-07-14T09:34:36","modified_gmt":"2021-07-14T12:34:36","slug":"presidente-da-uniao-dos-vereadores-do-brasil-confirma-presenca-na-proxima-assembleia-da-avevi","status":"publish","type":"post","link":"https:\/\/uvbbrasil.com.br\/presidente-da-uniao-dos-vereadores-do-brasil-confirma-presenca-na-proxima-assembleia-da-avevi\/","title":{"rendered":"Presidente da Uni\u00e3o dos Vereadores do Brasil confirma presen\u00e7a na pr\u00f3xima assembleia da Avevi"},"content":{"rendered":"\n<p><br>O presidente da Uni\u00e3o dos Vereadores do Brasil\/UVB, Gilson Conzatti, confirmou sua presen\u00e7a na pr\u00f3xima assembleia da Associa\u00e7\u00e3o de C\u00e2maras e Vereadores do Vale do Itapocu \u2013 Avevi que vai acontecer nesta sexta-feira,16 de julho, 09 horas, na C\u00e2mara de Barra Velha. Vai falar sobre as boas a\u00e7\u00f5es do poder legislativo municipal brasileiro. Conzatti desenvolve importante trabalho no fortalecimento das associa\u00e7\u00f5es, mostrando aos parlamentares a import\u00e2ncia de se associar. \u201cEstaremos neste encontro da Avevi para continuarmos com a nossa luta pelo direito de todos os vereadores. Unidos teremos nossa voz ecoada e ainda mais representativa nas quest\u00f5es locais\u201d, colocou.<br>Nesta assembleia, que ser\u00e1 presencial, seguindo todos os protocolos de seguran\u00e7a, os associados da Avevi estar\u00e3o apresentando tamb\u00e9m suas mo\u00e7\u00f5es com reivindica\u00e7\u00f5es regionais. Algumas situa\u00e7\u00f5es t\u00eam preocupado os parlamentares, a sequ\u00eancia das obras de duplica\u00e7\u00e3o da BR 280, as melhorias necess\u00e1rias na SC 108 e mais recursos para o setor de sa\u00fade. O presidente da Avevi Lairton Muller vai propor que a entidade encaminhe novas agendas que s\u00e3o priorit\u00e1rias para regi\u00e3o junto com as autoridades estaduais e federais. \u201cDevemos formar novas comitivas para junto com deputados, senadores, solicitar mais aten\u00e7\u00e3o dos executivos com as nossas demandas\u201d<\/p>\n\n\n\n<figure class=\"wp-block-image size-large\"><img fetchpriority=\"high\" decoding=\"async\" width=\"718\" height=\"549\" src=\"https:\/\/uvbbrasil.com.br\/wp-content\/uploads\/2021\/07\/WhatsApp-Image-2021-07-08-at-18.13.12.jpeg\" alt=\"\" class=\"wp-image-22819\" srcset=\"https:\/\/uvbbrasil.com.br\/wp-content\/uploads\/2021\/07\/WhatsApp-Image-2021-07-08-at-18.13.12.jpeg 718w, https:\/\/uvbbrasil.com.br\/wp-content\/uploads\/2021\/07\/WhatsApp-Image-2021-07-08-at-18.13.12-300x229.jpeg 300w\" sizes=\"(max-width: 718px) 100vw, 718px\" \/><\/figure>\n\n\n\n<figure class=\"wp-block-image size-large\"><img decoding=\"async\" width=\"960\" height=\"639\" src=\"https:\/\/uvbbrasil.com.br\/wp-content\/uploads\/2021\/07\/giii.jpg\" alt=\"\" class=\"wp-image-22818\" srcset=\"https:\/\/uvbbrasil.com.br\/wp-content\/uploads\/2021\/07\/giii.jpg 960w, https:\/\/uvbbrasil.com.br\/wp-content\/uploads\/2021\/07\/giii-300x200.jpg 300w, https:\/\/uvbbrasil.com.br\/wp-content\/uploads\/2021\/07\/giii-768x511.jpg 768w\" sizes=\"(max-width: 960px) 100vw, 960px\" \/><\/figure>\n","protected":false},"excerpt":{"rendered":"<p>O presidente da Uni\u00e3o dos Vereadores do Brasil\/UVB, Gilson Conzatti, confirmou sua presen\u00e7a na pr\u00f3xima assembleia da Associa\u00e7\u00e3o de C\u00e2maras&#8230;<\/p>\n","protected":false},"author":1,"featured_media":22818,"comment_status":"open","ping_status":"open","sticky":false,"template":"","format":"standard","meta":{"footnotes":""},"categories":[3,4],"tags":[],"class_list":["post-22816","post","type-post","status-publish","format-standard","has-post-thumbnail","hentry","category-noticias","category-home"],"yoast_head":"<!-- This site is optimized with the Yoast SEO plugin v26.7 - https:\/\/yoast.com\/wordpress\/plugins\/seo\/ -->\n<title>Presidente da Uni\u00e3o dos Vereadores do Brasil confirma presen\u00e7a na pr\u00f3xima assembleia da Avevi - UVB Brasil<\/title>\n<meta name=\"robots\" content=\"index, follow, max-snippet:-1, max-image-preview:large, max-video-preview:-1\" \/>\n<link rel=\"canonical\" href=\"https:\/\/uvbbrasil.com.br\/presidente-da-uniao-dos-vereadores-do-brasil-confirma-presenca-na-proxima-assembleia-da-avevi\/\" \/>\n<meta property=\"og:locale\" content=\"pt_BR\" \/>\n<meta property=\"og:type\" content=\"article\" \/>\n<meta property=\"og:title\" content=\"Presidente da Uni\u00e3o dos Vereadores do Brasil confirma presen\u00e7a na pr\u00f3xima assembleia da Avevi - UVB Brasil\" \/>\n<meta property=\"og:description\" content=\"O presidente da Uni\u00e3o dos Vereadores do Brasil\/UVB, Gilson Conzatti, confirmou sua presen\u00e7a na pr\u00f3xima assembleia da Associa\u00e7\u00e3o de C\u00e2maras...\" \/>\n<meta property=\"og:url\" content=\"https:\/\/uvbbrasil.com.br\/presidente-da-uniao-dos-vereadores-do-brasil-confirma-presenca-na-proxima-assembleia-da-avevi\/\" \/>\n<meta property=\"og:site_name\" content=\"UVB Brasil\" \/>\n<meta property=\"article:publisher\" content=\"https:\/\/www.facebook.com\/uvb.vereadoresbrasil\" \/>\n<meta property=\"article:published_time\" content=\"2021-07-14T12:34:36+00:00\" \/>\n<meta property=\"og:image\" content=\"https:\/\/uvbbrasil.com.br\/wp-content\/uploads\/2021\/07\/giii.jpg\" \/>\n\t<meta property=\"og:image:width\" content=\"960\" \/>\n\t<meta property=\"og:image:height\" content=\"639\" \/>\n\t<meta property=\"og:image:type\" content=\"image\/jpeg\" \/>\n<meta name=\"author\" content=\"adminuvb\" \/>\n<meta name=\"twitter:card\" content=\"summary_large_image\" \/>\n<meta name=\"twitter:label1\" content=\"Escrito por\" \/>\n\t<meta name=\"twitter:data1\" content=\"adminuvb\" \/>\n\t<meta name=\"twitter:label2\" content=\"Est. tempo de leitura\" \/>\n\t<meta name=\"twitter:data2\" content=\"1 minuto\" \/>\n<script type=\"application\/ld+json\" class=\"yoast-schema-graph\">{\"@context\":\"https:\/\/schema.org\",\"@graph\":[{\"@type\":\"Article\",\"@id\":\"https:\/\/uvbbrasil.com.br\/presidente-da-uniao-dos-vereadores-do-brasil-confirma-presenca-na-proxima-assembleia-da-avevi\/#article\",\"isPartOf\":{\"@id\":\"https:\/\/uvbbrasil.com.br\/presidente-da-uniao-dos-vereadores-do-brasil-confirma-presenca-na-proxima-assembleia-da-avevi\/\"},\"author\":{\"name\":\"adminuvb\",\"@id\":\"https:\/\/uvbbrasil.com.br\/#\/schema\/person\/17990098446c098f52effddff4f1b272\"},\"headline\":\"Presidente da Uni\u00e3o dos Vereadores do Brasil confirma presen\u00e7a na pr\u00f3xima assembleia da Avevi\",\"datePublished\":\"2021-07-14T12:34:36+00:00\",\"mainEntityOfPage\":{\"@id\":\"https:\/\/uvbbrasil.com.br\/presidente-da-uniao-dos-vereadores-do-brasil-confirma-presenca-na-proxima-assembleia-da-avevi\/\"},\"wordCount\":234,\"commentCount\":0,\"publisher\":{\"@id\":\"https:\/\/uvbbrasil.com.br\/#organization\"},\"image\":{\"@id\":\"https:\/\/uvbbrasil.com.br\/presidente-da-uniao-dos-vereadores-do-brasil-confirma-presenca-na-proxima-assembleia-da-avevi\/#primaryimage\"},\"thumbnailUrl\":\"https:\/\/uvbbrasil.com.br\/wp-content\/uploads\/2021\/07\/giii.jpg\",\"articleSection\":[\"NOT\u00cdCIAS\",\"UVB\"],\"inLanguage\":\"pt-BR\",\"potentialAction\":[{\"@type\":\"CommentAction\",\"name\":\"Comment\",\"target\":[\"https:\/\/uvbbrasil.com.br\/presidente-da-uniao-dos-vereadores-do-brasil-confirma-presenca-na-proxima-assembleia-da-avevi\/#respond\"]}]},{\"@type\":\"WebPage\",\"@id\":\"https:\/\/uvbbrasil.com.br\/presidente-da-uniao-dos-vereadores-do-brasil-confirma-presenca-na-proxima-assembleia-da-avevi\/\",\"url\":\"https:\/\/uvbbrasil.com.br\/presidente-da-uniao-dos-vereadores-do-brasil-confirma-presenca-na-proxima-assembleia-da-avevi\/\",\"name\":\"Presidente da Uni\u00e3o dos Vereadores do Brasil confirma presen\u00e7a na pr\u00f3xima assembleia da Avevi - UVB Brasil\",\"isPartOf\":{\"@id\":\"https:\/\/uvbbrasil.com.br\/#website\"},\"primaryImageOfPage\":{\"@id\":\"https:\/\/uvbbrasil.com.br\/presidente-da-uniao-dos-vereadores-do-brasil-confirma-presenca-na-proxima-assembleia-da-avevi\/#primaryimage\"},\"image\":{\"@id\":\"https:\/\/uvbbrasil.com.br\/presidente-da-uniao-dos-vereadores-do-brasil-confirma-presenca-na-proxima-assembleia-da-avevi\/#primaryimage\"},\"thumbnailUrl\":\"https:\/\/uvbbrasil.com.br\/wp-content\/uploads\/2021\/07\/giii.jpg\",\"datePublished\":\"2021-07-14T12:34:36+00:00\",\"breadcrumb\":{\"@id\":\"https:\/\/uvbbrasil.com.br\/presidente-da-uniao-dos-vereadores-do-brasil-confirma-presenca-na-proxima-assembleia-da-avevi\/#breadcrumb\"},\"inLanguage\":\"pt-BR\",\"potentialAction\":[{\"@type\":\"ReadAction\",\"target\":[\"https:\/\/uvbbrasil.com.br\/presidente-da-uniao-dos-vereadores-do-brasil-confirma-presenca-na-proxima-assembleia-da-avevi\/\"]}]},{\"@type\":\"ImageObject\",\"inLanguage\":\"pt-BR\",\"@id\":\"https:\/\/uvbbrasil.com.br\/presidente-da-uniao-dos-vereadores-do-brasil-confirma-presenca-na-proxima-assembleia-da-avevi\/#primaryimage\",\"url\":\"https:\/\/uvbbrasil.com.br\/wp-content\/uploads\/2021\/07\/giii.jpg\",\"contentUrl\":\"https:\/\/uvbbrasil.com.br\/wp-content\/uploads\/2021\/07\/giii.jpg\",\"width\":960,\"height\":639},{\"@type\":\"BreadcrumbList\",\"@id\":\"https:\/\/uvbbrasil.com.br\/presidente-da-uniao-dos-vereadores-do-brasil-confirma-presenca-na-proxima-assembleia-da-avevi\/#breadcrumb\",\"itemListElement\":[{\"@type\":\"ListItem\",\"position\":1,\"name\":\"In\u00edcio\",\"item\":\"https:\/\/uvbbrasil.com.br\/\"},{\"@type\":\"ListItem\",\"position\":2,\"name\":\"Presidente da Uni\u00e3o dos Vereadores do Brasil confirma presen\u00e7a na pr\u00f3xima assembleia da Avevi\"}]},{\"@type\":\"WebSite\",\"@id\":\"https:\/\/uvbbrasil.com.br\/#website\",\"url\":\"https:\/\/uvbbrasil.com.br\/\",\"name\":\"UVB Brasil\",\"description\":\"Uni\u00e3o dos Vereadores do Brasil\",\"publisher\":{\"@id\":\"https:\/\/uvbbrasil.com.br\/#organization\"},\"potentialAction\":[{\"@type\":\"SearchAction\",\"target\":{\"@type\":\"EntryPoint\",\"urlTemplate\":\"https:\/\/uvbbrasil.com.br\/?s={search_term_string}\"},\"query-input\":{\"@type\":\"PropertyValueSpecification\",\"valueRequired\":true,\"valueName\":\"search_term_string\"}}],\"inLanguage\":\"pt-BR\"},{\"@type\":\"Organization\",\"@id\":\"https:\/\/uvbbrasil.com.br\/#organization\",\"name\":\"UVB Brasil\",\"url\":\"https:\/\/uvbbrasil.com.br\/\",\"logo\":{\"@type\":\"ImageObject\",\"inLanguage\":\"pt-BR\",\"@id\":\"https:\/\/uvbbrasil.com.br\/#\/schema\/logo\/image\/\",\"url\":\"https:\/\/uvbbrasil.com.br\/wp-content\/uploads\/2025\/01\/LOGO-UVB-2024-azul-1.jpg\",\"contentUrl\":\"https:\/\/uvbbrasil.com.br\/wp-content\/uploads\/2025\/01\/LOGO-UVB-2024-azul-1.jpg\",\"width\":600,\"height\":211,\"caption\":\"UVB Brasil\"},\"image\":{\"@id\":\"https:\/\/uvbbrasil.com.br\/#\/schema\/logo\/image\/\"},\"sameAs\":[\"https:\/\/www.facebook.com\/uvb.vereadoresbrasil\",\"https:\/\/www.instagram.com\/uvbbrasil\/\",\"https:\/\/www.youtube.com\/channel\/UCIlPQ8Xzw5GHNzosQIg9S5A\"]},{\"@type\":\"Person\",\"@id\":\"https:\/\/uvbbrasil.com.br\/#\/schema\/person\/17990098446c098f52effddff4f1b272\",\"name\":\"adminuvb\",\"image\":{\"@type\":\"ImageObject\",\"inLanguage\":\"pt-BR\",\"@id\":\"https:\/\/uvbbrasil.com.br\/#\/schema\/person\/image\/\",\"url\":\"https:\/\/secure.gravatar.com\/avatar\/1a494ea6f8e2dd1ae526e55b0e9497efdba542491e0620d704cccf63c6f77c45?s=96&d=mm&r=g\",\"contentUrl\":\"https:\/\/secure.gravatar.com\/avatar\/1a494ea6f8e2dd1ae526e55b0e9497efdba542491e0620d704cccf63c6f77c45?s=96&d=mm&r=g\",\"caption\":\"adminuvb\"},\"sameAs\":[\"https:\/\/uvbbrasil.com.br\"],\"url\":\"https:\/\/uvbbrasil.com.br\/author\/adminuvb\/\"}]}<\/script>\n<!-- \/ Yoast SEO plugin. -->","yoast_head_json":{"title":"Presidente da Uni\u00e3o dos Vereadores do Brasil confirma presen\u00e7a na pr\u00f3xima assembleia da Avevi - UVB Brasil","robots":{"index":"index","follow":"follow","max-snippet":"max-snippet:-1","max-image-preview":"max-image-preview:large","max-video-preview":"max-video-preview:-1"},"canonical":"https:\/\/uvbbrasil.com.br\/presidente-da-uniao-dos-vereadores-do-brasil-confirma-presenca-na-proxima-assembleia-da-avevi\/","og_locale":"pt_BR","og_type":"article","og_title":"Presidente da Uni\u00e3o dos Vereadores do Brasil confirma presen\u00e7a na pr\u00f3xima assembleia da Avevi - UVB Brasil","og_description":"O presidente da Uni\u00e3o dos Vereadores do Brasil\/UVB, Gilson Conzatti, confirmou sua presen\u00e7a na pr\u00f3xima assembleia da Associa\u00e7\u00e3o de C\u00e2maras...","og_url":"https:\/\/uvbbrasil.com.br\/presidente-da-uniao-dos-vereadores-do-brasil-confirma-presenca-na-proxima-assembleia-da-avevi\/","og_site_name":"UVB Brasil","article_publisher":"https:\/\/www.facebook.com\/uvb.vereadoresbrasil","article_published_time":"2021-07-14T12:34:36+00:00","og_image":[{"width":960,"height":639,"url":"https:\/\/uvbbrasil.com.br\/wp-content\/uploads\/2021\/07\/giii.jpg","type":"image\/jpeg"}],"author":"adminuvb","twitter_card":"summary_large_image","twitter_misc":{"Escrito por":"adminuvb","Est. tempo de leitura":"1 minuto"},"schema":{"@context":"https:\/\/schema.org","@graph":[{"@type":"Article","@id":"https:\/\/uvbbrasil.com.br\/presidente-da-uniao-dos-vereadores-do-brasil-confirma-presenca-na-proxima-assembleia-da-avevi\/#article","isPartOf":{"@id":"https:\/\/uvbbrasil.com.br\/presidente-da-uniao-dos-vereadores-do-brasil-confirma-presenca-na-proxima-assembleia-da-avevi\/"},"author":{"name":"adminuvb","@id":"https:\/\/uvbbrasil.com.br\/#\/schema\/person\/17990098446c098f52effddff4f1b272"},"headline":"Presidente da Uni\u00e3o dos Vereadores do Brasil confirma presen\u00e7a na pr\u00f3xima assembleia da Avevi","datePublished":"2021-07-14T12:34:36+00:00","mainEntityOfPage":{"@id":"https:\/\/uvbbrasil.com.br\/presidente-da-uniao-dos-vereadores-do-brasil-confirma-presenca-na-proxima-assembleia-da-avevi\/"},"wordCount":234,"commentCount":0,"publisher":{"@id":"https:\/\/uvbbrasil.com.br\/#organization"},"image":{"@id":"https:\/\/uvbbrasil.com.br\/presidente-da-uniao-dos-vereadores-do-brasil-confirma-presenca-na-proxima-assembleia-da-avevi\/#primaryimage"},"thumbnailUrl":"https:\/\/uvbbrasil.com.br\/wp-content\/uploads\/2021\/07\/giii.jpg","articleSection":["NOT\u00cdCIAS","UVB"],"inLanguage":"pt-BR","potentialAction":[{"@type":"CommentAction","name":"Comment","target":["https:\/\/uvbbrasil.com.br\/presidente-da-uniao-dos-vereadores-do-brasil-confirma-presenca-na-proxima-assembleia-da-avevi\/#respond"]}]},{"@type":"WebPage","@id":"https:\/\/uvbbrasil.com.br\/presidente-da-uniao-dos-vereadores-do-brasil-confirma-presenca-na-proxima-assembleia-da-avevi\/","url":"https:\/\/uvbbrasil.com.br\/presidente-da-uniao-dos-vereadores-do-brasil-confirma-presenca-na-proxima-assembleia-da-avevi\/","name":"Presidente da Uni\u00e3o dos Vereadores do Brasil confirma presen\u00e7a na pr\u00f3xima assembleia da Avevi - UVB Brasil","isPartOf":{"@id":"https:\/\/uvbbrasil.com.br\/#website"},"primaryImageOfPage":{"@id":"https:\/\/uvbbrasil.com.br\/presidente-da-uniao-dos-vereadores-do-brasil-confirma-presenca-na-proxima-assembleia-da-avevi\/#primaryimage"},"image":{"@id":"https:\/\/uvbbrasil.com.br\/presidente-da-uniao-dos-vereadores-do-brasil-confirma-presenca-na-proxima-assembleia-da-avevi\/#primaryimage"},"thumbnailUrl":"https:\/\/uvbbrasil.com.br\/wp-content\/uploads\/2021\/07\/giii.jpg","datePublished":"2021-07-14T12:34:36+00:00","breadcrumb":{"@id":"https:\/\/uvbbrasil.com.br\/presidente-da-uniao-dos-vereadores-do-brasil-confirma-presenca-na-proxima-assembleia-da-avevi\/#breadcrumb"},"inLanguage":"pt-BR","potentialAction":[{"@type":"ReadAction","target":["https:\/\/uvbbrasil.com.br\/presidente-da-uniao-dos-vereadores-do-brasil-confirma-presenca-na-proxima-assembleia-da-avevi\/"]}]},{"@type":"ImageObject","inLanguage":"pt-BR","@id":"https:\/\/uvbbrasil.com.br\/presidente-da-uniao-dos-vereadores-do-brasil-confirma-presenca-na-proxima-assembleia-da-avevi\/#primaryimage","url":"https:\/\/uvbbrasil.com.br\/wp-content\/uploads\/2021\/07\/giii.jpg","contentUrl":"https:\/\/uvbbrasil.com.br\/wp-content\/uploads\/2021\/07\/giii.jpg","width":960,"height":639},{"@type":"BreadcrumbList","@id":"https:\/\/uvbbrasil.com.br\/presidente-da-uniao-dos-vereadores-do-brasil-confirma-presenca-na-proxima-assembleia-da-avevi\/#breadcrumb","itemListElement":[{"@type":"ListItem","position":1,"name":"In\u00edcio","item":"https:\/\/uvbbrasil.com.br\/"},{"@type":"ListItem","position":2,"name":"Presidente da Uni\u00e3o dos Vereadores do Brasil confirma presen\u00e7a na pr\u00f3xima assembleia da Avevi"}]},{"@type":"WebSite","@id":"https:\/\/uvbbrasil.com.br\/#website","url":"https:\/\/uvbbrasil.com.br\/","name":"UVB Brasil","description":"Uni\u00e3o dos Vereadores do Brasil","publisher":{"@id":"https:\/\/uvbbrasil.com.br\/#organization"},"potentialAction":[{"@type":"SearchAction","target":{"@type":"EntryPoint","urlTemplate":"https:\/\/uvbbrasil.com.br\/?s={search_term_string}"},"query-input":{"@type":"PropertyValueSpecification","valueRequired":true,"valueName":"search_term_string"}}],"inLanguage":"pt-BR"},{"@type":"Organization","@id":"https:\/\/uvbbrasil.com.br\/#organization","name":"UVB Brasil","url":"https:\/\/uvbbrasil.com.br\/","logo":{"@type":"ImageObject","inLanguage":"pt-BR","@id":"https:\/\/uvbbrasil.com.br\/#\/schema\/logo\/image\/","url":"https:\/\/uvbbrasil.com.br\/wp-content\/uploads\/2025\/01\/LOGO-UVB-2024-azul-1.jpg","contentUrl":"https:\/\/uvbbrasil.com.br\/wp-content\/uploads\/2025\/01\/LOGO-UVB-2024-azul-1.jpg","width":600,"height":211,"caption":"UVB Brasil"},"image":{"@id":"https:\/\/uvbbrasil.com.br\/#\/schema\/logo\/image\/"},"sameAs":["https:\/\/www.facebook.com\/uvb.vereadoresbrasil","https:\/\/www.instagram.com\/uvbbrasil\/","https:\/\/www.youtube.com\/channel\/UCIlPQ8Xzw5GHNzosQIg9S5A"]},{"@type":"Person","@id":"https:\/\/uvbbrasil.com.br\/#\/schema\/person\/17990098446c098f52effddff4f1b272","name":"adminuvb","image":{"@type":"ImageObject","inLanguage":"pt-BR","@id":"https:\/\/uvbbrasil.com.br\/#\/schema\/person\/image\/","url":"https:\/\/secure.gravatar.com\/avatar\/1a494ea6f8e2dd1ae526e55b0e9497efdba542491e0620d704cccf63c6f77c45?s=96&d=mm&r=g","contentUrl":"https:\/\/secure.gravatar.com\/avatar\/1a494ea6f8e2dd1ae526e55b0e9497efdba542491e0620d704cccf63c6f77c45?s=96&d=mm&r=g","caption":"adminuvb"},"sameAs":["https:\/\/uvbbrasil.com.br"],"url":"https:\/\/uvbbrasil.com.br\/author\/adminuvb\/"}]}},"_links":{"self":[{"href":"https:\/\/uvbbrasil.com.br\/uvb-json\/wp\/v2\/posts\/22816","targetHints":{"allow":["GET"]}}],"collection":[{"href":"https:\/\/uvbbrasil.com.br\/uvb-json\/wp\/v2\/posts"}],"about":[{"href":"https:\/\/uvbbrasil.com.br\/uvb-json\/wp\/v2\/types\/post"}],"author":[{"embeddable":true,"href":"https:\/\/uvbbrasil.com.br\/uvb-json\/wp\/v2\/users\/1"}],"replies":[{"embeddable":true,"href":"https:\/\/uvbbrasil.com.br\/uvb-json\/wp\/v2\/comments?post=22816"}],"version-history":[{"count":0,"href":"https:\/\/uvbbrasil.com.br\/uvb-json\/wp\/v2\/posts\/22816\/revisions"}],"wp:featuredmedia":[{"embeddable":true,"href":"https:\/\/uvbbrasil.com.br\/uvb-json\/wp\/v2\/media\/22818"}],"wp:attachment":[{"href":"https:\/\/uvbbrasil.com.br\/uvb-json\/wp\/v2\/media?parent=22816"}],"wp:term":[{"taxonomy":"category","embeddable":true,"href":"https:\/\/uvbbrasil.com.br\/uvb-json\/wp\/v2\/categories?post=22816"},{"taxonomy":"post_tag","embeddable":true,"href":"https:\/\/uvbbrasil.com.br\/uvb-json\/wp\/v2\/tags?post=22816"}],"curies":[{"name":"wp","href":"https:\/\/api.w.org\/{rel}","templated":true}]}}