{"id":22803,"date":"2021-07-12T11:18:30","date_gmt":"2021-07-12T14:18:30","guid":{"rendered":"https:\/\/wpsandbox4.pante.com.br\/?p=22803"},"modified":"2021-07-12T11:18:30","modified_gmt":"2021-07-12T14:18:30","slug":"confira-o-regulamento-do-trofeu-destaque-nacional-2021-na-xx-marcha-dos-legislativos","status":"publish","type":"post","link":"https:\/\/uvbbrasil.com.br\/confira-o-regulamento-do-trofeu-destaque-nacional-2021-na-xx-marcha-dos-legislativos\/","title":{"rendered":"Confira o regulamento  do Trof\u00e9u Destaque Nacional 2021 na XX marcha dos Legislativos"},"content":{"rendered":"\n<p><strong>Trof\u00e9u Destaque Nacional \u2013 UVB 2021<\/strong><\/p>\n\n\n\n<p><strong>REGULAMENTO<\/strong><\/p>\n\n\n\n<p><strong><em>DO OBJETIVO:<\/em><\/strong><\/p>\n\n\n\n<p>O Concurso Destaque Nacional UVB 2021, tem o objetivo de destacar as iniciativas que tenham contribu\u00eddo pelo fortalecimento do poder legislativo municipal, estimulando a integra\u00e7\u00e3o com a comunidade, a melhoria da qualidade de vida das pessoas e demais proposi\u00e7\u00f5es que mere\u00e7am destaque.<\/p>\n\n\n\n<p>Estimular realiza\u00e7\u00f5es com visibilidade de forma positiva na constru\u00e7\u00e3o de uma sociedade mais justa e com a\u00e7\u00f5es p\u00fablicas inovadoras.<\/p>\n\n\n\n<p><strong><em>DAS INSCRI\u00c7\u00d5ES:<\/em><\/strong><\/p>\n\n\n\n<p>As inscri\u00e7\u00f5es ocorrer\u00e3o no dia 24\/08, quarta-feira das 13 as 16 horas, junto ao setor de no setor de credenciamento.<\/p>\n\n\n\n<p>Ser\u00e1 permitida a inscri\u00e7\u00e3o de at\u00e9 dois projetos por concorrente (vereador ou c\u00e2mara) que dever\u00e1 estar inscrito na Marcha dos Vereadores\/2020 \u2013 de 24 a 27 de agosto de 2021.<\/p>\n\n\n\n<p><em><strong>DA APRESENTA\u00c7\u00c3O EM V\u00cdDEO:<\/strong><\/em><\/p>\n\n\n\n<p>Os projetos dever\u00e3o ser apresentados OBRIGATORIAMENTE em forma de v\u00eddeo&nbsp;COM QUALIDADE e&nbsp;SEM RU\u00cdDOS e disponibilizados em Pendrive. A falta da c\u00f3pia digital exclui automaticamente a participa\u00e7\u00e3o do concorrente.<\/p>\n\n\n\n<p><strong><em>DA AVALIA\u00c7\u00c3O:<\/em><\/strong><\/p>\n\n\n\n<p>Os projetos ser\u00e3o apresentados nos tel\u00f5es do audit\u00f3rio principal onde poder\u00e3o ser assistidos por todos os participantes da Marcha dos Vereadores 2021.<\/p>\n\n\n\n<p>Os projetos ser\u00e3o avaliados por uma Comiss\u00e3o Julgadora indicada pelo presidente da UVB, formada por personalidades isentas e sem v\u00ednculo com C\u00e2maras ou Vereadores participantes.<\/p>\n\n\n\n<p>A Comiss\u00e3o Julgadora ter\u00e1 completa e total autonomia para a tomada de decis\u00e3o n\u00e3o cabendo recurso de qualquer tipo \u00e0s suas decis\u00f5es.<\/p>\n\n\n\n<p><strong><em>DOS CRIT\u00c9RIOS:<\/em><\/strong><\/p>\n\n\n\n<p>Os crit\u00e9rios a serem analisados:<\/p>\n\n\n\n<p>A) Ter excelente qualidade de som e imagem na apresenta\u00e7\u00e3o do v\u00eddeo;<\/p>\n\n\n\n<p>B) Ter grau de influ\u00eancia e integra\u00e7\u00e3o&nbsp;com&nbsp;a comunidade local e\/ou regional;<\/p>\n\n\n\n<p>c) Ter a\u00e7\u00f5es de valoriza\u00e7\u00e3o do Poder Legislativo Municipal;<\/p>\n\n\n\n<p>d) Promo\u00e7\u00e3o da cidadania;<\/p>\n\n\n\n<p>f) Ser aproveitado e replicado nas c\u00e2maras e municipais do Brasil, como exemplo de boa iniciativa parlamentar;<\/p>\n\n\n\n<p><em><strong>QUALIDADE<\/strong><\/em><\/p>\n\n\n\n<p>Projetos apresentados com baixa qualidade, ser\u00e3o desclassificados na triagem.<\/p>\n\n\n\n<p><em><strong>TEMPO DA APRESENTA\u00c7\u00c3O:<\/strong><\/em><\/p>\n\n\n\n<p>O tempo m\u00e1ximo de dura\u00e7\u00e3o \u00e9 de cinco (5) minutos. Passado esse tempo, haver\u00e1 desqualifica\u00e7\u00e3o autom\u00e1tica.<\/p>\n\n\n\n<p><em><strong>DA AUTORIZA\u00c7\u00c3O DE DIVULGA\u00c7\u00c3O :<\/strong><\/em><\/p>\n\n\n\n<p>A partir da inscri\u00e7\u00e3o, o participante autoriza a UVB&nbsp;\u00e0 divulgar os projetos em&nbsp;todos os&nbsp;meios de comunica\u00e7\u00e3o, exposi\u00e7\u00e3o, publica\u00e7\u00e3o, redes sociais, \u00e0 t\u00edtulo&nbsp;gratuito em todo e qualquer procedimento, em que UVB entender que seja salutar e sem limite de prazo.<\/p>\n\n\n\n<p><strong><em>DA PREMIA\u00c7\u00c3O:<\/em><\/strong><\/p>\n\n\n\n<p>Ser\u00e3o premiados os melhores projetos avaliados que receber\u00e3o o&nbsp;<strong>Trof\u00e9u Destaque Nacional UVB 2021. Ser\u00e3o premiados at\u00e9 30 projetos.<\/strong><\/p>\n\n\n\n<p>A premia\u00e7\u00e3o ser\u00e1 entregue dia 26\/08 a partir das 18h&nbsp; no palco principal da Marcha dos Vereadores 2021.<\/p>\n\n\n\n<p><a href=\"https:\/\/uvbbrasil.com.br\/wp-content\/uploads\/2019\/04\/Pr%C3%AAmio-Destaque-2019.docx\"><strong>Clique aqui para acessar o formul\u00e1rio de inscri\u00e7\u00e3o \u2013 que dever\u00e1 ser entregue na Marcha dos vereadores.<\/strong><\/a><\/p>\n\n\n\n<p><strong>EDI\u00c7\u00d5ES ANTERIORES:<\/strong><\/p>\n\n\n\n<p><strong>Trof\u00e9u Destaque 2019 com participa\u00e7\u00e3o recorde na edi\u00e7\u00e3o de 2019<\/strong><\/p>\n\n\n\n<p>O Concurso Destaque Nacional UVB 2019, teve recorde de participa\u00e7\u00e3o desde sua cria\u00e7\u00e3o em 2014. Com o objetivo de destacar as iniciativas que tenham contribu\u00eddo pelo fortalecimento do poder legislativo municipal, estimulando a integra\u00e7\u00e3o com a comunidade, a melhoria da qualidade de vida das pessoas e proposi\u00e7\u00f5es destaques nos munic\u00edpios atrav\u00e9s da participa\u00e7\u00e3o e iniciativa de vereadores e vereadoras.<br>A ideia \u00e9 estimular realiza\u00e7\u00f5es com visibilidade de forma positiva na constru\u00e7\u00e3o de uma sociedade mais justa e com a\u00e7\u00f5es p\u00fablicas inovadoras.<br>Os projetos s\u00e3o apresentados em forma de v\u00eddeos, para realmente mostrar na pr\u00e1tica a execu\u00e7\u00e3o do projeto apresentado. Na opini\u00e3o do presidente da UVB, Gilson Conzatti, o que se quer com a apresenta\u00e7\u00e3o em v\u00eddeo e mostrar a execu\u00e7\u00e3o do projeto e n\u00e3o o participante usando o espa\u00e7o para explicar com a sua imagem, essa falta de entendimento ode ter tirados bons projetos da premia\u00e7\u00e3o, mas todos s\u00e3o v\u00e1lidos e importantes para a constru\u00e7\u00e3o de uma sociedade mais igual, finalizou Conzatti.<br><strong>Veja a rela\u00e7\u00e3o dos participantes da edi\u00e7\u00e3o do Trof\u00e9u Destaque 2019:<\/strong><br>01- Francisco Pereira Filho- C\u00e2mara Municipal de Hortol\u00e2ndia-SP (02)Projetos (1-disp\u00f5e sobre o atendimento preferencial aos doadores de \u00f3rg\u00e3os, ossos , sangue e medula \u00f3ssea) 2-disp\u00f5e sobre obrigatoriedade de manuten\u00e7\u00e3o de grupos treinados para o combate a inc\u00eandios, abandono de local, situa\u00e7\u00f5es de emerg\u00eancia e primeiros socorros no munic\u00edpio de Hortol\u00e2ndia e d\u00e1 outras providencias.<br>02-Paula Mendes Gatelli- C\u00e2mara municipal de \u00c1gua Doce-SC<br>Projeto (Preven\u00e7\u00e3o e combate ao Bullying).<br>3-Leonardo Pavanello Junior- C\u00e2mara municipal de Presidente Get\u00falio-SC \u2013Projeto (Esporte e Cultura na pra\u00e7a).<br>4-Lauro Nogueira \u2013 C\u00e2mara municipal de I\u00e7ara-SC \u2013Projeto (Enfermeiros prescrever medicamentos).<br>5-Flavio T\u00e1cito- C\u00e2mara municipal de Mossor\u00f3-RN Projeto (Atra\u00eddos pelo Bem)<br>6- Jos\u00e9 Carlos- C\u00e2mara municipal de Itapecuru Mirim \u2013 MA- (02) Projetos (1-Fiscaliza\u00e7\u00e3o dos Conselhos municipais;2-Aplicativo do Legislativo)<br>7-Loreni Caetano- C\u00e2mara Municipal de Taubat\u00e9-SP Projeto (Transpar\u00eancia na fila de Creches).<br>8-Flavio Eres \u2013 C\u00e2mara Municipal Jo\u00e3o Dourado-BA-Projeto(Uma c\u00e2mara na m\u00e3o e um olhar sobre meu ch\u00e3o)<br>9- Sandro dos Santos Santana- C\u00e2mara Municipal Mata de S\u00e3o Jo\u00e3o-Ba (Atendimento preferenciais na \u00e1rea da sa\u00fade )<br>10- Renan Gon\u00e7alves \u2013 C\u00e2mara Municipal Cruz das Almas-BA (Tratamento fora do domicilio)<br>11-Ana Paula Reiter \u2013 C\u00e2mara Municipal de Indaial-SC (Pertencimento P\u00fablico.)<br>12- Cezar Tadeu Ronchi j\u00fanior- C\u00e2mara Municipal de Macrechal Floriano \u2013 ES ( 1-Permiss\u00e3o para Trasmiss\u00e3o simult\u00e2nea das sess\u00f5es da c\u00e2mara Municipal de Marechal Floriano-ES ;2-Autoriza a cria\u00e7\u00e3o do Museu da imigra\u00e7\u00e3o no munic\u00edpio de Marechal Floriano-ES).<br>13-Viviane Peixoto de Santana -C\u00e2mara Municipal de Amargosa-Ba (Viver da terra)<br>14-Juliano Marinho C\u00e2mara Municipal de Alvorada-RS (Mais participa\u00e7\u00e3o Mais Cidadania).<br>15- Alexsandro Argentina -C\u00e2mara Municipal de Port\u00e3o-RS (Recapeamento de vias p\u00fablica e pelas prestadoras de servi\u00e7os p\u00fablicos.)<br>16-Professor Neriberto C\u00e2mara Municipal de Quer\u00eancia-MT (Redu\u00e7\u00e3o para 30 horas semanais servidores com parentes com defici\u00eancia )<br>17-Valden\u00edcio Anjos-C\u00e2mara Municipal de Quer\u00eancia-MT (Doa\u00e7\u00e3o de Brita e areia para constru\u00e7\u00e3o de cal\u00e7adas)<br>18-Nieliton Costa G\u00f3is-C\u00e2mara Municipal de Bara\u00fana-BA( Conselhos mediadores de Apoio Emocional)<br>19-Martins Neto- C\u00e2mara Municipal de Itabaianinha-SE (Prata da Casa)<br>20- Simone Batista- C\u00e2mara Municipal de \u00c1gua Clara-MS-(Gabinete Itinerante)<br>21-Polaco C\u00e2mara Municipal de Almirante Tamandar\u00e9 \u2013PR (Tamandar\u00e9 Sorridente)<br>22-Rosane Bonho \u2013 C\u00e2mara Municipal de Foz do Igua\u00e7u-PR (Promo\u00e7\u00e3o a igualdade racial)<br>23-Ivo Testoni C\u00e2mara Municipal de Agron\u00f4mica- SC (Aproximar comunidade com o Legislativo).<br>24-Thayse Mendes \u2013 C\u00e2mara Municipal de Itapecuru Mirim-MA (C\u00e2mara Mirim)<br>25-Mauricio Viana \u2013 C\u00e2mara Municipal de Bozano-RS (Futebol feminino)<br>26- Maria de Fatima Castro-C\u00e2mara Municipal de Castro \u2013PR (C\u00e2mara Cidad\u00e3)<br>27-Edmilson Henauth \u2013 C\u00e2mara Municipal de Bonito-PE (Direito aos portadores de espectro Autistas)<br>28-Diego Mota e Jo\u00e3o Bastos \u2013 C\u00e2mara Municipal de Itaituba-PA (Cursinho Popular)<br>29-Gabriela Ricardo C\u00e2mara Municipal de Taquarana-AL (Juntos na Comunidade)<br>30-Pedro Eugenio Sena C\u00e2mara Municipal de (Cinema na Comunidade)<br>31-Antoniel Holanda \u2013 C\u00e2mara Municipal de Itai\u00e7aba-CE 02 PROJETOS(1-Obrigatoriedade de contrata\u00e7\u00e3o de bandas e artistas locais para eventos;2-Atendimento preferencial para portadores de espectro autista)<br>32-Petras Vinicius-C\u00e2mara Municipal de Mossor\u00f3-RN (Mandato para todos)<br>33-Aparecido Silva Lima \u2013 C\u00e2mara Municipal de Holambra-SP 02 PROJETOS (Direito do paciente ter um acompanhante em consultas m\u00e9dicas ;2-Obrigatoriedade de apresenta\u00e7\u00e3o de receita para ministrar medicamentos)<br>34-Bernado Vaccaro Fachinello \u2013 C\u00e2mara Municipal de Cristalina-GO (C\u00e2mara Cultura e Comunidade)<br>35-Marcelo Martins \u2013 C\u00e2mara Municipal de Presidente Get\u00falio-SC (Escova\u00e7\u00e3o Dental)<br>36-Jos\u00e9 Siderlane Mendon\u00e7a- C\u00e2mara Municipal de Macei\u00f3- AL (Psic\u00f3logo Escolar)<br>37-Charton Rego-C\u00e2mara Municipal Apodi-RN (JUSTI\u00c7A, Compaix\u00e3o e Amor )<br>38-Ramon Ara\u00fajo \u2013 Jana\u00faba-MG (Projeto Semana Municipal da Cultura)<\/p>\n\n\n\n<figure class=\"wp-block-image size-large\"><img decoding=\"async\" src=\"https:\/\/uvbbrasil.com.br\/wp-content\/uploads\/2021\/07\/IMG_7169-1024x683.jpg\" alt=\"\" class=\"wp-image-22804\"\/><\/figure>\n","protected":false},"excerpt":{"rendered":"<p>Trof\u00e9u Destaque Nacional \u2013 UVB 2021 REGULAMENTO DO OBJETIVO: O Concurso Destaque Nacional UVB 2021, tem o objetivo de destacar&#8230;<\/p>\n","protected":false},"author":1,"featured_media":22804,"comment_status":"open","ping_status":"open","sticky":false,"template":"","format":"standard","meta":{"footnotes":""},"categories":[3,4],"tags":[],"class_list":["post-22803","post","type-post","status-publish","format-standard","has-post-thumbnail","hentry","category-noticias","category-home"],"yoast_head":"<!-- This site is optimized with the Yoast SEO plugin v26.7 - https:\/\/yoast.com\/wordpress\/plugins\/seo\/ -->\n<title>Confira o regulamento do Trof\u00e9u Destaque Nacional 2021 na XX marcha dos Legislativos - UVB Brasil<\/title>\n<meta name=\"robots\" content=\"index, follow, max-snippet:-1, max-image-preview:large, max-video-preview:-1\" \/>\n<link rel=\"canonical\" href=\"https:\/\/uvbbrasil.com.br\/confira-o-regulamento-do-trofeu-destaque-nacional-2021-na-xx-marcha-dos-legislativos\/\" \/>\n<meta property=\"og:locale\" content=\"pt_BR\" \/>\n<meta property=\"og:type\" content=\"article\" \/>\n<meta property=\"og:title\" content=\"Confira o regulamento do Trof\u00e9u Destaque Nacional 2021 na XX marcha dos Legislativos - UVB Brasil\" \/>\n<meta property=\"og:description\" content=\"Trof\u00e9u Destaque Nacional \u2013 UVB 2021 REGULAMENTO DO OBJETIVO: O Concurso Destaque Nacional UVB 2021, tem o objetivo de destacar...\" \/>\n<meta property=\"og:url\" content=\"https:\/\/uvbbrasil.com.br\/confira-o-regulamento-do-trofeu-destaque-nacional-2021-na-xx-marcha-dos-legislativos\/\" \/>\n<meta property=\"og:site_name\" content=\"UVB Brasil\" \/>\n<meta property=\"article:publisher\" content=\"https:\/\/www.facebook.com\/uvb.vereadoresbrasil\" \/>\n<meta property=\"article:published_time\" content=\"2021-07-12T14:18:30+00:00\" \/>\n<meta property=\"og:image\" content=\"https:\/\/uvbbrasil.com.br\/wp-content\/uploads\/2021\/07\/IMG_7169-scaled-1.jpg\" \/>\n\t<meta property=\"og:image:width\" content=\"2560\" \/>\n\t<meta property=\"og:image:height\" content=\"1707\" \/>\n\t<meta property=\"og:image:type\" content=\"image\/jpeg\" \/>\n<meta name=\"author\" content=\"adminuvb\" \/>\n<meta name=\"twitter:card\" content=\"summary_large_image\" \/>\n<meta name=\"twitter:label1\" content=\"Escrito por\" \/>\n\t<meta name=\"twitter:data1\" content=\"adminuvb\" \/>\n\t<meta name=\"twitter:label2\" content=\"Est. tempo de leitura\" \/>\n\t<meta name=\"twitter:data2\" content=\"7 minutos\" \/>\n<script type=\"application\/ld+json\" class=\"yoast-schema-graph\">{\"@context\":\"https:\/\/schema.org\",\"@graph\":[{\"@type\":\"Article\",\"@id\":\"https:\/\/uvbbrasil.com.br\/confira-o-regulamento-do-trofeu-destaque-nacional-2021-na-xx-marcha-dos-legislativos\/#article\",\"isPartOf\":{\"@id\":\"https:\/\/uvbbrasil.com.br\/confira-o-regulamento-do-trofeu-destaque-nacional-2021-na-xx-marcha-dos-legislativos\/\"},\"author\":{\"name\":\"adminuvb\",\"@id\":\"https:\/\/uvbbrasil.com.br\/#\/schema\/person\/17990098446c098f52effddff4f1b272\"},\"headline\":\"Confira o regulamento do Trof\u00e9u Destaque Nacional 2021 na XX marcha dos Legislativos\",\"datePublished\":\"2021-07-12T14:18:30+00:00\",\"mainEntityOfPage\":{\"@id\":\"https:\/\/uvbbrasil.com.br\/confira-o-regulamento-do-trofeu-destaque-nacional-2021-na-xx-marcha-dos-legislativos\/\"},\"wordCount\":1333,\"commentCount\":0,\"publisher\":{\"@id\":\"https:\/\/uvbbrasil.com.br\/#organization\"},\"image\":{\"@id\":\"https:\/\/uvbbrasil.com.br\/confira-o-regulamento-do-trofeu-destaque-nacional-2021-na-xx-marcha-dos-legislativos\/#primaryimage\"},\"thumbnailUrl\":\"https:\/\/uvbbrasil.com.br\/wp-content\/uploads\/2021\/07\/IMG_7169-scaled-1.jpg\",\"articleSection\":[\"NOT\u00cdCIAS\",\"UVB\"],\"inLanguage\":\"pt-BR\",\"potentialAction\":[{\"@type\":\"CommentAction\",\"name\":\"Comment\",\"target\":[\"https:\/\/uvbbrasil.com.br\/confira-o-regulamento-do-trofeu-destaque-nacional-2021-na-xx-marcha-dos-legislativos\/#respond\"]}]},{\"@type\":\"WebPage\",\"@id\":\"https:\/\/uvbbrasil.com.br\/confira-o-regulamento-do-trofeu-destaque-nacional-2021-na-xx-marcha-dos-legislativos\/\",\"url\":\"https:\/\/uvbbrasil.com.br\/confira-o-regulamento-do-trofeu-destaque-nacional-2021-na-xx-marcha-dos-legislativos\/\",\"name\":\"Confira o regulamento do Trof\u00e9u Destaque Nacional 2021 na XX marcha dos Legislativos - UVB Brasil\",\"isPartOf\":{\"@id\":\"https:\/\/uvbbrasil.com.br\/#website\"},\"primaryImageOfPage\":{\"@id\":\"https:\/\/uvbbrasil.com.br\/confira-o-regulamento-do-trofeu-destaque-nacional-2021-na-xx-marcha-dos-legislativos\/#primaryimage\"},\"image\":{\"@id\":\"https:\/\/uvbbrasil.com.br\/confira-o-regulamento-do-trofeu-destaque-nacional-2021-na-xx-marcha-dos-legislativos\/#primaryimage\"},\"thumbnailUrl\":\"https:\/\/uvbbrasil.com.br\/wp-content\/uploads\/2021\/07\/IMG_7169-scaled-1.jpg\",\"datePublished\":\"2021-07-12T14:18:30+00:00\",\"breadcrumb\":{\"@id\":\"https:\/\/uvbbrasil.com.br\/confira-o-regulamento-do-trofeu-destaque-nacional-2021-na-xx-marcha-dos-legislativos\/#breadcrumb\"},\"inLanguage\":\"pt-BR\",\"potentialAction\":[{\"@type\":\"ReadAction\",\"target\":[\"https:\/\/uvbbrasil.com.br\/confira-o-regulamento-do-trofeu-destaque-nacional-2021-na-xx-marcha-dos-legislativos\/\"]}]},{\"@type\":\"ImageObject\",\"inLanguage\":\"pt-BR\",\"@id\":\"https:\/\/uvbbrasil.com.br\/confira-o-regulamento-do-trofeu-destaque-nacional-2021-na-xx-marcha-dos-legislativos\/#primaryimage\",\"url\":\"https:\/\/uvbbrasil.com.br\/wp-content\/uploads\/2021\/07\/IMG_7169-scaled-1.jpg\",\"contentUrl\":\"https:\/\/uvbbrasil.com.br\/wp-content\/uploads\/2021\/07\/IMG_7169-scaled-1.jpg\",\"width\":2560,\"height\":1707},{\"@type\":\"BreadcrumbList\",\"@id\":\"https:\/\/uvbbrasil.com.br\/confira-o-regulamento-do-trofeu-destaque-nacional-2021-na-xx-marcha-dos-legislativos\/#breadcrumb\",\"itemListElement\":[{\"@type\":\"ListItem\",\"position\":1,\"name\":\"In\u00edcio\",\"item\":\"https:\/\/uvbbrasil.com.br\/\"},{\"@type\":\"ListItem\",\"position\":2,\"name\":\"Confira o regulamento do Trof\u00e9u Destaque Nacional 2021 na XX marcha dos Legislativos\"}]},{\"@type\":\"WebSite\",\"@id\":\"https:\/\/uvbbrasil.com.br\/#website\",\"url\":\"https:\/\/uvbbrasil.com.br\/\",\"name\":\"UVB Brasil\",\"description\":\"Uni\u00e3o dos Vereadores do Brasil\",\"publisher\":{\"@id\":\"https:\/\/uvbbrasil.com.br\/#organization\"},\"potentialAction\":[{\"@type\":\"SearchAction\",\"target\":{\"@type\":\"EntryPoint\",\"urlTemplate\":\"https:\/\/uvbbrasil.com.br\/?s={search_term_string}\"},\"query-input\":{\"@type\":\"PropertyValueSpecification\",\"valueRequired\":true,\"valueName\":\"search_term_string\"}}],\"inLanguage\":\"pt-BR\"},{\"@type\":\"Organization\",\"@id\":\"https:\/\/uvbbrasil.com.br\/#organization\",\"name\":\"UVB Brasil\",\"url\":\"https:\/\/uvbbrasil.com.br\/\",\"logo\":{\"@type\":\"ImageObject\",\"inLanguage\":\"pt-BR\",\"@id\":\"https:\/\/uvbbrasil.com.br\/#\/schema\/logo\/image\/\",\"url\":\"https:\/\/uvbbrasil.com.br\/wp-content\/uploads\/2025\/01\/LOGO-UVB-2024-azul-1.jpg\",\"contentUrl\":\"https:\/\/uvbbrasil.com.br\/wp-content\/uploads\/2025\/01\/LOGO-UVB-2024-azul-1.jpg\",\"width\":600,\"height\":211,\"caption\":\"UVB Brasil\"},\"image\":{\"@id\":\"https:\/\/uvbbrasil.com.br\/#\/schema\/logo\/image\/\"},\"sameAs\":[\"https:\/\/www.facebook.com\/uvb.vereadoresbrasil\",\"https:\/\/www.instagram.com\/uvbbrasil\/\",\"https:\/\/www.youtube.com\/channel\/UCIlPQ8Xzw5GHNzosQIg9S5A\"]},{\"@type\":\"Person\",\"@id\":\"https:\/\/uvbbrasil.com.br\/#\/schema\/person\/17990098446c098f52effddff4f1b272\",\"name\":\"adminuvb\",\"image\":{\"@type\":\"ImageObject\",\"inLanguage\":\"pt-BR\",\"@id\":\"https:\/\/uvbbrasil.com.br\/#\/schema\/person\/image\/\",\"url\":\"https:\/\/secure.gravatar.com\/avatar\/1a494ea6f8e2dd1ae526e55b0e9497efdba542491e0620d704cccf63c6f77c45?s=96&d=mm&r=g\",\"contentUrl\":\"https:\/\/secure.gravatar.com\/avatar\/1a494ea6f8e2dd1ae526e55b0e9497efdba542491e0620d704cccf63c6f77c45?s=96&d=mm&r=g\",\"caption\":\"adminuvb\"},\"sameAs\":[\"https:\/\/uvbbrasil.com.br\"],\"url\":\"https:\/\/uvbbrasil.com.br\/author\/adminuvb\/\"}]}<\/script>\n<!-- \/ Yoast SEO plugin. -->","yoast_head_json":{"title":"Confira o regulamento do Trof\u00e9u Destaque Nacional 2021 na XX marcha dos Legislativos - UVB Brasil","robots":{"index":"index","follow":"follow","max-snippet":"max-snippet:-1","max-image-preview":"max-image-preview:large","max-video-preview":"max-video-preview:-1"},"canonical":"https:\/\/uvbbrasil.com.br\/confira-o-regulamento-do-trofeu-destaque-nacional-2021-na-xx-marcha-dos-legislativos\/","og_locale":"pt_BR","og_type":"article","og_title":"Confira o regulamento do Trof\u00e9u Destaque Nacional 2021 na XX marcha dos Legislativos - UVB Brasil","og_description":"Trof\u00e9u Destaque Nacional \u2013 UVB 2021 REGULAMENTO DO OBJETIVO: O Concurso Destaque Nacional UVB 2021, tem o objetivo de destacar...","og_url":"https:\/\/uvbbrasil.com.br\/confira-o-regulamento-do-trofeu-destaque-nacional-2021-na-xx-marcha-dos-legislativos\/","og_site_name":"UVB Brasil","article_publisher":"https:\/\/www.facebook.com\/uvb.vereadoresbrasil","article_published_time":"2021-07-12T14:18:30+00:00","og_image":[{"width":2560,"height":1707,"url":"https:\/\/uvbbrasil.com.br\/wp-content\/uploads\/2021\/07\/IMG_7169-scaled-1.jpg","type":"image\/jpeg"}],"author":"adminuvb","twitter_card":"summary_large_image","twitter_misc":{"Escrito por":"adminuvb","Est. tempo de leitura":"7 minutos"},"schema":{"@context":"https:\/\/schema.org","@graph":[{"@type":"Article","@id":"https:\/\/uvbbrasil.com.br\/confira-o-regulamento-do-trofeu-destaque-nacional-2021-na-xx-marcha-dos-legislativos\/#article","isPartOf":{"@id":"https:\/\/uvbbrasil.com.br\/confira-o-regulamento-do-trofeu-destaque-nacional-2021-na-xx-marcha-dos-legislativos\/"},"author":{"name":"adminuvb","@id":"https:\/\/uvbbrasil.com.br\/#\/schema\/person\/17990098446c098f52effddff4f1b272"},"headline":"Confira o regulamento do Trof\u00e9u Destaque Nacional 2021 na XX marcha dos Legislativos","datePublished":"2021-07-12T14:18:30+00:00","mainEntityOfPage":{"@id":"https:\/\/uvbbrasil.com.br\/confira-o-regulamento-do-trofeu-destaque-nacional-2021-na-xx-marcha-dos-legislativos\/"},"wordCount":1333,"commentCount":0,"publisher":{"@id":"https:\/\/uvbbrasil.com.br\/#organization"},"image":{"@id":"https:\/\/uvbbrasil.com.br\/confira-o-regulamento-do-trofeu-destaque-nacional-2021-na-xx-marcha-dos-legislativos\/#primaryimage"},"thumbnailUrl":"https:\/\/uvbbrasil.com.br\/wp-content\/uploads\/2021\/07\/IMG_7169-scaled-1.jpg","articleSection":["NOT\u00cdCIAS","UVB"],"inLanguage":"pt-BR","potentialAction":[{"@type":"CommentAction","name":"Comment","target":["https:\/\/uvbbrasil.com.br\/confira-o-regulamento-do-trofeu-destaque-nacional-2021-na-xx-marcha-dos-legislativos\/#respond"]}]},{"@type":"WebPage","@id":"https:\/\/uvbbrasil.com.br\/confira-o-regulamento-do-trofeu-destaque-nacional-2021-na-xx-marcha-dos-legislativos\/","url":"https:\/\/uvbbrasil.com.br\/confira-o-regulamento-do-trofeu-destaque-nacional-2021-na-xx-marcha-dos-legislativos\/","name":"Confira o regulamento do Trof\u00e9u Destaque Nacional 2021 na XX marcha dos Legislativos - UVB Brasil","isPartOf":{"@id":"https:\/\/uvbbrasil.com.br\/#website"},"primaryImageOfPage":{"@id":"https:\/\/uvbbrasil.com.br\/confira-o-regulamento-do-trofeu-destaque-nacional-2021-na-xx-marcha-dos-legislativos\/#primaryimage"},"image":{"@id":"https:\/\/uvbbrasil.com.br\/confira-o-regulamento-do-trofeu-destaque-nacional-2021-na-xx-marcha-dos-legislativos\/#primaryimage"},"thumbnailUrl":"https:\/\/uvbbrasil.com.br\/wp-content\/uploads\/2021\/07\/IMG_7169-scaled-1.jpg","datePublished":"2021-07-12T14:18:30+00:00","breadcrumb":{"@id":"https:\/\/uvbbrasil.com.br\/confira-o-regulamento-do-trofeu-destaque-nacional-2021-na-xx-marcha-dos-legislativos\/#breadcrumb"},"inLanguage":"pt-BR","potentialAction":[{"@type":"ReadAction","target":["https:\/\/uvbbrasil.com.br\/confira-o-regulamento-do-trofeu-destaque-nacional-2021-na-xx-marcha-dos-legislativos\/"]}]},{"@type":"ImageObject","inLanguage":"pt-BR","@id":"https:\/\/uvbbrasil.com.br\/confira-o-regulamento-do-trofeu-destaque-nacional-2021-na-xx-marcha-dos-legislativos\/#primaryimage","url":"https:\/\/uvbbrasil.com.br\/wp-content\/uploads\/2021\/07\/IMG_7169-scaled-1.jpg","contentUrl":"https:\/\/uvbbrasil.com.br\/wp-content\/uploads\/2021\/07\/IMG_7169-scaled-1.jpg","width":2560,"height":1707},{"@type":"BreadcrumbList","@id":"https:\/\/uvbbrasil.com.br\/confira-o-regulamento-do-trofeu-destaque-nacional-2021-na-xx-marcha-dos-legislativos\/#breadcrumb","itemListElement":[{"@type":"ListItem","position":1,"name":"In\u00edcio","item":"https:\/\/uvbbrasil.com.br\/"},{"@type":"ListItem","position":2,"name":"Confira o regulamento do Trof\u00e9u Destaque Nacional 2021 na XX marcha dos Legislativos"}]},{"@type":"WebSite","@id":"https:\/\/uvbbrasil.com.br\/#website","url":"https:\/\/uvbbrasil.com.br\/","name":"UVB Brasil","description":"Uni\u00e3o dos Vereadores do Brasil","publisher":{"@id":"https:\/\/uvbbrasil.com.br\/#organization"},"potentialAction":[{"@type":"SearchAction","target":{"@type":"EntryPoint","urlTemplate":"https:\/\/uvbbrasil.com.br\/?s={search_term_string}"},"query-input":{"@type":"PropertyValueSpecification","valueRequired":true,"valueName":"search_term_string"}}],"inLanguage":"pt-BR"},{"@type":"Organization","@id":"https:\/\/uvbbrasil.com.br\/#organization","name":"UVB Brasil","url":"https:\/\/uvbbrasil.com.br\/","logo":{"@type":"ImageObject","inLanguage":"pt-BR","@id":"https:\/\/uvbbrasil.com.br\/#\/schema\/logo\/image\/","url":"https:\/\/uvbbrasil.com.br\/wp-content\/uploads\/2025\/01\/LOGO-UVB-2024-azul-1.jpg","contentUrl":"https:\/\/uvbbrasil.com.br\/wp-content\/uploads\/2025\/01\/LOGO-UVB-2024-azul-1.jpg","width":600,"height":211,"caption":"UVB Brasil"},"image":{"@id":"https:\/\/uvbbrasil.com.br\/#\/schema\/logo\/image\/"},"sameAs":["https:\/\/www.facebook.com\/uvb.vereadoresbrasil","https:\/\/www.instagram.com\/uvbbrasil\/","https:\/\/www.youtube.com\/channel\/UCIlPQ8Xzw5GHNzosQIg9S5A"]},{"@type":"Person","@id":"https:\/\/uvbbrasil.com.br\/#\/schema\/person\/17990098446c098f52effddff4f1b272","name":"adminuvb","image":{"@type":"ImageObject","inLanguage":"pt-BR","@id":"https:\/\/uvbbrasil.com.br\/#\/schema\/person\/image\/","url":"https:\/\/secure.gravatar.com\/avatar\/1a494ea6f8e2dd1ae526e55b0e9497efdba542491e0620d704cccf63c6f77c45?s=96&d=mm&r=g","contentUrl":"https:\/\/secure.gravatar.com\/avatar\/1a494ea6f8e2dd1ae526e55b0e9497efdba542491e0620d704cccf63c6f77c45?s=96&d=mm&r=g","caption":"adminuvb"},"sameAs":["https:\/\/uvbbrasil.com.br"],"url":"https:\/\/uvbbrasil.com.br\/author\/adminuvb\/"}]}},"_links":{"self":[{"href":"https:\/\/uvbbrasil.com.br\/uvb-json\/wp\/v2\/posts\/22803","targetHints":{"allow":["GET"]}}],"collection":[{"href":"https:\/\/uvbbrasil.com.br\/uvb-json\/wp\/v2\/posts"}],"about":[{"href":"https:\/\/uvbbrasil.com.br\/uvb-json\/wp\/v2\/types\/post"}],"author":[{"embeddable":true,"href":"https:\/\/uvbbrasil.com.br\/uvb-json\/wp\/v2\/users\/1"}],"replies":[{"embeddable":true,"href":"https:\/\/uvbbrasil.com.br\/uvb-json\/wp\/v2\/comments?post=22803"}],"version-history":[{"count":0,"href":"https:\/\/uvbbrasil.com.br\/uvb-json\/wp\/v2\/posts\/22803\/revisions"}],"wp:featuredmedia":[{"embeddable":true,"href":"https:\/\/uvbbrasil.com.br\/uvb-json\/wp\/v2\/media\/22804"}],"wp:attachment":[{"href":"https:\/\/uvbbrasil.com.br\/uvb-json\/wp\/v2\/media?parent=22803"}],"wp:term":[{"taxonomy":"category","embeddable":true,"href":"https:\/\/uvbbrasil.com.br\/uvb-json\/wp\/v2\/categories?post=22803"},{"taxonomy":"post_tag","embeddable":true,"href":"https:\/\/uvbbrasil.com.br\/uvb-json\/wp\/v2\/tags?post=22803"}],"curies":[{"name":"wp","href":"https:\/\/api.w.org\/{rel}","templated":true}]}}