{"id":22732,"date":"2021-07-07T18:18:59","date_gmt":"2021-07-07T21:18:59","guid":{"rendered":"https:\/\/wpsandbox4.pante.com.br\/?p=22732"},"modified":"2021-07-07T18:18:59","modified_gmt":"2021-07-07T21:18:59","slug":"xx-marcha-dos-legislativos-municipais-com-abertura-oficial-dia-24-de-agosto","status":"publish","type":"post","link":"https:\/\/uvbbrasil.com.br\/xx-marcha-dos-legislativos-municipais-com-abertura-oficial-dia-24-de-agosto\/","title":{"rendered":"XX Marcha dos Legislativos Municipais com abertura oficial dia 24 de agosto"},"content":{"rendered":"\n<p>A XX Marcha dos Legislativos Municipais \u00e9 uma mobiliza\u00e7\u00e3o realizada e organizada anualmente pela Uni\u00e3o dos Vereadores do Brasil\/UVB, em Bras\u00edlia, com o objetivo de reunir as c\u00e2maras municipais do Brasil, atrav\u00e9s de seus integrantes(Vereadores(as), Assessores, Diretores, Procuradores e servidores), para debater o fortalecimento do legislativo municipal, a defesa do municipalismo e o momento pol\u00edtico atual no cen\u00e1rio nacional.<\/p>\n\n\n\n<p> Na XX edi\u00e7\u00e3o da Marcha dos Legislativos a abertura oficial ser\u00e1 realizada no dia 24 de agosto( Ter\u00e7a-feira), todos os protocolos sanit\u00e1rios exigidos pela OMS e Governo do Distrito Federal ser\u00e3o respeitados, evento com vagas limitadas.  <\/p>\n\n\n\n<p>Comunicamos que as inscri\u00e7\u00f5es para o <strong>Trof\u00e9u destaque edi\u00e7\u00e3o 2021<\/strong> ser\u00e1 realizada no dia 24 de agosto durante o credenciamento,( confira as instru\u00e7\u00f5es no  Regulamento TROF\u00c9U DESTAQUE 2021-https:\/\/uvbbrasil.com.br\/wp-admin\/post.php?post=452&amp;action=edit) ou pelo telefone (51) 9803316-42- Thain\u00e1 Leite.<\/p>\n\n\n\n<p>                                                              <strong>Confira a baixo a Pr\u00e9 Programa\u00e7\u00e3o<\/strong>.<\/p>\n\n\n\n<p>                                                              <em><strong>(PR\u00c9) PROGRAMA\u00c7\u00c3O XX MARCHA*<\/strong><\/em><\/p>\n\n\n\n<p>                                                  <em><strong>( *Programa\u00e7\u00e3o sujeita a altera\u00e7\u00f5es sem aviso pr\u00e9vio)<\/strong><\/em><\/p>\n\n\n\n<p><\/p>\n\n\n\n<p>                                                                   <strong><em>Dia 24 &#8211; Ter\u00e7a-Feira<\/em><\/strong><\/p>\n\n\n\n<p>13h as 17h \u2013 In\u00edcio do Credenciamento\/Retirada de Material<\/p>\n\n\n\n<p>17h \u2013 Abertura Oficial<\/p>\n\n\n\n<p>Participa\u00e7\u00e3o dos Presidentes das Entidades Estaduais \u2013 F\u00f3rum dos Presidentes<\/p>\n\n\n\n<p>20h \u2013 Reuni\u00e3o\/Jantar do F\u00f3rum Nacional dos Presidentes das Entidades Estaduais<\/p>\n\n\n\n<p>                                                                    <strong><em>Dia 25 \u2013 Quarta-Feira<\/em><\/strong><\/p>\n\n\n\n<p>08:30 \u2013 Recep\u00e7\u00e3o<\/p>\n\n\n\n<p>09h \u2013 Tribunal de Contas e a Rela\u00e7\u00e3o com o Legislativo Municipal \u2013 (Terciliano)<\/p>\n\n\n\n<p>10h \u2013 Lan\u00e7amento PROLEGIS \u2013 Programa de Intera\u00e7\u00e3o Legislativa da C\u00e2mara Federal<\/p>\n\n\n\n<p>Andr\u00e9 de Paula \u2013 Deputado Federal, Segundo-Vice-Presidente da C\u00e2mara dos Deputados<\/p>\n\n\n\n<p>11h \u2013 Palestra Causa Animal \u2013 Coordena\u00e7\u00e3o UVB Animal<\/p>\n\n\n\n<p>12h \u2013 Intervalo para almo\u00e7o<\/p>\n\n\n\n<p>13h30min \u2013<\/p>\n\n\n\n<p>14h \u2013 Marco Legal da Primeira Inf\u00e2ncia<\/p>\n\n\n\n<p>Leandre Dal Ponte, Deputada Federal (PV\/PR), presidente da Frente Parlamentar pela primeira inf\u00e2ncia. Participa\u00e7\u00e3o especial de represente da UNICEF<\/p>\n\n\n\n<p>15h \u2013 Mulheres nas Esferas de Decis\u00e3o e Poder<\/p>\n\n\n\n<p>F\u00f3rum Nacional da Mulher Parlamentar, participa\u00e7\u00e3o da Secret\u00e1ria Nacional de Politicas P\u00fablicas para as Mulheres, Cristiane Britto<\/p>\n\n\n\n<p>16h \u2013 A Nova Lei das Licita\u00e7\u00f5es<\/p>\n\n\n\n<p>Fernanda Marinela, Ministra do Conselho Nacional do Minist\u00e9rio P\u00fablico<\/p>\n\n\n\n<p>17h \u2013 Manual Pr\u00e1tico de Comunica\u00e7\u00e3o Pol\u00edtica Inteligente<\/p>\n\n\n\n<p>Alzira Fernanda Oliveira, Tecn\u00f3loga em Sistemas de Informa\u00e7\u00e3o, Perita CSI, 19 P\u00f3s-Gradua\u00e7\u00f5es, recebeu a Medalha Combate Corrup\u00e7\u00e3o \u2013 EUA<\/p>\n\n\n\n<p>18h \u2013 A confirmar<\/p>\n\n\n\n<p>                                                            <strong><em>Dia 26 \u2013 Quinta-Feira<\/em><\/strong><\/p>\n\n\n\n<p>08:30 \u2013 Recep\u00e7\u00e3o<\/p>\n\n\n\n<p>09h \u2013 &nbsp;Governan\u00e7a da Gest\u00e3o P\u00fablica<\/p>\n\n\n\n<p>Jo\u00e3o Augusto Ribeiro Nardes \u2013 Ministro do Tribunal de Contas da Uni\u00e3o \u2013 TCU<\/p>\n\n\n\n<p>10h \u2013 Popuri Legislativo \u2013 Temas Jur\u00eddicos de Interesse do Mandato dos Vereadores<\/p>\n\n\n\n<p>Participa\u00e7\u00e3o dos advogados e consultores da UVB, Andr\u00e9 Camillo, Danilo Falc\u00e3o e Eduardo Requi\u00e3o<\/p>\n\n\n\n<p>11h \u2013 O papel do ILB \u2013 Programa Interlegis na Forma\u00e7\u00e3o Legislativa das C\u00e2maras Municipais<\/p>\n\n\n\n<p>Fernando Augusto de Andrade Barbosa, Diretor Executivo Instituto Legislativo Brasileiro \u2013 ILB \u2013 Programa Interlegis \u2013 Senado Federal, Bras\u00edli\/DF<\/p>\n\n\n\n<p>12h \u2013 Intervalo para almo\u00e7o<\/p>\n\n\n\n<p>13h30min \u2013 Tribuna Livre<\/p>\n\n\n\n<p>14h \u2013 Instagram como Ferramenta do Mandato<\/p>\n\n\n\n<p>Rafaella Casalotti \u2013 Advogada, Empreendedora MKT Digital, S\u00e3o Bernardo do Campo\/SP<\/p>\n\n\n\n<p>15h \u2013 Comunica\u00e7\u00e3o para o Sucesso Legislativo<\/p>\n\n\n\n<p>Tadeu Comerlatto \u2013 Palestrante, comunicador, escritor, consultor pol\u00edtico de administra\u00e7\u00e3o p\u00fablica, de gest\u00e3o de pessoas e analista de pesquisas. Florian\u00f3polis\/SC.<\/p>\n\n\n\n<p>16h \u2013 As Escolas Legislativas e o fortalecimento do Mandato<\/p>\n\n\n\n<p>Jo\u00e3o Maria de Lima, Presidente da Associa\u00e7\u00e3o Potiguar das Escolas Legislativas (ASPEL), Diretor da Escola da Assembleia do RN, Fomentou a cria\u00e7\u00e3o de 45 Escolas Legislativas no Rio Grande do Norte.<\/p>\n\n\n\n<p>17h \u2013 Os 5 passos jur\u00eddicos para um mandato de sucesso!<\/p>\n\n\n\n<p>Marco Ant\u00f4nio da Silva \u2013 advogado, mestre em direito internacional, Professor da P\u00f3s Gradua\u00e7\u00e3o em Direito Eleitoral, Ex-Secret\u00e1rio de Estado do Governo de S\u00e3o Paulo<\/p>\n\n\n\n<p>18h \u2013 Entrega Trof\u00e9u Destaque Legislativo<\/p>\n\n\n\n<p>                                                                 <strong><em>Dia 27 \u2013 Sexta-Feira<\/em><\/strong><\/p>\n\n\n\n<p>10h \u2013&nbsp;Mobiliza\u00e7\u00e3o das Bandeiras \u2013 Encontro na Pra\u00e7a dos Tr\u00eas Poderes com Desfile das Bandeiras Municipais<\/p>\n\n\n\n<p>\u201cLEVE A BANDEIRA DO SEU MUNIC\u00cdPO PARA A PRA\u00c7A DOS TR\u00caS PODERES\u201d<\/p>\n\n\n\n<p>11h \u2013 Encerramento<\/p>\n\n\n\n<p>                                               <strong>*Programa\u00e7\u00e3o sujeita a altera\u00e7\u00f5es sem aviso pr\u00e9vio.<\/strong><\/p>\n\n\n\n<p><\/p>\n\n\n\n<p><strong>Local:<\/strong> <strong>\u00d3PERA HALL<\/strong> &#8211; Setor Hoteleiro Tur\u00edstico Norte &#8211; SHTN, Trecho 2, Projeto Orla 3 &#8211; CEP 70800-200<\/p>\n\n\n\n<p><em><strong>P\u00daBLICO ALVO:&nbsp;<\/strong><\/em>Vereadores (as), Diretores (as), Assessores (as) Servidores (as) de C\u00e2maras Municipais.<\/p>\n\n\n\n<p>Secret\u00e1rios (as), Diretores (as), Procuradores (as), Assessores (as)&nbsp; Prefeitos (as) e Servidores (as) de Prefeituras Municipais e demais interessados nas mat\u00e9rias apresentadas.<\/p>\n\n\n\n<p><strong><em>OBJETIVO DA MARCHA<\/em><\/strong><em><strong>:<\/strong> <\/em>Mobilizar as C\u00e2maras Municipais atrav\u00e9s de seus Vereadores (as) e Assessoras (as), conforme as determina\u00e7\u00f5es da legisla\u00e7\u00e3o municipal e constitui\u00e7\u00e3o federal. Possibilitar uma mobiliza\u00e7\u00e3o nacional com a integra\u00e7\u00e3o entre vereadores do Brasil na&nbsp;garantia de mais recursos para os munic\u00edpios. Discutir&nbsp;temas e demandas Federativas que Impactam os Munic\u00edpios.<\/p>\n\n\n\n<p>                                       <em><strong>COVID-19: VAGAS LIMITADAS DE ACORDO COM O DECRETO DO GDF<\/strong><\/em><\/p>\n\n\n\n<p>                                     <em><strong>SER\u00c3O RESPEITADOS OS PROTOCOLOS DA OMS E DECRETOS DO GDF<\/strong><\/em><\/p>\n\n\n\n<figure class=\"wp-block-image size-large\"><img fetchpriority=\"high\" decoding=\"async\" width=\"1024\" height=\"1024\" src=\"https:\/\/uvbbrasil.com.br\/wp-content\/uploads\/2021\/07\/WhatsApp-Image-2021-07-07-at-08.50.09-1024x1024.jpeg\" alt=\"\" class=\"wp-image-22738\" srcset=\"https:\/\/uvbbrasil.com.br\/wp-content\/uploads\/2021\/07\/WhatsApp-Image-2021-07-07-at-08.50.09-1024x1024.jpeg 1024w, https:\/\/uvbbrasil.com.br\/wp-content\/uploads\/2021\/07\/WhatsApp-Image-2021-07-07-at-08.50.09-300x300.jpeg 300w, https:\/\/uvbbrasil.com.br\/wp-content\/uploads\/2021\/07\/WhatsApp-Image-2021-07-07-at-08.50.09-150x150.jpeg 150w, https:\/\/uvbbrasil.com.br\/wp-content\/uploads\/2021\/07\/WhatsApp-Image-2021-07-07-at-08.50.09-768x768.jpeg 768w, https:\/\/uvbbrasil.com.br\/wp-content\/uploads\/2021\/07\/WhatsApp-Image-2021-07-07-at-08.50.09.jpeg 1080w\" sizes=\"(max-width: 1024px) 100vw, 1024px\" \/><\/figure>\n","protected":false},"excerpt":{"rendered":"<p>A XX Marcha dos Legislativos Municipais \u00e9 uma mobiliza\u00e7\u00e3o realizada e organizada anualmente pela Uni\u00e3o dos Vereadores do Brasil\/UVB, em&#8230;<\/p>\n","protected":false},"author":1,"featured_media":22738,"comment_status":"open","ping_status":"open","sticky":false,"template":"","format":"standard","meta":{"footnotes":""},"categories":[3,4],"tags":[],"class_list":["post-22732","post","type-post","status-publish","format-standard","has-post-thumbnail","hentry","category-noticias","category-home"],"yoast_head":"<!-- This site is optimized with the Yoast SEO plugin v26.7 - https:\/\/yoast.com\/wordpress\/plugins\/seo\/ -->\n<title>XX Marcha dos Legislativos Municipais com abertura oficial dia 24 de agosto - UVB Brasil<\/title>\n<meta name=\"robots\" content=\"index, follow, max-snippet:-1, max-image-preview:large, max-video-preview:-1\" \/>\n<link rel=\"canonical\" href=\"https:\/\/uvbbrasil.com.br\/xx-marcha-dos-legislativos-municipais-com-abertura-oficial-dia-24-de-agosto\/\" \/>\n<meta property=\"og:locale\" content=\"pt_BR\" \/>\n<meta property=\"og:type\" content=\"article\" \/>\n<meta property=\"og:title\" content=\"XX Marcha dos Legislativos Municipais com abertura oficial dia 24 de agosto - UVB Brasil\" \/>\n<meta property=\"og:description\" content=\"A XX Marcha dos Legislativos Municipais \u00e9 uma mobiliza\u00e7\u00e3o realizada e organizada anualmente pela Uni\u00e3o dos Vereadores do Brasil\/UVB, em...\" \/>\n<meta property=\"og:url\" content=\"https:\/\/uvbbrasil.com.br\/xx-marcha-dos-legislativos-municipais-com-abertura-oficial-dia-24-de-agosto\/\" \/>\n<meta property=\"og:site_name\" content=\"UVB Brasil\" \/>\n<meta property=\"article:publisher\" content=\"https:\/\/www.facebook.com\/uvb.vereadoresbrasil\" \/>\n<meta property=\"article:published_time\" content=\"2021-07-07T21:18:59+00:00\" \/>\n<meta property=\"og:image\" content=\"https:\/\/uvbbrasil.com.br\/wp-content\/uploads\/2021\/07\/WhatsApp-Image-2021-07-07-at-08.50.09.jpeg\" \/>\n\t<meta property=\"og:image:width\" content=\"1080\" \/>\n\t<meta property=\"og:image:height\" content=\"1080\" \/>\n\t<meta property=\"og:image:type\" content=\"image\/jpeg\" \/>\n<meta name=\"author\" content=\"adminuvb\" \/>\n<meta name=\"twitter:card\" content=\"summary_large_image\" \/>\n<meta name=\"twitter:label1\" content=\"Escrito por\" \/>\n\t<meta name=\"twitter:data1\" content=\"adminuvb\" \/>\n\t<meta name=\"twitter:label2\" content=\"Est. tempo de leitura\" \/>\n\t<meta name=\"twitter:data2\" content=\"4 minutos\" \/>\n<script type=\"application\/ld+json\" class=\"yoast-schema-graph\">{\"@context\":\"https:\/\/schema.org\",\"@graph\":[{\"@type\":\"Article\",\"@id\":\"https:\/\/uvbbrasil.com.br\/xx-marcha-dos-legislativos-municipais-com-abertura-oficial-dia-24-de-agosto\/#article\",\"isPartOf\":{\"@id\":\"https:\/\/uvbbrasil.com.br\/xx-marcha-dos-legislativos-municipais-com-abertura-oficial-dia-24-de-agosto\/\"},\"author\":{\"name\":\"adminuvb\",\"@id\":\"https:\/\/uvbbrasil.com.br\/#\/schema\/person\/17990098446c098f52effddff4f1b272\"},\"headline\":\"XX Marcha dos Legislativos Municipais com abertura oficial dia 24 de agosto\",\"datePublished\":\"2021-07-07T21:18:59+00:00\",\"mainEntityOfPage\":{\"@id\":\"https:\/\/uvbbrasil.com.br\/xx-marcha-dos-legislativos-municipais-com-abertura-oficial-dia-24-de-agosto\/\"},\"wordCount\":822,\"commentCount\":1,\"publisher\":{\"@id\":\"https:\/\/uvbbrasil.com.br\/#organization\"},\"image\":{\"@id\":\"https:\/\/uvbbrasil.com.br\/xx-marcha-dos-legislativos-municipais-com-abertura-oficial-dia-24-de-agosto\/#primaryimage\"},\"thumbnailUrl\":\"https:\/\/uvbbrasil.com.br\/wp-content\/uploads\/2021\/07\/WhatsApp-Image-2021-07-07-at-08.50.09.jpeg\",\"articleSection\":[\"NOT\u00cdCIAS\",\"UVB\"],\"inLanguage\":\"pt-BR\",\"potentialAction\":[{\"@type\":\"CommentAction\",\"name\":\"Comment\",\"target\":[\"https:\/\/uvbbrasil.com.br\/xx-marcha-dos-legislativos-municipais-com-abertura-oficial-dia-24-de-agosto\/#respond\"]}]},{\"@type\":\"WebPage\",\"@id\":\"https:\/\/uvbbrasil.com.br\/xx-marcha-dos-legislativos-municipais-com-abertura-oficial-dia-24-de-agosto\/\",\"url\":\"https:\/\/uvbbrasil.com.br\/xx-marcha-dos-legislativos-municipais-com-abertura-oficial-dia-24-de-agosto\/\",\"name\":\"XX Marcha dos Legislativos Municipais com abertura oficial dia 24 de agosto - UVB Brasil\",\"isPartOf\":{\"@id\":\"https:\/\/uvbbrasil.com.br\/#website\"},\"primaryImageOfPage\":{\"@id\":\"https:\/\/uvbbrasil.com.br\/xx-marcha-dos-legislativos-municipais-com-abertura-oficial-dia-24-de-agosto\/#primaryimage\"},\"image\":{\"@id\":\"https:\/\/uvbbrasil.com.br\/xx-marcha-dos-legislativos-municipais-com-abertura-oficial-dia-24-de-agosto\/#primaryimage\"},\"thumbnailUrl\":\"https:\/\/uvbbrasil.com.br\/wp-content\/uploads\/2021\/07\/WhatsApp-Image-2021-07-07-at-08.50.09.jpeg\",\"datePublished\":\"2021-07-07T21:18:59+00:00\",\"breadcrumb\":{\"@id\":\"https:\/\/uvbbrasil.com.br\/xx-marcha-dos-legislativos-municipais-com-abertura-oficial-dia-24-de-agosto\/#breadcrumb\"},\"inLanguage\":\"pt-BR\",\"potentialAction\":[{\"@type\":\"ReadAction\",\"target\":[\"https:\/\/uvbbrasil.com.br\/xx-marcha-dos-legislativos-municipais-com-abertura-oficial-dia-24-de-agosto\/\"]}]},{\"@type\":\"ImageObject\",\"inLanguage\":\"pt-BR\",\"@id\":\"https:\/\/uvbbrasil.com.br\/xx-marcha-dos-legislativos-municipais-com-abertura-oficial-dia-24-de-agosto\/#primaryimage\",\"url\":\"https:\/\/uvbbrasil.com.br\/wp-content\/uploads\/2021\/07\/WhatsApp-Image-2021-07-07-at-08.50.09.jpeg\",\"contentUrl\":\"https:\/\/uvbbrasil.com.br\/wp-content\/uploads\/2021\/07\/WhatsApp-Image-2021-07-07-at-08.50.09.jpeg\",\"width\":1080,\"height\":1080},{\"@type\":\"BreadcrumbList\",\"@id\":\"https:\/\/uvbbrasil.com.br\/xx-marcha-dos-legislativos-municipais-com-abertura-oficial-dia-24-de-agosto\/#breadcrumb\",\"itemListElement\":[{\"@type\":\"ListItem\",\"position\":1,\"name\":\"In\u00edcio\",\"item\":\"https:\/\/uvbbrasil.com.br\/\"},{\"@type\":\"ListItem\",\"position\":2,\"name\":\"XX Marcha dos Legislativos Municipais com abertura oficial dia 24 de agosto\"}]},{\"@type\":\"WebSite\",\"@id\":\"https:\/\/uvbbrasil.com.br\/#website\",\"url\":\"https:\/\/uvbbrasil.com.br\/\",\"name\":\"UVB Brasil\",\"description\":\"Uni\u00e3o dos Vereadores do Brasil\",\"publisher\":{\"@id\":\"https:\/\/uvbbrasil.com.br\/#organization\"},\"potentialAction\":[{\"@type\":\"SearchAction\",\"target\":{\"@type\":\"EntryPoint\",\"urlTemplate\":\"https:\/\/uvbbrasil.com.br\/?s={search_term_string}\"},\"query-input\":{\"@type\":\"PropertyValueSpecification\",\"valueRequired\":true,\"valueName\":\"search_term_string\"}}],\"inLanguage\":\"pt-BR\"},{\"@type\":\"Organization\",\"@id\":\"https:\/\/uvbbrasil.com.br\/#organization\",\"name\":\"UVB Brasil\",\"url\":\"https:\/\/uvbbrasil.com.br\/\",\"logo\":{\"@type\":\"ImageObject\",\"inLanguage\":\"pt-BR\",\"@id\":\"https:\/\/uvbbrasil.com.br\/#\/schema\/logo\/image\/\",\"url\":\"https:\/\/uvbbrasil.com.br\/wp-content\/uploads\/2025\/01\/LOGO-UVB-2024-azul-1.jpg\",\"contentUrl\":\"https:\/\/uvbbrasil.com.br\/wp-content\/uploads\/2025\/01\/LOGO-UVB-2024-azul-1.jpg\",\"width\":600,\"height\":211,\"caption\":\"UVB Brasil\"},\"image\":{\"@id\":\"https:\/\/uvbbrasil.com.br\/#\/schema\/logo\/image\/\"},\"sameAs\":[\"https:\/\/www.facebook.com\/uvb.vereadoresbrasil\",\"https:\/\/www.instagram.com\/uvbbrasil\/\",\"https:\/\/www.youtube.com\/channel\/UCIlPQ8Xzw5GHNzosQIg9S5A\"]},{\"@type\":\"Person\",\"@id\":\"https:\/\/uvbbrasil.com.br\/#\/schema\/person\/17990098446c098f52effddff4f1b272\",\"name\":\"adminuvb\",\"image\":{\"@type\":\"ImageObject\",\"inLanguage\":\"pt-BR\",\"@id\":\"https:\/\/uvbbrasil.com.br\/#\/schema\/person\/image\/\",\"url\":\"https:\/\/secure.gravatar.com\/avatar\/1a494ea6f8e2dd1ae526e55b0e9497efdba542491e0620d704cccf63c6f77c45?s=96&d=mm&r=g\",\"contentUrl\":\"https:\/\/secure.gravatar.com\/avatar\/1a494ea6f8e2dd1ae526e55b0e9497efdba542491e0620d704cccf63c6f77c45?s=96&d=mm&r=g\",\"caption\":\"adminuvb\"},\"sameAs\":[\"https:\/\/uvbbrasil.com.br\"],\"url\":\"https:\/\/uvbbrasil.com.br\/author\/adminuvb\/\"}]}<\/script>\n<!-- \/ Yoast SEO plugin. -->","yoast_head_json":{"title":"XX Marcha dos Legislativos Municipais com abertura oficial dia 24 de agosto - UVB Brasil","robots":{"index":"index","follow":"follow","max-snippet":"max-snippet:-1","max-image-preview":"max-image-preview:large","max-video-preview":"max-video-preview:-1"},"canonical":"https:\/\/uvbbrasil.com.br\/xx-marcha-dos-legislativos-municipais-com-abertura-oficial-dia-24-de-agosto\/","og_locale":"pt_BR","og_type":"article","og_title":"XX Marcha dos Legislativos Municipais com abertura oficial dia 24 de agosto - UVB Brasil","og_description":"A XX Marcha dos Legislativos Municipais \u00e9 uma mobiliza\u00e7\u00e3o realizada e organizada anualmente pela Uni\u00e3o dos Vereadores do Brasil\/UVB, em...","og_url":"https:\/\/uvbbrasil.com.br\/xx-marcha-dos-legislativos-municipais-com-abertura-oficial-dia-24-de-agosto\/","og_site_name":"UVB Brasil","article_publisher":"https:\/\/www.facebook.com\/uvb.vereadoresbrasil","article_published_time":"2021-07-07T21:18:59+00:00","og_image":[{"width":1080,"height":1080,"url":"https:\/\/uvbbrasil.com.br\/wp-content\/uploads\/2021\/07\/WhatsApp-Image-2021-07-07-at-08.50.09.jpeg","type":"image\/jpeg"}],"author":"adminuvb","twitter_card":"summary_large_image","twitter_misc":{"Escrito por":"adminuvb","Est. tempo de leitura":"4 minutos"},"schema":{"@context":"https:\/\/schema.org","@graph":[{"@type":"Article","@id":"https:\/\/uvbbrasil.com.br\/xx-marcha-dos-legislativos-municipais-com-abertura-oficial-dia-24-de-agosto\/#article","isPartOf":{"@id":"https:\/\/uvbbrasil.com.br\/xx-marcha-dos-legislativos-municipais-com-abertura-oficial-dia-24-de-agosto\/"},"author":{"name":"adminuvb","@id":"https:\/\/uvbbrasil.com.br\/#\/schema\/person\/17990098446c098f52effddff4f1b272"},"headline":"XX Marcha dos Legislativos Municipais com abertura oficial dia 24 de agosto","datePublished":"2021-07-07T21:18:59+00:00","mainEntityOfPage":{"@id":"https:\/\/uvbbrasil.com.br\/xx-marcha-dos-legislativos-municipais-com-abertura-oficial-dia-24-de-agosto\/"},"wordCount":822,"commentCount":1,"publisher":{"@id":"https:\/\/uvbbrasil.com.br\/#organization"},"image":{"@id":"https:\/\/uvbbrasil.com.br\/xx-marcha-dos-legislativos-municipais-com-abertura-oficial-dia-24-de-agosto\/#primaryimage"},"thumbnailUrl":"https:\/\/uvbbrasil.com.br\/wp-content\/uploads\/2021\/07\/WhatsApp-Image-2021-07-07-at-08.50.09.jpeg","articleSection":["NOT\u00cdCIAS","UVB"],"inLanguage":"pt-BR","potentialAction":[{"@type":"CommentAction","name":"Comment","target":["https:\/\/uvbbrasil.com.br\/xx-marcha-dos-legislativos-municipais-com-abertura-oficial-dia-24-de-agosto\/#respond"]}]},{"@type":"WebPage","@id":"https:\/\/uvbbrasil.com.br\/xx-marcha-dos-legislativos-municipais-com-abertura-oficial-dia-24-de-agosto\/","url":"https:\/\/uvbbrasil.com.br\/xx-marcha-dos-legislativos-municipais-com-abertura-oficial-dia-24-de-agosto\/","name":"XX Marcha dos Legislativos Municipais com abertura oficial dia 24 de agosto - UVB Brasil","isPartOf":{"@id":"https:\/\/uvbbrasil.com.br\/#website"},"primaryImageOfPage":{"@id":"https:\/\/uvbbrasil.com.br\/xx-marcha-dos-legislativos-municipais-com-abertura-oficial-dia-24-de-agosto\/#primaryimage"},"image":{"@id":"https:\/\/uvbbrasil.com.br\/xx-marcha-dos-legislativos-municipais-com-abertura-oficial-dia-24-de-agosto\/#primaryimage"},"thumbnailUrl":"https:\/\/uvbbrasil.com.br\/wp-content\/uploads\/2021\/07\/WhatsApp-Image-2021-07-07-at-08.50.09.jpeg","datePublished":"2021-07-07T21:18:59+00:00","breadcrumb":{"@id":"https:\/\/uvbbrasil.com.br\/xx-marcha-dos-legislativos-municipais-com-abertura-oficial-dia-24-de-agosto\/#breadcrumb"},"inLanguage":"pt-BR","potentialAction":[{"@type":"ReadAction","target":["https:\/\/uvbbrasil.com.br\/xx-marcha-dos-legislativos-municipais-com-abertura-oficial-dia-24-de-agosto\/"]}]},{"@type":"ImageObject","inLanguage":"pt-BR","@id":"https:\/\/uvbbrasil.com.br\/xx-marcha-dos-legislativos-municipais-com-abertura-oficial-dia-24-de-agosto\/#primaryimage","url":"https:\/\/uvbbrasil.com.br\/wp-content\/uploads\/2021\/07\/WhatsApp-Image-2021-07-07-at-08.50.09.jpeg","contentUrl":"https:\/\/uvbbrasil.com.br\/wp-content\/uploads\/2021\/07\/WhatsApp-Image-2021-07-07-at-08.50.09.jpeg","width":1080,"height":1080},{"@type":"BreadcrumbList","@id":"https:\/\/uvbbrasil.com.br\/xx-marcha-dos-legislativos-municipais-com-abertura-oficial-dia-24-de-agosto\/#breadcrumb","itemListElement":[{"@type":"ListItem","position":1,"name":"In\u00edcio","item":"https:\/\/uvbbrasil.com.br\/"},{"@type":"ListItem","position":2,"name":"XX Marcha dos Legislativos Municipais com abertura oficial dia 24 de agosto"}]},{"@type":"WebSite","@id":"https:\/\/uvbbrasil.com.br\/#website","url":"https:\/\/uvbbrasil.com.br\/","name":"UVB Brasil","description":"Uni\u00e3o dos Vereadores do Brasil","publisher":{"@id":"https:\/\/uvbbrasil.com.br\/#organization"},"potentialAction":[{"@type":"SearchAction","target":{"@type":"EntryPoint","urlTemplate":"https:\/\/uvbbrasil.com.br\/?s={search_term_string}"},"query-input":{"@type":"PropertyValueSpecification","valueRequired":true,"valueName":"search_term_string"}}],"inLanguage":"pt-BR"},{"@type":"Organization","@id":"https:\/\/uvbbrasil.com.br\/#organization","name":"UVB Brasil","url":"https:\/\/uvbbrasil.com.br\/","logo":{"@type":"ImageObject","inLanguage":"pt-BR","@id":"https:\/\/uvbbrasil.com.br\/#\/schema\/logo\/image\/","url":"https:\/\/uvbbrasil.com.br\/wp-content\/uploads\/2025\/01\/LOGO-UVB-2024-azul-1.jpg","contentUrl":"https:\/\/uvbbrasil.com.br\/wp-content\/uploads\/2025\/01\/LOGO-UVB-2024-azul-1.jpg","width":600,"height":211,"caption":"UVB Brasil"},"image":{"@id":"https:\/\/uvbbrasil.com.br\/#\/schema\/logo\/image\/"},"sameAs":["https:\/\/www.facebook.com\/uvb.vereadoresbrasil","https:\/\/www.instagram.com\/uvbbrasil\/","https:\/\/www.youtube.com\/channel\/UCIlPQ8Xzw5GHNzosQIg9S5A"]},{"@type":"Person","@id":"https:\/\/uvbbrasil.com.br\/#\/schema\/person\/17990098446c098f52effddff4f1b272","name":"adminuvb","image":{"@type":"ImageObject","inLanguage":"pt-BR","@id":"https:\/\/uvbbrasil.com.br\/#\/schema\/person\/image\/","url":"https:\/\/secure.gravatar.com\/avatar\/1a494ea6f8e2dd1ae526e55b0e9497efdba542491e0620d704cccf63c6f77c45?s=96&d=mm&r=g","contentUrl":"https:\/\/secure.gravatar.com\/avatar\/1a494ea6f8e2dd1ae526e55b0e9497efdba542491e0620d704cccf63c6f77c45?s=96&d=mm&r=g","caption":"adminuvb"},"sameAs":["https:\/\/uvbbrasil.com.br"],"url":"https:\/\/uvbbrasil.com.br\/author\/adminuvb\/"}]}},"_links":{"self":[{"href":"https:\/\/uvbbrasil.com.br\/uvb-json\/wp\/v2\/posts\/22732","targetHints":{"allow":["GET"]}}],"collection":[{"href":"https:\/\/uvbbrasil.com.br\/uvb-json\/wp\/v2\/posts"}],"about":[{"href":"https:\/\/uvbbrasil.com.br\/uvb-json\/wp\/v2\/types\/post"}],"author":[{"embeddable":true,"href":"https:\/\/uvbbrasil.com.br\/uvb-json\/wp\/v2\/users\/1"}],"replies":[{"embeddable":true,"href":"https:\/\/uvbbrasil.com.br\/uvb-json\/wp\/v2\/comments?post=22732"}],"version-history":[{"count":0,"href":"https:\/\/uvbbrasil.com.br\/uvb-json\/wp\/v2\/posts\/22732\/revisions"}],"wp:featuredmedia":[{"embeddable":true,"href":"https:\/\/uvbbrasil.com.br\/uvb-json\/wp\/v2\/media\/22738"}],"wp:attachment":[{"href":"https:\/\/uvbbrasil.com.br\/uvb-json\/wp\/v2\/media?parent=22732"}],"wp:term":[{"taxonomy":"category","embeddable":true,"href":"https:\/\/uvbbrasil.com.br\/uvb-json\/wp\/v2\/categories?post=22732"},{"taxonomy":"post_tag","embeddable":true,"href":"https:\/\/uvbbrasil.com.br\/uvb-json\/wp\/v2\/tags?post=22732"}],"curies":[{"name":"wp","href":"https:\/\/api.w.org\/{rel}","templated":true}]}}