{"id":22693,"date":"2021-07-05T09:10:00","date_gmt":"2021-07-05T12:10:00","guid":{"rendered":"https:\/\/wpsandbox4.pante.com.br\/?p=22693"},"modified":"2021-07-05T09:10:00","modified_gmt":"2021-07-05T12:10:00","slug":"ajustes-na-legislacao-eleitoral-serao-debatidos-em-sessao-tematica-nesta-segunda-feira","status":"publish","type":"post","link":"https:\/\/uvbbrasil.com.br\/ajustes-na-legislacao-eleitoral-serao-debatidos-em-sessao-tematica-nesta-segunda-feira\/","title":{"rendered":"Ajustes na legisla\u00e7\u00e3o eleitoral ser\u00e3o debatidos em sess\u00e3o tem\u00e1tica nesta segunda-feira"},"content":{"rendered":"\n<p>As possibilidades de ajuste da legisla\u00e7\u00e3o eleitoral ser\u00e3o discutidas em sess\u00e3o de debate tem\u00e1tico do Senado nesta segunda-feira (5), \u00e0s 10h. A sess\u00e3o ser\u00e1 remota, com participa\u00e7\u00e3o de senadores e convidados por videoconfer\u00eancia. O ministro do Supremo Tribunal Federal (STF) Lu\u00eds Roberto Barroso, que tamb\u00e9m \u00e9 presidente do Tribunal Superior Eleitoral (TSE), \u00e9 um dos convidados.<\/p>\n\n\n\n<p>O requerimento para a realiza\u00e7\u00e3o do debate&nbsp;(<a href=\"http:\/\/www25.senado.leg.br\/web\/atividade\/materias\/-\/materia\/148946\">RQS 1.722\/2021<\/a>) foi apresentado pelo senador Nelsinho Trad (PSD-MS). &nbsp;<\/p>\n\n\n\n<p>Atualmente, tramitam no Congresso Nacional v\u00e1rias propostas de altera\u00e7\u00e3o dessa legisla\u00e7\u00e3o \u2014 como o <a href=\"http:\/\/www25.senado.leg.br\/web\/atividade\/materias\/-\/materia\/146522\" target=\"_blank\" rel=\"noreferrer noopener\">PL 438\/2021<\/a>, projeto de lei do senador Fabiano Contarato (Rede-ES) que exige o registro das promessas de campanha perante a Justi\u00e7a Eleitoral. Contarato tamb\u00e9m condena o nepotismo entre candidatos a cargos p\u00fablicos e suplentes.<\/p>\n\n\n\n<p>\u2014&nbsp;Isso \u00e9 um sintoma do patrimonialismo de quem trata a coisa p\u00fablica como neg\u00f3cio de fam\u00edlia. Isso viola o artigo 37 da Constitui\u00e7\u00e3o Federal, quando este diz que a administra\u00e7\u00e3o p\u00fablica \u00e9 regida pelos princ\u00edpios da legalidade, da impessoalidade, da moralidade, da publicidade e da efici\u00eancia&nbsp;\u2014 afirmou ele.<\/p>\n\n\n\n<p>Entre os outros projetos de lei que tratam do tema est\u00e3o o <a href=\"https:\/\/www25.senado.leg.br\/web\/atividade\/materias\/-\/materia\/147517\">PL 924\/2021<\/a>, que visa estabelecer que, na composi\u00e7\u00e3o das chapas de candidatos a cargos eletivos do Poder Executivo, em todos os n\u00edveis, ser\u00e1 assegurada a participa\u00e7\u00e3o de ambos os g\u00eaneros; o <a href=\"https:\/\/www25.senado.leg.br\/web\/atividade\/materias\/-\/materia\/145235\" target=\"_blank\" rel=\"noreferrer noopener\">PLP 253\/2020<\/a>, que prev\u00ea a inelegibilidade para o cargo de suplente de senador para c\u00f4njuge, companheiro e parentes (em linha reta, colateral ou por afinidade, at\u00e9 o terceiro grau, inclusive) do candidato titular; o <a href=\"https:\/\/www25.senado.leg.br\/web\/atividade\/materias\/-\/materia\/137277\">PL 3.472\/2019<\/a>, que permite o voto no exterior nas elei\u00e7\u00f5es para governador, senador, deputado federal, deputado estadual e deputado distrital; e o <a href=\"https:\/\/www25.senado.leg.br\/web\/atividade\/materias\/-\/materia\/148121\">PL 1.434\/2021<\/a>, que aumenta de seis meses para um ano o tempo que o candidato deve possuir de filia\u00e7\u00e3o ao partido e de domic\u00edlio eleitoral na respectiva circunscri\u00e7\u00e3o para concorrer \u00e0s elei\u00e7\u00f5es.<\/p>\n\n\n\n<p>Tamb\u00e9m foram convidados para a sess\u00e3o de debate:<\/p>\n\n\n\n<ul class=\"wp-block-list\"><li>Cristian Silva, mestre em ci\u00eancia pol\u00edtica pela Universidade de Bras\u00edlia (UNB), advogado e analista pol\u00edtico;<\/li><li>Thiago Bov\u00e9rio, presidente do Instituto de Direito Pol\u00edtico e Partid\u00e1rio (Pluris) e membro da Comiss\u00e3o de Direito Eleitoral da Ordem dos Advogados do Brasil (OAB);<\/li><li>Felipe Santa Cruz, presidente da Ordem dos Advogados do Brasil (OAB);<\/li><li>Eug\u00eanio Arag\u00e3o, jurista e ex-ministro da Justi\u00e7a.<\/li><li><\/li><\/ul>\n\n\n\n<figure class=\"wp-block-image size-large\"><img fetchpriority=\"high\" decoding=\"async\" width=\"860\" height=\"570\" src=\"https:\/\/uvbbrasil.com.br\/wp-content\/uploads\/2021\/07\/imagem_materia-27.jpg\" alt=\"\" class=\"wp-image-22694\" srcset=\"https:\/\/uvbbrasil.com.br\/wp-content\/uploads\/2021\/07\/imagem_materia-27.jpg 860w, https:\/\/uvbbrasil.com.br\/wp-content\/uploads\/2021\/07\/imagem_materia-27-300x199.jpg 300w, https:\/\/uvbbrasil.com.br\/wp-content\/uploads\/2021\/07\/imagem_materia-27-768x509.jpg 768w\" sizes=\"(max-width: 860px) 100vw, 860px\" \/><\/figure>\n\n\n\n<p>Fonte: Ag\u00eancia Senado<\/p>\n","protected":false},"excerpt":{"rendered":"<p>As possibilidades de ajuste da legisla\u00e7\u00e3o eleitoral ser\u00e3o discutidas em sess\u00e3o de debate tem\u00e1tico do Senado nesta segunda-feira (5), \u00e0s&#8230;<\/p>\n","protected":false},"author":1,"featured_media":22694,"comment_status":"open","ping_status":"open","sticky":false,"template":"","format":"standard","meta":{"footnotes":""},"categories":[3],"tags":[],"class_list":["post-22693","post","type-post","status-publish","format-standard","has-post-thumbnail","hentry","category-noticias"],"yoast_head":"<!-- This site is optimized with the Yoast SEO plugin v26.7 - https:\/\/yoast.com\/wordpress\/plugins\/seo\/ -->\n<title>Ajustes na legisla\u00e7\u00e3o eleitoral ser\u00e3o debatidos em sess\u00e3o tem\u00e1tica nesta segunda-feira - UVB Brasil<\/title>\n<meta name=\"robots\" content=\"index, follow, max-snippet:-1, max-image-preview:large, max-video-preview:-1\" \/>\n<link rel=\"canonical\" href=\"https:\/\/uvbbrasil.com.br\/ajustes-na-legislacao-eleitoral-serao-debatidos-em-sessao-tematica-nesta-segunda-feira\/\" \/>\n<meta property=\"og:locale\" content=\"pt_BR\" \/>\n<meta property=\"og:type\" content=\"article\" \/>\n<meta property=\"og:title\" content=\"Ajustes na legisla\u00e7\u00e3o eleitoral ser\u00e3o debatidos em sess\u00e3o tem\u00e1tica nesta segunda-feira - UVB Brasil\" \/>\n<meta property=\"og:description\" content=\"As possibilidades de ajuste da legisla\u00e7\u00e3o eleitoral ser\u00e3o discutidas em sess\u00e3o de debate tem\u00e1tico do Senado nesta segunda-feira (5), \u00e0s...\" \/>\n<meta property=\"og:url\" content=\"https:\/\/uvbbrasil.com.br\/ajustes-na-legislacao-eleitoral-serao-debatidos-em-sessao-tematica-nesta-segunda-feira\/\" \/>\n<meta property=\"og:site_name\" content=\"UVB Brasil\" \/>\n<meta property=\"article:publisher\" content=\"https:\/\/www.facebook.com\/uvb.vereadoresbrasil\" \/>\n<meta property=\"article:published_time\" content=\"2021-07-05T12:10:00+00:00\" \/>\n<meta property=\"og:image\" content=\"https:\/\/uvbbrasil.com.br\/wp-content\/uploads\/2021\/07\/imagem_materia-27.jpg\" \/>\n\t<meta property=\"og:image:width\" content=\"860\" \/>\n\t<meta property=\"og:image:height\" content=\"570\" \/>\n\t<meta property=\"og:image:type\" content=\"image\/jpeg\" \/>\n<meta name=\"author\" content=\"adminuvb\" \/>\n<meta name=\"twitter:card\" content=\"summary_large_image\" \/>\n<meta name=\"twitter:label1\" content=\"Escrito por\" \/>\n\t<meta name=\"twitter:data1\" content=\"adminuvb\" \/>\n\t<meta name=\"twitter:label2\" content=\"Est. tempo de leitura\" \/>\n\t<meta name=\"twitter:data2\" content=\"2 minutos\" \/>\n<script type=\"application\/ld+json\" class=\"yoast-schema-graph\">{\"@context\":\"https:\/\/schema.org\",\"@graph\":[{\"@type\":\"Article\",\"@id\":\"https:\/\/uvbbrasil.com.br\/ajustes-na-legislacao-eleitoral-serao-debatidos-em-sessao-tematica-nesta-segunda-feira\/#article\",\"isPartOf\":{\"@id\":\"https:\/\/uvbbrasil.com.br\/ajustes-na-legislacao-eleitoral-serao-debatidos-em-sessao-tematica-nesta-segunda-feira\/\"},\"author\":{\"name\":\"adminuvb\",\"@id\":\"https:\/\/uvbbrasil.com.br\/#\/schema\/person\/17990098446c098f52effddff4f1b272\"},\"headline\":\"Ajustes na legisla\u00e7\u00e3o eleitoral ser\u00e3o debatidos em sess\u00e3o tem\u00e1tica nesta segunda-feira\",\"datePublished\":\"2021-07-05T12:10:00+00:00\",\"mainEntityOfPage\":{\"@id\":\"https:\/\/uvbbrasil.com.br\/ajustes-na-legislacao-eleitoral-serao-debatidos-em-sessao-tematica-nesta-segunda-feira\/\"},\"wordCount\":423,\"commentCount\":0,\"publisher\":{\"@id\":\"https:\/\/uvbbrasil.com.br\/#organization\"},\"image\":{\"@id\":\"https:\/\/uvbbrasil.com.br\/ajustes-na-legislacao-eleitoral-serao-debatidos-em-sessao-tematica-nesta-segunda-feira\/#primaryimage\"},\"thumbnailUrl\":\"https:\/\/uvbbrasil.com.br\/wp-content\/uploads\/2021\/07\/imagem_materia-27.jpg\",\"articleSection\":[\"NOT\u00cdCIAS\"],\"inLanguage\":\"pt-BR\",\"potentialAction\":[{\"@type\":\"CommentAction\",\"name\":\"Comment\",\"target\":[\"https:\/\/uvbbrasil.com.br\/ajustes-na-legislacao-eleitoral-serao-debatidos-em-sessao-tematica-nesta-segunda-feira\/#respond\"]}]},{\"@type\":\"WebPage\",\"@id\":\"https:\/\/uvbbrasil.com.br\/ajustes-na-legislacao-eleitoral-serao-debatidos-em-sessao-tematica-nesta-segunda-feira\/\",\"url\":\"https:\/\/uvbbrasil.com.br\/ajustes-na-legislacao-eleitoral-serao-debatidos-em-sessao-tematica-nesta-segunda-feira\/\",\"name\":\"Ajustes na legisla\u00e7\u00e3o eleitoral ser\u00e3o debatidos em sess\u00e3o tem\u00e1tica nesta segunda-feira - UVB Brasil\",\"isPartOf\":{\"@id\":\"https:\/\/uvbbrasil.com.br\/#website\"},\"primaryImageOfPage\":{\"@id\":\"https:\/\/uvbbrasil.com.br\/ajustes-na-legislacao-eleitoral-serao-debatidos-em-sessao-tematica-nesta-segunda-feira\/#primaryimage\"},\"image\":{\"@id\":\"https:\/\/uvbbrasil.com.br\/ajustes-na-legislacao-eleitoral-serao-debatidos-em-sessao-tematica-nesta-segunda-feira\/#primaryimage\"},\"thumbnailUrl\":\"https:\/\/uvbbrasil.com.br\/wp-content\/uploads\/2021\/07\/imagem_materia-27.jpg\",\"datePublished\":\"2021-07-05T12:10:00+00:00\",\"breadcrumb\":{\"@id\":\"https:\/\/uvbbrasil.com.br\/ajustes-na-legislacao-eleitoral-serao-debatidos-em-sessao-tematica-nesta-segunda-feira\/#breadcrumb\"},\"inLanguage\":\"pt-BR\",\"potentialAction\":[{\"@type\":\"ReadAction\",\"target\":[\"https:\/\/uvbbrasil.com.br\/ajustes-na-legislacao-eleitoral-serao-debatidos-em-sessao-tematica-nesta-segunda-feira\/\"]}]},{\"@type\":\"ImageObject\",\"inLanguage\":\"pt-BR\",\"@id\":\"https:\/\/uvbbrasil.com.br\/ajustes-na-legislacao-eleitoral-serao-debatidos-em-sessao-tematica-nesta-segunda-feira\/#primaryimage\",\"url\":\"https:\/\/uvbbrasil.com.br\/wp-content\/uploads\/2021\/07\/imagem_materia-27.jpg\",\"contentUrl\":\"https:\/\/uvbbrasil.com.br\/wp-content\/uploads\/2021\/07\/imagem_materia-27.jpg\",\"width\":860,\"height\":570},{\"@type\":\"BreadcrumbList\",\"@id\":\"https:\/\/uvbbrasil.com.br\/ajustes-na-legislacao-eleitoral-serao-debatidos-em-sessao-tematica-nesta-segunda-feira\/#breadcrumb\",\"itemListElement\":[{\"@type\":\"ListItem\",\"position\":1,\"name\":\"In\u00edcio\",\"item\":\"https:\/\/uvbbrasil.com.br\/\"},{\"@type\":\"ListItem\",\"position\":2,\"name\":\"Ajustes na legisla\u00e7\u00e3o eleitoral ser\u00e3o debatidos em sess\u00e3o tem\u00e1tica nesta segunda-feira\"}]},{\"@type\":\"WebSite\",\"@id\":\"https:\/\/uvbbrasil.com.br\/#website\",\"url\":\"https:\/\/uvbbrasil.com.br\/\",\"name\":\"UVB Brasil\",\"description\":\"Uni\u00e3o dos Vereadores do Brasil\",\"publisher\":{\"@id\":\"https:\/\/uvbbrasil.com.br\/#organization\"},\"potentialAction\":[{\"@type\":\"SearchAction\",\"target\":{\"@type\":\"EntryPoint\",\"urlTemplate\":\"https:\/\/uvbbrasil.com.br\/?s={search_term_string}\"},\"query-input\":{\"@type\":\"PropertyValueSpecification\",\"valueRequired\":true,\"valueName\":\"search_term_string\"}}],\"inLanguage\":\"pt-BR\"},{\"@type\":\"Organization\",\"@id\":\"https:\/\/uvbbrasil.com.br\/#organization\",\"name\":\"UVB Brasil\",\"url\":\"https:\/\/uvbbrasil.com.br\/\",\"logo\":{\"@type\":\"ImageObject\",\"inLanguage\":\"pt-BR\",\"@id\":\"https:\/\/uvbbrasil.com.br\/#\/schema\/logo\/image\/\",\"url\":\"https:\/\/uvbbrasil.com.br\/wp-content\/uploads\/2025\/01\/LOGO-UVB-2024-azul-1.jpg\",\"contentUrl\":\"https:\/\/uvbbrasil.com.br\/wp-content\/uploads\/2025\/01\/LOGO-UVB-2024-azul-1.jpg\",\"width\":600,\"height\":211,\"caption\":\"UVB Brasil\"},\"image\":{\"@id\":\"https:\/\/uvbbrasil.com.br\/#\/schema\/logo\/image\/\"},\"sameAs\":[\"https:\/\/www.facebook.com\/uvb.vereadoresbrasil\",\"https:\/\/www.instagram.com\/uvbbrasil\/\",\"https:\/\/www.youtube.com\/channel\/UCIlPQ8Xzw5GHNzosQIg9S5A\"]},{\"@type\":\"Person\",\"@id\":\"https:\/\/uvbbrasil.com.br\/#\/schema\/person\/17990098446c098f52effddff4f1b272\",\"name\":\"adminuvb\",\"image\":{\"@type\":\"ImageObject\",\"inLanguage\":\"pt-BR\",\"@id\":\"https:\/\/uvbbrasil.com.br\/#\/schema\/person\/image\/\",\"url\":\"https:\/\/secure.gravatar.com\/avatar\/1a494ea6f8e2dd1ae526e55b0e9497efdba542491e0620d704cccf63c6f77c45?s=96&d=mm&r=g\",\"contentUrl\":\"https:\/\/secure.gravatar.com\/avatar\/1a494ea6f8e2dd1ae526e55b0e9497efdba542491e0620d704cccf63c6f77c45?s=96&d=mm&r=g\",\"caption\":\"adminuvb\"},\"sameAs\":[\"https:\/\/uvbbrasil.com.br\"],\"url\":\"https:\/\/uvbbrasil.com.br\/author\/adminuvb\/\"}]}<\/script>\n<!-- \/ Yoast SEO plugin. -->","yoast_head_json":{"title":"Ajustes na legisla\u00e7\u00e3o eleitoral ser\u00e3o debatidos em sess\u00e3o tem\u00e1tica nesta segunda-feira - UVB Brasil","robots":{"index":"index","follow":"follow","max-snippet":"max-snippet:-1","max-image-preview":"max-image-preview:large","max-video-preview":"max-video-preview:-1"},"canonical":"https:\/\/uvbbrasil.com.br\/ajustes-na-legislacao-eleitoral-serao-debatidos-em-sessao-tematica-nesta-segunda-feira\/","og_locale":"pt_BR","og_type":"article","og_title":"Ajustes na legisla\u00e7\u00e3o eleitoral ser\u00e3o debatidos em sess\u00e3o tem\u00e1tica nesta segunda-feira - UVB Brasil","og_description":"As possibilidades de ajuste da legisla\u00e7\u00e3o eleitoral ser\u00e3o discutidas em sess\u00e3o de debate tem\u00e1tico do Senado nesta segunda-feira (5), \u00e0s...","og_url":"https:\/\/uvbbrasil.com.br\/ajustes-na-legislacao-eleitoral-serao-debatidos-em-sessao-tematica-nesta-segunda-feira\/","og_site_name":"UVB Brasil","article_publisher":"https:\/\/www.facebook.com\/uvb.vereadoresbrasil","article_published_time":"2021-07-05T12:10:00+00:00","og_image":[{"width":860,"height":570,"url":"https:\/\/uvbbrasil.com.br\/wp-content\/uploads\/2021\/07\/imagem_materia-27.jpg","type":"image\/jpeg"}],"author":"adminuvb","twitter_card":"summary_large_image","twitter_misc":{"Escrito por":"adminuvb","Est. tempo de leitura":"2 minutos"},"schema":{"@context":"https:\/\/schema.org","@graph":[{"@type":"Article","@id":"https:\/\/uvbbrasil.com.br\/ajustes-na-legislacao-eleitoral-serao-debatidos-em-sessao-tematica-nesta-segunda-feira\/#article","isPartOf":{"@id":"https:\/\/uvbbrasil.com.br\/ajustes-na-legislacao-eleitoral-serao-debatidos-em-sessao-tematica-nesta-segunda-feira\/"},"author":{"name":"adminuvb","@id":"https:\/\/uvbbrasil.com.br\/#\/schema\/person\/17990098446c098f52effddff4f1b272"},"headline":"Ajustes na legisla\u00e7\u00e3o eleitoral ser\u00e3o debatidos em sess\u00e3o tem\u00e1tica nesta segunda-feira","datePublished":"2021-07-05T12:10:00+00:00","mainEntityOfPage":{"@id":"https:\/\/uvbbrasil.com.br\/ajustes-na-legislacao-eleitoral-serao-debatidos-em-sessao-tematica-nesta-segunda-feira\/"},"wordCount":423,"commentCount":0,"publisher":{"@id":"https:\/\/uvbbrasil.com.br\/#organization"},"image":{"@id":"https:\/\/uvbbrasil.com.br\/ajustes-na-legislacao-eleitoral-serao-debatidos-em-sessao-tematica-nesta-segunda-feira\/#primaryimage"},"thumbnailUrl":"https:\/\/uvbbrasil.com.br\/wp-content\/uploads\/2021\/07\/imagem_materia-27.jpg","articleSection":["NOT\u00cdCIAS"],"inLanguage":"pt-BR","potentialAction":[{"@type":"CommentAction","name":"Comment","target":["https:\/\/uvbbrasil.com.br\/ajustes-na-legislacao-eleitoral-serao-debatidos-em-sessao-tematica-nesta-segunda-feira\/#respond"]}]},{"@type":"WebPage","@id":"https:\/\/uvbbrasil.com.br\/ajustes-na-legislacao-eleitoral-serao-debatidos-em-sessao-tematica-nesta-segunda-feira\/","url":"https:\/\/uvbbrasil.com.br\/ajustes-na-legislacao-eleitoral-serao-debatidos-em-sessao-tematica-nesta-segunda-feira\/","name":"Ajustes na legisla\u00e7\u00e3o eleitoral ser\u00e3o debatidos em sess\u00e3o tem\u00e1tica nesta segunda-feira - UVB Brasil","isPartOf":{"@id":"https:\/\/uvbbrasil.com.br\/#website"},"primaryImageOfPage":{"@id":"https:\/\/uvbbrasil.com.br\/ajustes-na-legislacao-eleitoral-serao-debatidos-em-sessao-tematica-nesta-segunda-feira\/#primaryimage"},"image":{"@id":"https:\/\/uvbbrasil.com.br\/ajustes-na-legislacao-eleitoral-serao-debatidos-em-sessao-tematica-nesta-segunda-feira\/#primaryimage"},"thumbnailUrl":"https:\/\/uvbbrasil.com.br\/wp-content\/uploads\/2021\/07\/imagem_materia-27.jpg","datePublished":"2021-07-05T12:10:00+00:00","breadcrumb":{"@id":"https:\/\/uvbbrasil.com.br\/ajustes-na-legislacao-eleitoral-serao-debatidos-em-sessao-tematica-nesta-segunda-feira\/#breadcrumb"},"inLanguage":"pt-BR","potentialAction":[{"@type":"ReadAction","target":["https:\/\/uvbbrasil.com.br\/ajustes-na-legislacao-eleitoral-serao-debatidos-em-sessao-tematica-nesta-segunda-feira\/"]}]},{"@type":"ImageObject","inLanguage":"pt-BR","@id":"https:\/\/uvbbrasil.com.br\/ajustes-na-legislacao-eleitoral-serao-debatidos-em-sessao-tematica-nesta-segunda-feira\/#primaryimage","url":"https:\/\/uvbbrasil.com.br\/wp-content\/uploads\/2021\/07\/imagem_materia-27.jpg","contentUrl":"https:\/\/uvbbrasil.com.br\/wp-content\/uploads\/2021\/07\/imagem_materia-27.jpg","width":860,"height":570},{"@type":"BreadcrumbList","@id":"https:\/\/uvbbrasil.com.br\/ajustes-na-legislacao-eleitoral-serao-debatidos-em-sessao-tematica-nesta-segunda-feira\/#breadcrumb","itemListElement":[{"@type":"ListItem","position":1,"name":"In\u00edcio","item":"https:\/\/uvbbrasil.com.br\/"},{"@type":"ListItem","position":2,"name":"Ajustes na legisla\u00e7\u00e3o eleitoral ser\u00e3o debatidos em sess\u00e3o tem\u00e1tica nesta segunda-feira"}]},{"@type":"WebSite","@id":"https:\/\/uvbbrasil.com.br\/#website","url":"https:\/\/uvbbrasil.com.br\/","name":"UVB Brasil","description":"Uni\u00e3o dos Vereadores do Brasil","publisher":{"@id":"https:\/\/uvbbrasil.com.br\/#organization"},"potentialAction":[{"@type":"SearchAction","target":{"@type":"EntryPoint","urlTemplate":"https:\/\/uvbbrasil.com.br\/?s={search_term_string}"},"query-input":{"@type":"PropertyValueSpecification","valueRequired":true,"valueName":"search_term_string"}}],"inLanguage":"pt-BR"},{"@type":"Organization","@id":"https:\/\/uvbbrasil.com.br\/#organization","name":"UVB Brasil","url":"https:\/\/uvbbrasil.com.br\/","logo":{"@type":"ImageObject","inLanguage":"pt-BR","@id":"https:\/\/uvbbrasil.com.br\/#\/schema\/logo\/image\/","url":"https:\/\/uvbbrasil.com.br\/wp-content\/uploads\/2025\/01\/LOGO-UVB-2024-azul-1.jpg","contentUrl":"https:\/\/uvbbrasil.com.br\/wp-content\/uploads\/2025\/01\/LOGO-UVB-2024-azul-1.jpg","width":600,"height":211,"caption":"UVB Brasil"},"image":{"@id":"https:\/\/uvbbrasil.com.br\/#\/schema\/logo\/image\/"},"sameAs":["https:\/\/www.facebook.com\/uvb.vereadoresbrasil","https:\/\/www.instagram.com\/uvbbrasil\/","https:\/\/www.youtube.com\/channel\/UCIlPQ8Xzw5GHNzosQIg9S5A"]},{"@type":"Person","@id":"https:\/\/uvbbrasil.com.br\/#\/schema\/person\/17990098446c098f52effddff4f1b272","name":"adminuvb","image":{"@type":"ImageObject","inLanguage":"pt-BR","@id":"https:\/\/uvbbrasil.com.br\/#\/schema\/person\/image\/","url":"https:\/\/secure.gravatar.com\/avatar\/1a494ea6f8e2dd1ae526e55b0e9497efdba542491e0620d704cccf63c6f77c45?s=96&d=mm&r=g","contentUrl":"https:\/\/secure.gravatar.com\/avatar\/1a494ea6f8e2dd1ae526e55b0e9497efdba542491e0620d704cccf63c6f77c45?s=96&d=mm&r=g","caption":"adminuvb"},"sameAs":["https:\/\/uvbbrasil.com.br"],"url":"https:\/\/uvbbrasil.com.br\/author\/adminuvb\/"}]}},"_links":{"self":[{"href":"https:\/\/uvbbrasil.com.br\/uvb-json\/wp\/v2\/posts\/22693","targetHints":{"allow":["GET"]}}],"collection":[{"href":"https:\/\/uvbbrasil.com.br\/uvb-json\/wp\/v2\/posts"}],"about":[{"href":"https:\/\/uvbbrasil.com.br\/uvb-json\/wp\/v2\/types\/post"}],"author":[{"embeddable":true,"href":"https:\/\/uvbbrasil.com.br\/uvb-json\/wp\/v2\/users\/1"}],"replies":[{"embeddable":true,"href":"https:\/\/uvbbrasil.com.br\/uvb-json\/wp\/v2\/comments?post=22693"}],"version-history":[{"count":0,"href":"https:\/\/uvbbrasil.com.br\/uvb-json\/wp\/v2\/posts\/22693\/revisions"}],"wp:featuredmedia":[{"embeddable":true,"href":"https:\/\/uvbbrasil.com.br\/uvb-json\/wp\/v2\/media\/22694"}],"wp:attachment":[{"href":"https:\/\/uvbbrasil.com.br\/uvb-json\/wp\/v2\/media?parent=22693"}],"wp:term":[{"taxonomy":"category","embeddable":true,"href":"https:\/\/uvbbrasil.com.br\/uvb-json\/wp\/v2\/categories?post=22693"},{"taxonomy":"post_tag","embeddable":true,"href":"https:\/\/uvbbrasil.com.br\/uvb-json\/wp\/v2\/tags?post=22693"}],"curies":[{"name":"wp","href":"https:\/\/api.w.org\/{rel}","templated":true}]}}