{"id":22621,"date":"2021-06-25T11:34:59","date_gmt":"2021-06-25T14:34:59","guid":{"rendered":"https:\/\/wpsandbox4.pante.com.br\/?p=22621"},"modified":"2021-06-25T11:34:59","modified_gmt":"2021-06-25T14:34:59","slug":"importancia-do-papel-poder-legislativo-municipal-no-encerramento-de-encontro-da-uvb","status":"publish","type":"post","link":"https:\/\/uvbbrasil.com.br\/importancia-do-papel-poder-legislativo-municipal-no-encerramento-de-encontro-da-uvb\/","title":{"rendered":"Import\u00e2ncia do papel poder legislativo municipal no encerramento de encontro da UVB"},"content":{"rendered":"\n<p>O giro do Legislativo\/ Encontro Nacional de Legislativos Municipais realizado pela a Uni\u00e3o dos Vereadores do Brasil\/UVB iniciou na ultima ter\u00e7a-feira (22) e encerrou na manha desta sexta-feira(25) com uma extensa programa\u00e7\u00e3o de palestras e conte\u00fados para  os vereadores e vereadoras dos 15 estados inscritos no encontro.<\/p>\n\n\n\n<p>A programa\u00e7\u00e3o do encontro  apresentou  diversos temas como,  Lei de Diretrizes Or\u00e7ament\u00e1rias, Aspectos constitucionais do processo legislativo e sua aplicabilidade em \u00e2mbito municipal, lan\u00e7amento  do projeto Conhecer para acolher, mudan\u00e7as no sistema eleitoral Brasileiro, Instagram como ferramenta de comunica\u00e7\u00e3o do mandato, F\u00f3rum da UVB\/Animal, Pol\u00edticas de defesa da Causa Animal e a import\u00e2ncia do papel do poder legislativo municipal.<\/p>\n\n\n\n<p>O presidente da Uni\u00e3o dos Vereadores do Brasil\/UVB, Gilson Conzatti, explanou aos vereadores e vereadoras  as boas a\u00e7\u00f5es do poder legislativo municipal brasileiro s\u00e3o oportunidades para se resgatar o conceito da boa pol\u00edtica. A cada certo tempo surgem na imprensa not\u00edcias e opini\u00f5es que visam diminuir a import\u00e2ncia e a imagem da pol\u00edtica e dos pol\u00edticos, em especial dos vereadores e c\u00e2maras de vereadores. Mat\u00e9rias que em vez cumprir os seu papel de informar, s\u00e3o publicadas com a opini\u00f5es e direcionamentos que, \u201cde cara\u201d, criminalizam os agentes pol\u00edticos municipais.<\/p>\n\n\n\n<p>Conzatti convidou os vereadores a se manifestarem sobre a  import\u00e2ncia do papel poder legislativo municipal, compuseram a mesa o vereador de Bonito\/PE, Paulinho Devar, Presidente da c\u00e2mara de Dom Feliciano\/RS, Cristiano  Studzinski, Al\u00edrio Baca, Chapad\u00e3o do Sul\/MT e Cristiane Bueno de Capivari do Sul\/RS.<\/p>\n\n\n\n<figure class=\"wp-block-image size-large\"><img fetchpriority=\"high\" decoding=\"async\" width=\"1024\" height=\"680\" src=\"https:\/\/uvbbrasil.com.br\/wp-content\/uploads\/2021\/06\/WhatsApp-Image-2021-06-25-at-10.28.58-1024x680.jpeg\" alt=\"\" class=\"wp-image-22622\" srcset=\"https:\/\/uvbbrasil.com.br\/wp-content\/uploads\/2021\/06\/WhatsApp-Image-2021-06-25-at-10.28.58-1024x680.jpeg 1024w, https:\/\/uvbbrasil.com.br\/wp-content\/uploads\/2021\/06\/WhatsApp-Image-2021-06-25-at-10.28.58-300x199.jpeg 300w, https:\/\/uvbbrasil.com.br\/wp-content\/uploads\/2021\/06\/WhatsApp-Image-2021-06-25-at-10.28.58-768x510.jpeg 768w, https:\/\/uvbbrasil.com.br\/wp-content\/uploads\/2021\/06\/WhatsApp-Image-2021-06-25-at-10.28.58.jpeg 1280w\" sizes=\"(max-width: 1024px) 100vw, 1024px\" \/><\/figure>\n\n\n\n<figure class=\"wp-block-image size-large\"><img decoding=\"async\" width=\"1024\" height=\"680\" src=\"https:\/\/uvbbrasil.com.br\/wp-content\/uploads\/2021\/06\/WhatsApp-Image-2021-06-25-at-10.29.23-1024x680.jpeg\" alt=\"\" class=\"wp-image-22623\" srcset=\"https:\/\/uvbbrasil.com.br\/wp-content\/uploads\/2021\/06\/WhatsApp-Image-2021-06-25-at-10.29.23-1024x680.jpeg 1024w, https:\/\/uvbbrasil.com.br\/wp-content\/uploads\/2021\/06\/WhatsApp-Image-2021-06-25-at-10.29.23-300x199.jpeg 300w, https:\/\/uvbbrasil.com.br\/wp-content\/uploads\/2021\/06\/WhatsApp-Image-2021-06-25-at-10.29.23-768x510.jpeg 768w, https:\/\/uvbbrasil.com.br\/wp-content\/uploads\/2021\/06\/WhatsApp-Image-2021-06-25-at-10.29.23.jpeg 1280w\" sizes=\"(max-width: 1024px) 100vw, 1024px\" \/><\/figure>\n\n\n\n<figure class=\"wp-block-image size-large\"><img decoding=\"async\" width=\"1024\" height=\"680\" src=\"https:\/\/uvbbrasil.com.br\/wp-content\/uploads\/2021\/06\/WhatsApp-Image-2021-06-25-at-10.33.12-1024x680.jpeg\" alt=\"\" class=\"wp-image-22624\" srcset=\"https:\/\/uvbbrasil.com.br\/wp-content\/uploads\/2021\/06\/WhatsApp-Image-2021-06-25-at-10.33.12-1024x680.jpeg 1024w, https:\/\/uvbbrasil.com.br\/wp-content\/uploads\/2021\/06\/WhatsApp-Image-2021-06-25-at-10.33.12-300x199.jpeg 300w, https:\/\/uvbbrasil.com.br\/wp-content\/uploads\/2021\/06\/WhatsApp-Image-2021-06-25-at-10.33.12-768x510.jpeg 768w, https:\/\/uvbbrasil.com.br\/wp-content\/uploads\/2021\/06\/WhatsApp-Image-2021-06-25-at-10.33.12.jpeg 1280w\" sizes=\"(max-width: 1024px) 100vw, 1024px\" \/><\/figure>\n\n\n\n<figure class=\"wp-block-image size-large\"><img loading=\"lazy\" decoding=\"async\" width=\"1024\" height=\"680\" src=\"https:\/\/uvbbrasil.com.br\/wp-content\/uploads\/2021\/06\/WhatsApp-Image-2021-06-25-at-10.33.13-1024x680.jpeg\" alt=\"\" class=\"wp-image-22625\" srcset=\"https:\/\/uvbbrasil.com.br\/wp-content\/uploads\/2021\/06\/WhatsApp-Image-2021-06-25-at-10.33.13-1024x680.jpeg 1024w, https:\/\/uvbbrasil.com.br\/wp-content\/uploads\/2021\/06\/WhatsApp-Image-2021-06-25-at-10.33.13-300x199.jpeg 300w, https:\/\/uvbbrasil.com.br\/wp-content\/uploads\/2021\/06\/WhatsApp-Image-2021-06-25-at-10.33.13-768x510.jpeg 768w, https:\/\/uvbbrasil.com.br\/wp-content\/uploads\/2021\/06\/WhatsApp-Image-2021-06-25-at-10.33.13.jpeg 1280w\" sizes=\"(max-width: 1024px) 100vw, 1024px\" \/><\/figure>\n\n\n\n<figure class=\"wp-block-image size-large\"><img loading=\"lazy\" decoding=\"async\" width=\"1024\" height=\"680\" src=\"https:\/\/uvbbrasil.com.br\/wp-content\/uploads\/2021\/06\/WhatsApp-Image-2021-06-25-at-10.34.16-1024x680.jpeg\" alt=\"\" class=\"wp-image-22626\" srcset=\"https:\/\/uvbbrasil.com.br\/wp-content\/uploads\/2021\/06\/WhatsApp-Image-2021-06-25-at-10.34.16-1024x680.jpeg 1024w, https:\/\/uvbbrasil.com.br\/wp-content\/uploads\/2021\/06\/WhatsApp-Image-2021-06-25-at-10.34.16-300x199.jpeg 300w, https:\/\/uvbbrasil.com.br\/wp-content\/uploads\/2021\/06\/WhatsApp-Image-2021-06-25-at-10.34.16-768x510.jpeg 768w, https:\/\/uvbbrasil.com.br\/wp-content\/uploads\/2021\/06\/WhatsApp-Image-2021-06-25-at-10.34.16.jpeg 1280w\" sizes=\"(max-width: 1024px) 100vw, 1024px\" \/><\/figure>\n\n\n\n<figure class=\"wp-block-image size-large\"><img loading=\"lazy\" decoding=\"async\" width=\"1024\" height=\"680\" src=\"https:\/\/uvbbrasil.com.br\/wp-content\/uploads\/2021\/06\/WhatsApp-Image-2021-06-25-at-10.34.20-1024x680.jpeg\" alt=\"\" class=\"wp-image-22627\" srcset=\"https:\/\/uvbbrasil.com.br\/wp-content\/uploads\/2021\/06\/WhatsApp-Image-2021-06-25-at-10.34.20-1024x680.jpeg 1024w, https:\/\/uvbbrasil.com.br\/wp-content\/uploads\/2021\/06\/WhatsApp-Image-2021-06-25-at-10.34.20-300x199.jpeg 300w, https:\/\/uvbbrasil.com.br\/wp-content\/uploads\/2021\/06\/WhatsApp-Image-2021-06-25-at-10.34.20-768x510.jpeg 768w, https:\/\/uvbbrasil.com.br\/wp-content\/uploads\/2021\/06\/WhatsApp-Image-2021-06-25-at-10.34.20.jpeg 1280w\" sizes=\"(max-width: 1024px) 100vw, 1024px\" \/><\/figure>\n\n\n\n<figure class=\"wp-block-image size-large\"><img loading=\"lazy\" decoding=\"async\" width=\"1024\" height=\"680\" src=\"https:\/\/uvbbrasil.com.br\/wp-content\/uploads\/2021\/06\/WhatsApp-Image-2021-06-25-at-10.35.21-1024x680.jpeg\" alt=\"\" class=\"wp-image-22628\" srcset=\"https:\/\/uvbbrasil.com.br\/wp-content\/uploads\/2021\/06\/WhatsApp-Image-2021-06-25-at-10.35.21-1024x680.jpeg 1024w, https:\/\/uvbbrasil.com.br\/wp-content\/uploads\/2021\/06\/WhatsApp-Image-2021-06-25-at-10.35.21-300x199.jpeg 300w, https:\/\/uvbbrasil.com.br\/wp-content\/uploads\/2021\/06\/WhatsApp-Image-2021-06-25-at-10.35.21-768x510.jpeg 768w, https:\/\/uvbbrasil.com.br\/wp-content\/uploads\/2021\/06\/WhatsApp-Image-2021-06-25-at-10.35.21.jpeg 1280w\" sizes=\"(max-width: 1024px) 100vw, 1024px\" \/><\/figure>\n\n\n\n<figure class=\"wp-block-image size-large\"><img loading=\"lazy\" decoding=\"async\" width=\"1024\" height=\"680\" src=\"https:\/\/uvbbrasil.com.br\/wp-content\/uploads\/2021\/06\/WhatsApp-Image-2021-06-25-at-10.28.53-1-1024x680.jpeg\" alt=\"\" class=\"wp-image-22629\" srcset=\"https:\/\/uvbbrasil.com.br\/wp-content\/uploads\/2021\/06\/WhatsApp-Image-2021-06-25-at-10.28.53-1-1024x680.jpeg 1024w, https:\/\/uvbbrasil.com.br\/wp-content\/uploads\/2021\/06\/WhatsApp-Image-2021-06-25-at-10.28.53-1-300x199.jpeg 300w, https:\/\/uvbbrasil.com.br\/wp-content\/uploads\/2021\/06\/WhatsApp-Image-2021-06-25-at-10.28.53-1-768x510.jpeg 768w, https:\/\/uvbbrasil.com.br\/wp-content\/uploads\/2021\/06\/WhatsApp-Image-2021-06-25-at-10.28.53-1.jpeg 1280w\" sizes=\"(max-width: 1024px) 100vw, 1024px\" \/><\/figure>\n\n\n\n<figure class=\"wp-block-image size-large\"><img loading=\"lazy\" decoding=\"async\" width=\"1024\" height=\"680\" src=\"https:\/\/uvbbrasil.com.br\/wp-content\/uploads\/2021\/06\/WhatsApp-Image-2021-06-25-at-10.30.15-1024x680.jpeg\" alt=\"\" class=\"wp-image-22630\" srcset=\"https:\/\/uvbbrasil.com.br\/wp-content\/uploads\/2021\/06\/WhatsApp-Image-2021-06-25-at-10.30.15-1024x680.jpeg 1024w, https:\/\/uvbbrasil.com.br\/wp-content\/uploads\/2021\/06\/WhatsApp-Image-2021-06-25-at-10.30.15-300x199.jpeg 300w, https:\/\/uvbbrasil.com.br\/wp-content\/uploads\/2021\/06\/WhatsApp-Image-2021-06-25-at-10.30.15-768x510.jpeg 768w, https:\/\/uvbbrasil.com.br\/wp-content\/uploads\/2021\/06\/WhatsApp-Image-2021-06-25-at-10.30.15.jpeg 1280w\" sizes=\"(max-width: 1024px) 100vw, 1024px\" \/><\/figure>\n","protected":false},"excerpt":{"rendered":"<p>O giro do Legislativo\/ Encontro Nacional de Legislativos Municipais realizado pela a Uni\u00e3o dos Vereadores do Brasil\/UVB iniciou na ultima&#8230;<\/p>\n","protected":false},"author":1,"featured_media":22628,"comment_status":"open","ping_status":"open","sticky":false,"template":"","format":"standard","meta":{"footnotes":""},"categories":[3,4],"tags":[],"class_list":["post-22621","post","type-post","status-publish","format-standard","has-post-thumbnail","hentry","category-noticias","category-home"],"yoast_head":"<!-- This site is optimized with the Yoast SEO plugin v26.7 - https:\/\/yoast.com\/wordpress\/plugins\/seo\/ -->\n<title>Import\u00e2ncia do papel poder legislativo municipal no encerramento de encontro da UVB - UVB Brasil<\/title>\n<meta name=\"robots\" content=\"index, follow, max-snippet:-1, max-image-preview:large, max-video-preview:-1\" \/>\n<link rel=\"canonical\" href=\"https:\/\/uvbbrasil.com.br\/importancia-do-papel-poder-legislativo-municipal-no-encerramento-de-encontro-da-uvb\/\" \/>\n<meta property=\"og:locale\" content=\"pt_BR\" \/>\n<meta property=\"og:type\" content=\"article\" \/>\n<meta property=\"og:title\" content=\"Import\u00e2ncia do papel poder legislativo municipal no encerramento de encontro da UVB - UVB Brasil\" \/>\n<meta property=\"og:description\" content=\"O giro do Legislativo\/ Encontro Nacional de Legislativos Municipais realizado pela a Uni\u00e3o dos Vereadores do Brasil\/UVB iniciou na ultima...\" \/>\n<meta property=\"og:url\" content=\"https:\/\/uvbbrasil.com.br\/importancia-do-papel-poder-legislativo-municipal-no-encerramento-de-encontro-da-uvb\/\" \/>\n<meta property=\"og:site_name\" content=\"UVB Brasil\" \/>\n<meta property=\"article:publisher\" content=\"https:\/\/www.facebook.com\/uvb.vereadoresbrasil\" \/>\n<meta property=\"article:published_time\" content=\"2021-06-25T14:34:59+00:00\" \/>\n<meta property=\"og:image\" content=\"https:\/\/uvbbrasil.com.br\/wp-content\/uploads\/2021\/06\/WhatsApp-Image-2021-06-25-at-10.35.21.jpeg\" \/>\n\t<meta property=\"og:image:width\" content=\"1280\" \/>\n\t<meta property=\"og:image:height\" content=\"850\" \/>\n\t<meta property=\"og:image:type\" content=\"image\/jpeg\" \/>\n<meta name=\"author\" content=\"adminuvb\" \/>\n<meta name=\"twitter:card\" content=\"summary_large_image\" \/>\n<meta name=\"twitter:label1\" content=\"Escrito por\" \/>\n\t<meta name=\"twitter:data1\" content=\"adminuvb\" \/>\n\t<meta name=\"twitter:label2\" content=\"Est. tempo de leitura\" \/>\n\t<meta name=\"twitter:data2\" content=\"1 minuto\" \/>\n<script type=\"application\/ld+json\" class=\"yoast-schema-graph\">{\"@context\":\"https:\/\/schema.org\",\"@graph\":[{\"@type\":\"Article\",\"@id\":\"https:\/\/uvbbrasil.com.br\/importancia-do-papel-poder-legislativo-municipal-no-encerramento-de-encontro-da-uvb\/#article\",\"isPartOf\":{\"@id\":\"https:\/\/uvbbrasil.com.br\/importancia-do-papel-poder-legislativo-municipal-no-encerramento-de-encontro-da-uvb\/\"},\"author\":{\"name\":\"adminuvb\",\"@id\":\"https:\/\/uvbbrasil.com.br\/#\/schema\/person\/17990098446c098f52effddff4f1b272\"},\"headline\":\"Import\u00e2ncia do papel poder legislativo municipal no encerramento de encontro da UVB\",\"datePublished\":\"2021-06-25T14:34:59+00:00\",\"mainEntityOfPage\":{\"@id\":\"https:\/\/uvbbrasil.com.br\/importancia-do-papel-poder-legislativo-municipal-no-encerramento-de-encontro-da-uvb\/\"},\"wordCount\":288,\"commentCount\":0,\"publisher\":{\"@id\":\"https:\/\/uvbbrasil.com.br\/#organization\"},\"image\":{\"@id\":\"https:\/\/uvbbrasil.com.br\/importancia-do-papel-poder-legislativo-municipal-no-encerramento-de-encontro-da-uvb\/#primaryimage\"},\"thumbnailUrl\":\"https:\/\/uvbbrasil.com.br\/wp-content\/uploads\/2021\/06\/WhatsApp-Image-2021-06-25-at-10.35.21.jpeg\",\"articleSection\":[\"NOT\u00cdCIAS\",\"UVB\"],\"inLanguage\":\"pt-BR\",\"potentialAction\":[{\"@type\":\"CommentAction\",\"name\":\"Comment\",\"target\":[\"https:\/\/uvbbrasil.com.br\/importancia-do-papel-poder-legislativo-municipal-no-encerramento-de-encontro-da-uvb\/#respond\"]}]},{\"@type\":\"WebPage\",\"@id\":\"https:\/\/uvbbrasil.com.br\/importancia-do-papel-poder-legislativo-municipal-no-encerramento-de-encontro-da-uvb\/\",\"url\":\"https:\/\/uvbbrasil.com.br\/importancia-do-papel-poder-legislativo-municipal-no-encerramento-de-encontro-da-uvb\/\",\"name\":\"Import\u00e2ncia do papel poder legislativo municipal no encerramento de encontro da UVB - UVB Brasil\",\"isPartOf\":{\"@id\":\"https:\/\/uvbbrasil.com.br\/#website\"},\"primaryImageOfPage\":{\"@id\":\"https:\/\/uvbbrasil.com.br\/importancia-do-papel-poder-legislativo-municipal-no-encerramento-de-encontro-da-uvb\/#primaryimage\"},\"image\":{\"@id\":\"https:\/\/uvbbrasil.com.br\/importancia-do-papel-poder-legislativo-municipal-no-encerramento-de-encontro-da-uvb\/#primaryimage\"},\"thumbnailUrl\":\"https:\/\/uvbbrasil.com.br\/wp-content\/uploads\/2021\/06\/WhatsApp-Image-2021-06-25-at-10.35.21.jpeg\",\"datePublished\":\"2021-06-25T14:34:59+00:00\",\"breadcrumb\":{\"@id\":\"https:\/\/uvbbrasil.com.br\/importancia-do-papel-poder-legislativo-municipal-no-encerramento-de-encontro-da-uvb\/#breadcrumb\"},\"inLanguage\":\"pt-BR\",\"potentialAction\":[{\"@type\":\"ReadAction\",\"target\":[\"https:\/\/uvbbrasil.com.br\/importancia-do-papel-poder-legislativo-municipal-no-encerramento-de-encontro-da-uvb\/\"]}]},{\"@type\":\"ImageObject\",\"inLanguage\":\"pt-BR\",\"@id\":\"https:\/\/uvbbrasil.com.br\/importancia-do-papel-poder-legislativo-municipal-no-encerramento-de-encontro-da-uvb\/#primaryimage\",\"url\":\"https:\/\/uvbbrasil.com.br\/wp-content\/uploads\/2021\/06\/WhatsApp-Image-2021-06-25-at-10.35.21.jpeg\",\"contentUrl\":\"https:\/\/uvbbrasil.com.br\/wp-content\/uploads\/2021\/06\/WhatsApp-Image-2021-06-25-at-10.35.21.jpeg\",\"width\":1280,\"height\":850},{\"@type\":\"BreadcrumbList\",\"@id\":\"https:\/\/uvbbrasil.com.br\/importancia-do-papel-poder-legislativo-municipal-no-encerramento-de-encontro-da-uvb\/#breadcrumb\",\"itemListElement\":[{\"@type\":\"ListItem\",\"position\":1,\"name\":\"In\u00edcio\",\"item\":\"https:\/\/uvbbrasil.com.br\/\"},{\"@type\":\"ListItem\",\"position\":2,\"name\":\"Import\u00e2ncia do papel poder legislativo municipal no encerramento de encontro da UVB\"}]},{\"@type\":\"WebSite\",\"@id\":\"https:\/\/uvbbrasil.com.br\/#website\",\"url\":\"https:\/\/uvbbrasil.com.br\/\",\"name\":\"UVB Brasil\",\"description\":\"Uni\u00e3o dos Vereadores do Brasil\",\"publisher\":{\"@id\":\"https:\/\/uvbbrasil.com.br\/#organization\"},\"potentialAction\":[{\"@type\":\"SearchAction\",\"target\":{\"@type\":\"EntryPoint\",\"urlTemplate\":\"https:\/\/uvbbrasil.com.br\/?s={search_term_string}\"},\"query-input\":{\"@type\":\"PropertyValueSpecification\",\"valueRequired\":true,\"valueName\":\"search_term_string\"}}],\"inLanguage\":\"pt-BR\"},{\"@type\":\"Organization\",\"@id\":\"https:\/\/uvbbrasil.com.br\/#organization\",\"name\":\"UVB Brasil\",\"url\":\"https:\/\/uvbbrasil.com.br\/\",\"logo\":{\"@type\":\"ImageObject\",\"inLanguage\":\"pt-BR\",\"@id\":\"https:\/\/uvbbrasil.com.br\/#\/schema\/logo\/image\/\",\"url\":\"https:\/\/uvbbrasil.com.br\/wp-content\/uploads\/2025\/01\/LOGO-UVB-2024-azul-1.jpg\",\"contentUrl\":\"https:\/\/uvbbrasil.com.br\/wp-content\/uploads\/2025\/01\/LOGO-UVB-2024-azul-1.jpg\",\"width\":600,\"height\":211,\"caption\":\"UVB Brasil\"},\"image\":{\"@id\":\"https:\/\/uvbbrasil.com.br\/#\/schema\/logo\/image\/\"},\"sameAs\":[\"https:\/\/www.facebook.com\/uvb.vereadoresbrasil\",\"https:\/\/www.instagram.com\/uvbbrasil\/\",\"https:\/\/www.youtube.com\/channel\/UCIlPQ8Xzw5GHNzosQIg9S5A\"]},{\"@type\":\"Person\",\"@id\":\"https:\/\/uvbbrasil.com.br\/#\/schema\/person\/17990098446c098f52effddff4f1b272\",\"name\":\"adminuvb\",\"image\":{\"@type\":\"ImageObject\",\"inLanguage\":\"pt-BR\",\"@id\":\"https:\/\/uvbbrasil.com.br\/#\/schema\/person\/image\/\",\"url\":\"https:\/\/secure.gravatar.com\/avatar\/1a494ea6f8e2dd1ae526e55b0e9497efdba542491e0620d704cccf63c6f77c45?s=96&d=mm&r=g\",\"contentUrl\":\"https:\/\/secure.gravatar.com\/avatar\/1a494ea6f8e2dd1ae526e55b0e9497efdba542491e0620d704cccf63c6f77c45?s=96&d=mm&r=g\",\"caption\":\"adminuvb\"},\"sameAs\":[\"https:\/\/uvbbrasil.com.br\"],\"url\":\"https:\/\/uvbbrasil.com.br\/author\/adminuvb\/\"}]}<\/script>\n<!-- \/ Yoast SEO plugin. -->","yoast_head_json":{"title":"Import\u00e2ncia do papel poder legislativo municipal no encerramento de encontro da UVB - UVB Brasil","robots":{"index":"index","follow":"follow","max-snippet":"max-snippet:-1","max-image-preview":"max-image-preview:large","max-video-preview":"max-video-preview:-1"},"canonical":"https:\/\/uvbbrasil.com.br\/importancia-do-papel-poder-legislativo-municipal-no-encerramento-de-encontro-da-uvb\/","og_locale":"pt_BR","og_type":"article","og_title":"Import\u00e2ncia do papel poder legislativo municipal no encerramento de encontro da UVB - UVB Brasil","og_description":"O giro do Legislativo\/ Encontro Nacional de Legislativos Municipais realizado pela a Uni\u00e3o dos Vereadores do Brasil\/UVB iniciou na ultima...","og_url":"https:\/\/uvbbrasil.com.br\/importancia-do-papel-poder-legislativo-municipal-no-encerramento-de-encontro-da-uvb\/","og_site_name":"UVB Brasil","article_publisher":"https:\/\/www.facebook.com\/uvb.vereadoresbrasil","article_published_time":"2021-06-25T14:34:59+00:00","og_image":[{"width":1280,"height":850,"url":"https:\/\/uvbbrasil.com.br\/wp-content\/uploads\/2021\/06\/WhatsApp-Image-2021-06-25-at-10.35.21.jpeg","type":"image\/jpeg"}],"author":"adminuvb","twitter_card":"summary_large_image","twitter_misc":{"Escrito por":"adminuvb","Est. tempo de leitura":"1 minuto"},"schema":{"@context":"https:\/\/schema.org","@graph":[{"@type":"Article","@id":"https:\/\/uvbbrasil.com.br\/importancia-do-papel-poder-legislativo-municipal-no-encerramento-de-encontro-da-uvb\/#article","isPartOf":{"@id":"https:\/\/uvbbrasil.com.br\/importancia-do-papel-poder-legislativo-municipal-no-encerramento-de-encontro-da-uvb\/"},"author":{"name":"adminuvb","@id":"https:\/\/uvbbrasil.com.br\/#\/schema\/person\/17990098446c098f52effddff4f1b272"},"headline":"Import\u00e2ncia do papel poder legislativo municipal no encerramento de encontro da UVB","datePublished":"2021-06-25T14:34:59+00:00","mainEntityOfPage":{"@id":"https:\/\/uvbbrasil.com.br\/importancia-do-papel-poder-legislativo-municipal-no-encerramento-de-encontro-da-uvb\/"},"wordCount":288,"commentCount":0,"publisher":{"@id":"https:\/\/uvbbrasil.com.br\/#organization"},"image":{"@id":"https:\/\/uvbbrasil.com.br\/importancia-do-papel-poder-legislativo-municipal-no-encerramento-de-encontro-da-uvb\/#primaryimage"},"thumbnailUrl":"https:\/\/uvbbrasil.com.br\/wp-content\/uploads\/2021\/06\/WhatsApp-Image-2021-06-25-at-10.35.21.jpeg","articleSection":["NOT\u00cdCIAS","UVB"],"inLanguage":"pt-BR","potentialAction":[{"@type":"CommentAction","name":"Comment","target":["https:\/\/uvbbrasil.com.br\/importancia-do-papel-poder-legislativo-municipal-no-encerramento-de-encontro-da-uvb\/#respond"]}]},{"@type":"WebPage","@id":"https:\/\/uvbbrasil.com.br\/importancia-do-papel-poder-legislativo-municipal-no-encerramento-de-encontro-da-uvb\/","url":"https:\/\/uvbbrasil.com.br\/importancia-do-papel-poder-legislativo-municipal-no-encerramento-de-encontro-da-uvb\/","name":"Import\u00e2ncia do papel poder legislativo municipal no encerramento de encontro da UVB - UVB Brasil","isPartOf":{"@id":"https:\/\/uvbbrasil.com.br\/#website"},"primaryImageOfPage":{"@id":"https:\/\/uvbbrasil.com.br\/importancia-do-papel-poder-legislativo-municipal-no-encerramento-de-encontro-da-uvb\/#primaryimage"},"image":{"@id":"https:\/\/uvbbrasil.com.br\/importancia-do-papel-poder-legislativo-municipal-no-encerramento-de-encontro-da-uvb\/#primaryimage"},"thumbnailUrl":"https:\/\/uvbbrasil.com.br\/wp-content\/uploads\/2021\/06\/WhatsApp-Image-2021-06-25-at-10.35.21.jpeg","datePublished":"2021-06-25T14:34:59+00:00","breadcrumb":{"@id":"https:\/\/uvbbrasil.com.br\/importancia-do-papel-poder-legislativo-municipal-no-encerramento-de-encontro-da-uvb\/#breadcrumb"},"inLanguage":"pt-BR","potentialAction":[{"@type":"ReadAction","target":["https:\/\/uvbbrasil.com.br\/importancia-do-papel-poder-legislativo-municipal-no-encerramento-de-encontro-da-uvb\/"]}]},{"@type":"ImageObject","inLanguage":"pt-BR","@id":"https:\/\/uvbbrasil.com.br\/importancia-do-papel-poder-legislativo-municipal-no-encerramento-de-encontro-da-uvb\/#primaryimage","url":"https:\/\/uvbbrasil.com.br\/wp-content\/uploads\/2021\/06\/WhatsApp-Image-2021-06-25-at-10.35.21.jpeg","contentUrl":"https:\/\/uvbbrasil.com.br\/wp-content\/uploads\/2021\/06\/WhatsApp-Image-2021-06-25-at-10.35.21.jpeg","width":1280,"height":850},{"@type":"BreadcrumbList","@id":"https:\/\/uvbbrasil.com.br\/importancia-do-papel-poder-legislativo-municipal-no-encerramento-de-encontro-da-uvb\/#breadcrumb","itemListElement":[{"@type":"ListItem","position":1,"name":"In\u00edcio","item":"https:\/\/uvbbrasil.com.br\/"},{"@type":"ListItem","position":2,"name":"Import\u00e2ncia do papel poder legislativo municipal no encerramento de encontro da UVB"}]},{"@type":"WebSite","@id":"https:\/\/uvbbrasil.com.br\/#website","url":"https:\/\/uvbbrasil.com.br\/","name":"UVB Brasil","description":"Uni\u00e3o dos Vereadores do Brasil","publisher":{"@id":"https:\/\/uvbbrasil.com.br\/#organization"},"potentialAction":[{"@type":"SearchAction","target":{"@type":"EntryPoint","urlTemplate":"https:\/\/uvbbrasil.com.br\/?s={search_term_string}"},"query-input":{"@type":"PropertyValueSpecification","valueRequired":true,"valueName":"search_term_string"}}],"inLanguage":"pt-BR"},{"@type":"Organization","@id":"https:\/\/uvbbrasil.com.br\/#organization","name":"UVB Brasil","url":"https:\/\/uvbbrasil.com.br\/","logo":{"@type":"ImageObject","inLanguage":"pt-BR","@id":"https:\/\/uvbbrasil.com.br\/#\/schema\/logo\/image\/","url":"https:\/\/uvbbrasil.com.br\/wp-content\/uploads\/2025\/01\/LOGO-UVB-2024-azul-1.jpg","contentUrl":"https:\/\/uvbbrasil.com.br\/wp-content\/uploads\/2025\/01\/LOGO-UVB-2024-azul-1.jpg","width":600,"height":211,"caption":"UVB Brasil"},"image":{"@id":"https:\/\/uvbbrasil.com.br\/#\/schema\/logo\/image\/"},"sameAs":["https:\/\/www.facebook.com\/uvb.vereadoresbrasil","https:\/\/www.instagram.com\/uvbbrasil\/","https:\/\/www.youtube.com\/channel\/UCIlPQ8Xzw5GHNzosQIg9S5A"]},{"@type":"Person","@id":"https:\/\/uvbbrasil.com.br\/#\/schema\/person\/17990098446c098f52effddff4f1b272","name":"adminuvb","image":{"@type":"ImageObject","inLanguage":"pt-BR","@id":"https:\/\/uvbbrasil.com.br\/#\/schema\/person\/image\/","url":"https:\/\/secure.gravatar.com\/avatar\/1a494ea6f8e2dd1ae526e55b0e9497efdba542491e0620d704cccf63c6f77c45?s=96&d=mm&r=g","contentUrl":"https:\/\/secure.gravatar.com\/avatar\/1a494ea6f8e2dd1ae526e55b0e9497efdba542491e0620d704cccf63c6f77c45?s=96&d=mm&r=g","caption":"adminuvb"},"sameAs":["https:\/\/uvbbrasil.com.br"],"url":"https:\/\/uvbbrasil.com.br\/author\/adminuvb\/"}]}},"_links":{"self":[{"href":"https:\/\/uvbbrasil.com.br\/uvb-json\/wp\/v2\/posts\/22621","targetHints":{"allow":["GET"]}}],"collection":[{"href":"https:\/\/uvbbrasil.com.br\/uvb-json\/wp\/v2\/posts"}],"about":[{"href":"https:\/\/uvbbrasil.com.br\/uvb-json\/wp\/v2\/types\/post"}],"author":[{"embeddable":true,"href":"https:\/\/uvbbrasil.com.br\/uvb-json\/wp\/v2\/users\/1"}],"replies":[{"embeddable":true,"href":"https:\/\/uvbbrasil.com.br\/uvb-json\/wp\/v2\/comments?post=22621"}],"version-history":[{"count":0,"href":"https:\/\/uvbbrasil.com.br\/uvb-json\/wp\/v2\/posts\/22621\/revisions"}],"wp:featuredmedia":[{"embeddable":true,"href":"https:\/\/uvbbrasil.com.br\/uvb-json\/wp\/v2\/media\/22628"}],"wp:attachment":[{"href":"https:\/\/uvbbrasil.com.br\/uvb-json\/wp\/v2\/media?parent=22621"}],"wp:term":[{"taxonomy":"category","embeddable":true,"href":"https:\/\/uvbbrasil.com.br\/uvb-json\/wp\/v2\/categories?post=22621"},{"taxonomy":"post_tag","embeddable":true,"href":"https:\/\/uvbbrasil.com.br\/uvb-json\/wp\/v2\/tags?post=22621"}],"curies":[{"name":"wp","href":"https:\/\/api.w.org\/{rel}","templated":true}]}}