{"id":22540,"date":"2021-06-23T17:03:45","date_gmt":"2021-06-23T20:03:45","guid":{"rendered":"https:\/\/wpsandbox4.pante.com.br\/?p=22540"},"modified":"2021-06-23T17:03:45","modified_gmt":"2021-06-23T20:03:45","slug":"aspectos-gerais-do-ciclo-orcamentario-no-giro-do-legislativo-municipal","status":"publish","type":"post","link":"https:\/\/uvbbrasil.com.br\/aspectos-gerais-do-ciclo-orcamentario-no-giro-do-legislativo-municipal\/","title":{"rendered":"Aspectos gerais do ciclo or\u00e7ament\u00e1rio no Giro do Legislativo Municipal."},"content":{"rendered":"\n<p>Dr. Danilo Falc\u00e3o consulto t\u00e9cnico da UVB e consultor t\u00e9cnico legislativo de C\u00e2maras Municipais, em sua segunda palestra no Giro do Legislativo\/ Encontro Nacional de Legislativos Municipais trouxe aos parlamentares a palestra sobre os Aspectos gerais do ciclo or\u00e7ament\u00e1rio.<\/p>\n\n\n\n<p>Falc\u00e3o, explicou  e interagiu com aos vereadores e vereadoras presentes no evento sobre a divis\u00e3o do ciclo or\u00e7ament\u00e1rio.<\/p>\n\n\n\n<ul class=\"wp-block-list\"><li>Plano Plurianual \u2013 PPA<\/li><li>Lei de Diretrizes Or\u00e7ament\u00e1rias \u2013 LDO<\/li><\/ul>\n\n\n\n<p>Lei Or\u00e7ament\u00e1ria Anual \u2013 LOA<\/p>\n\n\n\n<p>O projeto do plano plurianual, para vig\u00eancia at\u00e9 o final do primeiro exerc\u00edcio financeiro do mandato presidencial subsequente, ser\u00e1 encaminhado at\u00e9 quatro meses antes do encerramento do primeiro exerc\u00edcio financeiro e devolvido para san\u00e7\u00e3o at\u00e9 o encerramento da sess\u00e3o legislativa<\/p>\n\n\n\n<p><strong>II &#8211; <\/strong>o projeto de lei de diretrizes or\u00e7ament\u00e1rias ser\u00e1 encaminhado at\u00e9 oito meses e meio antes do encerramento do exerc\u00edcio financeiro e devolvido para san\u00e7\u00e3o at\u00e9 o encerramento do primeiro per\u00edodo da sess\u00e3o legislativa;<\/p>\n\n\n\n<p>III &#8211; o projeto de lei or\u00e7ament\u00e1ria da Uni\u00e3o ser\u00e1 encaminhado at\u00e9 quatro meses antes do encerramento do exerc\u00edcio financeiro e devolvido para san\u00e7\u00e3o at\u00e9 o encerramento da sess\u00e3o legislativa\u201d&#8230;<\/p>\n\n\n\n<p>Refer\u00eancia constitucional &#8211; ppa &#8211; ldo \u2013 loa<\/p>\n\n\n\n<p>Art. 165. Leis de iniciativa do Poder Executivo estabelecer\u00e3o:<\/p>\n\n\n\n<p><strong>I &#8211; o plano plurianual;<\/strong><\/p>\n\n\n\n<p><strong>II &#8211; as diretrizes or\u00e7ament\u00e1rias;<\/strong><\/p>\n\n\n\n<p><strong>III &#8211; os or\u00e7amentos anuais\u201d..<\/strong><\/p>\n\n\n\n<p><strong>Plano plurianual \u2013 PPA \u2013 planejamento estrat\u00e9gico<\/strong><\/p>\n\n\n\n<p>A lei de diretrizes or\u00e7ament\u00e1rias compreender\u00e1 as metas e prioridades da administra\u00e7\u00e3o p\u00fablica federal, estabelecer\u00e1 as diretrizes de pol\u00edtica fiscal e respectivas metas, em conson\u00e2ncia com trajet\u00f3ria sustent\u00e1vel da d\u00edvida p\u00fablica, orientar\u00e1 a elabora\u00e7\u00e3o da lei or\u00e7ament\u00e1ria anual, dispor\u00e1 sobre as altera\u00e7\u00f5es na legisla\u00e7\u00e3o tribut\u00e1ria e estabelecer\u00e1 a pol\u00edtica de aplica\u00e7\u00e3o das ag\u00eancias financeiras oficiais de fomento\u201d<strong>&#8230;\u00a0\u00a0\u00a0\u00a0\u00a0\u00a0\u00a0\u00a0<\/strong><a href=\"http:\/\/www.planalto.gov.br\/ccivil_03\/constituicao\/Emendas\/Emc\/emc109.htm\">(Reda\u00e7\u00e3o dada pela Emenda Constitucional n\u00ba 109, de 2021)<\/a>.<\/p>\n\n\n\n<figure class=\"wp-block-image size-large\"><img fetchpriority=\"high\" decoding=\"async\" width=\"1024\" height=\"680\" src=\"https:\/\/uvbbrasil.com.br\/wp-content\/uploads\/2021\/06\/WhatsApp-Image-2021-06-23-at-16.11.33-1024x680.jpeg\" alt=\"\" class=\"wp-image-22541\" srcset=\"https:\/\/uvbbrasil.com.br\/wp-content\/uploads\/2021\/06\/WhatsApp-Image-2021-06-23-at-16.11.33-1024x680.jpeg 1024w, https:\/\/uvbbrasil.com.br\/wp-content\/uploads\/2021\/06\/WhatsApp-Image-2021-06-23-at-16.11.33-300x199.jpeg 300w, https:\/\/uvbbrasil.com.br\/wp-content\/uploads\/2021\/06\/WhatsApp-Image-2021-06-23-at-16.11.33-768x510.jpeg 768w, https:\/\/uvbbrasil.com.br\/wp-content\/uploads\/2021\/06\/WhatsApp-Image-2021-06-23-at-16.11.33.jpeg 1280w\" sizes=\"(max-width: 1024px) 100vw, 1024px\" \/><\/figure>\n\n\n\n<figure class=\"wp-block-image size-large\"><img decoding=\"async\" width=\"1024\" height=\"680\" src=\"https:\/\/uvbbrasil.com.br\/wp-content\/uploads\/2021\/06\/WhatsApp-Image-2021-06-23-at-16.11.35-1024x680.jpeg\" alt=\"\" class=\"wp-image-22542\" srcset=\"https:\/\/uvbbrasil.com.br\/wp-content\/uploads\/2021\/06\/WhatsApp-Image-2021-06-23-at-16.11.35-1024x680.jpeg 1024w, https:\/\/uvbbrasil.com.br\/wp-content\/uploads\/2021\/06\/WhatsApp-Image-2021-06-23-at-16.11.35-300x199.jpeg 300w, https:\/\/uvbbrasil.com.br\/wp-content\/uploads\/2021\/06\/WhatsApp-Image-2021-06-23-at-16.11.35-768x510.jpeg 768w, https:\/\/uvbbrasil.com.br\/wp-content\/uploads\/2021\/06\/WhatsApp-Image-2021-06-23-at-16.11.35.jpeg 1280w\" sizes=\"(max-width: 1024px) 100vw, 1024px\" \/><\/figure>\n\n\n\n<figure class=\"wp-block-image size-large\"><img decoding=\"async\" width=\"1024\" height=\"680\" src=\"https:\/\/uvbbrasil.com.br\/wp-content\/uploads\/2021\/06\/WhatsApp-Image-2021-06-23-at-16.17.50-1024x680.jpeg\" alt=\"\" class=\"wp-image-22543\" srcset=\"https:\/\/uvbbrasil.com.br\/wp-content\/uploads\/2021\/06\/WhatsApp-Image-2021-06-23-at-16.17.50-1024x680.jpeg 1024w, https:\/\/uvbbrasil.com.br\/wp-content\/uploads\/2021\/06\/WhatsApp-Image-2021-06-23-at-16.17.50-300x199.jpeg 300w, https:\/\/uvbbrasil.com.br\/wp-content\/uploads\/2021\/06\/WhatsApp-Image-2021-06-23-at-16.17.50-768x510.jpeg 768w, https:\/\/uvbbrasil.com.br\/wp-content\/uploads\/2021\/06\/WhatsApp-Image-2021-06-23-at-16.17.50.jpeg 1280w\" sizes=\"(max-width: 1024px) 100vw, 1024px\" \/><\/figure>\n\n\n\n<figure class=\"wp-block-image size-large\"><img loading=\"lazy\" decoding=\"async\" width=\"1024\" height=\"680\" src=\"https:\/\/uvbbrasil.com.br\/wp-content\/uploads\/2021\/06\/WhatsApp-Image-2021-06-23-at-16.17.55-1024x680.jpeg\" alt=\"\" class=\"wp-image-22544\" srcset=\"https:\/\/uvbbrasil.com.br\/wp-content\/uploads\/2021\/06\/WhatsApp-Image-2021-06-23-at-16.17.55-1024x680.jpeg 1024w, https:\/\/uvbbrasil.com.br\/wp-content\/uploads\/2021\/06\/WhatsApp-Image-2021-06-23-at-16.17.55-300x199.jpeg 300w, https:\/\/uvbbrasil.com.br\/wp-content\/uploads\/2021\/06\/WhatsApp-Image-2021-06-23-at-16.17.55-768x510.jpeg 768w, https:\/\/uvbbrasil.com.br\/wp-content\/uploads\/2021\/06\/WhatsApp-Image-2021-06-23-at-16.17.55.jpeg 1280w\" sizes=\"(max-width: 1024px) 100vw, 1024px\" \/><\/figure>\n\n\n\n<figure class=\"wp-block-image size-large\"><img loading=\"lazy\" decoding=\"async\" width=\"1024\" height=\"680\" src=\"https:\/\/uvbbrasil.com.br\/wp-content\/uploads\/2021\/06\/WhatsApp-Image-2021-06-23-at-16.18.59-1024x680.jpeg\" alt=\"\" class=\"wp-image-22545\" srcset=\"https:\/\/uvbbrasil.com.br\/wp-content\/uploads\/2021\/06\/WhatsApp-Image-2021-06-23-at-16.18.59-1024x680.jpeg 1024w, https:\/\/uvbbrasil.com.br\/wp-content\/uploads\/2021\/06\/WhatsApp-Image-2021-06-23-at-16.18.59-300x199.jpeg 300w, https:\/\/uvbbrasil.com.br\/wp-content\/uploads\/2021\/06\/WhatsApp-Image-2021-06-23-at-16.18.59-768x510.jpeg 768w, https:\/\/uvbbrasil.com.br\/wp-content\/uploads\/2021\/06\/WhatsApp-Image-2021-06-23-at-16.18.59.jpeg 1280w\" sizes=\"(max-width: 1024px) 100vw, 1024px\" \/><\/figure>\n\n\n\n<p><\/p>\n","protected":false},"excerpt":{"rendered":"<p>Dr. Danilo Falc\u00e3o consulto t\u00e9cnico da UVB e consultor t\u00e9cnico legislativo de C\u00e2maras Municipais, em sua segunda palestra no Giro&#8230;<\/p>\n","protected":false},"author":1,"featured_media":22544,"comment_status":"open","ping_status":"open","sticky":false,"template":"","format":"standard","meta":{"footnotes":""},"categories":[3,4],"tags":[],"class_list":["post-22540","post","type-post","status-publish","format-standard","has-post-thumbnail","hentry","category-noticias","category-home"],"yoast_head":"<!-- This site is optimized with the Yoast SEO plugin v26.7 - https:\/\/yoast.com\/wordpress\/plugins\/seo\/ -->\n<title>Aspectos gerais do ciclo or\u00e7ament\u00e1rio no Giro do Legislativo Municipal. - UVB Brasil<\/title>\n<meta name=\"robots\" content=\"index, follow, max-snippet:-1, max-image-preview:large, max-video-preview:-1\" \/>\n<link rel=\"canonical\" href=\"https:\/\/uvbbrasil.com.br\/aspectos-gerais-do-ciclo-orcamentario-no-giro-do-legislativo-municipal\/\" \/>\n<meta property=\"og:locale\" content=\"pt_BR\" \/>\n<meta property=\"og:type\" content=\"article\" \/>\n<meta property=\"og:title\" content=\"Aspectos gerais do ciclo or\u00e7ament\u00e1rio no Giro do Legislativo Municipal. - UVB Brasil\" \/>\n<meta property=\"og:description\" content=\"Dr. Danilo Falc\u00e3o consulto t\u00e9cnico da UVB e consultor t\u00e9cnico legislativo de C\u00e2maras Municipais, em sua segunda palestra no Giro...\" \/>\n<meta property=\"og:url\" content=\"https:\/\/uvbbrasil.com.br\/aspectos-gerais-do-ciclo-orcamentario-no-giro-do-legislativo-municipal\/\" \/>\n<meta property=\"og:site_name\" content=\"UVB Brasil\" \/>\n<meta property=\"article:publisher\" content=\"https:\/\/www.facebook.com\/uvb.vereadoresbrasil\" \/>\n<meta property=\"article:published_time\" content=\"2021-06-23T20:03:45+00:00\" \/>\n<meta property=\"og:image\" content=\"https:\/\/uvbbrasil.com.br\/wp-content\/uploads\/2021\/06\/WhatsApp-Image-2021-06-23-at-16.17.55.jpeg\" \/>\n\t<meta property=\"og:image:width\" content=\"1280\" \/>\n\t<meta property=\"og:image:height\" content=\"850\" \/>\n\t<meta property=\"og:image:type\" content=\"image\/jpeg\" \/>\n<meta name=\"author\" content=\"adminuvb\" \/>\n<meta name=\"twitter:card\" content=\"summary_large_image\" \/>\n<meta name=\"twitter:label1\" content=\"Escrito por\" \/>\n\t<meta name=\"twitter:data1\" content=\"adminuvb\" \/>\n\t<meta name=\"twitter:label2\" content=\"Est. tempo de leitura\" \/>\n\t<meta name=\"twitter:data2\" content=\"2 minutos\" \/>\n<script type=\"application\/ld+json\" class=\"yoast-schema-graph\">{\"@context\":\"https:\/\/schema.org\",\"@graph\":[{\"@type\":\"Article\",\"@id\":\"https:\/\/uvbbrasil.com.br\/aspectos-gerais-do-ciclo-orcamentario-no-giro-do-legislativo-municipal\/#article\",\"isPartOf\":{\"@id\":\"https:\/\/uvbbrasil.com.br\/aspectos-gerais-do-ciclo-orcamentario-no-giro-do-legislativo-municipal\/\"},\"author\":{\"name\":\"adminuvb\",\"@id\":\"https:\/\/uvbbrasil.com.br\/#\/schema\/person\/17990098446c098f52effddff4f1b272\"},\"headline\":\"Aspectos gerais do ciclo or\u00e7ament\u00e1rio no Giro do Legislativo Municipal.\",\"datePublished\":\"2021-06-23T20:03:45+00:00\",\"mainEntityOfPage\":{\"@id\":\"https:\/\/uvbbrasil.com.br\/aspectos-gerais-do-ciclo-orcamentario-no-giro-do-legislativo-municipal\/\"},\"wordCount\":342,\"commentCount\":0,\"publisher\":{\"@id\":\"https:\/\/uvbbrasil.com.br\/#organization\"},\"image\":{\"@id\":\"https:\/\/uvbbrasil.com.br\/aspectos-gerais-do-ciclo-orcamentario-no-giro-do-legislativo-municipal\/#primaryimage\"},\"thumbnailUrl\":\"https:\/\/uvbbrasil.com.br\/wp-content\/uploads\/2021\/06\/WhatsApp-Image-2021-06-23-at-16.17.55.jpeg\",\"articleSection\":[\"NOT\u00cdCIAS\",\"UVB\"],\"inLanguage\":\"pt-BR\",\"potentialAction\":[{\"@type\":\"CommentAction\",\"name\":\"Comment\",\"target\":[\"https:\/\/uvbbrasil.com.br\/aspectos-gerais-do-ciclo-orcamentario-no-giro-do-legislativo-municipal\/#respond\"]}]},{\"@type\":\"WebPage\",\"@id\":\"https:\/\/uvbbrasil.com.br\/aspectos-gerais-do-ciclo-orcamentario-no-giro-do-legislativo-municipal\/\",\"url\":\"https:\/\/uvbbrasil.com.br\/aspectos-gerais-do-ciclo-orcamentario-no-giro-do-legislativo-municipal\/\",\"name\":\"Aspectos gerais do ciclo or\u00e7ament\u00e1rio no Giro do Legislativo Municipal. - UVB Brasil\",\"isPartOf\":{\"@id\":\"https:\/\/uvbbrasil.com.br\/#website\"},\"primaryImageOfPage\":{\"@id\":\"https:\/\/uvbbrasil.com.br\/aspectos-gerais-do-ciclo-orcamentario-no-giro-do-legislativo-municipal\/#primaryimage\"},\"image\":{\"@id\":\"https:\/\/uvbbrasil.com.br\/aspectos-gerais-do-ciclo-orcamentario-no-giro-do-legislativo-municipal\/#primaryimage\"},\"thumbnailUrl\":\"https:\/\/uvbbrasil.com.br\/wp-content\/uploads\/2021\/06\/WhatsApp-Image-2021-06-23-at-16.17.55.jpeg\",\"datePublished\":\"2021-06-23T20:03:45+00:00\",\"breadcrumb\":{\"@id\":\"https:\/\/uvbbrasil.com.br\/aspectos-gerais-do-ciclo-orcamentario-no-giro-do-legislativo-municipal\/#breadcrumb\"},\"inLanguage\":\"pt-BR\",\"potentialAction\":[{\"@type\":\"ReadAction\",\"target\":[\"https:\/\/uvbbrasil.com.br\/aspectos-gerais-do-ciclo-orcamentario-no-giro-do-legislativo-municipal\/\"]}]},{\"@type\":\"ImageObject\",\"inLanguage\":\"pt-BR\",\"@id\":\"https:\/\/uvbbrasil.com.br\/aspectos-gerais-do-ciclo-orcamentario-no-giro-do-legislativo-municipal\/#primaryimage\",\"url\":\"https:\/\/uvbbrasil.com.br\/wp-content\/uploads\/2021\/06\/WhatsApp-Image-2021-06-23-at-16.17.55.jpeg\",\"contentUrl\":\"https:\/\/uvbbrasil.com.br\/wp-content\/uploads\/2021\/06\/WhatsApp-Image-2021-06-23-at-16.17.55.jpeg\",\"width\":1280,\"height\":850},{\"@type\":\"BreadcrumbList\",\"@id\":\"https:\/\/uvbbrasil.com.br\/aspectos-gerais-do-ciclo-orcamentario-no-giro-do-legislativo-municipal\/#breadcrumb\",\"itemListElement\":[{\"@type\":\"ListItem\",\"position\":1,\"name\":\"In\u00edcio\",\"item\":\"https:\/\/uvbbrasil.com.br\/\"},{\"@type\":\"ListItem\",\"position\":2,\"name\":\"Aspectos gerais do ciclo or\u00e7ament\u00e1rio no Giro do Legislativo Municipal.\"}]},{\"@type\":\"WebSite\",\"@id\":\"https:\/\/uvbbrasil.com.br\/#website\",\"url\":\"https:\/\/uvbbrasil.com.br\/\",\"name\":\"UVB Brasil\",\"description\":\"Uni\u00e3o dos Vereadores do Brasil\",\"publisher\":{\"@id\":\"https:\/\/uvbbrasil.com.br\/#organization\"},\"potentialAction\":[{\"@type\":\"SearchAction\",\"target\":{\"@type\":\"EntryPoint\",\"urlTemplate\":\"https:\/\/uvbbrasil.com.br\/?s={search_term_string}\"},\"query-input\":{\"@type\":\"PropertyValueSpecification\",\"valueRequired\":true,\"valueName\":\"search_term_string\"}}],\"inLanguage\":\"pt-BR\"},{\"@type\":\"Organization\",\"@id\":\"https:\/\/uvbbrasil.com.br\/#organization\",\"name\":\"UVB Brasil\",\"url\":\"https:\/\/uvbbrasil.com.br\/\",\"logo\":{\"@type\":\"ImageObject\",\"inLanguage\":\"pt-BR\",\"@id\":\"https:\/\/uvbbrasil.com.br\/#\/schema\/logo\/image\/\",\"url\":\"https:\/\/uvbbrasil.com.br\/wp-content\/uploads\/2025\/01\/LOGO-UVB-2024-azul-1.jpg\",\"contentUrl\":\"https:\/\/uvbbrasil.com.br\/wp-content\/uploads\/2025\/01\/LOGO-UVB-2024-azul-1.jpg\",\"width\":600,\"height\":211,\"caption\":\"UVB Brasil\"},\"image\":{\"@id\":\"https:\/\/uvbbrasil.com.br\/#\/schema\/logo\/image\/\"},\"sameAs\":[\"https:\/\/www.facebook.com\/uvb.vereadoresbrasil\",\"https:\/\/www.instagram.com\/uvbbrasil\/\",\"https:\/\/www.youtube.com\/channel\/UCIlPQ8Xzw5GHNzosQIg9S5A\"]},{\"@type\":\"Person\",\"@id\":\"https:\/\/uvbbrasil.com.br\/#\/schema\/person\/17990098446c098f52effddff4f1b272\",\"name\":\"adminuvb\",\"image\":{\"@type\":\"ImageObject\",\"inLanguage\":\"pt-BR\",\"@id\":\"https:\/\/uvbbrasil.com.br\/#\/schema\/person\/image\/\",\"url\":\"https:\/\/secure.gravatar.com\/avatar\/1a494ea6f8e2dd1ae526e55b0e9497efdba542491e0620d704cccf63c6f77c45?s=96&d=mm&r=g\",\"contentUrl\":\"https:\/\/secure.gravatar.com\/avatar\/1a494ea6f8e2dd1ae526e55b0e9497efdba542491e0620d704cccf63c6f77c45?s=96&d=mm&r=g\",\"caption\":\"adminuvb\"},\"sameAs\":[\"https:\/\/uvbbrasil.com.br\"],\"url\":\"https:\/\/uvbbrasil.com.br\/author\/adminuvb\/\"}]}<\/script>\n<!-- \/ Yoast SEO plugin. -->","yoast_head_json":{"title":"Aspectos gerais do ciclo or\u00e7ament\u00e1rio no Giro do Legislativo Municipal. - UVB Brasil","robots":{"index":"index","follow":"follow","max-snippet":"max-snippet:-1","max-image-preview":"max-image-preview:large","max-video-preview":"max-video-preview:-1"},"canonical":"https:\/\/uvbbrasil.com.br\/aspectos-gerais-do-ciclo-orcamentario-no-giro-do-legislativo-municipal\/","og_locale":"pt_BR","og_type":"article","og_title":"Aspectos gerais do ciclo or\u00e7ament\u00e1rio no Giro do Legislativo Municipal. - UVB Brasil","og_description":"Dr. Danilo Falc\u00e3o consulto t\u00e9cnico da UVB e consultor t\u00e9cnico legislativo de C\u00e2maras Municipais, em sua segunda palestra no Giro...","og_url":"https:\/\/uvbbrasil.com.br\/aspectos-gerais-do-ciclo-orcamentario-no-giro-do-legislativo-municipal\/","og_site_name":"UVB Brasil","article_publisher":"https:\/\/www.facebook.com\/uvb.vereadoresbrasil","article_published_time":"2021-06-23T20:03:45+00:00","og_image":[{"width":1280,"height":850,"url":"https:\/\/uvbbrasil.com.br\/wp-content\/uploads\/2021\/06\/WhatsApp-Image-2021-06-23-at-16.17.55.jpeg","type":"image\/jpeg"}],"author":"adminuvb","twitter_card":"summary_large_image","twitter_misc":{"Escrito por":"adminuvb","Est. tempo de leitura":"2 minutos"},"schema":{"@context":"https:\/\/schema.org","@graph":[{"@type":"Article","@id":"https:\/\/uvbbrasil.com.br\/aspectos-gerais-do-ciclo-orcamentario-no-giro-do-legislativo-municipal\/#article","isPartOf":{"@id":"https:\/\/uvbbrasil.com.br\/aspectos-gerais-do-ciclo-orcamentario-no-giro-do-legislativo-municipal\/"},"author":{"name":"adminuvb","@id":"https:\/\/uvbbrasil.com.br\/#\/schema\/person\/17990098446c098f52effddff4f1b272"},"headline":"Aspectos gerais do ciclo or\u00e7ament\u00e1rio no Giro do Legislativo Municipal.","datePublished":"2021-06-23T20:03:45+00:00","mainEntityOfPage":{"@id":"https:\/\/uvbbrasil.com.br\/aspectos-gerais-do-ciclo-orcamentario-no-giro-do-legislativo-municipal\/"},"wordCount":342,"commentCount":0,"publisher":{"@id":"https:\/\/uvbbrasil.com.br\/#organization"},"image":{"@id":"https:\/\/uvbbrasil.com.br\/aspectos-gerais-do-ciclo-orcamentario-no-giro-do-legislativo-municipal\/#primaryimage"},"thumbnailUrl":"https:\/\/uvbbrasil.com.br\/wp-content\/uploads\/2021\/06\/WhatsApp-Image-2021-06-23-at-16.17.55.jpeg","articleSection":["NOT\u00cdCIAS","UVB"],"inLanguage":"pt-BR","potentialAction":[{"@type":"CommentAction","name":"Comment","target":["https:\/\/uvbbrasil.com.br\/aspectos-gerais-do-ciclo-orcamentario-no-giro-do-legislativo-municipal\/#respond"]}]},{"@type":"WebPage","@id":"https:\/\/uvbbrasil.com.br\/aspectos-gerais-do-ciclo-orcamentario-no-giro-do-legislativo-municipal\/","url":"https:\/\/uvbbrasil.com.br\/aspectos-gerais-do-ciclo-orcamentario-no-giro-do-legislativo-municipal\/","name":"Aspectos gerais do ciclo or\u00e7ament\u00e1rio no Giro do Legislativo Municipal. - UVB Brasil","isPartOf":{"@id":"https:\/\/uvbbrasil.com.br\/#website"},"primaryImageOfPage":{"@id":"https:\/\/uvbbrasil.com.br\/aspectos-gerais-do-ciclo-orcamentario-no-giro-do-legislativo-municipal\/#primaryimage"},"image":{"@id":"https:\/\/uvbbrasil.com.br\/aspectos-gerais-do-ciclo-orcamentario-no-giro-do-legislativo-municipal\/#primaryimage"},"thumbnailUrl":"https:\/\/uvbbrasil.com.br\/wp-content\/uploads\/2021\/06\/WhatsApp-Image-2021-06-23-at-16.17.55.jpeg","datePublished":"2021-06-23T20:03:45+00:00","breadcrumb":{"@id":"https:\/\/uvbbrasil.com.br\/aspectos-gerais-do-ciclo-orcamentario-no-giro-do-legislativo-municipal\/#breadcrumb"},"inLanguage":"pt-BR","potentialAction":[{"@type":"ReadAction","target":["https:\/\/uvbbrasil.com.br\/aspectos-gerais-do-ciclo-orcamentario-no-giro-do-legislativo-municipal\/"]}]},{"@type":"ImageObject","inLanguage":"pt-BR","@id":"https:\/\/uvbbrasil.com.br\/aspectos-gerais-do-ciclo-orcamentario-no-giro-do-legislativo-municipal\/#primaryimage","url":"https:\/\/uvbbrasil.com.br\/wp-content\/uploads\/2021\/06\/WhatsApp-Image-2021-06-23-at-16.17.55.jpeg","contentUrl":"https:\/\/uvbbrasil.com.br\/wp-content\/uploads\/2021\/06\/WhatsApp-Image-2021-06-23-at-16.17.55.jpeg","width":1280,"height":850},{"@type":"BreadcrumbList","@id":"https:\/\/uvbbrasil.com.br\/aspectos-gerais-do-ciclo-orcamentario-no-giro-do-legislativo-municipal\/#breadcrumb","itemListElement":[{"@type":"ListItem","position":1,"name":"In\u00edcio","item":"https:\/\/uvbbrasil.com.br\/"},{"@type":"ListItem","position":2,"name":"Aspectos gerais do ciclo or\u00e7ament\u00e1rio no Giro do Legislativo Municipal."}]},{"@type":"WebSite","@id":"https:\/\/uvbbrasil.com.br\/#website","url":"https:\/\/uvbbrasil.com.br\/","name":"UVB Brasil","description":"Uni\u00e3o dos Vereadores do Brasil","publisher":{"@id":"https:\/\/uvbbrasil.com.br\/#organization"},"potentialAction":[{"@type":"SearchAction","target":{"@type":"EntryPoint","urlTemplate":"https:\/\/uvbbrasil.com.br\/?s={search_term_string}"},"query-input":{"@type":"PropertyValueSpecification","valueRequired":true,"valueName":"search_term_string"}}],"inLanguage":"pt-BR"},{"@type":"Organization","@id":"https:\/\/uvbbrasil.com.br\/#organization","name":"UVB Brasil","url":"https:\/\/uvbbrasil.com.br\/","logo":{"@type":"ImageObject","inLanguage":"pt-BR","@id":"https:\/\/uvbbrasil.com.br\/#\/schema\/logo\/image\/","url":"https:\/\/uvbbrasil.com.br\/wp-content\/uploads\/2025\/01\/LOGO-UVB-2024-azul-1.jpg","contentUrl":"https:\/\/uvbbrasil.com.br\/wp-content\/uploads\/2025\/01\/LOGO-UVB-2024-azul-1.jpg","width":600,"height":211,"caption":"UVB Brasil"},"image":{"@id":"https:\/\/uvbbrasil.com.br\/#\/schema\/logo\/image\/"},"sameAs":["https:\/\/www.facebook.com\/uvb.vereadoresbrasil","https:\/\/www.instagram.com\/uvbbrasil\/","https:\/\/www.youtube.com\/channel\/UCIlPQ8Xzw5GHNzosQIg9S5A"]},{"@type":"Person","@id":"https:\/\/uvbbrasil.com.br\/#\/schema\/person\/17990098446c098f52effddff4f1b272","name":"adminuvb","image":{"@type":"ImageObject","inLanguage":"pt-BR","@id":"https:\/\/uvbbrasil.com.br\/#\/schema\/person\/image\/","url":"https:\/\/secure.gravatar.com\/avatar\/1a494ea6f8e2dd1ae526e55b0e9497efdba542491e0620d704cccf63c6f77c45?s=96&d=mm&r=g","contentUrl":"https:\/\/secure.gravatar.com\/avatar\/1a494ea6f8e2dd1ae526e55b0e9497efdba542491e0620d704cccf63c6f77c45?s=96&d=mm&r=g","caption":"adminuvb"},"sameAs":["https:\/\/uvbbrasil.com.br"],"url":"https:\/\/uvbbrasil.com.br\/author\/adminuvb\/"}]}},"_links":{"self":[{"href":"https:\/\/uvbbrasil.com.br\/uvb-json\/wp\/v2\/posts\/22540","targetHints":{"allow":["GET"]}}],"collection":[{"href":"https:\/\/uvbbrasil.com.br\/uvb-json\/wp\/v2\/posts"}],"about":[{"href":"https:\/\/uvbbrasil.com.br\/uvb-json\/wp\/v2\/types\/post"}],"author":[{"embeddable":true,"href":"https:\/\/uvbbrasil.com.br\/uvb-json\/wp\/v2\/users\/1"}],"replies":[{"embeddable":true,"href":"https:\/\/uvbbrasil.com.br\/uvb-json\/wp\/v2\/comments?post=22540"}],"version-history":[{"count":0,"href":"https:\/\/uvbbrasil.com.br\/uvb-json\/wp\/v2\/posts\/22540\/revisions"}],"wp:featuredmedia":[{"embeddable":true,"href":"https:\/\/uvbbrasil.com.br\/uvb-json\/wp\/v2\/media\/22544"}],"wp:attachment":[{"href":"https:\/\/uvbbrasil.com.br\/uvb-json\/wp\/v2\/media?parent=22540"}],"wp:term":[{"taxonomy":"category","embeddable":true,"href":"https:\/\/uvbbrasil.com.br\/uvb-json\/wp\/v2\/categories?post=22540"},{"taxonomy":"post_tag","embeddable":true,"href":"https:\/\/uvbbrasil.com.br\/uvb-json\/wp\/v2\/tags?post=22540"}],"curies":[{"name":"wp","href":"https:\/\/api.w.org\/{rel}","templated":true}]}}