{"id":22510,"date":"2021-06-23T11:39:06","date_gmt":"2021-06-23T14:39:06","guid":{"rendered":"https:\/\/wpsandbox4.pante.com.br\/?p=22510"},"modified":"2021-06-23T11:39:06","modified_gmt":"2021-06-23T14:39:06","slug":"abertura-oficial-do-giro-do-legislativo-da-uvb-em-brasilia","status":"publish","type":"post","link":"https:\/\/uvbbrasil.com.br\/abertura-oficial-do-giro-do-legislativo-da-uvb-em-brasilia\/","title":{"rendered":"Abertura oficial do Giro do Legislativo da UVB em Bras\u00edlia."},"content":{"rendered":"\n<p>A Uni\u00e3o dos Vereadores do Brasil\/UVB, obedecendo todos os protocolos sanit\u00e1rios exigidos pela OMS, inicia o Giro do Legislativo e Encontro Nacional de Legislativos Municipais, nesta quarta-feira (23)  na  capital Federal.<\/p>\n\n\n\n<p>A abertura do encontro  foi comandada pelo presidente da Uni\u00e3o dos vereadores do Brasil\/UVB, vereador Gilson Conzatti, que est\u00e1 a frente a entidade pelo segundo mandato  e que cumpri a miss\u00e3o de transformar a UVB na maior entidade de representa\u00e7\u00e3o do pa\u00eds, e com respeito, seriedade e  \u00e9tica.<\/p>\n\n\n\n<p>Conzatti, em seu pronunciamento saudou a todos os vereadores, vereadoras presentes , citou os desafios da entidade em acompanhar os trabalho no Congresso Nacional e ao mesmo tempo capacitar os homens e mulheres que pertencentes aos legislativos municipais. <\/p>\n\n\n\n<p>O Presidente da UVB, convidou todas as mulheres presentes no evento a frente do palco para homenage\u00e1-las e como forma de motivar e fortalecer a presen\u00e7a da mulher na politica, em uso da palavra a Presidente da C\u00e2mara municipal de Chapad\u00e3o do Sul\/MS, Aline Tontini, que relatou sobre a miss\u00e3o de ser  uma mulher na politica, Aline agradeceu a UVB pela atua\u00e7\u00e3o e na capacita\u00e7\u00e3o dos parlamentares.<\/p>\n\n\n\n<p>A mesa de solenidade foi composta pelos presidentes das entidades estaduais, representando o estado de Goi\u00e1s (UVEGO), vereador Ricardo Oliveira, Tocantins (UVET) Terciliano Gomes, Minas Gerais( UVB\/MG) vereador Evandro Lott, Espirito Santo (ASCAMVEIS)  Cezar Tadeu Ronchi .<\/p>\n\n\n\n<p>O Giro do Legislativo  esta sendo realizado com vagas limitadas onde est\u00e3o participando  vereadores e  vereadoras de 15 estados Brasileiro e segue com a programa\u00e7\u00e3o ate sexta-feira (25).<\/p>\n\n\n\n<figure class=\"wp-block-image size-large\"><img fetchpriority=\"high\" decoding=\"async\" width=\"1024\" height=\"680\" src=\"https:\/\/uvbbrasil.com.br\/wp-content\/uploads\/2021\/06\/WhatsApp-Image-2021-06-23-at-11.31.39-1-1024x680.jpeg\" alt=\"\" class=\"wp-image-22512\" srcset=\"https:\/\/uvbbrasil.com.br\/wp-content\/uploads\/2021\/06\/WhatsApp-Image-2021-06-23-at-11.31.39-1-1024x680.jpeg 1024w, https:\/\/uvbbrasil.com.br\/wp-content\/uploads\/2021\/06\/WhatsApp-Image-2021-06-23-at-11.31.39-1-300x199.jpeg 300w, https:\/\/uvbbrasil.com.br\/wp-content\/uploads\/2021\/06\/WhatsApp-Image-2021-06-23-at-11.31.39-1-768x510.jpeg 768w, https:\/\/uvbbrasil.com.br\/wp-content\/uploads\/2021\/06\/WhatsApp-Image-2021-06-23-at-11.31.39-1.jpeg 1280w\" sizes=\"(max-width: 1024px) 100vw, 1024px\" \/><\/figure>\n\n\n\n<figure class=\"wp-block-image size-large\"><img decoding=\"async\" width=\"1024\" height=\"680\" src=\"https:\/\/uvbbrasil.com.br\/wp-content\/uploads\/2021\/06\/WhatsApp-Image-2021-06-23-at-11.24.34-1024x680.jpeg\" alt=\"\" class=\"wp-image-22514\" srcset=\"https:\/\/uvbbrasil.com.br\/wp-content\/uploads\/2021\/06\/WhatsApp-Image-2021-06-23-at-11.24.34-1024x680.jpeg 1024w, https:\/\/uvbbrasil.com.br\/wp-content\/uploads\/2021\/06\/WhatsApp-Image-2021-06-23-at-11.24.34-300x199.jpeg 300w, https:\/\/uvbbrasil.com.br\/wp-content\/uploads\/2021\/06\/WhatsApp-Image-2021-06-23-at-11.24.34-768x510.jpeg 768w, https:\/\/uvbbrasil.com.br\/wp-content\/uploads\/2021\/06\/WhatsApp-Image-2021-06-23-at-11.24.34.jpeg 1280w\" sizes=\"(max-width: 1024px) 100vw, 1024px\" \/><\/figure>\n\n\n\n<figure class=\"wp-block-image size-large\"><img decoding=\"async\" width=\"1024\" height=\"680\" src=\"https:\/\/uvbbrasil.com.br\/wp-content\/uploads\/2021\/06\/WhatsApp-Image-2021-06-23-at-11.24.36-1024x680.jpeg\" alt=\"\" class=\"wp-image-22515\" srcset=\"https:\/\/uvbbrasil.com.br\/wp-content\/uploads\/2021\/06\/WhatsApp-Image-2021-06-23-at-11.24.36-1024x680.jpeg 1024w, https:\/\/uvbbrasil.com.br\/wp-content\/uploads\/2021\/06\/WhatsApp-Image-2021-06-23-at-11.24.36-300x199.jpeg 300w, https:\/\/uvbbrasil.com.br\/wp-content\/uploads\/2021\/06\/WhatsApp-Image-2021-06-23-at-11.24.36-768x510.jpeg 768w, https:\/\/uvbbrasil.com.br\/wp-content\/uploads\/2021\/06\/WhatsApp-Image-2021-06-23-at-11.24.36.jpeg 1280w\" sizes=\"(max-width: 1024px) 100vw, 1024px\" \/><\/figure>\n\n\n\n<figure class=\"wp-block-image size-large\"><img loading=\"lazy\" decoding=\"async\" width=\"1024\" height=\"680\" src=\"https:\/\/uvbbrasil.com.br\/wp-content\/uploads\/2021\/06\/WhatsApp-Image-2021-06-23-at-11.26.13-1024x680.jpeg\" alt=\"\" class=\"wp-image-22516\" srcset=\"https:\/\/uvbbrasil.com.br\/wp-content\/uploads\/2021\/06\/WhatsApp-Image-2021-06-23-at-11.26.13-1024x680.jpeg 1024w, https:\/\/uvbbrasil.com.br\/wp-content\/uploads\/2021\/06\/WhatsApp-Image-2021-06-23-at-11.26.13-300x199.jpeg 300w, https:\/\/uvbbrasil.com.br\/wp-content\/uploads\/2021\/06\/WhatsApp-Image-2021-06-23-at-11.26.13-768x510.jpeg 768w, https:\/\/uvbbrasil.com.br\/wp-content\/uploads\/2021\/06\/WhatsApp-Image-2021-06-23-at-11.26.13.jpeg 1280w\" sizes=\"(max-width: 1024px) 100vw, 1024px\" \/><\/figure>\n\n\n\n<figure class=\"wp-block-image size-large\"><img loading=\"lazy\" decoding=\"async\" width=\"1024\" height=\"680\" src=\"https:\/\/uvbbrasil.com.br\/wp-content\/uploads\/2021\/06\/WhatsApp-Image-2021-06-23-at-11.26.18-1024x680.jpeg\" alt=\"\" class=\"wp-image-22517\" srcset=\"https:\/\/uvbbrasil.com.br\/wp-content\/uploads\/2021\/06\/WhatsApp-Image-2021-06-23-at-11.26.18-1024x680.jpeg 1024w, https:\/\/uvbbrasil.com.br\/wp-content\/uploads\/2021\/06\/WhatsApp-Image-2021-06-23-at-11.26.18-300x199.jpeg 300w, https:\/\/uvbbrasil.com.br\/wp-content\/uploads\/2021\/06\/WhatsApp-Image-2021-06-23-at-11.26.18-768x510.jpeg 768w, https:\/\/uvbbrasil.com.br\/wp-content\/uploads\/2021\/06\/WhatsApp-Image-2021-06-23-at-11.26.18.jpeg 1280w\" sizes=\"(max-width: 1024px) 100vw, 1024px\" \/><\/figure>\n\n\n\n<figure class=\"wp-block-image size-large\"><img loading=\"lazy\" decoding=\"async\" width=\"1024\" height=\"680\" src=\"https:\/\/uvbbrasil.com.br\/wp-content\/uploads\/2021\/06\/WhatsApp-Image-2021-06-23-at-11.26.24-1024x680.jpeg\" alt=\"\" class=\"wp-image-22518\" srcset=\"https:\/\/uvbbrasil.com.br\/wp-content\/uploads\/2021\/06\/WhatsApp-Image-2021-06-23-at-11.26.24-1024x680.jpeg 1024w, https:\/\/uvbbrasil.com.br\/wp-content\/uploads\/2021\/06\/WhatsApp-Image-2021-06-23-at-11.26.24-300x199.jpeg 300w, https:\/\/uvbbrasil.com.br\/wp-content\/uploads\/2021\/06\/WhatsApp-Image-2021-06-23-at-11.26.24-768x510.jpeg 768w, https:\/\/uvbbrasil.com.br\/wp-content\/uploads\/2021\/06\/WhatsApp-Image-2021-06-23-at-11.26.24.jpeg 1280w\" sizes=\"(max-width: 1024px) 100vw, 1024px\" \/><\/figure>\n\n\n\n<figure class=\"wp-block-image size-large\"><img loading=\"lazy\" decoding=\"async\" width=\"1024\" height=\"680\" src=\"https:\/\/uvbbrasil.com.br\/wp-content\/uploads\/2021\/06\/WhatsApp-Image-2021-06-23-at-11.26.54-1024x680.jpeg\" alt=\"\" class=\"wp-image-22519\" srcset=\"https:\/\/uvbbrasil.com.br\/wp-content\/uploads\/2021\/06\/WhatsApp-Image-2021-06-23-at-11.26.54-1024x680.jpeg 1024w, https:\/\/uvbbrasil.com.br\/wp-content\/uploads\/2021\/06\/WhatsApp-Image-2021-06-23-at-11.26.54-300x199.jpeg 300w, https:\/\/uvbbrasil.com.br\/wp-content\/uploads\/2021\/06\/WhatsApp-Image-2021-06-23-at-11.26.54-768x510.jpeg 768w, https:\/\/uvbbrasil.com.br\/wp-content\/uploads\/2021\/06\/WhatsApp-Image-2021-06-23-at-11.26.54.jpeg 1280w\" sizes=\"(max-width: 1024px) 100vw, 1024px\" \/><\/figure>\n\n\n\n<figure class=\"wp-block-image size-large\"><img loading=\"lazy\" decoding=\"async\" width=\"680\" height=\"1024\" src=\"https:\/\/uvbbrasil.com.br\/wp-content\/uploads\/2021\/06\/WhatsApp-Image-2021-06-23-at-11.27.49-680x1024.jpeg\" alt=\"\" class=\"wp-image-22520\" srcset=\"https:\/\/uvbbrasil.com.br\/wp-content\/uploads\/2021\/06\/WhatsApp-Image-2021-06-23-at-11.27.49-680x1024.jpeg 680w, https:\/\/uvbbrasil.com.br\/wp-content\/uploads\/2021\/06\/WhatsApp-Image-2021-06-23-at-11.27.49-199x300.jpeg 199w, https:\/\/uvbbrasil.com.br\/wp-content\/uploads\/2021\/06\/WhatsApp-Image-2021-06-23-at-11.27.49-768x1157.jpeg 768w, https:\/\/uvbbrasil.com.br\/wp-content\/uploads\/2021\/06\/WhatsApp-Image-2021-06-23-at-11.27.49.jpeg 850w\" sizes=\"(max-width: 680px) 100vw, 680px\" \/><\/figure>\n","protected":false},"excerpt":{"rendered":"<p>A Uni\u00e3o dos Vereadores do Brasil\/UVB, obedecendo todos os protocolos sanit\u00e1rios exigidos pela OMS, inicia o Giro do Legislativo e&#8230;<\/p>\n","protected":false},"author":1,"featured_media":22516,"comment_status":"open","ping_status":"open","sticky":false,"template":"","format":"standard","meta":{"footnotes":""},"categories":[3,4],"tags":[],"class_list":["post-22510","post","type-post","status-publish","format-standard","has-post-thumbnail","hentry","category-noticias","category-home"],"yoast_head":"<!-- This site is optimized with the Yoast SEO plugin v26.7 - https:\/\/yoast.com\/wordpress\/plugins\/seo\/ -->\n<title>Abertura oficial do Giro do Legislativo da UVB em Bras\u00edlia. - UVB Brasil<\/title>\n<meta name=\"robots\" content=\"index, follow, max-snippet:-1, max-image-preview:large, max-video-preview:-1\" \/>\n<link rel=\"canonical\" href=\"https:\/\/uvbbrasil.com.br\/abertura-oficial-do-giro-do-legislativo-da-uvb-em-brasilia\/\" \/>\n<meta property=\"og:locale\" content=\"pt_BR\" \/>\n<meta property=\"og:type\" content=\"article\" \/>\n<meta property=\"og:title\" content=\"Abertura oficial do Giro do Legislativo da UVB em Bras\u00edlia. - UVB Brasil\" \/>\n<meta property=\"og:description\" content=\"A Uni\u00e3o dos Vereadores do Brasil\/UVB, obedecendo todos os protocolos sanit\u00e1rios exigidos pela OMS, inicia o Giro do Legislativo e...\" \/>\n<meta property=\"og:url\" content=\"https:\/\/uvbbrasil.com.br\/abertura-oficial-do-giro-do-legislativo-da-uvb-em-brasilia\/\" \/>\n<meta property=\"og:site_name\" content=\"UVB Brasil\" \/>\n<meta property=\"article:publisher\" content=\"https:\/\/www.facebook.com\/uvb.vereadoresbrasil\" \/>\n<meta property=\"article:published_time\" content=\"2021-06-23T14:39:06+00:00\" \/>\n<meta property=\"og:image\" content=\"https:\/\/uvbbrasil.com.br\/wp-content\/uploads\/2021\/06\/WhatsApp-Image-2021-06-23-at-11.26.13.jpeg\" \/>\n\t<meta property=\"og:image:width\" content=\"1280\" \/>\n\t<meta property=\"og:image:height\" content=\"850\" \/>\n\t<meta property=\"og:image:type\" content=\"image\/jpeg\" \/>\n<meta name=\"author\" content=\"adminuvb\" \/>\n<meta name=\"twitter:card\" content=\"summary_large_image\" \/>\n<meta name=\"twitter:label1\" content=\"Escrito por\" \/>\n\t<meta name=\"twitter:data1\" content=\"adminuvb\" \/>\n\t<meta name=\"twitter:label2\" content=\"Est. tempo de leitura\" \/>\n\t<meta name=\"twitter:data2\" content=\"1 minuto\" \/>\n<script type=\"application\/ld+json\" class=\"yoast-schema-graph\">{\"@context\":\"https:\/\/schema.org\",\"@graph\":[{\"@type\":\"Article\",\"@id\":\"https:\/\/uvbbrasil.com.br\/abertura-oficial-do-giro-do-legislativo-da-uvb-em-brasilia\/#article\",\"isPartOf\":{\"@id\":\"https:\/\/uvbbrasil.com.br\/abertura-oficial-do-giro-do-legislativo-da-uvb-em-brasilia\/\"},\"author\":{\"name\":\"adminuvb\",\"@id\":\"https:\/\/uvbbrasil.com.br\/#\/schema\/person\/17990098446c098f52effddff4f1b272\"},\"headline\":\"Abertura oficial do Giro do Legislativo da UVB em Bras\u00edlia.\",\"datePublished\":\"2021-06-23T14:39:06+00:00\",\"mainEntityOfPage\":{\"@id\":\"https:\/\/uvbbrasil.com.br\/abertura-oficial-do-giro-do-legislativo-da-uvb-em-brasilia\/\"},\"wordCount\":275,\"commentCount\":0,\"publisher\":{\"@id\":\"https:\/\/uvbbrasil.com.br\/#organization\"},\"image\":{\"@id\":\"https:\/\/uvbbrasil.com.br\/abertura-oficial-do-giro-do-legislativo-da-uvb-em-brasilia\/#primaryimage\"},\"thumbnailUrl\":\"https:\/\/uvbbrasil.com.br\/wp-content\/uploads\/2021\/06\/WhatsApp-Image-2021-06-23-at-11.26.13.jpeg\",\"articleSection\":[\"NOT\u00cdCIAS\",\"UVB\"],\"inLanguage\":\"pt-BR\",\"potentialAction\":[{\"@type\":\"CommentAction\",\"name\":\"Comment\",\"target\":[\"https:\/\/uvbbrasil.com.br\/abertura-oficial-do-giro-do-legislativo-da-uvb-em-brasilia\/#respond\"]}]},{\"@type\":\"WebPage\",\"@id\":\"https:\/\/uvbbrasil.com.br\/abertura-oficial-do-giro-do-legislativo-da-uvb-em-brasilia\/\",\"url\":\"https:\/\/uvbbrasil.com.br\/abertura-oficial-do-giro-do-legislativo-da-uvb-em-brasilia\/\",\"name\":\"Abertura oficial do Giro do Legislativo da UVB em Bras\u00edlia. - UVB Brasil\",\"isPartOf\":{\"@id\":\"https:\/\/uvbbrasil.com.br\/#website\"},\"primaryImageOfPage\":{\"@id\":\"https:\/\/uvbbrasil.com.br\/abertura-oficial-do-giro-do-legislativo-da-uvb-em-brasilia\/#primaryimage\"},\"image\":{\"@id\":\"https:\/\/uvbbrasil.com.br\/abertura-oficial-do-giro-do-legislativo-da-uvb-em-brasilia\/#primaryimage\"},\"thumbnailUrl\":\"https:\/\/uvbbrasil.com.br\/wp-content\/uploads\/2021\/06\/WhatsApp-Image-2021-06-23-at-11.26.13.jpeg\",\"datePublished\":\"2021-06-23T14:39:06+00:00\",\"breadcrumb\":{\"@id\":\"https:\/\/uvbbrasil.com.br\/abertura-oficial-do-giro-do-legislativo-da-uvb-em-brasilia\/#breadcrumb\"},\"inLanguage\":\"pt-BR\",\"potentialAction\":[{\"@type\":\"ReadAction\",\"target\":[\"https:\/\/uvbbrasil.com.br\/abertura-oficial-do-giro-do-legislativo-da-uvb-em-brasilia\/\"]}]},{\"@type\":\"ImageObject\",\"inLanguage\":\"pt-BR\",\"@id\":\"https:\/\/uvbbrasil.com.br\/abertura-oficial-do-giro-do-legislativo-da-uvb-em-brasilia\/#primaryimage\",\"url\":\"https:\/\/uvbbrasil.com.br\/wp-content\/uploads\/2021\/06\/WhatsApp-Image-2021-06-23-at-11.26.13.jpeg\",\"contentUrl\":\"https:\/\/uvbbrasil.com.br\/wp-content\/uploads\/2021\/06\/WhatsApp-Image-2021-06-23-at-11.26.13.jpeg\",\"width\":1280,\"height\":850},{\"@type\":\"BreadcrumbList\",\"@id\":\"https:\/\/uvbbrasil.com.br\/abertura-oficial-do-giro-do-legislativo-da-uvb-em-brasilia\/#breadcrumb\",\"itemListElement\":[{\"@type\":\"ListItem\",\"position\":1,\"name\":\"In\u00edcio\",\"item\":\"https:\/\/uvbbrasil.com.br\/\"},{\"@type\":\"ListItem\",\"position\":2,\"name\":\"Abertura oficial do Giro do Legislativo da UVB em Bras\u00edlia.\"}]},{\"@type\":\"WebSite\",\"@id\":\"https:\/\/uvbbrasil.com.br\/#website\",\"url\":\"https:\/\/uvbbrasil.com.br\/\",\"name\":\"UVB Brasil\",\"description\":\"Uni\u00e3o dos Vereadores do Brasil\",\"publisher\":{\"@id\":\"https:\/\/uvbbrasil.com.br\/#organization\"},\"potentialAction\":[{\"@type\":\"SearchAction\",\"target\":{\"@type\":\"EntryPoint\",\"urlTemplate\":\"https:\/\/uvbbrasil.com.br\/?s={search_term_string}\"},\"query-input\":{\"@type\":\"PropertyValueSpecification\",\"valueRequired\":true,\"valueName\":\"search_term_string\"}}],\"inLanguage\":\"pt-BR\"},{\"@type\":\"Organization\",\"@id\":\"https:\/\/uvbbrasil.com.br\/#organization\",\"name\":\"UVB Brasil\",\"url\":\"https:\/\/uvbbrasil.com.br\/\",\"logo\":{\"@type\":\"ImageObject\",\"inLanguage\":\"pt-BR\",\"@id\":\"https:\/\/uvbbrasil.com.br\/#\/schema\/logo\/image\/\",\"url\":\"https:\/\/uvbbrasil.com.br\/wp-content\/uploads\/2025\/01\/LOGO-UVB-2024-azul-1.jpg\",\"contentUrl\":\"https:\/\/uvbbrasil.com.br\/wp-content\/uploads\/2025\/01\/LOGO-UVB-2024-azul-1.jpg\",\"width\":600,\"height\":211,\"caption\":\"UVB Brasil\"},\"image\":{\"@id\":\"https:\/\/uvbbrasil.com.br\/#\/schema\/logo\/image\/\"},\"sameAs\":[\"https:\/\/www.facebook.com\/uvb.vereadoresbrasil\",\"https:\/\/www.instagram.com\/uvbbrasil\/\",\"https:\/\/www.youtube.com\/channel\/UCIlPQ8Xzw5GHNzosQIg9S5A\"]},{\"@type\":\"Person\",\"@id\":\"https:\/\/uvbbrasil.com.br\/#\/schema\/person\/17990098446c098f52effddff4f1b272\",\"name\":\"adminuvb\",\"image\":{\"@type\":\"ImageObject\",\"inLanguage\":\"pt-BR\",\"@id\":\"https:\/\/uvbbrasil.com.br\/#\/schema\/person\/image\/\",\"url\":\"https:\/\/secure.gravatar.com\/avatar\/1a494ea6f8e2dd1ae526e55b0e9497efdba542491e0620d704cccf63c6f77c45?s=96&d=mm&r=g\",\"contentUrl\":\"https:\/\/secure.gravatar.com\/avatar\/1a494ea6f8e2dd1ae526e55b0e9497efdba542491e0620d704cccf63c6f77c45?s=96&d=mm&r=g\",\"caption\":\"adminuvb\"},\"sameAs\":[\"https:\/\/uvbbrasil.com.br\"],\"url\":\"https:\/\/uvbbrasil.com.br\/author\/adminuvb\/\"}]}<\/script>\n<!-- \/ Yoast SEO plugin. -->","yoast_head_json":{"title":"Abertura oficial do Giro do Legislativo da UVB em Bras\u00edlia. - UVB Brasil","robots":{"index":"index","follow":"follow","max-snippet":"max-snippet:-1","max-image-preview":"max-image-preview:large","max-video-preview":"max-video-preview:-1"},"canonical":"https:\/\/uvbbrasil.com.br\/abertura-oficial-do-giro-do-legislativo-da-uvb-em-brasilia\/","og_locale":"pt_BR","og_type":"article","og_title":"Abertura oficial do Giro do Legislativo da UVB em Bras\u00edlia. - UVB Brasil","og_description":"A Uni\u00e3o dos Vereadores do Brasil\/UVB, obedecendo todos os protocolos sanit\u00e1rios exigidos pela OMS, inicia o Giro do Legislativo e...","og_url":"https:\/\/uvbbrasil.com.br\/abertura-oficial-do-giro-do-legislativo-da-uvb-em-brasilia\/","og_site_name":"UVB Brasil","article_publisher":"https:\/\/www.facebook.com\/uvb.vereadoresbrasil","article_published_time":"2021-06-23T14:39:06+00:00","og_image":[{"width":1280,"height":850,"url":"https:\/\/uvbbrasil.com.br\/wp-content\/uploads\/2021\/06\/WhatsApp-Image-2021-06-23-at-11.26.13.jpeg","type":"image\/jpeg"}],"author":"adminuvb","twitter_card":"summary_large_image","twitter_misc":{"Escrito por":"adminuvb","Est. tempo de leitura":"1 minuto"},"schema":{"@context":"https:\/\/schema.org","@graph":[{"@type":"Article","@id":"https:\/\/uvbbrasil.com.br\/abertura-oficial-do-giro-do-legislativo-da-uvb-em-brasilia\/#article","isPartOf":{"@id":"https:\/\/uvbbrasil.com.br\/abertura-oficial-do-giro-do-legislativo-da-uvb-em-brasilia\/"},"author":{"name":"adminuvb","@id":"https:\/\/uvbbrasil.com.br\/#\/schema\/person\/17990098446c098f52effddff4f1b272"},"headline":"Abertura oficial do Giro do Legislativo da UVB em Bras\u00edlia.","datePublished":"2021-06-23T14:39:06+00:00","mainEntityOfPage":{"@id":"https:\/\/uvbbrasil.com.br\/abertura-oficial-do-giro-do-legislativo-da-uvb-em-brasilia\/"},"wordCount":275,"commentCount":0,"publisher":{"@id":"https:\/\/uvbbrasil.com.br\/#organization"},"image":{"@id":"https:\/\/uvbbrasil.com.br\/abertura-oficial-do-giro-do-legislativo-da-uvb-em-brasilia\/#primaryimage"},"thumbnailUrl":"https:\/\/uvbbrasil.com.br\/wp-content\/uploads\/2021\/06\/WhatsApp-Image-2021-06-23-at-11.26.13.jpeg","articleSection":["NOT\u00cdCIAS","UVB"],"inLanguage":"pt-BR","potentialAction":[{"@type":"CommentAction","name":"Comment","target":["https:\/\/uvbbrasil.com.br\/abertura-oficial-do-giro-do-legislativo-da-uvb-em-brasilia\/#respond"]}]},{"@type":"WebPage","@id":"https:\/\/uvbbrasil.com.br\/abertura-oficial-do-giro-do-legislativo-da-uvb-em-brasilia\/","url":"https:\/\/uvbbrasil.com.br\/abertura-oficial-do-giro-do-legislativo-da-uvb-em-brasilia\/","name":"Abertura oficial do Giro do Legislativo da UVB em Bras\u00edlia. - UVB Brasil","isPartOf":{"@id":"https:\/\/uvbbrasil.com.br\/#website"},"primaryImageOfPage":{"@id":"https:\/\/uvbbrasil.com.br\/abertura-oficial-do-giro-do-legislativo-da-uvb-em-brasilia\/#primaryimage"},"image":{"@id":"https:\/\/uvbbrasil.com.br\/abertura-oficial-do-giro-do-legislativo-da-uvb-em-brasilia\/#primaryimage"},"thumbnailUrl":"https:\/\/uvbbrasil.com.br\/wp-content\/uploads\/2021\/06\/WhatsApp-Image-2021-06-23-at-11.26.13.jpeg","datePublished":"2021-06-23T14:39:06+00:00","breadcrumb":{"@id":"https:\/\/uvbbrasil.com.br\/abertura-oficial-do-giro-do-legislativo-da-uvb-em-brasilia\/#breadcrumb"},"inLanguage":"pt-BR","potentialAction":[{"@type":"ReadAction","target":["https:\/\/uvbbrasil.com.br\/abertura-oficial-do-giro-do-legislativo-da-uvb-em-brasilia\/"]}]},{"@type":"ImageObject","inLanguage":"pt-BR","@id":"https:\/\/uvbbrasil.com.br\/abertura-oficial-do-giro-do-legislativo-da-uvb-em-brasilia\/#primaryimage","url":"https:\/\/uvbbrasil.com.br\/wp-content\/uploads\/2021\/06\/WhatsApp-Image-2021-06-23-at-11.26.13.jpeg","contentUrl":"https:\/\/uvbbrasil.com.br\/wp-content\/uploads\/2021\/06\/WhatsApp-Image-2021-06-23-at-11.26.13.jpeg","width":1280,"height":850},{"@type":"BreadcrumbList","@id":"https:\/\/uvbbrasil.com.br\/abertura-oficial-do-giro-do-legislativo-da-uvb-em-brasilia\/#breadcrumb","itemListElement":[{"@type":"ListItem","position":1,"name":"In\u00edcio","item":"https:\/\/uvbbrasil.com.br\/"},{"@type":"ListItem","position":2,"name":"Abertura oficial do Giro do Legislativo da UVB em Bras\u00edlia."}]},{"@type":"WebSite","@id":"https:\/\/uvbbrasil.com.br\/#website","url":"https:\/\/uvbbrasil.com.br\/","name":"UVB Brasil","description":"Uni\u00e3o dos Vereadores do Brasil","publisher":{"@id":"https:\/\/uvbbrasil.com.br\/#organization"},"potentialAction":[{"@type":"SearchAction","target":{"@type":"EntryPoint","urlTemplate":"https:\/\/uvbbrasil.com.br\/?s={search_term_string}"},"query-input":{"@type":"PropertyValueSpecification","valueRequired":true,"valueName":"search_term_string"}}],"inLanguage":"pt-BR"},{"@type":"Organization","@id":"https:\/\/uvbbrasil.com.br\/#organization","name":"UVB Brasil","url":"https:\/\/uvbbrasil.com.br\/","logo":{"@type":"ImageObject","inLanguage":"pt-BR","@id":"https:\/\/uvbbrasil.com.br\/#\/schema\/logo\/image\/","url":"https:\/\/uvbbrasil.com.br\/wp-content\/uploads\/2025\/01\/LOGO-UVB-2024-azul-1.jpg","contentUrl":"https:\/\/uvbbrasil.com.br\/wp-content\/uploads\/2025\/01\/LOGO-UVB-2024-azul-1.jpg","width":600,"height":211,"caption":"UVB Brasil"},"image":{"@id":"https:\/\/uvbbrasil.com.br\/#\/schema\/logo\/image\/"},"sameAs":["https:\/\/www.facebook.com\/uvb.vereadoresbrasil","https:\/\/www.instagram.com\/uvbbrasil\/","https:\/\/www.youtube.com\/channel\/UCIlPQ8Xzw5GHNzosQIg9S5A"]},{"@type":"Person","@id":"https:\/\/uvbbrasil.com.br\/#\/schema\/person\/17990098446c098f52effddff4f1b272","name":"adminuvb","image":{"@type":"ImageObject","inLanguage":"pt-BR","@id":"https:\/\/uvbbrasil.com.br\/#\/schema\/person\/image\/","url":"https:\/\/secure.gravatar.com\/avatar\/1a494ea6f8e2dd1ae526e55b0e9497efdba542491e0620d704cccf63c6f77c45?s=96&d=mm&r=g","contentUrl":"https:\/\/secure.gravatar.com\/avatar\/1a494ea6f8e2dd1ae526e55b0e9497efdba542491e0620d704cccf63c6f77c45?s=96&d=mm&r=g","caption":"adminuvb"},"sameAs":["https:\/\/uvbbrasil.com.br"],"url":"https:\/\/uvbbrasil.com.br\/author\/adminuvb\/"}]}},"_links":{"self":[{"href":"https:\/\/uvbbrasil.com.br\/uvb-json\/wp\/v2\/posts\/22510","targetHints":{"allow":["GET"]}}],"collection":[{"href":"https:\/\/uvbbrasil.com.br\/uvb-json\/wp\/v2\/posts"}],"about":[{"href":"https:\/\/uvbbrasil.com.br\/uvb-json\/wp\/v2\/types\/post"}],"author":[{"embeddable":true,"href":"https:\/\/uvbbrasil.com.br\/uvb-json\/wp\/v2\/users\/1"}],"replies":[{"embeddable":true,"href":"https:\/\/uvbbrasil.com.br\/uvb-json\/wp\/v2\/comments?post=22510"}],"version-history":[{"count":0,"href":"https:\/\/uvbbrasil.com.br\/uvb-json\/wp\/v2\/posts\/22510\/revisions"}],"wp:featuredmedia":[{"embeddable":true,"href":"https:\/\/uvbbrasil.com.br\/uvb-json\/wp\/v2\/media\/22516"}],"wp:attachment":[{"href":"https:\/\/uvbbrasil.com.br\/uvb-json\/wp\/v2\/media?parent=22510"}],"wp:term":[{"taxonomy":"category","embeddable":true,"href":"https:\/\/uvbbrasil.com.br\/uvb-json\/wp\/v2\/categories?post=22510"},{"taxonomy":"post_tag","embeddable":true,"href":"https:\/\/uvbbrasil.com.br\/uvb-json\/wp\/v2\/tags?post=22510"}],"curies":[{"name":"wp","href":"https:\/\/api.w.org\/{rel}","templated":true}]}}