{"id":22081,"date":"2021-05-07T08:00:00","date_gmt":"2021-05-07T11:00:00","guid":{"rendered":"https:\/\/wpsandbox4.pante.com.br\/?p=22081"},"modified":"2021-05-07T08:00:00","modified_gmt":"2021-05-07T11:00:00","slug":"presidente-da-uvb-recebe-comitiva-de-vereadores-da-paraiba","status":"publish","type":"post","link":"https:\/\/uvbbrasil.com.br\/presidente-da-uvb-recebe-comitiva-de-vereadores-da-paraiba\/","title":{"rendered":"Presidente da UVB recebe comitiva de vereadores da Para\u00edba"},"content":{"rendered":"\n<p> <\/p>\n\n\n\n<p>Os parlamentares do Estado da Para\u00edba em visita e a capital federal ap\u00f3s cumprirem agendas nos gabinetes de deputados federais e senadores, estiveram visitando a sede da UVB, onde reuniram-se com o Presidente da entidade Gilson Conzatti, que apresentou a estrutura, o funcionamento e sobre as a\u00e7\u00f5es e eventos voltados a qualifica\u00e7\u00e3o e capacita\u00e7\u00e3o dos vereadores e vereadoras. <\/p>\n\n\n\n<p>Conzatti destacou a import\u00e2ncia na qualifica\u00e7\u00e3o dos vereadores diante do seu mandato, a discutiram sobre  temas importantes  e quest\u00f5es relevantes do cen\u00e1rio legislativo municipal, al\u00e9m de esclarecer duvida de alguns vereadores presentes.\u00a0Citou a import\u00e2ncia da UVB aos parlamentares  que oferece capacidade e qualifica\u00e7\u00e3o aos vereadores para que exer\u00e7am suas fun\u00e7\u00f5es da melhor maneira poss\u00edvel, dando \u00e0 pr\u00e1tica parlamentar municipal.<\/p>\n\n\n\n<p>Estiveram presentes representando o Estado da Para\u00edba , Jo\u00edlson Gomes(Soledade\/PB), Silvia Barros (Lucena\/PB), Jucineide Lima (Santa Rita\/PB), Dagmando Lopes (Cuit\u00e9\/PB),  Ronaldo (Coremas\/PB), Pedro Correia (Caraubas\/PB), Mauricio (Caraubas\/PB) Ricardo Melo ( Cabedelo\/PB), Josilene Silva (Itatuba\/PB), Valeska Magalh\u00e3es (Mari\/PB), Terezinha Daniella (Sape\/PB), Emanuela (Juazeirinho\/PB), Severina (Aroeiras\/PB).<\/p>\n\n\n\n<p>Na oportunidade Conzatti, convidou todos os parlamentares para a XX Marcha dos Legislativos de 24 a 27 de agosto de 2021, e cogitou  a realiza\u00e7\u00e3o de um evento no estado da Para\u00edba.<br><\/p>\n\n\n\n\n\n<figure class=\"wp-block-image size-large\"><img fetchpriority=\"high\" decoding=\"async\" width=\"1024\" height=\"768\" src=\"https:\/\/uvbbrasil.com.br\/wp-content\/uploads\/2021\/05\/WhatsApp-Image-2021-05-06-at-22.35.20.jpeg\" alt=\"\" class=\"wp-image-22087\" srcset=\"https:\/\/uvbbrasil.com.br\/wp-content\/uploads\/2021\/05\/WhatsApp-Image-2021-05-06-at-22.35.20.jpeg 1024w, https:\/\/uvbbrasil.com.br\/wp-content\/uploads\/2021\/05\/WhatsApp-Image-2021-05-06-at-22.35.20-300x225.jpeg 300w, https:\/\/uvbbrasil.com.br\/wp-content\/uploads\/2021\/05\/WhatsApp-Image-2021-05-06-at-22.35.20-768x576.jpeg 768w\" sizes=\"(max-width: 1024px) 100vw, 1024px\" \/><\/figure>\n\n\n\n\n\n<figure class=\"wp-block-image size-large\"><img decoding=\"async\" width=\"766\" height=\"1024\" src=\"https:\/\/uvbbrasil.com.br\/wp-content\/uploads\/2021\/05\/WhatsApp-Image-2021-05-06-at-23.01.35-766x1024.jpeg\" alt=\"\" class=\"wp-image-22094\" srcset=\"https:\/\/uvbbrasil.com.br\/wp-content\/uploads\/2021\/05\/WhatsApp-Image-2021-05-06-at-23.01.35-766x1024.jpeg 766w, https:\/\/uvbbrasil.com.br\/wp-content\/uploads\/2021\/05\/WhatsApp-Image-2021-05-06-at-23.01.35-225x300.jpeg 225w, https:\/\/uvbbrasil.com.br\/wp-content\/uploads\/2021\/05\/WhatsApp-Image-2021-05-06-at-23.01.35-768x1026.jpeg 768w, https:\/\/uvbbrasil.com.br\/wp-content\/uploads\/2021\/05\/WhatsApp-Image-2021-05-06-at-23.01.35.jpeg 958w\" sizes=\"(max-width: 766px) 100vw, 766px\" \/><\/figure>\n\n\n\n<figure class=\"wp-block-image size-large\"><img decoding=\"async\" width=\"1024\" height=\"766\" src=\"https:\/\/uvbbrasil.com.br\/wp-content\/uploads\/2021\/05\/WhatsApp-Image-2021-05-06-at-23.01.34-1024x766.jpeg\" alt=\"\" class=\"wp-image-22095\" srcset=\"https:\/\/uvbbrasil.com.br\/wp-content\/uploads\/2021\/05\/WhatsApp-Image-2021-05-06-at-23.01.34-1024x766.jpeg 1024w, https:\/\/uvbbrasil.com.br\/wp-content\/uploads\/2021\/05\/WhatsApp-Image-2021-05-06-at-23.01.34-300x225.jpeg 300w, https:\/\/uvbbrasil.com.br\/wp-content\/uploads\/2021\/05\/WhatsApp-Image-2021-05-06-at-23.01.34-768x575.jpeg 768w, https:\/\/uvbbrasil.com.br\/wp-content\/uploads\/2021\/05\/WhatsApp-Image-2021-05-06-at-23.01.34.jpeg 1280w\" sizes=\"(max-width: 1024px) 100vw, 1024px\" \/><\/figure>\n\n\n\n\n\n<figure class=\"wp-block-image size-large\"><img loading=\"lazy\" decoding=\"async\" width=\"1024\" height=\"768\" src=\"https:\/\/uvbbrasil.com.br\/wp-content\/uploads\/2021\/05\/WhatsApp-Image-2021-05-06-at-22.35.20-4.jpeg\" alt=\"\" class=\"wp-image-22083\" srcset=\"https:\/\/uvbbrasil.com.br\/wp-content\/uploads\/2021\/05\/WhatsApp-Image-2021-05-06-at-22.35.20-4.jpeg 1024w, https:\/\/uvbbrasil.com.br\/wp-content\/uploads\/2021\/05\/WhatsApp-Image-2021-05-06-at-22.35.20-4-300x225.jpeg 300w, https:\/\/uvbbrasil.com.br\/wp-content\/uploads\/2021\/05\/WhatsApp-Image-2021-05-06-at-22.35.20-4-768x576.jpeg 768w\" sizes=\"(max-width: 1024px) 100vw, 1024px\" \/><\/figure>\n\n\n\n<figure class=\"wp-block-image size-large\"><img loading=\"lazy\" decoding=\"async\" width=\"1024\" height=\"768\" src=\"https:\/\/uvbbrasil.com.br\/wp-content\/uploads\/2021\/05\/WhatsApp-Image-2021-05-06-at-22.35.20-3.jpeg\" alt=\"\" class=\"wp-image-22084\" srcset=\"https:\/\/uvbbrasil.com.br\/wp-content\/uploads\/2021\/05\/WhatsApp-Image-2021-05-06-at-22.35.20-3.jpeg 1024w, https:\/\/uvbbrasil.com.br\/wp-content\/uploads\/2021\/05\/WhatsApp-Image-2021-05-06-at-22.35.20-3-300x225.jpeg 300w, https:\/\/uvbbrasil.com.br\/wp-content\/uploads\/2021\/05\/WhatsApp-Image-2021-05-06-at-22.35.20-3-768x576.jpeg 768w\" sizes=\"(max-width: 1024px) 100vw, 1024px\" \/><\/figure>\n\n\n\n<figure class=\"wp-block-image size-large\"><img loading=\"lazy\" decoding=\"async\" width=\"1024\" height=\"768\" src=\"https:\/\/uvbbrasil.com.br\/wp-content\/uploads\/2021\/05\/WhatsApp-Image-2021-05-06-at-22.35.20-2.jpeg\" alt=\"\" class=\"wp-image-22085\" srcset=\"https:\/\/uvbbrasil.com.br\/wp-content\/uploads\/2021\/05\/WhatsApp-Image-2021-05-06-at-22.35.20-2.jpeg 1024w, https:\/\/uvbbrasil.com.br\/wp-content\/uploads\/2021\/05\/WhatsApp-Image-2021-05-06-at-22.35.20-2-300x225.jpeg 300w, https:\/\/uvbbrasil.com.br\/wp-content\/uploads\/2021\/05\/WhatsApp-Image-2021-05-06-at-22.35.20-2-768x576.jpeg 768w\" sizes=\"(max-width: 1024px) 100vw, 1024px\" \/><\/figure>\n\n\n\n<figure class=\"wp-block-image size-large\"><img loading=\"lazy\" decoding=\"async\" width=\"1024\" height=\"768\" src=\"https:\/\/uvbbrasil.com.br\/wp-content\/uploads\/2021\/05\/WhatsApp-Image-2021-05-06-at-22.55.48.jpeg\" alt=\"\" class=\"wp-image-22089\" srcset=\"https:\/\/uvbbrasil.com.br\/wp-content\/uploads\/2021\/05\/WhatsApp-Image-2021-05-06-at-22.55.48.jpeg 1024w, https:\/\/uvbbrasil.com.br\/wp-content\/uploads\/2021\/05\/WhatsApp-Image-2021-05-06-at-22.55.48-300x225.jpeg 300w, https:\/\/uvbbrasil.com.br\/wp-content\/uploads\/2021\/05\/WhatsApp-Image-2021-05-06-at-22.55.48-768x576.jpeg 768w\" sizes=\"(max-width: 1024px) 100vw, 1024px\" \/><\/figure>\n\n\n\n<figure class=\"wp-block-image size-large\"><img loading=\"lazy\" decoding=\"async\" width=\"1024\" height=\"768\" src=\"https:\/\/uvbbrasil.com.br\/wp-content\/uploads\/2021\/05\/WhatsApp-Image-2021-05-06-at-22.54.20.jpeg\" alt=\"\" class=\"wp-image-22090\" srcset=\"https:\/\/uvbbrasil.com.br\/wp-content\/uploads\/2021\/05\/WhatsApp-Image-2021-05-06-at-22.54.20.jpeg 1024w, https:\/\/uvbbrasil.com.br\/wp-content\/uploads\/2021\/05\/WhatsApp-Image-2021-05-06-at-22.54.20-300x225.jpeg 300w, https:\/\/uvbbrasil.com.br\/wp-content\/uploads\/2021\/05\/WhatsApp-Image-2021-05-06-at-22.54.20-768x576.jpeg 768w\" sizes=\"(max-width: 1024px) 100vw, 1024px\" \/><\/figure>\n\n\n\n<figure class=\"wp-block-image size-large\"><img loading=\"lazy\" decoding=\"async\" width=\"1024\" height=\"768\" src=\"https:\/\/uvbbrasil.com.br\/wp-content\/uploads\/2021\/05\/WhatsApp-Image-2021-05-06-at-22.53.35.jpeg\" alt=\"\" class=\"wp-image-22091\" srcset=\"https:\/\/uvbbrasil.com.br\/wp-content\/uploads\/2021\/05\/WhatsApp-Image-2021-05-06-at-22.53.35.jpeg 1024w, https:\/\/uvbbrasil.com.br\/wp-content\/uploads\/2021\/05\/WhatsApp-Image-2021-05-06-at-22.53.35-300x225.jpeg 300w, https:\/\/uvbbrasil.com.br\/wp-content\/uploads\/2021\/05\/WhatsApp-Image-2021-05-06-at-22.53.35-768x576.jpeg 768w\" sizes=\"(max-width: 1024px) 100vw, 1024px\" \/><\/figure>\n\n\n\n<figure class=\"wp-block-image size-large\"><img loading=\"lazy\" decoding=\"async\" width=\"1024\" height=\"766\" src=\"https:\/\/uvbbrasil.com.br\/wp-content\/uploads\/2021\/05\/WhatsApp-Image-2021-05-06-at-23.01.48-1-1024x766.jpeg\" alt=\"\" class=\"wp-image-22093\" srcset=\"https:\/\/uvbbrasil.com.br\/wp-content\/uploads\/2021\/05\/WhatsApp-Image-2021-05-06-at-23.01.48-1-1024x766.jpeg 1024w, https:\/\/uvbbrasil.com.br\/wp-content\/uploads\/2021\/05\/WhatsApp-Image-2021-05-06-at-23.01.48-1-300x225.jpeg 300w, https:\/\/uvbbrasil.com.br\/wp-content\/uploads\/2021\/05\/WhatsApp-Image-2021-05-06-at-23.01.48-1-768x575.jpeg 768w, https:\/\/uvbbrasil.com.br\/wp-content\/uploads\/2021\/05\/WhatsApp-Image-2021-05-06-at-23.01.48-1.jpeg 1280w\" sizes=\"(max-width: 1024px) 100vw, 1024px\" \/><\/figure>\n","protected":false},"excerpt":{"rendered":"<p>Os parlamentares do Estado da Para\u00edba em visita e a capital federal ap\u00f3s cumprirem agendas nos gabinetes de deputados federais&#8230;<\/p>\n","protected":false},"author":1,"featured_media":22093,"comment_status":"open","ping_status":"open","sticky":false,"template":"","format":"standard","meta":{"footnotes":""},"categories":[3,4],"tags":[],"class_list":["post-22081","post","type-post","status-publish","format-standard","has-post-thumbnail","hentry","category-noticias","category-home"],"yoast_head":"<!-- This site is optimized with the Yoast SEO plugin v26.7 - https:\/\/yoast.com\/wordpress\/plugins\/seo\/ -->\n<title>Presidente da UVB recebe comitiva de vereadores da Para\u00edba - UVB Brasil<\/title>\n<meta name=\"robots\" content=\"index, follow, max-snippet:-1, max-image-preview:large, max-video-preview:-1\" \/>\n<link rel=\"canonical\" href=\"https:\/\/uvbbrasil.com.br\/presidente-da-uvb-recebe-comitiva-de-vereadores-da-paraiba\/\" \/>\n<meta property=\"og:locale\" content=\"pt_BR\" \/>\n<meta property=\"og:type\" content=\"article\" \/>\n<meta property=\"og:title\" content=\"Presidente da UVB recebe comitiva de vereadores da Para\u00edba - UVB Brasil\" \/>\n<meta property=\"og:description\" content=\"Os parlamentares do Estado da Para\u00edba em visita e a capital federal ap\u00f3s cumprirem agendas nos gabinetes de deputados federais...\" \/>\n<meta property=\"og:url\" content=\"https:\/\/uvbbrasil.com.br\/presidente-da-uvb-recebe-comitiva-de-vereadores-da-paraiba\/\" \/>\n<meta property=\"og:site_name\" content=\"UVB Brasil\" \/>\n<meta property=\"article:publisher\" content=\"https:\/\/www.facebook.com\/uvb.vereadoresbrasil\" \/>\n<meta property=\"article:published_time\" content=\"2021-05-07T11:00:00+00:00\" \/>\n<meta property=\"og:image\" content=\"https:\/\/uvbbrasil.com.br\/wp-content\/uploads\/2021\/05\/WhatsApp-Image-2021-05-06-at-23.01.48-1.jpeg\" \/>\n\t<meta property=\"og:image:width\" content=\"1280\" \/>\n\t<meta property=\"og:image:height\" content=\"958\" \/>\n\t<meta property=\"og:image:type\" content=\"image\/jpeg\" \/>\n<meta name=\"author\" content=\"adminuvb\" \/>\n<meta name=\"twitter:card\" content=\"summary_large_image\" \/>\n<meta name=\"twitter:label1\" content=\"Escrito por\" \/>\n\t<meta name=\"twitter:data1\" content=\"adminuvb\" \/>\n\t<meta name=\"twitter:label2\" content=\"Est. tempo de leitura\" \/>\n\t<meta name=\"twitter:data2\" content=\"1 minuto\" \/>\n<script type=\"application\/ld+json\" class=\"yoast-schema-graph\">{\"@context\":\"https:\/\/schema.org\",\"@graph\":[{\"@type\":\"Article\",\"@id\":\"https:\/\/uvbbrasil.com.br\/presidente-da-uvb-recebe-comitiva-de-vereadores-da-paraiba\/#article\",\"isPartOf\":{\"@id\":\"https:\/\/uvbbrasil.com.br\/presidente-da-uvb-recebe-comitiva-de-vereadores-da-paraiba\/\"},\"author\":{\"name\":\"adminuvb\",\"@id\":\"https:\/\/uvbbrasil.com.br\/#\/schema\/person\/17990098446c098f52effddff4f1b272\"},\"headline\":\"Presidente da UVB recebe comitiva de vereadores da Para\u00edba\",\"datePublished\":\"2021-05-07T11:00:00+00:00\",\"mainEntityOfPage\":{\"@id\":\"https:\/\/uvbbrasil.com.br\/presidente-da-uvb-recebe-comitiva-de-vereadores-da-paraiba\/\"},\"wordCount\":233,\"commentCount\":0,\"publisher\":{\"@id\":\"https:\/\/uvbbrasil.com.br\/#organization\"},\"image\":{\"@id\":\"https:\/\/uvbbrasil.com.br\/presidente-da-uvb-recebe-comitiva-de-vereadores-da-paraiba\/#primaryimage\"},\"thumbnailUrl\":\"https:\/\/uvbbrasil.com.br\/wp-content\/uploads\/2021\/05\/WhatsApp-Image-2021-05-06-at-23.01.48-1.jpeg\",\"articleSection\":[\"NOT\u00cdCIAS\",\"UVB\"],\"inLanguage\":\"pt-BR\",\"potentialAction\":[{\"@type\":\"CommentAction\",\"name\":\"Comment\",\"target\":[\"https:\/\/uvbbrasil.com.br\/presidente-da-uvb-recebe-comitiva-de-vereadores-da-paraiba\/#respond\"]}]},{\"@type\":\"WebPage\",\"@id\":\"https:\/\/uvbbrasil.com.br\/presidente-da-uvb-recebe-comitiva-de-vereadores-da-paraiba\/\",\"url\":\"https:\/\/uvbbrasil.com.br\/presidente-da-uvb-recebe-comitiva-de-vereadores-da-paraiba\/\",\"name\":\"Presidente da UVB recebe comitiva de vereadores da Para\u00edba - UVB Brasil\",\"isPartOf\":{\"@id\":\"https:\/\/uvbbrasil.com.br\/#website\"},\"primaryImageOfPage\":{\"@id\":\"https:\/\/uvbbrasil.com.br\/presidente-da-uvb-recebe-comitiva-de-vereadores-da-paraiba\/#primaryimage\"},\"image\":{\"@id\":\"https:\/\/uvbbrasil.com.br\/presidente-da-uvb-recebe-comitiva-de-vereadores-da-paraiba\/#primaryimage\"},\"thumbnailUrl\":\"https:\/\/uvbbrasil.com.br\/wp-content\/uploads\/2021\/05\/WhatsApp-Image-2021-05-06-at-23.01.48-1.jpeg\",\"datePublished\":\"2021-05-07T11:00:00+00:00\",\"breadcrumb\":{\"@id\":\"https:\/\/uvbbrasil.com.br\/presidente-da-uvb-recebe-comitiva-de-vereadores-da-paraiba\/#breadcrumb\"},\"inLanguage\":\"pt-BR\",\"potentialAction\":[{\"@type\":\"ReadAction\",\"target\":[\"https:\/\/uvbbrasil.com.br\/presidente-da-uvb-recebe-comitiva-de-vereadores-da-paraiba\/\"]}]},{\"@type\":\"ImageObject\",\"inLanguage\":\"pt-BR\",\"@id\":\"https:\/\/uvbbrasil.com.br\/presidente-da-uvb-recebe-comitiva-de-vereadores-da-paraiba\/#primaryimage\",\"url\":\"https:\/\/uvbbrasil.com.br\/wp-content\/uploads\/2021\/05\/WhatsApp-Image-2021-05-06-at-23.01.48-1.jpeg\",\"contentUrl\":\"https:\/\/uvbbrasil.com.br\/wp-content\/uploads\/2021\/05\/WhatsApp-Image-2021-05-06-at-23.01.48-1.jpeg\",\"width\":1280,\"height\":958},{\"@type\":\"BreadcrumbList\",\"@id\":\"https:\/\/uvbbrasil.com.br\/presidente-da-uvb-recebe-comitiva-de-vereadores-da-paraiba\/#breadcrumb\",\"itemListElement\":[{\"@type\":\"ListItem\",\"position\":1,\"name\":\"In\u00edcio\",\"item\":\"https:\/\/uvbbrasil.com.br\/\"},{\"@type\":\"ListItem\",\"position\":2,\"name\":\"Presidente da UVB recebe comitiva de vereadores da Para\u00edba\"}]},{\"@type\":\"WebSite\",\"@id\":\"https:\/\/uvbbrasil.com.br\/#website\",\"url\":\"https:\/\/uvbbrasil.com.br\/\",\"name\":\"UVB Brasil\",\"description\":\"Uni\u00e3o dos Vereadores do Brasil\",\"publisher\":{\"@id\":\"https:\/\/uvbbrasil.com.br\/#organization\"},\"potentialAction\":[{\"@type\":\"SearchAction\",\"target\":{\"@type\":\"EntryPoint\",\"urlTemplate\":\"https:\/\/uvbbrasil.com.br\/?s={search_term_string}\"},\"query-input\":{\"@type\":\"PropertyValueSpecification\",\"valueRequired\":true,\"valueName\":\"search_term_string\"}}],\"inLanguage\":\"pt-BR\"},{\"@type\":\"Organization\",\"@id\":\"https:\/\/uvbbrasil.com.br\/#organization\",\"name\":\"UVB Brasil\",\"url\":\"https:\/\/uvbbrasil.com.br\/\",\"logo\":{\"@type\":\"ImageObject\",\"inLanguage\":\"pt-BR\",\"@id\":\"https:\/\/uvbbrasil.com.br\/#\/schema\/logo\/image\/\",\"url\":\"https:\/\/uvbbrasil.com.br\/wp-content\/uploads\/2025\/01\/LOGO-UVB-2024-azul-1.jpg\",\"contentUrl\":\"https:\/\/uvbbrasil.com.br\/wp-content\/uploads\/2025\/01\/LOGO-UVB-2024-azul-1.jpg\",\"width\":600,\"height\":211,\"caption\":\"UVB Brasil\"},\"image\":{\"@id\":\"https:\/\/uvbbrasil.com.br\/#\/schema\/logo\/image\/\"},\"sameAs\":[\"https:\/\/www.facebook.com\/uvb.vereadoresbrasil\",\"https:\/\/www.instagram.com\/uvbbrasil\/\",\"https:\/\/www.youtube.com\/channel\/UCIlPQ8Xzw5GHNzosQIg9S5A\"]},{\"@type\":\"Person\",\"@id\":\"https:\/\/uvbbrasil.com.br\/#\/schema\/person\/17990098446c098f52effddff4f1b272\",\"name\":\"adminuvb\",\"image\":{\"@type\":\"ImageObject\",\"inLanguage\":\"pt-BR\",\"@id\":\"https:\/\/uvbbrasil.com.br\/#\/schema\/person\/image\/\",\"url\":\"https:\/\/secure.gravatar.com\/avatar\/1a494ea6f8e2dd1ae526e55b0e9497efdba542491e0620d704cccf63c6f77c45?s=96&d=mm&r=g\",\"contentUrl\":\"https:\/\/secure.gravatar.com\/avatar\/1a494ea6f8e2dd1ae526e55b0e9497efdba542491e0620d704cccf63c6f77c45?s=96&d=mm&r=g\",\"caption\":\"adminuvb\"},\"sameAs\":[\"https:\/\/uvbbrasil.com.br\"],\"url\":\"https:\/\/uvbbrasil.com.br\/author\/adminuvb\/\"}]}<\/script>\n<!-- \/ Yoast SEO plugin. -->","yoast_head_json":{"title":"Presidente da UVB recebe comitiva de vereadores da Para\u00edba - UVB Brasil","robots":{"index":"index","follow":"follow","max-snippet":"max-snippet:-1","max-image-preview":"max-image-preview:large","max-video-preview":"max-video-preview:-1"},"canonical":"https:\/\/uvbbrasil.com.br\/presidente-da-uvb-recebe-comitiva-de-vereadores-da-paraiba\/","og_locale":"pt_BR","og_type":"article","og_title":"Presidente da UVB recebe comitiva de vereadores da Para\u00edba - UVB Brasil","og_description":"Os parlamentares do Estado da Para\u00edba em visita e a capital federal ap\u00f3s cumprirem agendas nos gabinetes de deputados federais...","og_url":"https:\/\/uvbbrasil.com.br\/presidente-da-uvb-recebe-comitiva-de-vereadores-da-paraiba\/","og_site_name":"UVB Brasil","article_publisher":"https:\/\/www.facebook.com\/uvb.vereadoresbrasil","article_published_time":"2021-05-07T11:00:00+00:00","og_image":[{"width":1280,"height":958,"url":"https:\/\/uvbbrasil.com.br\/wp-content\/uploads\/2021\/05\/WhatsApp-Image-2021-05-06-at-23.01.48-1.jpeg","type":"image\/jpeg"}],"author":"adminuvb","twitter_card":"summary_large_image","twitter_misc":{"Escrito por":"adminuvb","Est. tempo de leitura":"1 minuto"},"schema":{"@context":"https:\/\/schema.org","@graph":[{"@type":"Article","@id":"https:\/\/uvbbrasil.com.br\/presidente-da-uvb-recebe-comitiva-de-vereadores-da-paraiba\/#article","isPartOf":{"@id":"https:\/\/uvbbrasil.com.br\/presidente-da-uvb-recebe-comitiva-de-vereadores-da-paraiba\/"},"author":{"name":"adminuvb","@id":"https:\/\/uvbbrasil.com.br\/#\/schema\/person\/17990098446c098f52effddff4f1b272"},"headline":"Presidente da UVB recebe comitiva de vereadores da Para\u00edba","datePublished":"2021-05-07T11:00:00+00:00","mainEntityOfPage":{"@id":"https:\/\/uvbbrasil.com.br\/presidente-da-uvb-recebe-comitiva-de-vereadores-da-paraiba\/"},"wordCount":233,"commentCount":0,"publisher":{"@id":"https:\/\/uvbbrasil.com.br\/#organization"},"image":{"@id":"https:\/\/uvbbrasil.com.br\/presidente-da-uvb-recebe-comitiva-de-vereadores-da-paraiba\/#primaryimage"},"thumbnailUrl":"https:\/\/uvbbrasil.com.br\/wp-content\/uploads\/2021\/05\/WhatsApp-Image-2021-05-06-at-23.01.48-1.jpeg","articleSection":["NOT\u00cdCIAS","UVB"],"inLanguage":"pt-BR","potentialAction":[{"@type":"CommentAction","name":"Comment","target":["https:\/\/uvbbrasil.com.br\/presidente-da-uvb-recebe-comitiva-de-vereadores-da-paraiba\/#respond"]}]},{"@type":"WebPage","@id":"https:\/\/uvbbrasil.com.br\/presidente-da-uvb-recebe-comitiva-de-vereadores-da-paraiba\/","url":"https:\/\/uvbbrasil.com.br\/presidente-da-uvb-recebe-comitiva-de-vereadores-da-paraiba\/","name":"Presidente da UVB recebe comitiva de vereadores da Para\u00edba - UVB Brasil","isPartOf":{"@id":"https:\/\/uvbbrasil.com.br\/#website"},"primaryImageOfPage":{"@id":"https:\/\/uvbbrasil.com.br\/presidente-da-uvb-recebe-comitiva-de-vereadores-da-paraiba\/#primaryimage"},"image":{"@id":"https:\/\/uvbbrasil.com.br\/presidente-da-uvb-recebe-comitiva-de-vereadores-da-paraiba\/#primaryimage"},"thumbnailUrl":"https:\/\/uvbbrasil.com.br\/wp-content\/uploads\/2021\/05\/WhatsApp-Image-2021-05-06-at-23.01.48-1.jpeg","datePublished":"2021-05-07T11:00:00+00:00","breadcrumb":{"@id":"https:\/\/uvbbrasil.com.br\/presidente-da-uvb-recebe-comitiva-de-vereadores-da-paraiba\/#breadcrumb"},"inLanguage":"pt-BR","potentialAction":[{"@type":"ReadAction","target":["https:\/\/uvbbrasil.com.br\/presidente-da-uvb-recebe-comitiva-de-vereadores-da-paraiba\/"]}]},{"@type":"ImageObject","inLanguage":"pt-BR","@id":"https:\/\/uvbbrasil.com.br\/presidente-da-uvb-recebe-comitiva-de-vereadores-da-paraiba\/#primaryimage","url":"https:\/\/uvbbrasil.com.br\/wp-content\/uploads\/2021\/05\/WhatsApp-Image-2021-05-06-at-23.01.48-1.jpeg","contentUrl":"https:\/\/uvbbrasil.com.br\/wp-content\/uploads\/2021\/05\/WhatsApp-Image-2021-05-06-at-23.01.48-1.jpeg","width":1280,"height":958},{"@type":"BreadcrumbList","@id":"https:\/\/uvbbrasil.com.br\/presidente-da-uvb-recebe-comitiva-de-vereadores-da-paraiba\/#breadcrumb","itemListElement":[{"@type":"ListItem","position":1,"name":"In\u00edcio","item":"https:\/\/uvbbrasil.com.br\/"},{"@type":"ListItem","position":2,"name":"Presidente da UVB recebe comitiva de vereadores da Para\u00edba"}]},{"@type":"WebSite","@id":"https:\/\/uvbbrasil.com.br\/#website","url":"https:\/\/uvbbrasil.com.br\/","name":"UVB Brasil","description":"Uni\u00e3o dos Vereadores do Brasil","publisher":{"@id":"https:\/\/uvbbrasil.com.br\/#organization"},"potentialAction":[{"@type":"SearchAction","target":{"@type":"EntryPoint","urlTemplate":"https:\/\/uvbbrasil.com.br\/?s={search_term_string}"},"query-input":{"@type":"PropertyValueSpecification","valueRequired":true,"valueName":"search_term_string"}}],"inLanguage":"pt-BR"},{"@type":"Organization","@id":"https:\/\/uvbbrasil.com.br\/#organization","name":"UVB Brasil","url":"https:\/\/uvbbrasil.com.br\/","logo":{"@type":"ImageObject","inLanguage":"pt-BR","@id":"https:\/\/uvbbrasil.com.br\/#\/schema\/logo\/image\/","url":"https:\/\/uvbbrasil.com.br\/wp-content\/uploads\/2025\/01\/LOGO-UVB-2024-azul-1.jpg","contentUrl":"https:\/\/uvbbrasil.com.br\/wp-content\/uploads\/2025\/01\/LOGO-UVB-2024-azul-1.jpg","width":600,"height":211,"caption":"UVB Brasil"},"image":{"@id":"https:\/\/uvbbrasil.com.br\/#\/schema\/logo\/image\/"},"sameAs":["https:\/\/www.facebook.com\/uvb.vereadoresbrasil","https:\/\/www.instagram.com\/uvbbrasil\/","https:\/\/www.youtube.com\/channel\/UCIlPQ8Xzw5GHNzosQIg9S5A"]},{"@type":"Person","@id":"https:\/\/uvbbrasil.com.br\/#\/schema\/person\/17990098446c098f52effddff4f1b272","name":"adminuvb","image":{"@type":"ImageObject","inLanguage":"pt-BR","@id":"https:\/\/uvbbrasil.com.br\/#\/schema\/person\/image\/","url":"https:\/\/secure.gravatar.com\/avatar\/1a494ea6f8e2dd1ae526e55b0e9497efdba542491e0620d704cccf63c6f77c45?s=96&d=mm&r=g","contentUrl":"https:\/\/secure.gravatar.com\/avatar\/1a494ea6f8e2dd1ae526e55b0e9497efdba542491e0620d704cccf63c6f77c45?s=96&d=mm&r=g","caption":"adminuvb"},"sameAs":["https:\/\/uvbbrasil.com.br"],"url":"https:\/\/uvbbrasil.com.br\/author\/adminuvb\/"}]}},"_links":{"self":[{"href":"https:\/\/uvbbrasil.com.br\/uvb-json\/wp\/v2\/posts\/22081","targetHints":{"allow":["GET"]}}],"collection":[{"href":"https:\/\/uvbbrasil.com.br\/uvb-json\/wp\/v2\/posts"}],"about":[{"href":"https:\/\/uvbbrasil.com.br\/uvb-json\/wp\/v2\/types\/post"}],"author":[{"embeddable":true,"href":"https:\/\/uvbbrasil.com.br\/uvb-json\/wp\/v2\/users\/1"}],"replies":[{"embeddable":true,"href":"https:\/\/uvbbrasil.com.br\/uvb-json\/wp\/v2\/comments?post=22081"}],"version-history":[{"count":0,"href":"https:\/\/uvbbrasil.com.br\/uvb-json\/wp\/v2\/posts\/22081\/revisions"}],"wp:featuredmedia":[{"embeddable":true,"href":"https:\/\/uvbbrasil.com.br\/uvb-json\/wp\/v2\/media\/22093"}],"wp:attachment":[{"href":"https:\/\/uvbbrasil.com.br\/uvb-json\/wp\/v2\/media?parent=22081"}],"wp:term":[{"taxonomy":"category","embeddable":true,"href":"https:\/\/uvbbrasil.com.br\/uvb-json\/wp\/v2\/categories?post=22081"},{"taxonomy":"post_tag","embeddable":true,"href":"https:\/\/uvbbrasil.com.br\/uvb-json\/wp\/v2\/tags?post=22081"}],"curies":[{"name":"wp","href":"https:\/\/api.w.org\/{rel}","templated":true}]}}