{"id":22060,"date":"2021-05-04T13:06:58","date_gmt":"2021-05-04T16:06:58","guid":{"rendered":"https:\/\/wpsandbox4.pante.com.br\/?p=22060"},"modified":"2021-05-04T13:06:58","modified_gmt":"2021-05-04T16:06:58","slug":"ministro-nardes-fara-lancamento-da-cartilha-governanca-publica-municipal-na-xx-marcha-dos-legislativos-2021","status":"publish","type":"post","link":"https:\/\/uvbbrasil.com.br\/ministro-nardes-fara-lancamento-da-cartilha-governanca-publica-municipal-na-xx-marcha-dos-legislativos-2021\/","title":{"rendered":"Ministro Nardes  lan\u00e7ar\u00e1  cartilha governan\u00e7a p\u00fablica municipal na XX Marcha dos Legislativos 2021"},"content":{"rendered":"\n<p> O presidente da Uni\u00e3o dos Vereadores do Brasil\/UVB, Gilson Conzatti, esteve reunido na manha desta ter\u00e7a-feira (04) com o Ministro do Tribunal de Contas da Uni\u00e3o, Jo\u00e3o Augusto Nardes, onde confirmou o lan\u00e7amento da cartilha Governan\u00e7a P\u00fablica Municipal na XX Marcha dos Legislativos 2021, que acontecer\u00e1 de 24 a 27 de agosto em Bras\u00edlia\/DF.<\/p>\n\n\n\n<p>A cartilha tem como objetivo levar informa\u00e7\u00e3o de forma clara e objetiva aos (\u00e1s) prefeitos (as) vereadores (as) brasileiros (as) com o intuito de implantarem e  implementarem a pol\u00edtica de governan\u00e7a  p\u00fablica em seus munic\u00edpios. Esse tema vem sendo difundido no \u00e2mbito federal de forma materializada desde 2017, quando o decreto n\u00ba9.203 da Pol\u00edtica  de Governan\u00e7a foi institu\u00edda no \u00e2mbito federal. De l\u00e1 para c\u00e1, a governan\u00e7a p\u00fablica tem avan\u00e7ado com certa velocidades nos estados e rapidamente chegar\u00e1 aos mun\u00edcipios. <\/p>\n\n\n\n<p>Por meio da tese da governan\u00e7a, que , de forma simples, promete criar valor p\u00fablico \u00e1 sociedade mediante mecanismos de lideran\u00e7a, estrat\u00e9gica e controle, acreditamos que alguns problemas possam se sanados, a fim de transformar positiva a administra\u00e7\u00e3o P\u00fablica. <\/p>\n\n\n\n<p>Estimo que esta cartilha de governan\u00e7a seja o caminho para unir os (as) vereadores (as) prefeitos(as) rec\u00e9m- eleitos(as) ou reeleitos (as)e que, dessa forma, possam avan\u00e7ar na melhoria das entregas das pol\u00edticas p\u00fablicas aos(\u00e1s) cidad\u00e3os(\u00e3s), a fim de dar mais dignidade \u00e1s fam\u00edlias e proporcionar melhores condi\u00e7\u00f5es de vida \u00e1 na\u00e7\u00e3o, finalizou o Embaixador da Rede Governan\u00e7a Brasil, Ministro, Augusto Nardes.<\/p>\n\n\n\n<p>O lan\u00e7amento acontecer\u00e1 no dia 26\/08, durante a programa\u00e7\u00e3o da XX Marcha dos Legislativos Municipais realizado pela Uni\u00e3o dos vereadores do Brasil\/UVB.<\/p>\n\n\n\n<figure class=\"wp-block-image size-large\"><img fetchpriority=\"high\" decoding=\"async\" width=\"576\" height=\"1024\" src=\"https:\/\/uvbbrasil.com.br\/wp-content\/uploads\/2021\/05\/WhatsApp-Image-2021-05-04-at-12.57.24-576x1024.jpeg\" alt=\"\" class=\"wp-image-22061\" srcset=\"https:\/\/uvbbrasil.com.br\/wp-content\/uploads\/2021\/05\/WhatsApp-Image-2021-05-04-at-12.57.24-576x1024.jpeg 576w, https:\/\/uvbbrasil.com.br\/wp-content\/uploads\/2021\/05\/WhatsApp-Image-2021-05-04-at-12.57.24-169x300.jpeg 169w, https:\/\/uvbbrasil.com.br\/wp-content\/uploads\/2021\/05\/WhatsApp-Image-2021-05-04-at-12.57.24.jpeg 720w\" sizes=\"(max-width: 576px) 100vw, 576px\" \/><figcaption><em>Ministro TCU, Augusto Nardes, Presidente da UVB, Gilson Conzatti e Coordenador do INTERLEGIS, Professor Lu\u00eds Fernando Pires<\/em><\/figcaption><\/figure>\n\n\n\n<figure class=\"wp-block-image size-large\"><img decoding=\"async\" width=\"576\" height=\"1024\" src=\"https:\/\/uvbbrasil.com.br\/wp-content\/uploads\/2021\/05\/WhatsApp-Image-2021-05-04-at-13.04.08-576x1024.jpeg\" alt=\"\" class=\"wp-image-22062\" srcset=\"https:\/\/uvbbrasil.com.br\/wp-content\/uploads\/2021\/05\/WhatsApp-Image-2021-05-04-at-13.04.08-576x1024.jpeg 576w, https:\/\/uvbbrasil.com.br\/wp-content\/uploads\/2021\/05\/WhatsApp-Image-2021-05-04-at-13.04.08-169x300.jpeg 169w, https:\/\/uvbbrasil.com.br\/wp-content\/uploads\/2021\/05\/WhatsApp-Image-2021-05-04-at-13.04.08.jpeg 720w\" sizes=\"(max-width: 576px) 100vw, 576px\" \/><figcaption><em>Presidente da UVB,Gilson Conzatti e o Ministro do Tribunal de Contas, Augusto Nardes<\/em><\/figcaption><\/figure>\n","protected":false},"excerpt":{"rendered":"<p>O presidente da Uni\u00e3o dos Vereadores do Brasil\/UVB, Gilson Conzatti, esteve reunido na manha desta ter\u00e7a-feira (04) com o Ministro&#8230;<\/p>\n","protected":false},"author":1,"featured_media":22062,"comment_status":"open","ping_status":"open","sticky":false,"template":"","format":"standard","meta":{"footnotes":""},"categories":[3,4],"tags":[],"class_list":["post-22060","post","type-post","status-publish","format-standard","has-post-thumbnail","hentry","category-noticias","category-home"],"yoast_head":"<!-- This site is optimized with the Yoast SEO plugin v26.7 - https:\/\/yoast.com\/wordpress\/plugins\/seo\/ -->\n<title>Ministro Nardes lan\u00e7ar\u00e1 cartilha governan\u00e7a p\u00fablica municipal na XX Marcha dos Legislativos 2021 - UVB Brasil<\/title>\n<meta name=\"robots\" content=\"index, follow, max-snippet:-1, max-image-preview:large, max-video-preview:-1\" \/>\n<link rel=\"canonical\" href=\"https:\/\/uvbbrasil.com.br\/ministro-nardes-fara-lancamento-da-cartilha-governanca-publica-municipal-na-xx-marcha-dos-legislativos-2021\/\" \/>\n<meta property=\"og:locale\" content=\"pt_BR\" \/>\n<meta property=\"og:type\" content=\"article\" \/>\n<meta property=\"og:title\" content=\"Ministro Nardes lan\u00e7ar\u00e1 cartilha governan\u00e7a p\u00fablica municipal na XX Marcha dos Legislativos 2021 - UVB Brasil\" \/>\n<meta property=\"og:description\" content=\"O presidente da Uni\u00e3o dos Vereadores do Brasil\/UVB, Gilson Conzatti, esteve reunido na manha desta ter\u00e7a-feira (04) com o Ministro...\" \/>\n<meta property=\"og:url\" content=\"https:\/\/uvbbrasil.com.br\/ministro-nardes-fara-lancamento-da-cartilha-governanca-publica-municipal-na-xx-marcha-dos-legislativos-2021\/\" \/>\n<meta property=\"og:site_name\" content=\"UVB Brasil\" \/>\n<meta property=\"article:publisher\" content=\"https:\/\/www.facebook.com\/uvb.vereadoresbrasil\" \/>\n<meta property=\"article:published_time\" content=\"2021-05-04T16:06:58+00:00\" \/>\n<meta property=\"og:image\" content=\"https:\/\/uvbbrasil.com.br\/wp-content\/uploads\/2021\/05\/WhatsApp-Image-2021-05-04-at-13.04.08.jpeg\" \/>\n\t<meta property=\"og:image:width\" content=\"720\" \/>\n\t<meta property=\"og:image:height\" content=\"1280\" \/>\n\t<meta property=\"og:image:type\" content=\"image\/jpeg\" \/>\n<meta name=\"author\" content=\"adminuvb\" \/>\n<meta name=\"twitter:card\" content=\"summary_large_image\" \/>\n<meta name=\"twitter:label1\" content=\"Escrito por\" \/>\n\t<meta name=\"twitter:data1\" content=\"adminuvb\" \/>\n\t<meta name=\"twitter:label2\" content=\"Est. tempo de leitura\" \/>\n\t<meta name=\"twitter:data2\" content=\"2 minutos\" \/>\n<script type=\"application\/ld+json\" class=\"yoast-schema-graph\">{\"@context\":\"https:\/\/schema.org\",\"@graph\":[{\"@type\":\"Article\",\"@id\":\"https:\/\/uvbbrasil.com.br\/ministro-nardes-fara-lancamento-da-cartilha-governanca-publica-municipal-na-xx-marcha-dos-legislativos-2021\/#article\",\"isPartOf\":{\"@id\":\"https:\/\/uvbbrasil.com.br\/ministro-nardes-fara-lancamento-da-cartilha-governanca-publica-municipal-na-xx-marcha-dos-legislativos-2021\/\"},\"author\":{\"name\":\"adminuvb\",\"@id\":\"https:\/\/uvbbrasil.com.br\/#\/schema\/person\/17990098446c098f52effddff4f1b272\"},\"headline\":\"Ministro Nardes lan\u00e7ar\u00e1 cartilha governan\u00e7a p\u00fablica municipal na XX Marcha dos Legislativos 2021\",\"datePublished\":\"2021-05-04T16:06:58+00:00\",\"mainEntityOfPage\":{\"@id\":\"https:\/\/uvbbrasil.com.br\/ministro-nardes-fara-lancamento-da-cartilha-governanca-publica-municipal-na-xx-marcha-dos-legislativos-2021\/\"},\"wordCount\":341,\"commentCount\":0,\"publisher\":{\"@id\":\"https:\/\/uvbbrasil.com.br\/#organization\"},\"image\":{\"@id\":\"https:\/\/uvbbrasil.com.br\/ministro-nardes-fara-lancamento-da-cartilha-governanca-publica-municipal-na-xx-marcha-dos-legislativos-2021\/#primaryimage\"},\"thumbnailUrl\":\"https:\/\/uvbbrasil.com.br\/wp-content\/uploads\/2021\/05\/WhatsApp-Image-2021-05-04-at-13.04.08.jpeg\",\"articleSection\":[\"NOT\u00cdCIAS\",\"UVB\"],\"inLanguage\":\"pt-BR\",\"potentialAction\":[{\"@type\":\"CommentAction\",\"name\":\"Comment\",\"target\":[\"https:\/\/uvbbrasil.com.br\/ministro-nardes-fara-lancamento-da-cartilha-governanca-publica-municipal-na-xx-marcha-dos-legislativos-2021\/#respond\"]}]},{\"@type\":\"WebPage\",\"@id\":\"https:\/\/uvbbrasil.com.br\/ministro-nardes-fara-lancamento-da-cartilha-governanca-publica-municipal-na-xx-marcha-dos-legislativos-2021\/\",\"url\":\"https:\/\/uvbbrasil.com.br\/ministro-nardes-fara-lancamento-da-cartilha-governanca-publica-municipal-na-xx-marcha-dos-legislativos-2021\/\",\"name\":\"Ministro Nardes lan\u00e7ar\u00e1 cartilha governan\u00e7a p\u00fablica municipal na XX Marcha dos Legislativos 2021 - UVB Brasil\",\"isPartOf\":{\"@id\":\"https:\/\/uvbbrasil.com.br\/#website\"},\"primaryImageOfPage\":{\"@id\":\"https:\/\/uvbbrasil.com.br\/ministro-nardes-fara-lancamento-da-cartilha-governanca-publica-municipal-na-xx-marcha-dos-legislativos-2021\/#primaryimage\"},\"image\":{\"@id\":\"https:\/\/uvbbrasil.com.br\/ministro-nardes-fara-lancamento-da-cartilha-governanca-publica-municipal-na-xx-marcha-dos-legislativos-2021\/#primaryimage\"},\"thumbnailUrl\":\"https:\/\/uvbbrasil.com.br\/wp-content\/uploads\/2021\/05\/WhatsApp-Image-2021-05-04-at-13.04.08.jpeg\",\"datePublished\":\"2021-05-04T16:06:58+00:00\",\"breadcrumb\":{\"@id\":\"https:\/\/uvbbrasil.com.br\/ministro-nardes-fara-lancamento-da-cartilha-governanca-publica-municipal-na-xx-marcha-dos-legislativos-2021\/#breadcrumb\"},\"inLanguage\":\"pt-BR\",\"potentialAction\":[{\"@type\":\"ReadAction\",\"target\":[\"https:\/\/uvbbrasil.com.br\/ministro-nardes-fara-lancamento-da-cartilha-governanca-publica-municipal-na-xx-marcha-dos-legislativos-2021\/\"]}]},{\"@type\":\"ImageObject\",\"inLanguage\":\"pt-BR\",\"@id\":\"https:\/\/uvbbrasil.com.br\/ministro-nardes-fara-lancamento-da-cartilha-governanca-publica-municipal-na-xx-marcha-dos-legislativos-2021\/#primaryimage\",\"url\":\"https:\/\/uvbbrasil.com.br\/wp-content\/uploads\/2021\/05\/WhatsApp-Image-2021-05-04-at-13.04.08.jpeg\",\"contentUrl\":\"https:\/\/uvbbrasil.com.br\/wp-content\/uploads\/2021\/05\/WhatsApp-Image-2021-05-04-at-13.04.08.jpeg\",\"width\":720,\"height\":1280},{\"@type\":\"BreadcrumbList\",\"@id\":\"https:\/\/uvbbrasil.com.br\/ministro-nardes-fara-lancamento-da-cartilha-governanca-publica-municipal-na-xx-marcha-dos-legislativos-2021\/#breadcrumb\",\"itemListElement\":[{\"@type\":\"ListItem\",\"position\":1,\"name\":\"In\u00edcio\",\"item\":\"https:\/\/uvbbrasil.com.br\/\"},{\"@type\":\"ListItem\",\"position\":2,\"name\":\"Ministro Nardes lan\u00e7ar\u00e1 cartilha governan\u00e7a p\u00fablica municipal na XX Marcha dos Legislativos 2021\"}]},{\"@type\":\"WebSite\",\"@id\":\"https:\/\/uvbbrasil.com.br\/#website\",\"url\":\"https:\/\/uvbbrasil.com.br\/\",\"name\":\"UVB Brasil\",\"description\":\"Uni\u00e3o dos Vereadores do Brasil\",\"publisher\":{\"@id\":\"https:\/\/uvbbrasil.com.br\/#organization\"},\"potentialAction\":[{\"@type\":\"SearchAction\",\"target\":{\"@type\":\"EntryPoint\",\"urlTemplate\":\"https:\/\/uvbbrasil.com.br\/?s={search_term_string}\"},\"query-input\":{\"@type\":\"PropertyValueSpecification\",\"valueRequired\":true,\"valueName\":\"search_term_string\"}}],\"inLanguage\":\"pt-BR\"},{\"@type\":\"Organization\",\"@id\":\"https:\/\/uvbbrasil.com.br\/#organization\",\"name\":\"UVB Brasil\",\"url\":\"https:\/\/uvbbrasil.com.br\/\",\"logo\":{\"@type\":\"ImageObject\",\"inLanguage\":\"pt-BR\",\"@id\":\"https:\/\/uvbbrasil.com.br\/#\/schema\/logo\/image\/\",\"url\":\"https:\/\/uvbbrasil.com.br\/wp-content\/uploads\/2025\/01\/LOGO-UVB-2024-azul-1.jpg\",\"contentUrl\":\"https:\/\/uvbbrasil.com.br\/wp-content\/uploads\/2025\/01\/LOGO-UVB-2024-azul-1.jpg\",\"width\":600,\"height\":211,\"caption\":\"UVB Brasil\"},\"image\":{\"@id\":\"https:\/\/uvbbrasil.com.br\/#\/schema\/logo\/image\/\"},\"sameAs\":[\"https:\/\/www.facebook.com\/uvb.vereadoresbrasil\",\"https:\/\/www.instagram.com\/uvbbrasil\/\",\"https:\/\/www.youtube.com\/channel\/UCIlPQ8Xzw5GHNzosQIg9S5A\"]},{\"@type\":\"Person\",\"@id\":\"https:\/\/uvbbrasil.com.br\/#\/schema\/person\/17990098446c098f52effddff4f1b272\",\"name\":\"adminuvb\",\"image\":{\"@type\":\"ImageObject\",\"inLanguage\":\"pt-BR\",\"@id\":\"https:\/\/uvbbrasil.com.br\/#\/schema\/person\/image\/\",\"url\":\"https:\/\/secure.gravatar.com\/avatar\/1a494ea6f8e2dd1ae526e55b0e9497efdba542491e0620d704cccf63c6f77c45?s=96&d=mm&r=g\",\"contentUrl\":\"https:\/\/secure.gravatar.com\/avatar\/1a494ea6f8e2dd1ae526e55b0e9497efdba542491e0620d704cccf63c6f77c45?s=96&d=mm&r=g\",\"caption\":\"adminuvb\"},\"sameAs\":[\"https:\/\/uvbbrasil.com.br\"],\"url\":\"https:\/\/uvbbrasil.com.br\/author\/adminuvb\/\"}]}<\/script>\n<!-- \/ Yoast SEO plugin. -->","yoast_head_json":{"title":"Ministro Nardes lan\u00e7ar\u00e1 cartilha governan\u00e7a p\u00fablica municipal na XX Marcha dos Legislativos 2021 - UVB Brasil","robots":{"index":"index","follow":"follow","max-snippet":"max-snippet:-1","max-image-preview":"max-image-preview:large","max-video-preview":"max-video-preview:-1"},"canonical":"https:\/\/uvbbrasil.com.br\/ministro-nardes-fara-lancamento-da-cartilha-governanca-publica-municipal-na-xx-marcha-dos-legislativos-2021\/","og_locale":"pt_BR","og_type":"article","og_title":"Ministro Nardes lan\u00e7ar\u00e1 cartilha governan\u00e7a p\u00fablica municipal na XX Marcha dos Legislativos 2021 - UVB Brasil","og_description":"O presidente da Uni\u00e3o dos Vereadores do Brasil\/UVB, Gilson Conzatti, esteve reunido na manha desta ter\u00e7a-feira (04) com o Ministro...","og_url":"https:\/\/uvbbrasil.com.br\/ministro-nardes-fara-lancamento-da-cartilha-governanca-publica-municipal-na-xx-marcha-dos-legislativos-2021\/","og_site_name":"UVB Brasil","article_publisher":"https:\/\/www.facebook.com\/uvb.vereadoresbrasil","article_published_time":"2021-05-04T16:06:58+00:00","og_image":[{"width":720,"height":1280,"url":"https:\/\/uvbbrasil.com.br\/wp-content\/uploads\/2021\/05\/WhatsApp-Image-2021-05-04-at-13.04.08.jpeg","type":"image\/jpeg"}],"author":"adminuvb","twitter_card":"summary_large_image","twitter_misc":{"Escrito por":"adminuvb","Est. tempo de leitura":"2 minutos"},"schema":{"@context":"https:\/\/schema.org","@graph":[{"@type":"Article","@id":"https:\/\/uvbbrasil.com.br\/ministro-nardes-fara-lancamento-da-cartilha-governanca-publica-municipal-na-xx-marcha-dos-legislativos-2021\/#article","isPartOf":{"@id":"https:\/\/uvbbrasil.com.br\/ministro-nardes-fara-lancamento-da-cartilha-governanca-publica-municipal-na-xx-marcha-dos-legislativos-2021\/"},"author":{"name":"adminuvb","@id":"https:\/\/uvbbrasil.com.br\/#\/schema\/person\/17990098446c098f52effddff4f1b272"},"headline":"Ministro Nardes lan\u00e7ar\u00e1 cartilha governan\u00e7a p\u00fablica municipal na XX Marcha dos Legislativos 2021","datePublished":"2021-05-04T16:06:58+00:00","mainEntityOfPage":{"@id":"https:\/\/uvbbrasil.com.br\/ministro-nardes-fara-lancamento-da-cartilha-governanca-publica-municipal-na-xx-marcha-dos-legislativos-2021\/"},"wordCount":341,"commentCount":0,"publisher":{"@id":"https:\/\/uvbbrasil.com.br\/#organization"},"image":{"@id":"https:\/\/uvbbrasil.com.br\/ministro-nardes-fara-lancamento-da-cartilha-governanca-publica-municipal-na-xx-marcha-dos-legislativos-2021\/#primaryimage"},"thumbnailUrl":"https:\/\/uvbbrasil.com.br\/wp-content\/uploads\/2021\/05\/WhatsApp-Image-2021-05-04-at-13.04.08.jpeg","articleSection":["NOT\u00cdCIAS","UVB"],"inLanguage":"pt-BR","potentialAction":[{"@type":"CommentAction","name":"Comment","target":["https:\/\/uvbbrasil.com.br\/ministro-nardes-fara-lancamento-da-cartilha-governanca-publica-municipal-na-xx-marcha-dos-legislativos-2021\/#respond"]}]},{"@type":"WebPage","@id":"https:\/\/uvbbrasil.com.br\/ministro-nardes-fara-lancamento-da-cartilha-governanca-publica-municipal-na-xx-marcha-dos-legislativos-2021\/","url":"https:\/\/uvbbrasil.com.br\/ministro-nardes-fara-lancamento-da-cartilha-governanca-publica-municipal-na-xx-marcha-dos-legislativos-2021\/","name":"Ministro Nardes lan\u00e7ar\u00e1 cartilha governan\u00e7a p\u00fablica municipal na XX Marcha dos Legislativos 2021 - UVB Brasil","isPartOf":{"@id":"https:\/\/uvbbrasil.com.br\/#website"},"primaryImageOfPage":{"@id":"https:\/\/uvbbrasil.com.br\/ministro-nardes-fara-lancamento-da-cartilha-governanca-publica-municipal-na-xx-marcha-dos-legislativos-2021\/#primaryimage"},"image":{"@id":"https:\/\/uvbbrasil.com.br\/ministro-nardes-fara-lancamento-da-cartilha-governanca-publica-municipal-na-xx-marcha-dos-legislativos-2021\/#primaryimage"},"thumbnailUrl":"https:\/\/uvbbrasil.com.br\/wp-content\/uploads\/2021\/05\/WhatsApp-Image-2021-05-04-at-13.04.08.jpeg","datePublished":"2021-05-04T16:06:58+00:00","breadcrumb":{"@id":"https:\/\/uvbbrasil.com.br\/ministro-nardes-fara-lancamento-da-cartilha-governanca-publica-municipal-na-xx-marcha-dos-legislativos-2021\/#breadcrumb"},"inLanguage":"pt-BR","potentialAction":[{"@type":"ReadAction","target":["https:\/\/uvbbrasil.com.br\/ministro-nardes-fara-lancamento-da-cartilha-governanca-publica-municipal-na-xx-marcha-dos-legislativos-2021\/"]}]},{"@type":"ImageObject","inLanguage":"pt-BR","@id":"https:\/\/uvbbrasil.com.br\/ministro-nardes-fara-lancamento-da-cartilha-governanca-publica-municipal-na-xx-marcha-dos-legislativos-2021\/#primaryimage","url":"https:\/\/uvbbrasil.com.br\/wp-content\/uploads\/2021\/05\/WhatsApp-Image-2021-05-04-at-13.04.08.jpeg","contentUrl":"https:\/\/uvbbrasil.com.br\/wp-content\/uploads\/2021\/05\/WhatsApp-Image-2021-05-04-at-13.04.08.jpeg","width":720,"height":1280},{"@type":"BreadcrumbList","@id":"https:\/\/uvbbrasil.com.br\/ministro-nardes-fara-lancamento-da-cartilha-governanca-publica-municipal-na-xx-marcha-dos-legislativos-2021\/#breadcrumb","itemListElement":[{"@type":"ListItem","position":1,"name":"In\u00edcio","item":"https:\/\/uvbbrasil.com.br\/"},{"@type":"ListItem","position":2,"name":"Ministro Nardes lan\u00e7ar\u00e1 cartilha governan\u00e7a p\u00fablica municipal na XX Marcha dos Legislativos 2021"}]},{"@type":"WebSite","@id":"https:\/\/uvbbrasil.com.br\/#website","url":"https:\/\/uvbbrasil.com.br\/","name":"UVB Brasil","description":"Uni\u00e3o dos Vereadores do Brasil","publisher":{"@id":"https:\/\/uvbbrasil.com.br\/#organization"},"potentialAction":[{"@type":"SearchAction","target":{"@type":"EntryPoint","urlTemplate":"https:\/\/uvbbrasil.com.br\/?s={search_term_string}"},"query-input":{"@type":"PropertyValueSpecification","valueRequired":true,"valueName":"search_term_string"}}],"inLanguage":"pt-BR"},{"@type":"Organization","@id":"https:\/\/uvbbrasil.com.br\/#organization","name":"UVB Brasil","url":"https:\/\/uvbbrasil.com.br\/","logo":{"@type":"ImageObject","inLanguage":"pt-BR","@id":"https:\/\/uvbbrasil.com.br\/#\/schema\/logo\/image\/","url":"https:\/\/uvbbrasil.com.br\/wp-content\/uploads\/2025\/01\/LOGO-UVB-2024-azul-1.jpg","contentUrl":"https:\/\/uvbbrasil.com.br\/wp-content\/uploads\/2025\/01\/LOGO-UVB-2024-azul-1.jpg","width":600,"height":211,"caption":"UVB Brasil"},"image":{"@id":"https:\/\/uvbbrasil.com.br\/#\/schema\/logo\/image\/"},"sameAs":["https:\/\/www.facebook.com\/uvb.vereadoresbrasil","https:\/\/www.instagram.com\/uvbbrasil\/","https:\/\/www.youtube.com\/channel\/UCIlPQ8Xzw5GHNzosQIg9S5A"]},{"@type":"Person","@id":"https:\/\/uvbbrasil.com.br\/#\/schema\/person\/17990098446c098f52effddff4f1b272","name":"adminuvb","image":{"@type":"ImageObject","inLanguage":"pt-BR","@id":"https:\/\/uvbbrasil.com.br\/#\/schema\/person\/image\/","url":"https:\/\/secure.gravatar.com\/avatar\/1a494ea6f8e2dd1ae526e55b0e9497efdba542491e0620d704cccf63c6f77c45?s=96&d=mm&r=g","contentUrl":"https:\/\/secure.gravatar.com\/avatar\/1a494ea6f8e2dd1ae526e55b0e9497efdba542491e0620d704cccf63c6f77c45?s=96&d=mm&r=g","caption":"adminuvb"},"sameAs":["https:\/\/uvbbrasil.com.br"],"url":"https:\/\/uvbbrasil.com.br\/author\/adminuvb\/"}]}},"_links":{"self":[{"href":"https:\/\/uvbbrasil.com.br\/uvb-json\/wp\/v2\/posts\/22060","targetHints":{"allow":["GET"]}}],"collection":[{"href":"https:\/\/uvbbrasil.com.br\/uvb-json\/wp\/v2\/posts"}],"about":[{"href":"https:\/\/uvbbrasil.com.br\/uvb-json\/wp\/v2\/types\/post"}],"author":[{"embeddable":true,"href":"https:\/\/uvbbrasil.com.br\/uvb-json\/wp\/v2\/users\/1"}],"replies":[{"embeddable":true,"href":"https:\/\/uvbbrasil.com.br\/uvb-json\/wp\/v2\/comments?post=22060"}],"version-history":[{"count":0,"href":"https:\/\/uvbbrasil.com.br\/uvb-json\/wp\/v2\/posts\/22060\/revisions"}],"wp:featuredmedia":[{"embeddable":true,"href":"https:\/\/uvbbrasil.com.br\/uvb-json\/wp\/v2\/media\/22062"}],"wp:attachment":[{"href":"https:\/\/uvbbrasil.com.br\/uvb-json\/wp\/v2\/media?parent=22060"}],"wp:term":[{"taxonomy":"category","embeddable":true,"href":"https:\/\/uvbbrasil.com.br\/uvb-json\/wp\/v2\/categories?post=22060"},{"taxonomy":"post_tag","embeddable":true,"href":"https:\/\/uvbbrasil.com.br\/uvb-json\/wp\/v2\/tags?post=22060"}],"curies":[{"name":"wp","href":"https:\/\/api.w.org\/{rel}","templated":true}]}}