{"id":2186,"date":"2015-11-25T23:45:35","date_gmt":"2015-11-26T01:45:35","guid":{"rendered":"https:\/\/wpsandbox4.pante.com.br\/?p=2186"},"modified":"2015-11-25T23:45:35","modified_gmt":"2015-11-26T01:45:35","slug":"reforma-facilita-ilicitudes-diz-ex-ministro","status":"publish","type":"post","link":"https:\/\/uvbbrasil.com.br\/reforma-facilita-ilicitudes-diz-ex-ministro\/","title":{"rendered":"Reforma facilita ilicitudes, diz ex-ministro"},"content":{"rendered":"<p>O ex-ministro substituto do Tribunal Superior Eleitoral (TSE) e advogado Joelson Dias considerou nesta quinta-feira, 26, durante o 51\u00ba Congresso Brasileiro de Vereadores, realizado em Salvador, que a reforma eleitoral v\u00e1lida para o pleito de 2016 foi na contram\u00e3o do clamor popular.<\/p>\n<p>Dias disse que a reforma pode tornar ainda mais comum a pr\u00e1tica de ilicitudes na doa\u00e7\u00e3o para campanhas a partir do momento em que se proibiu a doa\u00e7\u00e3o de empresas inclusive a partidos.<\/p>\n<p>&#8220;Se um dia se regulamentou a doa\u00e7\u00e3o de pessoa jur\u00eddica [para campanhas] foi para que, justamente, houvesse transpar\u00eancia, para saber quem doou e quanto estava a ser doado&#8221;, disse Dias, que \u00e9 mestre em direito pela Universidade de Harvard (EUA) e assumiu entre 2009 e 2011 a vaga de ministro,\u00a0 que \u00e9 indicada pela Ordem dos Advogados do Brasil (OAB).<\/p>\n<p>Mas o ex-ministro pondera que ser\u00e1 necess\u00e1rio acompanhar as elei\u00e7\u00f5es municipais para saber se a reforma eleitoral\u00a0 foi realmente um avan\u00e7o\u00a0 ou um retrocesso. &#8220;Lamento muito que n\u00e3o se tenha permitido \u00e0 sociedade uma maior participa\u00e7\u00e3o na discuss\u00e3o das reformas&#8221;, observou.<\/p>\n<p>Joelson Dias considera que as novas normas eleitorais,\u00a0 que reduzem o prazo de campanha e propaganda eleitoral,\u00a0 v\u00e3o em sentido contr\u00e1rio ao que era\u00a0 reivindicado pela popula\u00e7\u00e3o.<\/p>\n<p>&#8220;Tamb\u00e9m vai contra o anseio popular na medida em que deixou mais para frente o prazo de registro de candidaturas, o que encurta o tempo que a justi\u00e7a eleitoral tem para julgar a impugna\u00e7\u00e3o de candidaturas&#8221;, diz.<\/p>\n<p>http:\/\/atarde.uol.com.br\/politica\/noticias\/1729574-reforma-facilita-ilicitudes-diz-ex-ministro<\/p>\n","protected":false},"excerpt":{"rendered":"<p>O ex-ministro substituto do Tribunal Superior Eleitoral (TSE) e advogado Joelson Dias considerou nesta quinta-feira, 26, durante o 51\u00ba Congresso&#8230;<\/p>\n","protected":false},"author":1,"featured_media":2187,"comment_status":"open","ping_status":"open","sticky":false,"template":"","format":"standard","meta":{"footnotes":""},"categories":[4],"tags":[],"class_list":["post-2186","post","type-post","status-publish","format-standard","has-post-thumbnail","hentry","category-home"],"yoast_head":"<!-- This site is optimized with the Yoast SEO plugin v27.5 - https:\/\/yoast.com\/product\/yoast-seo-wordpress\/ -->\n<title>Reforma facilita ilicitudes, diz ex-ministro - UVB Brasil<\/title>\n<meta name=\"robots\" content=\"index, follow, max-snippet:-1, max-image-preview:large, max-video-preview:-1\" \/>\n<link rel=\"canonical\" href=\"https:\/\/uvbbrasil.com.br\/reforma-facilita-ilicitudes-diz-ex-ministro\/\" \/>\n<meta property=\"og:locale\" content=\"pt_BR\" \/>\n<meta property=\"og:type\" content=\"article\" \/>\n<meta property=\"og:title\" content=\"Reforma facilita ilicitudes, diz ex-ministro - UVB Brasil\" \/>\n<meta property=\"og:description\" content=\"O ex-ministro substituto do Tribunal Superior Eleitoral (TSE) e advogado Joelson Dias considerou nesta quinta-feira, 26, durante o 51\u00ba Congresso...\" \/>\n<meta property=\"og:url\" content=\"https:\/\/uvbbrasil.com.br\/reforma-facilita-ilicitudes-diz-ex-ministro\/\" \/>\n<meta property=\"og:site_name\" content=\"UVB Brasil\" \/>\n<meta property=\"article:publisher\" content=\"https:\/\/www.facebook.com\/uvb.vereadoresbrasil\" \/>\n<meta property=\"article:published_time\" content=\"2015-11-26T01:45:35+00:00\" \/>\n<meta property=\"og:image\" content=\"https:\/\/uvbbrasil.com.br\/wp-content\/uploads\/2015\/11\/650x375_joelson-dias_1586713.jpg\" \/>\n\t<meta property=\"og:image:width\" content=\"650\" \/>\n\t<meta property=\"og:image:height\" content=\"375\" \/>\n\t<meta property=\"og:image:type\" content=\"image\/jpeg\" \/>\n<meta name=\"author\" content=\"adminuvb\" \/>\n<meta name=\"twitter:card\" content=\"summary_large_image\" \/>\n<meta name=\"twitter:label1\" content=\"Escrito por\" \/>\n\t<meta name=\"twitter:data1\" content=\"adminuvb\" \/>\n\t<meta name=\"twitter:label2\" content=\"Est. tempo de leitura\" \/>\n\t<meta name=\"twitter:data2\" content=\"1 minuto\" \/>\n<script type=\"application\/ld+json\" class=\"yoast-schema-graph\">{\"@context\":\"https:\\\/\\\/schema.org\",\"@graph\":[{\"@type\":\"Article\",\"@id\":\"https:\\\/\\\/uvbbrasil.com.br\\\/reforma-facilita-ilicitudes-diz-ex-ministro\\\/#article\",\"isPartOf\":{\"@id\":\"https:\\\/\\\/uvbbrasil.com.br\\\/reforma-facilita-ilicitudes-diz-ex-ministro\\\/\"},\"author\":{\"name\":\"adminuvb\",\"@id\":\"https:\\\/\\\/uvbbrasil.com.br\\\/#\\\/schema\\\/person\\\/17990098446c098f52effddff4f1b272\"},\"headline\":\"Reforma facilita ilicitudes, diz ex-ministro\",\"datePublished\":\"2015-11-26T01:45:35+00:00\",\"mainEntityOfPage\":{\"@id\":\"https:\\\/\\\/uvbbrasil.com.br\\\/reforma-facilita-ilicitudes-diz-ex-ministro\\\/\"},\"wordCount\":265,\"commentCount\":0,\"publisher\":{\"@id\":\"https:\\\/\\\/uvbbrasil.com.br\\\/#organization\"},\"image\":{\"@id\":\"https:\\\/\\\/uvbbrasil.com.br\\\/reforma-facilita-ilicitudes-diz-ex-ministro\\\/#primaryimage\"},\"thumbnailUrl\":\"https:\\\/\\\/uvbbrasil.com.br\\\/wp-content\\\/uploads\\\/2015\\\/11\\\/650x375_joelson-dias_1586713.jpg\",\"articleSection\":[\"UVB\"],\"inLanguage\":\"pt-BR\",\"potentialAction\":[{\"@type\":\"CommentAction\",\"name\":\"Comment\",\"target\":[\"https:\\\/\\\/uvbbrasil.com.br\\\/reforma-facilita-ilicitudes-diz-ex-ministro\\\/#respond\"]}]},{\"@type\":\"WebPage\",\"@id\":\"https:\\\/\\\/uvbbrasil.com.br\\\/reforma-facilita-ilicitudes-diz-ex-ministro\\\/\",\"url\":\"https:\\\/\\\/uvbbrasil.com.br\\\/reforma-facilita-ilicitudes-diz-ex-ministro\\\/\",\"name\":\"Reforma facilita ilicitudes, diz ex-ministro - UVB Brasil\",\"isPartOf\":{\"@id\":\"https:\\\/\\\/uvbbrasil.com.br\\\/#website\"},\"primaryImageOfPage\":{\"@id\":\"https:\\\/\\\/uvbbrasil.com.br\\\/reforma-facilita-ilicitudes-diz-ex-ministro\\\/#primaryimage\"},\"image\":{\"@id\":\"https:\\\/\\\/uvbbrasil.com.br\\\/reforma-facilita-ilicitudes-diz-ex-ministro\\\/#primaryimage\"},\"thumbnailUrl\":\"https:\\\/\\\/uvbbrasil.com.br\\\/wp-content\\\/uploads\\\/2015\\\/11\\\/650x375_joelson-dias_1586713.jpg\",\"datePublished\":\"2015-11-26T01:45:35+00:00\",\"breadcrumb\":{\"@id\":\"https:\\\/\\\/uvbbrasil.com.br\\\/reforma-facilita-ilicitudes-diz-ex-ministro\\\/#breadcrumb\"},\"inLanguage\":\"pt-BR\",\"potentialAction\":[{\"@type\":\"ReadAction\",\"target\":[\"https:\\\/\\\/uvbbrasil.com.br\\\/reforma-facilita-ilicitudes-diz-ex-ministro\\\/\"]}]},{\"@type\":\"ImageObject\",\"inLanguage\":\"pt-BR\",\"@id\":\"https:\\\/\\\/uvbbrasil.com.br\\\/reforma-facilita-ilicitudes-diz-ex-ministro\\\/#primaryimage\",\"url\":\"https:\\\/\\\/uvbbrasil.com.br\\\/wp-content\\\/uploads\\\/2015\\\/11\\\/650x375_joelson-dias_1586713.jpg\",\"contentUrl\":\"https:\\\/\\\/uvbbrasil.com.br\\\/wp-content\\\/uploads\\\/2015\\\/11\\\/650x375_joelson-dias_1586713.jpg\",\"width\":650,\"height\":375},{\"@type\":\"BreadcrumbList\",\"@id\":\"https:\\\/\\\/uvbbrasil.com.br\\\/reforma-facilita-ilicitudes-diz-ex-ministro\\\/#breadcrumb\",\"itemListElement\":[{\"@type\":\"ListItem\",\"position\":1,\"name\":\"In\u00edcio\",\"item\":\"https:\\\/\\\/uvbbrasil.com.br\\\/\"},{\"@type\":\"ListItem\",\"position\":2,\"name\":\"Reforma facilita ilicitudes, diz ex-ministro\"}]},{\"@type\":\"WebSite\",\"@id\":\"https:\\\/\\\/uvbbrasil.com.br\\\/#website\",\"url\":\"https:\\\/\\\/uvbbrasil.com.br\\\/\",\"name\":\"UVB Brasil\",\"description\":\"Uni\u00e3o dos Vereadores do Brasil\",\"publisher\":{\"@id\":\"https:\\\/\\\/uvbbrasil.com.br\\\/#organization\"},\"potentialAction\":[{\"@type\":\"SearchAction\",\"target\":{\"@type\":\"EntryPoint\",\"urlTemplate\":\"https:\\\/\\\/uvbbrasil.com.br\\\/?s={search_term_string}\"},\"query-input\":{\"@type\":\"PropertyValueSpecification\",\"valueRequired\":true,\"valueName\":\"search_term_string\"}}],\"inLanguage\":\"pt-BR\"},{\"@type\":\"Organization\",\"@id\":\"https:\\\/\\\/uvbbrasil.com.br\\\/#organization\",\"name\":\"UVB Brasil\",\"url\":\"https:\\\/\\\/uvbbrasil.com.br\\\/\",\"logo\":{\"@type\":\"ImageObject\",\"inLanguage\":\"pt-BR\",\"@id\":\"https:\\\/\\\/uvbbrasil.com.br\\\/#\\\/schema\\\/logo\\\/image\\\/\",\"url\":\"https:\\\/\\\/uvbbrasil.com.br\\\/wp-content\\\/uploads\\\/2025\\\/01\\\/LOGO-UVB-2024-azul-1.jpg\",\"contentUrl\":\"https:\\\/\\\/uvbbrasil.com.br\\\/wp-content\\\/uploads\\\/2025\\\/01\\\/LOGO-UVB-2024-azul-1.jpg\",\"width\":600,\"height\":211,\"caption\":\"UVB Brasil\"},\"image\":{\"@id\":\"https:\\\/\\\/uvbbrasil.com.br\\\/#\\\/schema\\\/logo\\\/image\\\/\"},\"sameAs\":[\"https:\\\/\\\/www.facebook.com\\\/uvb.vereadoresbrasil\",\"https:\\\/\\\/www.instagram.com\\\/uvbbrasil\\\/\",\"https:\\\/\\\/www.youtube.com\\\/channel\\\/UCIlPQ8Xzw5GHNzosQIg9S5A\"]},{\"@type\":\"Person\",\"@id\":\"https:\\\/\\\/uvbbrasil.com.br\\\/#\\\/schema\\\/person\\\/17990098446c098f52effddff4f1b272\",\"name\":\"adminuvb\",\"image\":{\"@type\":\"ImageObject\",\"inLanguage\":\"pt-BR\",\"@id\":\"https:\\\/\\\/secure.gravatar.com\\\/avatar\\\/1a494ea6f8e2dd1ae526e55b0e9497efdba542491e0620d704cccf63c6f77c45?s=96&d=mm&r=g\",\"url\":\"https:\\\/\\\/secure.gravatar.com\\\/avatar\\\/1a494ea6f8e2dd1ae526e55b0e9497efdba542491e0620d704cccf63c6f77c45?s=96&d=mm&r=g\",\"contentUrl\":\"https:\\\/\\\/secure.gravatar.com\\\/avatar\\\/1a494ea6f8e2dd1ae526e55b0e9497efdba542491e0620d704cccf63c6f77c45?s=96&d=mm&r=g\",\"caption\":\"adminuvb\"},\"sameAs\":[\"https:\\\/\\\/uvbbrasil.com.br\"],\"url\":\"https:\\\/\\\/uvbbrasil.com.br\\\/author\\\/adminuvb\\\/\"}]}<\/script>\n<!-- \/ Yoast SEO plugin. -->","yoast_head_json":{"title":"Reforma facilita ilicitudes, diz ex-ministro - UVB Brasil","robots":{"index":"index","follow":"follow","max-snippet":"max-snippet:-1","max-image-preview":"max-image-preview:large","max-video-preview":"max-video-preview:-1"},"canonical":"https:\/\/uvbbrasil.com.br\/reforma-facilita-ilicitudes-diz-ex-ministro\/","og_locale":"pt_BR","og_type":"article","og_title":"Reforma facilita ilicitudes, diz ex-ministro - UVB Brasil","og_description":"O ex-ministro substituto do Tribunal Superior Eleitoral (TSE) e advogado Joelson Dias considerou nesta quinta-feira, 26, durante o 51\u00ba Congresso...","og_url":"https:\/\/uvbbrasil.com.br\/reforma-facilita-ilicitudes-diz-ex-ministro\/","og_site_name":"UVB Brasil","article_publisher":"https:\/\/www.facebook.com\/uvb.vereadoresbrasil","article_published_time":"2015-11-26T01:45:35+00:00","og_image":[{"width":650,"height":375,"url":"https:\/\/uvbbrasil.com.br\/wp-content\/uploads\/2015\/11\/650x375_joelson-dias_1586713.jpg","type":"image\/jpeg"}],"author":"adminuvb","twitter_card":"summary_large_image","twitter_misc":{"Escrito por":"adminuvb","Est. tempo de leitura":"1 minuto"},"schema":{"@context":"https:\/\/schema.org","@graph":[{"@type":"Article","@id":"https:\/\/uvbbrasil.com.br\/reforma-facilita-ilicitudes-diz-ex-ministro\/#article","isPartOf":{"@id":"https:\/\/uvbbrasil.com.br\/reforma-facilita-ilicitudes-diz-ex-ministro\/"},"author":{"name":"adminuvb","@id":"https:\/\/uvbbrasil.com.br\/#\/schema\/person\/17990098446c098f52effddff4f1b272"},"headline":"Reforma facilita ilicitudes, diz ex-ministro","datePublished":"2015-11-26T01:45:35+00:00","mainEntityOfPage":{"@id":"https:\/\/uvbbrasil.com.br\/reforma-facilita-ilicitudes-diz-ex-ministro\/"},"wordCount":265,"commentCount":0,"publisher":{"@id":"https:\/\/uvbbrasil.com.br\/#organization"},"image":{"@id":"https:\/\/uvbbrasil.com.br\/reforma-facilita-ilicitudes-diz-ex-ministro\/#primaryimage"},"thumbnailUrl":"https:\/\/uvbbrasil.com.br\/wp-content\/uploads\/2015\/11\/650x375_joelson-dias_1586713.jpg","articleSection":["UVB"],"inLanguage":"pt-BR","potentialAction":[{"@type":"CommentAction","name":"Comment","target":["https:\/\/uvbbrasil.com.br\/reforma-facilita-ilicitudes-diz-ex-ministro\/#respond"]}]},{"@type":"WebPage","@id":"https:\/\/uvbbrasil.com.br\/reforma-facilita-ilicitudes-diz-ex-ministro\/","url":"https:\/\/uvbbrasil.com.br\/reforma-facilita-ilicitudes-diz-ex-ministro\/","name":"Reforma facilita ilicitudes, diz ex-ministro - UVB Brasil","isPartOf":{"@id":"https:\/\/uvbbrasil.com.br\/#website"},"primaryImageOfPage":{"@id":"https:\/\/uvbbrasil.com.br\/reforma-facilita-ilicitudes-diz-ex-ministro\/#primaryimage"},"image":{"@id":"https:\/\/uvbbrasil.com.br\/reforma-facilita-ilicitudes-diz-ex-ministro\/#primaryimage"},"thumbnailUrl":"https:\/\/uvbbrasil.com.br\/wp-content\/uploads\/2015\/11\/650x375_joelson-dias_1586713.jpg","datePublished":"2015-11-26T01:45:35+00:00","breadcrumb":{"@id":"https:\/\/uvbbrasil.com.br\/reforma-facilita-ilicitudes-diz-ex-ministro\/#breadcrumb"},"inLanguage":"pt-BR","potentialAction":[{"@type":"ReadAction","target":["https:\/\/uvbbrasil.com.br\/reforma-facilita-ilicitudes-diz-ex-ministro\/"]}]},{"@type":"ImageObject","inLanguage":"pt-BR","@id":"https:\/\/uvbbrasil.com.br\/reforma-facilita-ilicitudes-diz-ex-ministro\/#primaryimage","url":"https:\/\/uvbbrasil.com.br\/wp-content\/uploads\/2015\/11\/650x375_joelson-dias_1586713.jpg","contentUrl":"https:\/\/uvbbrasil.com.br\/wp-content\/uploads\/2015\/11\/650x375_joelson-dias_1586713.jpg","width":650,"height":375},{"@type":"BreadcrumbList","@id":"https:\/\/uvbbrasil.com.br\/reforma-facilita-ilicitudes-diz-ex-ministro\/#breadcrumb","itemListElement":[{"@type":"ListItem","position":1,"name":"In\u00edcio","item":"https:\/\/uvbbrasil.com.br\/"},{"@type":"ListItem","position":2,"name":"Reforma facilita ilicitudes, diz ex-ministro"}]},{"@type":"WebSite","@id":"https:\/\/uvbbrasil.com.br\/#website","url":"https:\/\/uvbbrasil.com.br\/","name":"UVB Brasil","description":"Uni\u00e3o dos Vereadores do Brasil","publisher":{"@id":"https:\/\/uvbbrasil.com.br\/#organization"},"potentialAction":[{"@type":"SearchAction","target":{"@type":"EntryPoint","urlTemplate":"https:\/\/uvbbrasil.com.br\/?s={search_term_string}"},"query-input":{"@type":"PropertyValueSpecification","valueRequired":true,"valueName":"search_term_string"}}],"inLanguage":"pt-BR"},{"@type":"Organization","@id":"https:\/\/uvbbrasil.com.br\/#organization","name":"UVB Brasil","url":"https:\/\/uvbbrasil.com.br\/","logo":{"@type":"ImageObject","inLanguage":"pt-BR","@id":"https:\/\/uvbbrasil.com.br\/#\/schema\/logo\/image\/","url":"https:\/\/uvbbrasil.com.br\/wp-content\/uploads\/2025\/01\/LOGO-UVB-2024-azul-1.jpg","contentUrl":"https:\/\/uvbbrasil.com.br\/wp-content\/uploads\/2025\/01\/LOGO-UVB-2024-azul-1.jpg","width":600,"height":211,"caption":"UVB Brasil"},"image":{"@id":"https:\/\/uvbbrasil.com.br\/#\/schema\/logo\/image\/"},"sameAs":["https:\/\/www.facebook.com\/uvb.vereadoresbrasil","https:\/\/www.instagram.com\/uvbbrasil\/","https:\/\/www.youtube.com\/channel\/UCIlPQ8Xzw5GHNzosQIg9S5A"]},{"@type":"Person","@id":"https:\/\/uvbbrasil.com.br\/#\/schema\/person\/17990098446c098f52effddff4f1b272","name":"adminuvb","image":{"@type":"ImageObject","inLanguage":"pt-BR","@id":"https:\/\/secure.gravatar.com\/avatar\/1a494ea6f8e2dd1ae526e55b0e9497efdba542491e0620d704cccf63c6f77c45?s=96&d=mm&r=g","url":"https:\/\/secure.gravatar.com\/avatar\/1a494ea6f8e2dd1ae526e55b0e9497efdba542491e0620d704cccf63c6f77c45?s=96&d=mm&r=g","contentUrl":"https:\/\/secure.gravatar.com\/avatar\/1a494ea6f8e2dd1ae526e55b0e9497efdba542491e0620d704cccf63c6f77c45?s=96&d=mm&r=g","caption":"adminuvb"},"sameAs":["https:\/\/uvbbrasil.com.br"],"url":"https:\/\/uvbbrasil.com.br\/author\/adminuvb\/"}]}},"_links":{"self":[{"href":"https:\/\/uvbbrasil.com.br\/uvb-json\/wp\/v2\/posts\/2186","targetHints":{"allow":["GET"]}}],"collection":[{"href":"https:\/\/uvbbrasil.com.br\/uvb-json\/wp\/v2\/posts"}],"about":[{"href":"https:\/\/uvbbrasil.com.br\/uvb-json\/wp\/v2\/types\/post"}],"author":[{"embeddable":true,"href":"https:\/\/uvbbrasil.com.br\/uvb-json\/wp\/v2\/users\/1"}],"replies":[{"embeddable":true,"href":"https:\/\/uvbbrasil.com.br\/uvb-json\/wp\/v2\/comments?post=2186"}],"version-history":[{"count":0,"href":"https:\/\/uvbbrasil.com.br\/uvb-json\/wp\/v2\/posts\/2186\/revisions"}],"wp:featuredmedia":[{"embeddable":true,"href":"https:\/\/uvbbrasil.com.br\/uvb-json\/wp\/v2\/media\/2187"}],"wp:attachment":[{"href":"https:\/\/uvbbrasil.com.br\/uvb-json\/wp\/v2\/media?parent=2186"}],"wp:term":[{"taxonomy":"category","embeddable":true,"href":"https:\/\/uvbbrasil.com.br\/uvb-json\/wp\/v2\/categories?post=2186"},{"taxonomy":"post_tag","embeddable":true,"href":"https:\/\/uvbbrasil.com.br\/uvb-json\/wp\/v2\/tags?post=2186"}],"curies":[{"name":"wp","href":"https:\/\/api.w.org\/{rel}","templated":true}]}}