{"id":21843,"date":"2021-04-15T17:32:24","date_gmt":"2021-04-15T20:32:24","guid":{"rendered":"https:\/\/wpsandbox4.pante.com.br\/?p=21843"},"modified":"2021-04-15T17:32:24","modified_gmt":"2021-04-15T20:32:24","slug":"partidos-indicam-membros-para-cpi-da-covid","status":"publish","type":"post","link":"https:\/\/uvbbrasil.com.br\/partidos-indicam-membros-para-cpi-da-covid\/","title":{"rendered":"Partidos indicam membros para CPI da Covid"},"content":{"rendered":"\n<p><\/p>\n\n\n\n<p>Os blocos partid\u00e1rios do Senado apresentaram os nomes dos senadores indicados para compor a CPI da Covid. As indica\u00e7\u00f5es ainda precisam ser lidas em Plen\u00e1rio para serem confirmadas (e podem ser alteradas at\u00e9 que seja feita a leitura).<\/p>\n\n\n\n<p>O presidente do Senado, Rodrigo Pacheco, j\u00e1 pode marcar uma data para a primeira reuni\u00e3o da CPI, quando ser\u00e3o escolhidos, entre os membros titulares, o presidente e o relator da comiss\u00e3o.&nbsp;<a href=\"http:\/\/www12.senado.leg.br\/noticias\/materias\/2021\/04\/14\/primeira-reuniao-da-cpi-da-covid-sera-presencial-para-eleicao-do-presidente-diz-presidente-do-senado\">Esse encontro ser\u00e1 presencial<\/a>, mas a partir da\u00ed a comiss\u00e3o poder\u00e1 definir o formato dos seus trabalhos.<\/p>\n\n\n\n<figure class=\"wp-block-table\"><table><tbody><tr><td><strong>Os indicados s\u00e3o os seguintes senadores:&nbsp;<\/strong><\/td><\/tr><tr><td><strong>TITULARES<\/strong><\/td><\/tr><tr><td>Eduardo Braga(MDB-AM) &nbsp;Renan Calheiros (MDB-AL) Ciro Nogueira (PP-PI) Omar Aziz (PSD-AM) Otto Alencar (PSD-BA) Tasso Jereissati (PSDB-CE) Eduardo Gir\u00e3o (Podemos-CE) Marcos Rog\u00e9rio (DEM-RO) Jorginho Mello (PL-SC) Humberto Costa (PT-PE) &nbsp;Randolfe Rodrigues (Rede-AP)<\/td><\/tr><tr><td><strong>SUPLENTES<\/strong><\/td><\/tr><tr><td>Jader Barbalho (MDB-PA) Luis Carlos Heinze (PP-RS) Angelo Coronel (PSD-BA) Marcos do Val (Podemos-ES) Zequinha Marinho (PSC-PA) Rog\u00e9rio Carvalho (PT-SE) Alessandro Vieira (Cidadania-SE)<\/td><\/tr><\/tbody><\/table><\/figure>\n\n\n\n<p><small>Ag\u00eancia Senado (Reprodu\u00e7\u00e3o autorizada mediante cita\u00e7\u00e3o da Ag\u00eancia Senado)<\/small><\/p>\n\n\n\n<p>Fonte: Ag\u00eancia Senado<\/p>\n\n\n\n<figure class=\"wp-block-image size-large\"><img fetchpriority=\"high\" decoding=\"async\" width=\"860\" height=\"570\" src=\"https:\/\/uvbbrasil.com.br\/wp-content\/uploads\/2021\/04\/imagem_materia-20.jpg\" alt=\"\" class=\"wp-image-21844\" srcset=\"https:\/\/uvbbrasil.com.br\/wp-content\/uploads\/2021\/04\/imagem_materia-20.jpg 860w, https:\/\/uvbbrasil.com.br\/wp-content\/uploads\/2021\/04\/imagem_materia-20-300x199.jpg 300w, https:\/\/uvbbrasil.com.br\/wp-content\/uploads\/2021\/04\/imagem_materia-20-768x509.jpg 768w\" sizes=\"(max-width: 860px) 100vw, 860px\" \/><\/figure>\n\n\n\n<p><em>fonte<\/em>:h<em>ttps:\/\/www12.senado.leg.br\/noticias\/<\/em><\/p>\n","protected":false},"excerpt":{"rendered":"<p>Os blocos partid\u00e1rios do Senado apresentaram os nomes dos senadores indicados para compor a CPI da Covid. As indica\u00e7\u00f5es ainda&#8230;<\/p>\n","protected":false},"author":1,"featured_media":21844,"comment_status":"open","ping_status":"open","sticky":false,"template":"","format":"standard","meta":{"footnotes":""},"categories":[3],"tags":[],"class_list":["post-21843","post","type-post","status-publish","format-standard","has-post-thumbnail","hentry","category-noticias"],"yoast_head":"<!-- This site is optimized with the Yoast SEO plugin v26.7 - https:\/\/yoast.com\/wordpress\/plugins\/seo\/ -->\n<title>Partidos indicam membros para CPI da Covid - UVB Brasil<\/title>\n<meta name=\"robots\" content=\"index, follow, max-snippet:-1, max-image-preview:large, max-video-preview:-1\" \/>\n<link rel=\"canonical\" href=\"https:\/\/uvbbrasil.com.br\/partidos-indicam-membros-para-cpi-da-covid\/\" \/>\n<meta property=\"og:locale\" content=\"pt_BR\" \/>\n<meta property=\"og:type\" content=\"article\" \/>\n<meta property=\"og:title\" content=\"Partidos indicam membros para CPI da Covid - UVB Brasil\" \/>\n<meta property=\"og:description\" content=\"Os blocos partid\u00e1rios do Senado apresentaram os nomes dos senadores indicados para compor a CPI da Covid. As indica\u00e7\u00f5es ainda...\" \/>\n<meta property=\"og:url\" content=\"https:\/\/uvbbrasil.com.br\/partidos-indicam-membros-para-cpi-da-covid\/\" \/>\n<meta property=\"og:site_name\" content=\"UVB Brasil\" \/>\n<meta property=\"article:publisher\" content=\"https:\/\/www.facebook.com\/uvb.vereadoresbrasil\" \/>\n<meta property=\"article:published_time\" content=\"2021-04-15T20:32:24+00:00\" \/>\n<meta property=\"og:image\" content=\"https:\/\/uvbbrasil.com.br\/wp-content\/uploads\/2021\/04\/imagem_materia-20.jpg\" \/>\n\t<meta property=\"og:image:width\" content=\"860\" \/>\n\t<meta property=\"og:image:height\" content=\"570\" \/>\n\t<meta property=\"og:image:type\" content=\"image\/jpeg\" \/>\n<meta name=\"author\" content=\"adminuvb\" \/>\n<meta name=\"twitter:card\" content=\"summary_large_image\" \/>\n<meta name=\"twitter:label1\" content=\"Escrito por\" \/>\n\t<meta name=\"twitter:data1\" content=\"adminuvb\" \/>\n\t<meta name=\"twitter:label2\" content=\"Est. tempo de leitura\" \/>\n\t<meta name=\"twitter:data2\" content=\"1 minuto\" \/>\n<script type=\"application\/ld+json\" class=\"yoast-schema-graph\">{\"@context\":\"https:\/\/schema.org\",\"@graph\":[{\"@type\":\"Article\",\"@id\":\"https:\/\/uvbbrasil.com.br\/partidos-indicam-membros-para-cpi-da-covid\/#article\",\"isPartOf\":{\"@id\":\"https:\/\/uvbbrasil.com.br\/partidos-indicam-membros-para-cpi-da-covid\/\"},\"author\":{\"name\":\"adminuvb\",\"@id\":\"https:\/\/uvbbrasil.com.br\/#\/schema\/person\/17990098446c098f52effddff4f1b272\"},\"headline\":\"Partidos indicam membros para CPI da Covid\",\"datePublished\":\"2021-04-15T20:32:24+00:00\",\"mainEntityOfPage\":{\"@id\":\"https:\/\/uvbbrasil.com.br\/partidos-indicam-membros-para-cpi-da-covid\/\"},\"wordCount\":196,\"commentCount\":0,\"publisher\":{\"@id\":\"https:\/\/uvbbrasil.com.br\/#organization\"},\"image\":{\"@id\":\"https:\/\/uvbbrasil.com.br\/partidos-indicam-membros-para-cpi-da-covid\/#primaryimage\"},\"thumbnailUrl\":\"https:\/\/uvbbrasil.com.br\/wp-content\/uploads\/2021\/04\/imagem_materia-20.jpg\",\"articleSection\":[\"NOT\u00cdCIAS\"],\"inLanguage\":\"pt-BR\",\"potentialAction\":[{\"@type\":\"CommentAction\",\"name\":\"Comment\",\"target\":[\"https:\/\/uvbbrasil.com.br\/partidos-indicam-membros-para-cpi-da-covid\/#respond\"]}]},{\"@type\":\"WebPage\",\"@id\":\"https:\/\/uvbbrasil.com.br\/partidos-indicam-membros-para-cpi-da-covid\/\",\"url\":\"https:\/\/uvbbrasil.com.br\/partidos-indicam-membros-para-cpi-da-covid\/\",\"name\":\"Partidos indicam membros para CPI da Covid - UVB Brasil\",\"isPartOf\":{\"@id\":\"https:\/\/uvbbrasil.com.br\/#website\"},\"primaryImageOfPage\":{\"@id\":\"https:\/\/uvbbrasil.com.br\/partidos-indicam-membros-para-cpi-da-covid\/#primaryimage\"},\"image\":{\"@id\":\"https:\/\/uvbbrasil.com.br\/partidos-indicam-membros-para-cpi-da-covid\/#primaryimage\"},\"thumbnailUrl\":\"https:\/\/uvbbrasil.com.br\/wp-content\/uploads\/2021\/04\/imagem_materia-20.jpg\",\"datePublished\":\"2021-04-15T20:32:24+00:00\",\"breadcrumb\":{\"@id\":\"https:\/\/uvbbrasil.com.br\/partidos-indicam-membros-para-cpi-da-covid\/#breadcrumb\"},\"inLanguage\":\"pt-BR\",\"potentialAction\":[{\"@type\":\"ReadAction\",\"target\":[\"https:\/\/uvbbrasil.com.br\/partidos-indicam-membros-para-cpi-da-covid\/\"]}]},{\"@type\":\"ImageObject\",\"inLanguage\":\"pt-BR\",\"@id\":\"https:\/\/uvbbrasil.com.br\/partidos-indicam-membros-para-cpi-da-covid\/#primaryimage\",\"url\":\"https:\/\/uvbbrasil.com.br\/wp-content\/uploads\/2021\/04\/imagem_materia-20.jpg\",\"contentUrl\":\"https:\/\/uvbbrasil.com.br\/wp-content\/uploads\/2021\/04\/imagem_materia-20.jpg\",\"width\":860,\"height\":570},{\"@type\":\"BreadcrumbList\",\"@id\":\"https:\/\/uvbbrasil.com.br\/partidos-indicam-membros-para-cpi-da-covid\/#breadcrumb\",\"itemListElement\":[{\"@type\":\"ListItem\",\"position\":1,\"name\":\"In\u00edcio\",\"item\":\"https:\/\/uvbbrasil.com.br\/\"},{\"@type\":\"ListItem\",\"position\":2,\"name\":\"Partidos indicam membros para CPI da Covid\"}]},{\"@type\":\"WebSite\",\"@id\":\"https:\/\/uvbbrasil.com.br\/#website\",\"url\":\"https:\/\/uvbbrasil.com.br\/\",\"name\":\"UVB Brasil\",\"description\":\"Uni\u00e3o dos Vereadores do Brasil\",\"publisher\":{\"@id\":\"https:\/\/uvbbrasil.com.br\/#organization\"},\"potentialAction\":[{\"@type\":\"SearchAction\",\"target\":{\"@type\":\"EntryPoint\",\"urlTemplate\":\"https:\/\/uvbbrasil.com.br\/?s={search_term_string}\"},\"query-input\":{\"@type\":\"PropertyValueSpecification\",\"valueRequired\":true,\"valueName\":\"search_term_string\"}}],\"inLanguage\":\"pt-BR\"},{\"@type\":\"Organization\",\"@id\":\"https:\/\/uvbbrasil.com.br\/#organization\",\"name\":\"UVB Brasil\",\"url\":\"https:\/\/uvbbrasil.com.br\/\",\"logo\":{\"@type\":\"ImageObject\",\"inLanguage\":\"pt-BR\",\"@id\":\"https:\/\/uvbbrasil.com.br\/#\/schema\/logo\/image\/\",\"url\":\"https:\/\/uvbbrasil.com.br\/wp-content\/uploads\/2025\/01\/LOGO-UVB-2024-azul-1.jpg\",\"contentUrl\":\"https:\/\/uvbbrasil.com.br\/wp-content\/uploads\/2025\/01\/LOGO-UVB-2024-azul-1.jpg\",\"width\":600,\"height\":211,\"caption\":\"UVB Brasil\"},\"image\":{\"@id\":\"https:\/\/uvbbrasil.com.br\/#\/schema\/logo\/image\/\"},\"sameAs\":[\"https:\/\/www.facebook.com\/uvb.vereadoresbrasil\",\"https:\/\/www.instagram.com\/uvbbrasil\/\",\"https:\/\/www.youtube.com\/channel\/UCIlPQ8Xzw5GHNzosQIg9S5A\"]},{\"@type\":\"Person\",\"@id\":\"https:\/\/uvbbrasil.com.br\/#\/schema\/person\/17990098446c098f52effddff4f1b272\",\"name\":\"adminuvb\",\"image\":{\"@type\":\"ImageObject\",\"inLanguage\":\"pt-BR\",\"@id\":\"https:\/\/uvbbrasil.com.br\/#\/schema\/person\/image\/\",\"url\":\"https:\/\/secure.gravatar.com\/avatar\/1a494ea6f8e2dd1ae526e55b0e9497efdba542491e0620d704cccf63c6f77c45?s=96&d=mm&r=g\",\"contentUrl\":\"https:\/\/secure.gravatar.com\/avatar\/1a494ea6f8e2dd1ae526e55b0e9497efdba542491e0620d704cccf63c6f77c45?s=96&d=mm&r=g\",\"caption\":\"adminuvb\"},\"sameAs\":[\"https:\/\/uvbbrasil.com.br\"],\"url\":\"https:\/\/uvbbrasil.com.br\/author\/adminuvb\/\"}]}<\/script>\n<!-- \/ Yoast SEO plugin. -->","yoast_head_json":{"title":"Partidos indicam membros para CPI da Covid - UVB Brasil","robots":{"index":"index","follow":"follow","max-snippet":"max-snippet:-1","max-image-preview":"max-image-preview:large","max-video-preview":"max-video-preview:-1"},"canonical":"https:\/\/uvbbrasil.com.br\/partidos-indicam-membros-para-cpi-da-covid\/","og_locale":"pt_BR","og_type":"article","og_title":"Partidos indicam membros para CPI da Covid - UVB Brasil","og_description":"Os blocos partid\u00e1rios do Senado apresentaram os nomes dos senadores indicados para compor a CPI da Covid. As indica\u00e7\u00f5es ainda...","og_url":"https:\/\/uvbbrasil.com.br\/partidos-indicam-membros-para-cpi-da-covid\/","og_site_name":"UVB Brasil","article_publisher":"https:\/\/www.facebook.com\/uvb.vereadoresbrasil","article_published_time":"2021-04-15T20:32:24+00:00","og_image":[{"width":860,"height":570,"url":"https:\/\/uvbbrasil.com.br\/wp-content\/uploads\/2021\/04\/imagem_materia-20.jpg","type":"image\/jpeg"}],"author":"adminuvb","twitter_card":"summary_large_image","twitter_misc":{"Escrito por":"adminuvb","Est. tempo de leitura":"1 minuto"},"schema":{"@context":"https:\/\/schema.org","@graph":[{"@type":"Article","@id":"https:\/\/uvbbrasil.com.br\/partidos-indicam-membros-para-cpi-da-covid\/#article","isPartOf":{"@id":"https:\/\/uvbbrasil.com.br\/partidos-indicam-membros-para-cpi-da-covid\/"},"author":{"name":"adminuvb","@id":"https:\/\/uvbbrasil.com.br\/#\/schema\/person\/17990098446c098f52effddff4f1b272"},"headline":"Partidos indicam membros para CPI da Covid","datePublished":"2021-04-15T20:32:24+00:00","mainEntityOfPage":{"@id":"https:\/\/uvbbrasil.com.br\/partidos-indicam-membros-para-cpi-da-covid\/"},"wordCount":196,"commentCount":0,"publisher":{"@id":"https:\/\/uvbbrasil.com.br\/#organization"},"image":{"@id":"https:\/\/uvbbrasil.com.br\/partidos-indicam-membros-para-cpi-da-covid\/#primaryimage"},"thumbnailUrl":"https:\/\/uvbbrasil.com.br\/wp-content\/uploads\/2021\/04\/imagem_materia-20.jpg","articleSection":["NOT\u00cdCIAS"],"inLanguage":"pt-BR","potentialAction":[{"@type":"CommentAction","name":"Comment","target":["https:\/\/uvbbrasil.com.br\/partidos-indicam-membros-para-cpi-da-covid\/#respond"]}]},{"@type":"WebPage","@id":"https:\/\/uvbbrasil.com.br\/partidos-indicam-membros-para-cpi-da-covid\/","url":"https:\/\/uvbbrasil.com.br\/partidos-indicam-membros-para-cpi-da-covid\/","name":"Partidos indicam membros para CPI da Covid - UVB Brasil","isPartOf":{"@id":"https:\/\/uvbbrasil.com.br\/#website"},"primaryImageOfPage":{"@id":"https:\/\/uvbbrasil.com.br\/partidos-indicam-membros-para-cpi-da-covid\/#primaryimage"},"image":{"@id":"https:\/\/uvbbrasil.com.br\/partidos-indicam-membros-para-cpi-da-covid\/#primaryimage"},"thumbnailUrl":"https:\/\/uvbbrasil.com.br\/wp-content\/uploads\/2021\/04\/imagem_materia-20.jpg","datePublished":"2021-04-15T20:32:24+00:00","breadcrumb":{"@id":"https:\/\/uvbbrasil.com.br\/partidos-indicam-membros-para-cpi-da-covid\/#breadcrumb"},"inLanguage":"pt-BR","potentialAction":[{"@type":"ReadAction","target":["https:\/\/uvbbrasil.com.br\/partidos-indicam-membros-para-cpi-da-covid\/"]}]},{"@type":"ImageObject","inLanguage":"pt-BR","@id":"https:\/\/uvbbrasil.com.br\/partidos-indicam-membros-para-cpi-da-covid\/#primaryimage","url":"https:\/\/uvbbrasil.com.br\/wp-content\/uploads\/2021\/04\/imagem_materia-20.jpg","contentUrl":"https:\/\/uvbbrasil.com.br\/wp-content\/uploads\/2021\/04\/imagem_materia-20.jpg","width":860,"height":570},{"@type":"BreadcrumbList","@id":"https:\/\/uvbbrasil.com.br\/partidos-indicam-membros-para-cpi-da-covid\/#breadcrumb","itemListElement":[{"@type":"ListItem","position":1,"name":"In\u00edcio","item":"https:\/\/uvbbrasil.com.br\/"},{"@type":"ListItem","position":2,"name":"Partidos indicam membros para CPI da Covid"}]},{"@type":"WebSite","@id":"https:\/\/uvbbrasil.com.br\/#website","url":"https:\/\/uvbbrasil.com.br\/","name":"UVB Brasil","description":"Uni\u00e3o dos Vereadores do Brasil","publisher":{"@id":"https:\/\/uvbbrasil.com.br\/#organization"},"potentialAction":[{"@type":"SearchAction","target":{"@type":"EntryPoint","urlTemplate":"https:\/\/uvbbrasil.com.br\/?s={search_term_string}"},"query-input":{"@type":"PropertyValueSpecification","valueRequired":true,"valueName":"search_term_string"}}],"inLanguage":"pt-BR"},{"@type":"Organization","@id":"https:\/\/uvbbrasil.com.br\/#organization","name":"UVB Brasil","url":"https:\/\/uvbbrasil.com.br\/","logo":{"@type":"ImageObject","inLanguage":"pt-BR","@id":"https:\/\/uvbbrasil.com.br\/#\/schema\/logo\/image\/","url":"https:\/\/uvbbrasil.com.br\/wp-content\/uploads\/2025\/01\/LOGO-UVB-2024-azul-1.jpg","contentUrl":"https:\/\/uvbbrasil.com.br\/wp-content\/uploads\/2025\/01\/LOGO-UVB-2024-azul-1.jpg","width":600,"height":211,"caption":"UVB Brasil"},"image":{"@id":"https:\/\/uvbbrasil.com.br\/#\/schema\/logo\/image\/"},"sameAs":["https:\/\/www.facebook.com\/uvb.vereadoresbrasil","https:\/\/www.instagram.com\/uvbbrasil\/","https:\/\/www.youtube.com\/channel\/UCIlPQ8Xzw5GHNzosQIg9S5A"]},{"@type":"Person","@id":"https:\/\/uvbbrasil.com.br\/#\/schema\/person\/17990098446c098f52effddff4f1b272","name":"adminuvb","image":{"@type":"ImageObject","inLanguage":"pt-BR","@id":"https:\/\/uvbbrasil.com.br\/#\/schema\/person\/image\/","url":"https:\/\/secure.gravatar.com\/avatar\/1a494ea6f8e2dd1ae526e55b0e9497efdba542491e0620d704cccf63c6f77c45?s=96&d=mm&r=g","contentUrl":"https:\/\/secure.gravatar.com\/avatar\/1a494ea6f8e2dd1ae526e55b0e9497efdba542491e0620d704cccf63c6f77c45?s=96&d=mm&r=g","caption":"adminuvb"},"sameAs":["https:\/\/uvbbrasil.com.br"],"url":"https:\/\/uvbbrasil.com.br\/author\/adminuvb\/"}]}},"_links":{"self":[{"href":"https:\/\/uvbbrasil.com.br\/uvb-json\/wp\/v2\/posts\/21843","targetHints":{"allow":["GET"]}}],"collection":[{"href":"https:\/\/uvbbrasil.com.br\/uvb-json\/wp\/v2\/posts"}],"about":[{"href":"https:\/\/uvbbrasil.com.br\/uvb-json\/wp\/v2\/types\/post"}],"author":[{"embeddable":true,"href":"https:\/\/uvbbrasil.com.br\/uvb-json\/wp\/v2\/users\/1"}],"replies":[{"embeddable":true,"href":"https:\/\/uvbbrasil.com.br\/uvb-json\/wp\/v2\/comments?post=21843"}],"version-history":[{"count":0,"href":"https:\/\/uvbbrasil.com.br\/uvb-json\/wp\/v2\/posts\/21843\/revisions"}],"wp:featuredmedia":[{"embeddable":true,"href":"https:\/\/uvbbrasil.com.br\/uvb-json\/wp\/v2\/media\/21844"}],"wp:attachment":[{"href":"https:\/\/uvbbrasil.com.br\/uvb-json\/wp\/v2\/media?parent=21843"}],"wp:term":[{"taxonomy":"category","embeddable":true,"href":"https:\/\/uvbbrasil.com.br\/uvb-json\/wp\/v2\/categories?post=21843"},{"taxonomy":"post_tag","embeddable":true,"href":"https:\/\/uvbbrasil.com.br\/uvb-json\/wp\/v2\/tags?post=21843"}],"curies":[{"name":"wp","href":"https:\/\/api.w.org\/{rel}","templated":true}]}}