{"id":21838,"date":"2021-04-15T12:13:19","date_gmt":"2021-04-15T15:13:19","guid":{"rendered":"https:\/\/wpsandbox4.pante.com.br\/?p=21838"},"modified":"2021-04-15T12:13:19","modified_gmt":"2021-04-15T15:13:19","slug":"brasil-se-aproxima-de-25-milhoes-de-vacinados-mas-tem-desabastecimento","status":"publish","type":"post","link":"https:\/\/uvbbrasil.com.br\/brasil-se-aproxima-de-25-milhoes-de-vacinados-mas-tem-desabastecimento\/","title":{"rendered":"Brasil se aproxima de 25 milh\u00f5es de vacinados, mas tem desabastecimento"},"content":{"rendered":"\n<p>O Brasil superou a marca dos 24,9 milh\u00f5es de vacinados contra a covid-19 nesta quarta-feira (14). At\u00e9 o momento, 24.956.272 brasileiros receberam ao menos uma dose de imunizante, o correspondente a 11,79% da popula\u00e7\u00e3o nacional. O levantamento \u00e9 do cons\u00f3rcio de ve\u00edculos de imprensa do qual o&nbsp;<strong>UOL<\/strong>&nbsp;faz parte, com base nos dados fornecidos pelas secretarias estaduais de sa\u00fade.<\/p>\n\n\n\n<p>Por\u00e9m o pa\u00eds enfrenta desabastecimento de vacinas. Ao menos\u00a0<a href=\"http:\/\/noticias.uol.com.br\/saude\/ultimas-noticias\/redacao\/2021\/04\/14\/quatro-capitais-suspendem-vacinacao-com-1-dose-por-falta-de-doses.htm\">quatro capitais anunciaram a suspens\u00e3o<\/a>\u00a0da aplica\u00e7\u00e3o da primeira dose em virtude de problemas no estoque de imunizantes. S\u00e3o elas: Salvador, Curitiba, Jo\u00e3o Pessoa e Rio Branco.<\/p>\n\n\n\n<p>Nos \u00faltimos sete dias, morreram, em m\u00e9dia, 3.012 pessoas em decorr\u00eancia da covid-19 no pa\u00eds. Este \u00e9 o 84\u00ba dia consecutivo em que o \u00edndice fica acima de mil e o 5\u00ba dia consecutivo em que a m\u00e9dia permanece acima de 3 mil.<\/p>\n\n\n\n<p>A primeira dose de vacina foi aplicada em 523.208 pessoas nas \u00faltimas 24 horas. No mesmo per\u00edodo, outras 404.057 receberam a segunda dose.<\/p>\n\n\n\n<p>No total, as duas doses de imunizante foram aplicadas em 8.121.842 brasileiros, conforme a recomenda\u00e7\u00e3o dos laborat\u00f3rios respons\u00e1veis pela produ\u00e7\u00e3o da CoronaVac e da Oxford\/AstraZeneca. O n\u00famero equivale a somente 3,84% da popula\u00e7\u00e3o do pa\u00eds.<\/p>\n\n\n\n<p>O Rio Grande do Sul permanece na lideran\u00e7a entre os estados que, proporcionalmente, mais vacinaram seus habitantes com a primeira dose: 15,84% da popula\u00e7\u00e3o local.<\/p>\n\n\n\n<p>J\u00e1 o Mato Grosso do Sul aparece em primeiro entre aqueles que, em termos percentuais, mais aplicaram a segunda dose: 5,48% de seus habitantes.<\/p>\n\n\n\n<h2 class=\"wp-block-heading\">Quatro capitais interrompem aplica\u00e7\u00e3o da 1\u00aa dose<\/h2>\n\n\n\n<p>A escassez de doses de vacinas contra a covid-19 distribu\u00eddas para estados e munic\u00edpios j\u00e1 afeta a imuniza\u00e7\u00e3o com a primeira dose em ao menos quatro capitais do pa\u00eds. Salvador, Curitiba, Jo\u00e3o Pessoa e Rio Branco n\u00e3o tiveram novos vacinados com uma primeira dose hoje, j\u00e1 que a campanha foi suspensa para esse p\u00fablico nas capitais.<\/p>\n\n\n\n<p>A situa\u00e7\u00e3o \u00e9 pior em Jo\u00e3o Pessoa, \u00fanica capital que suspendeu ontem a imuniza\u00e7\u00e3o at\u00e9 com a segunda dose. A medida foi tomada ap\u00f3s a cidade registrar uma aglomera\u00e7\u00e3o de idosos \u00e0 procura da imuniza\u00e7\u00e3o no Espa\u00e7o Cultural Jos\u00e9 Lins do R\u00eago, mesmo ap\u00f3s a gest\u00e3o municipal tentar promover um processo de agendamento pr\u00e9vio.<\/p>\n\n\n\n<p>Assim como na cidade paraibana, o motivo para a suspens\u00e3o da aplica\u00e7\u00e3o da primeira dose em outras capitais \u00e9 a falta de estoque de doses da vacina CoronaVac e do imunizante da AstraZeneca\/Oxford, as \u00fanicas distribu\u00eddas no Brasil at\u00e9 o momento. A escassez maior \u00e9 da primeira, envasada pelo Instituto Butantan.<\/p>\n\n\n\n<h2 class=\"wp-block-heading\">Ve\u00edculos se unem pela informa\u00e7\u00e3o<\/h2>\n\n\n\n<p>Em resposta \u00e0 decis\u00e3o do governo&nbsp;<a href=\"https:\/\/noticias.uol.com.br\/politica\/governo-bolsonaro\/\">Jair Bolsonaro<\/a>&nbsp;de restringir o acesso a dados sobre a pandemia de covid-19, os ve\u00edculos de comunica\u00e7\u00e3o&nbsp;<strong>UOL<\/strong>, O Estado de S. Paulo, Folha de S.Paulo, O Globo, G1 e Extra formaram um cons\u00f3rcio para trabalhar de forma colaborativa para buscar as informa\u00e7\u00f5es necess\u00e1rias diretamente nas secretarias estaduais de Sa\u00fade das 27 unidades da Federa\u00e7\u00e3o.<\/p>\n\n\n\n<p>O governo federal, por meio do Minist\u00e9rio da Sa\u00fade, deveria ser a fonte natural desses n\u00fameros, mas atitudes de autoridades e do pr\u00f3prio presidente durante a pandemia colocam em d\u00favida a disponibilidade dos dados e sua precis\u00e3o.<\/p>\n\n\n\n<figure class=\"wp-block-image size-large\"><img fetchpriority=\"high\" decoding=\"async\" width=\"1024\" height=\"731\" src=\"https:\/\/uvbbrasil.com.br\/wp-content\/uploads\/2021\/04\/quais-cuidados-devem-ser-tomados-apos-a-vacinacao-contra-covid-19-1024x731.jpg\" alt=\"\" class=\"wp-image-21841\" srcset=\"https:\/\/uvbbrasil.com.br\/wp-content\/uploads\/2021\/04\/quais-cuidados-devem-ser-tomados-apos-a-vacinacao-contra-covid-19-1024x731.jpg 1024w, https:\/\/uvbbrasil.com.br\/wp-content\/uploads\/2021\/04\/quais-cuidados-devem-ser-tomados-apos-a-vacinacao-contra-covid-19-300x214.jpg 300w, https:\/\/uvbbrasil.com.br\/wp-content\/uploads\/2021\/04\/quais-cuidados-devem-ser-tomados-apos-a-vacinacao-contra-covid-19-768x548.jpg 768w, https:\/\/uvbbrasil.com.br\/wp-content\/uploads\/2021\/04\/quais-cuidados-devem-ser-tomados-apos-a-vacinacao-contra-covid-19.jpg 1500w\" sizes=\"(max-width: 1024px) 100vw, 1024px\" \/><\/figure>\n","protected":false},"excerpt":{"rendered":"<p>O Brasil superou a marca dos 24,9 milh\u00f5es de vacinados contra a covid-19 nesta quarta-feira (14). At\u00e9 o momento, 24.956.272&#8230;<\/p>\n","protected":false},"author":1,"featured_media":21841,"comment_status":"open","ping_status":"open","sticky":false,"template":"","format":"standard","meta":{"footnotes":""},"categories":[3],"tags":[],"class_list":["post-21838","post","type-post","status-publish","format-standard","has-post-thumbnail","hentry","category-noticias"],"yoast_head":"<!-- This site is optimized with the Yoast SEO plugin v26.7 - https:\/\/yoast.com\/wordpress\/plugins\/seo\/ -->\n<title>Brasil se aproxima de 25 milh\u00f5es de vacinados, mas tem desabastecimento - UVB Brasil<\/title>\n<meta name=\"robots\" content=\"index, follow, max-snippet:-1, max-image-preview:large, max-video-preview:-1\" \/>\n<link rel=\"canonical\" href=\"https:\/\/uvbbrasil.com.br\/brasil-se-aproxima-de-25-milhoes-de-vacinados-mas-tem-desabastecimento\/\" \/>\n<meta property=\"og:locale\" content=\"pt_BR\" \/>\n<meta property=\"og:type\" content=\"article\" \/>\n<meta property=\"og:title\" content=\"Brasil se aproxima de 25 milh\u00f5es de vacinados, mas tem desabastecimento - UVB Brasil\" \/>\n<meta property=\"og:description\" content=\"O Brasil superou a marca dos 24,9 milh\u00f5es de vacinados contra a covid-19 nesta quarta-feira (14). At\u00e9 o momento, 24.956.272...\" \/>\n<meta property=\"og:url\" content=\"https:\/\/uvbbrasil.com.br\/brasil-se-aproxima-de-25-milhoes-de-vacinados-mas-tem-desabastecimento\/\" \/>\n<meta property=\"og:site_name\" content=\"UVB Brasil\" \/>\n<meta property=\"article:publisher\" content=\"https:\/\/www.facebook.com\/uvb.vereadoresbrasil\" \/>\n<meta property=\"article:published_time\" content=\"2021-04-15T15:13:19+00:00\" \/>\n<meta property=\"og:image\" content=\"https:\/\/uvbbrasil.com.br\/wp-content\/uploads\/2021\/04\/quais-cuidados-devem-ser-tomados-apos-a-vacinacao-contra-covid-19.jpg\" \/>\n\t<meta property=\"og:image:width\" content=\"1500\" \/>\n\t<meta property=\"og:image:height\" content=\"1071\" \/>\n\t<meta property=\"og:image:type\" content=\"image\/jpeg\" \/>\n<meta name=\"author\" content=\"adminuvb\" \/>\n<meta name=\"twitter:card\" content=\"summary_large_image\" \/>\n<meta name=\"twitter:label1\" content=\"Escrito por\" \/>\n\t<meta name=\"twitter:data1\" content=\"adminuvb\" \/>\n\t<meta name=\"twitter:label2\" content=\"Est. tempo de leitura\" \/>\n\t<meta name=\"twitter:data2\" content=\"3 minutos\" \/>\n<script type=\"application\/ld+json\" class=\"yoast-schema-graph\">{\"@context\":\"https:\/\/schema.org\",\"@graph\":[{\"@type\":\"Article\",\"@id\":\"https:\/\/uvbbrasil.com.br\/brasil-se-aproxima-de-25-milhoes-de-vacinados-mas-tem-desabastecimento\/#article\",\"isPartOf\":{\"@id\":\"https:\/\/uvbbrasil.com.br\/brasil-se-aproxima-de-25-milhoes-de-vacinados-mas-tem-desabastecimento\/\"},\"author\":{\"name\":\"adminuvb\",\"@id\":\"https:\/\/uvbbrasil.com.br\/#\/schema\/person\/17990098446c098f52effddff4f1b272\"},\"headline\":\"Brasil se aproxima de 25 milh\u00f5es de vacinados, mas tem desabastecimento\",\"datePublished\":\"2021-04-15T15:13:19+00:00\",\"mainEntityOfPage\":{\"@id\":\"https:\/\/uvbbrasil.com.br\/brasil-se-aproxima-de-25-milhoes-de-vacinados-mas-tem-desabastecimento\/\"},\"wordCount\":575,\"commentCount\":0,\"publisher\":{\"@id\":\"https:\/\/uvbbrasil.com.br\/#organization\"},\"image\":{\"@id\":\"https:\/\/uvbbrasil.com.br\/brasil-se-aproxima-de-25-milhoes-de-vacinados-mas-tem-desabastecimento\/#primaryimage\"},\"thumbnailUrl\":\"https:\/\/uvbbrasil.com.br\/wp-content\/uploads\/2021\/04\/quais-cuidados-devem-ser-tomados-apos-a-vacinacao-contra-covid-19.jpg\",\"articleSection\":[\"NOT\u00cdCIAS\"],\"inLanguage\":\"pt-BR\",\"potentialAction\":[{\"@type\":\"CommentAction\",\"name\":\"Comment\",\"target\":[\"https:\/\/uvbbrasil.com.br\/brasil-se-aproxima-de-25-milhoes-de-vacinados-mas-tem-desabastecimento\/#respond\"]}]},{\"@type\":\"WebPage\",\"@id\":\"https:\/\/uvbbrasil.com.br\/brasil-se-aproxima-de-25-milhoes-de-vacinados-mas-tem-desabastecimento\/\",\"url\":\"https:\/\/uvbbrasil.com.br\/brasil-se-aproxima-de-25-milhoes-de-vacinados-mas-tem-desabastecimento\/\",\"name\":\"Brasil se aproxima de 25 milh\u00f5es de vacinados, mas tem desabastecimento - UVB Brasil\",\"isPartOf\":{\"@id\":\"https:\/\/uvbbrasil.com.br\/#website\"},\"primaryImageOfPage\":{\"@id\":\"https:\/\/uvbbrasil.com.br\/brasil-se-aproxima-de-25-milhoes-de-vacinados-mas-tem-desabastecimento\/#primaryimage\"},\"image\":{\"@id\":\"https:\/\/uvbbrasil.com.br\/brasil-se-aproxima-de-25-milhoes-de-vacinados-mas-tem-desabastecimento\/#primaryimage\"},\"thumbnailUrl\":\"https:\/\/uvbbrasil.com.br\/wp-content\/uploads\/2021\/04\/quais-cuidados-devem-ser-tomados-apos-a-vacinacao-contra-covid-19.jpg\",\"datePublished\":\"2021-04-15T15:13:19+00:00\",\"breadcrumb\":{\"@id\":\"https:\/\/uvbbrasil.com.br\/brasil-se-aproxima-de-25-milhoes-de-vacinados-mas-tem-desabastecimento\/#breadcrumb\"},\"inLanguage\":\"pt-BR\",\"potentialAction\":[{\"@type\":\"ReadAction\",\"target\":[\"https:\/\/uvbbrasil.com.br\/brasil-se-aproxima-de-25-milhoes-de-vacinados-mas-tem-desabastecimento\/\"]}]},{\"@type\":\"ImageObject\",\"inLanguage\":\"pt-BR\",\"@id\":\"https:\/\/uvbbrasil.com.br\/brasil-se-aproxima-de-25-milhoes-de-vacinados-mas-tem-desabastecimento\/#primaryimage\",\"url\":\"https:\/\/uvbbrasil.com.br\/wp-content\/uploads\/2021\/04\/quais-cuidados-devem-ser-tomados-apos-a-vacinacao-contra-covid-19.jpg\",\"contentUrl\":\"https:\/\/uvbbrasil.com.br\/wp-content\/uploads\/2021\/04\/quais-cuidados-devem-ser-tomados-apos-a-vacinacao-contra-covid-19.jpg\",\"width\":1500,\"height\":1071},{\"@type\":\"BreadcrumbList\",\"@id\":\"https:\/\/uvbbrasil.com.br\/brasil-se-aproxima-de-25-milhoes-de-vacinados-mas-tem-desabastecimento\/#breadcrumb\",\"itemListElement\":[{\"@type\":\"ListItem\",\"position\":1,\"name\":\"In\u00edcio\",\"item\":\"https:\/\/uvbbrasil.com.br\/\"},{\"@type\":\"ListItem\",\"position\":2,\"name\":\"Brasil se aproxima de 25 milh\u00f5es de vacinados, mas tem desabastecimento\"}]},{\"@type\":\"WebSite\",\"@id\":\"https:\/\/uvbbrasil.com.br\/#website\",\"url\":\"https:\/\/uvbbrasil.com.br\/\",\"name\":\"UVB Brasil\",\"description\":\"Uni\u00e3o dos Vereadores do Brasil\",\"publisher\":{\"@id\":\"https:\/\/uvbbrasil.com.br\/#organization\"},\"potentialAction\":[{\"@type\":\"SearchAction\",\"target\":{\"@type\":\"EntryPoint\",\"urlTemplate\":\"https:\/\/uvbbrasil.com.br\/?s={search_term_string}\"},\"query-input\":{\"@type\":\"PropertyValueSpecification\",\"valueRequired\":true,\"valueName\":\"search_term_string\"}}],\"inLanguage\":\"pt-BR\"},{\"@type\":\"Organization\",\"@id\":\"https:\/\/uvbbrasil.com.br\/#organization\",\"name\":\"UVB Brasil\",\"url\":\"https:\/\/uvbbrasil.com.br\/\",\"logo\":{\"@type\":\"ImageObject\",\"inLanguage\":\"pt-BR\",\"@id\":\"https:\/\/uvbbrasil.com.br\/#\/schema\/logo\/image\/\",\"url\":\"https:\/\/uvbbrasil.com.br\/wp-content\/uploads\/2025\/01\/LOGO-UVB-2024-azul-1.jpg\",\"contentUrl\":\"https:\/\/uvbbrasil.com.br\/wp-content\/uploads\/2025\/01\/LOGO-UVB-2024-azul-1.jpg\",\"width\":600,\"height\":211,\"caption\":\"UVB Brasil\"},\"image\":{\"@id\":\"https:\/\/uvbbrasil.com.br\/#\/schema\/logo\/image\/\"},\"sameAs\":[\"https:\/\/www.facebook.com\/uvb.vereadoresbrasil\",\"https:\/\/www.instagram.com\/uvbbrasil\/\",\"https:\/\/www.youtube.com\/channel\/UCIlPQ8Xzw5GHNzosQIg9S5A\"]},{\"@type\":\"Person\",\"@id\":\"https:\/\/uvbbrasil.com.br\/#\/schema\/person\/17990098446c098f52effddff4f1b272\",\"name\":\"adminuvb\",\"image\":{\"@type\":\"ImageObject\",\"inLanguage\":\"pt-BR\",\"@id\":\"https:\/\/uvbbrasil.com.br\/#\/schema\/person\/image\/\",\"url\":\"https:\/\/secure.gravatar.com\/avatar\/1a494ea6f8e2dd1ae526e55b0e9497efdba542491e0620d704cccf63c6f77c45?s=96&d=mm&r=g\",\"contentUrl\":\"https:\/\/secure.gravatar.com\/avatar\/1a494ea6f8e2dd1ae526e55b0e9497efdba542491e0620d704cccf63c6f77c45?s=96&d=mm&r=g\",\"caption\":\"adminuvb\"},\"sameAs\":[\"https:\/\/uvbbrasil.com.br\"],\"url\":\"https:\/\/uvbbrasil.com.br\/author\/adminuvb\/\"}]}<\/script>\n<!-- \/ Yoast SEO plugin. -->","yoast_head_json":{"title":"Brasil se aproxima de 25 milh\u00f5es de vacinados, mas tem desabastecimento - UVB Brasil","robots":{"index":"index","follow":"follow","max-snippet":"max-snippet:-1","max-image-preview":"max-image-preview:large","max-video-preview":"max-video-preview:-1"},"canonical":"https:\/\/uvbbrasil.com.br\/brasil-se-aproxima-de-25-milhoes-de-vacinados-mas-tem-desabastecimento\/","og_locale":"pt_BR","og_type":"article","og_title":"Brasil se aproxima de 25 milh\u00f5es de vacinados, mas tem desabastecimento - UVB Brasil","og_description":"O Brasil superou a marca dos 24,9 milh\u00f5es de vacinados contra a covid-19 nesta quarta-feira (14). At\u00e9 o momento, 24.956.272...","og_url":"https:\/\/uvbbrasil.com.br\/brasil-se-aproxima-de-25-milhoes-de-vacinados-mas-tem-desabastecimento\/","og_site_name":"UVB Brasil","article_publisher":"https:\/\/www.facebook.com\/uvb.vereadoresbrasil","article_published_time":"2021-04-15T15:13:19+00:00","og_image":[{"width":1500,"height":1071,"url":"https:\/\/uvbbrasil.com.br\/wp-content\/uploads\/2021\/04\/quais-cuidados-devem-ser-tomados-apos-a-vacinacao-contra-covid-19.jpg","type":"image\/jpeg"}],"author":"adminuvb","twitter_card":"summary_large_image","twitter_misc":{"Escrito por":"adminuvb","Est. tempo de leitura":"3 minutos"},"schema":{"@context":"https:\/\/schema.org","@graph":[{"@type":"Article","@id":"https:\/\/uvbbrasil.com.br\/brasil-se-aproxima-de-25-milhoes-de-vacinados-mas-tem-desabastecimento\/#article","isPartOf":{"@id":"https:\/\/uvbbrasil.com.br\/brasil-se-aproxima-de-25-milhoes-de-vacinados-mas-tem-desabastecimento\/"},"author":{"name":"adminuvb","@id":"https:\/\/uvbbrasil.com.br\/#\/schema\/person\/17990098446c098f52effddff4f1b272"},"headline":"Brasil se aproxima de 25 milh\u00f5es de vacinados, mas tem desabastecimento","datePublished":"2021-04-15T15:13:19+00:00","mainEntityOfPage":{"@id":"https:\/\/uvbbrasil.com.br\/brasil-se-aproxima-de-25-milhoes-de-vacinados-mas-tem-desabastecimento\/"},"wordCount":575,"commentCount":0,"publisher":{"@id":"https:\/\/uvbbrasil.com.br\/#organization"},"image":{"@id":"https:\/\/uvbbrasil.com.br\/brasil-se-aproxima-de-25-milhoes-de-vacinados-mas-tem-desabastecimento\/#primaryimage"},"thumbnailUrl":"https:\/\/uvbbrasil.com.br\/wp-content\/uploads\/2021\/04\/quais-cuidados-devem-ser-tomados-apos-a-vacinacao-contra-covid-19.jpg","articleSection":["NOT\u00cdCIAS"],"inLanguage":"pt-BR","potentialAction":[{"@type":"CommentAction","name":"Comment","target":["https:\/\/uvbbrasil.com.br\/brasil-se-aproxima-de-25-milhoes-de-vacinados-mas-tem-desabastecimento\/#respond"]}]},{"@type":"WebPage","@id":"https:\/\/uvbbrasil.com.br\/brasil-se-aproxima-de-25-milhoes-de-vacinados-mas-tem-desabastecimento\/","url":"https:\/\/uvbbrasil.com.br\/brasil-se-aproxima-de-25-milhoes-de-vacinados-mas-tem-desabastecimento\/","name":"Brasil se aproxima de 25 milh\u00f5es de vacinados, mas tem desabastecimento - UVB Brasil","isPartOf":{"@id":"https:\/\/uvbbrasil.com.br\/#website"},"primaryImageOfPage":{"@id":"https:\/\/uvbbrasil.com.br\/brasil-se-aproxima-de-25-milhoes-de-vacinados-mas-tem-desabastecimento\/#primaryimage"},"image":{"@id":"https:\/\/uvbbrasil.com.br\/brasil-se-aproxima-de-25-milhoes-de-vacinados-mas-tem-desabastecimento\/#primaryimage"},"thumbnailUrl":"https:\/\/uvbbrasil.com.br\/wp-content\/uploads\/2021\/04\/quais-cuidados-devem-ser-tomados-apos-a-vacinacao-contra-covid-19.jpg","datePublished":"2021-04-15T15:13:19+00:00","breadcrumb":{"@id":"https:\/\/uvbbrasil.com.br\/brasil-se-aproxima-de-25-milhoes-de-vacinados-mas-tem-desabastecimento\/#breadcrumb"},"inLanguage":"pt-BR","potentialAction":[{"@type":"ReadAction","target":["https:\/\/uvbbrasil.com.br\/brasil-se-aproxima-de-25-milhoes-de-vacinados-mas-tem-desabastecimento\/"]}]},{"@type":"ImageObject","inLanguage":"pt-BR","@id":"https:\/\/uvbbrasil.com.br\/brasil-se-aproxima-de-25-milhoes-de-vacinados-mas-tem-desabastecimento\/#primaryimage","url":"https:\/\/uvbbrasil.com.br\/wp-content\/uploads\/2021\/04\/quais-cuidados-devem-ser-tomados-apos-a-vacinacao-contra-covid-19.jpg","contentUrl":"https:\/\/uvbbrasil.com.br\/wp-content\/uploads\/2021\/04\/quais-cuidados-devem-ser-tomados-apos-a-vacinacao-contra-covid-19.jpg","width":1500,"height":1071},{"@type":"BreadcrumbList","@id":"https:\/\/uvbbrasil.com.br\/brasil-se-aproxima-de-25-milhoes-de-vacinados-mas-tem-desabastecimento\/#breadcrumb","itemListElement":[{"@type":"ListItem","position":1,"name":"In\u00edcio","item":"https:\/\/uvbbrasil.com.br\/"},{"@type":"ListItem","position":2,"name":"Brasil se aproxima de 25 milh\u00f5es de vacinados, mas tem desabastecimento"}]},{"@type":"WebSite","@id":"https:\/\/uvbbrasil.com.br\/#website","url":"https:\/\/uvbbrasil.com.br\/","name":"UVB Brasil","description":"Uni\u00e3o dos Vereadores do Brasil","publisher":{"@id":"https:\/\/uvbbrasil.com.br\/#organization"},"potentialAction":[{"@type":"SearchAction","target":{"@type":"EntryPoint","urlTemplate":"https:\/\/uvbbrasil.com.br\/?s={search_term_string}"},"query-input":{"@type":"PropertyValueSpecification","valueRequired":true,"valueName":"search_term_string"}}],"inLanguage":"pt-BR"},{"@type":"Organization","@id":"https:\/\/uvbbrasil.com.br\/#organization","name":"UVB Brasil","url":"https:\/\/uvbbrasil.com.br\/","logo":{"@type":"ImageObject","inLanguage":"pt-BR","@id":"https:\/\/uvbbrasil.com.br\/#\/schema\/logo\/image\/","url":"https:\/\/uvbbrasil.com.br\/wp-content\/uploads\/2025\/01\/LOGO-UVB-2024-azul-1.jpg","contentUrl":"https:\/\/uvbbrasil.com.br\/wp-content\/uploads\/2025\/01\/LOGO-UVB-2024-azul-1.jpg","width":600,"height":211,"caption":"UVB Brasil"},"image":{"@id":"https:\/\/uvbbrasil.com.br\/#\/schema\/logo\/image\/"},"sameAs":["https:\/\/www.facebook.com\/uvb.vereadoresbrasil","https:\/\/www.instagram.com\/uvbbrasil\/","https:\/\/www.youtube.com\/channel\/UCIlPQ8Xzw5GHNzosQIg9S5A"]},{"@type":"Person","@id":"https:\/\/uvbbrasil.com.br\/#\/schema\/person\/17990098446c098f52effddff4f1b272","name":"adminuvb","image":{"@type":"ImageObject","inLanguage":"pt-BR","@id":"https:\/\/uvbbrasil.com.br\/#\/schema\/person\/image\/","url":"https:\/\/secure.gravatar.com\/avatar\/1a494ea6f8e2dd1ae526e55b0e9497efdba542491e0620d704cccf63c6f77c45?s=96&d=mm&r=g","contentUrl":"https:\/\/secure.gravatar.com\/avatar\/1a494ea6f8e2dd1ae526e55b0e9497efdba542491e0620d704cccf63c6f77c45?s=96&d=mm&r=g","caption":"adminuvb"},"sameAs":["https:\/\/uvbbrasil.com.br"],"url":"https:\/\/uvbbrasil.com.br\/author\/adminuvb\/"}]}},"_links":{"self":[{"href":"https:\/\/uvbbrasil.com.br\/uvb-json\/wp\/v2\/posts\/21838","targetHints":{"allow":["GET"]}}],"collection":[{"href":"https:\/\/uvbbrasil.com.br\/uvb-json\/wp\/v2\/posts"}],"about":[{"href":"https:\/\/uvbbrasil.com.br\/uvb-json\/wp\/v2\/types\/post"}],"author":[{"embeddable":true,"href":"https:\/\/uvbbrasil.com.br\/uvb-json\/wp\/v2\/users\/1"}],"replies":[{"embeddable":true,"href":"https:\/\/uvbbrasil.com.br\/uvb-json\/wp\/v2\/comments?post=21838"}],"version-history":[{"count":0,"href":"https:\/\/uvbbrasil.com.br\/uvb-json\/wp\/v2\/posts\/21838\/revisions"}],"wp:featuredmedia":[{"embeddable":true,"href":"https:\/\/uvbbrasil.com.br\/uvb-json\/wp\/v2\/media\/21841"}],"wp:attachment":[{"href":"https:\/\/uvbbrasil.com.br\/uvb-json\/wp\/v2\/media?parent=21838"}],"wp:term":[{"taxonomy":"category","embeddable":true,"href":"https:\/\/uvbbrasil.com.br\/uvb-json\/wp\/v2\/categories?post=21838"},{"taxonomy":"post_tag","embeddable":true,"href":"https:\/\/uvbbrasil.com.br\/uvb-json\/wp\/v2\/tags?post=21838"}],"curies":[{"name":"wp","href":"https:\/\/api.w.org\/{rel}","templated":true}]}}