{"id":21734,"date":"2021-03-31T09:55:36","date_gmt":"2021-03-31T12:55:36","guid":{"rendered":"https:\/\/wpsandbox4.pante.com.br\/?p=21734"},"modified":"2021-03-31T09:55:36","modified_gmt":"2021-03-31T12:55:36","slug":"tse-encerra-acoes-que-homenagearam-as-mulheres-no-mes-de-marco","status":"publish","type":"post","link":"https:\/\/uvbbrasil.com.br\/tse-encerra-acoes-que-homenagearam-as-mulheres-no-mes-de-marco\/","title":{"rendered":"TSE encerra a\u00e7\u00f5es que homenagearam as mulheres no m\u00eas de mar\u00e7o"},"content":{"rendered":"\n<p>Iniciativa promoveu a reflex\u00e3o sobre mais participa\u00e7\u00e3o das mulheres na pol\u00edtica, entre outros temas<\/p>\n\n\n\n<p>Com o fim do m\u00eas de mar\u00e7o, o Tribunal Superior Eleitoral (TSE) encerra uma s\u00e9rie de iniciativas especiais que promoveu para marcar o Dia Internacional da Mulher, comemorado no dia 8. As a\u00e7\u00f5es foram destaque no Portal, nas redes sociais e nos canais de comunica\u00e7\u00e3o interna do Tribunal.<\/p>\n\n\n\n<p>Igualdade, viol\u00eancia, lideran\u00e7a e g\u00eanero foram os temas das&nbsp;<em>lives<\/em>&nbsp;semanais do \u201cMulheres Debatem\u201d. Transmitidas semanalmente no&nbsp;<a href=\"https:\/\/www.youtube.com\/channel\/UC1kilS1DdyYOEGItHPRukBw\">canal da Justi\u00e7a Eleitoral no YouTube<\/a>, os encontros abordaram temas relevantes, com a participa\u00e7\u00e3o de personalidades femininas. Sempre com media\u00e7\u00e3o da jornalista Petria Chaves e abertura do presidente do Tribunal, ministro Lu\u00eds Roberto Barroso.<\/p>\n\n\n\n<p><em><a href=\"https:\/\/youtu.be\/3dYJameQSQA\">Confira mat\u00e9ria no canal do TSE no YouTube<\/a><\/em>.<\/p>\n\n\n\n<p>Participaram dos encontros organizados pela&nbsp;<a href=\"https:\/\/www.justicaeleitoral.jus.br\/participa-mulher\/\">Comiss\u00e3o TSE Mulheres<\/a>: a ju\u00edza federal Adriana Cruz; a cientista pol\u00edtica Fl\u00e1via Biroli; a cofundadora e vice-presidente do Instituto Maria da Penha, Regina Barbosa; a modelo, atriz e ativista Luiza Brunet; a deputada federal Joenia Wapichana; a vereadora Duda Salabert; a empres\u00e1ria Luiza Helena Trajano; a professora e psic\u00f3loga Jaqueline de Jesus, e a escritora e fil\u00f3sofa Djamila Ribeiro.<\/p>\n\n\n\n<p>Na abertura do \u201cMulheres Debatem\u201d, o ministro Barroso ressaltou que a Justi\u00e7a Eleitoral continuar\u00e1 lutando para ampliar a inclus\u00e3o feminina na vida p\u00fablica e que combater\u00e1, com veem\u00eancia, a viol\u00eancia de g\u00eanero na pol\u00edtica. \u201c\u00c9 preciso aumentar a participa\u00e7\u00e3o feminina na esfera pol\u00edtica em nome da igualdade de g\u00eanero e do interesse da sociedade. \u00c9 esse equil\u00edbrio, com caracter\u00edsticas e virtudes masculinas e femininas, que faz o mundo ter a sua melhor vers\u00e3o\u201d, destacou ele.<\/p>\n\n\n\n<p>Nas \u00faltimas elei\u00e7\u00f5es, em 2020, foram eleitas 661 prefeitas (12,08%) contra 4.811 prefeitos (87,92%). J\u00e1 para as c\u00e2maras municipais, foram 9.138 vereadoras eleitas (16,04%) contra 47.851 vereadores (83,96%).<\/p>\n\n\n\n<p><strong>Reflex\u00e3o<\/strong><\/p>\n\n\n\n<p>&#8220;A Comiss\u00e3o ficou muito honrada pelo tempo dedicado pelas debatedoras e pelo ministro Barroso \u00e0 a\u00e7\u00e3o e, tamb\u00e9m, \u00e0quelas que participaram da a\u00e7\u00e3o interna Cine Debate. Essas iniciativas, assim como todas as outras, despertaram reflex\u00f5es incr\u00edveis sobre temas extremamente importantes. Ficamos muito felizes tamb\u00e9m pelo empenho das \u00e1reas do Tribunal que desenvolveram, em conjunto, as a\u00e7\u00f5es e pelo engajamento do p\u00fablico externo e interno nos chats das iniciativas&#8221;, afirmou a assessora da Presid\u00eancia e membro da Comiss\u00e3o Gestora de Pol\u00edtica de G\u00eanero, Julia Barcelos.<\/p>\n\n\n\n<p><strong>Cine Debate<\/strong><\/p>\n\n\n\n<p>O document\u00e1rio \u201cChega de Fiu Fiu\u201d, de Amanda Kamanchek Lemos e Fernanda Fraz\u00e3o, foi tema do Cine Debate deste m\u00eas, a\u00e7\u00e3o do TSE que, por meio de filmes, traz \u00e0 luz temas relevantes para serem debatidos. O evento virtual contou com a participa\u00e7\u00e3o de servidoras, colaboradoras e das debatedoras Thais Zschiechang, coordenadora do Coletivo Delibera Brasil, e Paula Bernadelli, integrante da Academia Brasileira de Direito Eleitoral e Pol\u00edtico (Abradep), al\u00e9m de J\u00falia. No filme, usando c\u00e2meras escondidas, tr\u00eas corajosas mulheres registram como o ass\u00e9dio sexual ainda \u00e9 praticado em espa\u00e7os p\u00fablicos de grandes capitais, como S\u00e3o Paulo, Bras\u00edlia e Salvador.<\/p>\n\n\n\n<p><strong>Luta coletiva<\/strong><\/p>\n\n\n\n<p>Hist\u00f3rias de servidoras e colaboradoras, com trajet\u00f3rias interessantes e que ajudam a desenvolver a Justi\u00e7a Eleitoral, foram divulgadas em mat\u00e9rias especiais no Portal do TSE. Em uma das publica\u00e7\u00f5es, a secret\u00e1ria-geral da Presid\u00eancia do TSE, Aline Osorio, falou sobre dos desafios da lideran\u00e7a feminina. Para ela, al\u00e9m da luta interna, a mulher enfrenta barreiras externas com rela\u00e7\u00e3o a quem est\u00e1 \u00e0 sua volta. \u201cIsso \u00e9, na verdade, uma luta de afirma\u00e7\u00e3o pela sua pr\u00f3pria capacidade e compet\u00eancia. No entanto, n\u00e3o \u00e9 preciso criar estere\u00f3tipos de g\u00eanero para lidar com essa diversidade natural das formas de lideran\u00e7a\u201d, disse.<\/p>\n\n\n\n<p>Sobre o tema viol\u00eancia, a secret\u00e1ria de Gest\u00e3o de Pessoas do TSE, Ana Cl\u00e1udia Mendon\u00e7a, lembrou que o Tribunal tem se empenhado para incluir entre os servidores e colaboradores a tem\u00e1tica de enfrentamento da viol\u00eancia contra a mulher em todas as suas atividades. \u201cNesse assunto, n\u00e3o existe luta de mulher contra homem. O que h\u00e1 \u00e9 uma luta coletiva da sociedade contra a viol\u00eancia feminina\u201d, destacou.<\/p>\n\n\n\n<p>Para Ana Karinne Siqueira, analista e coordenadora de Solu\u00e7\u00f5es Corporativas da Secretaria de Tecnologia da Informa\u00e7\u00e3o do TSE, h\u00e1 25 anos do Tribunal, \u201c\u00e9 pela postura e pelo conhecimento que a mulher ganha cada vez mais seu espa\u00e7o\u201d. J\u00e1 a servidora Eliane Alves, da Secretaria de Gest\u00e3o de Pessoas do TSE, refor\u00e7ou que a meta deve ser sempre a igualdade. \u201cPrecisamos dar passos mais largos para a igualdade nos ambientes coletivos e, em especial, no local de trabalho, onde as pessoas passam boa parte do seu dia\u201d, acrescentou.<\/p>\n\n\n\n<p>MM\/CM, DM<\/p>\n\n\n\n<figure class=\"wp-block-image size-large\"><img fetchpriority=\"high\" decoding=\"async\" width=\"543\" height=\"263\" src=\"https:\/\/uvbbrasil.com.br\/wp-content\/uploads\/2021\/03\/9c9fb111-21c6-4430-9e4c-a0b27626ff3a.jpeg\" alt=\"\" class=\"wp-image-21735\" srcset=\"https:\/\/uvbbrasil.com.br\/wp-content\/uploads\/2021\/03\/9c9fb111-21c6-4430-9e4c-a0b27626ff3a.jpeg 543w, https:\/\/uvbbrasil.com.br\/wp-content\/uploads\/2021\/03\/9c9fb111-21c6-4430-9e4c-a0b27626ff3a-300x145.jpeg 300w\" sizes=\"(max-width: 543px) 100vw, 543px\" \/><\/figure>\n\n\n\n<p><\/p>\n\n\n\n<p><em>fonte<\/em>:https:\/\/www.tse.jus.br\/imprensa\/noticias-tse<\/p>\n","protected":false},"excerpt":{"rendered":"<p>Iniciativa promoveu a reflex\u00e3o sobre mais participa\u00e7\u00e3o das mulheres na pol\u00edtica, entre outros temas Com o fim do m\u00eas de&#8230;<\/p>\n","protected":false},"author":1,"featured_media":21735,"comment_status":"open","ping_status":"open","sticky":false,"template":"","format":"standard","meta":{"footnotes":""},"categories":[3],"tags":[],"class_list":["post-21734","post","type-post","status-publish","format-standard","has-post-thumbnail","hentry","category-noticias"],"yoast_head":"<!-- This site is optimized with the Yoast SEO plugin v26.7 - https:\/\/yoast.com\/wordpress\/plugins\/seo\/ -->\n<title>TSE encerra a\u00e7\u00f5es que homenagearam as mulheres no m\u00eas de mar\u00e7o - UVB Brasil<\/title>\n<meta name=\"robots\" content=\"index, follow, max-snippet:-1, max-image-preview:large, max-video-preview:-1\" \/>\n<link rel=\"canonical\" href=\"https:\/\/uvbbrasil.com.br\/tse-encerra-acoes-que-homenagearam-as-mulheres-no-mes-de-marco\/\" \/>\n<meta property=\"og:locale\" content=\"pt_BR\" \/>\n<meta property=\"og:type\" content=\"article\" \/>\n<meta property=\"og:title\" content=\"TSE encerra a\u00e7\u00f5es que homenagearam as mulheres no m\u00eas de mar\u00e7o - UVB Brasil\" \/>\n<meta property=\"og:description\" content=\"Iniciativa promoveu a reflex\u00e3o sobre mais participa\u00e7\u00e3o das mulheres na pol\u00edtica, entre outros temas Com o fim do m\u00eas de...\" \/>\n<meta property=\"og:url\" content=\"https:\/\/uvbbrasil.com.br\/tse-encerra-acoes-que-homenagearam-as-mulheres-no-mes-de-marco\/\" \/>\n<meta property=\"og:site_name\" content=\"UVB Brasil\" \/>\n<meta property=\"article:publisher\" content=\"https:\/\/www.facebook.com\/uvb.vereadoresbrasil\" \/>\n<meta property=\"article:published_time\" content=\"2021-03-31T12:55:36+00:00\" \/>\n<meta property=\"og:image\" content=\"https:\/\/uvbbrasil.com.br\/wp-content\/uploads\/2021\/03\/9c9fb111-21c6-4430-9e4c-a0b27626ff3a.jpeg\" \/>\n\t<meta property=\"og:image:width\" content=\"543\" \/>\n\t<meta property=\"og:image:height\" content=\"263\" \/>\n\t<meta property=\"og:image:type\" content=\"image\/jpeg\" \/>\n<meta name=\"author\" content=\"adminuvb\" \/>\n<meta name=\"twitter:card\" content=\"summary_large_image\" \/>\n<meta name=\"twitter:label1\" content=\"Escrito por\" \/>\n\t<meta name=\"twitter:data1\" content=\"adminuvb\" \/>\n\t<meta name=\"twitter:label2\" content=\"Est. tempo de leitura\" \/>\n\t<meta name=\"twitter:data2\" content=\"4 minutos\" \/>\n<script type=\"application\/ld+json\" class=\"yoast-schema-graph\">{\"@context\":\"https:\/\/schema.org\",\"@graph\":[{\"@type\":\"Article\",\"@id\":\"https:\/\/uvbbrasil.com.br\/tse-encerra-acoes-que-homenagearam-as-mulheres-no-mes-de-marco\/#article\",\"isPartOf\":{\"@id\":\"https:\/\/uvbbrasil.com.br\/tse-encerra-acoes-que-homenagearam-as-mulheres-no-mes-de-marco\/\"},\"author\":{\"name\":\"adminuvb\",\"@id\":\"https:\/\/uvbbrasil.com.br\/#\/schema\/person\/17990098446c098f52effddff4f1b272\"},\"headline\":\"TSE encerra a\u00e7\u00f5es que homenagearam as mulheres no m\u00eas de mar\u00e7o\",\"datePublished\":\"2021-03-31T12:55:36+00:00\",\"mainEntityOfPage\":{\"@id\":\"https:\/\/uvbbrasil.com.br\/tse-encerra-acoes-que-homenagearam-as-mulheres-no-mes-de-marco\/\"},\"wordCount\":834,\"commentCount\":0,\"publisher\":{\"@id\":\"https:\/\/uvbbrasil.com.br\/#organization\"},\"image\":{\"@id\":\"https:\/\/uvbbrasil.com.br\/tse-encerra-acoes-que-homenagearam-as-mulheres-no-mes-de-marco\/#primaryimage\"},\"thumbnailUrl\":\"https:\/\/uvbbrasil.com.br\/wp-content\/uploads\/2021\/03\/9c9fb111-21c6-4430-9e4c-a0b27626ff3a.jpeg\",\"articleSection\":[\"NOT\u00cdCIAS\"],\"inLanguage\":\"pt-BR\",\"potentialAction\":[{\"@type\":\"CommentAction\",\"name\":\"Comment\",\"target\":[\"https:\/\/uvbbrasil.com.br\/tse-encerra-acoes-que-homenagearam-as-mulheres-no-mes-de-marco\/#respond\"]}]},{\"@type\":\"WebPage\",\"@id\":\"https:\/\/uvbbrasil.com.br\/tse-encerra-acoes-que-homenagearam-as-mulheres-no-mes-de-marco\/\",\"url\":\"https:\/\/uvbbrasil.com.br\/tse-encerra-acoes-que-homenagearam-as-mulheres-no-mes-de-marco\/\",\"name\":\"TSE encerra a\u00e7\u00f5es que homenagearam as mulheres no m\u00eas de mar\u00e7o - UVB Brasil\",\"isPartOf\":{\"@id\":\"https:\/\/uvbbrasil.com.br\/#website\"},\"primaryImageOfPage\":{\"@id\":\"https:\/\/uvbbrasil.com.br\/tse-encerra-acoes-que-homenagearam-as-mulheres-no-mes-de-marco\/#primaryimage\"},\"image\":{\"@id\":\"https:\/\/uvbbrasil.com.br\/tse-encerra-acoes-que-homenagearam-as-mulheres-no-mes-de-marco\/#primaryimage\"},\"thumbnailUrl\":\"https:\/\/uvbbrasil.com.br\/wp-content\/uploads\/2021\/03\/9c9fb111-21c6-4430-9e4c-a0b27626ff3a.jpeg\",\"datePublished\":\"2021-03-31T12:55:36+00:00\",\"breadcrumb\":{\"@id\":\"https:\/\/uvbbrasil.com.br\/tse-encerra-acoes-que-homenagearam-as-mulheres-no-mes-de-marco\/#breadcrumb\"},\"inLanguage\":\"pt-BR\",\"potentialAction\":[{\"@type\":\"ReadAction\",\"target\":[\"https:\/\/uvbbrasil.com.br\/tse-encerra-acoes-que-homenagearam-as-mulheres-no-mes-de-marco\/\"]}]},{\"@type\":\"ImageObject\",\"inLanguage\":\"pt-BR\",\"@id\":\"https:\/\/uvbbrasil.com.br\/tse-encerra-acoes-que-homenagearam-as-mulheres-no-mes-de-marco\/#primaryimage\",\"url\":\"https:\/\/uvbbrasil.com.br\/wp-content\/uploads\/2021\/03\/9c9fb111-21c6-4430-9e4c-a0b27626ff3a.jpeg\",\"contentUrl\":\"https:\/\/uvbbrasil.com.br\/wp-content\/uploads\/2021\/03\/9c9fb111-21c6-4430-9e4c-a0b27626ff3a.jpeg\",\"width\":543,\"height\":263},{\"@type\":\"BreadcrumbList\",\"@id\":\"https:\/\/uvbbrasil.com.br\/tse-encerra-acoes-que-homenagearam-as-mulheres-no-mes-de-marco\/#breadcrumb\",\"itemListElement\":[{\"@type\":\"ListItem\",\"position\":1,\"name\":\"In\u00edcio\",\"item\":\"https:\/\/uvbbrasil.com.br\/\"},{\"@type\":\"ListItem\",\"position\":2,\"name\":\"TSE encerra a\u00e7\u00f5es que homenagearam as mulheres no m\u00eas de mar\u00e7o\"}]},{\"@type\":\"WebSite\",\"@id\":\"https:\/\/uvbbrasil.com.br\/#website\",\"url\":\"https:\/\/uvbbrasil.com.br\/\",\"name\":\"UVB Brasil\",\"description\":\"Uni\u00e3o dos Vereadores do Brasil\",\"publisher\":{\"@id\":\"https:\/\/uvbbrasil.com.br\/#organization\"},\"potentialAction\":[{\"@type\":\"SearchAction\",\"target\":{\"@type\":\"EntryPoint\",\"urlTemplate\":\"https:\/\/uvbbrasil.com.br\/?s={search_term_string}\"},\"query-input\":{\"@type\":\"PropertyValueSpecification\",\"valueRequired\":true,\"valueName\":\"search_term_string\"}}],\"inLanguage\":\"pt-BR\"},{\"@type\":\"Organization\",\"@id\":\"https:\/\/uvbbrasil.com.br\/#organization\",\"name\":\"UVB Brasil\",\"url\":\"https:\/\/uvbbrasil.com.br\/\",\"logo\":{\"@type\":\"ImageObject\",\"inLanguage\":\"pt-BR\",\"@id\":\"https:\/\/uvbbrasil.com.br\/#\/schema\/logo\/image\/\",\"url\":\"https:\/\/uvbbrasil.com.br\/wp-content\/uploads\/2025\/01\/LOGO-UVB-2024-azul-1.jpg\",\"contentUrl\":\"https:\/\/uvbbrasil.com.br\/wp-content\/uploads\/2025\/01\/LOGO-UVB-2024-azul-1.jpg\",\"width\":600,\"height\":211,\"caption\":\"UVB Brasil\"},\"image\":{\"@id\":\"https:\/\/uvbbrasil.com.br\/#\/schema\/logo\/image\/\"},\"sameAs\":[\"https:\/\/www.facebook.com\/uvb.vereadoresbrasil\",\"https:\/\/www.instagram.com\/uvbbrasil\/\",\"https:\/\/www.youtube.com\/channel\/UCIlPQ8Xzw5GHNzosQIg9S5A\"]},{\"@type\":\"Person\",\"@id\":\"https:\/\/uvbbrasil.com.br\/#\/schema\/person\/17990098446c098f52effddff4f1b272\",\"name\":\"adminuvb\",\"image\":{\"@type\":\"ImageObject\",\"inLanguage\":\"pt-BR\",\"@id\":\"https:\/\/uvbbrasil.com.br\/#\/schema\/person\/image\/\",\"url\":\"https:\/\/secure.gravatar.com\/avatar\/1a494ea6f8e2dd1ae526e55b0e9497efdba542491e0620d704cccf63c6f77c45?s=96&d=mm&r=g\",\"contentUrl\":\"https:\/\/secure.gravatar.com\/avatar\/1a494ea6f8e2dd1ae526e55b0e9497efdba542491e0620d704cccf63c6f77c45?s=96&d=mm&r=g\",\"caption\":\"adminuvb\"},\"sameAs\":[\"https:\/\/uvbbrasil.com.br\"],\"url\":\"https:\/\/uvbbrasil.com.br\/author\/adminuvb\/\"}]}<\/script>\n<!-- \/ Yoast SEO plugin. -->","yoast_head_json":{"title":"TSE encerra a\u00e7\u00f5es que homenagearam as mulheres no m\u00eas de mar\u00e7o - UVB Brasil","robots":{"index":"index","follow":"follow","max-snippet":"max-snippet:-1","max-image-preview":"max-image-preview:large","max-video-preview":"max-video-preview:-1"},"canonical":"https:\/\/uvbbrasil.com.br\/tse-encerra-acoes-que-homenagearam-as-mulheres-no-mes-de-marco\/","og_locale":"pt_BR","og_type":"article","og_title":"TSE encerra a\u00e7\u00f5es que homenagearam as mulheres no m\u00eas de mar\u00e7o - UVB Brasil","og_description":"Iniciativa promoveu a reflex\u00e3o sobre mais participa\u00e7\u00e3o das mulheres na pol\u00edtica, entre outros temas Com o fim do m\u00eas de...","og_url":"https:\/\/uvbbrasil.com.br\/tse-encerra-acoes-que-homenagearam-as-mulheres-no-mes-de-marco\/","og_site_name":"UVB Brasil","article_publisher":"https:\/\/www.facebook.com\/uvb.vereadoresbrasil","article_published_time":"2021-03-31T12:55:36+00:00","og_image":[{"width":543,"height":263,"url":"https:\/\/uvbbrasil.com.br\/wp-content\/uploads\/2021\/03\/9c9fb111-21c6-4430-9e4c-a0b27626ff3a.jpeg","type":"image\/jpeg"}],"author":"adminuvb","twitter_card":"summary_large_image","twitter_misc":{"Escrito por":"adminuvb","Est. tempo de leitura":"4 minutos"},"schema":{"@context":"https:\/\/schema.org","@graph":[{"@type":"Article","@id":"https:\/\/uvbbrasil.com.br\/tse-encerra-acoes-que-homenagearam-as-mulheres-no-mes-de-marco\/#article","isPartOf":{"@id":"https:\/\/uvbbrasil.com.br\/tse-encerra-acoes-que-homenagearam-as-mulheres-no-mes-de-marco\/"},"author":{"name":"adminuvb","@id":"https:\/\/uvbbrasil.com.br\/#\/schema\/person\/17990098446c098f52effddff4f1b272"},"headline":"TSE encerra a\u00e7\u00f5es que homenagearam as mulheres no m\u00eas de mar\u00e7o","datePublished":"2021-03-31T12:55:36+00:00","mainEntityOfPage":{"@id":"https:\/\/uvbbrasil.com.br\/tse-encerra-acoes-que-homenagearam-as-mulheres-no-mes-de-marco\/"},"wordCount":834,"commentCount":0,"publisher":{"@id":"https:\/\/uvbbrasil.com.br\/#organization"},"image":{"@id":"https:\/\/uvbbrasil.com.br\/tse-encerra-acoes-que-homenagearam-as-mulheres-no-mes-de-marco\/#primaryimage"},"thumbnailUrl":"https:\/\/uvbbrasil.com.br\/wp-content\/uploads\/2021\/03\/9c9fb111-21c6-4430-9e4c-a0b27626ff3a.jpeg","articleSection":["NOT\u00cdCIAS"],"inLanguage":"pt-BR","potentialAction":[{"@type":"CommentAction","name":"Comment","target":["https:\/\/uvbbrasil.com.br\/tse-encerra-acoes-que-homenagearam-as-mulheres-no-mes-de-marco\/#respond"]}]},{"@type":"WebPage","@id":"https:\/\/uvbbrasil.com.br\/tse-encerra-acoes-que-homenagearam-as-mulheres-no-mes-de-marco\/","url":"https:\/\/uvbbrasil.com.br\/tse-encerra-acoes-que-homenagearam-as-mulheres-no-mes-de-marco\/","name":"TSE encerra a\u00e7\u00f5es que homenagearam as mulheres no m\u00eas de mar\u00e7o - UVB Brasil","isPartOf":{"@id":"https:\/\/uvbbrasil.com.br\/#website"},"primaryImageOfPage":{"@id":"https:\/\/uvbbrasil.com.br\/tse-encerra-acoes-que-homenagearam-as-mulheres-no-mes-de-marco\/#primaryimage"},"image":{"@id":"https:\/\/uvbbrasil.com.br\/tse-encerra-acoes-que-homenagearam-as-mulheres-no-mes-de-marco\/#primaryimage"},"thumbnailUrl":"https:\/\/uvbbrasil.com.br\/wp-content\/uploads\/2021\/03\/9c9fb111-21c6-4430-9e4c-a0b27626ff3a.jpeg","datePublished":"2021-03-31T12:55:36+00:00","breadcrumb":{"@id":"https:\/\/uvbbrasil.com.br\/tse-encerra-acoes-que-homenagearam-as-mulheres-no-mes-de-marco\/#breadcrumb"},"inLanguage":"pt-BR","potentialAction":[{"@type":"ReadAction","target":["https:\/\/uvbbrasil.com.br\/tse-encerra-acoes-que-homenagearam-as-mulheres-no-mes-de-marco\/"]}]},{"@type":"ImageObject","inLanguage":"pt-BR","@id":"https:\/\/uvbbrasil.com.br\/tse-encerra-acoes-que-homenagearam-as-mulheres-no-mes-de-marco\/#primaryimage","url":"https:\/\/uvbbrasil.com.br\/wp-content\/uploads\/2021\/03\/9c9fb111-21c6-4430-9e4c-a0b27626ff3a.jpeg","contentUrl":"https:\/\/uvbbrasil.com.br\/wp-content\/uploads\/2021\/03\/9c9fb111-21c6-4430-9e4c-a0b27626ff3a.jpeg","width":543,"height":263},{"@type":"BreadcrumbList","@id":"https:\/\/uvbbrasil.com.br\/tse-encerra-acoes-que-homenagearam-as-mulheres-no-mes-de-marco\/#breadcrumb","itemListElement":[{"@type":"ListItem","position":1,"name":"In\u00edcio","item":"https:\/\/uvbbrasil.com.br\/"},{"@type":"ListItem","position":2,"name":"TSE encerra a\u00e7\u00f5es que homenagearam as mulheres no m\u00eas de mar\u00e7o"}]},{"@type":"WebSite","@id":"https:\/\/uvbbrasil.com.br\/#website","url":"https:\/\/uvbbrasil.com.br\/","name":"UVB Brasil","description":"Uni\u00e3o dos Vereadores do Brasil","publisher":{"@id":"https:\/\/uvbbrasil.com.br\/#organization"},"potentialAction":[{"@type":"SearchAction","target":{"@type":"EntryPoint","urlTemplate":"https:\/\/uvbbrasil.com.br\/?s={search_term_string}"},"query-input":{"@type":"PropertyValueSpecification","valueRequired":true,"valueName":"search_term_string"}}],"inLanguage":"pt-BR"},{"@type":"Organization","@id":"https:\/\/uvbbrasil.com.br\/#organization","name":"UVB Brasil","url":"https:\/\/uvbbrasil.com.br\/","logo":{"@type":"ImageObject","inLanguage":"pt-BR","@id":"https:\/\/uvbbrasil.com.br\/#\/schema\/logo\/image\/","url":"https:\/\/uvbbrasil.com.br\/wp-content\/uploads\/2025\/01\/LOGO-UVB-2024-azul-1.jpg","contentUrl":"https:\/\/uvbbrasil.com.br\/wp-content\/uploads\/2025\/01\/LOGO-UVB-2024-azul-1.jpg","width":600,"height":211,"caption":"UVB Brasil"},"image":{"@id":"https:\/\/uvbbrasil.com.br\/#\/schema\/logo\/image\/"},"sameAs":["https:\/\/www.facebook.com\/uvb.vereadoresbrasil","https:\/\/www.instagram.com\/uvbbrasil\/","https:\/\/www.youtube.com\/channel\/UCIlPQ8Xzw5GHNzosQIg9S5A"]},{"@type":"Person","@id":"https:\/\/uvbbrasil.com.br\/#\/schema\/person\/17990098446c098f52effddff4f1b272","name":"adminuvb","image":{"@type":"ImageObject","inLanguage":"pt-BR","@id":"https:\/\/uvbbrasil.com.br\/#\/schema\/person\/image\/","url":"https:\/\/secure.gravatar.com\/avatar\/1a494ea6f8e2dd1ae526e55b0e9497efdba542491e0620d704cccf63c6f77c45?s=96&d=mm&r=g","contentUrl":"https:\/\/secure.gravatar.com\/avatar\/1a494ea6f8e2dd1ae526e55b0e9497efdba542491e0620d704cccf63c6f77c45?s=96&d=mm&r=g","caption":"adminuvb"},"sameAs":["https:\/\/uvbbrasil.com.br"],"url":"https:\/\/uvbbrasil.com.br\/author\/adminuvb\/"}]}},"_links":{"self":[{"href":"https:\/\/uvbbrasil.com.br\/uvb-json\/wp\/v2\/posts\/21734","targetHints":{"allow":["GET"]}}],"collection":[{"href":"https:\/\/uvbbrasil.com.br\/uvb-json\/wp\/v2\/posts"}],"about":[{"href":"https:\/\/uvbbrasil.com.br\/uvb-json\/wp\/v2\/types\/post"}],"author":[{"embeddable":true,"href":"https:\/\/uvbbrasil.com.br\/uvb-json\/wp\/v2\/users\/1"}],"replies":[{"embeddable":true,"href":"https:\/\/uvbbrasil.com.br\/uvb-json\/wp\/v2\/comments?post=21734"}],"version-history":[{"count":0,"href":"https:\/\/uvbbrasil.com.br\/uvb-json\/wp\/v2\/posts\/21734\/revisions"}],"wp:featuredmedia":[{"embeddable":true,"href":"https:\/\/uvbbrasil.com.br\/uvb-json\/wp\/v2\/media\/21735"}],"wp:attachment":[{"href":"https:\/\/uvbbrasil.com.br\/uvb-json\/wp\/v2\/media?parent=21734"}],"wp:term":[{"taxonomy":"category","embeddable":true,"href":"https:\/\/uvbbrasil.com.br\/uvb-json\/wp\/v2\/categories?post=21734"},{"taxonomy":"post_tag","embeddable":true,"href":"https:\/\/uvbbrasil.com.br\/uvb-json\/wp\/v2\/tags?post=21734"}],"curies":[{"name":"wp","href":"https:\/\/api.w.org\/{rel}","templated":true}]}}