{"id":2151,"date":"2015-11-25T16:52:28","date_gmt":"2015-11-25T18:52:28","guid":{"rendered":"https:\/\/wpsandbox4.pante.com.br\/?p=2151"},"modified":"2015-11-25T16:52:28","modified_gmt":"2015-11-25T18:52:28","slug":"congresso-de-salvador-discute-meio-ambiente-municipalismo-e-reforma-politica","status":"publish","type":"post","link":"https:\/\/uvbbrasil.com.br\/congresso-de-salvador-discute-meio-ambiente-municipalismo-e-reforma-politica\/","title":{"rendered":"Congresso de Salvador discute Meio Ambiente, Municipalismo e Reforma Pol\u00edtica"},"content":{"rendered":"<p>O Congresso Brasileiro de Vereadores realizado em Salvador pela UVB, levou ao Nordeste temas que est\u00e3o sendo protagonistas na pol\u00edtica brasileira neste momento.<\/p>\n<p>O Ministro do TSE Joelson Dias ( no Tribunal de 2013\/2014) discorreu sobre a quest\u00e3o do calend\u00e1rio eleitoral de 2016, o contradit\u00f3rio que poder\u00e1 ser levado em conta pelos TREs e TSE, afetando o planejamento das campanhas e crit\u00e9rios de decis\u00e3o de como fazer a estrat\u00e9gia e condu\u00e7\u00e3o.<\/p>\n<p>A percep\u00e7\u00e3o geral \u00e9 que o foco municipal passa a ser mais e mais importante para o pa\u00eds. Afinal, o Brasil passa por um cen\u00e1rio econ\u00f4mico muito dif\u00edcil e com tens\u00f5es sociais. Cada vez mais o cidad\u00e3o exige melhorias no seu ambiente de vida, no seu espa\u00e7o geogr\u00e1fico, que \u00e9 a cidade.<\/p>\n<p>Por isso no Congresso temas como meio ambiente e educa\u00e7\u00e3o tamb\u00e9m estiveram presentes. S\u00e3o segmentos de pol\u00edticas p\u00fablicas que cada vez ganham mais e mais espa\u00e7o, sendo requisitadas melhorias urgentes.<\/p>\n<p>Com este clima de cidadania urgente por parte da sociedade, os Vereadores passam a ser os alvos mais pr\u00f3ximas de um sistema pol\u00edtico que ainda apresenta alguns v\u00edcios ou reflexos de disfun\u00e7\u00f5es da chamada presta\u00e7\u00e3o de servi\u00e7os da m\u00e1quina p\u00fablica.<\/p>\n<p>Congressos como este da UVB tem feito um papel fundamental de fomentar a conscientiza\u00e7\u00e3o e politiza\u00e7\u00e3o dos parlamentares municipais. S\u00e3o grandes oportunidades de trocarem experi\u00eancias e de terem contato com palestrantes especialistas, de alto gabarito.<\/p>\n<p>&nbsp;<\/p>\n<p>Veja aqui alguns momentos do evento:<\/p>\n<p><a href=\"https:\/\/uvbbrasil.com.br\/wp-content\/uploads\/2015\/11\/SAL1.jpg\"><img fetchpriority=\"high\" decoding=\"async\" class=\"aligncenter size-medium wp-image-2153\" src=\"https:\/\/uvbbrasil.com.br\/wp-content\/uploads\/2015\/11\/SAL1-300x200.jpg\" alt=\"SAL1\" width=\"300\" height=\"200\" srcset=\"https:\/\/uvbbrasil.com.br\/wp-content\/uploads\/2015\/11\/SAL1-300x200.jpg 300w, https:\/\/uvbbrasil.com.br\/wp-content\/uploads\/2015\/11\/SAL1-1024x684.jpg 1024w, https:\/\/uvbbrasil.com.br\/wp-content\/uploads\/2015\/11\/SAL1-768x513.jpg 768w, https:\/\/uvbbrasil.com.br\/wp-content\/uploads\/2015\/11\/SAL1-1536x1025.jpg 1536w, https:\/\/uvbbrasil.com.br\/wp-content\/uploads\/2015\/11\/SAL1-2048x1367.jpg 2048w\" sizes=\"(max-width: 300px) 100vw, 300px\" \/><\/a> <a href=\"https:\/\/uvbbrasil.com.br\/wp-content\/uploads\/2015\/11\/SAL3.jpg\"><img decoding=\"async\" class=\"aligncenter size-medium wp-image-2154\" src=\"https:\/\/uvbbrasil.com.br\/wp-content\/uploads\/2015\/11\/SAL3-300x200.jpg\" alt=\"SAL3\" width=\"300\" height=\"200\" srcset=\"https:\/\/uvbbrasil.com.br\/wp-content\/uploads\/2015\/11\/SAL3-300x200.jpg 300w, https:\/\/uvbbrasil.com.br\/wp-content\/uploads\/2015\/11\/SAL3-1024x684.jpg 1024w, https:\/\/uvbbrasil.com.br\/wp-content\/uploads\/2015\/11\/SAL3-768x513.jpg 768w, https:\/\/uvbbrasil.com.br\/wp-content\/uploads\/2015\/11\/SAL3-1536x1025.jpg 1536w, https:\/\/uvbbrasil.com.br\/wp-content\/uploads\/2015\/11\/SAL3-2048x1367.jpg 2048w\" sizes=\"(max-width: 300px) 100vw, 300px\" \/><\/a> <a href=\"https:\/\/uvbbrasil.com.br\/wp-content\/uploads\/2015\/11\/SAL4.jpg\"><img decoding=\"async\" class=\"aligncenter size-medium wp-image-2155\" src=\"https:\/\/uvbbrasil.com.br\/wp-content\/uploads\/2015\/11\/SAL4-300x200.jpg\" alt=\"SAL4\" width=\"300\" height=\"200\" srcset=\"https:\/\/uvbbrasil.com.br\/wp-content\/uploads\/2015\/11\/SAL4-300x200.jpg 300w, https:\/\/uvbbrasil.com.br\/wp-content\/uploads\/2015\/11\/SAL4-1024x684.jpg 1024w, https:\/\/uvbbrasil.com.br\/wp-content\/uploads\/2015\/11\/SAL4-768x513.jpg 768w, https:\/\/uvbbrasil.com.br\/wp-content\/uploads\/2015\/11\/SAL4-1536x1025.jpg 1536w, https:\/\/uvbbrasil.com.br\/wp-content\/uploads\/2015\/11\/SAL4-2048x1367.jpg 2048w\" sizes=\"(max-width: 300px) 100vw, 300px\" \/><\/a> <a href=\"https:\/\/uvbbrasil.com.br\/wp-content\/uploads\/2015\/11\/SAL5.jpg\"><img loading=\"lazy\" decoding=\"async\" class=\"aligncenter size-medium wp-image-2156\" src=\"https:\/\/uvbbrasil.com.br\/wp-content\/uploads\/2015\/11\/SAL5-300x200.jpg\" alt=\"SAL5\" width=\"300\" height=\"200\" srcset=\"https:\/\/uvbbrasil.com.br\/wp-content\/uploads\/2015\/11\/SAL5-300x200.jpg 300w, https:\/\/uvbbrasil.com.br\/wp-content\/uploads\/2015\/11\/SAL5-1024x684.jpg 1024w, https:\/\/uvbbrasil.com.br\/wp-content\/uploads\/2015\/11\/SAL5-768x513.jpg 768w, https:\/\/uvbbrasil.com.br\/wp-content\/uploads\/2015\/11\/SAL5-1536x1025.jpg 1536w, https:\/\/uvbbrasil.com.br\/wp-content\/uploads\/2015\/11\/SAL5-2048x1367.jpg 2048w\" sizes=\"(max-width: 300px) 100vw, 300px\" \/><\/a> <a href=\"https:\/\/uvbbrasil.com.br\/wp-content\/uploads\/2015\/11\/SAL6.jpg\"><img loading=\"lazy\" decoding=\"async\" class=\"aligncenter size-medium wp-image-2157\" src=\"https:\/\/uvbbrasil.com.br\/wp-content\/uploads\/2015\/11\/SAL6-300x200.jpg\" alt=\"SAL6\" width=\"300\" height=\"200\" srcset=\"https:\/\/uvbbrasil.com.br\/wp-content\/uploads\/2015\/11\/SAL6-300x200.jpg 300w, https:\/\/uvbbrasil.com.br\/wp-content\/uploads\/2015\/11\/SAL6-1024x684.jpg 1024w, https:\/\/uvbbrasil.com.br\/wp-content\/uploads\/2015\/11\/SAL6-768x513.jpg 768w, https:\/\/uvbbrasil.com.br\/wp-content\/uploads\/2015\/11\/SAL6-1536x1025.jpg 1536w, https:\/\/uvbbrasil.com.br\/wp-content\/uploads\/2015\/11\/SAL6-2048x1367.jpg 2048w\" sizes=\"(max-width: 300px) 100vw, 300px\" \/><\/a> <a href=\"https:\/\/uvbbrasil.com.br\/wp-content\/uploads\/2015\/11\/SAL71.jpg\"><img loading=\"lazy\" decoding=\"async\" class=\"aligncenter size-medium wp-image-2158\" src=\"https:\/\/uvbbrasil.com.br\/wp-content\/uploads\/2015\/11\/SAL71-300x200.jpg\" alt=\"SAL7\" width=\"300\" height=\"200\" srcset=\"https:\/\/uvbbrasil.com.br\/wp-content\/uploads\/2015\/11\/SAL71-300x200.jpg 300w, https:\/\/uvbbrasil.com.br\/wp-content\/uploads\/2015\/11\/SAL71-1024x684.jpg 1024w, https:\/\/uvbbrasil.com.br\/wp-content\/uploads\/2015\/11\/SAL71-768x513.jpg 768w, https:\/\/uvbbrasil.com.br\/wp-content\/uploads\/2015\/11\/SAL71-1536x1025.jpg 1536w, https:\/\/uvbbrasil.com.br\/wp-content\/uploads\/2015\/11\/SAL71-2048x1367.jpg 2048w\" sizes=\"(max-width: 300px) 100vw, 300px\" \/><\/a><br \/>\n<a href=\"https:\/\/uvbbrasil.com.br\/wp-content\/uploads\/2015\/11\/SAL9.jpg\"><img loading=\"lazy\" decoding=\"async\" class=\"aligncenter size-medium wp-image-2160\" src=\"https:\/\/uvbbrasil.com.br\/wp-content\/uploads\/2015\/11\/SAL9-300x200.jpg\" alt=\"SAL9\" width=\"300\" height=\"200\" srcset=\"https:\/\/uvbbrasil.com.br\/wp-content\/uploads\/2015\/11\/SAL9-300x200.jpg 300w, https:\/\/uvbbrasil.com.br\/wp-content\/uploads\/2015\/11\/SAL9-768x513.jpg 768w, https:\/\/uvbbrasil.com.br\/wp-content\/uploads\/2015\/11\/SAL9.jpg 783w\" sizes=\"(max-width: 300px) 100vw, 300px\" \/><\/a> <a href=\"https:\/\/uvbbrasil.com.br\/wp-content\/uploads\/2015\/11\/SAL10.jpg\"><img loading=\"lazy\" decoding=\"async\" class=\"aligncenter size-medium wp-image-2161\" src=\"https:\/\/uvbbrasil.com.br\/wp-content\/uploads\/2015\/11\/SAL10-300x200.jpg\" alt=\"SAL10\" width=\"300\" height=\"200\" srcset=\"https:\/\/uvbbrasil.com.br\/wp-content\/uploads\/2015\/11\/SAL10-300x200.jpg 300w, https:\/\/uvbbrasil.com.br\/wp-content\/uploads\/2015\/11\/SAL10-1024x684.jpg 1024w, https:\/\/uvbbrasil.com.br\/wp-content\/uploads\/2015\/11\/SAL10-768x513.jpg 768w, https:\/\/uvbbrasil.com.br\/wp-content\/uploads\/2015\/11\/SAL10-1536x1025.jpg 1536w, https:\/\/uvbbrasil.com.br\/wp-content\/uploads\/2015\/11\/SAL10-2048x1367.jpg 2048w\" sizes=\"(max-width: 300px) 100vw, 300px\" \/><\/a><\/p>\n<p>&nbsp;<\/p>\n<p>&nbsp;<\/p>\n<p>&nbsp;<\/p>\n","protected":false},"excerpt":{"rendered":"<p>O Congresso Brasileiro de Vereadores realizado em Salvador pela UVB, levou ao Nordeste temas que est\u00e3o sendo protagonistas na pol\u00edtica&#8230;<\/p>\n","protected":false},"author":1,"featured_media":2152,"comment_status":"open","ping_status":"open","sticky":false,"template":"","format":"standard","meta":{"footnotes":""},"categories":[4],"tags":[],"class_list":["post-2151","post","type-post","status-publish","format-standard","has-post-thumbnail","hentry","category-home"],"yoast_head":"<!-- This site is optimized with the Yoast SEO plugin v27.5 - https:\/\/yoast.com\/product\/yoast-seo-wordpress\/ -->\n<title>Congresso de Salvador discute Meio Ambiente, Municipalismo e Reforma Pol\u00edtica - UVB Brasil<\/title>\n<meta name=\"robots\" content=\"index, follow, max-snippet:-1, max-image-preview:large, max-video-preview:-1\" \/>\n<link rel=\"canonical\" href=\"https:\/\/uvbbrasil.com.br\/congresso-de-salvador-discute-meio-ambiente-municipalismo-e-reforma-politica\/\" \/>\n<meta property=\"og:locale\" content=\"pt_BR\" \/>\n<meta property=\"og:type\" content=\"article\" \/>\n<meta property=\"og:title\" content=\"Congresso de Salvador discute Meio Ambiente, Municipalismo e Reforma Pol\u00edtica - UVB Brasil\" \/>\n<meta property=\"og:description\" content=\"O Congresso Brasileiro de Vereadores realizado em Salvador pela UVB, levou ao Nordeste temas que est\u00e3o sendo protagonistas na pol\u00edtica...\" \/>\n<meta property=\"og:url\" content=\"https:\/\/uvbbrasil.com.br\/congresso-de-salvador-discute-meio-ambiente-municipalismo-e-reforma-politica\/\" \/>\n<meta property=\"og:site_name\" content=\"UVB Brasil\" \/>\n<meta property=\"article:publisher\" content=\"https:\/\/www.facebook.com\/uvb.vereadoresbrasil\" \/>\n<meta property=\"article:published_time\" content=\"2015-11-25T18:52:28+00:00\" \/>\n<meta property=\"og:image\" content=\"https:\/\/uvbbrasil.com.br\/wp-content\/uploads\/2015\/11\/SAL7-scaled.jpg\" \/>\n\t<meta property=\"og:image:width\" content=\"2560\" \/>\n\t<meta property=\"og:image:height\" content=\"1709\" \/>\n\t<meta property=\"og:image:type\" content=\"image\/jpeg\" \/>\n<meta name=\"author\" content=\"adminuvb\" \/>\n<meta name=\"twitter:card\" content=\"summary_large_image\" \/>\n<meta name=\"twitter:label1\" content=\"Escrito por\" \/>\n\t<meta name=\"twitter:data1\" content=\"adminuvb\" \/>\n\t<meta name=\"twitter:label2\" content=\"Est. tempo de leitura\" \/>\n\t<meta name=\"twitter:data2\" content=\"1 minuto\" \/>\n<script type=\"application\/ld+json\" class=\"yoast-schema-graph\">{\"@context\":\"https:\\\/\\\/schema.org\",\"@graph\":[{\"@type\":\"Article\",\"@id\":\"https:\\\/\\\/uvbbrasil.com.br\\\/congresso-de-salvador-discute-meio-ambiente-municipalismo-e-reforma-politica\\\/#article\",\"isPartOf\":{\"@id\":\"https:\\\/\\\/uvbbrasil.com.br\\\/congresso-de-salvador-discute-meio-ambiente-municipalismo-e-reforma-politica\\\/\"},\"author\":{\"name\":\"adminuvb\",\"@id\":\"https:\\\/\\\/uvbbrasil.com.br\\\/#\\\/schema\\\/person\\\/17990098446c098f52effddff4f1b272\"},\"headline\":\"Congresso de Salvador discute Meio Ambiente, Municipalismo e Reforma Pol\u00edtica\",\"datePublished\":\"2015-11-25T18:52:28+00:00\",\"mainEntityOfPage\":{\"@id\":\"https:\\\/\\\/uvbbrasil.com.br\\\/congresso-de-salvador-discute-meio-ambiente-municipalismo-e-reforma-politica\\\/\"},\"wordCount\":280,\"commentCount\":0,\"publisher\":{\"@id\":\"https:\\\/\\\/uvbbrasil.com.br\\\/#organization\"},\"image\":{\"@id\":\"https:\\\/\\\/uvbbrasil.com.br\\\/congresso-de-salvador-discute-meio-ambiente-municipalismo-e-reforma-politica\\\/#primaryimage\"},\"thumbnailUrl\":\"https:\\\/\\\/uvbbrasil.com.br\\\/wp-content\\\/uploads\\\/2015\\\/11\\\/SAL7-scaled.jpg\",\"articleSection\":[\"UVB\"],\"inLanguage\":\"pt-BR\",\"potentialAction\":[{\"@type\":\"CommentAction\",\"name\":\"Comment\",\"target\":[\"https:\\\/\\\/uvbbrasil.com.br\\\/congresso-de-salvador-discute-meio-ambiente-municipalismo-e-reforma-politica\\\/#respond\"]}]},{\"@type\":\"WebPage\",\"@id\":\"https:\\\/\\\/uvbbrasil.com.br\\\/congresso-de-salvador-discute-meio-ambiente-municipalismo-e-reforma-politica\\\/\",\"url\":\"https:\\\/\\\/uvbbrasil.com.br\\\/congresso-de-salvador-discute-meio-ambiente-municipalismo-e-reforma-politica\\\/\",\"name\":\"Congresso de Salvador discute Meio Ambiente, Municipalismo e Reforma Pol\u00edtica - UVB Brasil\",\"isPartOf\":{\"@id\":\"https:\\\/\\\/uvbbrasil.com.br\\\/#website\"},\"primaryImageOfPage\":{\"@id\":\"https:\\\/\\\/uvbbrasil.com.br\\\/congresso-de-salvador-discute-meio-ambiente-municipalismo-e-reforma-politica\\\/#primaryimage\"},\"image\":{\"@id\":\"https:\\\/\\\/uvbbrasil.com.br\\\/congresso-de-salvador-discute-meio-ambiente-municipalismo-e-reforma-politica\\\/#primaryimage\"},\"thumbnailUrl\":\"https:\\\/\\\/uvbbrasil.com.br\\\/wp-content\\\/uploads\\\/2015\\\/11\\\/SAL7-scaled.jpg\",\"datePublished\":\"2015-11-25T18:52:28+00:00\",\"breadcrumb\":{\"@id\":\"https:\\\/\\\/uvbbrasil.com.br\\\/congresso-de-salvador-discute-meio-ambiente-municipalismo-e-reforma-politica\\\/#breadcrumb\"},\"inLanguage\":\"pt-BR\",\"potentialAction\":[{\"@type\":\"ReadAction\",\"target\":[\"https:\\\/\\\/uvbbrasil.com.br\\\/congresso-de-salvador-discute-meio-ambiente-municipalismo-e-reforma-politica\\\/\"]}]},{\"@type\":\"ImageObject\",\"inLanguage\":\"pt-BR\",\"@id\":\"https:\\\/\\\/uvbbrasil.com.br\\\/congresso-de-salvador-discute-meio-ambiente-municipalismo-e-reforma-politica\\\/#primaryimage\",\"url\":\"https:\\\/\\\/uvbbrasil.com.br\\\/wp-content\\\/uploads\\\/2015\\\/11\\\/SAL7-scaled.jpg\",\"contentUrl\":\"https:\\\/\\\/uvbbrasil.com.br\\\/wp-content\\\/uploads\\\/2015\\\/11\\\/SAL7-scaled.jpg\",\"width\":2560,\"height\":1709},{\"@type\":\"BreadcrumbList\",\"@id\":\"https:\\\/\\\/uvbbrasil.com.br\\\/congresso-de-salvador-discute-meio-ambiente-municipalismo-e-reforma-politica\\\/#breadcrumb\",\"itemListElement\":[{\"@type\":\"ListItem\",\"position\":1,\"name\":\"In\u00edcio\",\"item\":\"https:\\\/\\\/uvbbrasil.com.br\\\/\"},{\"@type\":\"ListItem\",\"position\":2,\"name\":\"Congresso de Salvador discute Meio Ambiente, Municipalismo e Reforma Pol\u00edtica\"}]},{\"@type\":\"WebSite\",\"@id\":\"https:\\\/\\\/uvbbrasil.com.br\\\/#website\",\"url\":\"https:\\\/\\\/uvbbrasil.com.br\\\/\",\"name\":\"UVB Brasil\",\"description\":\"Uni\u00e3o dos Vereadores do Brasil\",\"publisher\":{\"@id\":\"https:\\\/\\\/uvbbrasil.com.br\\\/#organization\"},\"potentialAction\":[{\"@type\":\"SearchAction\",\"target\":{\"@type\":\"EntryPoint\",\"urlTemplate\":\"https:\\\/\\\/uvbbrasil.com.br\\\/?s={search_term_string}\"},\"query-input\":{\"@type\":\"PropertyValueSpecification\",\"valueRequired\":true,\"valueName\":\"search_term_string\"}}],\"inLanguage\":\"pt-BR\"},{\"@type\":\"Organization\",\"@id\":\"https:\\\/\\\/uvbbrasil.com.br\\\/#organization\",\"name\":\"UVB Brasil\",\"url\":\"https:\\\/\\\/uvbbrasil.com.br\\\/\",\"logo\":{\"@type\":\"ImageObject\",\"inLanguage\":\"pt-BR\",\"@id\":\"https:\\\/\\\/uvbbrasil.com.br\\\/#\\\/schema\\\/logo\\\/image\\\/\",\"url\":\"https:\\\/\\\/uvbbrasil.com.br\\\/wp-content\\\/uploads\\\/2025\\\/01\\\/LOGO-UVB-2024-azul-1.jpg\",\"contentUrl\":\"https:\\\/\\\/uvbbrasil.com.br\\\/wp-content\\\/uploads\\\/2025\\\/01\\\/LOGO-UVB-2024-azul-1.jpg\",\"width\":600,\"height\":211,\"caption\":\"UVB Brasil\"},\"image\":{\"@id\":\"https:\\\/\\\/uvbbrasil.com.br\\\/#\\\/schema\\\/logo\\\/image\\\/\"},\"sameAs\":[\"https:\\\/\\\/www.facebook.com\\\/uvb.vereadoresbrasil\",\"https:\\\/\\\/www.instagram.com\\\/uvbbrasil\\\/\",\"https:\\\/\\\/www.youtube.com\\\/channel\\\/UCIlPQ8Xzw5GHNzosQIg9S5A\"]},{\"@type\":\"Person\",\"@id\":\"https:\\\/\\\/uvbbrasil.com.br\\\/#\\\/schema\\\/person\\\/17990098446c098f52effddff4f1b272\",\"name\":\"adminuvb\",\"image\":{\"@type\":\"ImageObject\",\"inLanguage\":\"pt-BR\",\"@id\":\"https:\\\/\\\/secure.gravatar.com\\\/avatar\\\/1a494ea6f8e2dd1ae526e55b0e9497efdba542491e0620d704cccf63c6f77c45?s=96&d=mm&r=g\",\"url\":\"https:\\\/\\\/secure.gravatar.com\\\/avatar\\\/1a494ea6f8e2dd1ae526e55b0e9497efdba542491e0620d704cccf63c6f77c45?s=96&d=mm&r=g\",\"contentUrl\":\"https:\\\/\\\/secure.gravatar.com\\\/avatar\\\/1a494ea6f8e2dd1ae526e55b0e9497efdba542491e0620d704cccf63c6f77c45?s=96&d=mm&r=g\",\"caption\":\"adminuvb\"},\"sameAs\":[\"https:\\\/\\\/uvbbrasil.com.br\"],\"url\":\"https:\\\/\\\/uvbbrasil.com.br\\\/author\\\/adminuvb\\\/\"}]}<\/script>\n<!-- \/ Yoast SEO plugin. -->","yoast_head_json":{"title":"Congresso de Salvador discute Meio Ambiente, Municipalismo e Reforma Pol\u00edtica - UVB Brasil","robots":{"index":"index","follow":"follow","max-snippet":"max-snippet:-1","max-image-preview":"max-image-preview:large","max-video-preview":"max-video-preview:-1"},"canonical":"https:\/\/uvbbrasil.com.br\/congresso-de-salvador-discute-meio-ambiente-municipalismo-e-reforma-politica\/","og_locale":"pt_BR","og_type":"article","og_title":"Congresso de Salvador discute Meio Ambiente, Municipalismo e Reforma Pol\u00edtica - UVB Brasil","og_description":"O Congresso Brasileiro de Vereadores realizado em Salvador pela UVB, levou ao Nordeste temas que est\u00e3o sendo protagonistas na pol\u00edtica...","og_url":"https:\/\/uvbbrasil.com.br\/congresso-de-salvador-discute-meio-ambiente-municipalismo-e-reforma-politica\/","og_site_name":"UVB Brasil","article_publisher":"https:\/\/www.facebook.com\/uvb.vereadoresbrasil","article_published_time":"2015-11-25T18:52:28+00:00","og_image":[{"width":2560,"height":1709,"url":"https:\/\/uvbbrasil.com.br\/wp-content\/uploads\/2015\/11\/SAL7-scaled.jpg","type":"image\/jpeg"}],"author":"adminuvb","twitter_card":"summary_large_image","twitter_misc":{"Escrito por":"adminuvb","Est. tempo de leitura":"1 minuto"},"schema":{"@context":"https:\/\/schema.org","@graph":[{"@type":"Article","@id":"https:\/\/uvbbrasil.com.br\/congresso-de-salvador-discute-meio-ambiente-municipalismo-e-reforma-politica\/#article","isPartOf":{"@id":"https:\/\/uvbbrasil.com.br\/congresso-de-salvador-discute-meio-ambiente-municipalismo-e-reforma-politica\/"},"author":{"name":"adminuvb","@id":"https:\/\/uvbbrasil.com.br\/#\/schema\/person\/17990098446c098f52effddff4f1b272"},"headline":"Congresso de Salvador discute Meio Ambiente, Municipalismo e Reforma Pol\u00edtica","datePublished":"2015-11-25T18:52:28+00:00","mainEntityOfPage":{"@id":"https:\/\/uvbbrasil.com.br\/congresso-de-salvador-discute-meio-ambiente-municipalismo-e-reforma-politica\/"},"wordCount":280,"commentCount":0,"publisher":{"@id":"https:\/\/uvbbrasil.com.br\/#organization"},"image":{"@id":"https:\/\/uvbbrasil.com.br\/congresso-de-salvador-discute-meio-ambiente-municipalismo-e-reforma-politica\/#primaryimage"},"thumbnailUrl":"https:\/\/uvbbrasil.com.br\/wp-content\/uploads\/2015\/11\/SAL7-scaled.jpg","articleSection":["UVB"],"inLanguage":"pt-BR","potentialAction":[{"@type":"CommentAction","name":"Comment","target":["https:\/\/uvbbrasil.com.br\/congresso-de-salvador-discute-meio-ambiente-municipalismo-e-reforma-politica\/#respond"]}]},{"@type":"WebPage","@id":"https:\/\/uvbbrasil.com.br\/congresso-de-salvador-discute-meio-ambiente-municipalismo-e-reforma-politica\/","url":"https:\/\/uvbbrasil.com.br\/congresso-de-salvador-discute-meio-ambiente-municipalismo-e-reforma-politica\/","name":"Congresso de Salvador discute Meio Ambiente, Municipalismo e Reforma Pol\u00edtica - UVB Brasil","isPartOf":{"@id":"https:\/\/uvbbrasil.com.br\/#website"},"primaryImageOfPage":{"@id":"https:\/\/uvbbrasil.com.br\/congresso-de-salvador-discute-meio-ambiente-municipalismo-e-reforma-politica\/#primaryimage"},"image":{"@id":"https:\/\/uvbbrasil.com.br\/congresso-de-salvador-discute-meio-ambiente-municipalismo-e-reforma-politica\/#primaryimage"},"thumbnailUrl":"https:\/\/uvbbrasil.com.br\/wp-content\/uploads\/2015\/11\/SAL7-scaled.jpg","datePublished":"2015-11-25T18:52:28+00:00","breadcrumb":{"@id":"https:\/\/uvbbrasil.com.br\/congresso-de-salvador-discute-meio-ambiente-municipalismo-e-reforma-politica\/#breadcrumb"},"inLanguage":"pt-BR","potentialAction":[{"@type":"ReadAction","target":["https:\/\/uvbbrasil.com.br\/congresso-de-salvador-discute-meio-ambiente-municipalismo-e-reforma-politica\/"]}]},{"@type":"ImageObject","inLanguage":"pt-BR","@id":"https:\/\/uvbbrasil.com.br\/congresso-de-salvador-discute-meio-ambiente-municipalismo-e-reforma-politica\/#primaryimage","url":"https:\/\/uvbbrasil.com.br\/wp-content\/uploads\/2015\/11\/SAL7-scaled.jpg","contentUrl":"https:\/\/uvbbrasil.com.br\/wp-content\/uploads\/2015\/11\/SAL7-scaled.jpg","width":2560,"height":1709},{"@type":"BreadcrumbList","@id":"https:\/\/uvbbrasil.com.br\/congresso-de-salvador-discute-meio-ambiente-municipalismo-e-reforma-politica\/#breadcrumb","itemListElement":[{"@type":"ListItem","position":1,"name":"In\u00edcio","item":"https:\/\/uvbbrasil.com.br\/"},{"@type":"ListItem","position":2,"name":"Congresso de Salvador discute Meio Ambiente, Municipalismo e Reforma Pol\u00edtica"}]},{"@type":"WebSite","@id":"https:\/\/uvbbrasil.com.br\/#website","url":"https:\/\/uvbbrasil.com.br\/","name":"UVB Brasil","description":"Uni\u00e3o dos Vereadores do Brasil","publisher":{"@id":"https:\/\/uvbbrasil.com.br\/#organization"},"potentialAction":[{"@type":"SearchAction","target":{"@type":"EntryPoint","urlTemplate":"https:\/\/uvbbrasil.com.br\/?s={search_term_string}"},"query-input":{"@type":"PropertyValueSpecification","valueRequired":true,"valueName":"search_term_string"}}],"inLanguage":"pt-BR"},{"@type":"Organization","@id":"https:\/\/uvbbrasil.com.br\/#organization","name":"UVB Brasil","url":"https:\/\/uvbbrasil.com.br\/","logo":{"@type":"ImageObject","inLanguage":"pt-BR","@id":"https:\/\/uvbbrasil.com.br\/#\/schema\/logo\/image\/","url":"https:\/\/uvbbrasil.com.br\/wp-content\/uploads\/2025\/01\/LOGO-UVB-2024-azul-1.jpg","contentUrl":"https:\/\/uvbbrasil.com.br\/wp-content\/uploads\/2025\/01\/LOGO-UVB-2024-azul-1.jpg","width":600,"height":211,"caption":"UVB Brasil"},"image":{"@id":"https:\/\/uvbbrasil.com.br\/#\/schema\/logo\/image\/"},"sameAs":["https:\/\/www.facebook.com\/uvb.vereadoresbrasil","https:\/\/www.instagram.com\/uvbbrasil\/","https:\/\/www.youtube.com\/channel\/UCIlPQ8Xzw5GHNzosQIg9S5A"]},{"@type":"Person","@id":"https:\/\/uvbbrasil.com.br\/#\/schema\/person\/17990098446c098f52effddff4f1b272","name":"adminuvb","image":{"@type":"ImageObject","inLanguage":"pt-BR","@id":"https:\/\/secure.gravatar.com\/avatar\/1a494ea6f8e2dd1ae526e55b0e9497efdba542491e0620d704cccf63c6f77c45?s=96&d=mm&r=g","url":"https:\/\/secure.gravatar.com\/avatar\/1a494ea6f8e2dd1ae526e55b0e9497efdba542491e0620d704cccf63c6f77c45?s=96&d=mm&r=g","contentUrl":"https:\/\/secure.gravatar.com\/avatar\/1a494ea6f8e2dd1ae526e55b0e9497efdba542491e0620d704cccf63c6f77c45?s=96&d=mm&r=g","caption":"adminuvb"},"sameAs":["https:\/\/uvbbrasil.com.br"],"url":"https:\/\/uvbbrasil.com.br\/author\/adminuvb\/"}]}},"_links":{"self":[{"href":"https:\/\/uvbbrasil.com.br\/uvb-json\/wp\/v2\/posts\/2151","targetHints":{"allow":["GET"]}}],"collection":[{"href":"https:\/\/uvbbrasil.com.br\/uvb-json\/wp\/v2\/posts"}],"about":[{"href":"https:\/\/uvbbrasil.com.br\/uvb-json\/wp\/v2\/types\/post"}],"author":[{"embeddable":true,"href":"https:\/\/uvbbrasil.com.br\/uvb-json\/wp\/v2\/users\/1"}],"replies":[{"embeddable":true,"href":"https:\/\/uvbbrasil.com.br\/uvb-json\/wp\/v2\/comments?post=2151"}],"version-history":[{"count":0,"href":"https:\/\/uvbbrasil.com.br\/uvb-json\/wp\/v2\/posts\/2151\/revisions"}],"wp:featuredmedia":[{"embeddable":true,"href":"https:\/\/uvbbrasil.com.br\/uvb-json\/wp\/v2\/media\/2152"}],"wp:attachment":[{"href":"https:\/\/uvbbrasil.com.br\/uvb-json\/wp\/v2\/media?parent=2151"}],"wp:term":[{"taxonomy":"category","embeddable":true,"href":"https:\/\/uvbbrasil.com.br\/uvb-json\/wp\/v2\/categories?post=2151"},{"taxonomy":"post_tag","embeddable":true,"href":"https:\/\/uvbbrasil.com.br\/uvb-json\/wp\/v2\/tags?post=2151"}],"curies":[{"name":"wp","href":"https:\/\/api.w.org\/{rel}","templated":true}]}}