{"id":21368,"date":"2021-02-23T18:11:45","date_gmt":"2021-02-23T21:11:45","guid":{"rendered":"https:\/\/wpsandbox4.pante.com.br\/?p=21368"},"modified":"2021-02-23T18:11:45","modified_gmt":"2021-02-23T21:11:45","slug":"presidente-da-uniao-dos-vereadores-brasil-faz-giro-legislativo-pelo-nordeste","status":"publish","type":"post","link":"https:\/\/uvbbrasil.com.br\/presidente-da-uniao-dos-vereadores-brasil-faz-giro-legislativo-pelo-nordeste\/","title":{"rendered":"Presidente da Uni\u00e3o dos Vereadores do Brasil faz giro Legislativo pelo Nordeste"},"content":{"rendered":"<p>O presidente da Uni\u00e3o dos Vereadores do Brasil \u2013 UVB e vereador em Ira\u00ed\/RS, Gilson Conzatti, realizou de 16 a 23 de fevereiro de 2021, um\u00a0Giro Legislativo pelo Nordeste.<\/p>\n<p>A primeira parada aconteceu no dia 16 de fevereiro, em Murici no estado de Alagoas, onde foi recebido pelo ex- vereador e superintendente da UVB para os estados do nordeste, An\u00edzio Amorim,\u00a0 que o recebeu\u00a0 e o acompanhou nas visitas pelos munic\u00edpios no estado.<\/p>\n<p>No segundo dia de visitas, Conzatti foi at\u00e9 o munic\u00edpio de Arapiraca, onde foi recebido na resid\u00eancia do vereador e ex-presidente da UVEAL, Fabiano Le\u00e3o, que na oportunidade\u00a0reuniu os vereadores Alexandre Vieira, presidente da C\u00e2mara de Feira Grande\/AL, Ary Clayton Rego, presidente da C\u00e2mara de Messias\/AL, o vereador de Arapiraca, Z\u00e9 Carlinhos, al\u00e9m do vereador Paulinho de Dev\u00e1, presidente da C\u00e2mara de Bonito\/PE,\u00a0que esteve acompanhado dos vereadores, \u00cdtalo Damasceno, Holandinha e \u00a0Adones Lagart\u00e3o.<\/p>\n<p>J\u00e1 no terceiro dia do\u00a0Giro Legislativo,\u00a0Conzatti se reuniu em Caruaru, com o empres\u00e1rio da GT Promo Balonismo, Tassio Moreira, que atua do turismo, ap\u00f3s foi at\u00e9 o munic\u00edpio de Bezerros, onde conversou com o vereador Diogo Lemos. Seguindo o roteiro, Conzatti se dirigiu a capital pernambucana, Recife, onde cumpriu uma s\u00e9rie de audi\u00eancias, entre elas com o\u00a0Secret\u00e1rio\u00a0Estadual de Desenvolvimento Social, Crian\u00e7a e Juventude e Presidente do PSB de Pernambuco,\u00a0Sileno Guedes, onde acompanhou um grupo de vereadores que foram solicitar apoio a chapa da UVP, liderada pelo vereador Z\u00e9 Raimundo de Serra Talhada, posteriormente, Conzatti acompanhou o grupo at\u00e9 a presid\u00eancia da ALEPE, onde foram recebidos pelo presidente do parlamento estadual, deputado Eriberto Medeiros. O presidente da UVB, aproveitou a estada em Recife para estreitar rela\u00e7\u00f5es com diversos presidentes de C\u00e2maras de Pernambuco.<\/p>\n<p>Na sua passagem por Pernambuco, Gilson Conzatti, fez uma visita especial \u00e0 cidade de Bonito, onde mant\u00e9m boas rela\u00e7\u00f5es com os parlamentares daquela cidade, Conzatti, fez quest\u00e3o de visitar v\u00e1rios vereadores em suas resid\u00eancias.<\/p>\n<p>No dia 22 de fevereiro, Conzatti esteve em Natal, onde cumpriu uma s\u00e9rie de compromissos, iniciando com uma reuni\u00e3o com o advogado e professor, Daniel Monteiro, do Novo Eleitoral, onde definiram \u00a0estrat\u00e9gias de capacita\u00e7\u00e3o aos agentes municipais. O presidente da UVB, tamb\u00e9m se reuniu com a presidente da UVERN, vereadora de Mossor\u00f3, Larissa Rosado, com o objetivo de estreitar rela\u00e7\u00f5es e unir as entidades para a valoriza\u00e7\u00e3o do mandato dos vereadores e vereadoras, Conzatti tamb\u00e9m se dirigiu at\u00e9 a C\u00e2mara Municipal, onde foi recebido pelo presidente, Paulinho Freire, oportunidade em que trocaram diversas informa\u00e7\u00f5es a fim de valorizar cada vez mais o parlamento municipal. Participaram da reuni\u00e3o o vereador presidente da C\u00e2mara de Bonito\/PE, Paulinho de Dev\u00e1, que estava acompanhando o presidente da UVB, a vereadora\u00a0<em>Leila<\/em><em>\u00a0<\/em>Teixeira do munic\u00edpio de Timba\u00faba dos Batistas\/RN,\u00a0o vice-prefeito Teju\u00e7uoca\/CE e ex-presidente da UVC, Guto Mota, o ex-vereador de Mossor\u00f3 e fundador da UVERN, Lairinho Rosado e <em>Erineide<\/em><em>\u00a0S\u00e1<\/em>, diretora da Escola da Federa\u00e7\u00e3o das C\u00e2maras do\u00a0 <em>Rio Grande do Norte<\/em><em>\u00a0(<\/em><em>FECAM\/RN<\/em><em>).<\/em><\/p>\n<p>Encerrando o Giro Legislativo, no \u00faltimo dia pelos estados do nordeste, Conzatti, esteve novamente em Alagoas, onde visitou a C\u00e2mara de Messias, se reuniu na sede da UVEAL, com o presidente da entidade estadual dos vereadores, Eduardo Ten\u00f3rio. Posteriormente o presidente da UVB, esteve com o presidente da C\u00e2mara de Capela, Fernando Malta, com o vereador de Macei\u00f3, Siderlaine Mendon\u00e7a, e encerrando com uma visita \u00e0 C\u00e2mara de Macei\u00f3, onde foi recebido pelo presidente, Galba Novaes Neto e vereadores.<\/p>\n<p>&nbsp;<\/p>\n<p><a href=\"https:\/\/uvbbrasil.com.br\/?attachment_id=21369\" rel=\"attachment wp-att-21369\"><img fetchpriority=\"high\" decoding=\"async\" class=\"aligncenter size-full wp-image-21369\" src=\"https:\/\/uvbbrasil.com.br\/wp-content\/uploads\/2021\/02\/WhatsApp-Image-2021-02-23-at-15.01.33.jpeg\" alt=\"\" width=\"1280\" height=\"605\" srcset=\"https:\/\/uvbbrasil.com.br\/wp-content\/uploads\/2021\/02\/WhatsApp-Image-2021-02-23-at-15.01.33.jpeg 1280w, https:\/\/uvbbrasil.com.br\/wp-content\/uploads\/2021\/02\/WhatsApp-Image-2021-02-23-at-15.01.33-300x142.jpeg 300w, https:\/\/uvbbrasil.com.br\/wp-content\/uploads\/2021\/02\/WhatsApp-Image-2021-02-23-at-15.01.33-1024x484.jpeg 1024w, https:\/\/uvbbrasil.com.br\/wp-content\/uploads\/2021\/02\/WhatsApp-Image-2021-02-23-at-15.01.33-768x363.jpeg 768w\" sizes=\"(max-width: 1280px) 100vw, 1280px\" \/><\/a><\/p>\n<p>Em Arapiraca, encontro aconteceu na resid\u00eancia do vereador Fabiano Le\u00e3o<\/p>\n<p><a href=\"https:\/\/uvbbrasil.com.br\/?attachment_id=21373\" rel=\"attachment wp-att-21373\"><img decoding=\"async\" class=\"aligncenter size-full wp-image-21373\" src=\"https:\/\/uvbbrasil.com.br\/wp-content\/uploads\/2021\/02\/WhatsApp-Image-2021-02-23-at-15.08.10.jpeg\" alt=\"\" width=\"960\" height=\"1280\" srcset=\"https:\/\/uvbbrasil.com.br\/wp-content\/uploads\/2021\/02\/WhatsApp-Image-2021-02-23-at-15.08.10.jpeg 960w, https:\/\/uvbbrasil.com.br\/wp-content\/uploads\/2021\/02\/WhatsApp-Image-2021-02-23-at-15.08.10-225x300.jpeg 225w, https:\/\/uvbbrasil.com.br\/wp-content\/uploads\/2021\/02\/WhatsApp-Image-2021-02-23-at-15.08.10-768x1024.jpeg 768w\" sizes=\"(max-width: 960px) 100vw, 960px\" \/><\/a>Na sede da Secretaria Estadual de Desenvolvimento Social, Crian\u00e7a e Juventude, com o titular da pasta,\u00a0Sileno Guedes.<\/p>\n<p><a href=\"https:\/\/uvbbrasil.com.br\/?attachment_id=21374\" rel=\"attachment wp-att-21374\"><img decoding=\"async\" class=\"aligncenter size-full wp-image-21374\" src=\"https:\/\/uvbbrasil.com.br\/wp-content\/uploads\/2021\/02\/WhatsApp-Image-2021-02-23-at-15.09.00-1.jpeg\" alt=\"\" width=\"1152\" height=\"546\" srcset=\"https:\/\/uvbbrasil.com.br\/wp-content\/uploads\/2021\/02\/WhatsApp-Image-2021-02-23-at-15.09.00-1.jpeg 1152w, https:\/\/uvbbrasil.com.br\/wp-content\/uploads\/2021\/02\/WhatsApp-Image-2021-02-23-at-15.09.00-1-300x142.jpeg 300w, https:\/\/uvbbrasil.com.br\/wp-content\/uploads\/2021\/02\/WhatsApp-Image-2021-02-23-at-15.09.00-1-1024x485.jpeg 1024w, https:\/\/uvbbrasil.com.br\/wp-content\/uploads\/2021\/02\/WhatsApp-Image-2021-02-23-at-15.09.00-1-768x364.jpeg 768w\" sizes=\"(max-width: 1152px) 100vw, 1152px\" \/><\/a><\/p>\n<p>Na C\u00e2mara de Natal com lideran\u00e7as munipalistas<\/p>\n<p><a href=\"https:\/\/uvbbrasil.com.br\/?attachment_id=21379\" rel=\"attachment wp-att-21379\"><img loading=\"lazy\" decoding=\"async\" class=\"aligncenter size-full wp-image-21379\" src=\"https:\/\/uvbbrasil.com.br\/wp-content\/uploads\/2021\/02\/WhatsApp-Image-2021-02-23-at-14.55.32-2.jpeg\" alt=\"\" width=\"1280\" height=\"720\" srcset=\"https:\/\/uvbbrasil.com.br\/wp-content\/uploads\/2021\/02\/WhatsApp-Image-2021-02-23-at-14.55.32-2.jpeg 1280w, https:\/\/uvbbrasil.com.br\/wp-content\/uploads\/2021\/02\/WhatsApp-Image-2021-02-23-at-14.55.32-2-300x169.jpeg 300w, https:\/\/uvbbrasil.com.br\/wp-content\/uploads\/2021\/02\/WhatsApp-Image-2021-02-23-at-14.55.32-2-1024x576.jpeg 1024w, https:\/\/uvbbrasil.com.br\/wp-content\/uploads\/2021\/02\/WhatsApp-Image-2021-02-23-at-14.55.32-2-768x432.jpeg 768w\" sizes=\"(max-width: 1280px) 100vw, 1280px\" \/><\/a><\/p>\n<p><em>Na sede do parlamento de Macei\u00f3,\u00a0Gilson Conzatti com os vereadores Ary Clayton (Messias), Fernando Malta (Capela), Pres. da C\u00e2mara de Macei\u00f3, Galba Neto, e os vereadores de Macei\u00f3,\u00a0<\/em><em>Siderlane Mendon\u00e7a, Jo\u00e3o Catunda, Marcelo Palmeira<\/em><br \/>\n<em>e Cal Moreira<\/em><\/p>\n<p><a href=\"https:\/\/uvbbrasil.com.br\/?attachment_id=21377\" rel=\"attachment wp-att-21377\"><img loading=\"lazy\" decoding=\"async\" class=\"aligncenter size-full wp-image-21377\" src=\"https:\/\/uvbbrasil.com.br\/wp-content\/uploads\/2021\/02\/WhatsApp-Image-2021-02-23-at-14.57.55.jpeg\" alt=\"\" width=\"1280\" height=\"605\" srcset=\"https:\/\/uvbbrasil.com.br\/wp-content\/uploads\/2021\/02\/WhatsApp-Image-2021-02-23-at-14.57.55.jpeg 1280w, https:\/\/uvbbrasil.com.br\/wp-content\/uploads\/2021\/02\/WhatsApp-Image-2021-02-23-at-14.57.55-300x142.jpeg 300w, https:\/\/uvbbrasil.com.br\/wp-content\/uploads\/2021\/02\/WhatsApp-Image-2021-02-23-at-14.57.55-1024x484.jpeg 1024w, https:\/\/uvbbrasil.com.br\/wp-content\/uploads\/2021\/02\/WhatsApp-Image-2021-02-23-at-14.57.55-768x363.jpeg 768w\" sizes=\"(max-width: 1280px) 100vw, 1280px\" \/><\/a><em>Na sede da UVEAL com o Presidente Eduardo Ten\u00f3rio\u00a0e o Vice -Presidente Neto Bonfim<\/em><\/p>\n<p><a href=\"https:\/\/uvbbrasil.com.br\/?attachment_id=21378\" rel=\"attachment wp-att-21378\"><img loading=\"lazy\" decoding=\"async\" class=\"aligncenter size-full wp-image-21378\" src=\"https:\/\/uvbbrasil.com.br\/wp-content\/uploads\/2021\/02\/WhatsApp-Image-2021-02-23-at-14.58.33.jpeg\" alt=\"\" width=\"1052\" height=\"814\" srcset=\"https:\/\/uvbbrasil.com.br\/wp-content\/uploads\/2021\/02\/WhatsApp-Image-2021-02-23-at-14.58.33.jpeg 1052w, https:\/\/uvbbrasil.com.br\/wp-content\/uploads\/2021\/02\/WhatsApp-Image-2021-02-23-at-14.58.33-300x232.jpeg 300w, https:\/\/uvbbrasil.com.br\/wp-content\/uploads\/2021\/02\/WhatsApp-Image-2021-02-23-at-14.58.33-1024x792.jpeg 1024w, https:\/\/uvbbrasil.com.br\/wp-content\/uploads\/2021\/02\/WhatsApp-Image-2021-02-23-at-14.58.33-768x594.jpeg 768w\" sizes=\"(max-width: 1052px) 100vw, 1052px\" \/><\/a><em>Presidente da UVB acompanhado do vereador Siderlane Mendon\u00e7a, Segundo secretario da C\u00e2mara de Macei\u00f3\u00a0<\/em><\/p>\n<p><a href=\"https:\/\/uvbbrasil.com.br\/?attachment_id=21375\" rel=\"attachment wp-att-21375\"><img loading=\"lazy\" decoding=\"async\" class=\"aligncenter size-full wp-image-21375\" src=\"https:\/\/uvbbrasil.com.br\/wp-content\/uploads\/2021\/02\/WhatsApp-Image-2021-02-23-at-15.10.50-1.jpeg\" alt=\"\" width=\"1113\" height=\"1280\" srcset=\"https:\/\/uvbbrasil.com.br\/wp-content\/uploads\/2021\/02\/WhatsApp-Image-2021-02-23-at-15.10.50-1.jpeg 1113w, https:\/\/uvbbrasil.com.br\/wp-content\/uploads\/2021\/02\/WhatsApp-Image-2021-02-23-at-15.10.50-1-261x300.jpeg 261w, https:\/\/uvbbrasil.com.br\/wp-content\/uploads\/2021\/02\/WhatsApp-Image-2021-02-23-at-15.10.50-1-890x1024.jpeg 890w, https:\/\/uvbbrasil.com.br\/wp-content\/uploads\/2021\/02\/WhatsApp-Image-2021-02-23-at-15.10.50-1-768x883.jpeg 768w\" sizes=\"(max-width: 1113px) 100vw, 1113px\" \/><\/a><\/p>\n<p style=\"text-align: left;\"><em>Acompanhado\u00a0 do Advogado An\u00edzio Amorim, Conzatti esteve visitando com o Presidente da C\u00e2mara\u00a0 de Messias\/AL, Ary Clayton\u00a0 Rego .<\/em><\/p>\n<p>&nbsp;<\/p>\n","protected":false},"excerpt":{"rendered":"<p>O presidente da Uni\u00e3o dos Vereadores do Brasil \u2013 UVB e vereador em Ira\u00ed\/RS, Gilson Conzatti, realizou de 16 a&#8230;<\/p>\n","protected":false},"author":1,"featured_media":21379,"comment_status":"open","ping_status":"open","sticky":false,"template":"","format":"standard","meta":{"footnotes":""},"categories":[3,4],"tags":[],"class_list":["post-21368","post","type-post","status-publish","format-standard","has-post-thumbnail","hentry","category-noticias","category-home"],"yoast_head":"<!-- This site is optimized with the Yoast SEO plugin v26.7 - https:\/\/yoast.com\/wordpress\/plugins\/seo\/ -->\n<title>Presidente da Uni\u00e3o dos Vereadores do Brasil faz giro Legislativo pelo Nordeste - UVB Brasil<\/title>\n<meta name=\"robots\" content=\"index, follow, max-snippet:-1, max-image-preview:large, max-video-preview:-1\" \/>\n<link rel=\"canonical\" href=\"https:\/\/uvbbrasil.com.br\/presidente-da-uniao-dos-vereadores-brasil-faz-giro-legislativo-pelo-nordeste\/\" \/>\n<meta property=\"og:locale\" content=\"pt_BR\" \/>\n<meta property=\"og:type\" content=\"article\" \/>\n<meta property=\"og:title\" content=\"Presidente da Uni\u00e3o dos Vereadores do Brasil faz giro Legislativo pelo Nordeste - UVB Brasil\" \/>\n<meta property=\"og:description\" content=\"O presidente da Uni\u00e3o dos Vereadores do Brasil \u2013 UVB e vereador em Ira\u00ed\/RS, Gilson Conzatti, realizou de 16 a...\" \/>\n<meta property=\"og:url\" content=\"https:\/\/uvbbrasil.com.br\/presidente-da-uniao-dos-vereadores-brasil-faz-giro-legislativo-pelo-nordeste\/\" \/>\n<meta property=\"og:site_name\" content=\"UVB Brasil\" \/>\n<meta property=\"article:publisher\" content=\"https:\/\/www.facebook.com\/uvb.vereadoresbrasil\" \/>\n<meta property=\"article:published_time\" content=\"2021-02-23T21:11:45+00:00\" \/>\n<meta property=\"og:image\" content=\"https:\/\/uvbbrasil.com.br\/wp-content\/uploads\/2021\/02\/WhatsApp-Image-2021-02-23-at-14.55.32-2.jpeg\" \/>\n\t<meta property=\"og:image:width\" content=\"1280\" \/>\n\t<meta property=\"og:image:height\" content=\"720\" \/>\n\t<meta property=\"og:image:type\" content=\"image\/jpeg\" \/>\n<meta name=\"author\" content=\"adminuvb\" \/>\n<meta name=\"twitter:card\" content=\"summary_large_image\" \/>\n<meta name=\"twitter:label1\" content=\"Escrito por\" \/>\n\t<meta name=\"twitter:data1\" content=\"adminuvb\" \/>\n\t<meta name=\"twitter:label2\" content=\"Est. tempo de leitura\" \/>\n\t<meta name=\"twitter:data2\" content=\"4 minutos\" \/>\n<script type=\"application\/ld+json\" class=\"yoast-schema-graph\">{\"@context\":\"https:\/\/schema.org\",\"@graph\":[{\"@type\":\"Article\",\"@id\":\"https:\/\/uvbbrasil.com.br\/presidente-da-uniao-dos-vereadores-brasil-faz-giro-legislativo-pelo-nordeste\/#article\",\"isPartOf\":{\"@id\":\"https:\/\/uvbbrasil.com.br\/presidente-da-uniao-dos-vereadores-brasil-faz-giro-legislativo-pelo-nordeste\/\"},\"author\":{\"name\":\"adminuvb\",\"@id\":\"https:\/\/uvbbrasil.com.br\/#\/schema\/person\/17990098446c098f52effddff4f1b272\"},\"headline\":\"Presidente da Uni\u00e3o dos Vereadores do Brasil faz giro Legislativo pelo Nordeste\",\"datePublished\":\"2021-02-23T21:11:45+00:00\",\"mainEntityOfPage\":{\"@id\":\"https:\/\/uvbbrasil.com.br\/presidente-da-uniao-dos-vereadores-brasil-faz-giro-legislativo-pelo-nordeste\/\"},\"wordCount\":765,\"commentCount\":0,\"publisher\":{\"@id\":\"https:\/\/uvbbrasil.com.br\/#organization\"},\"image\":{\"@id\":\"https:\/\/uvbbrasil.com.br\/presidente-da-uniao-dos-vereadores-brasil-faz-giro-legislativo-pelo-nordeste\/#primaryimage\"},\"thumbnailUrl\":\"https:\/\/uvbbrasil.com.br\/wp-content\/uploads\/2021\/02\/WhatsApp-Image-2021-02-23-at-14.55.32-2.jpeg\",\"articleSection\":[\"NOT\u00cdCIAS\",\"UVB\"],\"inLanguage\":\"pt-BR\",\"potentialAction\":[{\"@type\":\"CommentAction\",\"name\":\"Comment\",\"target\":[\"https:\/\/uvbbrasil.com.br\/presidente-da-uniao-dos-vereadores-brasil-faz-giro-legislativo-pelo-nordeste\/#respond\"]}]},{\"@type\":\"WebPage\",\"@id\":\"https:\/\/uvbbrasil.com.br\/presidente-da-uniao-dos-vereadores-brasil-faz-giro-legislativo-pelo-nordeste\/\",\"url\":\"https:\/\/uvbbrasil.com.br\/presidente-da-uniao-dos-vereadores-brasil-faz-giro-legislativo-pelo-nordeste\/\",\"name\":\"Presidente da Uni\u00e3o dos Vereadores do Brasil faz giro Legislativo pelo Nordeste - UVB Brasil\",\"isPartOf\":{\"@id\":\"https:\/\/uvbbrasil.com.br\/#website\"},\"primaryImageOfPage\":{\"@id\":\"https:\/\/uvbbrasil.com.br\/presidente-da-uniao-dos-vereadores-brasil-faz-giro-legislativo-pelo-nordeste\/#primaryimage\"},\"image\":{\"@id\":\"https:\/\/uvbbrasil.com.br\/presidente-da-uniao-dos-vereadores-brasil-faz-giro-legislativo-pelo-nordeste\/#primaryimage\"},\"thumbnailUrl\":\"https:\/\/uvbbrasil.com.br\/wp-content\/uploads\/2021\/02\/WhatsApp-Image-2021-02-23-at-14.55.32-2.jpeg\",\"datePublished\":\"2021-02-23T21:11:45+00:00\",\"breadcrumb\":{\"@id\":\"https:\/\/uvbbrasil.com.br\/presidente-da-uniao-dos-vereadores-brasil-faz-giro-legislativo-pelo-nordeste\/#breadcrumb\"},\"inLanguage\":\"pt-BR\",\"potentialAction\":[{\"@type\":\"ReadAction\",\"target\":[\"https:\/\/uvbbrasil.com.br\/presidente-da-uniao-dos-vereadores-brasil-faz-giro-legislativo-pelo-nordeste\/\"]}]},{\"@type\":\"ImageObject\",\"inLanguage\":\"pt-BR\",\"@id\":\"https:\/\/uvbbrasil.com.br\/presidente-da-uniao-dos-vereadores-brasil-faz-giro-legislativo-pelo-nordeste\/#primaryimage\",\"url\":\"https:\/\/uvbbrasil.com.br\/wp-content\/uploads\/2021\/02\/WhatsApp-Image-2021-02-23-at-14.55.32-2.jpeg\",\"contentUrl\":\"https:\/\/uvbbrasil.com.br\/wp-content\/uploads\/2021\/02\/WhatsApp-Image-2021-02-23-at-14.55.32-2.jpeg\",\"width\":1280,\"height\":720},{\"@type\":\"BreadcrumbList\",\"@id\":\"https:\/\/uvbbrasil.com.br\/presidente-da-uniao-dos-vereadores-brasil-faz-giro-legislativo-pelo-nordeste\/#breadcrumb\",\"itemListElement\":[{\"@type\":\"ListItem\",\"position\":1,\"name\":\"In\u00edcio\",\"item\":\"https:\/\/uvbbrasil.com.br\/\"},{\"@type\":\"ListItem\",\"position\":2,\"name\":\"Presidente da Uni\u00e3o dos Vereadores do Brasil faz giro Legislativo pelo Nordeste\"}]},{\"@type\":\"WebSite\",\"@id\":\"https:\/\/uvbbrasil.com.br\/#website\",\"url\":\"https:\/\/uvbbrasil.com.br\/\",\"name\":\"UVB Brasil\",\"description\":\"Uni\u00e3o dos Vereadores do Brasil\",\"publisher\":{\"@id\":\"https:\/\/uvbbrasil.com.br\/#organization\"},\"potentialAction\":[{\"@type\":\"SearchAction\",\"target\":{\"@type\":\"EntryPoint\",\"urlTemplate\":\"https:\/\/uvbbrasil.com.br\/?s={search_term_string}\"},\"query-input\":{\"@type\":\"PropertyValueSpecification\",\"valueRequired\":true,\"valueName\":\"search_term_string\"}}],\"inLanguage\":\"pt-BR\"},{\"@type\":\"Organization\",\"@id\":\"https:\/\/uvbbrasil.com.br\/#organization\",\"name\":\"UVB Brasil\",\"url\":\"https:\/\/uvbbrasil.com.br\/\",\"logo\":{\"@type\":\"ImageObject\",\"inLanguage\":\"pt-BR\",\"@id\":\"https:\/\/uvbbrasil.com.br\/#\/schema\/logo\/image\/\",\"url\":\"https:\/\/uvbbrasil.com.br\/wp-content\/uploads\/2025\/01\/LOGO-UVB-2024-azul-1.jpg\",\"contentUrl\":\"https:\/\/uvbbrasil.com.br\/wp-content\/uploads\/2025\/01\/LOGO-UVB-2024-azul-1.jpg\",\"width\":600,\"height\":211,\"caption\":\"UVB Brasil\"},\"image\":{\"@id\":\"https:\/\/uvbbrasil.com.br\/#\/schema\/logo\/image\/\"},\"sameAs\":[\"https:\/\/www.facebook.com\/uvb.vereadoresbrasil\",\"https:\/\/www.instagram.com\/uvbbrasil\/\",\"https:\/\/www.youtube.com\/channel\/UCIlPQ8Xzw5GHNzosQIg9S5A\"]},{\"@type\":\"Person\",\"@id\":\"https:\/\/uvbbrasil.com.br\/#\/schema\/person\/17990098446c098f52effddff4f1b272\",\"name\":\"adminuvb\",\"image\":{\"@type\":\"ImageObject\",\"inLanguage\":\"pt-BR\",\"@id\":\"https:\/\/uvbbrasil.com.br\/#\/schema\/person\/image\/\",\"url\":\"https:\/\/secure.gravatar.com\/avatar\/1a494ea6f8e2dd1ae526e55b0e9497efdba542491e0620d704cccf63c6f77c45?s=96&d=mm&r=g\",\"contentUrl\":\"https:\/\/secure.gravatar.com\/avatar\/1a494ea6f8e2dd1ae526e55b0e9497efdba542491e0620d704cccf63c6f77c45?s=96&d=mm&r=g\",\"caption\":\"adminuvb\"},\"sameAs\":[\"https:\/\/uvbbrasil.com.br\"],\"url\":\"https:\/\/uvbbrasil.com.br\/author\/adminuvb\/\"}]}<\/script>\n<!-- \/ Yoast SEO plugin. -->","yoast_head_json":{"title":"Presidente da Uni\u00e3o dos Vereadores do Brasil faz giro Legislativo pelo Nordeste - UVB Brasil","robots":{"index":"index","follow":"follow","max-snippet":"max-snippet:-1","max-image-preview":"max-image-preview:large","max-video-preview":"max-video-preview:-1"},"canonical":"https:\/\/uvbbrasil.com.br\/presidente-da-uniao-dos-vereadores-brasil-faz-giro-legislativo-pelo-nordeste\/","og_locale":"pt_BR","og_type":"article","og_title":"Presidente da Uni\u00e3o dos Vereadores do Brasil faz giro Legislativo pelo Nordeste - UVB Brasil","og_description":"O presidente da Uni\u00e3o dos Vereadores do Brasil \u2013 UVB e vereador em Ira\u00ed\/RS, Gilson Conzatti, realizou de 16 a...","og_url":"https:\/\/uvbbrasil.com.br\/presidente-da-uniao-dos-vereadores-brasil-faz-giro-legislativo-pelo-nordeste\/","og_site_name":"UVB Brasil","article_publisher":"https:\/\/www.facebook.com\/uvb.vereadoresbrasil","article_published_time":"2021-02-23T21:11:45+00:00","og_image":[{"width":1280,"height":720,"url":"https:\/\/uvbbrasil.com.br\/wp-content\/uploads\/2021\/02\/WhatsApp-Image-2021-02-23-at-14.55.32-2.jpeg","type":"image\/jpeg"}],"author":"adminuvb","twitter_card":"summary_large_image","twitter_misc":{"Escrito por":"adminuvb","Est. tempo de leitura":"4 minutos"},"schema":{"@context":"https:\/\/schema.org","@graph":[{"@type":"Article","@id":"https:\/\/uvbbrasil.com.br\/presidente-da-uniao-dos-vereadores-brasil-faz-giro-legislativo-pelo-nordeste\/#article","isPartOf":{"@id":"https:\/\/uvbbrasil.com.br\/presidente-da-uniao-dos-vereadores-brasil-faz-giro-legislativo-pelo-nordeste\/"},"author":{"name":"adminuvb","@id":"https:\/\/uvbbrasil.com.br\/#\/schema\/person\/17990098446c098f52effddff4f1b272"},"headline":"Presidente da Uni\u00e3o dos Vereadores do Brasil faz giro Legislativo pelo Nordeste","datePublished":"2021-02-23T21:11:45+00:00","mainEntityOfPage":{"@id":"https:\/\/uvbbrasil.com.br\/presidente-da-uniao-dos-vereadores-brasil-faz-giro-legislativo-pelo-nordeste\/"},"wordCount":765,"commentCount":0,"publisher":{"@id":"https:\/\/uvbbrasil.com.br\/#organization"},"image":{"@id":"https:\/\/uvbbrasil.com.br\/presidente-da-uniao-dos-vereadores-brasil-faz-giro-legislativo-pelo-nordeste\/#primaryimage"},"thumbnailUrl":"https:\/\/uvbbrasil.com.br\/wp-content\/uploads\/2021\/02\/WhatsApp-Image-2021-02-23-at-14.55.32-2.jpeg","articleSection":["NOT\u00cdCIAS","UVB"],"inLanguage":"pt-BR","potentialAction":[{"@type":"CommentAction","name":"Comment","target":["https:\/\/uvbbrasil.com.br\/presidente-da-uniao-dos-vereadores-brasil-faz-giro-legislativo-pelo-nordeste\/#respond"]}]},{"@type":"WebPage","@id":"https:\/\/uvbbrasil.com.br\/presidente-da-uniao-dos-vereadores-brasil-faz-giro-legislativo-pelo-nordeste\/","url":"https:\/\/uvbbrasil.com.br\/presidente-da-uniao-dos-vereadores-brasil-faz-giro-legislativo-pelo-nordeste\/","name":"Presidente da Uni\u00e3o dos Vereadores do Brasil faz giro Legislativo pelo Nordeste - UVB Brasil","isPartOf":{"@id":"https:\/\/uvbbrasil.com.br\/#website"},"primaryImageOfPage":{"@id":"https:\/\/uvbbrasil.com.br\/presidente-da-uniao-dos-vereadores-brasil-faz-giro-legislativo-pelo-nordeste\/#primaryimage"},"image":{"@id":"https:\/\/uvbbrasil.com.br\/presidente-da-uniao-dos-vereadores-brasil-faz-giro-legislativo-pelo-nordeste\/#primaryimage"},"thumbnailUrl":"https:\/\/uvbbrasil.com.br\/wp-content\/uploads\/2021\/02\/WhatsApp-Image-2021-02-23-at-14.55.32-2.jpeg","datePublished":"2021-02-23T21:11:45+00:00","breadcrumb":{"@id":"https:\/\/uvbbrasil.com.br\/presidente-da-uniao-dos-vereadores-brasil-faz-giro-legislativo-pelo-nordeste\/#breadcrumb"},"inLanguage":"pt-BR","potentialAction":[{"@type":"ReadAction","target":["https:\/\/uvbbrasil.com.br\/presidente-da-uniao-dos-vereadores-brasil-faz-giro-legislativo-pelo-nordeste\/"]}]},{"@type":"ImageObject","inLanguage":"pt-BR","@id":"https:\/\/uvbbrasil.com.br\/presidente-da-uniao-dos-vereadores-brasil-faz-giro-legislativo-pelo-nordeste\/#primaryimage","url":"https:\/\/uvbbrasil.com.br\/wp-content\/uploads\/2021\/02\/WhatsApp-Image-2021-02-23-at-14.55.32-2.jpeg","contentUrl":"https:\/\/uvbbrasil.com.br\/wp-content\/uploads\/2021\/02\/WhatsApp-Image-2021-02-23-at-14.55.32-2.jpeg","width":1280,"height":720},{"@type":"BreadcrumbList","@id":"https:\/\/uvbbrasil.com.br\/presidente-da-uniao-dos-vereadores-brasil-faz-giro-legislativo-pelo-nordeste\/#breadcrumb","itemListElement":[{"@type":"ListItem","position":1,"name":"In\u00edcio","item":"https:\/\/uvbbrasil.com.br\/"},{"@type":"ListItem","position":2,"name":"Presidente da Uni\u00e3o dos Vereadores do Brasil faz giro Legislativo pelo Nordeste"}]},{"@type":"WebSite","@id":"https:\/\/uvbbrasil.com.br\/#website","url":"https:\/\/uvbbrasil.com.br\/","name":"UVB Brasil","description":"Uni\u00e3o dos Vereadores do Brasil","publisher":{"@id":"https:\/\/uvbbrasil.com.br\/#organization"},"potentialAction":[{"@type":"SearchAction","target":{"@type":"EntryPoint","urlTemplate":"https:\/\/uvbbrasil.com.br\/?s={search_term_string}"},"query-input":{"@type":"PropertyValueSpecification","valueRequired":true,"valueName":"search_term_string"}}],"inLanguage":"pt-BR"},{"@type":"Organization","@id":"https:\/\/uvbbrasil.com.br\/#organization","name":"UVB Brasil","url":"https:\/\/uvbbrasil.com.br\/","logo":{"@type":"ImageObject","inLanguage":"pt-BR","@id":"https:\/\/uvbbrasil.com.br\/#\/schema\/logo\/image\/","url":"https:\/\/uvbbrasil.com.br\/wp-content\/uploads\/2025\/01\/LOGO-UVB-2024-azul-1.jpg","contentUrl":"https:\/\/uvbbrasil.com.br\/wp-content\/uploads\/2025\/01\/LOGO-UVB-2024-azul-1.jpg","width":600,"height":211,"caption":"UVB Brasil"},"image":{"@id":"https:\/\/uvbbrasil.com.br\/#\/schema\/logo\/image\/"},"sameAs":["https:\/\/www.facebook.com\/uvb.vereadoresbrasil","https:\/\/www.instagram.com\/uvbbrasil\/","https:\/\/www.youtube.com\/channel\/UCIlPQ8Xzw5GHNzosQIg9S5A"]},{"@type":"Person","@id":"https:\/\/uvbbrasil.com.br\/#\/schema\/person\/17990098446c098f52effddff4f1b272","name":"adminuvb","image":{"@type":"ImageObject","inLanguage":"pt-BR","@id":"https:\/\/uvbbrasil.com.br\/#\/schema\/person\/image\/","url":"https:\/\/secure.gravatar.com\/avatar\/1a494ea6f8e2dd1ae526e55b0e9497efdba542491e0620d704cccf63c6f77c45?s=96&d=mm&r=g","contentUrl":"https:\/\/secure.gravatar.com\/avatar\/1a494ea6f8e2dd1ae526e55b0e9497efdba542491e0620d704cccf63c6f77c45?s=96&d=mm&r=g","caption":"adminuvb"},"sameAs":["https:\/\/uvbbrasil.com.br"],"url":"https:\/\/uvbbrasil.com.br\/author\/adminuvb\/"}]}},"_links":{"self":[{"href":"https:\/\/uvbbrasil.com.br\/uvb-json\/wp\/v2\/posts\/21368","targetHints":{"allow":["GET"]}}],"collection":[{"href":"https:\/\/uvbbrasil.com.br\/uvb-json\/wp\/v2\/posts"}],"about":[{"href":"https:\/\/uvbbrasil.com.br\/uvb-json\/wp\/v2\/types\/post"}],"author":[{"embeddable":true,"href":"https:\/\/uvbbrasil.com.br\/uvb-json\/wp\/v2\/users\/1"}],"replies":[{"embeddable":true,"href":"https:\/\/uvbbrasil.com.br\/uvb-json\/wp\/v2\/comments?post=21368"}],"version-history":[{"count":0,"href":"https:\/\/uvbbrasil.com.br\/uvb-json\/wp\/v2\/posts\/21368\/revisions"}],"wp:featuredmedia":[{"embeddable":true,"href":"https:\/\/uvbbrasil.com.br\/uvb-json\/wp\/v2\/media\/21379"}],"wp:attachment":[{"href":"https:\/\/uvbbrasil.com.br\/uvb-json\/wp\/v2\/media?parent=21368"}],"wp:term":[{"taxonomy":"category","embeddable":true,"href":"https:\/\/uvbbrasil.com.br\/uvb-json\/wp\/v2\/categories?post=21368"},{"taxonomy":"post_tag","embeddable":true,"href":"https:\/\/uvbbrasil.com.br\/uvb-json\/wp\/v2\/tags?post=21368"}],"curies":[{"name":"wp","href":"https:\/\/api.w.org\/{rel}","templated":true}]}}