{"id":21349,"date":"2021-02-18T17:12:21","date_gmt":"2021-02-18T20:12:21","guid":{"rendered":"https:\/\/wpsandbox4.pante.com.br\/?p=21349"},"modified":"2021-02-18T17:12:21","modified_gmt":"2021-02-18T20:12:21","slug":"senado-vota-pec-emergencial-na-proxima-semana-diz-rodrigo-pacheco","status":"publish","type":"post","link":"https:\/\/uvbbrasil.com.br\/senado-vota-pec-emergencial-na-proxima-semana-diz-rodrigo-pacheco\/","title":{"rendered":"Senado vota PEC Emergencial na pr\u00f3xima semana, diz Rodrigo Pacheco"},"content":{"rendered":"<p>O presidente do Senado, Rodrigo Pacheco, anunciou nesta quinta-feira (18) que o Plen\u00e1rio deve votar a PEC Emergencial (<a class=\"external-link\" title=\"\" href=\"https:\/\/www25.senado.leg.br\/web\/atividade\/materias\/-\/materia\/139702\" target=\"_self\">186\/2019<\/a>) na pr\u00f3xima semana. Relatado pelo senador Marcio Bittar (MDB-AC), o texto prev\u00ea medidas para o controle do crescimento de despesas obrigat\u00f3rias e para o reequil\u00edbrio fiscal. Segundo Pacheco, a medida deve auxiliar na renova\u00e7\u00e3o do aux\u00edlio emergencial pago a pessoas vulner\u00e1veis durante a pandemia de coronav\u00edrus.<\/p>\n<p>\u2014 Ficou ajustado que, dentre muitos [projetos] que vamos pautar na semana que vem, ser\u00e1 pautada a PEC Emergencial. O parecer ser\u00e1 apresentado pelo senador Marcio Bittar de hoje at\u00e9 segunda-feira (22). A aprova\u00e7\u00e3o pelo Senado permitir\u00e1, atrav\u00e9s de uma cl\u00e1usula de or\u00e7amento de guerra, uma cl\u00e1usula de calamidade, que se possa ter a brecha necess\u00e1ria para implantar o aux\u00edlio emergencial \u2014 disse Pacheco.<\/p>\n<p>Ele afirmou ainda que a aprova\u00e7\u00e3o da PEC Emergencial n\u00e3o \u00e9 uma \u201ccondi\u00e7\u00e3o para a implanta\u00e7\u00e3o do auxilio emergencial\u201d. Mas salientou que a vota\u00e7\u00e3o da mat\u00e9ria funciona \u201ccomo sinaliza\u00e7\u00e3o pol\u00edtica\u201d de que Senado e C\u00e2mara \u201ct\u00eam responsabilidade fiscal\u201d.<\/p>\n<p>O an\u00fancio foi feito ap\u00f3s um almo\u00e7o na resid\u00eancia oficial do presidente do Senado. Participaram do encontro o presidente da C\u00e2mara dos Deputados, Arthur Lira; e os ministros da Economia, Paulo Guedes, e da Secretaria de Governo, Luiz Eduardo Ramos; al\u00e9m da presidente da Comiss\u00e3o Mista de Or\u00e7amento (CMO), deputada Fl\u00e1via Arruda (PL-DF) e do senador Marcio Bittar, que tamb\u00e9m relata o Or\u00e7amento Geral da Uni\u00e3o para 2021 (<a class=\"external-link\" title=\"\" href=\"https:\/\/www.congressonacional.leg.br\/materias\/pesquisa\/-\/materia\/144429\" target=\"_self\">PLN 28\/2020<\/a>)<\/p>\n<p>O deputado Arthur Lira disse que o almo\u00e7o teve um car\u00e1ter \u201csimb\u00f3lico\u201d por demonstrar a prioridade que as duas Casas d\u00e3o ao enfrentamento da pandemia.<\/p>\n<p>\u2014 Vamos continuar a tratar dos assuntos que s\u00e3o importantes para o Brasil: as PECs que tramitam no Senado e na C\u00e2mara e o aux\u00edlio emergencial, al\u00e9m da vacina e da pandemia. Todos os outros assuntos s\u00e3o laterais. Nossa democracia \u00e9 forjada em firmeza de posi\u00e7\u00e3o das institui\u00e7\u00f5es e com isso damos demonstra\u00e7\u00e3o clara para toda a popula\u00e7\u00e3o de que enfrentamos os problemas \u2014 disse Lira.<\/p>\n<h3><strong>\u201cPEC recauchutada\u201d<\/strong><\/h3>\n<p>Mais cedo, durante uma entrevista coletiva virtual, o l\u00edder da Minoria no Senado, Jean Paul Prates (PT-RN), disse que o Poder Executivo deve sugerir mudan\u00e7as na PEC Emergencial e na PEC do Pacto Federativo (<a class=\"external-link\" title=\"\" href=\"https:\/\/www25.senado.leg.br\/web\/atividade\/materias\/-\/materia\/139704\" target=\"_self\">188\/2019<\/a>). De acordo com Prates, o novo texto deve evitar pontos considerados pol\u00eamicos, como a possibilidade de redu\u00e7\u00e3o de sal\u00e1rio para servidores p\u00fablicos.<\/p>\n<p>Segundo o parlamentar, a \u201cPEC recauchutada\u201d deve manter dispositivos para acionamento da regra de ouro, normas para sustentabilidade da d\u00edvida p\u00fablica e ressalvas que assegurem o equil\u00edbrio fiscal \u201cintergeracional\u201d. Ainda de acordo com Prates, a aprova\u00e7\u00e3o da mat\u00e9ria seria \u201ccondi\u00e7\u00e3o\u201d para a renova\u00e7\u00e3o do aux\u00edlio emergencial. Ele disse que a Minoria vai insistir na manuten\u00e7\u00e3o de um benef\u00edcio de R$ 600.<\/p>\n<p>O l\u00edder do Podemos, senador Alvaro Dias (PR), usou as redes sociais para defender a vota\u00e7\u00e3o de duas mat\u00e9rias na pr\u00f3xima semana. O projeto de lei do Senado (PLS) <a class=\"external-link\" title=\"\" href=\"https:\/\/www25.senado.leg.br\/web\/atividade\/materias\/-\/materia\/133468\" target=\"_self\">268\/2018<\/a> permite que empresas ou cons\u00f3rcios de empresas produtoras de etanol vendam direto para os consumidores, de forma a eliminar intermedi\u00e1rios e reduzir o custo do etanol na bomba.<\/p>\n<p>J\u00e1 o projeto de lei (PL) <a class=\"external-link\" title=\"\" href=\"https:\/\/www25.senado.leg.br\/web\/atividade\/materias\/-\/materia\/135127\" target=\"_self\">578\/2019<\/a> dispensa as empresas que contratarem benefici\u00e1rios do Programa Bolsa Fam\u00edlia do pagamento de contribui\u00e7\u00f5es previdenci\u00e1rias e sociais. Pelo texto, o pagamento do benef\u00edcio ficaria suspenso durante a rela\u00e7\u00e3o de trabalho.<a href=\"https:\/\/uvbbrasil.com.br\/?attachment_id=21350\" rel=\"attachment wp-att-21350\"><img fetchpriority=\"high\" decoding=\"async\" class=\"aligncenter size-full wp-image-21350\" src=\"https:\/\/uvbbrasil.com.br\/wp-content\/uploads\/2021\/02\/imagem_materia.jpg\" alt=\"\" width=\"860\" height=\"570\" srcset=\"https:\/\/uvbbrasil.com.br\/wp-content\/uploads\/2021\/02\/imagem_materia.jpg 860w, https:\/\/uvbbrasil.com.br\/wp-content\/uploads\/2021\/02\/imagem_materia-300x199.jpg 300w, https:\/\/uvbbrasil.com.br\/wp-content\/uploads\/2021\/02\/imagem_materia-768x509.jpg 768w\" sizes=\"(max-width: 860px) 100vw, 860px\" \/><\/a><\/p>\n<p><em>fonte:<\/em>\u00a0https:\/\/www12.senado.leg.br\/noticias\/materias<\/p>\n","protected":false},"excerpt":{"rendered":"<p>O presidente do Senado, Rodrigo Pacheco, anunciou nesta quinta-feira (18) que o Plen\u00e1rio deve votar a PEC Emergencial (186\/2019) na&#8230;<\/p>\n","protected":false},"author":1,"featured_media":21350,"comment_status":"open","ping_status":"open","sticky":false,"template":"","format":"standard","meta":{"footnotes":""},"categories":[3],"tags":[],"class_list":["post-21349","post","type-post","status-publish","format-standard","has-post-thumbnail","hentry","category-noticias"],"yoast_head":"<!-- This site is optimized with the Yoast SEO plugin v26.7 - https:\/\/yoast.com\/wordpress\/plugins\/seo\/ -->\n<title>Senado vota PEC Emergencial na pr\u00f3xima semana, diz Rodrigo Pacheco - UVB Brasil<\/title>\n<meta name=\"robots\" content=\"index, follow, max-snippet:-1, max-image-preview:large, max-video-preview:-1\" \/>\n<link rel=\"canonical\" href=\"https:\/\/uvbbrasil.com.br\/senado-vota-pec-emergencial-na-proxima-semana-diz-rodrigo-pacheco\/\" \/>\n<meta property=\"og:locale\" content=\"pt_BR\" \/>\n<meta property=\"og:type\" content=\"article\" \/>\n<meta property=\"og:title\" content=\"Senado vota PEC Emergencial na pr\u00f3xima semana, diz Rodrigo Pacheco - UVB Brasil\" \/>\n<meta property=\"og:description\" content=\"O presidente do Senado, Rodrigo Pacheco, anunciou nesta quinta-feira (18) que o Plen\u00e1rio deve votar a PEC Emergencial (186\/2019) na...\" \/>\n<meta property=\"og:url\" content=\"https:\/\/uvbbrasil.com.br\/senado-vota-pec-emergencial-na-proxima-semana-diz-rodrigo-pacheco\/\" \/>\n<meta property=\"og:site_name\" content=\"UVB Brasil\" \/>\n<meta property=\"article:publisher\" content=\"https:\/\/www.facebook.com\/uvb.vereadoresbrasil\" \/>\n<meta property=\"article:published_time\" content=\"2021-02-18T20:12:21+00:00\" \/>\n<meta property=\"og:image\" content=\"https:\/\/uvbbrasil.com.br\/wp-content\/uploads\/2021\/02\/imagem_materia.jpg\" \/>\n\t<meta property=\"og:image:width\" content=\"860\" \/>\n\t<meta property=\"og:image:height\" content=\"570\" \/>\n\t<meta property=\"og:image:type\" content=\"image\/jpeg\" \/>\n<meta name=\"author\" content=\"adminuvb\" \/>\n<meta name=\"twitter:card\" content=\"summary_large_image\" \/>\n<meta name=\"twitter:label1\" content=\"Escrito por\" \/>\n\t<meta name=\"twitter:data1\" content=\"adminuvb\" \/>\n\t<meta name=\"twitter:label2\" content=\"Est. tempo de leitura\" \/>\n\t<meta name=\"twitter:data2\" content=\"3 minutos\" \/>\n<script type=\"application\/ld+json\" class=\"yoast-schema-graph\">{\"@context\":\"https:\/\/schema.org\",\"@graph\":[{\"@type\":\"Article\",\"@id\":\"https:\/\/uvbbrasil.com.br\/senado-vota-pec-emergencial-na-proxima-semana-diz-rodrigo-pacheco\/#article\",\"isPartOf\":{\"@id\":\"https:\/\/uvbbrasil.com.br\/senado-vota-pec-emergencial-na-proxima-semana-diz-rodrigo-pacheco\/\"},\"author\":{\"name\":\"adminuvb\",\"@id\":\"https:\/\/uvbbrasil.com.br\/#\/schema\/person\/17990098446c098f52effddff4f1b272\"},\"headline\":\"Senado vota PEC Emergencial na pr\u00f3xima semana, diz Rodrigo Pacheco\",\"datePublished\":\"2021-02-18T20:12:21+00:00\",\"mainEntityOfPage\":{\"@id\":\"https:\/\/uvbbrasil.com.br\/senado-vota-pec-emergencial-na-proxima-semana-diz-rodrigo-pacheco\/\"},\"wordCount\":625,\"commentCount\":0,\"publisher\":{\"@id\":\"https:\/\/uvbbrasil.com.br\/#organization\"},\"image\":{\"@id\":\"https:\/\/uvbbrasil.com.br\/senado-vota-pec-emergencial-na-proxima-semana-diz-rodrigo-pacheco\/#primaryimage\"},\"thumbnailUrl\":\"https:\/\/uvbbrasil.com.br\/wp-content\/uploads\/2021\/02\/imagem_materia.jpg\",\"articleSection\":[\"NOT\u00cdCIAS\"],\"inLanguage\":\"pt-BR\",\"potentialAction\":[{\"@type\":\"CommentAction\",\"name\":\"Comment\",\"target\":[\"https:\/\/uvbbrasil.com.br\/senado-vota-pec-emergencial-na-proxima-semana-diz-rodrigo-pacheco\/#respond\"]}]},{\"@type\":\"WebPage\",\"@id\":\"https:\/\/uvbbrasil.com.br\/senado-vota-pec-emergencial-na-proxima-semana-diz-rodrigo-pacheco\/\",\"url\":\"https:\/\/uvbbrasil.com.br\/senado-vota-pec-emergencial-na-proxima-semana-diz-rodrigo-pacheco\/\",\"name\":\"Senado vota PEC Emergencial na pr\u00f3xima semana, diz Rodrigo Pacheco - UVB Brasil\",\"isPartOf\":{\"@id\":\"https:\/\/uvbbrasil.com.br\/#website\"},\"primaryImageOfPage\":{\"@id\":\"https:\/\/uvbbrasil.com.br\/senado-vota-pec-emergencial-na-proxima-semana-diz-rodrigo-pacheco\/#primaryimage\"},\"image\":{\"@id\":\"https:\/\/uvbbrasil.com.br\/senado-vota-pec-emergencial-na-proxima-semana-diz-rodrigo-pacheco\/#primaryimage\"},\"thumbnailUrl\":\"https:\/\/uvbbrasil.com.br\/wp-content\/uploads\/2021\/02\/imagem_materia.jpg\",\"datePublished\":\"2021-02-18T20:12:21+00:00\",\"breadcrumb\":{\"@id\":\"https:\/\/uvbbrasil.com.br\/senado-vota-pec-emergencial-na-proxima-semana-diz-rodrigo-pacheco\/#breadcrumb\"},\"inLanguage\":\"pt-BR\",\"potentialAction\":[{\"@type\":\"ReadAction\",\"target\":[\"https:\/\/uvbbrasil.com.br\/senado-vota-pec-emergencial-na-proxima-semana-diz-rodrigo-pacheco\/\"]}]},{\"@type\":\"ImageObject\",\"inLanguage\":\"pt-BR\",\"@id\":\"https:\/\/uvbbrasil.com.br\/senado-vota-pec-emergencial-na-proxima-semana-diz-rodrigo-pacheco\/#primaryimage\",\"url\":\"https:\/\/uvbbrasil.com.br\/wp-content\/uploads\/2021\/02\/imagem_materia.jpg\",\"contentUrl\":\"https:\/\/uvbbrasil.com.br\/wp-content\/uploads\/2021\/02\/imagem_materia.jpg\",\"width\":860,\"height\":570},{\"@type\":\"BreadcrumbList\",\"@id\":\"https:\/\/uvbbrasil.com.br\/senado-vota-pec-emergencial-na-proxima-semana-diz-rodrigo-pacheco\/#breadcrumb\",\"itemListElement\":[{\"@type\":\"ListItem\",\"position\":1,\"name\":\"In\u00edcio\",\"item\":\"https:\/\/uvbbrasil.com.br\/\"},{\"@type\":\"ListItem\",\"position\":2,\"name\":\"Senado vota PEC Emergencial na pr\u00f3xima semana, diz Rodrigo Pacheco\"}]},{\"@type\":\"WebSite\",\"@id\":\"https:\/\/uvbbrasil.com.br\/#website\",\"url\":\"https:\/\/uvbbrasil.com.br\/\",\"name\":\"UVB Brasil\",\"description\":\"Uni\u00e3o dos Vereadores do Brasil\",\"publisher\":{\"@id\":\"https:\/\/uvbbrasil.com.br\/#organization\"},\"potentialAction\":[{\"@type\":\"SearchAction\",\"target\":{\"@type\":\"EntryPoint\",\"urlTemplate\":\"https:\/\/uvbbrasil.com.br\/?s={search_term_string}\"},\"query-input\":{\"@type\":\"PropertyValueSpecification\",\"valueRequired\":true,\"valueName\":\"search_term_string\"}}],\"inLanguage\":\"pt-BR\"},{\"@type\":\"Organization\",\"@id\":\"https:\/\/uvbbrasil.com.br\/#organization\",\"name\":\"UVB Brasil\",\"url\":\"https:\/\/uvbbrasil.com.br\/\",\"logo\":{\"@type\":\"ImageObject\",\"inLanguage\":\"pt-BR\",\"@id\":\"https:\/\/uvbbrasil.com.br\/#\/schema\/logo\/image\/\",\"url\":\"https:\/\/uvbbrasil.com.br\/wp-content\/uploads\/2025\/01\/LOGO-UVB-2024-azul-1.jpg\",\"contentUrl\":\"https:\/\/uvbbrasil.com.br\/wp-content\/uploads\/2025\/01\/LOGO-UVB-2024-azul-1.jpg\",\"width\":600,\"height\":211,\"caption\":\"UVB Brasil\"},\"image\":{\"@id\":\"https:\/\/uvbbrasil.com.br\/#\/schema\/logo\/image\/\"},\"sameAs\":[\"https:\/\/www.facebook.com\/uvb.vereadoresbrasil\",\"https:\/\/www.instagram.com\/uvbbrasil\/\",\"https:\/\/www.youtube.com\/channel\/UCIlPQ8Xzw5GHNzosQIg9S5A\"]},{\"@type\":\"Person\",\"@id\":\"https:\/\/uvbbrasil.com.br\/#\/schema\/person\/17990098446c098f52effddff4f1b272\",\"name\":\"adminuvb\",\"image\":{\"@type\":\"ImageObject\",\"inLanguage\":\"pt-BR\",\"@id\":\"https:\/\/uvbbrasil.com.br\/#\/schema\/person\/image\/\",\"url\":\"https:\/\/secure.gravatar.com\/avatar\/1a494ea6f8e2dd1ae526e55b0e9497efdba542491e0620d704cccf63c6f77c45?s=96&d=mm&r=g\",\"contentUrl\":\"https:\/\/secure.gravatar.com\/avatar\/1a494ea6f8e2dd1ae526e55b0e9497efdba542491e0620d704cccf63c6f77c45?s=96&d=mm&r=g\",\"caption\":\"adminuvb\"},\"sameAs\":[\"https:\/\/uvbbrasil.com.br\"],\"url\":\"https:\/\/uvbbrasil.com.br\/author\/adminuvb\/\"}]}<\/script>\n<!-- \/ Yoast SEO plugin. -->","yoast_head_json":{"title":"Senado vota PEC Emergencial na pr\u00f3xima semana, diz Rodrigo Pacheco - UVB Brasil","robots":{"index":"index","follow":"follow","max-snippet":"max-snippet:-1","max-image-preview":"max-image-preview:large","max-video-preview":"max-video-preview:-1"},"canonical":"https:\/\/uvbbrasil.com.br\/senado-vota-pec-emergencial-na-proxima-semana-diz-rodrigo-pacheco\/","og_locale":"pt_BR","og_type":"article","og_title":"Senado vota PEC Emergencial na pr\u00f3xima semana, diz Rodrigo Pacheco - UVB Brasil","og_description":"O presidente do Senado, Rodrigo Pacheco, anunciou nesta quinta-feira (18) que o Plen\u00e1rio deve votar a PEC Emergencial (186\/2019) na...","og_url":"https:\/\/uvbbrasil.com.br\/senado-vota-pec-emergencial-na-proxima-semana-diz-rodrigo-pacheco\/","og_site_name":"UVB Brasil","article_publisher":"https:\/\/www.facebook.com\/uvb.vereadoresbrasil","article_published_time":"2021-02-18T20:12:21+00:00","og_image":[{"width":860,"height":570,"url":"https:\/\/uvbbrasil.com.br\/wp-content\/uploads\/2021\/02\/imagem_materia.jpg","type":"image\/jpeg"}],"author":"adminuvb","twitter_card":"summary_large_image","twitter_misc":{"Escrito por":"adminuvb","Est. tempo de leitura":"3 minutos"},"schema":{"@context":"https:\/\/schema.org","@graph":[{"@type":"Article","@id":"https:\/\/uvbbrasil.com.br\/senado-vota-pec-emergencial-na-proxima-semana-diz-rodrigo-pacheco\/#article","isPartOf":{"@id":"https:\/\/uvbbrasil.com.br\/senado-vota-pec-emergencial-na-proxima-semana-diz-rodrigo-pacheco\/"},"author":{"name":"adminuvb","@id":"https:\/\/uvbbrasil.com.br\/#\/schema\/person\/17990098446c098f52effddff4f1b272"},"headline":"Senado vota PEC Emergencial na pr\u00f3xima semana, diz Rodrigo Pacheco","datePublished":"2021-02-18T20:12:21+00:00","mainEntityOfPage":{"@id":"https:\/\/uvbbrasil.com.br\/senado-vota-pec-emergencial-na-proxima-semana-diz-rodrigo-pacheco\/"},"wordCount":625,"commentCount":0,"publisher":{"@id":"https:\/\/uvbbrasil.com.br\/#organization"},"image":{"@id":"https:\/\/uvbbrasil.com.br\/senado-vota-pec-emergencial-na-proxima-semana-diz-rodrigo-pacheco\/#primaryimage"},"thumbnailUrl":"https:\/\/uvbbrasil.com.br\/wp-content\/uploads\/2021\/02\/imagem_materia.jpg","articleSection":["NOT\u00cdCIAS"],"inLanguage":"pt-BR","potentialAction":[{"@type":"CommentAction","name":"Comment","target":["https:\/\/uvbbrasil.com.br\/senado-vota-pec-emergencial-na-proxima-semana-diz-rodrigo-pacheco\/#respond"]}]},{"@type":"WebPage","@id":"https:\/\/uvbbrasil.com.br\/senado-vota-pec-emergencial-na-proxima-semana-diz-rodrigo-pacheco\/","url":"https:\/\/uvbbrasil.com.br\/senado-vota-pec-emergencial-na-proxima-semana-diz-rodrigo-pacheco\/","name":"Senado vota PEC Emergencial na pr\u00f3xima semana, diz Rodrigo Pacheco - UVB Brasil","isPartOf":{"@id":"https:\/\/uvbbrasil.com.br\/#website"},"primaryImageOfPage":{"@id":"https:\/\/uvbbrasil.com.br\/senado-vota-pec-emergencial-na-proxima-semana-diz-rodrigo-pacheco\/#primaryimage"},"image":{"@id":"https:\/\/uvbbrasil.com.br\/senado-vota-pec-emergencial-na-proxima-semana-diz-rodrigo-pacheco\/#primaryimage"},"thumbnailUrl":"https:\/\/uvbbrasil.com.br\/wp-content\/uploads\/2021\/02\/imagem_materia.jpg","datePublished":"2021-02-18T20:12:21+00:00","breadcrumb":{"@id":"https:\/\/uvbbrasil.com.br\/senado-vota-pec-emergencial-na-proxima-semana-diz-rodrigo-pacheco\/#breadcrumb"},"inLanguage":"pt-BR","potentialAction":[{"@type":"ReadAction","target":["https:\/\/uvbbrasil.com.br\/senado-vota-pec-emergencial-na-proxima-semana-diz-rodrigo-pacheco\/"]}]},{"@type":"ImageObject","inLanguage":"pt-BR","@id":"https:\/\/uvbbrasil.com.br\/senado-vota-pec-emergencial-na-proxima-semana-diz-rodrigo-pacheco\/#primaryimage","url":"https:\/\/uvbbrasil.com.br\/wp-content\/uploads\/2021\/02\/imagem_materia.jpg","contentUrl":"https:\/\/uvbbrasil.com.br\/wp-content\/uploads\/2021\/02\/imagem_materia.jpg","width":860,"height":570},{"@type":"BreadcrumbList","@id":"https:\/\/uvbbrasil.com.br\/senado-vota-pec-emergencial-na-proxima-semana-diz-rodrigo-pacheco\/#breadcrumb","itemListElement":[{"@type":"ListItem","position":1,"name":"In\u00edcio","item":"https:\/\/uvbbrasil.com.br\/"},{"@type":"ListItem","position":2,"name":"Senado vota PEC Emergencial na pr\u00f3xima semana, diz Rodrigo Pacheco"}]},{"@type":"WebSite","@id":"https:\/\/uvbbrasil.com.br\/#website","url":"https:\/\/uvbbrasil.com.br\/","name":"UVB Brasil","description":"Uni\u00e3o dos Vereadores do Brasil","publisher":{"@id":"https:\/\/uvbbrasil.com.br\/#organization"},"potentialAction":[{"@type":"SearchAction","target":{"@type":"EntryPoint","urlTemplate":"https:\/\/uvbbrasil.com.br\/?s={search_term_string}"},"query-input":{"@type":"PropertyValueSpecification","valueRequired":true,"valueName":"search_term_string"}}],"inLanguage":"pt-BR"},{"@type":"Organization","@id":"https:\/\/uvbbrasil.com.br\/#organization","name":"UVB Brasil","url":"https:\/\/uvbbrasil.com.br\/","logo":{"@type":"ImageObject","inLanguage":"pt-BR","@id":"https:\/\/uvbbrasil.com.br\/#\/schema\/logo\/image\/","url":"https:\/\/uvbbrasil.com.br\/wp-content\/uploads\/2025\/01\/LOGO-UVB-2024-azul-1.jpg","contentUrl":"https:\/\/uvbbrasil.com.br\/wp-content\/uploads\/2025\/01\/LOGO-UVB-2024-azul-1.jpg","width":600,"height":211,"caption":"UVB Brasil"},"image":{"@id":"https:\/\/uvbbrasil.com.br\/#\/schema\/logo\/image\/"},"sameAs":["https:\/\/www.facebook.com\/uvb.vereadoresbrasil","https:\/\/www.instagram.com\/uvbbrasil\/","https:\/\/www.youtube.com\/channel\/UCIlPQ8Xzw5GHNzosQIg9S5A"]},{"@type":"Person","@id":"https:\/\/uvbbrasil.com.br\/#\/schema\/person\/17990098446c098f52effddff4f1b272","name":"adminuvb","image":{"@type":"ImageObject","inLanguage":"pt-BR","@id":"https:\/\/uvbbrasil.com.br\/#\/schema\/person\/image\/","url":"https:\/\/secure.gravatar.com\/avatar\/1a494ea6f8e2dd1ae526e55b0e9497efdba542491e0620d704cccf63c6f77c45?s=96&d=mm&r=g","contentUrl":"https:\/\/secure.gravatar.com\/avatar\/1a494ea6f8e2dd1ae526e55b0e9497efdba542491e0620d704cccf63c6f77c45?s=96&d=mm&r=g","caption":"adminuvb"},"sameAs":["https:\/\/uvbbrasil.com.br"],"url":"https:\/\/uvbbrasil.com.br\/author\/adminuvb\/"}]}},"_links":{"self":[{"href":"https:\/\/uvbbrasil.com.br\/uvb-json\/wp\/v2\/posts\/21349","targetHints":{"allow":["GET"]}}],"collection":[{"href":"https:\/\/uvbbrasil.com.br\/uvb-json\/wp\/v2\/posts"}],"about":[{"href":"https:\/\/uvbbrasil.com.br\/uvb-json\/wp\/v2\/types\/post"}],"author":[{"embeddable":true,"href":"https:\/\/uvbbrasil.com.br\/uvb-json\/wp\/v2\/users\/1"}],"replies":[{"embeddable":true,"href":"https:\/\/uvbbrasil.com.br\/uvb-json\/wp\/v2\/comments?post=21349"}],"version-history":[{"count":0,"href":"https:\/\/uvbbrasil.com.br\/uvb-json\/wp\/v2\/posts\/21349\/revisions"}],"wp:featuredmedia":[{"embeddable":true,"href":"https:\/\/uvbbrasil.com.br\/uvb-json\/wp\/v2\/media\/21350"}],"wp:attachment":[{"href":"https:\/\/uvbbrasil.com.br\/uvb-json\/wp\/v2\/media?parent=21349"}],"wp:term":[{"taxonomy":"category","embeddable":true,"href":"https:\/\/uvbbrasil.com.br\/uvb-json\/wp\/v2\/categories?post=21349"},{"taxonomy":"post_tag","embeddable":true,"href":"https:\/\/uvbbrasil.com.br\/uvb-json\/wp\/v2\/tags?post=21349"}],"curies":[{"name":"wp","href":"https:\/\/api.w.org\/{rel}","templated":true}]}}